{"id":4868,"date":"2026-09-02T14:07:33","date_gmt":"2026-09-02T11:07:33","guid":{"rendered":"https:\/\/simurgedebiyat.com\/?p=4868"},"modified":"2026-09-02T14:07:33","modified_gmt":"2026-09-02T11:07:33","slug":"kor-kuyuda-goden-oldurmek","status":"publish","type":"post","link":"https:\/\/simurgedebiyat.com\/index.php\/2026\/09\/02\/kor-kuyuda-goden-oldurmek\/","title":{"rendered":"K\u00f6r Kuyuda G\u00f6den \u00d6ld\u00fcrmek"},"content":{"rendered":"<p>\u00c7ocuklu\u011funuzda siz hi\u00e7 yapt\u0131n\u0131z m\u0131? Biz az yapmad\u0131k. Az g\u00fcnah i\u015flemedik. Belki \u00e7ocuk oldu\u011fumuz i\u00e7in Allah bizi affeder ama ya b\u00fcy\u00fckler\u2026<br \/>\nDedemlerin evinin arka taraf\u0131nda derin bir kuyu vard\u0131. Karanl\u0131k ve \u00fcrk\u00fct\u00fcc\u00fc. Belki de o kadar derin de\u011fildi de biz k\u00fc\u00e7\u00fck oldu\u011fumuz i\u00e7in bize \u00f6yle g\u00f6r\u00fcn\u00fcyordu. Kuyu, k\u0131\u015f\u0131n patates saklamak i\u00e7in kaz\u0131lm\u0131\u015ft\u0131. Tarladan s\u00f6k\u00fclen patatesler kuyuya at\u0131l\u0131r, ihtiya\u00e7 olduk\u00e7a oradan azar azar al\u0131n\u0131rd\u0131.<\/p>\n<p><img decoding=\"async\" src=\"https:\/\/encrypted-tbn0.gstatic.com\/images?q=tbn:ANd9GcRikLdpj1UDvQyWRXcj_hXIS55fMYCX5vryB6mqmhr9-P9pmR4JwsmjZyJW&amp;s=10\" alt=\"Kurba\u011fa \ud83d\udc38 g\u00f6den\"><br \/>\nBiz \u00e7ocuklar kuyudaki patateslerin bitmesini d\u00f6rt g\u00f6zle beklerdik. \u00c7\u00fcnk\u00fc bizim i\u00e7in e\u011flence i\u015fte o zaman ba\u015flard\u0131.<br \/>\nPatatesler bitti\u011finde kuyunun i\u00e7ine yava\u015f yava\u015f kurba\u011falar dolard\u0131. Oraya nereden gelirler bilmezdik. Ne kadar \u00e7ok kurba\u011fa varsa \u015fenlik o kadar g\u00fczel ge\u00e7erdi.<br \/>\nG\u00f6denler kuyunun dibinde sa\u011fa sola z\u0131plard\u0131. Baz\u0131lar\u0131, \u00f6zellikler iri olanlar, z\u0131playamaz bir k\u00f6\u015feden endi\u015feli g\u00f6zlerle bize bakard\u0131. Belki de bilge haliyle birazdan ba\u015f\u0131na gelecekleri tahmin ederlerdi ama ellerinden bir \u015fey gelmezdi. Biz yaramaz \u00e7ocuklar o arada eteklerimize ta\u015flar\u0131 toplam\u0131\u015f olarak gelirdik. Art\u0131k g\u00f6den \u00f6ld\u00fcrme zaman\u0131 gelmi\u015fti. Ta\u015f\u0131 eline alan her \u00e7ocuk sinsi g\u00fcl\u00fc\u015flerle bir g\u00f6dene ni\u015fan al\u0131rd\u0131. Yava\u015f yava\u015f g\u00f6denleri avlard\u0131k. Kafalar\u0131na ta\u015f ya\u011fmuru ba\u015flard\u0131. O an onlar\u0131 neden \u00f6ld\u00fcrd\u00fc\u011f\u00fcm\u00fcz\u00fc hi\u00e7 d\u00fc\u015f\u00fcnmezdik bile. Bize bir zararlar\u0131 da dokunmam\u0131\u015ft\u0131 ki\u2026 Sadece onlar\u0131 \u00f6ld\u00fcrmekten zevk al\u0131yorduk.<br \/>\nZavall\u0131lar! Yapabilecekleri hi\u00e7bir \u015fey yoktu. Hangi tarafa ka\u00e7salar \u00f6nlerinde topraktan sert duvarlar vard\u0131. Duvarlara t\u0131rmanmak imk\u00e2ns\u0131zd\u0131. Ki t\u0131rmansalar bile kendi ayaklar\u0131yla \u00f6n\u00fcm\u00fcze d\u00fc\u015ferler, bu da daha kolay avlanacaklar\u0131 anlam\u0131na gelirdi. Kaderine raz\u0131 olmak galiba b\u00f6yle bir \u015feydi.<\/p>\n<p><img decoding=\"async\" src=\"https:\/\/encrypted-tbn0.gstatic.com\/images?q=tbn:ANd9GcQ9luZNYm94Eqd2ETjvQPXUc-N2wKZ4CUN5L2naq98RkLWtR8lP7ooIt5RG&amp;s=10\" alt=\"Evrim - G\u00fcn\u00fcm\u00fczde ya\u015fayan en b\u00fcy\u00fck kurba\u011fa: Goliath Kurba\u011fas\u0131. Goliath  kurba\u011falar\u0131n\u0131n boylar\u0131 32 santimetreye, a\u011f\u0131rl\u0131klar\u0131 3-4 kilograma kadar  ula\u015fabilir. Bu t\u00fcr, Kamerun ve Gine'de \u00e7ok geni\u015f olmayan bir alanda ya\u015far.  Fakat, ya\u015fam\"><br \/>\nBiz ac\u0131ma duygusunun, merhametin ne oldu\u011funu zaten bilmiyorduk. G\u00f6denler can ac\u0131s\u0131yla ne kadar \u00e7\u0131\u011fl\u0131k atarsa biz de o kadar kahkaha atard\u0131k. Galiba i\u015fin en tuhaf taraf\u0131 b\u00fcy\u00fcklerimizin bu konuda bize hi\u00e7bir \u015fey dememesiydi.<br \/>\nNe yaz\u0131k ki \u00e7ocukken bizim yapt\u0131\u011f\u0131m\u0131z yaramazl\u0131\u011f\u0131 \u015fimdi b\u00fcy\u00fckler(!) yap\u0131yor. Ne kadar \u00e7ocuk \u00f6l\u00fcrse o kadar zevk al\u0131yorlar sanki. \u00d6te yandan kuyunun \u00e7evresinde insan ge\u00e7inen, insanl\u0131ktan nasibini almam\u0131\u015f nice mahl\u00fbkat sessizce bu manzaray\u0131 seyrediyor. Ses \u00e7\u0131karsalar o ta\u015flardan birinin kendi kafalar\u0131na gelece\u011finden korkuyorlar muhakkak.<br \/>\nAyr\u0131ca her g\u00f6den \u00f6ld\u00fcrd\u00fckten sonra parmaklar\u0131m\u0131zda sivilceler \u00e7\u0131kard\u0131 ya da biz \u00f6yle inan\u0131rd\u0131k. \u00c7\u00fcnk\u00fc ellerimizde sivilceler \u00e7\u0131kt\u0131\u011f\u0131nda ta\u015flar\u0131 rahat atam\u0131yorduk. Belki \u00e7a\u011fd\u0131\u015f\u0131 g\u00f6den avc\u0131lar\u0131n\u0131n ellerinde sivilcelerin \u00e7\u0131kmas\u0131 \u00e7ok yak\u0131nd\u0131r. Sivilceler \u00e7\u0131kt\u0131\u011f\u0131nda onlar da teti\u011fe dokunamayacaklar\u2026<\/p>\n","protected":false},"excerpt":{"rendered":"<p>\u00c7ocuklu\u011funuzda siz hi\u00e7 yapt\u0131n\u0131z m\u0131? Biz az yapmad\u0131k. Az g\u00fcnah i\u015flemedik. Belki \u00e7ocuk oldu\u011fumuz i\u00e7in&#8230;<\/p>\n","protected":false},"author":62,"featured_media":4869,"comment_status":"open","ping_status":"open","sticky":false,"template":"","format":"standard","meta":{"_bbp_topic_count":0,"_bbp_reply_count":0,"_bbp_total_topic_count":0,"_bbp_total_reply_count":0,"_bbp_voice_count":0,"_bbp_anonymous_reply_count":0,"_bbp_topic_count_hidden":0,"_bbp_reply_count_hidden":0,"_bbp_forum_subforum_count":0,"om_disable_all_campaigns":false,"_uag_custom_page_level_css":"","ngg_post_thumbnail":0,"footnotes":""},"categories":[16],"tags":[],"ppma_author":[525],"class_list":["post-4868","post","type-post","status-publish","format-standard","has-post-thumbnail","hentry","category-hikaye"],"yoast_head":"<!-- This site is optimized with the Yoast SEO plugin v24.9 - https:\/\/yoast.com\/wordpress\/plugins\/seo\/ -->\n<title>K\u00f6r Kuyuda G\u00f6den \u00d6ld\u00fcrmek - simurgedebiyat.com<\/title>\n<meta name=\"robots\" content=\"index, follow, max-snippet:-1, max-image-preview:large, max-video-preview:-1\" \/>\n<link rel=\"canonical\" href=\"https:\/\/simurgedebiyat.com\/index.php\/2026\/09\/02\/kor-kuyuda-goden-oldurmek\/\" \/>\n<meta property=\"og:locale\" content=\"tr_TR\" \/>\n<meta property=\"og:type\" content=\"article\" \/>\n<meta property=\"og:title\" content=\"K\u00f6r Kuyuda G\u00f6den \u00d6ld\u00fcrmek - simurgedebiyat.com\" \/>\n<meta property=\"og:description\" content=\"\u00c7ocuklu\u011funuzda siz hi\u00e7 yapt\u0131n\u0131z m\u0131? Biz az yapmad\u0131k. Az g\u00fcnah i\u015flemedik. Belki \u00e7ocuk oldu\u011fumuz i\u00e7in...\" \/>\n<meta property=\"og:url\" content=\"https:\/\/simurgedebiyat.com\/index.php\/2026\/09\/02\/kor-kuyuda-goden-oldurmek\/\" \/>\n<meta property=\"og:site_name\" content=\"simurgedebiyat.com\" \/>\n<meta property=\"article:published_time\" content=\"2026-09-02T11:07:33+00:00\" \/>\n<meta property=\"og:image\" content=\"https:\/\/simurgedebiyat.com\/wp-content\/uploads\/2026\/09\/Goden.jpg\" \/>\n\t<meta property=\"og:image:width\" content=\"384\" \/>\n\t<meta property=\"og:image:height\" content=\"480\" \/>\n\t<meta property=\"og:image:type\" content=\"image\/jpeg\" \/>\n<meta name=\"author\" content=\"Y\u0131lmaz \u0130MANLIK\" \/>\n<meta name=\"twitter:card\" content=\"summary_large_image\" \/>\n<meta name=\"twitter:label1\" content=\"Yazan:\" \/>\n\t<meta name=\"twitter:data1\" content=\"Y\u0131lmaz \u0130MANLIK\" \/>\n\t<meta name=\"twitter:label2\" content=\"Tahmini okuma s\u00fcresi\" \/>\n\t<meta name=\"twitter:data2\" content=\"3 dakika\" \/>\n<script type=\"application\/ld+json\" class=\"yoast-schema-graph\">{\"@context\":\"https:\/\/schema.org\",\"@graph\":[{\"@type\":\"Article\",\"@id\":\"https:\/\/simurgedebiyat.com\/index.php\/2026\/09\/02\/kor-kuyuda-goden-oldurmek\/#article\",\"isPartOf\":{\"@id\":\"https:\/\/simurgedebiyat.com\/index.php\/2026\/09\/02\/kor-kuyuda-goden-oldurmek\/\"},\"author\":{\"name\":\"Y\u0131lmaz \u0130MANLIK\",\"@id\":\"https:\/\/simurgedebiyat.com\/#\/schema\/person\/b402d12cf2149ac0ed00e9b8ce118041\"},\"headline\":\"K\u00f6r Kuyuda G\u00f6den \u00d6ld\u00fcrmek\",\"datePublished\":\"2026-09-02T11:07:33+00:00\",\"mainEntityOfPage\":{\"@id\":\"https:\/\/simurgedebiyat.com\/index.php\/2026\/09\/02\/kor-kuyuda-goden-oldurmek\/\"},\"wordCount\":474,\"commentCount\":0,\"publisher\":{\"@id\":\"https:\/\/simurgedebiyat.com\/#organization\"},\"image\":{\"@id\":\"https:\/\/simurgedebiyat.com\/index.php\/2026\/09\/02\/kor-kuyuda-goden-oldurmek\/#primaryimage\"},\"thumbnailUrl\":\"https:\/\/simurgedebiyat.com\/wp-content\/uploads\/2026\/09\/Goden.jpg\",\"articleSection\":[\"Hikaye\/\u00d6yk\u00fc\"],\"inLanguage\":\"tr\",\"potentialAction\":[{\"@type\":\"CommentAction\",\"name\":\"Comment\",\"target\":[\"https:\/\/simurgedebiyat.com\/index.php\/2026\/09\/02\/kor-kuyuda-goden-oldurmek\/#respond\"]}]},{\"@type\":\"WebPage\",\"@id\":\"https:\/\/simurgedebiyat.com\/index.php\/2026\/09\/02\/kor-kuyuda-goden-oldurmek\/\",\"url\":\"https:\/\/simurgedebiyat.com\/index.php\/2026\/09\/02\/kor-kuyuda-goden-oldurmek\/\",\"name\":\"K\u00f6r Kuyuda G\u00f6den \u00d6ld\u00fcrmek - simurgedebiyat.com\",\"isPartOf\":{\"@id\":\"https:\/\/simurgedebiyat.com\/#website\"},\"primaryImageOfPage\":{\"@id\":\"https:\/\/simurgedebiyat.com\/index.php\/2026\/09\/02\/kor-kuyuda-goden-oldurmek\/#primaryimage\"},\"image\":{\"@id\":\"https:\/\/simurgedebiyat.com\/index.php\/2026\/09\/02\/kor-kuyuda-goden-oldurmek\/#primaryimage\"},\"thumbnailUrl\":\"https:\/\/simurgedebiyat.com\/wp-content\/uploads\/2026\/09\/Goden.jpg\",\"datePublished\":\"2026-09-02T11:07:33+00:00\",\"breadcrumb\":{\"@id\":\"https:\/\/simurgedebiyat.com\/index.php\/2026\/09\/02\/kor-kuyuda-goden-oldurmek\/#breadcrumb\"},\"inLanguage\":\"tr\",\"potentialAction\":[{\"@type\":\"ReadAction\",\"target\":[\"https:\/\/simurgedebiyat.com\/index.php\/2026\/09\/02\/kor-kuyuda-goden-oldurmek\/\"]}]},{\"@type\":\"ImageObject\",\"inLanguage\":\"tr\",\"@id\":\"https:\/\/simurgedebiyat.com\/index.php\/2026\/09\/02\/kor-kuyuda-goden-oldurmek\/#primaryimage\",\"url\":\"https:\/\/simurgedebiyat.com\/wp-content\/uploads\/2026\/09\/Goden.jpg\",\"contentUrl\":\"https:\/\/simurgedebiyat.com\/wp-content\/uploads\/2026\/09\/Goden.jpg\",\"width\":384,\"height\":480},{\"@type\":\"BreadcrumbList\",\"@id\":\"https:\/\/simurgedebiyat.com\/index.php\/2026\/09\/02\/kor-kuyuda-goden-oldurmek\/#breadcrumb\",\"itemListElement\":[{\"@type\":\"ListItem\",\"position\":1,\"name\":\"Anasayfa\",\"item\":\"https:\/\/simurgedebiyat.com\/\"},{\"@type\":\"ListItem\",\"position\":2,\"name\":\"K\u00f6r Kuyuda G\u00f6den \u00d6ld\u00fcrmek\"}]},{\"@type\":\"WebSite\",\"@id\":\"https:\/\/simurgedebiyat.com\/#website\",\"url\":\"https:\/\/simurgedebiyat.com\/\",\"name\":\"simurgedebiyat.com\",\"description\":\"edebiyat&amp;K\u00fclt\u00fcr&amp;Sanat&amp;D\u00fc\u015f\u00fcnce \",\"publisher\":{\"@id\":\"https:\/\/simurgedebiyat.com\/#organization\"},\"potentialAction\":[{\"@type\":\"SearchAction\",\"target\":{\"@type\":\"EntryPoint\",\"urlTemplate\":\"https:\/\/simurgedebiyat.com\/?s={search_term_string}\"},\"query-input\":{\"@type\":\"PropertyValueSpecification\",\"valueRequired\":true,\"valueName\":\"search_term_string\"}}],\"inLanguage\":\"tr\"},{\"@type\":\"Organization\",\"@id\":\"https:\/\/simurgedebiyat.com\/#organization\",\"name\":\"simurgedebiyat.com\",\"url\":\"https:\/\/simurgedebiyat.com\/\",\"logo\":{\"@type\":\"ImageObject\",\"inLanguage\":\"tr\",\"@id\":\"https:\/\/simurgedebiyat.com\/#\/schema\/logo\/image\/\",\"url\":\"https:\/\/simurgedebiyat.com\/wp-content\/uploads\/2025\/11\/cropped-HHHHH-1.jpeg\",\"contentUrl\":\"https:\/\/simurgedebiyat.com\/wp-content\/uploads\/2025\/11\/cropped-HHHHH-1.jpeg\",\"width\":245,\"height\":205,\"caption\":\"simurgedebiyat.com\"},\"image\":{\"@id\":\"https:\/\/simurgedebiyat.com\/#\/schema\/logo\/image\/\"}},{\"@type\":\"Person\",\"@id\":\"https:\/\/simurgedebiyat.com\/#\/schema\/person\/b402d12cf2149ac0ed00e9b8ce118041\",\"name\":\"Y\u0131lmaz \u0130MANLIK\",\"image\":{\"@type\":\"ImageObject\",\"inLanguage\":\"tr\",\"@id\":\"https:\/\/simurgedebiyat.com\/#\/schema\/person\/image\/0c0b4e14c7d9c2d600a8f3521056f3dd\",\"url\":\"https:\/\/simurgedebiyat.com\/wp-content\/uploads\/2026\/09\/Yilmaz-Imanlik.jpg\",\"contentUrl\":\"https:\/\/simurgedebiyat.com\/wp-content\/uploads\/2026\/09\/Yilmaz-Imanlik.jpg\",\"caption\":\"Y\u0131lmaz \u0130MANLIK\"},\"description\":\"1973 y\u0131l\u0131nda Ordu\u2019nun Kumru il\u00e7esinde do\u011far. \u0130lkokulu A\u015fa\u011f\u0131 Dam-lal\u0131 \u0130lkokulu\u2019nda bitiren Y\u0131lmaz \u0130manl\u0131k, ortaokul ve liseyi Terme \u0130mam-Hatip Lisesi\u2019nde tamamlar. 1998 y\u0131l\u0131nda Ondokuz May\u0131s \u00dcni-versitesi E\u011fitim Fak\u00fcltesi T\u00fcrk Dili ve Edebiyat\u0131 \u00d6\u011fretmenli\u011fi B\u00f6l\u00fc-m\u00fcnden mezun olur. Daha sonra s\u0131ras\u0131yla; Sal\u0131pazar\u0131 ve Terme\u2019de bir\u00e7ok okulda \u00e7al\u0131\u015ft\u0131ktan sonra \u015fu anda Terme Karadeniz Ticaret Mesleki ve Teknik Anadolu lisesinde T\u00fcrk Dili ve Edebiyat\u0131 \u00f6\u011fretmeni olarak g\u00f6revine devam eder. Y\u0131lmaz \u0130manl\u0131k\u2019\u0131n bir\u00e7ok dergi ve gazetede yaz\u0131lar\u0131 yay\u0131nlan\u0131r. Dergi ve kitap edit\u00f6rl\u00fc\u011f\u00fc yapar. Evli ve iki k\u0131z babas\u0131d\u0131r. Yay\u0131mlanm\u0131\u015f eserleri: \u201cBir G\u00fcl Diktim Y\u00fcre\u011fime Senden\u201d(\u015eiir) \u201c\u0130kindi \u015eark\u0131lar\u0131n\u0131 Sana B\u0131rakt\u0131m\u201d(\u015eiir) \u201c41 Kere \u015eiir\u201d (\u015eiir) \u201cBir Y\u00fcrek Dolusu \u015eiir Adad\u0131m G\u00f6zlerine\u201d (\u015eiir) \u201cSolmayan Hayaller Ressam\u0131\u201d(Hik\u00e2ye) \u201cBall\u0131 Yumurta\u201d(Hik\u00e2ye) \u201cYa\u011fmur Kokusu\u201d (Hik\u00e2ye) \u201cK\u0131r \u00c7i\u00e7ekleri\u201d (Roman) \u201cNar \u00c7i\u00e7e\u011fi\u201d (Roman) \u201cB\u00fcy\u00fck adamlar K\u00fc\u00e7\u00fck A\u015fklar\u201d(Deneme) \u201cAlt\u0131n Saz\u201d (Masal) \u201cFare Ailesi\u201d(Masal) \u201cUzayl\u0131 \u00c7ocuklar\u201d(Masal) \u201cGemisiz Kaptanlar\u201d (Roman) \u201cKarag\u00f6z ile Hacivat Terme\u2019de Ya\u015fasayd\u0131\u201d(Tiyatro) Kaplumba\u011fa Berberi( Hikaye)\",\"url\":\"https:\/\/simurgedebiyat.com\/index.php\/author\/yilmaz-imanlik\/\"}]}<\/script>\n<!-- \/ Yoast SEO plugin. -->","yoast_head_json":{"title":"K\u00f6r Kuyuda G\u00f6den \u00d6ld\u00fcrmek - simurgedebiyat.com","robots":{"index":"index","follow":"follow","max-snippet":"max-snippet:-1","max-image-preview":"max-image-preview:large","max-video-preview":"max-video-preview:-1"},"canonical":"https:\/\/simurgedebiyat.com\/index.php\/2026\/09\/02\/kor-kuyuda-goden-oldurmek\/","og_locale":"tr_TR","og_type":"article","og_title":"K\u00f6r Kuyuda G\u00f6den \u00d6ld\u00fcrmek - simurgedebiyat.com","og_description":"\u00c7ocuklu\u011funuzda siz hi\u00e7 yapt\u0131n\u0131z m\u0131? Biz az yapmad\u0131k. Az g\u00fcnah i\u015flemedik. Belki \u00e7ocuk oldu\u011fumuz i\u00e7in...","og_url":"https:\/\/simurgedebiyat.com\/index.php\/2026\/09\/02\/kor-kuyuda-goden-oldurmek\/","og_site_name":"simurgedebiyat.com","article_published_time":"2026-09-02T11:07:33+00:00","og_image":[{"width":384,"height":480,"url":"https:\/\/simurgedebiyat.com\/wp-content\/uploads\/2026\/09\/Goden.jpg","type":"image\/jpeg"}],"author":"Y\u0131lmaz \u0130MANLIK","twitter_card":"summary_large_image","twitter_misc":{"Yazan:":"Y\u0131lmaz \u0130MANLIK","Tahmini okuma s\u00fcresi":"3 dakika"},"schema":{"@context":"https:\/\/schema.org","@graph":[{"@type":"Article","@id":"https:\/\/simurgedebiyat.com\/index.php\/2026\/09\/02\/kor-kuyuda-goden-oldurmek\/#article","isPartOf":{"@id":"https:\/\/simurgedebiyat.com\/index.php\/2026\/09\/02\/kor-kuyuda-goden-oldurmek\/"},"author":{"name":"Y\u0131lmaz \u0130MANLIK","@id":"https:\/\/simurgedebiyat.com\/#\/schema\/person\/b402d12cf2149ac0ed00e9b8ce118041"},"headline":"K\u00f6r Kuyuda G\u00f6den \u00d6ld\u00fcrmek","datePublished":"2026-09-02T11:07:33+00:00","mainEntityOfPage":{"@id":"https:\/\/simurgedebiyat.com\/index.php\/2026\/09\/02\/kor-kuyuda-goden-oldurmek\/"},"wordCount":474,"commentCount":0,"publisher":{"@id":"https:\/\/simurgedebiyat.com\/#organization"},"image":{"@id":"https:\/\/simurgedebiyat.com\/index.php\/2026\/09\/02\/kor-kuyuda-goden-oldurmek\/#primaryimage"},"thumbnailUrl":"https:\/\/simurgedebiyat.com\/wp-content\/uploads\/2026\/09\/Goden.jpg","articleSection":["Hikaye\/\u00d6yk\u00fc"],"inLanguage":"tr","potentialAction":[{"@type":"CommentAction","name":"Comment","target":["https:\/\/simurgedebiyat.com\/index.php\/2026\/09\/02\/kor-kuyuda-goden-oldurmek\/#respond"]}]},{"@type":"WebPage","@id":"https:\/\/simurgedebiyat.com\/index.php\/2026\/09\/02\/kor-kuyuda-goden-oldurmek\/","url":"https:\/\/simurgedebiyat.com\/index.php\/2026\/09\/02\/kor-kuyuda-goden-oldurmek\/","name":"K\u00f6r Kuyuda G\u00f6den \u00d6ld\u00fcrmek - simurgedebiyat.com","isPartOf":{"@id":"https:\/\/simurgedebiyat.com\/#website"},"primaryImageOfPage":{"@id":"https:\/\/simurgedebiyat.com\/index.php\/2026\/09\/02\/kor-kuyuda-goden-oldurmek\/#primaryimage"},"image":{"@id":"https:\/\/simurgedebiyat.com\/index.php\/2026\/09\/02\/kor-kuyuda-goden-oldurmek\/#primaryimage"},"thumbnailUrl":"https:\/\/simurgedebiyat.com\/wp-content\/uploads\/2026\/09\/Goden.jpg","datePublished":"2026-09-02T11:07:33+00:00","breadcrumb":{"@id":"https:\/\/simurgedebiyat.com\/index.php\/2026\/09\/02\/kor-kuyuda-goden-oldurmek\/#breadcrumb"},"inLanguage":"tr","potentialAction":[{"@type":"ReadAction","target":["https:\/\/simurgedebiyat.com\/index.php\/2026\/09\/02\/kor-kuyuda-goden-oldurmek\/"]}]},{"@type":"ImageObject","inLanguage":"tr","@id":"https:\/\/simurgedebiyat.com\/index.php\/2026\/09\/02\/kor-kuyuda-goden-oldurmek\/#primaryimage","url":"https:\/\/simurgedebiyat.com\/wp-content\/uploads\/2026\/09\/Goden.jpg","contentUrl":"https:\/\/simurgedebiyat.com\/wp-content\/uploads\/2026\/09\/Goden.jpg","width":384,"height":480},{"@type":"BreadcrumbList","@id":"https:\/\/simurgedebiyat.com\/index.php\/2026\/09\/02\/kor-kuyuda-goden-oldurmek\/#breadcrumb","itemListElement":[{"@type":"ListItem","position":1,"name":"Anasayfa","item":"https:\/\/simurgedebiyat.com\/"},{"@type":"ListItem","position":2,"name":"K\u00f6r Kuyuda G\u00f6den \u00d6ld\u00fcrmek"}]},{"@type":"WebSite","@id":"https:\/\/simurgedebiyat.com\/#website","url":"https:\/\/simurgedebiyat.com\/","name":"simurgedebiyat.com","description":"edebiyat&amp;K\u00fclt\u00fcr&amp;Sanat&amp;D\u00fc\u015f\u00fcnce ","publisher":{"@id":"https:\/\/simurgedebiyat.com\/#organization"},"potentialAction":[{"@type":"SearchAction","target":{"@type":"EntryPoint","urlTemplate":"https:\/\/simurgedebiyat.com\/?s={search_term_string}"},"query-input":{"@type":"PropertyValueSpecification","valueRequired":true,"valueName":"search_term_string"}}],"inLanguage":"tr"},{"@type":"Organization","@id":"https:\/\/simurgedebiyat.com\/#organization","name":"simurgedebiyat.com","url":"https:\/\/simurgedebiyat.com\/","logo":{"@type":"ImageObject","inLanguage":"tr","@id":"https:\/\/simurgedebiyat.com\/#\/schema\/logo\/image\/","url":"https:\/\/simurgedebiyat.com\/wp-content\/uploads\/2025\/11\/cropped-HHHHH-1.jpeg","contentUrl":"https:\/\/simurgedebiyat.com\/wp-content\/uploads\/2025\/11\/cropped-HHHHH-1.jpeg","width":245,"height":205,"caption":"simurgedebiyat.com"},"image":{"@id":"https:\/\/simurgedebiyat.com\/#\/schema\/logo\/image\/"}},{"@type":"Person","@id":"https:\/\/simurgedebiyat.com\/#\/schema\/person\/b402d12cf2149ac0ed00e9b8ce118041","name":"Y\u0131lmaz \u0130MANLIK","image":{"@type":"ImageObject","inLanguage":"tr","@id":"https:\/\/simurgedebiyat.com\/#\/schema\/person\/image\/0c0b4e14c7d9c2d600a8f3521056f3dd","url":"https:\/\/simurgedebiyat.com\/wp-content\/uploads\/2026\/09\/Yilmaz-Imanlik.jpg","contentUrl":"https:\/\/simurgedebiyat.com\/wp-content\/uploads\/2026\/09\/Yilmaz-Imanlik.jpg","caption":"Y\u0131lmaz \u0130MANLIK"},"description":"1973 y\u0131l\u0131nda Ordu\u2019nun Kumru il\u00e7esinde do\u011far. \u0130lkokulu A\u015fa\u011f\u0131 Dam-lal\u0131 \u0130lkokulu\u2019nda bitiren Y\u0131lmaz \u0130manl\u0131k, ortaokul ve liseyi Terme \u0130mam-Hatip Lisesi\u2019nde tamamlar. 1998 y\u0131l\u0131nda Ondokuz May\u0131s \u00dcni-versitesi E\u011fitim Fak\u00fcltesi T\u00fcrk Dili ve Edebiyat\u0131 \u00d6\u011fretmenli\u011fi B\u00f6l\u00fc-m\u00fcnden mezun olur. Daha sonra s\u0131ras\u0131yla; Sal\u0131pazar\u0131 ve Terme\u2019de bir\u00e7ok okulda \u00e7al\u0131\u015ft\u0131ktan sonra \u015fu anda Terme Karadeniz Ticaret Mesleki ve Teknik Anadolu lisesinde T\u00fcrk Dili ve Edebiyat\u0131 \u00f6\u011fretmeni olarak g\u00f6revine devam eder. Y\u0131lmaz \u0130manl\u0131k\u2019\u0131n bir\u00e7ok dergi ve gazetede yaz\u0131lar\u0131 yay\u0131nlan\u0131r. Dergi ve kitap edit\u00f6rl\u00fc\u011f\u00fc yapar. Evli ve iki k\u0131z babas\u0131d\u0131r. Yay\u0131mlanm\u0131\u015f eserleri: \u201cBir G\u00fcl Diktim Y\u00fcre\u011fime Senden\u201d(\u015eiir) \u201c\u0130kindi \u015eark\u0131lar\u0131n\u0131 Sana B\u0131rakt\u0131m\u201d(\u015eiir) \u201c41 Kere \u015eiir\u201d (\u015eiir) \u201cBir Y\u00fcrek Dolusu \u015eiir Adad\u0131m G\u00f6zlerine\u201d (\u015eiir) \u201cSolmayan Hayaller Ressam\u0131\u201d(Hik\u00e2ye) \u201cBall\u0131 Yumurta\u201d(Hik\u00e2ye) \u201cYa\u011fmur Kokusu\u201d (Hik\u00e2ye) \u201cK\u0131r \u00c7i\u00e7ekleri\u201d (Roman) \u201cNar \u00c7i\u00e7e\u011fi\u201d (Roman) \u201cB\u00fcy\u00fck adamlar K\u00fc\u00e7\u00fck A\u015fklar\u201d(Deneme) \u201cAlt\u0131n Saz\u201d (Masal) \u201cFare Ailesi\u201d(Masal) \u201cUzayl\u0131 \u00c7ocuklar\u201d(Masal) \u201cGemisiz Kaptanlar\u201d (Roman) \u201cKarag\u00f6z ile Hacivat Terme\u2019de Ya\u015fasayd\u0131\u201d(Tiyatro) Kaplumba\u011fa Berberi( Hikaye)","url":"https:\/\/simurgedebiyat.com\/index.php\/author\/yilmaz-imanlik\/"}]}},"featured_image_urls":{"full":["https:\/\/simurgedebiyat.com\/wp-content\/uploads\/2026\/09\/Goden.jpg",384,480,false],"thumbnail":["https:\/\/simurgedebiyat.com\/wp-content\/uploads\/2026\/09\/Goden-150x150.jpg",150,150,true],"medium":["https:\/\/simurgedebiyat.com\/wp-content\/uploads\/2026\/09\/Goden-240x300.jpg",240,300,true],"medium_large":["https:\/\/simurgedebiyat.com\/wp-content\/uploads\/2026\/09\/Goden.jpg",384,480,false],"large":["https:\/\/simurgedebiyat.com\/wp-content\/uploads\/2026\/09\/Goden.jpg",384,480,false],"1536x1536":["https:\/\/simurgedebiyat.com\/wp-content\/uploads\/2026\/09\/Goden.jpg",384,480,false],"2048x2048":["https:\/\/simurgedebiyat.com\/wp-content\/uploads\/2026\/09\/Goden.jpg",384,480,false],"covernews-slider-full":["https:\/\/simurgedebiyat.com\/wp-content\/uploads\/2026\/09\/Goden.jpg",384,480,false],"covernews-slider-center":["https:\/\/simurgedebiyat.com\/wp-content\/uploads\/2026\/09\/Goden.jpg",384,480,false],"covernews-featured":["https:\/\/simurgedebiyat.com\/wp-content\/uploads\/2026\/09\/Goden.jpg",384,480,false],"covernews-medium":["https:\/\/simurgedebiyat.com\/wp-content\/uploads\/2026\/09\/Goden-384x340.jpg",384,340,true],"covernews-medium-square":["https:\/\/simurgedebiyat.com\/wp-content\/uploads\/2026\/09\/Goden-384x250.jpg",384,250,true],"sow-carousel-default":["https:\/\/simurgedebiyat.com\/wp-content\/uploads\/2026\/09\/Goden-272x182.jpg",272,182,true],"sow-blog-portfolio":["https:\/\/simurgedebiyat.com\/wp-content\/uploads\/2026\/09\/Goden-375x375.jpg",375,375,true],"sow-blog-grid":["https:\/\/simurgedebiyat.com\/wp-content\/uploads\/2026\/09\/Goden.jpg",384,480,false],"sow-blog-alternate":["https:\/\/simurgedebiyat.com\/wp-content\/uploads\/2026\/09\/Goden.jpg",384,480,false],"sow-recent-post":["https:\/\/simurgedebiyat.com\/wp-content\/uploads\/2026\/09\/Goden-216x216.jpg",216,216,true]},"author_info":{"display_name":"Y\u0131lmaz \u0130MANLIK","author_link":"https:\/\/simurgedebiyat.com\/index.php\/author\/yilmaz-imanlik\/"},"category_info":"<a href=\"https:\/\/simurgedebiyat.com\/index.php\/category\/hikaye\/\" rel=\"category tag\">Hikaye\/\u00d6yk\u00fc<\/a>","tag_info":"Hikaye\/\u00d6yk\u00fc","comment_count":"0","jetpack_featured_media_url":"https:\/\/simurgedebiyat.com\/wp-content\/uploads\/2026\/09\/Goden.jpg","uagb_featured_image_src":{"full":["https:\/\/simurgedebiyat.com\/wp-content\/uploads\/2026\/09\/Goden.jpg",384,480,false],"thumbnail":["https:\/\/simurgedebiyat.com\/wp-content\/uploads\/2026\/09\/Goden-150x150.jpg",150,150,true],"medium":["https:\/\/simurgedebiyat.com\/wp-content\/uploads\/2026\/09\/Goden-240x300.jpg",240,300,true],"medium_large":["https:\/\/simurgedebiyat.com\/wp-content\/uploads\/2026\/09\/Goden.jpg",384,480,false],"large":["https:\/\/simurgedebiyat.com\/wp-content\/uploads\/2026\/09\/Goden.jpg",384,480,false],"1536x1536":["https:\/\/simurgedebiyat.com\/wp-content\/uploads\/2026\/09\/Goden.jpg",384,480,false],"2048x2048":["https:\/\/simurgedebiyat.com\/wp-content\/uploads\/2026\/09\/Goden.jpg",384,480,false],"covernews-slider-full":["https:\/\/simurgedebiyat.com\/wp-content\/uploads\/2026\/09\/Goden.jpg",384,480,false],"covernews-slider-center":["https:\/\/simurgedebiyat.com\/wp-content\/uploads\/2026\/09\/Goden.jpg",384,480,false],"covernews-featured":["https:\/\/simurgedebiyat.com\/wp-content\/uploads\/2026\/09\/Goden.jpg",384,480,false],"covernews-medium":["https:\/\/simurgedebiyat.com\/wp-content\/uploads\/2026\/09\/Goden-384x340.jpg",384,340,true],"covernews-medium-square":["https:\/\/simurgedebiyat.com\/wp-content\/uploads\/2026\/09\/Goden-384x250.jpg",384,250,true],"sow-carousel-default":["https:\/\/simurgedebiyat.com\/wp-content\/uploads\/2026\/09\/Goden-272x182.jpg",272,182,true],"sow-blog-portfolio":["https:\/\/simurgedebiyat.com\/wp-content\/uploads\/2026\/09\/Goden-375x375.jpg",375,375,true],"sow-blog-grid":["https:\/\/simurgedebiyat.com\/wp-content\/uploads\/2026\/09\/Goden.jpg",384,480,false],"sow-blog-alternate":["https:\/\/simurgedebiyat.com\/wp-content\/uploads\/2026\/09\/Goden.jpg",384,480,false],"sow-recent-post":["https:\/\/simurgedebiyat.com\/wp-content\/uploads\/2026\/09\/Goden-216x216.jpg",216,216,true]},"uagb_author_info":{"display_name":"Y\u0131lmaz \u0130MANLIK","author_link":"https:\/\/simurgedebiyat.com\/index.php\/author\/yilmaz-imanlik\/"},"uagb_comment_info":0,"uagb_excerpt":"\u00c7ocuklu\u011funuzda siz hi\u00e7 yapt\u0131n\u0131z m\u0131? Biz az yapmad\u0131k. Az g\u00fcnah i\u015flemedik. Belki \u00e7ocuk oldu\u011fumuz i\u00e7in...","authors":[{"term_id":525,"user_id":62,"is_guest":0,"slug":"yilmaz-imanlik","display_name":"Y\u0131lmaz \u0130MANLIK","avatar_url":{"url":"https:\/\/simurgedebiyat.com\/wp-content\/uploads\/2026\/09\/Yilmaz-Imanlik.jpg","url2x":"https:\/\/simurgedebiyat.com\/wp-content\/uploads\/2026\/09\/Yilmaz-Imanlik.jpg"},"first_name":"","last_name":"","user_url":"","job_title":"","description":"1973 y\u0131l\u0131nda Ordu\u2019nun Kumru il\u00e7esinde do\u011far. \u0130lkokulu A\u015fa\u011f\u0131 Dam-lal\u0131 \u0130lkokulu\u2019nda bitiren Y\u0131lmaz \u0130manl\u0131k, ortaokul ve liseyi Terme \u0130mam-Hatip Lisesi\u2019nde tamamlar. 1998 y\u0131l\u0131nda Ondokuz May\u0131s \u00dcni-versitesi E\u011fitim Fak\u00fcltesi T\u00fcrk Dili ve Edebiyat\u0131 \u00d6\u011fretmenli\u011fi B\u00f6l\u00fc-m\u00fcnden mezun olur.   \r\nDaha sonra s\u0131ras\u0131yla;\r\nSal\u0131pazar\u0131 ve Terme\u2019de bir\u00e7ok okulda \u00e7al\u0131\u015ft\u0131ktan sonra \u015fu anda Terme Karadeniz Ticaret Mesleki ve Teknik Anadolu lisesinde T\u00fcrk Dili ve Edebiyat\u0131 \u00f6\u011fretmeni olarak g\u00f6revine devam eder.\r\nY\u0131lmaz \u0130manl\u0131k\u2019\u0131n bir\u00e7ok dergi ve gazetede yaz\u0131lar\u0131 yay\u0131nlan\u0131r. Dergi ve kitap edit\u00f6rl\u00fc\u011f\u00fc yapar. \r\nEvli ve iki k\u0131z babas\u0131d\u0131r.\r\n\r\nYay\u0131mlanm\u0131\u015f eserleri: \r\n\u201cBir G\u00fcl Diktim Y\u00fcre\u011fime Senden\u201d(\u015eiir)\r\n\u201c\u0130kindi \u015eark\u0131lar\u0131n\u0131 Sana B\u0131rakt\u0131m\u201d(\u015eiir) \r\n\u201c41 Kere \u015eiir\u201d (\u015eiir)\r\n\u201cBir Y\u00fcrek Dolusu \u015eiir Adad\u0131m G\u00f6zlerine\u201d (\u015eiir) \r\n\u201cSolmayan Hayaller Ressam\u0131\u201d(Hik\u00e2ye)\r\n\u201cBall\u0131 Yumurta\u201d(Hik\u00e2ye)\r\n\u201cYa\u011fmur Kokusu\u201d (Hik\u00e2ye)\r\n\u201cK\u0131r \u00c7i\u00e7ekleri\u201d (Roman)\r\n\u201cNar \u00c7i\u00e7e\u011fi\u201d (Roman)\r\n\u201cB\u00fcy\u00fck adamlar K\u00fc\u00e7\u00fck A\u015fklar\u201d(Deneme)\r\n\u201cAlt\u0131n Saz\u201d (Masal)\r\n\u201cFare Ailesi\u201d(Masal)\r\n\u201cUzayl\u0131 \u00c7ocuklar\u201d(Masal)\r\n\u201cGemisiz Kaptanlar\u201d (Roman)\r\n\u201cKarag\u00f6z ile Hacivat Terme\u2019de Ya\u015fasayd\u0131\u201d(Tiyatro)\r\nKaplumba\u011fa Berberi( Hikaye)"}],"_links":{"self":[{"href":"https:\/\/simurgedebiyat.com\/index.php\/wp-json\/wp\/v2\/posts\/4868","targetHints":{"allow":["GET"]}}],"collection":[{"href":"https:\/\/simurgedebiyat.com\/index.php\/wp-json\/wp\/v2\/posts"}],"about":[{"href":"https:\/\/simurgedebiyat.com\/index.php\/wp-json\/wp\/v2\/types\/post"}],"author":[{"embeddable":true,"href":"https:\/\/simurgedebiyat.com\/index.php\/wp-json\/wp\/v2\/users\/62"}],"replies":[{"embeddable":true,"href":"https:\/\/simurgedebiyat.com\/index.php\/wp-json\/wp\/v2\/comments?post=4868"}],"version-history":[{"count":1,"href":"https:\/\/simurgedebiyat.com\/index.php\/wp-json\/wp\/v2\/posts\/4868\/revisions"}],"predecessor-version":[{"id":4870,"href":"https:\/\/simurgedebiyat.com\/index.php\/wp-json\/wp\/v2\/posts\/4868\/revisions\/4870"}],"wp:featuredmedia":[{"embeddable":true,"href":"https:\/\/simurgedebiyat.com\/index.php\/wp-json\/wp\/v2\/media\/4869"}],"wp:attachment":[{"href":"https:\/\/simurgedebiyat.com\/index.php\/wp-json\/wp\/v2\/media?parent=4868"}],"wp:term":[{"taxonomy":"category","embeddable":true,"href":"https:\/\/simurgedebiyat.com\/index.php\/wp-json\/wp\/v2\/categories?post=4868"},{"taxonomy":"post_tag","embeddable":true,"href":"https:\/\/simurgedebiyat.com\/index.php\/wp-json\/wp\/v2\/tags?post=4868"},{"taxonomy":"author","embeddable":true,"href":"https:\/\/simurgedebiyat.com\/index.php\/wp-json\/wp\/v2\/ppma_author?post=4868"}],"curies":[{"name":"wp","href":"https:\/\/api.w.org\/{rel}","templated":true}]}}