{"id":4860,"date":"2026-08-30T23:05:14","date_gmt":"2026-08-30T20:05:14","guid":{"rendered":"https:\/\/simurgedebiyat.com\/?p=4860"},"modified":"2026-08-30T23:05:14","modified_gmt":"2026-08-30T20:05:14","slug":"soylem-mi-eylem-mi","status":"publish","type":"post","link":"https:\/\/simurgedebiyat.com\/index.php\/2026\/08\/30\/soylem-mi-eylem-mi\/","title":{"rendered":"S\u00f6ylem mi Eylem mi?"},"content":{"rendered":"<div class=\"n6owBd awi2gc\" data-sfc-cp=\"\" data-sfc-root=\"ep\" data-hveid=\"CAAIEhAA\" data-complete=\"true\" data-processed=\"true\" data-copy-service-computed-style=\"font-family: &quot;Google Sans&quot;, Arial, sans-serif; font-size: 16px; font-weight: 400; margin: 12px 0px 16px; text-decoration: none; border-bottom: 0px rgb(10, 10, 10);\">Her g\u00fcn onlarca, hatta y\u00fczlerce insanla yolumuz kesi\u015fir. Bir &#8220;merhaba&#8221; demeye g\u00f6r\u00fcn; kimisi hemen i\u00e7ini d\u00f6kmeye, d\u00fcnyay\u0131 kurtarmaya ba\u015flar:<br data-sfc-root=\"ep\" data-sfc-pl=\"|||[]\" data-complete=\"true\" data-copy-service-computed-style=\"font-family: &quot;Google Sans&quot;, Arial, sans-serif; font-size: 16px; font-weight: 400; margin: 0px; text-decoration: none; border-bottom: 0px rgb(10, 10, 10);\">&#8220;Arkada\u015f, e\u011fitim \u015f\u00f6yle olmal\u0131, b\u00f6yle olmal\u0131&#8230;&#8221;<br data-sfc-root=\"ep\" data-sfc-pl=\"|||[]\" data-complete=\"true\" data-copy-service-computed-style=\"font-family: &quot;Google Sans&quot;, Arial, sans-serif; font-size: 16px; font-weight: 400; margin: 0px; text-decoration: none; border-bottom: 0px rgb(10, 10, 10);\">&#8220;Yok can\u0131m, ekonomiyi bana b\u0131raksalar \u015f\u00f6yle d\u00fczeltirim, b\u00f6yle yapar\u0131m!&#8221;<br data-sfc-root=\"ep\" data-sfc-pl=\"|||[]\" data-complete=\"true\" data-copy-service-computed-style=\"font-family: &quot;Google Sans&quot;, Arial, sans-serif; font-size: 16px; font-weight: 400; margin: 0px; text-decoration: none; border-bottom: 0px rgb(10, 10, 10);\">&#8220;Ah, ben bir m\u00fchendis veya belediye ba\u015fkan\u0131 olsayd\u0131m, bak bakal\u0131m bu \u015fehri nas\u0131l ba\u015ftan planl\u0131yordum!&#8221;<br data-sfc-root=\"ep\" data-sfc-pl=\"|||[]\" data-complete=\"true\" data-copy-service-computed-style=\"font-family: &quot;Google Sans&quot;, Arial, sans-serif; font-size: 16px; font-weight: 400; margin: 0px; text-decoration: none; border-bottom: 0px rgb(10, 10, 10);\">&#8220;Dostum, memlekette kimse \u00e7al\u0131\u015fm\u0131yor; ben olsam sokaklar p\u0131r\u0131l p\u0131r\u0131l olur, ar\u0131lar bile v\u0131z\u0131r v\u0131z\u0131r \u00e7al\u0131\u015f\u0131rd\u0131&#8230;&#8221;<!--TgQPHd|||[]--><\/div>\n<div class=\"n6owBd awi2gc\" data-sfc-cp=\"\" data-sfc-root=\"ep\" data-hveid=\"CAAIExAA\" data-complete=\"true\" data-processed=\"true\" data-copy-service-computed-style=\"font-family: &quot;Google Sans&quot;, Arial, sans-serif; font-size: 16px; font-weight: 400; margin: 12px 0px 16px; text-decoration: none; border-bottom: 0px rgb(10, 10, 10);\">Her g\u00fcn, her k\u00f6\u015fe ba\u015f\u0131nda insanlar konu\u015fur da konu\u015fur. Hep ba\u015fkalar\u0131ndan bir hamle, bir de\u011fi\u015fim beklerler ama kendileri sadece laf \u00fcretir. Halbuki atalar\u0131m\u0131z, &#8220;Lafla peynir gemisi y\u00fcr\u00fcmez,&#8221; diyerek as\u0131rlar \u00f6ncesinden uyar\u0131r bizleri. Baz\u0131 \u015feyler kuru g\u00fcr\u00fclt\u00fcyle olmaz; inand\u0131r\u0131c\u0131 olmak i\u00e7in insan\u0131n \u00f6nce ortaya bir icraat, bir eser koymas\u0131 gerekir.<!--TgQPHd|||[]--><\/div>\n<div data-sfc-cp=\"\" data-sfc-root=\"ep\" data-hveid=\"CAAIExAA\" data-complete=\"true\" data-processed=\"true\" data-copy-service-computed-style=\"font-family: &quot;Google Sans&quot;, Arial, sans-serif; font-size: 16px; font-weight: 400; margin: 12px 0px 16px; text-decoration: none; border-bottom: 0px rgb(10, 10, 10);\"><img decoding=\"async\" src=\"https:\/\/www.barissarisoy.com\/wp-content\/uploads\/2020\/06\/%C3%87ok-%C3%87al%C4%B1%C5%9Fmak.jpg\" alt=\"\u00c7ok \u00c7al\u0131\u015fmak \u00d6\u011frenmenin \u00d6n\u00fcndeki Bir Engel Mi? | Bar\u0131\u015f Sar\u0131soy\"><\/div>\n<div class=\"n6owBd awi2gc\" data-sfc-cp=\"\" data-sfc-root=\"ep\" data-hveid=\"CAAIFBAA\" data-processed=\"true\" data-complete=\"true\" data-copy-service-computed-style=\"font-family: &quot;Google Sans&quot;, Arial, sans-serif; font-size: 16px; font-weight: 400; margin: 12px 0px 16px; text-decoration: none; border-bottom: 0px rgb(10, 10, 10);\">Ge\u00e7enlerde bir arkada\u015f\u0131mla cuma namaz\u0131nda bulu\u015fup sonras\u0131nda iki laf\u0131n belini k\u0131rmak \u00fczere s\u00f6zle\u015ftik. Mesai aras\u0131nda, \u00e7al\u0131\u015ft\u0131\u011f\u0131m daireden alelacele \u00e7\u0131k\u0131p bulu\u015faca\u011f\u0131m\u0131z caminin \u00e7ay oca\u011f\u0131na erkenden vard\u0131m. Bah\u00e7edeki ulu bir \u00e7\u0131nar\u0131n g\u00f6lgesine s\u0131\u011f\u0131n\u0131p arkada\u015f\u0131m\u0131 beklerken, ya\u015flar\u0131 k\u0131rk ile seksen aras\u0131nda de\u011fi\u015fen kalabal\u0131\u011f\u0131n da namaz vaktini g\u00f6zledi\u011fini fark ettim. \u00d6n\u00fcme gelen s\u0131cak \u00e7aydan bir yudum al\u0131rken, istemeden de olsa yan masadaki sohbetlere kulak misafiri oldum. Herkes, yukar\u0131da sayd\u0131\u011f\u0131m cinsten dertlerle me\u015fguld\u00fc. Toplumun her kesiminin tembelli\u011finden, i\u015f bilmezli\u011finden yak\u0131n\u0131yorlard\u0131:<br data-sfc-root=\"ep\" data-sfc-pl=\"|||[]\" data-complete=\"true\" data-copy-service-computed-style=\"font-family: &quot;Google Sans&quot;, Arial, sans-serif; font-size: 16px; font-weight: 400; margin: 0px; text-decoration: none; border-bottom: 0px rgb(10, 10, 10);\">&#8220;K\u00f6yl\u00fc bile tembel arkada\u015f! Ekme\u011fi, domatesi, hatta yumurtay\u0131 bile zincir marketlerden al\u0131yorlar. Tarlalar bo\u015f kald\u0131, saman\u0131 bile d\u0131\u015far\u0131dan sat\u0131n al\u0131yoruz.&#8221;<br data-sfc-root=\"ep\" data-sfc-pl=\"|||[]\" data-complete=\"true\" data-processed=\"true\" data-copy-service-computed-style=\"font-family: &quot;Google Sans&quot;, Arial, sans-serif; font-size: 16px; font-weight: 400; margin: 0px; text-decoration: none; border-bottom: 0px rgb(10, 10, 10);\">&#8220;Memur zaten ak\u015fama kadar masada oturup borsa takip ediyor, internette geziyor.&#8221;<br data-sfc-root=\"ep\" data-sfc-pl=\"|||[]\" data-complete=\"true\" data-processed=\"true\" data-copy-service-computed-style=\"font-family: &quot;Google Sans&quot;, Arial, sans-serif; font-size: 16px; font-weight: 400; margin: 0px; text-decoration: none; border-bottom: 0px rgb(10, 10, 10);\">&#8220;\u0130\u015f\u00e7ide i\u015f ahlak\u0131 kalmam\u0131\u015f; sanayide d\u00fczenli i\u015f yapan esnaf bulamazs\u0131n, \u00fcstelik hepsi ate\u015f pahas\u0131.&#8221;<br data-sfc-root=\"ep\" data-sfc-pl=\"|||[]\" data-complete=\"true\" data-processed=\"true\" data-copy-service-computed-style=\"font-family: &quot;Google Sans&quot;, Arial, sans-serif; font-size: 16px; font-weight: 400; margin: 0px; text-decoration: none; border-bottom: 0px rgb(10, 10, 10);\">&#8220;\u00d6\u011frenci dersen zaten derse u\u011fram\u0131yor&#8230;&#8221;<!--TgQPHd|||[]--><\/div>\n<div data-sfc-cp=\"\" data-sfc-root=\"ep\" data-hveid=\"CAAIFBAA\" data-processed=\"true\" data-complete=\"true\" data-copy-service-computed-style=\"font-family: &quot;Google Sans&quot;, Arial, sans-serif; font-size: 16px; font-weight: 400; margin: 12px 0px 16px; text-decoration: none; border-bottom: 0px rgb(10, 10, 10);\"><img decoding=\"async\" src=\"https:\/\/www.yeniisfikirleri.net\/wp-content\/uploads\/2019\/12\/caliskanlik.jpg\" alt=\"\u00c7ok \u00c7al\u0131\u015fmak ve Ba\u015far\u0131l\u0131 Olmak Aras\u0131ndaki \u0130li\u015fki | Yeni \u0130\u015f Fikirleri\"><\/div>\n<div class=\"n6owBd awi2gc\" data-sfc-cp=\"\" data-sfc-root=\"ep\" data-hveid=\"CAAIFRAA\" data-complete=\"true\" data-processed=\"true\" data-copy-service-computed-style=\"font-family: &quot;Google Sans&quot;, Arial, sans-serif; font-size: 16px; font-weight: 400; margin: 12px 0px 16px; text-decoration: none; border-bottom: 0px rgb(10, 10, 10);\">Bir s\u00fcre sonra arkada\u015f\u0131m \u00e7\u0131kageldi. Selam kelamdan sonra \u00e7aylar\u0131m\u0131z\u0131 tazelerken i\u00e7imdeki merak\u0131 tutamay\u0131p sordum:<br data-sfc-root=\"ep\" data-sfc-pl=\"|||[]\" data-complete=\"true\" data-copy-service-computed-style=\"font-family: &quot;Google Sans&quot;, Arial, sans-serif; font-size: 16px; font-weight: 400; margin: 0px; text-decoration: none; border-bottom: 0px rgb(10, 10, 10);\">\u2014 Buras\u0131 hep b\u00f6yle kalabal\u0131k m\u0131d\u0131r? Bu insanlar\u0131n yapacak bir i\u015fi g\u00fcc\u00fc yok mu?<br data-sfc-root=\"ep\" data-sfc-pl=\"|||[]\" data-complete=\"true\" data-copy-service-computed-style=\"font-family: &quot;Google Sans&quot;, Arial, sans-serif; font-size: 16px; font-weight: 400; margin: 0px; text-decoration: none; border-bottom: 0px rgb(10, 10, 10);\">\u2014 Evet, dedi arkada\u015f\u0131m, buras\u0131 hep b\u00f6yledir. K\u0131rk ya\u015f\u0131n \u00fczerindekilerin \u00e7o\u011fu bir \u015fekilde emekli olmu\u015f. Ak\u015fama kadar bu \u00e7\u0131nar\u0131n alt\u0131nda oturup dedikodu yapar, h\u00fck\u00fcmet kurar, h\u00fck\u00fcmet y\u0131karlar.<br data-sfc-root=\"ep\" data-sfc-pl=\"|||[]\" data-complete=\"true\" data-copy-service-computed-style=\"font-family: &quot;Google Sans&quot;, Arial, sans-serif; font-size: 16px; font-weight: 400; margin: 0px; text-decoration: none; border-bottom: 0px rgb(10, 10, 10);\">\u2014 Do\u011fru ya, dedim. Yan gelip yat\u0131p erkenden emekli olmak; eylemle de\u011fil, sadece s\u00f6ylemle g\u00fcn t\u00fcketmek&#8230; Ne monoton, ne ac\u0131 bir hayat! \u0130\u015fkembeden sallay\u0131p duruyorlar. Halleri ger\u00e7ekten \u00fcz\u00fcc\u00fc.<br data-sfc-root=\"ep\" data-sfc-pl=\"|||[]\" data-complete=\"true\" data-copy-service-computed-style=\"font-family: &quot;Google Sans&quot;, Arial, sans-serif; font-size: 16px; font-weight: 400; margin: 0px; text-decoration: none; border-bottom: 0px rgb(10, 10, 10);\">\u2014 Herkes senin gibi \u00e7al\u0131\u015fkan de\u011fil ki, diye tebess\u00fcm etti arkada\u015f\u0131m. Sahi, sen ne zaman emekli olacaks\u0131n?<br data-sfc-root=\"ep\" data-sfc-pl=\"|||[]\" data-complete=\"true\" data-copy-service-computed-style=\"font-family: &quot;Google Sans&quot;, Arial, sans-serif; font-size: 16px; font-weight: 400; margin: 0px; text-decoration: none; border-bottom: 0px rgb(10, 10, 10);\">\u2014 Devletim beni ya\u015f haddinden emekli edene kadar bu \u00fclkeye hizmet edece\u011fim. Bu insanlar, \u00e7al\u0131\u015fman\u0131n da bir nevi ibadet oldu\u011funun fark\u0131nda de\u011filler galiba. Kuru lafla, ortada hi\u00e7bir icraat yokken kimi kand\u0131r\u0131yorlar? \u0130nsan \u00f6nce kendi s\u00f6yledi\u011fine kendisi inanmal\u0131.<br data-sfc-root=\"ep\" data-sfc-pl=\"|||[]\" data-complete=\"true\" data-copy-service-computed-style=\"font-family: &quot;Google Sans&quot;, Arial, sans-serif; font-size: 16px; font-weight: 400; margin: 0px; text-decoration: none; border-bottom: 0px rgb(10, 10, 10);\">\u2014 Ne yaps\u0131nlar yani, bu ya\u015ftan sonra i\u015f mi var onlara?<br data-sfc-root=\"ep\" data-sfc-pl=\"|||[]\" data-complete=\"true\" data-copy-service-computed-style=\"font-family: &quot;Google Sans&quot;, Arial, sans-serif; font-size: 16px; font-weight: 400; margin: 0px; text-decoration: none; border-bottom: 0px rgb(10, 10, 10);\">\u2014 Olmaz olur mu? &#8220;Temizlik imandand\u0131r,&#8221; d\u00fcsturunu hepimiz biliriz de\u011fil mi? \u015eu bah\u00e7enin haline bir baksana; sigara izmaritleri, yapraklar, plastik po\u015fetler u\u00e7u\u015fuyor. Bir Allah&#8217;\u0131n kulu da \u00e7\u0131k\u0131p ne kendisi temizliyor ne de buran\u0131n temizlenmesine \u00f6n ayak oluyor.<!--TgQPHd|||[]--><\/div>\n<div data-sfc-cp=\"\" data-sfc-root=\"ep\" data-hveid=\"CAAIFRAA\" data-complete=\"true\" data-processed=\"true\" data-copy-service-computed-style=\"font-family: &quot;Google Sans&quot;, Arial, sans-serif; font-size: 16px; font-weight: 400; margin: 12px 0px 16px; text-decoration: none; border-bottom: 0px rgb(10, 10, 10);\"><img decoding=\"async\" src=\"https:\/\/static.birgun.net\/resim\/haber-detay-resim\/2021\/05\/16\/santiye-betonlari-iscileri-yutuyor-876366-5.jpg\" alt=\"\u015eantiye betonlar\u0131 i\u015f\u00e7ileri yutuyor\"><\/div>\n<div class=\"n6owBd awi2gc\" data-sfc-cp=\"\" data-sfc-root=\"ep\" data-hveid=\"CAAIFhAA\" data-complete=\"true\" data-processed=\"true\" data-copy-service-computed-style=\"font-family: &quot;Google Sans&quot;, Arial, sans-serif; font-size: 16px; font-weight: 400; margin: 12px 0px 16px; text-decoration: none; border-bottom: 0px rgb(10, 10, 10);\">Namaz\u0131n farz\u0131 biter bitmez, adeta o laf kalabal\u0131\u011f\u0131ndan ka\u00e7arcas\u0131na, b\u00fct\u00fcn h\u0131z\u0131mla daireme do\u011fru ko\u015ftum. S\u00f6z\u00fc \u00e7ok, \u00f6z\u00fc yok insanlardan uzakla\u015fman\u0131n, insan\u0131 hakikate daha \u00e7ok yakla\u015ft\u0131raca\u011f\u0131na inanarak&#8230; Sonumun \u00f6yle olmamas\u0131 i\u00e7in masama, i\u015fime d\u00f6rt elle sar\u0131ld\u0131m. \u00c7\u00fcnk\u00fc biliyorum ki \u00e7al\u0131\u015fmak en g\u00fczel ibadettir. Ben s\u00f6yleme de\u011fil, eyleme bakar\u0131m. Ayn\u0131 dura\u011fanl\u0131\u011fa teslim olmamak i\u00e7in s\u00f6ylemi bir kenara b\u0131rak\u0131p eyleme ge\u00e7tim ve i\u015fimi her g\u00fcnden daha \u00e7ok severek yapmaya ba\u015flad\u0131m.<\/div>\n","protected":false},"excerpt":{"rendered":"<p>Her g\u00fcn onlarca, hatta y\u00fczlerce insanla yolumuz kesi\u015fir. Bir &#8220;merhaba&#8221; demeye g\u00f6r\u00fcn; kimisi hemen i\u00e7ini&#8230;<\/p>\n","protected":false},"author":3,"featured_media":4861,"comment_status":"open","ping_status":"open","sticky":false,"template":"","format":"standard","meta":{"_bbp_topic_count":0,"_bbp_reply_count":0,"_bbp_total_topic_count":0,"_bbp_total_reply_count":0,"_bbp_voice_count":0,"_bbp_anonymous_reply_count":0,"_bbp_topic_count_hidden":0,"_bbp_reply_count_hidden":0,"_bbp_forum_subforum_count":0,"om_disable_all_campaigns":false,"_uag_custom_page_level_css":"","ngg_post_thumbnail":0,"footnotes":""},"categories":[100],"tags":[],"ppma_author":[417],"class_list":["post-4860","post","type-post","status-publish","format-standard","has-post-thumbnail","hentry","category-deneme"],"yoast_head":"<!-- This site is optimized with the Yoast SEO plugin v24.9 - https:\/\/yoast.com\/wordpress\/plugins\/seo\/ -->\n<title>S\u00f6ylem mi Eylem mi? - simurgedebiyat.com<\/title>\n<meta name=\"robots\" content=\"index, follow, max-snippet:-1, max-image-preview:large, max-video-preview:-1\" \/>\n<link rel=\"canonical\" href=\"https:\/\/simurgedebiyat.com\/index.php\/2026\/08\/30\/soylem-mi-eylem-mi\/\" \/>\n<meta property=\"og:locale\" content=\"tr_TR\" \/>\n<meta property=\"og:type\" content=\"article\" \/>\n<meta property=\"og:title\" content=\"S\u00f6ylem mi Eylem mi? - simurgedebiyat.com\" \/>\n<meta property=\"og:description\" content=\"Her g\u00fcn onlarca, hatta y\u00fczlerce insanla yolumuz kesi\u015fir. Bir &#8220;merhaba&#8221; demeye g\u00f6r\u00fcn; kimisi hemen i\u00e7ini...\" \/>\n<meta property=\"og:url\" content=\"https:\/\/simurgedebiyat.com\/index.php\/2026\/08\/30\/soylem-mi-eylem-mi\/\" \/>\n<meta property=\"og:site_name\" content=\"simurgedebiyat.com\" \/>\n<meta property=\"article:published_time\" content=\"2026-08-30T20:05:14+00:00\" \/>\n<meta property=\"og:image\" content=\"https:\/\/simurgedebiyat.com\/wp-content\/uploads\/2026\/08\/evlat-yetistirmede-soylem-ve-eylem-uyumu-neden-sart-199779.jpg\" \/>\n\t<meta property=\"og:image:width\" content=\"702\" \/>\n\t<meta property=\"og:image:height\" content=\"336\" \/>\n\t<meta property=\"og:image:type\" content=\"image\/jpeg\" \/>\n<meta name=\"author\" content=\"Tar\u0131k TORUN\" \/>\n<meta name=\"twitter:card\" content=\"summary_large_image\" \/>\n<meta name=\"twitter:label1\" content=\"Yazan:\" \/>\n\t<meta name=\"twitter:data1\" content=\"Tar\u0131k TORUN\" \/>\n\t<meta name=\"twitter:label2\" content=\"Tahmini okuma s\u00fcresi\" \/>\n\t<meta name=\"twitter:data2\" content=\"4 dakika\" \/>\n<script type=\"application\/ld+json\" class=\"yoast-schema-graph\">{\"@context\":\"https:\/\/schema.org\",\"@graph\":[{\"@type\":\"Article\",\"@id\":\"https:\/\/simurgedebiyat.com\/index.php\/2026\/08\/30\/soylem-mi-eylem-mi\/#article\",\"isPartOf\":{\"@id\":\"https:\/\/simurgedebiyat.com\/index.php\/2026\/08\/30\/soylem-mi-eylem-mi\/\"},\"author\":{\"name\":\"Tar\u0131k TORUN\",\"@id\":\"https:\/\/simurgedebiyat.com\/#\/schema\/person\/2b69186447343805a1de03a426a9c75c\"},\"headline\":\"S\u00f6ylem mi Eylem mi?\",\"datePublished\":\"2026-08-30T20:05:14+00:00\",\"mainEntityOfPage\":{\"@id\":\"https:\/\/simurgedebiyat.com\/index.php\/2026\/08\/30\/soylem-mi-eylem-mi\/\"},\"wordCount\":699,\"commentCount\":0,\"publisher\":{\"@id\":\"https:\/\/simurgedebiyat.com\/#organization\"},\"image\":{\"@id\":\"https:\/\/simurgedebiyat.com\/index.php\/2026\/08\/30\/soylem-mi-eylem-mi\/#primaryimage\"},\"thumbnailUrl\":\"https:\/\/simurgedebiyat.com\/wp-content\/uploads\/2026\/08\/evlat-yetistirmede-soylem-ve-eylem-uyumu-neden-sart-199779.jpg\",\"articleSection\":[\"Deneme\"],\"inLanguage\":\"tr\",\"potentialAction\":[{\"@type\":\"CommentAction\",\"name\":\"Comment\",\"target\":[\"https:\/\/simurgedebiyat.com\/index.php\/2026\/08\/30\/soylem-mi-eylem-mi\/#respond\"]}]},{\"@type\":\"WebPage\",\"@id\":\"https:\/\/simurgedebiyat.com\/index.php\/2026\/08\/30\/soylem-mi-eylem-mi\/\",\"url\":\"https:\/\/simurgedebiyat.com\/index.php\/2026\/08\/30\/soylem-mi-eylem-mi\/\",\"name\":\"S\u00f6ylem mi Eylem mi? - simurgedebiyat.com\",\"isPartOf\":{\"@id\":\"https:\/\/simurgedebiyat.com\/#website\"},\"primaryImageOfPage\":{\"@id\":\"https:\/\/simurgedebiyat.com\/index.php\/2026\/08\/30\/soylem-mi-eylem-mi\/#primaryimage\"},\"image\":{\"@id\":\"https:\/\/simurgedebiyat.com\/index.php\/2026\/08\/30\/soylem-mi-eylem-mi\/#primaryimage\"},\"thumbnailUrl\":\"https:\/\/simurgedebiyat.com\/wp-content\/uploads\/2026\/08\/evlat-yetistirmede-soylem-ve-eylem-uyumu-neden-sart-199779.jpg\",\"datePublished\":\"2026-08-30T20:05:14+00:00\",\"breadcrumb\":{\"@id\":\"https:\/\/simurgedebiyat.com\/index.php\/2026\/08\/30\/soylem-mi-eylem-mi\/#breadcrumb\"},\"inLanguage\":\"tr\",\"potentialAction\":[{\"@type\":\"ReadAction\",\"target\":[\"https:\/\/simurgedebiyat.com\/index.php\/2026\/08\/30\/soylem-mi-eylem-mi\/\"]}]},{\"@type\":\"ImageObject\",\"inLanguage\":\"tr\",\"@id\":\"https:\/\/simurgedebiyat.com\/index.php\/2026\/08\/30\/soylem-mi-eylem-mi\/#primaryimage\",\"url\":\"https:\/\/simurgedebiyat.com\/wp-content\/uploads\/2026\/08\/evlat-yetistirmede-soylem-ve-eylem-uyumu-neden-sart-199779.jpg\",\"contentUrl\":\"https:\/\/simurgedebiyat.com\/wp-content\/uploads\/2026\/08\/evlat-yetistirmede-soylem-ve-eylem-uyumu-neden-sart-199779.jpg\",\"width\":702,\"height\":336},{\"@type\":\"BreadcrumbList\",\"@id\":\"https:\/\/simurgedebiyat.com\/index.php\/2026\/08\/30\/soylem-mi-eylem-mi\/#breadcrumb\",\"itemListElement\":[{\"@type\":\"ListItem\",\"position\":1,\"name\":\"Anasayfa\",\"item\":\"https:\/\/simurgedebiyat.com\/\"},{\"@type\":\"ListItem\",\"position\":2,\"name\":\"S\u00f6ylem mi Eylem mi?\"}]},{\"@type\":\"WebSite\",\"@id\":\"https:\/\/simurgedebiyat.com\/#website\",\"url\":\"https:\/\/simurgedebiyat.com\/\",\"name\":\"simurgedebiyat.com\",\"description\":\"edebiyat&amp;K\u00fclt\u00fcr&amp;Sanat&amp;D\u00fc\u015f\u00fcnce \",\"publisher\":{\"@id\":\"https:\/\/simurgedebiyat.com\/#organization\"},\"potentialAction\":[{\"@type\":\"SearchAction\",\"target\":{\"@type\":\"EntryPoint\",\"urlTemplate\":\"https:\/\/simurgedebiyat.com\/?s={search_term_string}\"},\"query-input\":{\"@type\":\"PropertyValueSpecification\",\"valueRequired\":true,\"valueName\":\"search_term_string\"}}],\"inLanguage\":\"tr\"},{\"@type\":\"Organization\",\"@id\":\"https:\/\/simurgedebiyat.com\/#organization\",\"name\":\"simurgedebiyat.com\",\"url\":\"https:\/\/simurgedebiyat.com\/\",\"logo\":{\"@type\":\"ImageObject\",\"inLanguage\":\"tr\",\"@id\":\"https:\/\/simurgedebiyat.com\/#\/schema\/logo\/image\/\",\"url\":\"https:\/\/simurgedebiyat.com\/wp-content\/uploads\/2025\/11\/cropped-HHHHH-1.jpeg\",\"contentUrl\":\"https:\/\/simurgedebiyat.com\/wp-content\/uploads\/2025\/11\/cropped-HHHHH-1.jpeg\",\"width\":245,\"height\":205,\"caption\":\"simurgedebiyat.com\"},\"image\":{\"@id\":\"https:\/\/simurgedebiyat.com\/#\/schema\/logo\/image\/\"}},{\"@type\":\"Person\",\"@id\":\"https:\/\/simurgedebiyat.com\/#\/schema\/person\/2b69186447343805a1de03a426a9c75c\",\"name\":\"Tar\u0131k TORUN\",\"image\":{\"@type\":\"ImageObject\",\"inLanguage\":\"tr\",\"@id\":\"https:\/\/simurgedebiyat.com\/#\/schema\/person\/image\/23494c9101089ad44ae88ce9d2f56aac\",\"url\":\"https:\/\/secure.gravatar.com\/avatar\/?s=96&d=mm&r=g\",\"contentUrl\":\"https:\/\/secure.gravatar.com\/avatar\/?s=96&d=mm&r=g\",\"caption\":\"Tar\u0131k TORUN\"},\"description\":\"Bayburt\u2019un Bayraktar (Baks\u0131) k\u00f6y\u00fcnde do\u011fdu (1965). \u0130lk\u00f6\u011frenimini k\u00f6y\u00fcnde bitirdi. Ailesi ile birlikte \u00c7orum\u2019a g\u00f6\u00e7 etti (1975). Orta\u00f6\u011frenimini \u00c7orum\u2019da tamamlad\u0131. Karadeniz Teknik \u00dcniversitesi, Fatih E\u011fitim Fak\u00fcltesi, Co\u011frafya \u00d6\u011fretmenli\u011fi b\u00f6l\u00fcm\u00fcn\u00fc bitirdi (1988). 1989 \u2018dan itibaren pek \u00e7ok lisede co\u011frafya \u00f6\u011fretmenli\u011fi yapt\u0131. Bu arada Gazi \u00dcniversitesi, Sosyal Bilimler Enstit\u00fcs\u00fc, Co\u011frafya E\u011fitimi Y\u00fcksek Lisans (Master) program\u0131n\u0131 bitirdi. Anadolu \u00dcniversitesi, T\u00fcrk Dili ve Edebiyat\u0131 B\u00f6l\u00fcm\u00fcn\u00fc de bitirdi. Ayr\u0131ca \u0130stanbul \u00dcniversitesi, Hukuk Fak\u00fcltesi\u2019nde de okudu. MEB, \u00d6YGM, EARGED ve YE\u011e\u0130TEK\u2019de \u00f6\u011fretmen olarak \u00e7al\u0131\u015ft\u0131. \u0130LESAM, TYB, \u0130slam \u00dclkeleri Akademisyen ve Yazarlar Birli\u011fi ile Uluslararas\u0131 Bayburt Yazar ve Sanat\u00e7\u0131lar Derne\u011fi\u2019nin \u00fcyesidir. \u00c7e\u015fitli sosyal ve k\u00fclt\u00fcrel \u00e7al\u0131\u015fmalara kat\u0131lmaktad\u0131r. \u015eiir, deneme, makale, roman, hik\u00e2ye, gezi yaz\u0131s\u0131, ara\u015ft\u0131rma-inceleme alan\u0131ndaki \u00e7al\u0131\u015fmalar\u0131 halen devam etmektedir. \u00c7e\u015fitli kurulu\u015flardan ald\u0131\u011f\u0131 onlarca \u00f6d\u00fcl\u00fc bulunmaktad\u0131r. ESERLER\u0130 \u015eiir G\u00fclistan\u0131n G\u00fclleri-2006 Alizeler-2007 A\u015fk\u0131n Co\u011frafyas\u0131-2008 Meb\u015fure-2009 A\u015fko\u011frafya-2010 A\u015fkistan-2015 A\u015fka Yolculuk-2018 \u015eiir \u015eiir T\u00fcrkiye-I-2021 \u015eiir \u015eiir T\u00fcrkiye-II-2022 Neva-2026 Hik\u00e2ye G\u00fcne\u015fi Tut Ka\u00e7mas\u0131n-2011 A\u015fk\u0131n Kalbi-2015 Mor Da\u011flar\u0131n Balas\u0131-2025 Deneme Algoritmik Aforizmalar-2016 Sana D\u00fc\u015f\u00fcncelerle Gelsem-2026 Roman Piri Reis-2022\",\"url\":\"https:\/\/simurgedebiyat.com\/index.php\/author\/tarik-torun\/\"}]}<\/script>\n<!-- \/ Yoast SEO plugin. -->","yoast_head_json":{"title":"S\u00f6ylem mi Eylem mi? - simurgedebiyat.com","robots":{"index":"index","follow":"follow","max-snippet":"max-snippet:-1","max-image-preview":"max-image-preview:large","max-video-preview":"max-video-preview:-1"},"canonical":"https:\/\/simurgedebiyat.com\/index.php\/2026\/08\/30\/soylem-mi-eylem-mi\/","og_locale":"tr_TR","og_type":"article","og_title":"S\u00f6ylem mi Eylem mi? - simurgedebiyat.com","og_description":"Her g\u00fcn onlarca, hatta y\u00fczlerce insanla yolumuz kesi\u015fir. Bir &#8220;merhaba&#8221; demeye g\u00f6r\u00fcn; kimisi hemen i\u00e7ini...","og_url":"https:\/\/simurgedebiyat.com\/index.php\/2026\/08\/30\/soylem-mi-eylem-mi\/","og_site_name":"simurgedebiyat.com","article_published_time":"2026-08-30T20:05:14+00:00","og_image":[{"width":702,"height":336,"url":"https:\/\/simurgedebiyat.com\/wp-content\/uploads\/2026\/08\/evlat-yetistirmede-soylem-ve-eylem-uyumu-neden-sart-199779.jpg","type":"image\/jpeg"}],"author":"Tar\u0131k TORUN","twitter_card":"summary_large_image","twitter_misc":{"Yazan:":"Tar\u0131k TORUN","Tahmini okuma s\u00fcresi":"4 dakika"},"schema":{"@context":"https:\/\/schema.org","@graph":[{"@type":"Article","@id":"https:\/\/simurgedebiyat.com\/index.php\/2026\/08\/30\/soylem-mi-eylem-mi\/#article","isPartOf":{"@id":"https:\/\/simurgedebiyat.com\/index.php\/2026\/08\/30\/soylem-mi-eylem-mi\/"},"author":{"name":"Tar\u0131k TORUN","@id":"https:\/\/simurgedebiyat.com\/#\/schema\/person\/2b69186447343805a1de03a426a9c75c"},"headline":"S\u00f6ylem mi Eylem mi?","datePublished":"2026-08-30T20:05:14+00:00","mainEntityOfPage":{"@id":"https:\/\/simurgedebiyat.com\/index.php\/2026\/08\/30\/soylem-mi-eylem-mi\/"},"wordCount":699,"commentCount":0,"publisher":{"@id":"https:\/\/simurgedebiyat.com\/#organization"},"image":{"@id":"https:\/\/simurgedebiyat.com\/index.php\/2026\/08\/30\/soylem-mi-eylem-mi\/#primaryimage"},"thumbnailUrl":"https:\/\/simurgedebiyat.com\/wp-content\/uploads\/2026\/08\/evlat-yetistirmede-soylem-ve-eylem-uyumu-neden-sart-199779.jpg","articleSection":["Deneme"],"inLanguage":"tr","potentialAction":[{"@type":"CommentAction","name":"Comment","target":["https:\/\/simurgedebiyat.com\/index.php\/2026\/08\/30\/soylem-mi-eylem-mi\/#respond"]}]},{"@type":"WebPage","@id":"https:\/\/simurgedebiyat.com\/index.php\/2026\/08\/30\/soylem-mi-eylem-mi\/","url":"https:\/\/simurgedebiyat.com\/index.php\/2026\/08\/30\/soylem-mi-eylem-mi\/","name":"S\u00f6ylem mi Eylem mi? - simurgedebiyat.com","isPartOf":{"@id":"https:\/\/simurgedebiyat.com\/#website"},"primaryImageOfPage":{"@id":"https:\/\/simurgedebiyat.com\/index.php\/2026\/08\/30\/soylem-mi-eylem-mi\/#primaryimage"},"image":{"@id":"https:\/\/simurgedebiyat.com\/index.php\/2026\/08\/30\/soylem-mi-eylem-mi\/#primaryimage"},"thumbnailUrl":"https:\/\/simurgedebiyat.com\/wp-content\/uploads\/2026\/08\/evlat-yetistirmede-soylem-ve-eylem-uyumu-neden-sart-199779.jpg","datePublished":"2026-08-30T20:05:14+00:00","breadcrumb":{"@id":"https:\/\/simurgedebiyat.com\/index.php\/2026\/08\/30\/soylem-mi-eylem-mi\/#breadcrumb"},"inLanguage":"tr","potentialAction":[{"@type":"ReadAction","target":["https:\/\/simurgedebiyat.com\/index.php\/2026\/08\/30\/soylem-mi-eylem-mi\/"]}]},{"@type":"ImageObject","inLanguage":"tr","@id":"https:\/\/simurgedebiyat.com\/index.php\/2026\/08\/30\/soylem-mi-eylem-mi\/#primaryimage","url":"https:\/\/simurgedebiyat.com\/wp-content\/uploads\/2026\/08\/evlat-yetistirmede-soylem-ve-eylem-uyumu-neden-sart-199779.jpg","contentUrl":"https:\/\/simurgedebiyat.com\/wp-content\/uploads\/2026\/08\/evlat-yetistirmede-soylem-ve-eylem-uyumu-neden-sart-199779.jpg","width":702,"height":336},{"@type":"BreadcrumbList","@id":"https:\/\/simurgedebiyat.com\/index.php\/2026\/08\/30\/soylem-mi-eylem-mi\/#breadcrumb","itemListElement":[{"@type":"ListItem","position":1,"name":"Anasayfa","item":"https:\/\/simurgedebiyat.com\/"},{"@type":"ListItem","position":2,"name":"S\u00f6ylem mi Eylem mi?"}]},{"@type":"WebSite","@id":"https:\/\/simurgedebiyat.com\/#website","url":"https:\/\/simurgedebiyat.com\/","name":"simurgedebiyat.com","description":"edebiyat&amp;K\u00fclt\u00fcr&amp;Sanat&amp;D\u00fc\u015f\u00fcnce ","publisher":{"@id":"https:\/\/simurgedebiyat.com\/#organization"},"potentialAction":[{"@type":"SearchAction","target":{"@type":"EntryPoint","urlTemplate":"https:\/\/simurgedebiyat.com\/?s={search_term_string}"},"query-input":{"@type":"PropertyValueSpecification","valueRequired":true,"valueName":"search_term_string"}}],"inLanguage":"tr"},{"@type":"Organization","@id":"https:\/\/simurgedebiyat.com\/#organization","name":"simurgedebiyat.com","url":"https:\/\/simurgedebiyat.com\/","logo":{"@type":"ImageObject","inLanguage":"tr","@id":"https:\/\/simurgedebiyat.com\/#\/schema\/logo\/image\/","url":"https:\/\/simurgedebiyat.com\/wp-content\/uploads\/2025\/11\/cropped-HHHHH-1.jpeg","contentUrl":"https:\/\/simurgedebiyat.com\/wp-content\/uploads\/2025\/11\/cropped-HHHHH-1.jpeg","width":245,"height":205,"caption":"simurgedebiyat.com"},"image":{"@id":"https:\/\/simurgedebiyat.com\/#\/schema\/logo\/image\/"}},{"@type":"Person","@id":"https:\/\/simurgedebiyat.com\/#\/schema\/person\/2b69186447343805a1de03a426a9c75c","name":"Tar\u0131k TORUN","image":{"@type":"ImageObject","inLanguage":"tr","@id":"https:\/\/simurgedebiyat.com\/#\/schema\/person\/image\/23494c9101089ad44ae88ce9d2f56aac","url":"https:\/\/secure.gravatar.com\/avatar\/?s=96&d=mm&r=g","contentUrl":"https:\/\/secure.gravatar.com\/avatar\/?s=96&d=mm&r=g","caption":"Tar\u0131k TORUN"},"description":"Bayburt\u2019un Bayraktar (Baks\u0131) k\u00f6y\u00fcnde do\u011fdu (1965). \u0130lk\u00f6\u011frenimini k\u00f6y\u00fcnde bitirdi. Ailesi ile birlikte \u00c7orum\u2019a g\u00f6\u00e7 etti (1975). Orta\u00f6\u011frenimini \u00c7orum\u2019da tamamlad\u0131. Karadeniz Teknik \u00dcniversitesi, Fatih E\u011fitim Fak\u00fcltesi, Co\u011frafya \u00d6\u011fretmenli\u011fi b\u00f6l\u00fcm\u00fcn\u00fc bitirdi (1988). 1989 \u2018dan itibaren pek \u00e7ok lisede co\u011frafya \u00f6\u011fretmenli\u011fi yapt\u0131. Bu arada Gazi \u00dcniversitesi, Sosyal Bilimler Enstit\u00fcs\u00fc, Co\u011frafya E\u011fitimi Y\u00fcksek Lisans (Master) program\u0131n\u0131 bitirdi. Anadolu \u00dcniversitesi, T\u00fcrk Dili ve Edebiyat\u0131 B\u00f6l\u00fcm\u00fcn\u00fc de bitirdi. Ayr\u0131ca \u0130stanbul \u00dcniversitesi, Hukuk Fak\u00fcltesi\u2019nde de okudu. MEB, \u00d6YGM, EARGED ve YE\u011e\u0130TEK\u2019de \u00f6\u011fretmen olarak \u00e7al\u0131\u015ft\u0131. \u0130LESAM, TYB, \u0130slam \u00dclkeleri Akademisyen ve Yazarlar Birli\u011fi ile Uluslararas\u0131 Bayburt Yazar ve Sanat\u00e7\u0131lar Derne\u011fi\u2019nin \u00fcyesidir. \u00c7e\u015fitli sosyal ve k\u00fclt\u00fcrel \u00e7al\u0131\u015fmalara kat\u0131lmaktad\u0131r. \u015eiir, deneme, makale, roman, hik\u00e2ye, gezi yaz\u0131s\u0131, ara\u015ft\u0131rma-inceleme alan\u0131ndaki \u00e7al\u0131\u015fmalar\u0131 halen devam etmektedir. \u00c7e\u015fitli kurulu\u015flardan ald\u0131\u011f\u0131 onlarca \u00f6d\u00fcl\u00fc bulunmaktad\u0131r. ESERLER\u0130 \u015eiir G\u00fclistan\u0131n G\u00fclleri-2006 Alizeler-2007 A\u015fk\u0131n Co\u011frafyas\u0131-2008 Meb\u015fure-2009 A\u015fko\u011frafya-2010 A\u015fkistan-2015 A\u015fka Yolculuk-2018 \u015eiir \u015eiir T\u00fcrkiye-I-2021 \u015eiir \u015eiir T\u00fcrkiye-II-2022 Neva-2026 Hik\u00e2ye G\u00fcne\u015fi Tut Ka\u00e7mas\u0131n-2011 A\u015fk\u0131n Kalbi-2015 Mor Da\u011flar\u0131n Balas\u0131-2025 Deneme Algoritmik Aforizmalar-2016 Sana D\u00fc\u015f\u00fcncelerle Gelsem-2026 Roman Piri Reis-2022","url":"https:\/\/simurgedebiyat.com\/index.php\/author\/tarik-torun\/"}]}},"featured_image_urls":{"full":["https:\/\/simurgedebiyat.com\/wp-content\/uploads\/2026\/08\/evlat-yetistirmede-soylem-ve-eylem-uyumu-neden-sart-199779.jpg",702,336,false],"thumbnail":["https:\/\/simurgedebiyat.com\/wp-content\/uploads\/2026\/08\/evlat-yetistirmede-soylem-ve-eylem-uyumu-neden-sart-199779-150x150.jpg",150,150,true],"medium":["https:\/\/simurgedebiyat.com\/wp-content\/uploads\/2026\/08\/evlat-yetistirmede-soylem-ve-eylem-uyumu-neden-sart-199779-300x144.jpg",300,144,true],"medium_large":["https:\/\/simurgedebiyat.com\/wp-content\/uploads\/2026\/08\/evlat-yetistirmede-soylem-ve-eylem-uyumu-neden-sart-199779.jpg",640,306,false],"large":["https:\/\/simurgedebiyat.com\/wp-content\/uploads\/2026\/08\/evlat-yetistirmede-soylem-ve-eylem-uyumu-neden-sart-199779.jpg",640,306,false],"1536x1536":["https:\/\/simurgedebiyat.com\/wp-content\/uploads\/2026\/08\/evlat-yetistirmede-soylem-ve-eylem-uyumu-neden-sart-199779.jpg",702,336,false],"2048x2048":["https:\/\/simurgedebiyat.com\/wp-content\/uploads\/2026\/08\/evlat-yetistirmede-soylem-ve-eylem-uyumu-neden-sart-199779.jpg",702,336,false],"covernews-slider-full":["https:\/\/simurgedebiyat.com\/wp-content\/uploads\/2026\/08\/evlat-yetistirmede-soylem-ve-eylem-uyumu-neden-sart-199779.jpg",702,336,false],"covernews-slider-center":["https:\/\/simurgedebiyat.com\/wp-content\/uploads\/2026\/08\/evlat-yetistirmede-soylem-ve-eylem-uyumu-neden-sart-199779.jpg",702,336,false],"covernews-featured":["https:\/\/simurgedebiyat.com\/wp-content\/uploads\/2026\/08\/evlat-yetistirmede-soylem-ve-eylem-uyumu-neden-sart-199779.jpg",702,336,false],"covernews-medium":["https:\/\/simurgedebiyat.com\/wp-content\/uploads\/2026\/08\/evlat-yetistirmede-soylem-ve-eylem-uyumu-neden-sart-199779-540x336.jpg",540,336,true],"covernews-medium-square":["https:\/\/simurgedebiyat.com\/wp-content\/uploads\/2026\/08\/evlat-yetistirmede-soylem-ve-eylem-uyumu-neden-sart-199779-400x250.jpg",400,250,true],"sow-carousel-default":["https:\/\/simurgedebiyat.com\/wp-content\/uploads\/2026\/08\/evlat-yetistirmede-soylem-ve-eylem-uyumu-neden-sart-199779-272x182.jpg",272,182,true],"sow-blog-portfolio":["https:\/\/simurgedebiyat.com\/wp-content\/uploads\/2026\/08\/evlat-yetistirmede-soylem-ve-eylem-uyumu-neden-sart-199779-375x336.jpg",375,336,true],"sow-blog-grid":["https:\/\/simurgedebiyat.com\/wp-content\/uploads\/2026\/08\/evlat-yetistirmede-soylem-ve-eylem-uyumu-neden-sart-199779.jpg",702,336,false],"sow-blog-alternate":["https:\/\/simurgedebiyat.com\/wp-content\/uploads\/2026\/08\/evlat-yetistirmede-soylem-ve-eylem-uyumu-neden-sart-199779.jpg",702,336,false],"sow-recent-post":["https:\/\/simurgedebiyat.com\/wp-content\/uploads\/2026\/08\/evlat-yetistirmede-soylem-ve-eylem-uyumu-neden-sart-199779-216x216.jpg",216,216,true]},"author_info":{"display_name":"Tar\u0131k TORUN","author_link":"https:\/\/simurgedebiyat.com\/index.php\/author\/tarik-torun\/"},"category_info":"<a href=\"https:\/\/simurgedebiyat.com\/index.php\/category\/deneme\/\" rel=\"category tag\">Deneme<\/a>","tag_info":"Deneme","comment_count":"0","jetpack_featured_media_url":"https:\/\/simurgedebiyat.com\/wp-content\/uploads\/2026\/08\/evlat-yetistirmede-soylem-ve-eylem-uyumu-neden-sart-199779.jpg","uagb_featured_image_src":{"full":["https:\/\/simurgedebiyat.com\/wp-content\/uploads\/2026\/08\/evlat-yetistirmede-soylem-ve-eylem-uyumu-neden-sart-199779.jpg",702,336,false],"thumbnail":["https:\/\/simurgedebiyat.com\/wp-content\/uploads\/2026\/08\/evlat-yetistirmede-soylem-ve-eylem-uyumu-neden-sart-199779-150x150.jpg",150,150,true],"medium":["https:\/\/simurgedebiyat.com\/wp-content\/uploads\/2026\/08\/evlat-yetistirmede-soylem-ve-eylem-uyumu-neden-sart-199779-300x144.jpg",300,144,true],"medium_large":["https:\/\/simurgedebiyat.com\/wp-content\/uploads\/2026\/08\/evlat-yetistirmede-soylem-ve-eylem-uyumu-neden-sart-199779.jpg",640,306,false],"large":["https:\/\/simurgedebiyat.com\/wp-content\/uploads\/2026\/08\/evlat-yetistirmede-soylem-ve-eylem-uyumu-neden-sart-199779.jpg",640,306,false],"1536x1536":["https:\/\/simurgedebiyat.com\/wp-content\/uploads\/2026\/08\/evlat-yetistirmede-soylem-ve-eylem-uyumu-neden-sart-199779.jpg",702,336,false],"2048x2048":["https:\/\/simurgedebiyat.com\/wp-content\/uploads\/2026\/08\/evlat-yetistirmede-soylem-ve-eylem-uyumu-neden-sart-199779.jpg",702,336,false],"covernews-slider-full":["https:\/\/simurgedebiyat.com\/wp-content\/uploads\/2026\/08\/evlat-yetistirmede-soylem-ve-eylem-uyumu-neden-sart-199779.jpg",702,336,false],"covernews-slider-center":["https:\/\/simurgedebiyat.com\/wp-content\/uploads\/2026\/08\/evlat-yetistirmede-soylem-ve-eylem-uyumu-neden-sart-199779.jpg",702,336,false],"covernews-featured":["https:\/\/simurgedebiyat.com\/wp-content\/uploads\/2026\/08\/evlat-yetistirmede-soylem-ve-eylem-uyumu-neden-sart-199779.jpg",702,336,false],"covernews-medium":["https:\/\/simurgedebiyat.com\/wp-content\/uploads\/2026\/08\/evlat-yetistirmede-soylem-ve-eylem-uyumu-neden-sart-199779-540x336.jpg",540,336,true],"covernews-medium-square":["https:\/\/simurgedebiyat.com\/wp-content\/uploads\/2026\/08\/evlat-yetistirmede-soylem-ve-eylem-uyumu-neden-sart-199779-400x250.jpg",400,250,true],"sow-carousel-default":["https:\/\/simurgedebiyat.com\/wp-content\/uploads\/2026\/08\/evlat-yetistirmede-soylem-ve-eylem-uyumu-neden-sart-199779-272x182.jpg",272,182,true],"sow-blog-portfolio":["https:\/\/simurgedebiyat.com\/wp-content\/uploads\/2026\/08\/evlat-yetistirmede-soylem-ve-eylem-uyumu-neden-sart-199779-375x336.jpg",375,336,true],"sow-blog-grid":["https:\/\/simurgedebiyat.com\/wp-content\/uploads\/2026\/08\/evlat-yetistirmede-soylem-ve-eylem-uyumu-neden-sart-199779.jpg",702,336,false],"sow-blog-alternate":["https:\/\/simurgedebiyat.com\/wp-content\/uploads\/2026\/08\/evlat-yetistirmede-soylem-ve-eylem-uyumu-neden-sart-199779.jpg",702,336,false],"sow-recent-post":["https:\/\/simurgedebiyat.com\/wp-content\/uploads\/2026\/08\/evlat-yetistirmede-soylem-ve-eylem-uyumu-neden-sart-199779-216x216.jpg",216,216,true]},"uagb_author_info":{"display_name":"Tar\u0131k TORUN","author_link":"https:\/\/simurgedebiyat.com\/index.php\/author\/tarik-torun\/"},"uagb_comment_info":0,"uagb_excerpt":"Her g\u00fcn onlarca, hatta y\u00fczlerce insanla yolumuz kesi\u015fir. Bir &#8220;merhaba&#8221; demeye g\u00f6r\u00fcn; kimisi hemen i\u00e7ini...","authors":[{"term_id":417,"user_id":3,"is_guest":0,"slug":"tarik-torun","display_name":"Tar\u0131k TORUN","avatar_url":{"url":"https:\/\/simurgedebiyat.com\/wp-content\/uploads\/2025\/10\/Tarik-TORUM.jpg","url2x":"https:\/\/simurgedebiyat.com\/wp-content\/uploads\/2025\/10\/Tarik-TORUM.jpg"},"first_name":"Tar\u0131k","last_name":"TORUN","user_url":"","job_title":"","description":"Bayburt\u2019un Bayraktar (Baks\u0131) k\u00f6y\u00fcnde do\u011fdu (1965). \u0130lk\u00f6\u011frenimini k\u00f6y\u00fcnde bitirdi. Ailesi ile birlikte \u00c7orum\u2019a g\u00f6\u00e7 etti (1975). Orta\u00f6\u011frenimini \u00c7orum\u2019da tamamlad\u0131. Karadeniz Teknik \u00dcniversitesi, Fatih E\u011fitim Fak\u00fcltesi, Co\u011frafya \u00d6\u011fretmenli\u011fi b\u00f6l\u00fcm\u00fcn\u00fc bitirdi (1988).\r\n1989 \u2018dan itibaren pek \u00e7ok lisede co\u011frafya \u00f6\u011fretmenli\u011fi yapt\u0131. Bu arada Gazi \u00dcniversitesi, Sosyal Bilimler Enstit\u00fcs\u00fc, Co\u011frafya E\u011fitimi Y\u00fcksek Lisans (Master) program\u0131n\u0131 bitirdi. Anadolu \u00dcniversitesi, T\u00fcrk Dili ve Edebiyat\u0131 B\u00f6l\u00fcm\u00fcn\u00fc de bitirdi. Ayr\u0131ca \u0130stanbul \u00dcniversitesi, Hukuk Fak\u00fcltesi\u2019nde de okudu. MEB, \u00d6YGM, EARGED ve YE\u011e\u0130TEK\u2019de \u00f6\u011fretmen olarak \u00e7al\u0131\u015ft\u0131. \u0130LESAM, TYB, \u0130slam \u00dclkeleri Akademisyen ve Yazarlar Birli\u011fi ile Uluslararas\u0131 Bayburt Yazar ve Sanat\u00e7\u0131lar Derne\u011fi\u2019nin \u00fcyesidir. \u00c7e\u015fitli sosyal ve k\u00fclt\u00fcrel \u00e7al\u0131\u015fmalara kat\u0131lmaktad\u0131r. \u015eiir, deneme, makale, roman, hik\u00e2ye, gezi yaz\u0131s\u0131, ara\u015ft\u0131rma-inceleme alan\u0131ndaki \u00e7al\u0131\u015fmalar\u0131 halen devam etmektedir. \u00c7e\u015fitli kurulu\u015flardan ald\u0131\u011f\u0131 onlarca \u00f6d\u00fcl\u00fc bulunmaktad\u0131r.\r\nESERLER\u0130\r\n\u015eiir\r\nG\u00fclistan\u0131n G\u00fclleri-2006 \r\nAlizeler-2007\r\nA\u015fk\u0131n Co\u011frafyas\u0131-2008\r\nMeb\u015fure-2009 \r\nA\u015fko\u011frafya-2010\r\nA\u015fkistan-2015              \r\nA\u015fka Yolculuk-2018\r\n\u015eiir \u015eiir T\u00fcrkiye-I-2021\r\n\u015eiir \u015eiir T\u00fcrkiye-II-2022\r\nNeva-2026\r\nHik\u00e2ye\r\nG\u00fcne\u015fi Tut Ka\u00e7mas\u0131n-2011 \r\nA\u015fk\u0131n Kalbi-2015\r\nMor Da\u011flar\u0131n Balas\u0131-2025\r\nDeneme\r\nAlgoritmik Aforizmalar-2016\r\nSana D\u00fc\u015f\u00fcncelerle Gelsem-2026\r\nRoman\r\nPiri Reis-2022\r\n"}],"_links":{"self":[{"href":"https:\/\/simurgedebiyat.com\/index.php\/wp-json\/wp\/v2\/posts\/4860","targetHints":{"allow":["GET"]}}],"collection":[{"href":"https:\/\/simurgedebiyat.com\/index.php\/wp-json\/wp\/v2\/posts"}],"about":[{"href":"https:\/\/simurgedebiyat.com\/index.php\/wp-json\/wp\/v2\/types\/post"}],"author":[{"embeddable":true,"href":"https:\/\/simurgedebiyat.com\/index.php\/wp-json\/wp\/v2\/users\/3"}],"replies":[{"embeddable":true,"href":"https:\/\/simurgedebiyat.com\/index.php\/wp-json\/wp\/v2\/comments?post=4860"}],"version-history":[{"count":1,"href":"https:\/\/simurgedebiyat.com\/index.php\/wp-json\/wp\/v2\/posts\/4860\/revisions"}],"predecessor-version":[{"id":4862,"href":"https:\/\/simurgedebiyat.com\/index.php\/wp-json\/wp\/v2\/posts\/4860\/revisions\/4862"}],"wp:featuredmedia":[{"embeddable":true,"href":"https:\/\/simurgedebiyat.com\/index.php\/wp-json\/wp\/v2\/media\/4861"}],"wp:attachment":[{"href":"https:\/\/simurgedebiyat.com\/index.php\/wp-json\/wp\/v2\/media?parent=4860"}],"wp:term":[{"taxonomy":"category","embeddable":true,"href":"https:\/\/simurgedebiyat.com\/index.php\/wp-json\/wp\/v2\/categories?post=4860"},{"taxonomy":"post_tag","embeddable":true,"href":"https:\/\/simurgedebiyat.com\/index.php\/wp-json\/wp\/v2\/tags?post=4860"},{"taxonomy":"author","embeddable":true,"href":"https:\/\/simurgedebiyat.com\/index.php\/wp-json\/wp\/v2\/ppma_author?post=4860"}],"curies":[{"name":"wp","href":"https:\/\/api.w.org\/{rel}","templated":true}]}}