{"id":4155,"date":"2026-03-11T15:06:58","date_gmt":"2026-03-11T12:06:58","guid":{"rendered":"https:\/\/simurgedebiyat.com\/?p=4155"},"modified":"2026-03-11T15:09:02","modified_gmt":"2026-03-11T12:09:02","slug":"muhtesem-bir-sese-ve-tuhaf-bir-kadere-sahip-bagriyanik-sarkicisi","status":"publish","type":"post","link":"https:\/\/simurgedebiyat.com\/index.php\/2026\/03\/11\/muhtesem-bir-sese-ve-tuhaf-bir-kadere-sahip-bagriyanik-sarkicisi\/","title":{"rendered":"Muhte\u015fem Bir Sese ve Tuhaf Bir Kadere Sahip &#8220;Ba\u011fr\u0131yan\u0131k&#8221; \u015eark\u0131c\u0131s\u0131&#8230;"},"content":{"rendered":"<p><strong>\u2026Y\u0131llar \u00f6ncesinden bir T\u00fcrk \u015fark\u0131s\u0131 dinliyordum. \u015eark\u0131c\u0131n\u0131n sanki yana yana s\u00f6yledi\u011fi bu \u015fark\u0131 kalbime dokundu. Tekrar tekrar dinledim. Bir insan\u0131n i\u00e7indeki ac\u0131y\u0131, neredeyse her t\u00fcrl\u00fc s\u0131k\u0131nt\u0131y\u0131 ifade eden bu \u015fark\u0131, onun sesine uyumlu bir \u015fekilde ak\u0131p gitti\u2026<\/strong><strong>&nbsp;<\/strong><strong>&nbsp;&nbsp;&nbsp;&nbsp;&nbsp;&nbsp;&nbsp;&nbsp;&nbsp;&nbsp;&nbsp;&nbsp;&nbsp;&nbsp; <\/strong><\/p>\n<p><strong>D\u00fcnya m\u00fczik d\u00fcnyas\u0131nda bir\u00e7ok s\u0131ra d\u0131\u015f\u0131 ses var, ancak T\u00fcrk m\u00fczi\u011fi e\u015fsiz. Bu belki de ayn\u0131 k\u00f6kten gelen insanlar\u0131n duygular\u0131n\u0131n birbirine daha yak\u0131n olmas\u0131ndan kaynaklan\u0131yor. Bahsetti\u011fim \u015fark\u0131 M\u00fcsl\u00fcm G\u00fcrs<\/strong><strong>e<\/strong><strong>s&#8217;<\/strong><strong>i<\/strong><strong>n &#8220;Ba\u011fr\u0131yan\u0131<\/strong><strong>k<\/strong><strong>&#8221; \u015fark\u0131s\u0131 ve yorumcusunun s\u0131k\u0131nt\u0131l\u0131 kaderiyle uyum i\u00e7inde gibiydi. Bilgi edinmek i\u00e7in bir ki\u015finin biyografisini incelemek bir gelenektir. Bu nedenle, \u015fark\u0131c\u0131n\u0131n ger\u00e7ek ad\u0131 M\u00fcsl\u00fcm Akba\u015f&#8217;t\u0131r ve 1953 y\u0131l\u0131nda \u015eanl\u0131urfa&#8217;n\u0131n Halfeti il\u00e7esine ba\u011fl\u0131 F\u0131st\u0131k\u00f6z\u00fc k\u00f6y\u00fcnde do\u011fmu\u015ftur. \u00c7ocuklu\u011funun ilk y\u0131llar\u0131n\u0131 \u015eanl\u0131urfa&#8217;da ge\u00e7iren \u015fark\u0131c\u0131, \u00fc\u00e7 ya\u015f\u0131ndayken ailesiyle birlikte Adana&#8217;ya ta\u015f\u0131nm\u0131\u015ft\u0131r. Bunun sebebi ya\u015fad\u0131klar\u0131 ekonomik zorluklard\u0131. Ayr\u0131ca Ahmed ad\u0131nda bir erkek karde\u015fi ve Zeyno ad\u0131nda bir k\u0131z karde\u015fi vard\u0131.<\/strong><strong>&nbsp;<\/strong><\/p>\n<p><strong>&nbsp;&nbsp;&nbsp;&nbsp;&nbsp; <img decoding=\"async\" src=\"https:\/\/i.ytimg.com\/vi\/dI9ROlohlmQ\/maxresdefault.jpg?sqp=-oaymwEmCIAKENAF8quKqQMa8AEB-AH-CYAC0AWKAgwIABABGGUgXChLMA8=&amp;rs=AOn4CLCKZwgwQpebuMU0pYVy2F9Exka23w\" alt=\"M\u00fcsl\u00fcm G\u00fcrses - Ba\u011fr\u0131yan\u0131k\">&nbsp;&nbsp;&nbsp;&nbsp;&nbsp;&nbsp;&nbsp; <\/strong><\/p>\n<p><strong>\u0130lkokuldan sonra e\u011fitimine devam edemeyen M\u00fcsl\u00fcm G\u00fcrses, bir s\u00fcre ayakkab\u0131c\u0131 ve terzi olarak \u00e7al\u0131\u015ft\u0131. Bir televizyon program\u0131na konuk olan usta sanaatkar, o g\u00fcnleri \u015f\u00f6yle anlatt\u0131: \u201cAdana&#8217;ya geldik. K\u00fc\u00e7\u00fck bir evde oturuyorduk. Adana o zamanlar elbette \u00e7ok s\u0131cakt\u0131. Herkes \u00e7at\u0131da uyuyordu. Biz de s\u0131caktan \u00e7at\u0131da uyuyorduk. Kendi kendimize \u015fark\u0131lar s\u00f6yl\u00fcyorduk. Kom\u015fular\u0131m\u0131z, \u201cSesiniz \u00e7ok g\u00fczel. Tekrar s\u00f6yleyin, bir tane daha s\u00f6yleyin\u201d diyorlard\u0131. O zamanlar Mustafa ad\u0131nda bir ayakkab\u0131c\u0131 arkada\u015f\u0131m\u0131z vard\u0131. Halk <\/strong><strong>E<\/strong><strong>\u011fitim <\/strong><strong>M<\/strong><strong>erkezi<\/strong><strong>\u2019<\/strong><strong>ne gidip ba\u011flama (saz benzeri bir T\u00fcrk telli \u00e7alg\u0131s\u0131) \u00e7al\u0131yordu. Halk <\/strong><strong>E<\/strong><strong>\u011fitim <\/strong><strong>M<\/strong><strong>erkezi<\/strong><strong>\u2019<\/strong><strong>nin \u00e7ok g\u00fczel oldu\u011funu s\u00f6yledi. \u201cBen de gidebilir miyim?\u201d diye sordum. \u201cGidebilirsin\u201d dedi. Gittim ve oradaki m\u00fczik e\u011fitimi \u00e7ok iyiydi. 4. veya 5. s\u0131n\u0131ftayd\u0131m. Bir s\u00fcre gittik. Orada olgunla\u015ft\u0131k. Olan biteni g\u00f6rd\u00fck. De\u011ferli \u00f6\u011fretmenlerimiz oldu.\u201d<\/strong><strong>&nbsp;<\/strong><strong>&nbsp;&nbsp;&nbsp;&nbsp;&nbsp;&nbsp;&nbsp;&nbsp;&nbsp;&nbsp;&nbsp;&nbsp;&nbsp;&nbsp; <\/strong><\/p>\n<p><strong>Babas\u0131n\u0131n itirazlar\u0131na ve annesinin deste\u011fine ra\u011fmen, M\u00fcsl\u00fcm 14 ya\u015f\u0131ndayken 1967 y\u0131l\u0131nda Adana&#8217;da bir \u00e7ay bah\u00e7esinde d\u00fczenlenen \u015fark\u0131 yar\u0131\u015fmas\u0131na kat\u0131ld\u0131 ve birincilik kazand\u0131. Ayn\u0131 yar\u0131\u015fmadan sonra &#8220;G\u00fcr<\/strong><strong>s<\/strong><strong>es&#8221; soyad\u0131n\u0131 ald\u0131 ve <\/strong><strong>H<\/strong><strong>alk <\/strong><strong>E<\/strong><strong>\u011fitim <\/strong><strong>M<\/strong><strong>erkezi<\/strong><strong>\u2019<\/strong><strong>nde m\u00fczik derslerine devam etti. Adana&#8217;daki bir kumarhanenin ba\u015f solisti Sad\u0131<\/strong><strong>k<\/strong><strong> Alt\u0131nme<\/strong><strong>\u015fe<\/strong><strong> hastalan\u0131nca, onun yerine ge\u00e7en sanat\u00e7\u0131 alk\u0131\u015flarla kar\u015f\u0131land\u0131 ve bir daha mikrofonu elinden b\u0131rakma&#8221;<\/strong><strong>emmi<\/strong><strong>o\u011flu\/Ovada <\/strong><strong>Ta\u015fa<\/strong> <strong>B<\/strong><strong>asma&#8221; ad\u0131. 1967&#8217;den itibaren sanat\u00e7\u0131, her cumartesi TRT &#8211; \u00c7ukurova Radyosu&#8217;nda canl\u0131 halk \u015fark\u0131lar\u0131 s\u00f6ylemeye ba\u015flad\u0131. Ayn\u0131 zamanda, 1968&#8217;de adl\u0131 ilk 45 dakikal\u0131k alb\u00fcm\u00fcn\u00fc \u00e7\u0131kard\u0131 ve kariyerinde h\u0131zla y\u00fckseldi.<\/strong><strong>&nbsp;&nbsp;&nbsp;&nbsp;<\/strong><\/p>\n<p><strong>&nbsp;&nbsp;&nbsp;&nbsp;&nbsp; <img decoding=\"async\" src=\"https:\/\/www.aa.com.tr\/uploads\/userFiles\/7e80dc7f-a011-4033-a881-3a6b5b580d82\/muslummmm-nn-b.jpg\" alt=\"Arabesk m\u00fczi\u011fin 'Baba's\u0131: M\u00fcsl\u00fcm G\u00fcrses\">&nbsp;&nbsp;&nbsp; <\/strong><\/p>\n<p><strong>Ancak sanat\u00e7\u0131n\u0131n aile hayat\u0131nda ya\u015fanan trajedi onu derinden sarst\u0131; 29 May\u0131s 1969&#8217;da babas\u0131 annesini \u00f6ld\u00fcrd\u00fc. Bir iddiaya g\u00f6re, ayn\u0131 g\u00fcn k\u0131z\u0131n\u0131 da (M\u00fcsl\u00fcm&#8217;\u00fcn k\u0131z karde\u015fini) \u00f6ld\u00fcren baba tutukland\u0131. G\u00fcrses bu olaydan sonra \u0130stanbul&#8217;a ta\u015f\u0131nd\u0131. Bu olay hakk\u0131nda konu\u015fmak istemedi. \u0130stanbul&#8217;da ya\u015famaya ba\u015flayan \u015fark\u0131c\u0131, orada 2 alb\u00fcm kaydetti.<\/strong><strong>&nbsp;<\/strong><strong>&nbsp;&nbsp;&nbsp;&nbsp;&nbsp;&nbsp;&nbsp;&nbsp;&nbsp;&nbsp;&nbsp;&nbsp;&nbsp;&nbsp; <\/strong><\/p>\n<p><strong>Sanat\u00e7\u0131n\u0131n kaderinde yaz\u0131l\u0131 olan ba\u015far\u0131s\u0131zl\u0131klar onu takip ediyor gibiydi. 1978&#8217;de, Anadolu konser program\u0131 i\u00e7in Tarsus&#8217;tan Adana&#8217;ya d\u00f6nerken acele eden \u015fark\u0131c\u0131 bir trafik kazas\u0131 ge\u00e7irdi. Kaza an\u0131nda \u00f6ld\u00fc\u011f\u00fc san\u0131larak morga kald\u0131r\u0131ld\u0131. Ancak son anda hayatta oldu\u011fu anla\u015f\u0131ld\u0131 ve ameliyata al\u0131nd\u0131. Kazada aln\u0131ndan ciddi bir yara alan \u015fark\u0131c\u0131n\u0131n beynini korumak i\u00e7in ba\u015f\u0131na bir plaka yerle\u015ftirildi. Kaza sonucunda sanat\u00e7\u0131 koku alma duyusunu kaybetti, ayr\u0131ca i\u015fitme duyusu da ciddi \u015fekilde zarar g\u00f6rd\u00fc ve k\u0131s\u0131k sesle konu\u015fmaya ba\u015flad\u0131.<\/strong><strong>&nbsp;<\/strong><strong>&nbsp;&nbsp;&nbsp;&nbsp;&nbsp;&nbsp;&nbsp;&nbsp;&nbsp;&nbsp;&nbsp;&nbsp;&nbsp;&nbsp; <\/strong><\/p>\n<p><strong>Bu kaza, M\u00fcsl\u00fcm G\u00fcrses&#8217;in hem ki\u015fisel hem de sanatsal hayat\u0131nda bir d\u00f6n\u00fcm noktas\u0131 oldu; kaza sonras\u0131nda sesinin derinli\u011fi ve performans tarz\u0131 bamba\u015fka bir seviyeye ula\u015ft\u0131. Dinleyicilere g\u00f6re, bu sese daha duygusal ve ac\u0131 dolu bir ton eklendi. Bu travma ayn\u0131 zamanda psikolojik bir deneyim olu\u015fturarak m\u00fczik tarz\u0131n\u0131n ve dinleyiciyle olan temas\u0131n\u0131n g\u00fc\u00e7lenmesine yol a\u00e7t\u0131. Ciddi bir kazadan sonra \u015fark\u0131c\u0131 adeta ikinci kez hayata d\u00f6nd\u00fc ve <\/strong><strong>Allah<\/strong><strong> onu hayranlar\u0131ndan ay\u0131rmak istemedi. Morgdan sahneye geri d\u00f6nd\u00fc. Hayat\u0131 parampar\u00e7a olan sanat\u00e7\u0131, sanat\u0131na devam edebildi ve 44 y\u0131ll\u0131k kariyeri boyunca 78 alb\u00fcm \u00e7\u0131kard\u0131. \u015eark\u0131c\u0131, &#8220;Hasta oldum Tanr\u0131m&#8221;, &#8220;B\u00fcy\u00fck Tanr\u0131m, bu ne dert?&#8221;, &#8220;Bu kadar i\u015fkence g\u00fcnaht\u0131r&#8221;, &#8220;Yeter Tanr\u0131m, yeter&#8221; gibi \u015fark\u0131lar\u0131 kaderine ve \u015fans\u0131na isyan edercesine s\u00f6yledi.<\/strong><strong>&nbsp;&nbsp;&nbsp;<\/strong><\/p>\n<p><strong>&nbsp;&nbsp;&nbsp;&nbsp; &nbsp; <img fetchpriority=\"high\" decoding=\"async\" class=\"\" src=\"https:\/\/www.uzelli.com\/images\/4cda73c113ce4e33b043dc9225f523d1.jpg\" alt=\"Uzelli\" width=\"1057\" height=\"755\">&nbsp;&nbsp;&nbsp;&nbsp; <\/strong><\/p>\n<p><strong>M\u00fcsl\u00fcm G\u00fcrses, \u015fark\u0131c\u0131l\u0131\u011f\u0131n yan\u0131 s\u0131ra bir\u00e7ok filmde de rol alm\u0131\u015ft\u0131r. \u0130lk olarak 1979 y\u0131l\u0131nda \u00e7ekilen &#8220;Asi&#8221; filminde yer alm\u0131\u015ft\u0131r. T\u00fcm zorluklara ra\u011fmen, onu her zaman hayata d\u00f6nd\u00fcren tek ki\u015fi e\u015fi M<\/strong><strong>u<\/strong><strong>hterem Nur olmu\u015ftur. 1982 y\u0131l\u0131nda Adana turunda tan\u0131\u015fm\u0131\u015flar ve bu tan\u0131\u015f\u0131kl\u0131ktan sonra hi\u00e7 ayr\u0131lmam\u0131\u015flard\u0131r. Film oyuncusu M<\/strong><strong>u<\/strong><strong>hterem Nur, e\u015finin iste\u011fi \u00fczerine sanattan emekli olmu\u015ftur. M\u00fcsl\u00fcm G\u00fcrses hayat\u0131 boyunca toplam 38 filmde rol alm\u0131\u015ft\u0131r. Rol ald\u0131\u011f\u0131 son film ise 2011 yap\u0131m\u0131 &#8220;G\u00f6steri D\u00fcnyas\u0131&#8221;d\u0131r. (2018&#8217;de &#8211; art\u0131k hayatta de\u011filken &#8211; sanat\u00e7\u0131n\u0131n kendi hayat hik\u00e2yesini anlatan &#8220;M\u00fcsl\u00fcm&#8221; filmi b\u00fcy\u00fck bir ba\u015far\u0131 elde etmi\u015fti.)<\/strong><strong>&nbsp;<\/strong><strong>&nbsp;&nbsp;&nbsp;&nbsp;&nbsp;&nbsp;&nbsp;&nbsp;&nbsp;&nbsp;&nbsp;&nbsp;&nbsp;&nbsp; <\/strong><\/p>\n<p><strong>Sanat\u00e7\u0131 olarak \u00f6l\u00fcms\u00fczl\u00fc\u011fe ula\u015fan M\u00fcsl\u00fcm G\u00fcrses, 15 Kas\u0131m 2012&#8217;de \u0130stanbul Memorial Hastanesi&#8217;nde &#8220;bypass&#8221; ameliyat\u0131 ge\u00e7irdi, ancak ameliyat sonras\u0131 akci\u011fer ve kalp yetmezli\u011fi nedeniyle yo\u011fun bak\u0131ma al\u0131nd\u0131. Yapay solunum cihaz\u0131na ba\u011fland\u0131. T\u00fcm \u00e7abalara ra\u011fmen G\u00fcrses, tedavi g\u00f6rd\u00fc\u011f\u00fc \u0130stanbul Memorial Hastanesi&#8217;nde 3 Mart 2013&#8217;te hayat\u0131n\u0131 kaybetti\u2026<\/strong><strong>&nbsp;<\/strong><\/p>\n<p><img decoding=\"async\" src=\"https:\/\/akdenizgazetesicom.teimg.com\/crop\/1280x720\/akdenizgazetesi-com\/uploads\/2026\/03\/muslum-gurses-kabri-basinda-anildi-japonyadan-bile-geldiler.jpg\" alt=\"M\u00fcsl\u00fcm G\u00fcrses Kabri Ba\u015f\u0131nda An\u0131ld\u0131: Japonya'dan Bile Geldiler! - Akdeniz Haber, Akdeniz Haberleri, Akdeniz G\u00fcndem | Akdeniz Gazetesi\"><\/p>\n<p><strong>***<\/strong><strong>&nbsp;&nbsp;&nbsp;&nbsp;&nbsp;&nbsp;&nbsp;&nbsp;&nbsp;&nbsp;&nbsp;&nbsp;&nbsp;&nbsp; <\/strong><\/p>\n<p><strong>\u2026\u0130nsanlar ona \u201cM\u00fcsl\u00fcm <\/strong><strong>B<\/strong><strong>aba\u201d derdi. \u00c7\u00fcnk\u00fc o sadece bir \u015fark\u0131c\u0131 de\u011fildi, sanki insanlar\u0131n ac\u0131lar\u0131n\u0131 sesinde ta\u015f\u0131yordu ve bu y\u00fczden hayranlar\u0131 ona bir baba gibi ba\u011flanm\u0131\u015ft\u0131. Ba\u015fka bir deyi\u015fle, \u201cM\u00fcsl\u00fcm <\/strong><strong>B<\/strong><strong>aba\u201d lakab\u0131 tesad\u00fcf de\u011fildi. Bir bak\u0131ma, yoksullar\u0131n ve d\u0131\u015flanm\u0131\u015flar\u0131n sesiydi. Dinleyicilerinin \u00e7o\u011fu i\u015f\u00e7iler, k\u0131rsaldan \u015fehre g\u00f6\u00e7 edenler, zor hayatlar ya\u015fayanlar ve mahalle gen\u00e7leriydi. Ac\u0131lar\u0131n\u0131 onun sesinde buldular. \u015eark\u0131c\u0131, ifade edemedikleri ac\u0131lar\u0131n\u0131 dile getiriyor gibiydi. Sesi \u201cac\u0131 sesi\u201dydi. M\u00fcsl\u00fcm G\u00fcrses \u015fark\u0131 s\u00f6ylerken sesi titrerdi. Bu ses i\u00e7ten geliyordu. \u0130nsanlar \u201c\u015fark\u0131 s\u00f6ylemiyor, yan\u0131yor\u201d derlerdi. Bu yanma hissi onu s\u0131radan bir \u015fark\u0131c\u0131dan ay\u0131r\u0131yordu. Konserlerinde insanlar a\u011flard\u0131, kollar\u0131n\u0131 kesen hayranlar olurdu (maalesef b\u00f6yle vakalar ya\u015fand\u0131) ve sahneye \u00e7\u0131k\u0131p bacaklar\u0131na sar\u0131lanlar olurdu. Bu sadece m\u00fczikten ibaret de\u011fildi, duygusal bir ba\u011fd\u0131. Hayranlar\u0131 i\u00e7in g\u00fc\u00e7l\u00fcyd\u00fc, sab\u0131rl\u0131yd\u0131, kaderin kar\u015f\u0131s\u0131nda dimdik duran bir adamd\u0131. \u0130nsanlar onun &#8220;\u00e7ocuklar\u0131&#8221; gibi hissediyorlard\u0131. \u0130nsanlar\u0131n ac\u0131s\u0131n\u0131 ta\u015f\u0131mak, onlar\u0131 teselli etmek \u2013 etraf\u0131nda duygusal bir aile yaratmak anlam\u0131na geliyordu. O sadece bir sanat\u00e7\u0131 de\u011fil, duygusal bir s\u0131\u011f\u0131nakt\u0131.<\/strong><strong>&nbsp;<\/strong><strong>&nbsp;&nbsp;&nbsp;&nbsp;&nbsp;&nbsp;&nbsp;&nbsp;&nbsp;&nbsp;&nbsp;&nbsp;&nbsp;&nbsp; <\/strong><\/p>\n<p><strong>\u00dcz\u00fcc\u00fc ve ac\u0131 dolu temalar ta\u015f\u0131yan \u015fark\u0131lar\u0131 &#8220;arabesk&#8221; t\u00fcr\u00fcndedir ve \u00e7ok g\u00fc\u00e7l\u00fc bir duygusal performans tarz\u0131na sahiptir. Arabesk, Do\u011fu (Arap) ezgileri ve T\u00fcrk m\u00fczi\u011finin bir kar\u0131\u015f\u0131m\u0131d\u0131r ve derin duygular, \u00fcz\u00fcnt\u00fc ve kadere kar\u015f\u0131 isyan i\u00e7eren bir T\u00fcrk m\u00fczik t\u00fcr\u00fcd\u00fcr. Bu t\u00fcr, T\u00fcrkiye&#8217;de olu\u015fmu\u015f ve \u00f6zellikle g\u00f6\u00e7men ve yoksul kesimler aras\u0131nda, Arap ezgileri ve T\u00fcrk sanat m\u00fczi\u011finin etkisiyle kent ortamlar\u0131nda yay\u0131lm\u0131\u015ft\u0131r. Daha \u00e7ok \u015fark\u0131 formundad\u0131r ve toplumsal ac\u0131y\u0131 ifade eder. Daha basit ve daha pop\u00fcler bir t\u00fcrd\u00fcr.<\/strong><strong>&nbsp;&nbsp;&nbsp;&nbsp;&nbsp;&nbsp;&nbsp;&nbsp;&nbsp;&nbsp;&nbsp;&nbsp;&nbsp;&nbsp; <\/strong><\/p>\n<p><strong>Arabesk m\u00fczik, uzun s\u00fcre elit \u00e7evreler taraf\u0131ndan k\u00fc\u00e7\u00fcmsenen bir t\u00fcrd\u00fc. Ancak M\u00fcsl\u00fcm G\u00fcrses bu t\u00fcr\u00fc sayg\u0131n, g\u00fc\u00e7l\u00fc ve derin bir seviyeye y\u00fckseltti. Bir zamanlar arabesk, &#8220;\u00e7ok \u00fcz\u00fcc\u00fc&#8221; ve &#8220;insanlar\u0131 karamsar yapan&#8221; bir t\u00fcr olarak ele\u015ftiriliyordu. Ancak milyonlarca insan bu m\u00fczik t\u00fcr\u00fcnde kendi i\u00e7 d\u00fcnyas\u0131n\u0131 buldu.<\/strong><strong>&nbsp;<\/strong><strong>&nbsp;&nbsp;&nbsp;<\/strong><\/p>\n<p><strong>&nbsp;&nbsp; <img decoding=\"async\" src=\"https:\/\/dpcdn.tebilisim.com\/crop\/1280x720\/sites\/2020\/01\/21\/369001-0.jpg\" alt=\"M\u00fcsl\u00fcm G\u00fcrses \u2013 Muhterem Nur aras\u0131nda ya\u015f fark\u0131 ka\u00e7? Muhterem Kur kimdir ya\u015f\u0131yor mu?\">&nbsp;&nbsp;&nbsp;&nbsp;&nbsp;&nbsp;&nbsp;&nbsp; <\/strong><\/p>\n<p><strong>Bu yaz\u0131da, efsanevi \u015fark\u0131c\u0131 M\u00fcsl\u00fcm G\u00fcrses&#8217;in hayat hik\u00e2yesinden baz\u0131 b\u00f6l\u00fcmler se\u00e7tik. Sadece bir \u015fark\u0131s\u0131ndan edindi\u011fimiz bu izlenimler, sanat\u00e7\u0131n\u0131n tuhaf kader dolu hayat\u0131na ve yarat\u0131c\u0131l\u0131\u011f\u0131na \u00e7ok k\u0131sa bir yolculuk yapmam\u0131z\u0131 sa\u011flad\u0131. G\u00f6zya\u015flar\u0131m\u0131 tutamad\u0131\u011f\u0131m i\u00e7in, okuyucular\u0131mla payla\u015ft\u0131\u011f\u0131m bu duygular\u0131 olabildi\u011fince k\u0131sa tutmaya \u00e7al\u0131\u015ft\u0131m. Dinledi\u011fim \u015fark\u0131n\u0131n s\u00f6zleri, sanat\u00e7\u0131n\u0131n hayat\u0131n\u0131 kendi sesiyle i\u00e7eriyor gibiydi ve \u015fark\u0131dan birka\u00e7 sat\u0131r\u0131 (orijinalini koruyarak) belirtmeden edemedim:<\/strong><strong>&nbsp;<\/strong><\/p>\n<p><strong><em>Ba\u011fr\u0131yan\u0131k<\/em><\/strong><\/p>\n<p><strong><em>Bu gen\u00e7 ya\u015f\u0131mda benii dertlere att\u0131n, felek<br \/>\nAc\u0131madan sen benim ba\u011fr\u0131m\u0131 yaktin, felek, of<br \/>\nHainsin, zalimsin sen, felek, felek<\/em><\/strong><\/p>\n<p>Bir g\u00fcn daha ge\u00e7ti \u00f6mr\u00fcmden<br \/>\nB\u00f6yle garip kald\u0131m ba\u011fr\u0131 yan\u0131k<br \/>\nKeder eksik olmaz g\u00f6nl\u00fcmden<br \/>\nG\u00f6ren bana diyor &#8220;Ba\u011fr\u0131yan\u0131k&#8221;<\/p>\n<p>B\u00fct\u00fcn \u00fcmitlerim bitmi\u015f, b\u00fct\u00fcn sevdiklerim gitmi\u015f<br \/>\nYa\u015famak hevesim bitmi\u015f, olmu\u015fum bir ba\u011fr\u0131 yan\u0131k<br \/>\nOooof<br \/>\nOf, of, ba\u011fr\u0131yan\u0131k<br \/>\nB\u00fct\u00fcn \u00fcmitlerin bitmi\u015f, b\u00fct\u00fcn sevdiklerin gitmi\u015f<br \/>\nYa\u015famak hevesin bitmi\u015f, olmu\u015fsun bir ba\u011fr\u0131 yan\u0131k<br \/>\nOooof<br \/>\nOf, of, ba\u011fr\u0131yan\u0131k<\/p>\n<p>\u015eimdi bir \u015fey gelmez elimden<br \/>\nGiden gitti beni benden al\u0131p<br \/>\nYa\u015flar akar iki g\u00f6z\u00fcmden<br \/>\nBir ba\u015f\u0131ma kald\u0131m ba\u011fr\u0131yan\u0131k<\/p>\n<p>B\u00fct\u00fcn \u00fcmitlerim bitmi\u015f, b\u00fct\u00fcn sevdiklerim gitmi\u015f<br \/>\nYa\u015famak hevesim bitmi\u015f, olmu\u015fum bir ba\u011fr\u0131yan\u0131k<br \/>\nOooof<br \/>\nOf, of, ba\u011fr\u0131yan\u0131k<br \/>\nB\u00fct\u00fcn \u00fcmitlerin bitmi\u015f, b\u00fct\u00fcn sevdiklerin gitmi\u015f<br \/>\nYa\u015famak hevesin bitmi\u015f, olmu\u015fsun bir ba\u011fr\u0131yan\u0131k<br \/>\nOooof<br \/>\nOf, of, ba\u011fr\u0131 yan\u0131k, of<strong><em>&nbsp;<\/em><\/strong><strong><em>&nbsp;<\/em><\/strong><strong><em>&nbsp;<\/em><\/strong><\/p>\n<p><strong><em>&nbsp;<\/em><\/strong><\/p>\n","protected":false},"excerpt":{"rendered":"<p>\u2026Y\u0131llar \u00f6ncesinden bir T\u00fcrk \u015fark\u0131s\u0131 dinliyordum. \u015eark\u0131c\u0131n\u0131n sanki yana yana s\u00f6yledi\u011fi bu \u015fark\u0131 kalbime dokundu&#8230;.<\/p>\n","protected":false},"author":57,"featured_media":4156,"comment_status":"open","ping_status":"open","sticky":false,"template":"","format":"standard","meta":{"_bbp_topic_count":0,"_bbp_reply_count":0,"_bbp_total_topic_count":0,"_bbp_total_reply_count":0,"_bbp_voice_count":0,"_bbp_anonymous_reply_count":0,"_bbp_topic_count_hidden":0,"_bbp_reply_count_hidden":0,"_bbp_forum_subforum_count":0,"om_disable_all_campaigns":false,"_uag_custom_page_level_css":"","ngg_post_thumbnail":0,"footnotes":""},"categories":[21],"tags":[],"ppma_author":[326],"class_list":["post-4155","post","type-post","status-publish","format-standard","has-post-thumbnail","hentry","category-sinematelevizyon"],"yoast_head":"<!-- This site is optimized with the Yoast SEO plugin v24.9 - https:\/\/yoast.com\/wordpress\/plugins\/seo\/ -->\n<title>Muhte\u015fem Bir Sese ve Tuhaf Bir Kadere Sahip &quot;Ba\u011fr\u0131yan\u0131k&quot; \u015eark\u0131c\u0131s\u0131... - simurgedebiyat.com<\/title>\n<meta name=\"robots\" content=\"index, follow, max-snippet:-1, max-image-preview:large, max-video-preview:-1\" \/>\n<link rel=\"canonical\" href=\"https:\/\/simurgedebiyat.com\/index.php\/2026\/03\/11\/muhtesem-bir-sese-ve-tuhaf-bir-kadere-sahip-bagriyanik-sarkicisi\/\" \/>\n<meta property=\"og:locale\" content=\"tr_TR\" \/>\n<meta property=\"og:type\" content=\"article\" \/>\n<meta property=\"og:title\" content=\"Muhte\u015fem Bir Sese ve Tuhaf Bir Kadere Sahip &quot;Ba\u011fr\u0131yan\u0131k&quot; \u015eark\u0131c\u0131s\u0131... - simurgedebiyat.com\" \/>\n<meta property=\"og:description\" content=\"\u2026Y\u0131llar \u00f6ncesinden bir T\u00fcrk \u015fark\u0131s\u0131 dinliyordum. \u015eark\u0131c\u0131n\u0131n sanki yana yana s\u00f6yledi\u011fi bu \u015fark\u0131 kalbime dokundu....\" \/>\n<meta property=\"og:url\" content=\"https:\/\/simurgedebiyat.com\/index.php\/2026\/03\/11\/muhtesem-bir-sese-ve-tuhaf-bir-kadere-sahip-bagriyanik-sarkicisi\/\" \/>\n<meta property=\"og:site_name\" content=\"simurgedebiyat.com\" \/>\n<meta property=\"article:published_time\" content=\"2026-03-11T12:06:58+00:00\" \/>\n<meta property=\"article:modified_time\" content=\"2026-03-11T12:09:02+00:00\" \/>\n<meta property=\"og:image\" content=\"https:\/\/simurgedebiyat.com\/wp-content\/uploads\/2026\/03\/Bagriyanik.jpg\" \/>\n\t<meta property=\"og:image:width\" content=\"300\" \/>\n\t<meta property=\"og:image:height\" content=\"300\" \/>\n\t<meta property=\"og:image:type\" content=\"image\/jpeg\" \/>\n<meta name=\"author\" content=\"Zeynep AL\u0130KIZI\" \/>\n<meta name=\"twitter:card\" content=\"summary_large_image\" \/>\n<meta name=\"twitter:label1\" content=\"Yazan:\" \/>\n\t<meta name=\"twitter:data1\" content=\"Zeynep AL\u0130KIZI\" \/>\n\t<meta name=\"twitter:label2\" content=\"Tahmini okuma s\u00fcresi\" \/>\n\t<meta name=\"twitter:data2\" content=\"9 dakika\" \/>\n<script type=\"application\/ld+json\" class=\"yoast-schema-graph\">{\"@context\":\"https:\/\/schema.org\",\"@graph\":[{\"@type\":\"Article\",\"@id\":\"https:\/\/simurgedebiyat.com\/index.php\/2026\/03\/11\/muhtesem-bir-sese-ve-tuhaf-bir-kadere-sahip-bagriyanik-sarkicisi\/#article\",\"isPartOf\":{\"@id\":\"https:\/\/simurgedebiyat.com\/index.php\/2026\/03\/11\/muhtesem-bir-sese-ve-tuhaf-bir-kadere-sahip-bagriyanik-sarkicisi\/\"},\"author\":{\"name\":\"Zeynep AL\u0130KIZI\",\"@id\":\"https:\/\/simurgedebiyat.com\/#\/schema\/person\/10acf976627984275c80197fb127c040\"},\"headline\":\"Muhte\u015fem Bir Sese ve Tuhaf Bir Kadere Sahip &#8220;Ba\u011fr\u0131yan\u0131k&#8221; \u015eark\u0131c\u0131s\u0131&#8230;\",\"datePublished\":\"2026-03-11T12:06:58+00:00\",\"dateModified\":\"2026-03-11T12:09:02+00:00\",\"mainEntityOfPage\":{\"@id\":\"https:\/\/simurgedebiyat.com\/index.php\/2026\/03\/11\/muhtesem-bir-sese-ve-tuhaf-bir-kadere-sahip-bagriyanik-sarkicisi\/\"},\"wordCount\":1941,\"commentCount\":3,\"publisher\":{\"@id\":\"https:\/\/simurgedebiyat.com\/#organization\"},\"image\":{\"@id\":\"https:\/\/simurgedebiyat.com\/index.php\/2026\/03\/11\/muhtesem-bir-sese-ve-tuhaf-bir-kadere-sahip-bagriyanik-sarkicisi\/#primaryimage\"},\"thumbnailUrl\":\"https:\/\/simurgedebiyat.com\/wp-content\/uploads\/2026\/03\/Bagriyanik.jpg\",\"articleSection\":[\"Sinema\/Tiyatro&amp;Tv\"],\"inLanguage\":\"tr\",\"potentialAction\":[{\"@type\":\"CommentAction\",\"name\":\"Comment\",\"target\":[\"https:\/\/simurgedebiyat.com\/index.php\/2026\/03\/11\/muhtesem-bir-sese-ve-tuhaf-bir-kadere-sahip-bagriyanik-sarkicisi\/#respond\"]}]},{\"@type\":\"WebPage\",\"@id\":\"https:\/\/simurgedebiyat.com\/index.php\/2026\/03\/11\/muhtesem-bir-sese-ve-tuhaf-bir-kadere-sahip-bagriyanik-sarkicisi\/\",\"url\":\"https:\/\/simurgedebiyat.com\/index.php\/2026\/03\/11\/muhtesem-bir-sese-ve-tuhaf-bir-kadere-sahip-bagriyanik-sarkicisi\/\",\"name\":\"Muhte\u015fem Bir Sese ve Tuhaf Bir Kadere Sahip \\\"Ba\u011fr\u0131yan\u0131k\\\" \u015eark\u0131c\u0131s\u0131... - simurgedebiyat.com\",\"isPartOf\":{\"@id\":\"https:\/\/simurgedebiyat.com\/#website\"},\"primaryImageOfPage\":{\"@id\":\"https:\/\/simurgedebiyat.com\/index.php\/2026\/03\/11\/muhtesem-bir-sese-ve-tuhaf-bir-kadere-sahip-bagriyanik-sarkicisi\/#primaryimage\"},\"image\":{\"@id\":\"https:\/\/simurgedebiyat.com\/index.php\/2026\/03\/11\/muhtesem-bir-sese-ve-tuhaf-bir-kadere-sahip-bagriyanik-sarkicisi\/#primaryimage\"},\"thumbnailUrl\":\"https:\/\/simurgedebiyat.com\/wp-content\/uploads\/2026\/03\/Bagriyanik.jpg\",\"datePublished\":\"2026-03-11T12:06:58+00:00\",\"dateModified\":\"2026-03-11T12:09:02+00:00\",\"breadcrumb\":{\"@id\":\"https:\/\/simurgedebiyat.com\/index.php\/2026\/03\/11\/muhtesem-bir-sese-ve-tuhaf-bir-kadere-sahip-bagriyanik-sarkicisi\/#breadcrumb\"},\"inLanguage\":\"tr\",\"potentialAction\":[{\"@type\":\"ReadAction\",\"target\":[\"https:\/\/simurgedebiyat.com\/index.php\/2026\/03\/11\/muhtesem-bir-sese-ve-tuhaf-bir-kadere-sahip-bagriyanik-sarkicisi\/\"]}]},{\"@type\":\"ImageObject\",\"inLanguage\":\"tr\",\"@id\":\"https:\/\/simurgedebiyat.com\/index.php\/2026\/03\/11\/muhtesem-bir-sese-ve-tuhaf-bir-kadere-sahip-bagriyanik-sarkicisi\/#primaryimage\",\"url\":\"https:\/\/simurgedebiyat.com\/wp-content\/uploads\/2026\/03\/Bagriyanik.jpg\",\"contentUrl\":\"https:\/\/simurgedebiyat.com\/wp-content\/uploads\/2026\/03\/Bagriyanik.jpg\",\"width\":300,\"height\":300},{\"@type\":\"BreadcrumbList\",\"@id\":\"https:\/\/simurgedebiyat.com\/index.php\/2026\/03\/11\/muhtesem-bir-sese-ve-tuhaf-bir-kadere-sahip-bagriyanik-sarkicisi\/#breadcrumb\",\"itemListElement\":[{\"@type\":\"ListItem\",\"position\":1,\"name\":\"Anasayfa\",\"item\":\"https:\/\/simurgedebiyat.com\/\"},{\"@type\":\"ListItem\",\"position\":2,\"name\":\"Muhte\u015fem Bir Sese ve Tuhaf Bir Kadere Sahip &#8220;Ba\u011fr\u0131yan\u0131k&#8221; \u015eark\u0131c\u0131s\u0131&#8230;\"}]},{\"@type\":\"WebSite\",\"@id\":\"https:\/\/simurgedebiyat.com\/#website\",\"url\":\"https:\/\/simurgedebiyat.com\/\",\"name\":\"simurgedebiyat.com\",\"description\":\"edebiyat&amp;K\u00fclt\u00fcr&amp;Sanat&amp;D\u00fc\u015f\u00fcnce \",\"publisher\":{\"@id\":\"https:\/\/simurgedebiyat.com\/#organization\"},\"potentialAction\":[{\"@type\":\"SearchAction\",\"target\":{\"@type\":\"EntryPoint\",\"urlTemplate\":\"https:\/\/simurgedebiyat.com\/?s={search_term_string}\"},\"query-input\":{\"@type\":\"PropertyValueSpecification\",\"valueRequired\":true,\"valueName\":\"search_term_string\"}}],\"inLanguage\":\"tr\"},{\"@type\":\"Organization\",\"@id\":\"https:\/\/simurgedebiyat.com\/#organization\",\"name\":\"simurgedebiyat.com\",\"url\":\"https:\/\/simurgedebiyat.com\/\",\"logo\":{\"@type\":\"ImageObject\",\"inLanguage\":\"tr\",\"@id\":\"https:\/\/simurgedebiyat.com\/#\/schema\/logo\/image\/\",\"url\":\"https:\/\/simurgedebiyat.com\/wp-content\/uploads\/2025\/11\/cropped-HHHHH-1.jpeg\",\"contentUrl\":\"https:\/\/simurgedebiyat.com\/wp-content\/uploads\/2025\/11\/cropped-HHHHH-1.jpeg\",\"width\":245,\"height\":205,\"caption\":\"simurgedebiyat.com\"},\"image\":{\"@id\":\"https:\/\/simurgedebiyat.com\/#\/schema\/logo\/image\/\"}},{\"@type\":\"Person\",\"@id\":\"https:\/\/simurgedebiyat.com\/#\/schema\/person\/10acf976627984275c80197fb127c040\",\"name\":\"Zeynep AL\u0130KIZI\",\"image\":{\"@type\":\"ImageObject\",\"inLanguage\":\"tr\",\"@id\":\"https:\/\/simurgedebiyat.com\/#\/schema\/person\/image\/fb9390315cc3812aee22326d28b43440\",\"url\":\"https:\/\/simurgedebiyat.com\/wp-content\/uploads\/2026\/02\/6a48738a-4685-4026-88bb-59675ed09d891.jpg\",\"contentUrl\":\"https:\/\/simurgedebiyat.com\/wp-content\/uploads\/2026\/02\/6a48738a-4685-4026-88bb-59675ed09d891.jpg\",\"caption\":\"Zeynep AL\u0130KIZI\"},\"description\":\"Zeyneb Alik\u0131z\u0131, Azerbaycan'\u0131n La\u00e7in b\u00f6lgesinde do\u011fdu. Hik\u00e2yeleri periyodik olarak \u201cAzerbaycan\u201d, \u201cUlduz\u201d, \u201cLiteraturniy Azerbaycan\u201d dergilerinde, \u201c525-ci qazet\u201d, \u201cKaspi\u201d, \u201cAdalet\u201d, \u201cKulis.az\u201d gazetelerinin edebiyat b\u00f6l\u00fcmlerinde ve di\u011fer gazete ve internet sitelerinde yay\u0131mland\u0131. \u201cBurul\u011fan\u201d (Girdap) adl\u0131 \u00f6yk\u00fc ve hikayeler kitab\u0131n\u0131n yazar\u0131d\u0131r. \u00d6yk\u00fcleri T\u00fcrk\u00e7e ve Rus\u00e7aya \u00e7evrildi. Azerbaycan Yazarlar Birli\u011fi \u00fcyesidir. T\u00fcrk edebiyat\u0131ndan, yazar-psikiyatrist G\u00fclseren Buday\u0131c\u0131o\u011flu'nun \u201cHayata D\u00f6n\u201d roman\u0131n\u0131 ve Fikret Ero\u011flu'nun 5 ciltlik \u201cMelike Adenya Diyar\u0131nda\u201d masal serisini Azerbaycan t\u00fcrk\u00e7esine uyarlad\u0131. Halk yazar\u0131 Cengiz Abd\u00fcllayev'in \u00e7ok say\u0131da eserini Azerbaycan t\u00fcrk\u00e7esine \u00e7evirdi ve d\u00fczenledi. K\u0131rg\u0131z yazar Sultan Rayev'in \u201cG\u00fcne\u015fi Elinde Tutan \u00c7ocuk\u201d ve \u201cKa\u015faba\u201d eserlerini Rus\u00e7adan Azerbaycan diline \u00e7evirdi. Ayr\u0131ca \u015fu anda yay\u0131nlanmam\u0131\u015f, \u00fczerinde \u00e7al\u0131\u015ft\u0131\u011f\u0131 ve tamamlanm\u0131\u015f birka\u00e7 \u00e7evirisi de bulunmaktad\u0131r. Frans\u0131z yazarlar Noel Calef'in \u201c\u0130dam Sehpas\u0131 Asans\u00f6r\u00fc\u201d, Michel Lebre'nin \u201cTart\u0131\u015fmalar Girdab\u0131nda Silviya\u201d, Margaret Duras'\u0131n \u201cCebelitar\u0131kl\u0131 Denizci\u201d, A. Dumas'\u0131n bir\u00e7ok \u00f6yk\u00fcs\u00fc ve \u0130ngiliz edebiyat\u0131n\u0131n bir\u00e7ok eserini (Rus\u00e7adan) Azerbaycan t\u00fcr\u00e7esine \u00e7evirdi. Ayn\u0131 zamanda Rus edebiyat\u0131ndan da \u00f6rnekler \u00e7evirdi. \u201cMaarif\u00e7i\u201d, \u201cSes\u201d, \u201cKaspi\u201d, \u201cTezadlar\u201d, \u201cMedeniyet\u201d ve di\u011fer gazetelerde \u00e7al\u0131\u015fd\u0131. Azerbaycan Terc\u00fcme Merkezi'nde \u00e7evrilmi\u015f ve yay\u0131nlanm\u0131\u015f eserlerin d\u00fczeltme ve edit\u00f6rl\u00fc\u011f\u00fcn\u00fc yapt\u0131.\",\"url\":\"https:\/\/simurgedebiyat.com\/index.php\/author\/zeynep-alikizi\/\"}]}<\/script>\n<!-- \/ Yoast SEO plugin. -->","yoast_head_json":{"title":"Muhte\u015fem Bir Sese ve Tuhaf Bir Kadere Sahip \"Ba\u011fr\u0131yan\u0131k\" \u015eark\u0131c\u0131s\u0131... - simurgedebiyat.com","robots":{"index":"index","follow":"follow","max-snippet":"max-snippet:-1","max-image-preview":"max-image-preview:large","max-video-preview":"max-video-preview:-1"},"canonical":"https:\/\/simurgedebiyat.com\/index.php\/2026\/03\/11\/muhtesem-bir-sese-ve-tuhaf-bir-kadere-sahip-bagriyanik-sarkicisi\/","og_locale":"tr_TR","og_type":"article","og_title":"Muhte\u015fem Bir Sese ve Tuhaf Bir Kadere Sahip \"Ba\u011fr\u0131yan\u0131k\" \u015eark\u0131c\u0131s\u0131... - simurgedebiyat.com","og_description":"\u2026Y\u0131llar \u00f6ncesinden bir T\u00fcrk \u015fark\u0131s\u0131 dinliyordum. \u015eark\u0131c\u0131n\u0131n sanki yana yana s\u00f6yledi\u011fi bu \u015fark\u0131 kalbime dokundu....","og_url":"https:\/\/simurgedebiyat.com\/index.php\/2026\/03\/11\/muhtesem-bir-sese-ve-tuhaf-bir-kadere-sahip-bagriyanik-sarkicisi\/","og_site_name":"simurgedebiyat.com","article_published_time":"2026-03-11T12:06:58+00:00","article_modified_time":"2026-03-11T12:09:02+00:00","og_image":[{"width":300,"height":300,"url":"https:\/\/simurgedebiyat.com\/wp-content\/uploads\/2026\/03\/Bagriyanik.jpg","type":"image\/jpeg"}],"author":"Zeynep AL\u0130KIZI","twitter_card":"summary_large_image","twitter_misc":{"Yazan:":"Zeynep AL\u0130KIZI","Tahmini okuma s\u00fcresi":"9 dakika"},"schema":{"@context":"https:\/\/schema.org","@graph":[{"@type":"Article","@id":"https:\/\/simurgedebiyat.com\/index.php\/2026\/03\/11\/muhtesem-bir-sese-ve-tuhaf-bir-kadere-sahip-bagriyanik-sarkicisi\/#article","isPartOf":{"@id":"https:\/\/simurgedebiyat.com\/index.php\/2026\/03\/11\/muhtesem-bir-sese-ve-tuhaf-bir-kadere-sahip-bagriyanik-sarkicisi\/"},"author":{"name":"Zeynep AL\u0130KIZI","@id":"https:\/\/simurgedebiyat.com\/#\/schema\/person\/10acf976627984275c80197fb127c040"},"headline":"Muhte\u015fem Bir Sese ve Tuhaf Bir Kadere Sahip &#8220;Ba\u011fr\u0131yan\u0131k&#8221; \u015eark\u0131c\u0131s\u0131&#8230;","datePublished":"2026-03-11T12:06:58+00:00","dateModified":"2026-03-11T12:09:02+00:00","mainEntityOfPage":{"@id":"https:\/\/simurgedebiyat.com\/index.php\/2026\/03\/11\/muhtesem-bir-sese-ve-tuhaf-bir-kadere-sahip-bagriyanik-sarkicisi\/"},"wordCount":1941,"commentCount":3,"publisher":{"@id":"https:\/\/simurgedebiyat.com\/#organization"},"image":{"@id":"https:\/\/simurgedebiyat.com\/index.php\/2026\/03\/11\/muhtesem-bir-sese-ve-tuhaf-bir-kadere-sahip-bagriyanik-sarkicisi\/#primaryimage"},"thumbnailUrl":"https:\/\/simurgedebiyat.com\/wp-content\/uploads\/2026\/03\/Bagriyanik.jpg","articleSection":["Sinema\/Tiyatro&amp;Tv"],"inLanguage":"tr","potentialAction":[{"@type":"CommentAction","name":"Comment","target":["https:\/\/simurgedebiyat.com\/index.php\/2026\/03\/11\/muhtesem-bir-sese-ve-tuhaf-bir-kadere-sahip-bagriyanik-sarkicisi\/#respond"]}]},{"@type":"WebPage","@id":"https:\/\/simurgedebiyat.com\/index.php\/2026\/03\/11\/muhtesem-bir-sese-ve-tuhaf-bir-kadere-sahip-bagriyanik-sarkicisi\/","url":"https:\/\/simurgedebiyat.com\/index.php\/2026\/03\/11\/muhtesem-bir-sese-ve-tuhaf-bir-kadere-sahip-bagriyanik-sarkicisi\/","name":"Muhte\u015fem Bir Sese ve Tuhaf Bir Kadere Sahip \"Ba\u011fr\u0131yan\u0131k\" \u015eark\u0131c\u0131s\u0131... - simurgedebiyat.com","isPartOf":{"@id":"https:\/\/simurgedebiyat.com\/#website"},"primaryImageOfPage":{"@id":"https:\/\/simurgedebiyat.com\/index.php\/2026\/03\/11\/muhtesem-bir-sese-ve-tuhaf-bir-kadere-sahip-bagriyanik-sarkicisi\/#primaryimage"},"image":{"@id":"https:\/\/simurgedebiyat.com\/index.php\/2026\/03\/11\/muhtesem-bir-sese-ve-tuhaf-bir-kadere-sahip-bagriyanik-sarkicisi\/#primaryimage"},"thumbnailUrl":"https:\/\/simurgedebiyat.com\/wp-content\/uploads\/2026\/03\/Bagriyanik.jpg","datePublished":"2026-03-11T12:06:58+00:00","dateModified":"2026-03-11T12:09:02+00:00","breadcrumb":{"@id":"https:\/\/simurgedebiyat.com\/index.php\/2026\/03\/11\/muhtesem-bir-sese-ve-tuhaf-bir-kadere-sahip-bagriyanik-sarkicisi\/#breadcrumb"},"inLanguage":"tr","potentialAction":[{"@type":"ReadAction","target":["https:\/\/simurgedebiyat.com\/index.php\/2026\/03\/11\/muhtesem-bir-sese-ve-tuhaf-bir-kadere-sahip-bagriyanik-sarkicisi\/"]}]},{"@type":"ImageObject","inLanguage":"tr","@id":"https:\/\/simurgedebiyat.com\/index.php\/2026\/03\/11\/muhtesem-bir-sese-ve-tuhaf-bir-kadere-sahip-bagriyanik-sarkicisi\/#primaryimage","url":"https:\/\/simurgedebiyat.com\/wp-content\/uploads\/2026\/03\/Bagriyanik.jpg","contentUrl":"https:\/\/simurgedebiyat.com\/wp-content\/uploads\/2026\/03\/Bagriyanik.jpg","width":300,"height":300},{"@type":"BreadcrumbList","@id":"https:\/\/simurgedebiyat.com\/index.php\/2026\/03\/11\/muhtesem-bir-sese-ve-tuhaf-bir-kadere-sahip-bagriyanik-sarkicisi\/#breadcrumb","itemListElement":[{"@type":"ListItem","position":1,"name":"Anasayfa","item":"https:\/\/simurgedebiyat.com\/"},{"@type":"ListItem","position":2,"name":"Muhte\u015fem Bir Sese ve Tuhaf Bir Kadere Sahip &#8220;Ba\u011fr\u0131yan\u0131k&#8221; \u015eark\u0131c\u0131s\u0131&#8230;"}]},{"@type":"WebSite","@id":"https:\/\/simurgedebiyat.com\/#website","url":"https:\/\/simurgedebiyat.com\/","name":"simurgedebiyat.com","description":"edebiyat&amp;K\u00fclt\u00fcr&amp;Sanat&amp;D\u00fc\u015f\u00fcnce ","publisher":{"@id":"https:\/\/simurgedebiyat.com\/#organization"},"potentialAction":[{"@type":"SearchAction","target":{"@type":"EntryPoint","urlTemplate":"https:\/\/simurgedebiyat.com\/?s={search_term_string}"},"query-input":{"@type":"PropertyValueSpecification","valueRequired":true,"valueName":"search_term_string"}}],"inLanguage":"tr"},{"@type":"Organization","@id":"https:\/\/simurgedebiyat.com\/#organization","name":"simurgedebiyat.com","url":"https:\/\/simurgedebiyat.com\/","logo":{"@type":"ImageObject","inLanguage":"tr","@id":"https:\/\/simurgedebiyat.com\/#\/schema\/logo\/image\/","url":"https:\/\/simurgedebiyat.com\/wp-content\/uploads\/2025\/11\/cropped-HHHHH-1.jpeg","contentUrl":"https:\/\/simurgedebiyat.com\/wp-content\/uploads\/2025\/11\/cropped-HHHHH-1.jpeg","width":245,"height":205,"caption":"simurgedebiyat.com"},"image":{"@id":"https:\/\/simurgedebiyat.com\/#\/schema\/logo\/image\/"}},{"@type":"Person","@id":"https:\/\/simurgedebiyat.com\/#\/schema\/person\/10acf976627984275c80197fb127c040","name":"Zeynep AL\u0130KIZI","image":{"@type":"ImageObject","inLanguage":"tr","@id":"https:\/\/simurgedebiyat.com\/#\/schema\/person\/image\/fb9390315cc3812aee22326d28b43440","url":"https:\/\/simurgedebiyat.com\/wp-content\/uploads\/2026\/02\/6a48738a-4685-4026-88bb-59675ed09d891.jpg","contentUrl":"https:\/\/simurgedebiyat.com\/wp-content\/uploads\/2026\/02\/6a48738a-4685-4026-88bb-59675ed09d891.jpg","caption":"Zeynep AL\u0130KIZI"},"description":"Zeyneb Alik\u0131z\u0131, Azerbaycan'\u0131n La\u00e7in b\u00f6lgesinde do\u011fdu. Hik\u00e2yeleri periyodik olarak \u201cAzerbaycan\u201d, \u201cUlduz\u201d, \u201cLiteraturniy Azerbaycan\u201d dergilerinde, \u201c525-ci qazet\u201d, \u201cKaspi\u201d, \u201cAdalet\u201d, \u201cKulis.az\u201d gazetelerinin edebiyat b\u00f6l\u00fcmlerinde ve di\u011fer gazete ve internet sitelerinde yay\u0131mland\u0131. \u201cBurul\u011fan\u201d (Girdap) adl\u0131 \u00f6yk\u00fc ve hikayeler kitab\u0131n\u0131n yazar\u0131d\u0131r. \u00d6yk\u00fcleri T\u00fcrk\u00e7e ve Rus\u00e7aya \u00e7evrildi. Azerbaycan Yazarlar Birli\u011fi \u00fcyesidir. T\u00fcrk edebiyat\u0131ndan, yazar-psikiyatrist G\u00fclseren Buday\u0131c\u0131o\u011flu'nun \u201cHayata D\u00f6n\u201d roman\u0131n\u0131 ve Fikret Ero\u011flu'nun 5 ciltlik \u201cMelike Adenya Diyar\u0131nda\u201d masal serisini Azerbaycan t\u00fcrk\u00e7esine uyarlad\u0131. Halk yazar\u0131 Cengiz Abd\u00fcllayev'in \u00e7ok say\u0131da eserini Azerbaycan t\u00fcrk\u00e7esine \u00e7evirdi ve d\u00fczenledi. K\u0131rg\u0131z yazar Sultan Rayev'in \u201cG\u00fcne\u015fi Elinde Tutan \u00c7ocuk\u201d ve \u201cKa\u015faba\u201d eserlerini Rus\u00e7adan Azerbaycan diline \u00e7evirdi. Ayr\u0131ca \u015fu anda yay\u0131nlanmam\u0131\u015f, \u00fczerinde \u00e7al\u0131\u015ft\u0131\u011f\u0131 ve tamamlanm\u0131\u015f birka\u00e7 \u00e7evirisi de bulunmaktad\u0131r. Frans\u0131z yazarlar Noel Calef'in \u201c\u0130dam Sehpas\u0131 Asans\u00f6r\u00fc\u201d, Michel Lebre'nin \u201cTart\u0131\u015fmalar Girdab\u0131nda Silviya\u201d, Margaret Duras'\u0131n \u201cCebelitar\u0131kl\u0131 Denizci\u201d, A. Dumas'\u0131n bir\u00e7ok \u00f6yk\u00fcs\u00fc ve \u0130ngiliz edebiyat\u0131n\u0131n bir\u00e7ok eserini (Rus\u00e7adan) Azerbaycan t\u00fcr\u00e7esine \u00e7evirdi. Ayn\u0131 zamanda Rus edebiyat\u0131ndan da \u00f6rnekler \u00e7evirdi. \u201cMaarif\u00e7i\u201d, \u201cSes\u201d, \u201cKaspi\u201d, \u201cTezadlar\u201d, \u201cMedeniyet\u201d ve di\u011fer gazetelerde \u00e7al\u0131\u015fd\u0131. Azerbaycan Terc\u00fcme Merkezi'nde \u00e7evrilmi\u015f ve yay\u0131nlanm\u0131\u015f eserlerin d\u00fczeltme ve edit\u00f6rl\u00fc\u011f\u00fcn\u00fc yapt\u0131.","url":"https:\/\/simurgedebiyat.com\/index.php\/author\/zeynep-alikizi\/"}]}},"featured_image_urls":{"full":["https:\/\/simurgedebiyat.com\/wp-content\/uploads\/2026\/03\/Bagriyanik.jpg",300,300,false],"thumbnail":["https:\/\/simurgedebiyat.com\/wp-content\/uploads\/2026\/03\/Bagriyanik-150x150.jpg",150,150,true],"medium":["https:\/\/simurgedebiyat.com\/wp-content\/uploads\/2026\/03\/Bagriyanik.jpg",300,300,false],"medium_large":["https:\/\/simurgedebiyat.com\/wp-content\/uploads\/2026\/03\/Bagriyanik.jpg",300,300,false],"large":["https:\/\/simurgedebiyat.com\/wp-content\/uploads\/2026\/03\/Bagriyanik.jpg",300,300,false],"1536x1536":["https:\/\/simurgedebiyat.com\/wp-content\/uploads\/2026\/03\/Bagriyanik.jpg",300,300,false],"2048x2048":["https:\/\/simurgedebiyat.com\/wp-content\/uploads\/2026\/03\/Bagriyanik.jpg",300,300,false],"covernews-slider-full":["https:\/\/simurgedebiyat.com\/wp-content\/uploads\/2026\/03\/Bagriyanik.jpg",300,300,false],"covernews-slider-center":["https:\/\/simurgedebiyat.com\/wp-content\/uploads\/2026\/03\/Bagriyanik.jpg",300,300,false],"covernews-featured":["https:\/\/simurgedebiyat.com\/wp-content\/uploads\/2026\/03\/Bagriyanik.jpg",300,300,false],"covernews-medium":["https:\/\/simurgedebiyat.com\/wp-content\/uploads\/2026\/03\/Bagriyanik.jpg",300,300,false],"covernews-medium-square":["https:\/\/simurgedebiyat.com\/wp-content\/uploads\/2026\/03\/Bagriyanik-300x250.jpg",300,250,true],"sow-carousel-default":["https:\/\/simurgedebiyat.com\/wp-content\/uploads\/2026\/03\/Bagriyanik-272x182.jpg",272,182,true],"sow-blog-portfolio":["https:\/\/simurgedebiyat.com\/wp-content\/uploads\/2026\/03\/Bagriyanik.jpg",300,300,false],"sow-blog-grid":["https:\/\/simurgedebiyat.com\/wp-content\/uploads\/2026\/03\/Bagriyanik.jpg",300,300,false],"sow-blog-alternate":["https:\/\/simurgedebiyat.com\/wp-content\/uploads\/2026\/03\/Bagriyanik.jpg",300,300,false],"sow-recent-post":["https:\/\/simurgedebiyat.com\/wp-content\/uploads\/2026\/03\/Bagriyanik-216x216.jpg",216,216,true]},"author_info":{"display_name":"Zeynep AL\u0130KIZI","author_link":"https:\/\/simurgedebiyat.com\/index.php\/author\/zeynep-alikizi\/"},"category_info":"<a href=\"https:\/\/simurgedebiyat.com\/index.php\/category\/sinematelevizyon\/\" rel=\"category tag\">Sinema\/Tiyatro&amp;Tv<\/a>","tag_info":"Sinema\/Tiyatro&amp;Tv","comment_count":"3","jetpack_featured_media_url":"https:\/\/simurgedebiyat.com\/wp-content\/uploads\/2026\/03\/Bagriyanik.jpg","uagb_featured_image_src":{"full":["https:\/\/simurgedebiyat.com\/wp-content\/uploads\/2026\/03\/Bagriyanik.jpg",300,300,false],"thumbnail":["https:\/\/simurgedebiyat.com\/wp-content\/uploads\/2026\/03\/Bagriyanik-150x150.jpg",150,150,true],"medium":["https:\/\/simurgedebiyat.com\/wp-content\/uploads\/2026\/03\/Bagriyanik.jpg",300,300,false],"medium_large":["https:\/\/simurgedebiyat.com\/wp-content\/uploads\/2026\/03\/Bagriyanik.jpg",300,300,false],"large":["https:\/\/simurgedebiyat.com\/wp-content\/uploads\/2026\/03\/Bagriyanik.jpg",300,300,false],"1536x1536":["https:\/\/simurgedebiyat.com\/wp-content\/uploads\/2026\/03\/Bagriyanik.jpg",300,300,false],"2048x2048":["https:\/\/simurgedebiyat.com\/wp-content\/uploads\/2026\/03\/Bagriyanik.jpg",300,300,false],"covernews-slider-full":["https:\/\/simurgedebiyat.com\/wp-content\/uploads\/2026\/03\/Bagriyanik.jpg",300,300,false],"covernews-slider-center":["https:\/\/simurgedebiyat.com\/wp-content\/uploads\/2026\/03\/Bagriyanik.jpg",300,300,false],"covernews-featured":["https:\/\/simurgedebiyat.com\/wp-content\/uploads\/2026\/03\/Bagriyanik.jpg",300,300,false],"covernews-medium":["https:\/\/simurgedebiyat.com\/wp-content\/uploads\/2026\/03\/Bagriyanik.jpg",300,300,false],"covernews-medium-square":["https:\/\/simurgedebiyat.com\/wp-content\/uploads\/2026\/03\/Bagriyanik-300x250.jpg",300,250,true],"sow-carousel-default":["https:\/\/simurgedebiyat.com\/wp-content\/uploads\/2026\/03\/Bagriyanik-272x182.jpg",272,182,true],"sow-blog-portfolio":["https:\/\/simurgedebiyat.com\/wp-content\/uploads\/2026\/03\/Bagriyanik.jpg",300,300,false],"sow-blog-grid":["https:\/\/simurgedebiyat.com\/wp-content\/uploads\/2026\/03\/Bagriyanik.jpg",300,300,false],"sow-blog-alternate":["https:\/\/simurgedebiyat.com\/wp-content\/uploads\/2026\/03\/Bagriyanik.jpg",300,300,false],"sow-recent-post":["https:\/\/simurgedebiyat.com\/wp-content\/uploads\/2026\/03\/Bagriyanik-216x216.jpg",216,216,true]},"uagb_author_info":{"display_name":"Zeynep AL\u0130KIZI","author_link":"https:\/\/simurgedebiyat.com\/index.php\/author\/zeynep-alikizi\/"},"uagb_comment_info":3,"uagb_excerpt":"\u2026Y\u0131llar \u00f6ncesinden bir T\u00fcrk \u015fark\u0131s\u0131 dinliyordum. \u015eark\u0131c\u0131n\u0131n sanki yana yana s\u00f6yledi\u011fi bu \u015fark\u0131 kalbime dokundu....","authors":[{"term_id":326,"user_id":57,"is_guest":0,"slug":"zeynep-alikizi","display_name":"Zeynep AL\u0130KIZI","avatar_url":{"url":"https:\/\/simurgedebiyat.com\/wp-content\/uploads\/2026\/02\/6a48738a-4685-4026-88bb-59675ed09d891.jpg","url2x":"https:\/\/simurgedebiyat.com\/wp-content\/uploads\/2026\/02\/6a48738a-4685-4026-88bb-59675ed09d891.jpg"},"first_name":"","last_name":"","user_url":"","job_title":"","description":"Zeyneb Alik\u0131z\u0131, Azerbaycan'\u0131n La\u00e7in b\u00f6lgesinde do\u011fdu. Hik\u00e2yeleri periyodik olarak \u201cAzerbaycan\u201d, \u201cUlduz\u201d, \u201cLiteraturniy Azerbaycan\u201d dergilerinde, \u201c525-ci qazet\u201d, \u201cKaspi\u201d, \u201cAdalet\u201d, \u201cKulis.az\u201d gazetelerinin edebiyat b\u00f6l\u00fcmlerinde ve di\u011fer gazete ve internet sitelerinde yay\u0131mland\u0131. \u201cBurul\u011fan\u201d (Girdap) adl\u0131 \u00f6yk\u00fc ve hikayeler kitab\u0131n\u0131n yazar\u0131d\u0131r. \u00d6yk\u00fcleri T\u00fcrk\u00e7e ve Rus\u00e7aya \u00e7evrildi. Azerbaycan Yazarlar Birli\u011fi \u00fcyesidir.\r\nT\u00fcrk edebiyat\u0131ndan, yazar-psikiyatrist G\u00fclseren Buday\u0131c\u0131o\u011flu'nun \u201cHayata D\u00f6n\u201d roman\u0131n\u0131 ve Fikret Ero\u011flu'nun 5 ciltlik \u201cMelike Adenya Diyar\u0131nda\u201d masal serisini Azerbaycan t\u00fcrk\u00e7esine uyarlad\u0131.\r\nHalk yazar\u0131 Cengiz Abd\u00fcllayev'in \u00e7ok say\u0131da eserini Azerbaycan t\u00fcrk\u00e7esine \u00e7evirdi ve d\u00fczenledi.\r\nK\u0131rg\u0131z yazar Sultan Rayev'in \u201cG\u00fcne\u015fi Elinde Tutan \u00c7ocuk\u201d ve \u201cKa\u015faba\u201d eserlerini Rus\u00e7adan Azerbaycan diline \u00e7evirdi. Ayr\u0131ca \u015fu anda yay\u0131nlanmam\u0131\u015f, \u00fczerinde \u00e7al\u0131\u015ft\u0131\u011f\u0131 ve tamamlanm\u0131\u015f birka\u00e7 \u00e7evirisi de bulunmaktad\u0131r.\r\nFrans\u0131z yazarlar Noel Calef'in \u201c\u0130dam Sehpas\u0131 Asans\u00f6r\u00fc\u201d, Michel Lebre'nin \u201cTart\u0131\u015fmalar Girdab\u0131nda Silviya\u201d, Margaret Duras'\u0131n \u201cCebelitar\u0131kl\u0131 Denizci\u201d, A. Dumas'\u0131n bir\u00e7ok \u00f6yk\u00fcs\u00fc ve \u0130ngiliz edebiyat\u0131n\u0131n bir\u00e7ok eserini (Rus\u00e7adan) Azerbaycan t\u00fcr\u00e7esine \u00e7evirdi. Ayn\u0131 zamanda Rus edebiyat\u0131ndan da \u00f6rnekler \u00e7evirdi.\r\n\u201cMaarif\u00e7i\u201d, \u201cSes\u201d, \u201cKaspi\u201d, \u201cTezadlar\u201d, \u201cMedeniyet\u201d ve di\u011fer gazetelerde \u00e7al\u0131\u015fd\u0131. Azerbaycan Terc\u00fcme Merkezi'nde \u00e7evrilmi\u015f ve yay\u0131nlanm\u0131\u015f eserlerin d\u00fczeltme ve edit\u00f6rl\u00fc\u011f\u00fcn\u00fc yapt\u0131."}],"_links":{"self":[{"href":"https:\/\/simurgedebiyat.com\/index.php\/wp-json\/wp\/v2\/posts\/4155","targetHints":{"allow":["GET"]}}],"collection":[{"href":"https:\/\/simurgedebiyat.com\/index.php\/wp-json\/wp\/v2\/posts"}],"about":[{"href":"https:\/\/simurgedebiyat.com\/index.php\/wp-json\/wp\/v2\/types\/post"}],"author":[{"embeddable":true,"href":"https:\/\/simurgedebiyat.com\/index.php\/wp-json\/wp\/v2\/users\/57"}],"replies":[{"embeddable":true,"href":"https:\/\/simurgedebiyat.com\/index.php\/wp-json\/wp\/v2\/comments?post=4155"}],"version-history":[{"count":3,"href":"https:\/\/simurgedebiyat.com\/index.php\/wp-json\/wp\/v2\/posts\/4155\/revisions"}],"predecessor-version":[{"id":4159,"href":"https:\/\/simurgedebiyat.com\/index.php\/wp-json\/wp\/v2\/posts\/4155\/revisions\/4159"}],"wp:featuredmedia":[{"embeddable":true,"href":"https:\/\/simurgedebiyat.com\/index.php\/wp-json\/wp\/v2\/media\/4156"}],"wp:attachment":[{"href":"https:\/\/simurgedebiyat.com\/index.php\/wp-json\/wp\/v2\/media?parent=4155"}],"wp:term":[{"taxonomy":"category","embeddable":true,"href":"https:\/\/simurgedebiyat.com\/index.php\/wp-json\/wp\/v2\/categories?post=4155"},{"taxonomy":"post_tag","embeddable":true,"href":"https:\/\/simurgedebiyat.com\/index.php\/wp-json\/wp\/v2\/tags?post=4155"},{"taxonomy":"author","embeddable":true,"href":"https:\/\/simurgedebiyat.com\/index.php\/wp-json\/wp\/v2\/ppma_author?post=4155"}],"curies":[{"name":"wp","href":"https:\/\/api.w.org\/{rel}","templated":true}]}}