{"id":4151,"date":"2026-03-11T13:09:35","date_gmt":"2026-03-11T10:09:35","guid":{"rendered":"https:\/\/simurgedebiyat.com\/?p=4151"},"modified":"2026-03-11T13:09:35","modified_gmt":"2026-03-11T10:09:35","slug":"sonunda-vedat-agabeyim-evleniyordu","status":"publish","type":"post","link":"https:\/\/simurgedebiyat.com\/index.php\/2026\/03\/11\/sonunda-vedat-agabeyim-evleniyordu\/","title":{"rendered":"Sonunda Vedat A\u011fabeyim Evleniyordu"},"content":{"rendered":"<p>&nbsp;<\/p>\n<p>&nbsp;&nbsp;&nbsp;&nbsp;&nbsp;&nbsp;&nbsp;&nbsp;&nbsp;&nbsp;&nbsp;&nbsp;&nbsp;&nbsp;&nbsp;&nbsp; Benim can\u0131m Vedat A\u011fabeyim yak\u0131\u015f\u0131kl\u0131, esmer, uzun boylu, iri g\u00f6zl\u00fc biriydi. Tatl\u0131 d\u00fckk\u00e2n\u0131 i\u015fletiyordu. Halleri vakitleri eskisi kadar iyi olmasa da ya\u015fad\u0131\u011f\u0131m\u0131z yerde zengin say\u0131l\u0131rlard\u0131. Babas\u0131 buran\u0131n tan\u0131nm\u0131\u015f zengin ailelerinden birinin tek o\u011fluydu. Vedat A\u011fabeyim de bu ailenin tek erkek torunuydu. \u015e\u0131mart\u0131lm\u0131\u015f, el \u00fcst\u00fcnde tutularak b\u00fcy\u00fct\u00fclm\u00fc\u015ft\u00fc. Annesi ve babaannesi onun t\u00fcrl\u00fc kabahatlerini \u00f6rterlerdi. Bir tek babas\u0131ndan ve dedesinden korkard\u0131. Ama k\u0131zlar s\u00f6z konusu oldu\u011funda kimseden korkmaz bildi\u011fini yapard\u0131. Mahalleli ona \u201c\u00c7apk\u0131n Vedat\u201d derdi. K\u0131zlar ona bay\u0131l\u0131r ama yakla\u015famazd\u0131. \u00c7\u00fcnk\u00fc bilirlerdi ki Vedat asla kimseyi ger\u00e7ekten sevmez. \u00c7ok \u00e2\u015f\u0131k olan olurdu. \u00c7ok intihara kalk\u0131\u015fan. Ama Vedat A\u011fabeyim asla yapt\u0131\u011f\u0131n\u0131n yanl\u0131\u015f oldu\u011funu d\u00fc\u015f\u00fcnmezdi. \u00c7ok k\u0131z\u0131n g\u00f6nl\u00fcn\u00fc \u00e7alm\u0131\u015ft\u0131. Ama i\u015f evlenmeye gelince ne kendisi evlenmek isterdi ne de kar\u015f\u0131 taraf k\u0131z\u0131n\u0131 vermeye cesaret edebilirdi. Hangi k\u0131za talip olsalar, \u201colmaz\u201d cevab\u0131yla kar\u015f\u0131la\u015f\u0131yorlard\u0131. \u0130l\u00e7emizde onun \u00e7apk\u0131nl\u0131k hikayeleri dilden dile dola\u015f\u0131yordu zaten.<\/p>\n<p><img fetchpriority=\"high\" decoding=\"async\" class=\"\" src=\"https:\/\/www.tanyaorganizasyon.com\/wp-content\/uploads\/2023\/07\/2bdb67d2-ebf3-4d73-9926-46566e939aee.jpg\" alt=\"N\u0130\u015eAN MALZEMELER\u0130 - TANYA ORGAN\u0130ZASYON\" width=\"1113\" height=\"1018\"><\/p>\n<p>\u201cYok, \u015funun k\u0131z\u0131yla gezmi\u015f tozmu\u015f ortada b\u0131rakm\u0131\u015f, \u00f6tekinin k\u0131z\u0131n\u0131 kand\u0131rm\u0131\u015f, evlenelim diye yalan s\u00f6ylemi\u015f\u201d diye t\u00fcrl\u00fc dedikodularla Vedat A\u011fabeyim 48 ya\u015f\u0131na gelmi\u015fti.<\/p>\n<p>Annem ve G\u00fclg\u00fcn teyzem \u00e7ok \u00e7abalam\u0131\u015flard\u0131 evlenmesi i\u00e7in. Her yere haber vermi\u015flerdi tek istekleri onun m\u00fcr\u00fcvvetini g\u00f6rmekti art\u0131k. \u201cBizim aileye yak\u0131\u015fan, uygun bir k\u0131z olursa hemen evlendirelim demi\u015flerdi.\u201d haber yollad\u0131klar\u0131 herkese. Annem ablayd\u0131 daha iyi bilirdi bu i\u015fleri. G\u00fclg\u00fcn teyzem o y\u00fczden her g\u00fcn arar annemi, saatlerce konu\u015furlard\u0131. Tabi ki g\u00fcndem hep Vedat A\u011fabeyim olurdu. \u201cAblac\u0131m \u015fu \u00e7ocu\u011fu eve ba\u011flayacak g\u00fczel bir k\u0131z olsa, sevseler birbirlerini. G\u00f6z\u00fcm arkada kalmasa art\u0131k.\u201d diye s\u00f6ylenir dururdu. Annem ise \u201cAy G\u00fclg\u00fcn \u00fcz\u00fclme bulaca\u011f\u0131z. Ama bu o\u011flan da ger\u00e7ekten abartt\u0131. Haber yollad\u0131\u011f\u0131m\u0131z kimse k\u0131z\u0131n\u0131 vermek istemiyor.\u201d der ard\u0131ndan G\u00fclg\u00fcn teyzemin a\u011flamakl\u0131 sesini duyunca \u201cAma dur dur bekle \u00fcz\u00fclme.\u201d diye toparlard\u0131 hemen.<\/p>\n<p>Aradan uzun zaman ge\u00e7mi\u015f bu iki k\u0131z karde\u015fin \u00e7abalar\u0131 sonu\u00e7 vermi\u015fti sonunda. Vedat A\u011fabeyim de ailesine uygun biriyle tan\u0131\u015fm\u0131\u015f ve evlilik yoluna girmi\u015fti.<\/p>\n<p>K\u0131z\u0131n ad\u0131 Selda idi. Ya\u015flar\u0131 yak\u0131nd\u0131 birbirine. G\u00fczel bir kad\u0131nd\u0131. \u00d6\u011fretmendi. Hi\u00e7 evlenmemi\u015f, annesi ve babas\u0131n\u0131 \u00f6\u011fretmen olduktan sonra trafik kazas\u0131nda kaybetmi\u015fti. Y\u0131llarca annesini ve babas\u0131n\u0131 kaybetti\u011fi trafik kazas\u0131nda yata\u011fa muhta\u00e7 kalan erkek karde\u015fine bir bak\u0131c\u0131 ile birlikte bakm\u0131\u015ft\u0131. Karde\u015fi vefat edince bizim il\u00e7eye tayin istemi\u015f aslen Denizlili, kibar, ya\u015fad\u0131\u011f\u0131 b\u00fct\u00fcn s\u0131k\u0131nt\u0131lara ve ya\u015f\u0131na ra\u011fmen gene de gen\u00e7 kalm\u0131\u015f bir kad\u0131nd\u0131. Ailesini kaybetti\u011fi g\u00fcn \u00f6\u011frendi\u011fi bir ger\u00e7ek y\u00fcz\u00fcnden bir aray\u0131\u015fa \u00e7\u0131km\u0131\u015ft\u0131 asl\u0131nda. Me\u011fer ayn\u0131 anneden de\u011fillermi\u015f karde\u015fiyle ama bunu karde\u015fine asla s\u00f6ylememi\u015f. Ama kalbinde a\u00e7\u0131lan bu bo\u015flu\u011fu doldurmak i\u00e7inse uzun s\u00fcre beklemek zorunda kalm\u0131\u015f g\u00fc\u00e7l\u00fc bir kad\u0131nd\u0131. Uzun s\u00fcre ger\u00e7ek annesini aram\u0131\u015f ve bulmu\u015ftu bu s\u00fcre\u00e7te. \u00c7oktan vefat etmi\u015fti annesi, y\u00fcz\u00fcn\u00fc g\u00f6rememi\u015fti ama ondan kalan b\u00fcy\u00fck bir s\u00fcrpriz vard\u0131. Miras ve hakk\u0131ndaki ger\u00e7ekler!<\/p>\n<p>Annesi babas\u0131ndan sonra hi\u00e7 evlenmemi\u015f, y\u0131llarca k\u00fc\u00e7\u00fck bir butik i\u015fletmi\u015f, \u00e7al\u0131\u015fm\u0131\u015f \u00e7abalam\u0131\u015f ve babas\u0131ndan kalan mallar\u0131 da ekleyince y\u00fckl\u00fc bir servete sahip olmu\u015f.<\/p>\n<p>&nbsp;Dedesi annesine evlenmesi i\u00e7in izin vermeyince babas\u0131yla ka\u00e7m\u0131\u015flar ama maddi imk\u00e2ns\u0131zl\u0131klardan dolay\u0131 annesi pi\u015fman olmu\u015f, babas\u0131 y\u0131pranm\u0131\u015f. \u0130ki hafta sonra babas\u0131n\u0131n evine d\u00f6nm\u00fc\u015f annesi. D\u00f6nmesine d\u00f6nm\u00fc\u015f ama hamileymi\u015f. Babas\u0131 \u015fart ko\u015fmu\u015f \u00e7ocuk do\u011far do\u011fmaz babas\u0131na b\u0131rak\u0131lacakm\u0131\u015f. \u201cNikah\u0131n\u0131z bile yok. Bu \u00e7ocu\u011fa bakmak onun g\u00f6revi olacak. Seni b\u00f6yle peri\u015fan etti. Baks\u0131n \u00e7ocu\u011funa.\u201d demi\u015f ba\u015fka da bir \u015fey dememi\u015f. Annesi g\u00fcnlerce a\u011flam\u0131\u015f. Geri d\u00f6nse d\u00f6nece\u011fi bir yer yok, ka\u00e7sa gidece\u011fi bir yer yokmu\u015f. \u00c7ok da yalvarm\u0131\u015f babas\u0131na. Ama \u00e7ok ketum bir insanm\u0131\u015f asla ne \u00e7ocu\u011fu ne de babas\u0131n\u0131 kabul etmemi\u015f. Ve sonu\u00e7 olarak \u00e7ocuk do\u011fdu\u011fu g\u00fcn daha annesi kuca\u011f\u0131na bile alamadan g\u00f6t\u00fcr\u00fcp babas\u0131na teslim etmi\u015f.<\/p>\n<p>Bunlar\u0131n hepsini ise daha yeni tan\u0131\u015ft\u0131\u011f\u0131 day\u0131s\u0131ndan \u00f6\u011frenmi\u015f Selda \u00f6\u011fretmen. Day\u0131s\u0131 \u201cMiras bana kald\u0131\u011f\u0131nda ye\u011fenim bir kuru\u015funa bile elimi s\u00fcrmedim. Karar verdim ben bu k\u0131z\u0131 bulaca\u011f\u0131m ve ye\u011fenim, annen sensiz \u00e7ok \u00e7ekti. Bunlar senin. Sen g\u00fczel ya\u015fa ki o da rahat uyusun.\u201d demi\u015f. Selda \u00f6\u011fretmen t\u00fcm bunlar\u0131 b\u00fcy\u00fck bir sakinlikle dinledikten sonra vedala\u015f\u0131p ayr\u0131lm\u0131\u015f day\u0131s\u0131n\u0131n yan\u0131ndan.<\/p>\n<p>Ya\u015fad\u0131klar\u0131ndan olsa gerek art\u0131k b\u00fcy\u00fck b\u00fcy\u00fck tepkiler veremedi\u011fini fark etmi\u015f. Ailesinin kayb\u0131, karde\u015finin kayb\u0131, kalbindeki a\u015fk ac\u0131s\u0131 ve \u00f6\u011frendikleri. Kalbine a\u011f\u0131r gelse de sakin kalmaya \u00e7al\u0131\u015f\u0131yormu\u015f.<\/p>\n<p>Sahip oldu\u011fu parayla \u00f6nce g\u00fczel bir ev alm\u0131\u015f. Zevkine g\u00f6re de dayam\u0131\u015f d\u00f6\u015femi\u015f.<\/p>\n<p><img decoding=\"async\" class=\"\" src=\"https:\/\/i.dugun.com\/gallery\/114823\/720x744_f_antiokheia-davet-salonu_afK7rGly.JPEG\" alt=\"\u0130stanbul S\u00f6z ve Ni\u015fan Mekanlar\u0131 - K\u0131z \u0130steme Davet Evi | D\u00fc\u011f\u00fcn.com\" width=\"1093\" height=\"1129\"><\/p>\n<p>Vedat A\u011fabeyime de evlenince bu evde otural\u0131m, hi\u00e7bir e\u015fya alma ben bu evi zevkime g\u00f6re d\u00f6\u015fedim b\u00f6yle de kalmas\u0131n\u0131 istiyorum demi\u015fti. Vedat A\u011fabeyim de kabul etmi\u015fti, y\u0131llar sonra buldu\u011fu m\u00fcstakbel e\u015fini k\u0131rmam\u0131\u015f, tamam nas\u0131l istersen demi\u015fti.<\/p>\n<p>&nbsp;Annem ve G\u00fclg\u00fcn Teyzem, Vedat A\u011fabeyimin k\u0131sa s\u00fcrede evlili\u011fe nas\u0131l tamam dedi\u011fine, k\u0131z\u0131 g\u00f6r\u00fcr g\u00f6rmez verdi\u011fi \u015fa\u015fk\u0131n tepkilerine \u015fa\u015f\u0131rm\u0131\u015flard\u0131. \u00d6nce bir teredd\u00fct etmi\u015fti, olmaz, o k\u0131z beni istemez demi\u015fti. Annem durur mu hemen gidip Selda \u00f6\u011fretmen ile konu\u015fmu\u015ftu. Selda \u00f6\u011fretmen tabii neden olmas\u0131n ama \u00f6nce bir g\u00f6r\u00fc\u015fmek isterim, benden haberi var m\u0131 yok mu bilmek isterim, beni istemeyebilir demi\u015fti. Ama olmu\u015ftu i\u015fte. Resmen evleniyorlard\u0131.<\/p>\n<p>B\u00fct\u00fcn haz\u0131rl\u0131klar tamamlanm\u0131\u015f d\u00fc\u011f\u00fcn g\u00fcn\u00fc gelip \u00e7atm\u0131\u015ft\u0131. Bizim il\u00e7enin en b\u00fcy\u00fck, en g\u00f6steri\u015fli d\u00fc\u011f\u00fcn salonunu tutmu\u015flar, bir g\u00fcn \u00f6ncesinde de dillere destan bir k\u0131na gecesi yapm\u0131\u015flard\u0131. D\u00fc\u011f\u00fcn salonu t\u0131ka basa dolmu\u015ftu. D\u00fc\u011f\u00fcn i\u00e7in ise her \u015fey d\u00fc\u015f\u00fcn\u00fclm\u00fc\u015ft\u00fc. Yemekler bir g\u00fcn \u00f6nceden haz\u0131rlanmaya ba\u015flam\u0131\u015ft\u0131. Her \u015fey son derece m\u00fckemmel ve g\u00f6steri\u015fliydi. Neredeyse b\u00fct\u00fcn il\u00e7e oradayd\u0131.<\/p>\n<p>Nihayet gelin ve damat d\u00fc\u011f\u00fcn salonundan i\u00e7eri girmi\u015f, onlar\u0131n ard\u0131ndan nikah memuru da salona giri\u015f yapm\u0131\u015ft\u0131. Vedat abimin g\u00f6zleri mutluluktan \u0131\u015f\u0131l \u0131\u015f\u0131l parl\u0131yordu. Y\u0131llarca evlenmemek i\u00e7in direnen adama bir haller olmu\u015ftu.<\/p>\n<p>&nbsp;Peki ya gelin o da \u00e7ok mutluydu ama sanki onunki ba\u015fka bir mutluluktu. Ama hi\u00e7 kimse bunun \u00e7ok da \u00fczerinde durmuyordu. \u201cTam bu k\u0131zda bir haller var teyze.\u201d diyecektim ki \u201cK\u0131z\u0131n kimsesi yok can\u0131m onun davran\u0131\u015flar\u0131n\u0131 bu kadar incelemeyin l\u00fctfen\u201d deyip laf\u0131 a\u011fz\u0131ma t\u0131kam\u0131\u015ft\u0131 G\u00fclg\u00fcn teyzem.<\/p>\n<p>\u0130\u015fte en mutlu an gelip \u00e7atm\u0131\u015ft\u0131. Nikah memuru \u00e7iftleri ve \u015fahitleri masaya davet etmi\u015f ve konu\u015fmas\u0131n\u0131n ard\u0131ndan o geleneksel soruyu sormu\u015ftu. Vedat A\u011fabeyim heyecanla \u201cEveeett\u201d diye ba\u011f\u0131rm\u0131\u015f etrafa g\u00fcl\u00fcc\u00fckler sa\u00e7m\u0131\u015ft\u0131. Ayn\u0131 soru gelin han\u0131ma soruldu\u011funda ise al\u0131nan cevap, salonda buz gibi bir hava estirmi\u015fti. Bu nas\u0131l olurdu? \u0130l\u00e7enin zengin, soylu ailesinin d\u00fc\u011f\u00fcn\u00fcnde olacak rezalet miydi bu? Herkese ne derlerdi? Ama i\u015fte olmu\u015ftu. Say\u0131n Hayri k\u0131z\u0131 Selda Sevin\u00e7 \u00d6zt\u00fcrk Say\u0131n Erkan o\u011flu Vedat Tulumcu\u2019yu e\u015finiz olarak kabul ediyor musunuz?<\/p>\n<p><img decoding=\"async\" class=\"\" src=\"https:\/\/entatlitelasim.com\/tema\/genel\/uploads\/hizmetler\/wedding-2595862_1920.jpg\" alt=\"D\u00fc\u011f\u00fcn Ni\u015fan Organizasyonlar\u0131\" width=\"1514\" height=\"1009\"><\/p>\n<p>HAYIR!<\/p>\n<p>Yap\u0131lan onca haz\u0131rl\u0131k, davetli misafirlerin \u015fa\u015fk\u0131n bak\u0131\u015flar\u0131 ve o cevab\u0131n ard\u0131ndan olu\u015fan ezici sessizlik\u2026<\/p>\n<p>Sonra birden mikrofonu tekrar alm\u0131\u015ft\u0131 eline Selda \u00f6\u011fretmen ve konu\u015fmaya ba\u015flam\u0131\u015ft\u0131.<\/p>\n<p>\u201cY\u0131llar \u00f6nce benim ba\u015fkas\u0131 ile evlenmemem i\u00e7in \u00e7\u0131kard\u0131\u011f\u0131n birlikte oldu\u011fumuz yalan\u0131 i\u00e7in, beni yatalak karde\u015fimle ba\u015f ba\u015fa kald\u0131m diye terk etti\u011fin i\u00e7in, y\u0131llarca mutsuz olmama neden oldu\u011fun i\u00e7in hay\u0131r hay\u0131r sonsuza kadar hay\u0131r!\u201d<\/p>\n<p>&nbsp;Sonra da duva\u011f\u0131n\u0131 s\u00f6k\u00fcp, masadan kalk\u0131p gitmi\u015fti.<\/p>\n<p>Ard\u0131ndan bakanlar s\u00f6yleyecek tek kelime bulamam\u0131\u015ft\u0131. Vedat A\u011fabeyim ise ilk defa ba\u015f\u0131n\u0131 \u00f6ne e\u011fmi\u015fti. Yapt\u0131klar\u0131yla ger\u00e7ekten y\u00fczle\u015fti\u011fi bir and\u0131 o an. San\u0131r\u0131m y\u0131llard\u0131r ilk defa bu kadar yak\u0131ndan fark etmi\u015fti yapt\u0131klar\u0131n\u0131. Selda\u2019n\u0131n o cesurca kap\u0131dan \u00e7\u0131k\u0131p gidi\u015fi de uzun zaman konu\u015fulmu\u015ftu il\u00e7ede. \u201cBir kad\u0131n e\u011fer isterse en g\u00fc\u00e7l\u00fc varl\u0131\u011fa d\u00f6n\u00fc\u015febilir\u201d bunu kan\u0131tlam\u0131\u015f ve \u00f6rnek olmu\u015ftu il\u00e7enin k\u0131zlar\u0131na. Bu olaydan sonra bu il\u00e7e asla eski \u201caman sen k\u0131zs\u0131n!\u201d korkusunu i\u00e7inde bar\u0131nd\u0131rmam\u0131\u015ft\u0131.<\/p>\n<p>Te\u015fekk\u00fcrler Selda \u00d6\u011fretmen<\/p>\n","protected":false},"excerpt":{"rendered":"<p>&nbsp; &nbsp;&nbsp;&nbsp;&nbsp;&nbsp;&nbsp;&nbsp;&nbsp;&nbsp;&nbsp;&nbsp;&nbsp;&nbsp;&nbsp;&nbsp;&nbsp; Benim can\u0131m Vedat A\u011fabeyim yak\u0131\u015f\u0131kl\u0131, esmer, uzun boylu, iri g\u00f6zl\u00fc biriydi. Tatl\u0131 d\u00fckk\u00e2n\u0131&#8230;<\/p>\n","protected":false},"author":49,"featured_media":4153,"comment_status":"open","ping_status":"open","sticky":false,"template":"","format":"standard","meta":{"_bbp_topic_count":0,"_bbp_reply_count":0,"_bbp_total_topic_count":0,"_bbp_total_reply_count":0,"_bbp_voice_count":0,"_bbp_anonymous_reply_count":0,"_bbp_topic_count_hidden":0,"_bbp_reply_count_hidden":0,"_bbp_forum_subforum_count":0,"om_disable_all_campaigns":false,"_uag_custom_page_level_css":"","ngg_post_thumbnail":0,"footnotes":""},"categories":[16],"tags":[],"ppma_author":[247],"class_list":["post-4151","post","type-post","status-publish","format-standard","has-post-thumbnail","hentry","category-hikaye"],"yoast_head":"<!-- This site is optimized with the Yoast SEO plugin v24.9 - https:\/\/yoast.com\/wordpress\/plugins\/seo\/ -->\n<title>Sonunda Vedat A\u011fabeyim Evleniyordu - simurgedebiyat.com<\/title>\n<meta name=\"robots\" content=\"index, follow, max-snippet:-1, max-image-preview:large, max-video-preview:-1\" \/>\n<link rel=\"canonical\" href=\"https:\/\/simurgedebiyat.com\/index.php\/2026\/03\/11\/sonunda-vedat-agabeyim-evleniyordu\/\" \/>\n<meta property=\"og:locale\" content=\"tr_TR\" \/>\n<meta property=\"og:type\" content=\"article\" \/>\n<meta property=\"og:title\" content=\"Sonunda Vedat A\u011fabeyim Evleniyordu - simurgedebiyat.com\" \/>\n<meta property=\"og:description\" content=\"&nbsp; &nbsp;&nbsp;&nbsp;&nbsp;&nbsp;&nbsp;&nbsp;&nbsp;&nbsp;&nbsp;&nbsp;&nbsp;&nbsp;&nbsp;&nbsp;&nbsp; Benim can\u0131m Vedat A\u011fabeyim yak\u0131\u015f\u0131kl\u0131, esmer, uzun boylu, iri g\u00f6zl\u00fc biriydi. Tatl\u0131 d\u00fckk\u00e2n\u0131...\" \/>\n<meta property=\"og:url\" content=\"https:\/\/simurgedebiyat.com\/index.php\/2026\/03\/11\/sonunda-vedat-agabeyim-evleniyordu\/\" \/>\n<meta property=\"og:site_name\" content=\"simurgedebiyat.com\" \/>\n<meta property=\"article:published_time\" content=\"2026-03-11T10:09:35+00:00\" \/>\n<meta property=\"og:image\" content=\"https:\/\/simurgedebiyat.com\/wp-content\/uploads\/2026\/03\/Vedat.jpeg\" \/>\n\t<meta property=\"og:image:width\" content=\"600\" \/>\n\t<meta property=\"og:image:height\" content=\"399\" \/>\n\t<meta property=\"og:image:type\" content=\"image\/jpeg\" \/>\n<meta name=\"author\" content=\"Nil\u00fcfer KABALI BULUT\" \/>\n<meta name=\"twitter:card\" content=\"summary_large_image\" \/>\n<meta name=\"twitter:label1\" content=\"Yazan:\" \/>\n\t<meta name=\"twitter:data1\" content=\"Nil\u00fcfer KABALI BULUT\" \/>\n\t<meta name=\"twitter:label2\" content=\"Tahmini okuma s\u00fcresi\" \/>\n\t<meta name=\"twitter:data2\" content=\"8 dakika\" \/>\n<script type=\"application\/ld+json\" class=\"yoast-schema-graph\">{\"@context\":\"https:\/\/schema.org\",\"@graph\":[{\"@type\":\"Article\",\"@id\":\"https:\/\/simurgedebiyat.com\/index.php\/2026\/03\/11\/sonunda-vedat-agabeyim-evleniyordu\/#article\",\"isPartOf\":{\"@id\":\"https:\/\/simurgedebiyat.com\/index.php\/2026\/03\/11\/sonunda-vedat-agabeyim-evleniyordu\/\"},\"author\":{\"name\":\"Nil\u00fcfer KABALI BULUT\",\"@id\":\"https:\/\/simurgedebiyat.com\/#\/schema\/person\/feb6a855b19289b64cc1b1e3d98bb555\"},\"headline\":\"Sonunda Vedat A\u011fabeyim Evleniyordu\",\"datePublished\":\"2026-03-11T10:09:35+00:00\",\"mainEntityOfPage\":{\"@id\":\"https:\/\/simurgedebiyat.com\/index.php\/2026\/03\/11\/sonunda-vedat-agabeyim-evleniyordu\/\"},\"wordCount\":1601,\"commentCount\":0,\"publisher\":{\"@id\":\"https:\/\/simurgedebiyat.com\/#organization\"},\"image\":{\"@id\":\"https:\/\/simurgedebiyat.com\/index.php\/2026\/03\/11\/sonunda-vedat-agabeyim-evleniyordu\/#primaryimage\"},\"thumbnailUrl\":\"https:\/\/simurgedebiyat.com\/wp-content\/uploads\/2026\/03\/Vedat.jpeg\",\"articleSection\":[\"Hikaye\/\u00d6yk\u00fc\"],\"inLanguage\":\"tr\",\"potentialAction\":[{\"@type\":\"CommentAction\",\"name\":\"Comment\",\"target\":[\"https:\/\/simurgedebiyat.com\/index.php\/2026\/03\/11\/sonunda-vedat-agabeyim-evleniyordu\/#respond\"]}]},{\"@type\":\"WebPage\",\"@id\":\"https:\/\/simurgedebiyat.com\/index.php\/2026\/03\/11\/sonunda-vedat-agabeyim-evleniyordu\/\",\"url\":\"https:\/\/simurgedebiyat.com\/index.php\/2026\/03\/11\/sonunda-vedat-agabeyim-evleniyordu\/\",\"name\":\"Sonunda Vedat A\u011fabeyim Evleniyordu - simurgedebiyat.com\",\"isPartOf\":{\"@id\":\"https:\/\/simurgedebiyat.com\/#website\"},\"primaryImageOfPage\":{\"@id\":\"https:\/\/simurgedebiyat.com\/index.php\/2026\/03\/11\/sonunda-vedat-agabeyim-evleniyordu\/#primaryimage\"},\"image\":{\"@id\":\"https:\/\/simurgedebiyat.com\/index.php\/2026\/03\/11\/sonunda-vedat-agabeyim-evleniyordu\/#primaryimage\"},\"thumbnailUrl\":\"https:\/\/simurgedebiyat.com\/wp-content\/uploads\/2026\/03\/Vedat.jpeg\",\"datePublished\":\"2026-03-11T10:09:35+00:00\",\"breadcrumb\":{\"@id\":\"https:\/\/simurgedebiyat.com\/index.php\/2026\/03\/11\/sonunda-vedat-agabeyim-evleniyordu\/#breadcrumb\"},\"inLanguage\":\"tr\",\"potentialAction\":[{\"@type\":\"ReadAction\",\"target\":[\"https:\/\/simurgedebiyat.com\/index.php\/2026\/03\/11\/sonunda-vedat-agabeyim-evleniyordu\/\"]}]},{\"@type\":\"ImageObject\",\"inLanguage\":\"tr\",\"@id\":\"https:\/\/simurgedebiyat.com\/index.php\/2026\/03\/11\/sonunda-vedat-agabeyim-evleniyordu\/#primaryimage\",\"url\":\"https:\/\/simurgedebiyat.com\/wp-content\/uploads\/2026\/03\/Vedat.jpeg\",\"contentUrl\":\"https:\/\/simurgedebiyat.com\/wp-content\/uploads\/2026\/03\/Vedat.jpeg\",\"width\":600,\"height\":399},{\"@type\":\"BreadcrumbList\",\"@id\":\"https:\/\/simurgedebiyat.com\/index.php\/2026\/03\/11\/sonunda-vedat-agabeyim-evleniyordu\/#breadcrumb\",\"itemListElement\":[{\"@type\":\"ListItem\",\"position\":1,\"name\":\"Anasayfa\",\"item\":\"https:\/\/simurgedebiyat.com\/\"},{\"@type\":\"ListItem\",\"position\":2,\"name\":\"Sonunda Vedat A\u011fabeyim Evleniyordu\"}]},{\"@type\":\"WebSite\",\"@id\":\"https:\/\/simurgedebiyat.com\/#website\",\"url\":\"https:\/\/simurgedebiyat.com\/\",\"name\":\"simurgedebiyat.com\",\"description\":\"edebiyat&amp;K\u00fclt\u00fcr&amp;Sanat&amp;D\u00fc\u015f\u00fcnce \",\"publisher\":{\"@id\":\"https:\/\/simurgedebiyat.com\/#organization\"},\"potentialAction\":[{\"@type\":\"SearchAction\",\"target\":{\"@type\":\"EntryPoint\",\"urlTemplate\":\"https:\/\/simurgedebiyat.com\/?s={search_term_string}\"},\"query-input\":{\"@type\":\"PropertyValueSpecification\",\"valueRequired\":true,\"valueName\":\"search_term_string\"}}],\"inLanguage\":\"tr\"},{\"@type\":\"Organization\",\"@id\":\"https:\/\/simurgedebiyat.com\/#organization\",\"name\":\"simurgedebiyat.com\",\"url\":\"https:\/\/simurgedebiyat.com\/\",\"logo\":{\"@type\":\"ImageObject\",\"inLanguage\":\"tr\",\"@id\":\"https:\/\/simurgedebiyat.com\/#\/schema\/logo\/image\/\",\"url\":\"https:\/\/simurgedebiyat.com\/wp-content\/uploads\/2025\/11\/cropped-HHHHH-1.jpeg\",\"contentUrl\":\"https:\/\/simurgedebiyat.com\/wp-content\/uploads\/2025\/11\/cropped-HHHHH-1.jpeg\",\"width\":245,\"height\":205,\"caption\":\"simurgedebiyat.com\"},\"image\":{\"@id\":\"https:\/\/simurgedebiyat.com\/#\/schema\/logo\/image\/\"}},{\"@type\":\"Person\",\"@id\":\"https:\/\/simurgedebiyat.com\/#\/schema\/person\/feb6a855b19289b64cc1b1e3d98bb555\",\"name\":\"Nil\u00fcfer KABALI BULUT\",\"image\":{\"@type\":\"ImageObject\",\"inLanguage\":\"tr\",\"@id\":\"https:\/\/simurgedebiyat.com\/#\/schema\/person\/image\/7ae5f0d65c175c22054e14c2acce5a0a\",\"url\":\"https:\/\/simurgedebiyat.com\/wp-content\/uploads\/2025\/12\/Nilufer.jpeg\",\"contentUrl\":\"https:\/\/simurgedebiyat.com\/wp-content\/uploads\/2025\/12\/Nilufer.jpeg\",\"caption\":\"Nil\u00fcfer KABALI BULUT\"},\"description\":\"15 Nisan 1983\u2019te \u0130zmit\u2019te do\u011fdu. Ondokuz May\u0131s \u00dcniversitesi Amasya E\u011fitim Fak\u00fcltesi Okul \u00d6ncesi \u00d6\u011fretmenli\u011fi b\u00f6l\u00fcm\u00fcnden mezun oldu. 18 y\u0131ld\u0131r Milli E\u011fitim Bakanl\u0131\u011f\u0131nda \u00e7al\u0131\u015f\u0131yor \u015fu anda da Ayd\u0131n\u2019da bir anaokulunda okul m\u00fcd\u00fcr\u00fc olarak g\u00f6rev yap\u0131yor. \u0130lk kitab\u0131 U\u00e7an Kitaplarla Seyahat 2020 y\u0131l\u0131nda, ikinci kitab\u0131 Sergi Kapan\u0131yor, \u00fc\u00e7\u00fcnc\u00fc kitab\u0131 Hayal Kavanozundaki \u015eiirler, d\u00f6rd\u00fcnc\u00fc kitab\u0131 Yanl\u0131\u015f Anlayan Kakt\u00fcs, be\u015finci kitab\u0131 A\u015furenin Kokusu 2022 y\u0131l\u0131nda, alt\u0131nc\u0131 kitab\u0131 Sevgini G\u00f6ster ve yedinci kitab\u0131 S\u00f6zler \u00d6nemlidir 2023, sekizinci kitab\u0131 Davran\u0131\u015flar \u00d6nemlidir 2024, dokuzuncu kitab\u0131 \u00c7ok Ke\u015fifli Hareketler 2025 y\u0131l\u0131nda yay\u0131mland\u0131. Milli E\u011fitim Bakanl\u0131\u011f\u0131\u2019n\u0131n 365g\u00fcn\u00f6yk\u00fc projesinin kitaplar\u0131n\u0131n yaz\u0131m\u0131nda g\u00f6rev ald\u0131. Ayd\u0131n Denge Gazetesinde \u00e7ocuk geli\u015fimi ile ilgili her hafta k\u00f6\u015fe yaz\u0131lar\u0131 yazmaktad\u0131r. Ayr\u0131ca \u00e7e\u015fitli kollektif kitaplarda ve dergilerde yeti\u015fkin \u00f6yk\u00fcleri ve \u015fiirleri yay\u0131mland\u0131. \u00c7ocuk kitaplar\u0131 ilgi alan\u0131 ve \u00e7ocuklara kitap yazmak onun i\u00e7in inan\u0131lmaz mutlu edici bir ser\u00fcven. \u00c7ocuklar i\u00e7in yazmaya keyifle devam ediyor.\",\"url\":\"https:\/\/simurgedebiyat.com\/index.php\/author\/nilufer-kabali-bulut\/\"}]}<\/script>\n<!-- \/ Yoast SEO plugin. -->","yoast_head_json":{"title":"Sonunda Vedat A\u011fabeyim Evleniyordu - simurgedebiyat.com","robots":{"index":"index","follow":"follow","max-snippet":"max-snippet:-1","max-image-preview":"max-image-preview:large","max-video-preview":"max-video-preview:-1"},"canonical":"https:\/\/simurgedebiyat.com\/index.php\/2026\/03\/11\/sonunda-vedat-agabeyim-evleniyordu\/","og_locale":"tr_TR","og_type":"article","og_title":"Sonunda Vedat A\u011fabeyim Evleniyordu - simurgedebiyat.com","og_description":"&nbsp; &nbsp;&nbsp;&nbsp;&nbsp;&nbsp;&nbsp;&nbsp;&nbsp;&nbsp;&nbsp;&nbsp;&nbsp;&nbsp;&nbsp;&nbsp;&nbsp; Benim can\u0131m Vedat A\u011fabeyim yak\u0131\u015f\u0131kl\u0131, esmer, uzun boylu, iri g\u00f6zl\u00fc biriydi. Tatl\u0131 d\u00fckk\u00e2n\u0131...","og_url":"https:\/\/simurgedebiyat.com\/index.php\/2026\/03\/11\/sonunda-vedat-agabeyim-evleniyordu\/","og_site_name":"simurgedebiyat.com","article_published_time":"2026-03-11T10:09:35+00:00","og_image":[{"width":600,"height":399,"url":"https:\/\/simurgedebiyat.com\/wp-content\/uploads\/2026\/03\/Vedat.jpeg","type":"image\/jpeg"}],"author":"Nil\u00fcfer KABALI BULUT","twitter_card":"summary_large_image","twitter_misc":{"Yazan:":"Nil\u00fcfer KABALI BULUT","Tahmini okuma s\u00fcresi":"8 dakika"},"schema":{"@context":"https:\/\/schema.org","@graph":[{"@type":"Article","@id":"https:\/\/simurgedebiyat.com\/index.php\/2026\/03\/11\/sonunda-vedat-agabeyim-evleniyordu\/#article","isPartOf":{"@id":"https:\/\/simurgedebiyat.com\/index.php\/2026\/03\/11\/sonunda-vedat-agabeyim-evleniyordu\/"},"author":{"name":"Nil\u00fcfer KABALI BULUT","@id":"https:\/\/simurgedebiyat.com\/#\/schema\/person\/feb6a855b19289b64cc1b1e3d98bb555"},"headline":"Sonunda Vedat A\u011fabeyim Evleniyordu","datePublished":"2026-03-11T10:09:35+00:00","mainEntityOfPage":{"@id":"https:\/\/simurgedebiyat.com\/index.php\/2026\/03\/11\/sonunda-vedat-agabeyim-evleniyordu\/"},"wordCount":1601,"commentCount":0,"publisher":{"@id":"https:\/\/simurgedebiyat.com\/#organization"},"image":{"@id":"https:\/\/simurgedebiyat.com\/index.php\/2026\/03\/11\/sonunda-vedat-agabeyim-evleniyordu\/#primaryimage"},"thumbnailUrl":"https:\/\/simurgedebiyat.com\/wp-content\/uploads\/2026\/03\/Vedat.jpeg","articleSection":["Hikaye\/\u00d6yk\u00fc"],"inLanguage":"tr","potentialAction":[{"@type":"CommentAction","name":"Comment","target":["https:\/\/simurgedebiyat.com\/index.php\/2026\/03\/11\/sonunda-vedat-agabeyim-evleniyordu\/#respond"]}]},{"@type":"WebPage","@id":"https:\/\/simurgedebiyat.com\/index.php\/2026\/03\/11\/sonunda-vedat-agabeyim-evleniyordu\/","url":"https:\/\/simurgedebiyat.com\/index.php\/2026\/03\/11\/sonunda-vedat-agabeyim-evleniyordu\/","name":"Sonunda Vedat A\u011fabeyim Evleniyordu - simurgedebiyat.com","isPartOf":{"@id":"https:\/\/simurgedebiyat.com\/#website"},"primaryImageOfPage":{"@id":"https:\/\/simurgedebiyat.com\/index.php\/2026\/03\/11\/sonunda-vedat-agabeyim-evleniyordu\/#primaryimage"},"image":{"@id":"https:\/\/simurgedebiyat.com\/index.php\/2026\/03\/11\/sonunda-vedat-agabeyim-evleniyordu\/#primaryimage"},"thumbnailUrl":"https:\/\/simurgedebiyat.com\/wp-content\/uploads\/2026\/03\/Vedat.jpeg","datePublished":"2026-03-11T10:09:35+00:00","breadcrumb":{"@id":"https:\/\/simurgedebiyat.com\/index.php\/2026\/03\/11\/sonunda-vedat-agabeyim-evleniyordu\/#breadcrumb"},"inLanguage":"tr","potentialAction":[{"@type":"ReadAction","target":["https:\/\/simurgedebiyat.com\/index.php\/2026\/03\/11\/sonunda-vedat-agabeyim-evleniyordu\/"]}]},{"@type":"ImageObject","inLanguage":"tr","@id":"https:\/\/simurgedebiyat.com\/index.php\/2026\/03\/11\/sonunda-vedat-agabeyim-evleniyordu\/#primaryimage","url":"https:\/\/simurgedebiyat.com\/wp-content\/uploads\/2026\/03\/Vedat.jpeg","contentUrl":"https:\/\/simurgedebiyat.com\/wp-content\/uploads\/2026\/03\/Vedat.jpeg","width":600,"height":399},{"@type":"BreadcrumbList","@id":"https:\/\/simurgedebiyat.com\/index.php\/2026\/03\/11\/sonunda-vedat-agabeyim-evleniyordu\/#breadcrumb","itemListElement":[{"@type":"ListItem","position":1,"name":"Anasayfa","item":"https:\/\/simurgedebiyat.com\/"},{"@type":"ListItem","position":2,"name":"Sonunda Vedat A\u011fabeyim Evleniyordu"}]},{"@type":"WebSite","@id":"https:\/\/simurgedebiyat.com\/#website","url":"https:\/\/simurgedebiyat.com\/","name":"simurgedebiyat.com","description":"edebiyat&amp;K\u00fclt\u00fcr&amp;Sanat&amp;D\u00fc\u015f\u00fcnce ","publisher":{"@id":"https:\/\/simurgedebiyat.com\/#organization"},"potentialAction":[{"@type":"SearchAction","target":{"@type":"EntryPoint","urlTemplate":"https:\/\/simurgedebiyat.com\/?s={search_term_string}"},"query-input":{"@type":"PropertyValueSpecification","valueRequired":true,"valueName":"search_term_string"}}],"inLanguage":"tr"},{"@type":"Organization","@id":"https:\/\/simurgedebiyat.com\/#organization","name":"simurgedebiyat.com","url":"https:\/\/simurgedebiyat.com\/","logo":{"@type":"ImageObject","inLanguage":"tr","@id":"https:\/\/simurgedebiyat.com\/#\/schema\/logo\/image\/","url":"https:\/\/simurgedebiyat.com\/wp-content\/uploads\/2025\/11\/cropped-HHHHH-1.jpeg","contentUrl":"https:\/\/simurgedebiyat.com\/wp-content\/uploads\/2025\/11\/cropped-HHHHH-1.jpeg","width":245,"height":205,"caption":"simurgedebiyat.com"},"image":{"@id":"https:\/\/simurgedebiyat.com\/#\/schema\/logo\/image\/"}},{"@type":"Person","@id":"https:\/\/simurgedebiyat.com\/#\/schema\/person\/feb6a855b19289b64cc1b1e3d98bb555","name":"Nil\u00fcfer KABALI BULUT","image":{"@type":"ImageObject","inLanguage":"tr","@id":"https:\/\/simurgedebiyat.com\/#\/schema\/person\/image\/7ae5f0d65c175c22054e14c2acce5a0a","url":"https:\/\/simurgedebiyat.com\/wp-content\/uploads\/2025\/12\/Nilufer.jpeg","contentUrl":"https:\/\/simurgedebiyat.com\/wp-content\/uploads\/2025\/12\/Nilufer.jpeg","caption":"Nil\u00fcfer KABALI BULUT"},"description":"15 Nisan 1983\u2019te \u0130zmit\u2019te do\u011fdu. Ondokuz May\u0131s \u00dcniversitesi Amasya E\u011fitim Fak\u00fcltesi Okul \u00d6ncesi \u00d6\u011fretmenli\u011fi b\u00f6l\u00fcm\u00fcnden mezun oldu. 18 y\u0131ld\u0131r Milli E\u011fitim Bakanl\u0131\u011f\u0131nda \u00e7al\u0131\u015f\u0131yor \u015fu anda da Ayd\u0131n\u2019da bir anaokulunda okul m\u00fcd\u00fcr\u00fc olarak g\u00f6rev yap\u0131yor. \u0130lk kitab\u0131 U\u00e7an Kitaplarla Seyahat 2020 y\u0131l\u0131nda, ikinci kitab\u0131 Sergi Kapan\u0131yor, \u00fc\u00e7\u00fcnc\u00fc kitab\u0131 Hayal Kavanozundaki \u015eiirler, d\u00f6rd\u00fcnc\u00fc kitab\u0131 Yanl\u0131\u015f Anlayan Kakt\u00fcs, be\u015finci kitab\u0131 A\u015furenin Kokusu 2022 y\u0131l\u0131nda, alt\u0131nc\u0131 kitab\u0131 Sevgini G\u00f6ster ve yedinci kitab\u0131 S\u00f6zler \u00d6nemlidir 2023, sekizinci kitab\u0131 Davran\u0131\u015flar \u00d6nemlidir 2024, dokuzuncu kitab\u0131 \u00c7ok Ke\u015fifli Hareketler 2025 y\u0131l\u0131nda yay\u0131mland\u0131. Milli E\u011fitim Bakanl\u0131\u011f\u0131\u2019n\u0131n 365g\u00fcn\u00f6yk\u00fc projesinin kitaplar\u0131n\u0131n yaz\u0131m\u0131nda g\u00f6rev ald\u0131. Ayd\u0131n Denge Gazetesinde \u00e7ocuk geli\u015fimi ile ilgili her hafta k\u00f6\u015fe yaz\u0131lar\u0131 yazmaktad\u0131r. Ayr\u0131ca \u00e7e\u015fitli kollektif kitaplarda ve dergilerde yeti\u015fkin \u00f6yk\u00fcleri ve \u015fiirleri yay\u0131mland\u0131. \u00c7ocuk kitaplar\u0131 ilgi alan\u0131 ve \u00e7ocuklara kitap yazmak onun i\u00e7in inan\u0131lmaz mutlu edici bir ser\u00fcven. \u00c7ocuklar i\u00e7in yazmaya keyifle devam ediyor.","url":"https:\/\/simurgedebiyat.com\/index.php\/author\/nilufer-kabali-bulut\/"}]}},"featured_image_urls":{"full":["https:\/\/simurgedebiyat.com\/wp-content\/uploads\/2026\/03\/Vedat.jpeg",600,399,false],"thumbnail":["https:\/\/simurgedebiyat.com\/wp-content\/uploads\/2026\/03\/Vedat-150x150.jpeg",150,150,true],"medium":["https:\/\/simurgedebiyat.com\/wp-content\/uploads\/2026\/03\/Vedat-300x200.jpeg",300,200,true],"medium_large":["https:\/\/simurgedebiyat.com\/wp-content\/uploads\/2026\/03\/Vedat.jpeg",600,399,false],"large":["https:\/\/simurgedebiyat.com\/wp-content\/uploads\/2026\/03\/Vedat.jpeg",600,399,false],"1536x1536":["https:\/\/simurgedebiyat.com\/wp-content\/uploads\/2026\/03\/Vedat.jpeg",600,399,false],"2048x2048":["https:\/\/simurgedebiyat.com\/wp-content\/uploads\/2026\/03\/Vedat.jpeg",600,399,false],"covernews-slider-full":["https:\/\/simurgedebiyat.com\/wp-content\/uploads\/2026\/03\/Vedat.jpeg",600,399,false],"covernews-slider-center":["https:\/\/simurgedebiyat.com\/wp-content\/uploads\/2026\/03\/Vedat.jpeg",600,399,false],"covernews-featured":["https:\/\/simurgedebiyat.com\/wp-content\/uploads\/2026\/03\/Vedat.jpeg",600,399,false],"covernews-medium":["https:\/\/simurgedebiyat.com\/wp-content\/uploads\/2026\/03\/Vedat-540x340.jpeg",540,340,true],"covernews-medium-square":["https:\/\/simurgedebiyat.com\/wp-content\/uploads\/2026\/03\/Vedat-400x250.jpeg",400,250,true],"sow-carousel-default":["https:\/\/simurgedebiyat.com\/wp-content\/uploads\/2026\/03\/Vedat-272x182.jpeg",272,182,true],"sow-blog-portfolio":["https:\/\/simurgedebiyat.com\/wp-content\/uploads\/2026\/03\/Vedat-375x375.jpeg",375,375,true],"sow-blog-grid":["https:\/\/simurgedebiyat.com\/wp-content\/uploads\/2026\/03\/Vedat.jpeg",600,399,false],"sow-blog-alternate":["https:\/\/simurgedebiyat.com\/wp-content\/uploads\/2026\/03\/Vedat.jpeg",600,399,false],"sow-recent-post":["https:\/\/simurgedebiyat.com\/wp-content\/uploads\/2026\/03\/Vedat-216x216.jpeg",216,216,true]},"author_info":{"display_name":"Nil\u00fcfer KABALI BULUT","author_link":"https:\/\/simurgedebiyat.com\/index.php\/author\/nilufer-kabali-bulut\/"},"category_info":"<a href=\"https:\/\/simurgedebiyat.com\/index.php\/category\/hikaye\/\" rel=\"category tag\">Hikaye\/\u00d6yk\u00fc<\/a>","tag_info":"Hikaye\/\u00d6yk\u00fc","comment_count":"0","jetpack_featured_media_url":"https:\/\/simurgedebiyat.com\/wp-content\/uploads\/2026\/03\/Vedat.jpeg","uagb_featured_image_src":{"full":["https:\/\/simurgedebiyat.com\/wp-content\/uploads\/2026\/03\/Vedat.jpeg",600,399,false],"thumbnail":["https:\/\/simurgedebiyat.com\/wp-content\/uploads\/2026\/03\/Vedat-150x150.jpeg",150,150,true],"medium":["https:\/\/simurgedebiyat.com\/wp-content\/uploads\/2026\/03\/Vedat-300x200.jpeg",300,200,true],"medium_large":["https:\/\/simurgedebiyat.com\/wp-content\/uploads\/2026\/03\/Vedat.jpeg",600,399,false],"large":["https:\/\/simurgedebiyat.com\/wp-content\/uploads\/2026\/03\/Vedat.jpeg",600,399,false],"1536x1536":["https:\/\/simurgedebiyat.com\/wp-content\/uploads\/2026\/03\/Vedat.jpeg",600,399,false],"2048x2048":["https:\/\/simurgedebiyat.com\/wp-content\/uploads\/2026\/03\/Vedat.jpeg",600,399,false],"covernews-slider-full":["https:\/\/simurgedebiyat.com\/wp-content\/uploads\/2026\/03\/Vedat.jpeg",600,399,false],"covernews-slider-center":["https:\/\/simurgedebiyat.com\/wp-content\/uploads\/2026\/03\/Vedat.jpeg",600,399,false],"covernews-featured":["https:\/\/simurgedebiyat.com\/wp-content\/uploads\/2026\/03\/Vedat.jpeg",600,399,false],"covernews-medium":["https:\/\/simurgedebiyat.com\/wp-content\/uploads\/2026\/03\/Vedat-540x340.jpeg",540,340,true],"covernews-medium-square":["https:\/\/simurgedebiyat.com\/wp-content\/uploads\/2026\/03\/Vedat-400x250.jpeg",400,250,true],"sow-carousel-default":["https:\/\/simurgedebiyat.com\/wp-content\/uploads\/2026\/03\/Vedat-272x182.jpeg",272,182,true],"sow-blog-portfolio":["https:\/\/simurgedebiyat.com\/wp-content\/uploads\/2026\/03\/Vedat-375x375.jpeg",375,375,true],"sow-blog-grid":["https:\/\/simurgedebiyat.com\/wp-content\/uploads\/2026\/03\/Vedat.jpeg",600,399,false],"sow-blog-alternate":["https:\/\/simurgedebiyat.com\/wp-content\/uploads\/2026\/03\/Vedat.jpeg",600,399,false],"sow-recent-post":["https:\/\/simurgedebiyat.com\/wp-content\/uploads\/2026\/03\/Vedat-216x216.jpeg",216,216,true]},"uagb_author_info":{"display_name":"Nil\u00fcfer KABALI BULUT","author_link":"https:\/\/simurgedebiyat.com\/index.php\/author\/nilufer-kabali-bulut\/"},"uagb_comment_info":0,"uagb_excerpt":"&nbsp; &nbsp;&nbsp;&nbsp;&nbsp;&nbsp;&nbsp;&nbsp;&nbsp;&nbsp;&nbsp;&nbsp;&nbsp;&nbsp;&nbsp;&nbsp;&nbsp; Benim can\u0131m Vedat A\u011fabeyim yak\u0131\u015f\u0131kl\u0131, esmer, uzun boylu, iri g\u00f6zl\u00fc biriydi. Tatl\u0131 d\u00fckk\u00e2n\u0131...","authors":[{"term_id":247,"user_id":49,"is_guest":0,"slug":"nilufer-kabali-bulut","display_name":"Nil\u00fcfer KABALI BULUT","avatar_url":{"url":"https:\/\/simurgedebiyat.com\/wp-content\/uploads\/2025\/12\/Nilufer.jpeg","url2x":"https:\/\/simurgedebiyat.com\/wp-content\/uploads\/2025\/12\/Nilufer.jpeg"},"first_name":"","last_name":"","user_url":"","job_title":"","description":"15 Nisan 1983\u2019te \u0130zmit\u2019te do\u011fdu. Ondokuz May\u0131s \u00dcniversitesi Amasya E\u011fitim Fak\u00fcltesi Okul \u00d6ncesi \u00d6\u011fretmenli\u011fi b\u00f6l\u00fcm\u00fcnden mezun oldu. 18 y\u0131ld\u0131r Milli E\u011fitim Bakanl\u0131\u011f\u0131nda \u00e7al\u0131\u015f\u0131yor \u015fu anda da Ayd\u0131n\u2019da bir anaokulunda okul m\u00fcd\u00fcr\u00fc olarak g\u00f6rev yap\u0131yor. \r\n\u0130lk kitab\u0131 U\u00e7an Kitaplarla Seyahat 2020 y\u0131l\u0131nda, ikinci kitab\u0131 Sergi Kapan\u0131yor, \u00fc\u00e7\u00fcnc\u00fc kitab\u0131 Hayal Kavanozundaki \u015eiirler, d\u00f6rd\u00fcnc\u00fc kitab\u0131 Yanl\u0131\u015f Anlayan Kakt\u00fcs,  be\u015finci kitab\u0131 A\u015furenin Kokusu 2022 y\u0131l\u0131nda, alt\u0131nc\u0131 kitab\u0131 Sevgini G\u00f6ster ve yedinci kitab\u0131 S\u00f6zler \u00d6nemlidir 2023, sekizinci kitab\u0131 Davran\u0131\u015flar \u00d6nemlidir 2024, dokuzuncu kitab\u0131 \u00c7ok Ke\u015fifli Hareketler 2025 y\u0131l\u0131nda yay\u0131mland\u0131. Milli E\u011fitim Bakanl\u0131\u011f\u0131\u2019n\u0131n 365g\u00fcn\u00f6yk\u00fc projesinin kitaplar\u0131n\u0131n yaz\u0131m\u0131nda g\u00f6rev ald\u0131. Ayd\u0131n Denge Gazetesinde \u00e7ocuk geli\u015fimi ile ilgili her hafta k\u00f6\u015fe yaz\u0131lar\u0131 yazmaktad\u0131r. Ayr\u0131ca \u00e7e\u015fitli kollektif kitaplarda ve dergilerde yeti\u015fkin \u00f6yk\u00fcleri ve \u015fiirleri yay\u0131mland\u0131. \u00c7ocuk kitaplar\u0131 ilgi alan\u0131 ve \u00e7ocuklara kitap yazmak onun i\u00e7in inan\u0131lmaz mutlu edici bir ser\u00fcven. \u00c7ocuklar i\u00e7in yazmaya  keyifle devam ediyor. "}],"_links":{"self":[{"href":"https:\/\/simurgedebiyat.com\/index.php\/wp-json\/wp\/v2\/posts\/4151","targetHints":{"allow":["GET"]}}],"collection":[{"href":"https:\/\/simurgedebiyat.com\/index.php\/wp-json\/wp\/v2\/posts"}],"about":[{"href":"https:\/\/simurgedebiyat.com\/index.php\/wp-json\/wp\/v2\/types\/post"}],"author":[{"embeddable":true,"href":"https:\/\/simurgedebiyat.com\/index.php\/wp-json\/wp\/v2\/users\/49"}],"replies":[{"embeddable":true,"href":"https:\/\/simurgedebiyat.com\/index.php\/wp-json\/wp\/v2\/comments?post=4151"}],"version-history":[{"count":1,"href":"https:\/\/simurgedebiyat.com\/index.php\/wp-json\/wp\/v2\/posts\/4151\/revisions"}],"predecessor-version":[{"id":4154,"href":"https:\/\/simurgedebiyat.com\/index.php\/wp-json\/wp\/v2\/posts\/4151\/revisions\/4154"}],"wp:featuredmedia":[{"embeddable":true,"href":"https:\/\/simurgedebiyat.com\/index.php\/wp-json\/wp\/v2\/media\/4153"}],"wp:attachment":[{"href":"https:\/\/simurgedebiyat.com\/index.php\/wp-json\/wp\/v2\/media?parent=4151"}],"wp:term":[{"taxonomy":"category","embeddable":true,"href":"https:\/\/simurgedebiyat.com\/index.php\/wp-json\/wp\/v2\/categories?post=4151"},{"taxonomy":"post_tag","embeddable":true,"href":"https:\/\/simurgedebiyat.com\/index.php\/wp-json\/wp\/v2\/tags?post=4151"},{"taxonomy":"author","embeddable":true,"href":"https:\/\/simurgedebiyat.com\/index.php\/wp-json\/wp\/v2\/ppma_author?post=4151"}],"curies":[{"name":"wp","href":"https:\/\/api.w.org\/{rel}","templated":true}]}}