{"id":4118,"date":"2026-03-08T12:34:55","date_gmt":"2026-03-08T09:34:55","guid":{"rendered":"https:\/\/simurgedebiyat.com\/?p=4118"},"modified":"2026-03-08T12:36:12","modified_gmt":"2026-03-08T09:36:12","slug":"annemin-imani-abd-israilin-irana-saldirisi-huseyin-besli","status":"publish","type":"post","link":"https:\/\/simurgedebiyat.com\/index.php\/2026\/03\/08\/annemin-imani-abd-israilin-irana-saldirisi-huseyin-besli\/","title":{"rendered":"Annemin \u0130man\u0131 &#8211; ABD\/\u0130srail&#8217;in \u0130ran&#8217;a Sald\u0131r\u0131s\u0131 (H\u00fcseyin BESL\u0130)"},"content":{"rendered":"<p>Rivayet olunur ki: \u0130mam C\u00fcveyn\u00ee, son demlerini ya\u015farken ba\u015fucunda bekle\u015fen aile fertleri ve dostlar\u0131na \u015funu s\u00f6yler: &#8220;\u015eahit olun ki ben, N\u00ee\u015f\u00e2burlu kocakar\u0131lar\u0131n iman\u0131 \u00fczerine \u00f6l\u00fcyorum&#8230;&#8221;<\/p>\n<p>\u015eerif Mardin Hoca&#8217;dan \u00f6d\u00fcn\u00e7 bir kavramla s\u00f6yleyeyim. Ge\u00e7mi\u015fte, radikal \u0130slamc\u0131lar\u0131n &#8220;mahallesinde&#8221; mukim biri olarak&#8230; El an, ben de \u0130mam C\u00fcveyn\u00ee gibi, annemin ve annem gibi ayaklar\u0131 alt\u0131nda cennetin bulundu\u011fu annelerin inan\u00e7 mahallesinde ikamet etmeye, ata tohumundan ne\u015fet eden o saf, genleriyle oynanmam\u0131\u015f, hormonsuz organik iman\u0131 ku\u015fanmaya karar vermi\u015f durumday\u0131m.<\/p>\n<p><img decoding=\"async\" src=\"https:\/\/image.hurimg.com\/i\/hurriyet\/90\/0x0\/69a7a20ceb59fdefaeb25b4b.jpg\" alt=\"\u0130ran sald\u0131r\u0131larda \u00f6len evlatlar\u0131na a\u011fl\u0131yor\u2026 Ayn\u0131 Gazze gibi 165 \u00e7ocuk mezar\u0131 - H\u00fcrriyet Son Dakika G\u00fcncel Haberler\"><\/p>\n<p>Annem hem okuma yazma bilmeyen hem de Hz. Peygamber&#8217;in bir hadis-i \u015ferifinde ifade etti\u011fi, do\u011fu\u015fundaki o saf, pak \u0130slam-i f\u0131trat\u0131 muhafaza anlam\u0131nda \u00fcmmiydi. B\u0131rak\u0131n okuma yazmay\u0131, K\u00fcrt\u00e7e d\u0131\u015f\u0131nda ba\u015fka bir lisan bilmezdi&#8230;<\/p>\n<p>Derken bizim eve de gavur icad\u0131 t\u00fcpl\u00fc, siyah beyaz televizyon girdi. Dedim ya annem T\u00fcrk\u00e7e bilmedi\u011fi i\u00e7in sadece t\u00fcrk\u00fc ve \u015fark\u0131lar\u0131n t\u0131n\u0131lar\u0131 ho\u015funa gidince dinler veya halay seyrederdi. Televizyondan istifadesi bununla s\u0131n\u0131rl\u0131yd\u0131. \u015e\u00fck\u00fcr ki, annem renkli televizyonda TRT K\u00fcrdi&#8217;den K\u00fcrt\u00e7e stran-klam dinleyebildi.<\/p>\n<p>&#8230;Ha, bir de a\u011fabeyimle futbol ma\u00e7lar\u0131n\u0131 seyrederken, futboldan anlad\u0131\u011f\u0131ndan de\u011fil, merak\u0131ndan sorard\u0131: &#8220;Bunlar\u0131n hangisi M\u00fcsl\u00fcman?.. Hangisi gavur?..&#8221; Soruyu b\u00f6yle sorard\u0131. Zira annem i\u00e7in insanlar sadece ve sadece ikiye ayr\u0131l\u0131rd\u0131: &#8220;M\u00fcsl\u00fcman- gavur.&#8221;<\/p>\n<p>&#8220;Ben ger\u00e7ekten &#8216;M\u00fcsl\u00fcmanlardan\u0131m&#8217; diyenden daha g\u00fczel s\u00f6zl\u00fc kim olabilir?&#8221; (Fussilet\/33) ve &#8220;\u015eahit olun ki biz M\u00fcsl\u00fcmanlar\u0131z&#8221; deyin.&#8221; (\u00c2l-i \u0130mran\/64) ayetlerine dair kesbi bir bilgiye sahip olmad\u0131\u011f\u0131 kesin&#8230; Do\u011fu\u015ftan\/f\u0131tri bilgilerin epistemolojik izah\u0131n\u0131 i\u015fin ehline b\u0131rakarak&#8230; Annemin, s\u00f6z konusu ayetlerin manalar\u0131na dair inanc\u0131n\u0131n, c\u00fcbbeli c\u00fcbbesiz, sakall\u0131 veya sinek kayd\u0131 t\u0131ra\u015fl\u0131 \u00e7o\u011fu \u0130slamc\u0131 entelekt\u00fcelden, ilahiyat\u00e7\u0131dan, \u015feyhten, efendiden, hocadan daha saf, berrak ve kavi oldu\u011funu s\u00f6yleyebilirim.<\/p>\n<p><img decoding=\"async\" src=\"https:\/\/pbs.twimg.com\/card_img\/2028315038277050369\/S52fAfKp?format=jpg&amp;name=orig\" alt=\"\ud83d\udd17https:\/\/t.co\/6vEJT4e36S Soyk\u0131r\u0131mc\u0131 \u0130srail ve ABD'den \u0130ran'da katliam: Y\u0131k\u0131m\u0131n boyutu b\u00fcy\u00fcyor! \ud83d\udccc\u0130slam co\u011frafyas\u0131n\u0131 kan g\u00f6l\u00fcne \u00e7evirmeyi hedefleyen g\u00f6z\u00fc d\u00f6nm\u00fc\u015f katil ABD ve siyonist \u0130srail, \u0130ran'a y\u00f6nelik kalle\u015f sald\u0131r\u0131lar\u0131n\u0131 s\u00fcrd\u00fcr\u00fcyor. \u0130ran dini ...\"><\/p>\n<p>Annem, Allah&#8217;\u0131n (cc) bizlere verdi\u011fi \u00fcst ve \u00fcst\u00fcn &#8220;M\u00fcsl\u00fcman&#8221; kimli\u011finin ba\u015f\u0131na; \u015eii, S\u00fcnni, Selefi, Alevi, Nak\u015fi, Kadiri vb. mezhep ve me\u015frep kimliklerini monte etmedi\u011fi gibi&#8230; Sonuna da; T\u00fcrk, K\u00fcrt, Arap vb. etnik kimlikleri de monte etmezdi. Yani anlayaca\u011f\u0131n\u0131z annem, hi\u00e7bir alt kimli\u011fi, \u00fcst ve \u00fcst\u00fcn &#8220;M\u00fcsl\u00fcman&#8221; kimli\u011fimize \u015ferik ko\u015fmaz, kimlikte &#8220;m\u00fc\u015friklik&#8221; yapmazd\u0131&#8230;<\/p>\n<p>Uzun bir s\u00fcredir futbol seyircisi de\u011filim. 70&#8217;li y\u0131llar\u0131n sonu, 80&#8217;li y\u0131llar\u0131n ba\u015f\u0131nda, hen\u00fcz televizyonlar\u0131n siyah beyaz oldu\u011fu d\u00f6nemlerde mill\u00ee tak\u0131m, genelde g\u00f6\u011fs\u00fcnde hilal &#8211; y\u0131ld\u0131z olan beyaz renkli bir forma giyerdi. Annemin, ma\u00e7 yapan tak\u0131mlar\u0131n &#8220;hangisi M\u00fcsl\u00fcman?.. hangisi gavur?&#8221; \u015feklindeki sorusuna, mill\u00ee ma\u00e7 ise beyaz renkli olanlar M\u00fcsl\u00fcman cevab\u0131n\u0131 verdi\u011fimizde&#8230; Annem hemen mill\u00ee tak\u0131m\u0131n ba\u015far\u0131s\u0131 i\u00e7in dua etmeye ba\u015flard\u0131. \u00d6yle ki neredeyse adak adayacakt\u0131. Bir g\u00fcn dayanamad\u0131m, anneme dedim ki: &#8220;Anne, bunlar M\u00fcsl\u00fcman ama senin zannetti\u011fin gibi sa\u011flam M\u00fcsl\u00fcman de\u011fil. Ma\u00e7\u0131 kazan\u0131nca gidip i\u00e7ki i\u00e7erek ba\u015far\u0131lar\u0131n\u0131 kutlayacaklar. Sen de onlar\u0131n kazanmalar\u0131 i\u00e7in dua ediyorsun! Neredeyse adak adayacaks\u0131n!..&#8221;<\/p>\n<p><b><i>Annem k\u0131zg\u0131n bir y\u00fcz ifadesi ve sert bir tonda: &#8220;Olsun! G\u00fcnahk\u00e2r da olsalar M\u00fcsl\u00fcmanlar kazans\u0131n! Gavurlar kazanmas\u0131n!&#8221;<\/i><\/b>&nbsp;demi\u015fti. Bu ifade m\u0131h gibi haf\u0131zama \u00e7ak\u0131ld\u0131 kald\u0131. Hi\u00e7 ama hi\u00e7 unutmad\u0131m. Unutamad\u0131m&#8230;<\/p>\n<p>Esasen annemin bu tavr\u0131, Hz. Peygamber (sav) ve ashab\u0131n\u0131n duru\u015f ve davran\u0131\u015f\u0131yla \u00f6rt\u00fc\u015fmekteydi. Onlar da s\u0131rf ehl-i kitap oldu\u011fu i\u00e7in Hristiyan Bizans&#8217;\u0131n, Mecusi\/Zerd\u00fc\u015ft Sasanilere ma\u011flup olmas\u0131na \u00fcz\u00fclm\u00fc\u015flerdi&#8230;<\/p>\n<p>\u0130ran&#8217;da devrimin ilk y\u0131llar\u0131nda, devrimin lideri \u0130mam Humeyni&#8217;nin, \u00fcmmetin birli\u011fi y\u00f6n\u00fcnde baz\u0131 sembolik s\u00f6ylem ve eylemlerde bulundu\u011funu hat\u0131rl\u0131yorum: &#8220;Hac farizas\u0131n\u0131 ifa eden \u015eiilerin, S\u00fcnni imamlar\u0131n ard\u0131nda namaz k\u0131lmalar\u0131n\u0131 tavsiye etmesi gibi&#8230;&#8221; Ali Hamaney d\u00f6nemine gelince, \u0130ranl\u0131 sosyolog Ali \u015eeriati&#8217;nin ifadesiyle s\u00f6yleyecek olursak: &#8220;Ali&#8217;nin \u015eias\u0131 de\u011fil&#8230; Safevi \u015eias\u0131 &#8211; Kara \u015eia&#8230;&#8221; d\u00f6nemi oldu.<\/p>\n<p>\u0130ran, Hamaney d\u00f6neminde, \u00fcmmet co\u011frafyas\u0131ndaki b\u00fct\u00fcn \u015eiileri n\u00fcfuz alan\u0131na \u00e7ekmeyi ve onlar \u00fczerinden bir \u015eii imparatorlu\u011fu olu\u015fturmay\u0131 hedefledi. T\u0131pk\u0131 \u015eah \u0130smail gibi&#8230; Malumunuzdur: \u015eah \u0130smail, Osmanl\u0131 tebaas\u0131 Alevileri etki alan\u0131na alarak, onlar\u0131 provoke ederek ter\u00f6r estiriyor, ard\u0131ndan bunlar \u00fczerinden i\u015fgal giri\u015fiminde bulunuyordu. \u0130ran&#8217;\u0131n bu politikas\u0131, \u00fcmmetin \u00e7o\u011funlu\u011funu tedirgin etti, S\u00fcnni-\u015eii ayr\u0131\u015fmas\u0131n\u0131 derinle\u015ftirdi. Sadece y\u00f6netimler nezdinde de\u011fil, halklar nezdinde de.<\/p>\n<p><img decoding=\"async\" src=\"https:\/\/www.sde.org.tr\/content\/upload\/news\/thumb\/69a6c39d649e6950X535-40_thumbd.webp\" alt=\"ABD ve \u0130srail Bombalar\u0131yla Al\u00e7ak\u00e7a Katledilen 165 K\u0131z \u00c7ocu\u011fu Topra\u011fa Verildi\u011fi G\u00fcn Katil Trump'\u0131n Kar\u0131s\u0131 BMGK'da \u00c7ocuk Haklar\u0131 Masallar\u0131 Anlatacak\"><\/p>\n<p>Hele hele Suriye&#8217;de yapt\u0131klar\u0131, b\u0131rak\u0131n \u0130slam&#8217;\u0131, insanl\u0131kla ba\u011fda\u015fm\u0131yordu. \u0130ran, 13 y\u0131l boyunca her y\u00f6n\u00fcyle Yezid b. Muaviye&#8217;ye benzeyen Be\u015far Esad ile birlikte, Suriye&#8217;nin her kar\u0131\u015f topra\u011f\u0131n\u0131, Suriyeli H\u00fcseyin&#8217;lere ve Zeynepler&#8217;e Kerbela&#8217;ya&#8230; Her g\u00fcn\u00fcn\u00fc a\u015fura-ya \u00e7evirdi. Do\u011fu Guta&#8217;da, Yezid Esad ve \u0130ran&#8217;\u0131n paramiliter g\u00fc\u00e7lerince varil bombalar\u0131yla evleri ba\u015flar\u0131na y\u0131k\u0131lm\u0131\u015f insanlar\u0131n, y\u0131k\u0131nt\u0131lar alt\u0131ndan \u00e7\u0131kard\u0131klar\u0131 \u00e7ocuklar\u0131n\u0131n cans\u0131z bedenini kucaklama g\u00f6r\u00fcnt\u00fcleri, Kerbela&#8217;da kuca\u011f\u0131nda boynundan okla vurulmu\u015f Ali Asgar&#8217;\u0131 ta\u015f\u0131yan Hz. H\u00fcseyin&#8217;in g\u00f6r\u00fcnt\u00fcs\u00fcn\u00fcn t\u0131pk\u0131s\u0131n\u0131n ayn\u0131s\u0131yd\u0131.<\/p>\n<p>Yapt\u0131\u011f\u0131 b\u00fct\u00fcn bu zul\u00fcm ve c\u00fcr\u00fcmlere ra\u011fmen; \u0130ran&#8217;\u0131n emperyalist ABD ve Siyonist \u0130srail&#8217;in sald\u0131r\u0131s\u0131na u\u011framas\u0131, Ali Hamaney&#8217;in \u00f6ld\u00fcr\u00fclmesi bizi \u00fczer. Daha \u00f6nce&#8230; Tarihten benzerini aramak gerekirse, tarihe Harre olay\u0131 diye ge\u00e7en, Medine&#8217;yi kan g\u00f6l\u00fcne \u00e7eviren Yezid b. Muaviye&#8217;nin tetik\u00e7isi M\u00fcslim b. Ukbe veya Abd\u00fclmelik b. Mervan&#8217;\u0131n tetik\u00e7isi Hacc\u00e2c b. Yusuf&#8217;a (zalim Haccac) benzeyen Kas\u0131m S\u00fcleymani&#8217;nin, ABD taraf\u0131ndan \u00f6ld\u00fcr\u00fclmesi de keza bizi \u00fczm\u00fc\u015ft\u00fc&#8230;<\/p>\n<p><i>Evet, ismi Cemile, ismiyle m\u00fcsemma; \u015fahs\u0131 g\u00fczel, \u015fahsiyeti g\u00fczel, itikad\u0131 g\u00fczel&#8230; Merhume annemin dedi\u011fi gibi: &#8220;Zalim, fas\u0131k, m\u00fccrim de olsa bu sava\u015f\u0131 M\u00fcsl\u00fcman \u0130ranl\u0131lar kazans\u0131n. Gavur ABD ve \u0130srail kazanmas\u0131n&#8221;(<\/i><i>Enver ELKATMI\u015e)<\/i><\/p>\n<p><img fetchpriority=\"high\" decoding=\"async\" class=\"\" src=\"https:\/\/image.hurimg.com\/i\/hurriyet\/90\/0x0\/69a2a4052340ceaef61e55ba.jpg\" alt=\"ABD ve \u0130srail'in \u0130ran'a sald\u0131r\u0131s\u0131 sonras\u0131 ilk g\u00f6r\u00fcnt\u00fcler - H\u00fcrriyet Son Dakika Haberler\" width=\"967\" height=\"480\"><\/p>\n<p><em><strong>Bu Yaz\u0131 H\u00fcseyin BESL\u0130 Taraf\u0131ndan Yaz\u0131lm\u0131\u015f Olup Sanaldan Al\u0131nm\u0131\u015f, Tar\u0131k TORUN Taraf\u0131ndan d\u00fczlenip, Yay\u0131nlanm\u0131\u015ft\u0131r.<\/strong><\/em><\/p>\n","protected":false},"excerpt":{"rendered":"<p>Rivayet olunur ki: \u0130mam C\u00fcveyn\u00ee, son demlerini ya\u015farken ba\u015fucunda bekle\u015fen aile fertleri ve dostlar\u0131na \u015funu&#8230;<\/p>\n","protected":false},"author":22,"featured_media":4119,"comment_status":"open","ping_status":"open","sticky":false,"template":"","format":"standard","meta":{"_bbp_topic_count":0,"_bbp_reply_count":0,"_bbp_total_topic_count":0,"_bbp_total_reply_count":0,"_bbp_voice_count":0,"_bbp_anonymous_reply_count":0,"_bbp_topic_count_hidden":0,"_bbp_reply_count_hidden":0,"_bbp_forum_subforum_count":0,"om_disable_all_campaigns":false,"_uag_custom_page_level_css":"","ngg_post_thumbnail":0,"footnotes":""},"categories":[179],"tags":[],"ppma_author":[199],"class_list":["post-4118","post","type-post","status-publish","format-standard","has-post-thumbnail","hentry","category-arastirmalar"],"yoast_head":"<!-- This site is optimized with the Yoast SEO plugin v24.9 - https:\/\/yoast.com\/wordpress\/plugins\/seo\/ -->\n<title>Annemin \u0130man\u0131 - ABD\/\u0130srail&#039;in \u0130ran&#039;a Sald\u0131r\u0131s\u0131 (H\u00fcseyin BESL\u0130) - simurgedebiyat.com<\/title>\n<meta name=\"robots\" content=\"index, follow, max-snippet:-1, max-image-preview:large, max-video-preview:-1\" \/>\n<link rel=\"canonical\" href=\"https:\/\/simurgedebiyat.com\/index.php\/2026\/03\/08\/annemin-imani-abd-israilin-irana-saldirisi-huseyin-besli\/\" \/>\n<meta property=\"og:locale\" content=\"tr_TR\" \/>\n<meta property=\"og:type\" content=\"article\" \/>\n<meta property=\"og:title\" content=\"Annemin \u0130man\u0131 - ABD\/\u0130srail&#039;in \u0130ran&#039;a Sald\u0131r\u0131s\u0131 (H\u00fcseyin BESL\u0130) - simurgedebiyat.com\" \/>\n<meta property=\"og:description\" content=\"Rivayet olunur ki: \u0130mam C\u00fcveyn\u00ee, son demlerini ya\u015farken ba\u015fucunda bekle\u015fen aile fertleri ve dostlar\u0131na \u015funu...\" \/>\n<meta property=\"og:url\" content=\"https:\/\/simurgedebiyat.com\/index.php\/2026\/03\/08\/annemin-imani-abd-israilin-irana-saldirisi-huseyin-besli\/\" \/>\n<meta property=\"og:site_name\" content=\"simurgedebiyat.com\" \/>\n<meta property=\"article:published_time\" content=\"2026-03-08T09:34:55+00:00\" \/>\n<meta property=\"article:modified_time\" content=\"2026-03-08T09:36:12+00:00\" \/>\n<meta property=\"og:image\" content=\"https:\/\/simurgedebiyat.com\/wp-content\/uploads\/2026\/03\/images-11.jpg\" \/>\n\t<meta property=\"og:image:width\" content=\"297\" \/>\n\t<meta property=\"og:image:height\" content=\"169\" \/>\n\t<meta property=\"og:image:type\" content=\"image\/jpeg\" \/>\n<meta name=\"author\" content=\"Misafir Kalem\" \/>\n<meta name=\"twitter:card\" content=\"summary_large_image\" \/>\n<meta name=\"twitter:label1\" content=\"Yazan:\" \/>\n\t<meta name=\"twitter:data1\" content=\"Misafir Kalem\" \/>\n\t<meta name=\"twitter:label2\" content=\"Tahmini okuma s\u00fcresi\" \/>\n\t<meta name=\"twitter:data2\" content=\"6 dakika\" \/>\n<script type=\"application\/ld+json\" class=\"yoast-schema-graph\">{\"@context\":\"https:\/\/schema.org\",\"@graph\":[{\"@type\":\"Article\",\"@id\":\"https:\/\/simurgedebiyat.com\/index.php\/2026\/03\/08\/annemin-imani-abd-israilin-irana-saldirisi-huseyin-besli\/#article\",\"isPartOf\":{\"@id\":\"https:\/\/simurgedebiyat.com\/index.php\/2026\/03\/08\/annemin-imani-abd-israilin-irana-saldirisi-huseyin-besli\/\"},\"author\":{\"name\":\"Misafir Kalem\",\"@id\":\"https:\/\/simurgedebiyat.com\/#\/schema\/person\/6cd4a2206085130e1c2f14da28db20be\"},\"headline\":\"Annemin \u0130man\u0131 &#8211; ABD\/\u0130srail&#8217;in \u0130ran&#8217;a Sald\u0131r\u0131s\u0131 (H\u00fcseyin BESL\u0130)\",\"datePublished\":\"2026-03-08T09:34:55+00:00\",\"dateModified\":\"2026-03-08T09:36:12+00:00\",\"mainEntityOfPage\":{\"@id\":\"https:\/\/simurgedebiyat.com\/index.php\/2026\/03\/08\/annemin-imani-abd-israilin-irana-saldirisi-huseyin-besli\/\"},\"wordCount\":1087,\"commentCount\":2,\"publisher\":{\"@id\":\"https:\/\/simurgedebiyat.com\/#organization\"},\"image\":{\"@id\":\"https:\/\/simurgedebiyat.com\/index.php\/2026\/03\/08\/annemin-imani-abd-israilin-irana-saldirisi-huseyin-besli\/#primaryimage\"},\"thumbnailUrl\":\"https:\/\/simurgedebiyat.com\/wp-content\/uploads\/2026\/03\/images-11.jpg\",\"articleSection\":[\"Ara\u015ft\u0131rmalar\"],\"inLanguage\":\"tr\",\"potentialAction\":[{\"@type\":\"CommentAction\",\"name\":\"Comment\",\"target\":[\"https:\/\/simurgedebiyat.com\/index.php\/2026\/03\/08\/annemin-imani-abd-israilin-irana-saldirisi-huseyin-besli\/#respond\"]}]},{\"@type\":\"WebPage\",\"@id\":\"https:\/\/simurgedebiyat.com\/index.php\/2026\/03\/08\/annemin-imani-abd-israilin-irana-saldirisi-huseyin-besli\/\",\"url\":\"https:\/\/simurgedebiyat.com\/index.php\/2026\/03\/08\/annemin-imani-abd-israilin-irana-saldirisi-huseyin-besli\/\",\"name\":\"Annemin \u0130man\u0131 - ABD\/\u0130srail'in \u0130ran'a Sald\u0131r\u0131s\u0131 (H\u00fcseyin BESL\u0130) - simurgedebiyat.com\",\"isPartOf\":{\"@id\":\"https:\/\/simurgedebiyat.com\/#website\"},\"primaryImageOfPage\":{\"@id\":\"https:\/\/simurgedebiyat.com\/index.php\/2026\/03\/08\/annemin-imani-abd-israilin-irana-saldirisi-huseyin-besli\/#primaryimage\"},\"image\":{\"@id\":\"https:\/\/simurgedebiyat.com\/index.php\/2026\/03\/08\/annemin-imani-abd-israilin-irana-saldirisi-huseyin-besli\/#primaryimage\"},\"thumbnailUrl\":\"https:\/\/simurgedebiyat.com\/wp-content\/uploads\/2026\/03\/images-11.jpg\",\"datePublished\":\"2026-03-08T09:34:55+00:00\",\"dateModified\":\"2026-03-08T09:36:12+00:00\",\"breadcrumb\":{\"@id\":\"https:\/\/simurgedebiyat.com\/index.php\/2026\/03\/08\/annemin-imani-abd-israilin-irana-saldirisi-huseyin-besli\/#breadcrumb\"},\"inLanguage\":\"tr\",\"potentialAction\":[{\"@type\":\"ReadAction\",\"target\":[\"https:\/\/simurgedebiyat.com\/index.php\/2026\/03\/08\/annemin-imani-abd-israilin-irana-saldirisi-huseyin-besli\/\"]}]},{\"@type\":\"ImageObject\",\"inLanguage\":\"tr\",\"@id\":\"https:\/\/simurgedebiyat.com\/index.php\/2026\/03\/08\/annemin-imani-abd-israilin-irana-saldirisi-huseyin-besli\/#primaryimage\",\"url\":\"https:\/\/simurgedebiyat.com\/wp-content\/uploads\/2026\/03\/images-11.jpg\",\"contentUrl\":\"https:\/\/simurgedebiyat.com\/wp-content\/uploads\/2026\/03\/images-11.jpg\",\"width\":297,\"height\":169},{\"@type\":\"BreadcrumbList\",\"@id\":\"https:\/\/simurgedebiyat.com\/index.php\/2026\/03\/08\/annemin-imani-abd-israilin-irana-saldirisi-huseyin-besli\/#breadcrumb\",\"itemListElement\":[{\"@type\":\"ListItem\",\"position\":1,\"name\":\"Anasayfa\",\"item\":\"https:\/\/simurgedebiyat.com\/\"},{\"@type\":\"ListItem\",\"position\":2,\"name\":\"Annemin \u0130man\u0131 &#8211; ABD\/\u0130srail&#8217;in \u0130ran&#8217;a Sald\u0131r\u0131s\u0131 (H\u00fcseyin BESL\u0130)\"}]},{\"@type\":\"WebSite\",\"@id\":\"https:\/\/simurgedebiyat.com\/#website\",\"url\":\"https:\/\/simurgedebiyat.com\/\",\"name\":\"simurgedebiyat.com\",\"description\":\"edebiyat&amp;K\u00fclt\u00fcr&amp;Sanat&amp;D\u00fc\u015f\u00fcnce \",\"publisher\":{\"@id\":\"https:\/\/simurgedebiyat.com\/#organization\"},\"potentialAction\":[{\"@type\":\"SearchAction\",\"target\":{\"@type\":\"EntryPoint\",\"urlTemplate\":\"https:\/\/simurgedebiyat.com\/?s={search_term_string}\"},\"query-input\":{\"@type\":\"PropertyValueSpecification\",\"valueRequired\":true,\"valueName\":\"search_term_string\"}}],\"inLanguage\":\"tr\"},{\"@type\":\"Organization\",\"@id\":\"https:\/\/simurgedebiyat.com\/#organization\",\"name\":\"simurgedebiyat.com\",\"url\":\"https:\/\/simurgedebiyat.com\/\",\"logo\":{\"@type\":\"ImageObject\",\"inLanguage\":\"tr\",\"@id\":\"https:\/\/simurgedebiyat.com\/#\/schema\/logo\/image\/\",\"url\":\"https:\/\/simurgedebiyat.com\/wp-content\/uploads\/2025\/11\/cropped-HHHHH-1.jpeg\",\"contentUrl\":\"https:\/\/simurgedebiyat.com\/wp-content\/uploads\/2025\/11\/cropped-HHHHH-1.jpeg\",\"width\":245,\"height\":205,\"caption\":\"simurgedebiyat.com\"},\"image\":{\"@id\":\"https:\/\/simurgedebiyat.com\/#\/schema\/logo\/image\/\"}},{\"@type\":\"Person\",\"@id\":\"https:\/\/simurgedebiyat.com\/#\/schema\/person\/6cd4a2206085130e1c2f14da28db20be\",\"name\":\"Misafir Kalem\",\"image\":{\"@type\":\"ImageObject\",\"inLanguage\":\"tr\",\"@id\":\"https:\/\/simurgedebiyat.com\/#\/schema\/person\/image\/23494c9101089ad44ae88ce9d2f56aac\",\"url\":\"https:\/\/secure.gravatar.com\/avatar\/?s=96&d=mm&r=g\",\"contentUrl\":\"https:\/\/secure.gravatar.com\/avatar\/?s=96&d=mm&r=g\",\"caption\":\"Misafir Kalem\"},\"url\":\"https:\/\/simurgedebiyat.com\/index.php\/author\/misafir-kalem\/\"}]}<\/script>\n<!-- \/ Yoast SEO plugin. -->","yoast_head_json":{"title":"Annemin \u0130man\u0131 - ABD\/\u0130srail'in \u0130ran'a Sald\u0131r\u0131s\u0131 (H\u00fcseyin BESL\u0130) - simurgedebiyat.com","robots":{"index":"index","follow":"follow","max-snippet":"max-snippet:-1","max-image-preview":"max-image-preview:large","max-video-preview":"max-video-preview:-1"},"canonical":"https:\/\/simurgedebiyat.com\/index.php\/2026\/03\/08\/annemin-imani-abd-israilin-irana-saldirisi-huseyin-besli\/","og_locale":"tr_TR","og_type":"article","og_title":"Annemin \u0130man\u0131 - ABD\/\u0130srail'in \u0130ran'a Sald\u0131r\u0131s\u0131 (H\u00fcseyin BESL\u0130) - simurgedebiyat.com","og_description":"Rivayet olunur ki: \u0130mam C\u00fcveyn\u00ee, son demlerini ya\u015farken ba\u015fucunda bekle\u015fen aile fertleri ve dostlar\u0131na \u015funu...","og_url":"https:\/\/simurgedebiyat.com\/index.php\/2026\/03\/08\/annemin-imani-abd-israilin-irana-saldirisi-huseyin-besli\/","og_site_name":"simurgedebiyat.com","article_published_time":"2026-03-08T09:34:55+00:00","article_modified_time":"2026-03-08T09:36:12+00:00","og_image":[{"width":297,"height":169,"url":"https:\/\/simurgedebiyat.com\/wp-content\/uploads\/2026\/03\/images-11.jpg","type":"image\/jpeg"}],"author":"Misafir Kalem","twitter_card":"summary_large_image","twitter_misc":{"Yazan:":"Misafir Kalem","Tahmini okuma s\u00fcresi":"6 dakika"},"schema":{"@context":"https:\/\/schema.org","@graph":[{"@type":"Article","@id":"https:\/\/simurgedebiyat.com\/index.php\/2026\/03\/08\/annemin-imani-abd-israilin-irana-saldirisi-huseyin-besli\/#article","isPartOf":{"@id":"https:\/\/simurgedebiyat.com\/index.php\/2026\/03\/08\/annemin-imani-abd-israilin-irana-saldirisi-huseyin-besli\/"},"author":{"name":"Misafir Kalem","@id":"https:\/\/simurgedebiyat.com\/#\/schema\/person\/6cd4a2206085130e1c2f14da28db20be"},"headline":"Annemin \u0130man\u0131 &#8211; ABD\/\u0130srail&#8217;in \u0130ran&#8217;a Sald\u0131r\u0131s\u0131 (H\u00fcseyin BESL\u0130)","datePublished":"2026-03-08T09:34:55+00:00","dateModified":"2026-03-08T09:36:12+00:00","mainEntityOfPage":{"@id":"https:\/\/simurgedebiyat.com\/index.php\/2026\/03\/08\/annemin-imani-abd-israilin-irana-saldirisi-huseyin-besli\/"},"wordCount":1087,"commentCount":2,"publisher":{"@id":"https:\/\/simurgedebiyat.com\/#organization"},"image":{"@id":"https:\/\/simurgedebiyat.com\/index.php\/2026\/03\/08\/annemin-imani-abd-israilin-irana-saldirisi-huseyin-besli\/#primaryimage"},"thumbnailUrl":"https:\/\/simurgedebiyat.com\/wp-content\/uploads\/2026\/03\/images-11.jpg","articleSection":["Ara\u015ft\u0131rmalar"],"inLanguage":"tr","potentialAction":[{"@type":"CommentAction","name":"Comment","target":["https:\/\/simurgedebiyat.com\/index.php\/2026\/03\/08\/annemin-imani-abd-israilin-irana-saldirisi-huseyin-besli\/#respond"]}]},{"@type":"WebPage","@id":"https:\/\/simurgedebiyat.com\/index.php\/2026\/03\/08\/annemin-imani-abd-israilin-irana-saldirisi-huseyin-besli\/","url":"https:\/\/simurgedebiyat.com\/index.php\/2026\/03\/08\/annemin-imani-abd-israilin-irana-saldirisi-huseyin-besli\/","name":"Annemin \u0130man\u0131 - ABD\/\u0130srail'in \u0130ran'a Sald\u0131r\u0131s\u0131 (H\u00fcseyin BESL\u0130) - simurgedebiyat.com","isPartOf":{"@id":"https:\/\/simurgedebiyat.com\/#website"},"primaryImageOfPage":{"@id":"https:\/\/simurgedebiyat.com\/index.php\/2026\/03\/08\/annemin-imani-abd-israilin-irana-saldirisi-huseyin-besli\/#primaryimage"},"image":{"@id":"https:\/\/simurgedebiyat.com\/index.php\/2026\/03\/08\/annemin-imani-abd-israilin-irana-saldirisi-huseyin-besli\/#primaryimage"},"thumbnailUrl":"https:\/\/simurgedebiyat.com\/wp-content\/uploads\/2026\/03\/images-11.jpg","datePublished":"2026-03-08T09:34:55+00:00","dateModified":"2026-03-08T09:36:12+00:00","breadcrumb":{"@id":"https:\/\/simurgedebiyat.com\/index.php\/2026\/03\/08\/annemin-imani-abd-israilin-irana-saldirisi-huseyin-besli\/#breadcrumb"},"inLanguage":"tr","potentialAction":[{"@type":"ReadAction","target":["https:\/\/simurgedebiyat.com\/index.php\/2026\/03\/08\/annemin-imani-abd-israilin-irana-saldirisi-huseyin-besli\/"]}]},{"@type":"ImageObject","inLanguage":"tr","@id":"https:\/\/simurgedebiyat.com\/index.php\/2026\/03\/08\/annemin-imani-abd-israilin-irana-saldirisi-huseyin-besli\/#primaryimage","url":"https:\/\/simurgedebiyat.com\/wp-content\/uploads\/2026\/03\/images-11.jpg","contentUrl":"https:\/\/simurgedebiyat.com\/wp-content\/uploads\/2026\/03\/images-11.jpg","width":297,"height":169},{"@type":"BreadcrumbList","@id":"https:\/\/simurgedebiyat.com\/index.php\/2026\/03\/08\/annemin-imani-abd-israilin-irana-saldirisi-huseyin-besli\/#breadcrumb","itemListElement":[{"@type":"ListItem","position":1,"name":"Anasayfa","item":"https:\/\/simurgedebiyat.com\/"},{"@type":"ListItem","position":2,"name":"Annemin \u0130man\u0131 &#8211; ABD\/\u0130srail&#8217;in \u0130ran&#8217;a Sald\u0131r\u0131s\u0131 (H\u00fcseyin BESL\u0130)"}]},{"@type":"WebSite","@id":"https:\/\/simurgedebiyat.com\/#website","url":"https:\/\/simurgedebiyat.com\/","name":"simurgedebiyat.com","description":"edebiyat&amp;K\u00fclt\u00fcr&amp;Sanat&amp;D\u00fc\u015f\u00fcnce ","publisher":{"@id":"https:\/\/simurgedebiyat.com\/#organization"},"potentialAction":[{"@type":"SearchAction","target":{"@type":"EntryPoint","urlTemplate":"https:\/\/simurgedebiyat.com\/?s={search_term_string}"},"query-input":{"@type":"PropertyValueSpecification","valueRequired":true,"valueName":"search_term_string"}}],"inLanguage":"tr"},{"@type":"Organization","@id":"https:\/\/simurgedebiyat.com\/#organization","name":"simurgedebiyat.com","url":"https:\/\/simurgedebiyat.com\/","logo":{"@type":"ImageObject","inLanguage":"tr","@id":"https:\/\/simurgedebiyat.com\/#\/schema\/logo\/image\/","url":"https:\/\/simurgedebiyat.com\/wp-content\/uploads\/2025\/11\/cropped-HHHHH-1.jpeg","contentUrl":"https:\/\/simurgedebiyat.com\/wp-content\/uploads\/2025\/11\/cropped-HHHHH-1.jpeg","width":245,"height":205,"caption":"simurgedebiyat.com"},"image":{"@id":"https:\/\/simurgedebiyat.com\/#\/schema\/logo\/image\/"}},{"@type":"Person","@id":"https:\/\/simurgedebiyat.com\/#\/schema\/person\/6cd4a2206085130e1c2f14da28db20be","name":"Misafir Kalem","image":{"@type":"ImageObject","inLanguage":"tr","@id":"https:\/\/simurgedebiyat.com\/#\/schema\/person\/image\/23494c9101089ad44ae88ce9d2f56aac","url":"https:\/\/secure.gravatar.com\/avatar\/?s=96&d=mm&r=g","contentUrl":"https:\/\/secure.gravatar.com\/avatar\/?s=96&d=mm&r=g","caption":"Misafir Kalem"},"url":"https:\/\/simurgedebiyat.com\/index.php\/author\/misafir-kalem\/"}]}},"featured_image_urls":{"full":["https:\/\/simurgedebiyat.com\/wp-content\/uploads\/2026\/03\/images-11.jpg",297,169,false],"thumbnail":["https:\/\/simurgedebiyat.com\/wp-content\/uploads\/2026\/03\/images-11-150x150.jpg",150,150,true],"medium":["https:\/\/simurgedebiyat.com\/wp-content\/uploads\/2026\/03\/images-11.jpg",297,169,false],"medium_large":["https:\/\/simurgedebiyat.com\/wp-content\/uploads\/2026\/03\/images-11.jpg",297,169,false],"large":["https:\/\/simurgedebiyat.com\/wp-content\/uploads\/2026\/03\/images-11.jpg",297,169,false],"1536x1536":["https:\/\/simurgedebiyat.com\/wp-content\/uploads\/2026\/03\/images-11.jpg",297,169,false],"2048x2048":["https:\/\/simurgedebiyat.com\/wp-content\/uploads\/2026\/03\/images-11.jpg",297,169,false],"covernews-slider-full":["https:\/\/simurgedebiyat.com\/wp-content\/uploads\/2026\/03\/images-11.jpg",297,169,false],"covernews-slider-center":["https:\/\/simurgedebiyat.com\/wp-content\/uploads\/2026\/03\/images-11.jpg",297,169,false],"covernews-featured":["https:\/\/simurgedebiyat.com\/wp-content\/uploads\/2026\/03\/images-11.jpg",297,169,false],"covernews-medium":["https:\/\/simurgedebiyat.com\/wp-content\/uploads\/2026\/03\/images-11.jpg",297,169,false],"covernews-medium-square":["https:\/\/simurgedebiyat.com\/wp-content\/uploads\/2026\/03\/images-11.jpg",297,169,false],"sow-carousel-default":["https:\/\/simurgedebiyat.com\/wp-content\/uploads\/2026\/03\/images-11-272x169.jpg",272,169,true],"sow-blog-portfolio":["https:\/\/simurgedebiyat.com\/wp-content\/uploads\/2026\/03\/images-11.jpg",297,169,false],"sow-blog-grid":["https:\/\/simurgedebiyat.com\/wp-content\/uploads\/2026\/03\/images-11.jpg",297,169,false],"sow-blog-alternate":["https:\/\/simurgedebiyat.com\/wp-content\/uploads\/2026\/03\/images-11.jpg",297,169,false],"sow-recent-post":["https:\/\/simurgedebiyat.com\/wp-content\/uploads\/2026\/03\/images-11-216x169.jpg",216,169,true]},"author_info":{"display_name":"Misafir Kalem","author_link":"https:\/\/simurgedebiyat.com\/index.php\/author\/misafir-kalem\/"},"category_info":"<a href=\"https:\/\/simurgedebiyat.com\/index.php\/category\/arastirmalar\/\" rel=\"category tag\">Ara\u015ft\u0131rmalar<\/a>","tag_info":"Ara\u015ft\u0131rmalar","comment_count":"2","jetpack_featured_media_url":"https:\/\/simurgedebiyat.com\/wp-content\/uploads\/2026\/03\/images-11.jpg","uagb_featured_image_src":{"full":["https:\/\/simurgedebiyat.com\/wp-content\/uploads\/2026\/03\/images-11.jpg",297,169,false],"thumbnail":["https:\/\/simurgedebiyat.com\/wp-content\/uploads\/2026\/03\/images-11-150x150.jpg",150,150,true],"medium":["https:\/\/simurgedebiyat.com\/wp-content\/uploads\/2026\/03\/images-11.jpg",297,169,false],"medium_large":["https:\/\/simurgedebiyat.com\/wp-content\/uploads\/2026\/03\/images-11.jpg",297,169,false],"large":["https:\/\/simurgedebiyat.com\/wp-content\/uploads\/2026\/03\/images-11.jpg",297,169,false],"1536x1536":["https:\/\/simurgedebiyat.com\/wp-content\/uploads\/2026\/03\/images-11.jpg",297,169,false],"2048x2048":["https:\/\/simurgedebiyat.com\/wp-content\/uploads\/2026\/03\/images-11.jpg",297,169,false],"covernews-slider-full":["https:\/\/simurgedebiyat.com\/wp-content\/uploads\/2026\/03\/images-11.jpg",297,169,false],"covernews-slider-center":["https:\/\/simurgedebiyat.com\/wp-content\/uploads\/2026\/03\/images-11.jpg",297,169,false],"covernews-featured":["https:\/\/simurgedebiyat.com\/wp-content\/uploads\/2026\/03\/images-11.jpg",297,169,false],"covernews-medium":["https:\/\/simurgedebiyat.com\/wp-content\/uploads\/2026\/03\/images-11.jpg",297,169,false],"covernews-medium-square":["https:\/\/simurgedebiyat.com\/wp-content\/uploads\/2026\/03\/images-11.jpg",297,169,false],"sow-carousel-default":["https:\/\/simurgedebiyat.com\/wp-content\/uploads\/2026\/03\/images-11-272x169.jpg",272,169,true],"sow-blog-portfolio":["https:\/\/simurgedebiyat.com\/wp-content\/uploads\/2026\/03\/images-11.jpg",297,169,false],"sow-blog-grid":["https:\/\/simurgedebiyat.com\/wp-content\/uploads\/2026\/03\/images-11.jpg",297,169,false],"sow-blog-alternate":["https:\/\/simurgedebiyat.com\/wp-content\/uploads\/2026\/03\/images-11.jpg",297,169,false],"sow-recent-post":["https:\/\/simurgedebiyat.com\/wp-content\/uploads\/2026\/03\/images-11-216x169.jpg",216,169,true]},"uagb_author_info":{"display_name":"Misafir Kalem","author_link":"https:\/\/simurgedebiyat.com\/index.php\/author\/misafir-kalem\/"},"uagb_comment_info":2,"uagb_excerpt":"Rivayet olunur ki: \u0130mam C\u00fcveyn\u00ee, son demlerini ya\u015farken ba\u015fucunda bekle\u015fen aile fertleri ve dostlar\u0131na \u015funu...","authors":[{"term_id":199,"user_id":22,"is_guest":0,"slug":"misafir-kalem","display_name":"Misafir Kalem","avatar_url":{"url":"https:\/\/simurgedebiyat.com\/wp-content\/uploads\/2025\/10\/MISAFIR-KALEM.jpg","url2x":"https:\/\/simurgedebiyat.com\/wp-content\/uploads\/2025\/10\/MISAFIR-KALEM.jpg"},"first_name":"","last_name":"","user_url":"","job_title":"","description":""}],"_links":{"self":[{"href":"https:\/\/simurgedebiyat.com\/index.php\/wp-json\/wp\/v2\/posts\/4118","targetHints":{"allow":["GET"]}}],"collection":[{"href":"https:\/\/simurgedebiyat.com\/index.php\/wp-json\/wp\/v2\/posts"}],"about":[{"href":"https:\/\/simurgedebiyat.com\/index.php\/wp-json\/wp\/v2\/types\/post"}],"author":[{"embeddable":true,"href":"https:\/\/simurgedebiyat.com\/index.php\/wp-json\/wp\/v2\/users\/22"}],"replies":[{"embeddable":true,"href":"https:\/\/simurgedebiyat.com\/index.php\/wp-json\/wp\/v2\/comments?post=4118"}],"version-history":[{"count":2,"href":"https:\/\/simurgedebiyat.com\/index.php\/wp-json\/wp\/v2\/posts\/4118\/revisions"}],"predecessor-version":[{"id":4121,"href":"https:\/\/simurgedebiyat.com\/index.php\/wp-json\/wp\/v2\/posts\/4118\/revisions\/4121"}],"wp:featuredmedia":[{"embeddable":true,"href":"https:\/\/simurgedebiyat.com\/index.php\/wp-json\/wp\/v2\/media\/4119"}],"wp:attachment":[{"href":"https:\/\/simurgedebiyat.com\/index.php\/wp-json\/wp\/v2\/media?parent=4118"}],"wp:term":[{"taxonomy":"category","embeddable":true,"href":"https:\/\/simurgedebiyat.com\/index.php\/wp-json\/wp\/v2\/categories?post=4118"},{"taxonomy":"post_tag","embeddable":true,"href":"https:\/\/simurgedebiyat.com\/index.php\/wp-json\/wp\/v2\/tags?post=4118"},{"taxonomy":"author","embeddable":true,"href":"https:\/\/simurgedebiyat.com\/index.php\/wp-json\/wp\/v2\/ppma_author?post=4118"}],"curies":[{"name":"wp","href":"https:\/\/api.w.org\/{rel}","templated":true}]}}