{"id":4096,"date":"2026-03-05T14:23:32","date_gmt":"2026-03-05T11:23:32","guid":{"rendered":"https:\/\/simurgedebiyat.com\/?p=4096"},"modified":"2026-03-05T14:23:32","modified_gmt":"2026-03-05T11:23:32","slug":"taranin-hikayesi","status":"publish","type":"post","link":"https:\/\/simurgedebiyat.com\/index.php\/2026\/03\/05\/taranin-hikayesi\/","title":{"rendered":"Tara&#8217;n\u0131n Hikayesi"},"content":{"rendered":"<p>Tara sekiz ya\u015f\u0131nda, akl\u0131 ba\u015f\u0131nda,<br \/>\nkara g\u00f6zl\u00fc, boncuk y\u00fczl\u00fc bir k\u0131z \u00e7ocu\u011fu.<\/p>\n<p>Annesinin ak\u0131l k\u00fcp\u00fc,<\/p>\n<p>Evlerinin mele\u011fi.<\/p>\n<p>&nbsp;<\/p>\n<p>Annesi bir tela\u015f acele annesi haz\u0131rl\u0131k i\u00e7inde<\/p>\n<p>Her sabah oldu\u011fu gibi o sabah da<br \/>\nSa\u00e7lar\u0131n\u0131 tarad\u0131;,<br \/>\nYakas\u0131n\u0131 d\u00fczeltti,<br \/>\n\u00c7antas\u0131na su koydu,<br \/>\nAln\u0131na bir \u00f6p\u00fcc\u00fck kondurdu<\/p>\n<p>&nbsp;<\/p>\n<p>\u201cAk\u0131ll\u0131 ol,\u201d dedi ana krali\u00e7esi.<br \/>\n\u201cKendine dikkat et.\u201d ve g\u00fcl\u00fcmsedi<\/p>\n<p>Evlerinin kap\u0131s\u0131nda<br \/>\nKoridorda ayak sesleri.<br \/>\nMerdivenlerden ini\u015fi<br \/>\nSon bir kez d\u00f6n\u00fcp bak\u0131\u015f\u0131.<br \/>\nAnneye son kez g\u00fcl\u00fcmseyi\u015fi<\/p>\n<p>Art\u0131k Allah\u2019a emanetti mele\u011fi<br \/>\nAkl\u0131na gelir miydi hi\u00e7 onu ertesi sabah b\u00f6yle g\u00f6nderemeyece\u011fi?<\/p>\n<p>O sabah Tara yar\u0131n\u0131ndan bihaber<\/p>\n<p>Her sabah oldu\u011fu gibi haz\u0131rlan\u0131p okula gitti.<br \/>\nNereden bilirdi annesi<br \/>\nYavrusunun o g\u00fcl y\u00fcz\u00fcn\u00fc<\/p>\n<p>O sabah son kez g\u00f6rece\u011fini<\/p>\n<p><img fetchpriority=\"high\" decoding=\"async\" class=\"\" src=\"https:\/\/img.internethaber.com\/rcman\/Cw480h270q95gc\/storage\/files\/images\/2026\/03\/03\/iran-toplu-mezar-okul-katliami-abd-21fw_cover.jpg\" alt=\"\u0130srail'in okul sald\u0131r\u0131s\u0131nda \u00f6len 160 k\u0131z \u00e7ocu\u011fu i\u00e7in mezar kaz\u0131ld\u0131 foto\u011fraf  payla\u015f\u0131ld\u0131 - Internet Haber\" width=\"636\" height=\"358\"><\/p>\n<p>Hi\u00e7 beklenir mi<br \/>\nSekiz ya\u015f\u0131ndaki bir \u00e7ocu\u011fun<br \/>\nbomba ile \u00f6l\u00fcm\u00fc?<\/p>\n<p>Ne\u015fe i\u00e7inde idi bu cennet \u00e7i\u00e7e\u011fi.<br \/>\nKalbi heyecanla \u00e7arp\u0131yordu,<br \/>\nVe pembe \u00e7antas\u0131nda hayalleri.<br \/>\nO g\u00fcn okulda \u00f6\u011frenecek,<br \/>\nOynayacak e\u011flenecekti<\/p>\n<p>Ama o g\u00fcn<br \/>\nDi\u011fer g\u00fcnler gibi de\u011fildi.<br \/>\nBunu ya\u015fayana kadar<br \/>\nKimse bilmedi.<\/p>\n<p>Sadece o g\u00fcn m\u00fc?<br \/>\nO g\u00fcnden sonra art\u0131k<br \/>\nEvvelki gibi devran d\u00f6nmedi<br \/>\nVe Tara gibi k\u0131z \u00e7ocuklar\u0131<br \/>\nY\u0131k\u0131lan duvar\u0131n alt\u0131nda kald\u0131.<\/p>\n<p>Ne aras\u0131n g\u00f6kte k\u0131yamet ate\u015fi<\/p>\n<p>Oysa g\u00f6kte y\u0131ld\u0131z olur,<br \/>\nBulut olur,<\/p>\n<p>Ku\u015f olur,<br \/>\nEn \u00e7okta g\u00f6r\u00fcrlerdi parlayan g\u00fcne\u015fi<\/p>\n<p>Kimse ummazd\u0131 amma<br \/>\nhele anne y\u00fcre\u011fi<br \/>\nhi\u00e7 tahayy\u00fcl etmezdi ba\u011fr\u0131n\u0131 da\u011flayan bu cehennemi ate\u015fi<\/p>\n<p>\u015eimdi Tara<br \/>\nve y\u00fcz altm\u0131\u015f k\u0131z \u00e7ocu\u011fu<br \/>\nart\u0131k birer mezar ta\u015f\u0131.<\/p>\n<p>Okul duvar\u0131n\u0131n alt\u0131ndan<br \/>\n\u00c7\u0131kar\u0131ld\u0131 her birinin naa\u015f\u0131.<\/p>\n<p>Sekiz ya\u015f\u0131nda,<br \/>\nkara g\u00f6zl\u00fc, boncuk y\u00fczl\u00fc<br \/>\nBu k\u0131zlar\u0131n g\u00f6\u011f\u00fcslerine d\u00fc\u015fm\u00fc\u015ft\u00fc ba\u015f\u0131.<\/p>\n<p>Tara bir sabah okula gitti.<\/p>\n<p>Sadece hayat de\u011fil \u00e7ocuk g\u00fcl\u00fc\u015fleri de\u011fil umut de\u011fil gelecek de\u011fil<\/p>\n<p>\u0130nsanl\u0131k bitti!!<\/p>\n<p>Tara son kez o sabah okula gitti.<\/p>\n<p>&nbsp;<\/p>\n","protected":false},"excerpt":{"rendered":"<p>Tara sekiz ya\u015f\u0131nda, akl\u0131 ba\u015f\u0131nda, kara g\u00f6zl\u00fc, boncuk y\u00fczl\u00fc bir k\u0131z \u00e7ocu\u011fu. Annesinin ak\u0131l k\u00fcp\u00fc,&#8230;<\/p>\n","protected":false},"author":32,"featured_media":4097,"comment_status":"open","ping_status":"open","sticky":false,"template":"","format":"standard","meta":{"_bbp_topic_count":0,"_bbp_reply_count":0,"_bbp_total_topic_count":0,"_bbp_total_reply_count":0,"_bbp_voice_count":0,"_bbp_anonymous_reply_count":0,"_bbp_topic_count_hidden":0,"_bbp_reply_count_hidden":0,"_bbp_forum_subforum_count":0,"om_disable_all_campaigns":false,"_uag_custom_page_level_css":"","ngg_post_thumbnail":0,"footnotes":""},"categories":[],"tags":[],"ppma_author":[232],"class_list":["post-4096","post","type-post","status-publish","format-standard","has-post-thumbnail","hentry"],"yoast_head":"<!-- This site is optimized with the Yoast SEO plugin v24.9 - https:\/\/yoast.com\/wordpress\/plugins\/seo\/ -->\n<title>Tara&#039;n\u0131n Hikayesi - simurgedebiyat.com<\/title>\n<meta name=\"robots\" content=\"index, follow, max-snippet:-1, max-image-preview:large, max-video-preview:-1\" \/>\n<link rel=\"canonical\" href=\"https:\/\/simurgedebiyat.com\/index.php\/2026\/03\/05\/taranin-hikayesi\/\" \/>\n<meta property=\"og:locale\" content=\"tr_TR\" \/>\n<meta property=\"og:type\" content=\"article\" \/>\n<meta property=\"og:title\" content=\"Tara&#039;n\u0131n Hikayesi - simurgedebiyat.com\" \/>\n<meta property=\"og:description\" content=\"Tara sekiz ya\u015f\u0131nda, akl\u0131 ba\u015f\u0131nda, kara g\u00f6zl\u00fc, boncuk y\u00fczl\u00fc bir k\u0131z \u00e7ocu\u011fu. Annesinin ak\u0131l k\u00fcp\u00fc,...\" \/>\n<meta property=\"og:url\" content=\"https:\/\/simurgedebiyat.com\/index.php\/2026\/03\/05\/taranin-hikayesi\/\" \/>\n<meta property=\"og:site_name\" content=\"simurgedebiyat.com\" \/>\n<meta property=\"article:published_time\" content=\"2026-03-05T11:23:32+00:00\" \/>\n<meta property=\"og:image\" content=\"https:\/\/simurgedebiyat.com\/wp-content\/uploads\/2026\/03\/AAAA.jpg\" \/>\n\t<meta property=\"og:image:width\" content=\"242\" \/>\n\t<meta property=\"og:image:height\" content=\"208\" \/>\n\t<meta property=\"og:image:type\" content=\"image\/jpeg\" \/>\n<meta name=\"author\" content=\"Ay\u015feg\u00fcl K\u00d6SA SERT\" \/>\n<meta name=\"twitter:card\" content=\"summary_large_image\" \/>\n<meta name=\"twitter:label1\" content=\"Yazan:\" \/>\n\t<meta name=\"twitter:data1\" content=\"Ay\u015feg\u00fcl K\u00d6SA SERT\" \/>\n\t<meta name=\"twitter:label2\" content=\"Tahmini okuma s\u00fcresi\" \/>\n\t<meta name=\"twitter:data2\" content=\"2 dakika\" \/>\n<script type=\"application\/ld+json\" class=\"yoast-schema-graph\">{\"@context\":\"https:\/\/schema.org\",\"@graph\":[{\"@type\":\"Article\",\"@id\":\"https:\/\/simurgedebiyat.com\/index.php\/2026\/03\/05\/taranin-hikayesi\/#article\",\"isPartOf\":{\"@id\":\"https:\/\/simurgedebiyat.com\/index.php\/2026\/03\/05\/taranin-hikayesi\/\"},\"author\":{\"name\":\"Ay\u015feg\u00fcl K\u00d6SA SERT\",\"@id\":\"https:\/\/simurgedebiyat.com\/#\/schema\/person\/5a6c791be7ffc071c53308f5b320ece9\"},\"headline\":\"Tara&#8217;n\u0131n Hikayesi\",\"datePublished\":\"2026-03-05T11:23:32+00:00\",\"mainEntityOfPage\":{\"@id\":\"https:\/\/simurgedebiyat.com\/index.php\/2026\/03\/05\/taranin-hikayesi\/\"},\"wordCount\":374,\"commentCount\":2,\"publisher\":{\"@id\":\"https:\/\/simurgedebiyat.com\/#organization\"},\"image\":{\"@id\":\"https:\/\/simurgedebiyat.com\/index.php\/2026\/03\/05\/taranin-hikayesi\/#primaryimage\"},\"thumbnailUrl\":\"https:\/\/simurgedebiyat.com\/wp-content\/uploads\/2026\/03\/AAAA.jpg\",\"inLanguage\":\"tr\",\"potentialAction\":[{\"@type\":\"CommentAction\",\"name\":\"Comment\",\"target\":[\"https:\/\/simurgedebiyat.com\/index.php\/2026\/03\/05\/taranin-hikayesi\/#respond\"]}]},{\"@type\":\"WebPage\",\"@id\":\"https:\/\/simurgedebiyat.com\/index.php\/2026\/03\/05\/taranin-hikayesi\/\",\"url\":\"https:\/\/simurgedebiyat.com\/index.php\/2026\/03\/05\/taranin-hikayesi\/\",\"name\":\"Tara'n\u0131n Hikayesi - simurgedebiyat.com\",\"isPartOf\":{\"@id\":\"https:\/\/simurgedebiyat.com\/#website\"},\"primaryImageOfPage\":{\"@id\":\"https:\/\/simurgedebiyat.com\/index.php\/2026\/03\/05\/taranin-hikayesi\/#primaryimage\"},\"image\":{\"@id\":\"https:\/\/simurgedebiyat.com\/index.php\/2026\/03\/05\/taranin-hikayesi\/#primaryimage\"},\"thumbnailUrl\":\"https:\/\/simurgedebiyat.com\/wp-content\/uploads\/2026\/03\/AAAA.jpg\",\"datePublished\":\"2026-03-05T11:23:32+00:00\",\"breadcrumb\":{\"@id\":\"https:\/\/simurgedebiyat.com\/index.php\/2026\/03\/05\/taranin-hikayesi\/#breadcrumb\"},\"inLanguage\":\"tr\",\"potentialAction\":[{\"@type\":\"ReadAction\",\"target\":[\"https:\/\/simurgedebiyat.com\/index.php\/2026\/03\/05\/taranin-hikayesi\/\"]}]},{\"@type\":\"ImageObject\",\"inLanguage\":\"tr\",\"@id\":\"https:\/\/simurgedebiyat.com\/index.php\/2026\/03\/05\/taranin-hikayesi\/#primaryimage\",\"url\":\"https:\/\/simurgedebiyat.com\/wp-content\/uploads\/2026\/03\/AAAA.jpg\",\"contentUrl\":\"https:\/\/simurgedebiyat.com\/wp-content\/uploads\/2026\/03\/AAAA.jpg\",\"width\":242,\"height\":208},{\"@type\":\"BreadcrumbList\",\"@id\":\"https:\/\/simurgedebiyat.com\/index.php\/2026\/03\/05\/taranin-hikayesi\/#breadcrumb\",\"itemListElement\":[{\"@type\":\"ListItem\",\"position\":1,\"name\":\"Anasayfa\",\"item\":\"https:\/\/simurgedebiyat.com\/\"},{\"@type\":\"ListItem\",\"position\":2,\"name\":\"Tara&#8217;n\u0131n Hikayesi\"}]},{\"@type\":\"WebSite\",\"@id\":\"https:\/\/simurgedebiyat.com\/#website\",\"url\":\"https:\/\/simurgedebiyat.com\/\",\"name\":\"simurgedebiyat.com\",\"description\":\"edebiyat&amp;K\u00fclt\u00fcr&amp;Sanat&amp;D\u00fc\u015f\u00fcnce \",\"publisher\":{\"@id\":\"https:\/\/simurgedebiyat.com\/#organization\"},\"potentialAction\":[{\"@type\":\"SearchAction\",\"target\":{\"@type\":\"EntryPoint\",\"urlTemplate\":\"https:\/\/simurgedebiyat.com\/?s={search_term_string}\"},\"query-input\":{\"@type\":\"PropertyValueSpecification\",\"valueRequired\":true,\"valueName\":\"search_term_string\"}}],\"inLanguage\":\"tr\"},{\"@type\":\"Organization\",\"@id\":\"https:\/\/simurgedebiyat.com\/#organization\",\"name\":\"simurgedebiyat.com\",\"url\":\"https:\/\/simurgedebiyat.com\/\",\"logo\":{\"@type\":\"ImageObject\",\"inLanguage\":\"tr\",\"@id\":\"https:\/\/simurgedebiyat.com\/#\/schema\/logo\/image\/\",\"url\":\"https:\/\/simurgedebiyat.com\/wp-content\/uploads\/2025\/11\/cropped-HHHHH-1.jpeg\",\"contentUrl\":\"https:\/\/simurgedebiyat.com\/wp-content\/uploads\/2025\/11\/cropped-HHHHH-1.jpeg\",\"width\":245,\"height\":205,\"caption\":\"simurgedebiyat.com\"},\"image\":{\"@id\":\"https:\/\/simurgedebiyat.com\/#\/schema\/logo\/image\/\"}},{\"@type\":\"Person\",\"@id\":\"https:\/\/simurgedebiyat.com\/#\/schema\/person\/5a6c791be7ffc071c53308f5b320ece9\",\"name\":\"Ay\u015feg\u00fcl K\u00d6SA SERT\",\"image\":{\"@type\":\"ImageObject\",\"inLanguage\":\"tr\",\"@id\":\"https:\/\/simurgedebiyat.com\/#\/schema\/person\/image\/23494c9101089ad44ae88ce9d2f56aac\",\"url\":\"https:\/\/secure.gravatar.com\/avatar\/?s=96&d=mm&r=g\",\"contentUrl\":\"https:\/\/secure.gravatar.com\/avatar\/?s=96&d=mm&r=g\",\"caption\":\"Ay\u015feg\u00fcl K\u00d6SA SERT\"},\"description\":\"\u0130lk ve orta \u00f6\u011frenimini babas\u0131n\u0131n g\u00f6revi nedeniyle Anadolu\u2019nun \u00e7e\u015fitli \u015fehirlerinde tamamlad\u0131. \u00c7ocuklu\u011funda ge\u00e7ti\u011fi her co\u011frafya ve tan\u0131d\u0131\u011f\u0131 her insan kalemi \u00fczerinde iz b\u0131rakm\u0131\u015ft\u0131r. Karadeniz Teknik \u00dcniversitesi Edebiyat Fak\u00fcltesinden mezun olduktan sonra yine ayn\u0131 \u00fcniversitenin Edebiyat b\u00f6l\u00fcm\u00fcnde \u2018Edebiyk\u00f6at\u0131-\u0131 Umumiye Mecmuas\u0131 Teknik Tahlili\u2019 konulu yeni T\u00fcrk edebiyat\u0131 alan\u0131nda y\u00fcksek lisans yapt\u0131. \u00d6\u011fretmen olarak ba\u015flad\u0131\u011f\u0131 mesle\u011fine zaman zaman bakanl\u0131k b\u00fcnyesi ve ta\u015fra te\u015fkilat\u0131ndaki de\u011fi\u015fik g\u00f6revlendirmelerde Ar-Ge \u00e7al\u0131\u015fan\u0131, yerel ve ulusal projelerde koordinat\u00f6r olarak devam etti. 2005 y\u0131l\u0131nda TRT Trabzon Radyosu ak\u015fam ku\u015fa\u011f\u0131nda \u2018Hayal Kahvesi\u2019 adl\u0131 bir program\u0131 haz\u0131rlay\u0131p sundu. 2007-2010 y\u0131llar\u0131 aras\u0131nda Mill\u00ee E\u011fitim Bakanl\u0131\u011f\u0131 Strateji Geli\u015ftirme Daire Ba\u015fkanl\u0131\u011f\u0131nda Stratejik Planlama konusunda \u2018E\u011fitimcilerin E\u011fitimi\u2019 seminerleri verdi. 2012 y\u0131l\u0131nda Ba\u015fkent \u0130leti\u015fim Akademisinde TRT Ana Haber spikerlerinden \u00f6zel olarak sunuculuk, seslendirme, dublaj dersleri ald\u0131. Ard\u0131ndan \u00e7e\u015fitli kay\u0131tlarda baz\u0131 karakterleri seslendirdi. 2014-2016 y\u0131llar\u0131 aras\u0131nda Avrasya \u00dcniversitesi Radyo Televizyon b\u00f6l\u00fcm\u00fcnde \u2018Do\u011fru ve G\u00fczel Konu\u015fma E\u011fitimi, Diksiyon ve Beden Dili\u2019 dersleri \u00e7er\u00e7evesinde okutmanl\u0131k yapt\u0131. Bir\u00e7ok edebi dergide, farkl\u0131 platformlarda yaz\u0131lar\u0131 ve sunumlar\u0131 ile yer ald\u0131. Yazar\u0131n \u2018\u015eafakla Gelen Ya Kebike\u00e7\u2019 ve Yaln\u0131zlar Senfonisi adl\u0131 iki kitab\u0131 bulunmaktad\u0131r. Masal \u00fczerine akademik ara\u015ft\u0131rmalar\u0131na \u00fcniversite y\u0131llar\u0131nda ba\u015flayan yazar, bu birikimlerini Masal Anlat\u0131c\u0131s\u0131 E\u011fitmenli\u011fi seminerlerinde kat\u0131l\u0131mc\u0131larla payla\u015fmaktad\u0131r. Bunun yan\u0131 s\u0131ra \u201cOsmanl\u0131 T\u00fcrk\u00e7esi (Temel d\u00fczey), Beden Dili, Etkili ve G\u00fczel Konu\u015fma, Diksiyon, Yarat\u0131c\u0131 Yazarl\u0131k\u201d alan\u0131nda seminerler vererek \u00e7al\u0131\u015fmalar\u0131n\u0131 s\u00fcrd\u00fcrmektedir. Halen bir kurumda seslendirme ve sunuculuk yapmakta olan yazar evlidir ve Arda Tar\u0131k\u2019\u0131n annesidir.\",\"url\":\"https:\/\/simurgedebiyat.com\/index.php\/author\/aysegul-kosa-sert\/\"}]}<\/script>\n<!-- \/ Yoast SEO plugin. -->","yoast_head_json":{"title":"Tara'n\u0131n Hikayesi - simurgedebiyat.com","robots":{"index":"index","follow":"follow","max-snippet":"max-snippet:-1","max-image-preview":"max-image-preview:large","max-video-preview":"max-video-preview:-1"},"canonical":"https:\/\/simurgedebiyat.com\/index.php\/2026\/03\/05\/taranin-hikayesi\/","og_locale":"tr_TR","og_type":"article","og_title":"Tara'n\u0131n Hikayesi - simurgedebiyat.com","og_description":"Tara sekiz ya\u015f\u0131nda, akl\u0131 ba\u015f\u0131nda, kara g\u00f6zl\u00fc, boncuk y\u00fczl\u00fc bir k\u0131z \u00e7ocu\u011fu. Annesinin ak\u0131l k\u00fcp\u00fc,...","og_url":"https:\/\/simurgedebiyat.com\/index.php\/2026\/03\/05\/taranin-hikayesi\/","og_site_name":"simurgedebiyat.com","article_published_time":"2026-03-05T11:23:32+00:00","og_image":[{"width":242,"height":208,"url":"https:\/\/simurgedebiyat.com\/wp-content\/uploads\/2026\/03\/AAAA.jpg","type":"image\/jpeg"}],"author":"Ay\u015feg\u00fcl K\u00d6SA SERT","twitter_card":"summary_large_image","twitter_misc":{"Yazan:":"Ay\u015feg\u00fcl K\u00d6SA SERT","Tahmini okuma s\u00fcresi":"2 dakika"},"schema":{"@context":"https:\/\/schema.org","@graph":[{"@type":"Article","@id":"https:\/\/simurgedebiyat.com\/index.php\/2026\/03\/05\/taranin-hikayesi\/#article","isPartOf":{"@id":"https:\/\/simurgedebiyat.com\/index.php\/2026\/03\/05\/taranin-hikayesi\/"},"author":{"name":"Ay\u015feg\u00fcl K\u00d6SA SERT","@id":"https:\/\/simurgedebiyat.com\/#\/schema\/person\/5a6c791be7ffc071c53308f5b320ece9"},"headline":"Tara&#8217;n\u0131n Hikayesi","datePublished":"2026-03-05T11:23:32+00:00","mainEntityOfPage":{"@id":"https:\/\/simurgedebiyat.com\/index.php\/2026\/03\/05\/taranin-hikayesi\/"},"wordCount":374,"commentCount":2,"publisher":{"@id":"https:\/\/simurgedebiyat.com\/#organization"},"image":{"@id":"https:\/\/simurgedebiyat.com\/index.php\/2026\/03\/05\/taranin-hikayesi\/#primaryimage"},"thumbnailUrl":"https:\/\/simurgedebiyat.com\/wp-content\/uploads\/2026\/03\/AAAA.jpg","inLanguage":"tr","potentialAction":[{"@type":"CommentAction","name":"Comment","target":["https:\/\/simurgedebiyat.com\/index.php\/2026\/03\/05\/taranin-hikayesi\/#respond"]}]},{"@type":"WebPage","@id":"https:\/\/simurgedebiyat.com\/index.php\/2026\/03\/05\/taranin-hikayesi\/","url":"https:\/\/simurgedebiyat.com\/index.php\/2026\/03\/05\/taranin-hikayesi\/","name":"Tara'n\u0131n Hikayesi - simurgedebiyat.com","isPartOf":{"@id":"https:\/\/simurgedebiyat.com\/#website"},"primaryImageOfPage":{"@id":"https:\/\/simurgedebiyat.com\/index.php\/2026\/03\/05\/taranin-hikayesi\/#primaryimage"},"image":{"@id":"https:\/\/simurgedebiyat.com\/index.php\/2026\/03\/05\/taranin-hikayesi\/#primaryimage"},"thumbnailUrl":"https:\/\/simurgedebiyat.com\/wp-content\/uploads\/2026\/03\/AAAA.jpg","datePublished":"2026-03-05T11:23:32+00:00","breadcrumb":{"@id":"https:\/\/simurgedebiyat.com\/index.php\/2026\/03\/05\/taranin-hikayesi\/#breadcrumb"},"inLanguage":"tr","potentialAction":[{"@type":"ReadAction","target":["https:\/\/simurgedebiyat.com\/index.php\/2026\/03\/05\/taranin-hikayesi\/"]}]},{"@type":"ImageObject","inLanguage":"tr","@id":"https:\/\/simurgedebiyat.com\/index.php\/2026\/03\/05\/taranin-hikayesi\/#primaryimage","url":"https:\/\/simurgedebiyat.com\/wp-content\/uploads\/2026\/03\/AAAA.jpg","contentUrl":"https:\/\/simurgedebiyat.com\/wp-content\/uploads\/2026\/03\/AAAA.jpg","width":242,"height":208},{"@type":"BreadcrumbList","@id":"https:\/\/simurgedebiyat.com\/index.php\/2026\/03\/05\/taranin-hikayesi\/#breadcrumb","itemListElement":[{"@type":"ListItem","position":1,"name":"Anasayfa","item":"https:\/\/simurgedebiyat.com\/"},{"@type":"ListItem","position":2,"name":"Tara&#8217;n\u0131n Hikayesi"}]},{"@type":"WebSite","@id":"https:\/\/simurgedebiyat.com\/#website","url":"https:\/\/simurgedebiyat.com\/","name":"simurgedebiyat.com","description":"edebiyat&amp;K\u00fclt\u00fcr&amp;Sanat&amp;D\u00fc\u015f\u00fcnce ","publisher":{"@id":"https:\/\/simurgedebiyat.com\/#organization"},"potentialAction":[{"@type":"SearchAction","target":{"@type":"EntryPoint","urlTemplate":"https:\/\/simurgedebiyat.com\/?s={search_term_string}"},"query-input":{"@type":"PropertyValueSpecification","valueRequired":true,"valueName":"search_term_string"}}],"inLanguage":"tr"},{"@type":"Organization","@id":"https:\/\/simurgedebiyat.com\/#organization","name":"simurgedebiyat.com","url":"https:\/\/simurgedebiyat.com\/","logo":{"@type":"ImageObject","inLanguage":"tr","@id":"https:\/\/simurgedebiyat.com\/#\/schema\/logo\/image\/","url":"https:\/\/simurgedebiyat.com\/wp-content\/uploads\/2025\/11\/cropped-HHHHH-1.jpeg","contentUrl":"https:\/\/simurgedebiyat.com\/wp-content\/uploads\/2025\/11\/cropped-HHHHH-1.jpeg","width":245,"height":205,"caption":"simurgedebiyat.com"},"image":{"@id":"https:\/\/simurgedebiyat.com\/#\/schema\/logo\/image\/"}},{"@type":"Person","@id":"https:\/\/simurgedebiyat.com\/#\/schema\/person\/5a6c791be7ffc071c53308f5b320ece9","name":"Ay\u015feg\u00fcl K\u00d6SA SERT","image":{"@type":"ImageObject","inLanguage":"tr","@id":"https:\/\/simurgedebiyat.com\/#\/schema\/person\/image\/23494c9101089ad44ae88ce9d2f56aac","url":"https:\/\/secure.gravatar.com\/avatar\/?s=96&d=mm&r=g","contentUrl":"https:\/\/secure.gravatar.com\/avatar\/?s=96&d=mm&r=g","caption":"Ay\u015feg\u00fcl K\u00d6SA SERT"},"description":"\u0130lk ve orta \u00f6\u011frenimini babas\u0131n\u0131n g\u00f6revi nedeniyle Anadolu\u2019nun \u00e7e\u015fitli \u015fehirlerinde tamamlad\u0131. \u00c7ocuklu\u011funda ge\u00e7ti\u011fi her co\u011frafya ve tan\u0131d\u0131\u011f\u0131 her insan kalemi \u00fczerinde iz b\u0131rakm\u0131\u015ft\u0131r. Karadeniz Teknik \u00dcniversitesi Edebiyat Fak\u00fcltesinden mezun olduktan sonra yine ayn\u0131 \u00fcniversitenin Edebiyat b\u00f6l\u00fcm\u00fcnde \u2018Edebiyk\u00f6at\u0131-\u0131 Umumiye Mecmuas\u0131 Teknik Tahlili\u2019 konulu yeni T\u00fcrk edebiyat\u0131 alan\u0131nda y\u00fcksek lisans yapt\u0131. \u00d6\u011fretmen olarak ba\u015flad\u0131\u011f\u0131 mesle\u011fine zaman zaman bakanl\u0131k b\u00fcnyesi ve ta\u015fra te\u015fkilat\u0131ndaki de\u011fi\u015fik g\u00f6revlendirmelerde Ar-Ge \u00e7al\u0131\u015fan\u0131, yerel ve ulusal projelerde koordinat\u00f6r olarak devam etti. 2005 y\u0131l\u0131nda TRT Trabzon Radyosu ak\u015fam ku\u015fa\u011f\u0131nda \u2018Hayal Kahvesi\u2019 adl\u0131 bir program\u0131 haz\u0131rlay\u0131p sundu. 2007-2010 y\u0131llar\u0131 aras\u0131nda Mill\u00ee E\u011fitim Bakanl\u0131\u011f\u0131 Strateji Geli\u015ftirme Daire Ba\u015fkanl\u0131\u011f\u0131nda Stratejik Planlama konusunda \u2018E\u011fitimcilerin E\u011fitimi\u2019 seminerleri verdi. 2012 y\u0131l\u0131nda Ba\u015fkent \u0130leti\u015fim Akademisinde TRT Ana Haber spikerlerinden \u00f6zel olarak sunuculuk, seslendirme, dublaj dersleri ald\u0131. Ard\u0131ndan \u00e7e\u015fitli kay\u0131tlarda baz\u0131 karakterleri seslendirdi. 2014-2016 y\u0131llar\u0131 aras\u0131nda Avrasya \u00dcniversitesi Radyo Televizyon b\u00f6l\u00fcm\u00fcnde \u2018Do\u011fru ve G\u00fczel Konu\u015fma E\u011fitimi, Diksiyon ve Beden Dili\u2019 dersleri \u00e7er\u00e7evesinde okutmanl\u0131k yapt\u0131. Bir\u00e7ok edebi dergide, farkl\u0131 platformlarda yaz\u0131lar\u0131 ve sunumlar\u0131 ile yer ald\u0131. Yazar\u0131n \u2018\u015eafakla Gelen Ya Kebike\u00e7\u2019 ve Yaln\u0131zlar Senfonisi adl\u0131 iki kitab\u0131 bulunmaktad\u0131r. Masal \u00fczerine akademik ara\u015ft\u0131rmalar\u0131na \u00fcniversite y\u0131llar\u0131nda ba\u015flayan yazar, bu birikimlerini Masal Anlat\u0131c\u0131s\u0131 E\u011fitmenli\u011fi seminerlerinde kat\u0131l\u0131mc\u0131larla payla\u015fmaktad\u0131r. Bunun yan\u0131 s\u0131ra \u201cOsmanl\u0131 T\u00fcrk\u00e7esi (Temel d\u00fczey), Beden Dili, Etkili ve G\u00fczel Konu\u015fma, Diksiyon, Yarat\u0131c\u0131 Yazarl\u0131k\u201d alan\u0131nda seminerler vererek \u00e7al\u0131\u015fmalar\u0131n\u0131 s\u00fcrd\u00fcrmektedir. Halen bir kurumda seslendirme ve sunuculuk yapmakta olan yazar evlidir ve Arda Tar\u0131k\u2019\u0131n annesidir.","url":"https:\/\/simurgedebiyat.com\/index.php\/author\/aysegul-kosa-sert\/"}]}},"featured_image_urls":{"full":["https:\/\/simurgedebiyat.com\/wp-content\/uploads\/2026\/03\/AAAA.jpg",242,208,false],"thumbnail":["https:\/\/simurgedebiyat.com\/wp-content\/uploads\/2026\/03\/AAAA-150x150.jpg",150,150,true],"medium":["https:\/\/simurgedebiyat.com\/wp-content\/uploads\/2026\/03\/AAAA.jpg",242,208,false],"medium_large":["https:\/\/simurgedebiyat.com\/wp-content\/uploads\/2026\/03\/AAAA.jpg",242,208,false],"large":["https:\/\/simurgedebiyat.com\/wp-content\/uploads\/2026\/03\/AAAA.jpg",242,208,false],"1536x1536":["https:\/\/simurgedebiyat.com\/wp-content\/uploads\/2026\/03\/AAAA.jpg",242,208,false],"2048x2048":["https:\/\/simurgedebiyat.com\/wp-content\/uploads\/2026\/03\/AAAA.jpg",242,208,false],"covernews-slider-full":["https:\/\/simurgedebiyat.com\/wp-content\/uploads\/2026\/03\/AAAA.jpg",242,208,false],"covernews-slider-center":["https:\/\/simurgedebiyat.com\/wp-content\/uploads\/2026\/03\/AAAA.jpg",242,208,false],"covernews-featured":["https:\/\/simurgedebiyat.com\/wp-content\/uploads\/2026\/03\/AAAA.jpg",242,208,false],"covernews-medium":["https:\/\/simurgedebiyat.com\/wp-content\/uploads\/2026\/03\/AAAA.jpg",242,208,false],"covernews-medium-square":["https:\/\/simurgedebiyat.com\/wp-content\/uploads\/2026\/03\/AAAA.jpg",242,208,false],"sow-carousel-default":["https:\/\/simurgedebiyat.com\/wp-content\/uploads\/2026\/03\/AAAA-242x182.jpg",242,182,true],"sow-blog-portfolio":["https:\/\/simurgedebiyat.com\/wp-content\/uploads\/2026\/03\/AAAA.jpg",242,208,false],"sow-blog-grid":["https:\/\/simurgedebiyat.com\/wp-content\/uploads\/2026\/03\/AAAA.jpg",242,208,false],"sow-blog-alternate":["https:\/\/simurgedebiyat.com\/wp-content\/uploads\/2026\/03\/AAAA.jpg",242,208,false],"sow-recent-post":["https:\/\/simurgedebiyat.com\/wp-content\/uploads\/2026\/03\/AAAA-216x208.jpg",216,208,true]},"author_info":{"display_name":"Ay\u015feg\u00fcl K\u00d6SA SERT","author_link":"https:\/\/simurgedebiyat.com\/index.php\/author\/aysegul-kosa-sert\/"},"category_info":"Genel","tag_info":"","comment_count":"2","jetpack_featured_media_url":"https:\/\/simurgedebiyat.com\/wp-content\/uploads\/2026\/03\/AAAA.jpg","uagb_featured_image_src":{"full":["https:\/\/simurgedebiyat.com\/wp-content\/uploads\/2026\/03\/AAAA.jpg",242,208,false],"thumbnail":["https:\/\/simurgedebiyat.com\/wp-content\/uploads\/2026\/03\/AAAA-150x150.jpg",150,150,true],"medium":["https:\/\/simurgedebiyat.com\/wp-content\/uploads\/2026\/03\/AAAA.jpg",242,208,false],"medium_large":["https:\/\/simurgedebiyat.com\/wp-content\/uploads\/2026\/03\/AAAA.jpg",242,208,false],"large":["https:\/\/simurgedebiyat.com\/wp-content\/uploads\/2026\/03\/AAAA.jpg",242,208,false],"1536x1536":["https:\/\/simurgedebiyat.com\/wp-content\/uploads\/2026\/03\/AAAA.jpg",242,208,false],"2048x2048":["https:\/\/simurgedebiyat.com\/wp-content\/uploads\/2026\/03\/AAAA.jpg",242,208,false],"covernews-slider-full":["https:\/\/simurgedebiyat.com\/wp-content\/uploads\/2026\/03\/AAAA.jpg",242,208,false],"covernews-slider-center":["https:\/\/simurgedebiyat.com\/wp-content\/uploads\/2026\/03\/AAAA.jpg",242,208,false],"covernews-featured":["https:\/\/simurgedebiyat.com\/wp-content\/uploads\/2026\/03\/AAAA.jpg",242,208,false],"covernews-medium":["https:\/\/simurgedebiyat.com\/wp-content\/uploads\/2026\/03\/AAAA.jpg",242,208,false],"covernews-medium-square":["https:\/\/simurgedebiyat.com\/wp-content\/uploads\/2026\/03\/AAAA.jpg",242,208,false],"sow-carousel-default":["https:\/\/simurgedebiyat.com\/wp-content\/uploads\/2026\/03\/AAAA-242x182.jpg",242,182,true],"sow-blog-portfolio":["https:\/\/simurgedebiyat.com\/wp-content\/uploads\/2026\/03\/AAAA.jpg",242,208,false],"sow-blog-grid":["https:\/\/simurgedebiyat.com\/wp-content\/uploads\/2026\/03\/AAAA.jpg",242,208,false],"sow-blog-alternate":["https:\/\/simurgedebiyat.com\/wp-content\/uploads\/2026\/03\/AAAA.jpg",242,208,false],"sow-recent-post":["https:\/\/simurgedebiyat.com\/wp-content\/uploads\/2026\/03\/AAAA-216x208.jpg",216,208,true]},"uagb_author_info":{"display_name":"Ay\u015feg\u00fcl K\u00d6SA SERT","author_link":"https:\/\/simurgedebiyat.com\/index.php\/author\/aysegul-kosa-sert\/"},"uagb_comment_info":2,"uagb_excerpt":"Tara sekiz ya\u015f\u0131nda, akl\u0131 ba\u015f\u0131nda, kara g\u00f6zl\u00fc, boncuk y\u00fczl\u00fc bir k\u0131z \u00e7ocu\u011fu. Annesinin ak\u0131l k\u00fcp\u00fc,...","authors":[{"term_id":232,"user_id":32,"is_guest":0,"slug":"aysegul-kosa-sert","display_name":"Ay\u015feg\u00fcl K\u00d6SA SERT","avatar_url":{"url":"https:\/\/simurgedebiyat.com\/wp-content\/uploads\/2025\/07\/AKS.webp","url2x":"https:\/\/simurgedebiyat.com\/wp-content\/uploads\/2025\/07\/AKS.webp"},"first_name":"","last_name":"","user_url":"","job_title":"","description":"\u0130lk ve orta \u00f6\u011frenimini babas\u0131n\u0131n g\u00f6revi nedeniyle Anadolu\u2019nun\r\n\u00e7e\u015fitli \u015fehirlerinde tamamlad\u0131. \u00c7ocuklu\u011funda ge\u00e7ti\u011fi her co\u011frafya ve tan\u0131d\u0131\u011f\u0131 her insan kalemi\r\n\u00fczerinde iz b\u0131rakm\u0131\u015ft\u0131r. Karadeniz Teknik \u00dcniversitesi Edebiyat Fak\u00fcltesinden mezun\r\nolduktan sonra yine ayn\u0131 \u00fcniversitenin Edebiyat b\u00f6l\u00fcm\u00fcnde \u2018Edebiyk\u00f6at\u0131-\u0131 Umumiye Mecmuas\u0131\r\nTeknik Tahlili\u2019 konulu yeni T\u00fcrk edebiyat\u0131 alan\u0131nda y\u00fcksek lisans yapt\u0131. \u00d6\u011fretmen olarak ba\u015flad\u0131\u011f\u0131 mesle\u011fine zaman zaman bakanl\u0131k b\u00fcnyesi ve ta\u015fra\r\nte\u015fkilat\u0131ndaki de\u011fi\u015fik g\u00f6revlendirmelerde Ar-Ge \u00e7al\u0131\u015fan\u0131, yerel ve ulusal projelerde\r\nkoordinat\u00f6r olarak devam etti. 2005 y\u0131l\u0131nda TRT Trabzon Radyosu ak\u015fam ku\u015fa\u011f\u0131nda \u2018Hayal\r\nKahvesi\u2019 adl\u0131 bir program\u0131 haz\u0131rlay\u0131p sundu. 2007-2010 y\u0131llar\u0131 aras\u0131nda Mill\u00ee E\u011fitim\r\nBakanl\u0131\u011f\u0131 Strateji Geli\u015ftirme Daire Ba\u015fkanl\u0131\u011f\u0131nda Stratejik Planlama konusunda\r\n\u2018E\u011fitimcilerin E\u011fitimi\u2019 seminerleri verdi. 2012 y\u0131l\u0131nda Ba\u015fkent \u0130leti\u015fim Akademisinde TRT\r\nAna Haber spikerlerinden \u00f6zel olarak sunuculuk, seslendirme, dublaj dersleri ald\u0131. Ard\u0131ndan\r\n\u00e7e\u015fitli kay\u0131tlarda baz\u0131 karakterleri seslendirdi. 2014-2016 y\u0131llar\u0131 aras\u0131nda Avrasya \u00dcniversitesi\r\nRadyo Televizyon b\u00f6l\u00fcm\u00fcnde \u2018Do\u011fru ve G\u00fczel Konu\u015fma E\u011fitimi, Diksiyon ve Beden Dili\u2019\r\ndersleri \u00e7er\u00e7evesinde okutmanl\u0131k yapt\u0131. Bir\u00e7ok edebi dergide, farkl\u0131 platformlarda yaz\u0131lar\u0131 ve\r\nsunumlar\u0131 ile yer ald\u0131. Yazar\u0131n \u2018\u015eafakla Gelen Ya Kebike\u00e7\u2019 ve Yaln\u0131zlar Senfonisi adl\u0131 iki kitab\u0131 bulunmaktad\u0131r.\r\nMasal \u00fczerine akademik ara\u015ft\u0131rmalar\u0131na \u00fcniversite y\u0131llar\u0131nda ba\u015flayan yazar, bu\r\nbirikimlerini Masal Anlat\u0131c\u0131s\u0131 E\u011fitmenli\u011fi  seminerlerinde kat\u0131l\u0131mc\u0131larla\r\npayla\u015fmaktad\u0131r. Bunun yan\u0131 s\u0131ra \u201cOsmanl\u0131 T\u00fcrk\u00e7esi (Temel d\u00fczey), Beden Dili, Etkili ve\r\nG\u00fczel Konu\u015fma, Diksiyon, Yarat\u0131c\u0131 Yazarl\u0131k\u201d alan\u0131nda seminerler vererek \u00e7al\u0131\u015fmalar\u0131n\u0131\r\ns\u00fcrd\u00fcrmektedir. Halen bir kurumda seslendirme ve sunuculuk yapmakta olan yazar evlidir ve\r\nArda Tar\u0131k\u2019\u0131n annesidir.\r\n"}],"_links":{"self":[{"href":"https:\/\/simurgedebiyat.com\/index.php\/wp-json\/wp\/v2\/posts\/4096","targetHints":{"allow":["GET"]}}],"collection":[{"href":"https:\/\/simurgedebiyat.com\/index.php\/wp-json\/wp\/v2\/posts"}],"about":[{"href":"https:\/\/simurgedebiyat.com\/index.php\/wp-json\/wp\/v2\/types\/post"}],"author":[{"embeddable":true,"href":"https:\/\/simurgedebiyat.com\/index.php\/wp-json\/wp\/v2\/users\/32"}],"replies":[{"embeddable":true,"href":"https:\/\/simurgedebiyat.com\/index.php\/wp-json\/wp\/v2\/comments?post=4096"}],"version-history":[{"count":1,"href":"https:\/\/simurgedebiyat.com\/index.php\/wp-json\/wp\/v2\/posts\/4096\/revisions"}],"predecessor-version":[{"id":4098,"href":"https:\/\/simurgedebiyat.com\/index.php\/wp-json\/wp\/v2\/posts\/4096\/revisions\/4098"}],"wp:featuredmedia":[{"embeddable":true,"href":"https:\/\/simurgedebiyat.com\/index.php\/wp-json\/wp\/v2\/media\/4097"}],"wp:attachment":[{"href":"https:\/\/simurgedebiyat.com\/index.php\/wp-json\/wp\/v2\/media?parent=4096"}],"wp:term":[{"taxonomy":"category","embeddable":true,"href":"https:\/\/simurgedebiyat.com\/index.php\/wp-json\/wp\/v2\/categories?post=4096"},{"taxonomy":"post_tag","embeddable":true,"href":"https:\/\/simurgedebiyat.com\/index.php\/wp-json\/wp\/v2\/tags?post=4096"},{"taxonomy":"author","embeddable":true,"href":"https:\/\/simurgedebiyat.com\/index.php\/wp-json\/wp\/v2\/ppma_author?post=4096"}],"curies":[{"name":"wp","href":"https:\/\/api.w.org\/{rel}","templated":true}]}}