{"id":4090,"date":"2026-03-05T10:11:29","date_gmt":"2026-03-05T07:11:29","guid":{"rendered":"https:\/\/simurgedebiyat.com\/?p=4090"},"modified":"2026-03-05T10:19:34","modified_gmt":"2026-03-05T07:19:34","slug":"milli-profil-evrensel-perspektif","status":"publish","type":"post","link":"https:\/\/simurgedebiyat.com\/index.php\/2026\/03\/05\/milli-profil-evrensel-perspektif\/","title":{"rendered":"Milli Profil Evrensel Perspektif"},"content":{"rendered":"<p>Milli profil evrensel perspektife sahip olmayan nice toplumlar tarihin k\u00fcfl\u00fc sayfalar\u0131nda kaybolup gitmi\u015flerdir. Bunun detaylar\u0131na girmeyece\u011fim. Mili profile sahip olmayan insan kitleleri kendi \u00fclkesini, milletini de\u011fil \u00f6ncelikli olarak egosunun pe\u015finde ko\u015far. Hi\u00e7bir de\u011fer yarg\u0131s\u0131n\u0131 ta\u015f\u0131mayan bu z\u00fcmre nefsani davran\u0131\u015flarda bulunabilece\u011fi gibi vatan savunmas\u0131nda vs geri durur. \u015eimdi \u00f6ncelikle milli, bilin\u00e7 hakk\u0131nda \u00f6z bir bilgiye bakal\u0131m: Milli bilin\u00e7&nbsp; &nbsp; &nbsp; &nbsp; &nbsp; &nbsp; &nbsp; &nbsp; &nbsp; &nbsp;milletin ortak ge\u00e7mi\u015fi ve de\u011ferleri \u00fczerine sahip oldu\u011fu fark\u0131ndal\u0131kt\u0131r. Mill\u00ee bilin\u00e7, milletin birli\u011fini, ba\u011f\u0131ms\u0131zl\u0131\u011f\u0131n\u0131 ve vatan sevgisini canl\u0131 tutar. Mill\u00ee bilin\u00e7 tarih, k\u00fclt\u00fcr ve ortak de\u011ferlerle korunur.<\/p>\n<p><img fetchpriority=\"high\" decoding=\"async\" class=\"\" src=\"https:\/\/caykaragundem.com\/resimler\/2015-5\/1\/2131540035540.jpg\" alt=\"\u00c7aykaral\u0131 T\u00fcrker`den Bayra\u011f\u0131 \u00d6pen \u00c7ocu\u011fa Ziyaret\" width=\"867\" height=\"364\"><\/p>\n<p><strong>Kazan\u0131lma Yollar\u0131<\/strong><\/p>\n<ul>\n<li>Mill\u00ee bilin\u00e7 tarih ve k\u00fclt\u00fcrel miras\u0131 \u00f6\u011frenmekle kazan\u0131l\u0131r<\/li>\n<li>E\u011fitim sistemi mill\u00ee bilin\u00e7 kazand\u0131rmada \u00f6nemli rol oynar.<\/li>\n<li>Aileler ve toplum mill\u00ee bilinci gelecek nesillere aktarmada etkilidir.<\/li>\n<\/ul>\n<p><strong>Temel Unsurlar<\/strong><\/p>\n<ul>\n<li>Vatan sevgisi, ba\u011f\u0131ms\u0131zl\u0131k, mill\u00ee ve dini de\u011ferler mill\u00ee bilincin temel ta\u015flar\u0131d\u0131r.<\/li>\n<li>Cesaret, dayan\u0131\u015fma ve kahramanl\u0131k mill\u00ee bilincin g\u00fc\u00e7lenmesini sa\u011flar.<\/li>\n<li>Fedak\u00e2rl\u0131k, milletin birli\u011fi i\u00e7in ki\u015fisel menfaatlerden vazge\u00e7meyi gerektirir.<\/li>\n<\/ul>\n<p>Sosyal bilimlerde kimlik kavram\u0131, bireyin kendisini belirli bir toplumsal yap\u0131, k\u00fclt\u00fcr ve de\u011ferler sistemi i\u00e7erisinde tan\u0131mlamas\u0131yla a\u00e7\u0131klan\u0131r. Bu ba\u011flamda milli kimlik, bir toplumu olu\u015fturan bireylerin ortak tarih, k\u00fclt\u00fcr, dil ve \u00fclk\u00fc temelinde geli\u015ftirdikleri aidiyet duygusunun kurumsalla\u015fm\u0131\u015f ifadesidir. Milli kimlik, sadece bireysel bir \u201cbenlik\u201d alg\u0131s\u0131 de\u011fil; ayn\u0131 zamanda kolektif bir \u201cbiz\u201d bilincinin in\u015fas\u0131nda temel parametredir.<\/p>\n<p>T\u00fcrkiye \u00f6zelinde bak\u0131ld\u0131\u011f\u0131nda, son y\u0131llarda T\u00fcrk milli kimli\u011finin \u00e7e\u015fitli yollarla a\u015f\u0131nd\u0131r\u0131lmaya \u00e7al\u0131\u015f\u0131ld\u0131\u011f\u0131 g\u00f6zlemlenmektedir. Kavramlar\u0131n i\u00e7inin bo\u015falt\u0131lmas\u0131, k\u00fclt\u00fcrel yabanc\u0131la\u015fma s\u00fcre\u00e7leri, tarihsel haf\u0131zan\u0131n zay\u0131flat\u0131lmas\u0131<\/p>\n<p>Milli bilin\u00e7 ve milli benlik bir milleti millet yapan \u015feyin kendisidir. Nas\u0131l ki bir kap\u0131n\u0131n a\u00e7\u0131lmas\u0131 i\u00e7in onu a\u00e7acak do\u011fru anahtara ihtiya\u00e7 varsa bir vatan\u0131nda ard\u0131nda do\u011fru bir millet bulunmas\u0131 gerekir. Do\u011fru bir millet i\u00e7in de milli bilin\u00e7 ve milli benli\u011fi geli\u015fmi\u015f bir halk olmal\u0131d\u0131r.<\/p>\n<p>\u00d6yle ki milli bilin\u00e7 vatana bilin\u00e7li bir \u015fekilde yani ne yapt\u0131\u011f\u0131n\u0131 bilerek ba\u011fl\u0131 olmakt\u0131r. Ki\u015finin milli bilincini yans\u0131tmas\u0131 yapaca\u011f\u0131 \u015feylerin vatana iyi y\u00f6nde katk\u0131da bulunmas\u0131 olarak kabul edilebilir. Nas\u0131l ki bir\u00e7ok sava\u015fa sava\u015fmak i\u00e7in gidenlerin herhangi bir zorunluluk olmadan vatan ve milletin birli\u011fi, beraberli\u011fi ve savunulmas\u0131 i\u00e7in gidebilmeleri milli bilincin o ki\u015filerde olmas\u0131n\u0131 gerektirmektedir. Nas\u0131l ki \u00c7anakkale sava\u015f\u0131n\u0131n oldu\u011fu y\u0131lda baz\u0131 liselerin mezun verememi\u015f olmas\u0131 halk\u0131n okumamaya y\u00f6neldi\u011fini g\u00f6stermez. Tam aksine halk\u0131n milli bilincinin geli\u015fmi\u015f oldu\u011funu ve bir s\u00fcr\u00fc gencin sava\u015fta vatan\u0131 i\u00e7in \u015fehit d\u00fc\u015ft\u00fc\u011f\u00fcn\u00fc g\u00f6zler \u00f6n\u00fcne serer. \u0130\u015fte bu ve bunun gibi bir\u00e7ok \u00f6rnek milli bilincin milletimizin i\u00e7ine yerle\u015fmi\u015f oldu\u011funu g\u00f6sterir. Mill\u00ee benlik ise milli de\u011ferlere sahip \u00e7\u0131k\u0131lmas\u0131d\u0131r. \u00d6rne\u011fin bayrak ve vatan\u0131 can\u0131 pahas\u0131na korumakt\u0131r.15 Temmuzda bir s\u00fcr\u00fc gencin tanklar\u0131n \u00f6n\u00fcne yatmas\u0131 da bombalar\u0131n alt\u0131na siper olmas\u0131 da milletimizin milli benlik duygusuna fazlas\u0131yla sahip oldu\u011funu kan\u0131tlayan g\u00fczel bir \u00f6rnektir.<\/p>\n<p><img decoding=\"async\" class=\"\" src=\"https:\/\/encrypted-tbn0.gstatic.com\/images?q=tbn:ANd9GcQ9dn4pbXz-xF3zox8xeuOZZ68Uqn8JzfZzbA&amp;s\" alt=\"Bir kere y\u00fckselen bayrak, bir daha inmez! \ud83c\uddf9\ud83c\uddf7\ud83c\uddf9\ud83c\uddf7\ud83c\uddf9\ud83c\uddf7 #Greece\" width=\"872\" height=\"701\"><\/p>\n<p>\u015eimdi senin kalbinde h\u00e2l\u00e2 i\u00e7ini t\u0131rmalayan milli bilin\u00e7 ve milli benlik duygular\u0131n tam anlam\u0131yla olu\u015fmam\u0131\u015fsa ve ya h\u00e2l\u00e2 kendinde vatana hay\u0131rl\u0131 olma kayg\u0131n\u0131n eksik oldu\u011funu d\u00fc\u015f\u00fcn\u00fcyorsan i\u015fte \u015fimdi g\u00f6z\u00fcndeki perdeyi kald\u0131rman\u0131n tam zaman\u0131. Ba\u015f\u0131n\u0131 kald\u0131r da etraf\u0131na bak. A\u011fa beyin hatta ye\u011fenin ya\u015f\u0131ndakiler Afrin\u2019 de, ge\u00e7mi\u015fte \u00c7anakkale\u2019de,15 Temmuzlarda ve daha nice g\u00fcnlerde bir \u015feyin pe\u015finde ko\u015fuyorlarsa, bir \u015fey u\u011frunda can veriyorlarsa bir ama\u00e7lar\u0131 var demektir. <em>EY GEN\u00c7 A\u00c7 KALB\u0130N\u0130<\/em> ve bu amac\u0131n fark\u0131na var. \u00d6yleyse \u015fimdi aya\u011fa kalk ve kendine sor. Ayaklar\u0131n yere tam bas\u0131yor mu? Ba\u015f\u0131n Rabbinin \u00f6n\u00fcnde huzurla e\u011filiyor mu? Cevab\u0131n evet \u00f6yle de\u011fil mi? O zaman \u015funu bil ki her milli ba\u015far\u0131n\u0131n ve vatan\u0131n ard\u0131nda milli bilin\u00e7 ve milli benlik var. Lakin h\u00e2l\u00e2 bu duygulara tam anlam\u0131yla sahip olmad\u0131\u011f\u0131n\u0131 d\u00fc\u015f\u00fcn\u00fcyorsan ge\u00e7mi\u015fine bak, toprakta yatan nice \u015fehitlere bak, \u00e7\u00fcnk\u00fc milli bilin\u00e7 ve milli benlik yani arad\u0131\u011f\u0131n \u015feyler tam olarak orada. Ben sana \u015fuan milli bilin\u00e7 ve milli benli\u011fin adresini verdim. Yani sana vatan\u0131n ard\u0131nda bir vatanda\u015f, \u00fclkenin ard\u0131nda bir millet olman\u0131n anahtar\u0131n\u0131 koydum eline. \u015een sen ol ki bu adresi ve anahtar\u0131 can\u0131n pahas\u0131na koru. \u00c7\u00fcnk\u00fc onlar senin ge\u00e7mi\u015fin, gelece\u011fin ve en \u00f6nemlisi \u015fimdinin \u00f6z\u00fc burada yatmaktad\u0131r.<\/p>\n<p>&nbsp;&nbsp;&nbsp;&nbsp;&nbsp;&nbsp; Gelelim evrensel perspektife; i\u00e7imize kapanmak yerine d\u00fcnyaya a\u00e7\u0131lmak d\u00fcnyayla rekabet etmek zorunday\u0131z. Her \u015fey ve herkes k\u0131ymetlidir. Her olan olay i\u00e7inde hediyeler ve s\u0131rlar bar\u0131nd\u0131r\u0131r. Dikkatle bakmak, olana d\u0131\u015far\u0131dan n\u00f6tr bir noktadan bakabilmek, bu hediyeleri fark etmemizi sa\u011flar. Ve bu hediyeler de\u011ferlidir. \u00c7\u00fcnk\u00fc hayat ve i\u00e7indeki t\u00fcm olgular\u0131; bizler, hepimiz de\u011ferliyiz. Herkesin can\u0131, mal\u0131, \u0131rz\u0131 ve i\u00e7sel de\u011ferli k\u0131ymetlidir.<\/p>\n<p>&nbsp;&nbsp;&nbsp;&nbsp; &nbsp;&nbsp;&nbsp;Kendi de\u011ferimizi, olanlar\u0131n de\u011ferini idrak edece\u011fimiz, yolculu\u011fumuza ve yolumuza \u00e7\u0131kanlara daha merakl\u0131, a\u00e7\u0131k ve \u015fefkatli bakabilece\u011fimiz bir bak\u0131\u015f a\u00e7\u0131s\u0131 her \u015feyi de\u011fi\u015ftirir, anda an\u0131nda<\/p>\n<p>Her \u015fart ve durum alt\u0131nda M\u00fcsl\u00fcmanlar birey ve toplum olarak kendilerine olan g\u00fcvenlerini korumal\u0131d\u0131rlar. Kur&#8217; an inanan insan\u0131n kendine g\u00fcvenini olu\u015fturmaya \u00e7al\u0131\u015f\u0131rken, havada kalan \u00fctopik bir g\u00fcvenden hareket etmiyor. Aya\u011f\u0131 yere basan ve ger\u00e7ekle\u015fmesi insan g\u00fcc\u00fcn\u00fcn \u00fcst\u00fcnde olmayan dolays\u0131yla ger\u00e7ekle\u015febilme oran\u0131 \u00e7ok y\u00fcksek olan bir salih kullar egemenli\u011finden bahseder. Hristiyan d\u00fc\u015f\u00fcncesindeki &#8216;Milenarizm&#8217; (gelecekte kurulacak olan bin y\u0131ll\u0131k krall\u0131k) gibi hayal \u00fcr\u00fcn\u00fc olan ve sadece insanlar\u0131 motive etmekte kullan\u0131lan bir \u00fctopyadan bahsetmez.<\/p>\n<p><img decoding=\"async\" class=\"\" src=\"https:\/\/www.erzurumgazetesi.com.tr\/haber_resim\/Mehmetcik-koy-cocuklarina-bayrak-dagitti--133856.JPG\" alt=\"Mehmet\u00e7ik k\u00f6y \u00e7ocuklar\u0131na bayrak da\u011f\u0131tt\u0131\" width=\"902\" height=\"492\"><\/p>\n<p>\u0130nsanlar, sosyal varl\u0131klard\u0131r, yaln\u0131z ba\u015flar\u0131na ya\u015fayamazlar, beraber ya\u015famaya ihtiya\u00e7lar\u0131 vard\u0131r. \u0130nsanlar\u0131n beraber ya\u015farken, birbirlerine g\u00fcvenmeleri, mutlu ve huzurlu bir hayat\u0131 s\u00fcrd\u00fcrebilmeleri i\u00e7in, aralar\u0131nda sosyal bir adaletin olu\u015fmas\u0131 gerekmektedir. Ma\u011fdur olduklar\u0131n\u0131, haks\u0131zl\u0131\u011fa u\u011frad\u0131klar\u0131n\u0131 d\u00fc\u015f\u00fcnen insanlar\u0131n toplumda sa\u011fl\u0131kl\u0131 bir hayat s\u00fcrd\u00fcrmeleri, kendilerini mutlu ve huzurlu hissetmeleri m\u00fcmk\u00fcn de\u011fildir. Onun i\u00e7in insanlar\u0131n tabii haklar\u0131n\u0131 koruyacak ve sosyal adaleti sa\u011flayacak ilke ve m\u00fceyyidelere ihtiya\u00e7 hissedilmektedir. Bu nedenle b\u00fct\u00fcn inan\u00e7 sistemlerinde ve konulan kanunlarda bu konuya \u00f6nem verilmektedir. Haliyle Kur\u2019\u00e2n ve onun a\u00e7\u0131klamas\u0131 durumunda bulunan peygamber s\u00fcnnetinde bu hususta \u00e7ok ciddi uyar\u0131lar yer almaktad\u0131r. B\u00fct\u00fcn mukaddes kitaplarda ve b\u00fct\u00fcn peygamberlerin tebli\u011flerinde b\u00fct\u00fcn insanlar\u0131n tabi\u00ee haklar\u0131n\u0131n korunmas\u0131 ana gaye olarak kabul edilmektedir.<\/p>\n<p>Milli bilin\u00e7 ve \u015fuurla donan\u0131ml\u0131 olurken d\u00fcnyay\u0131 kucaklayan bir bak\u0131\u015f a\u00e7\u0131s\u0131na sahip olmak zorunday\u0131z. Kendi de\u011ferlerimize sahip \u00e7\u0131karken d\u00fcnyan\u0131n hangi k\u00f6\u015fesinde olursa olsun insan hakk\u0131na ve hukukuna riayet eymek zorunday\u0131z. Milli de\u011ferlerimizi nirengi noktas\u0131 eden pergelimizin bir ucu \u00f6z\u00fcm\u00fczde olurken pergelin di\u011fer ucu d\u00fcnyan\u0131n t\u00fcm mek\u00e2n\u0131n\u0131 kucaklayan bir a\u00e7\u0131ya sahip \u00e7\u0131kmal\u0131.<\/p>\n<p>\u0130nsanl\u0131\u011f\u0131n ortak de\u011ferlerine sahip \u00e7\u0131karken kendi \u00f6z\u00fcm\u00fczden uzakla\u015fmadan yeni de\u011ferlerin olu\u015fumuna katk\u0131da bulunmal\u0131y\u0131z. Gecemizi g\u00fcnd\u00fcz\u00fcm\u00fcze kat\u0131p, iyi bir insan olarak insanl\u0131k \u00e2lemine hizmet etmeliyiz.<\/p>\n<p>\u00d6zetle, yarat\u0131lm\u0131\u015flar\u0131n en de\u011ferlisi olan bizler, kendi milli manevi de\u011ferlerimizi koruyup, kollarken ba\u015fkalar\u0131n\u0131n kutsallar\u0131na hakaret etmeden insan haklar\u0131 \u00e7er\u00e7evesinde sayg\u0131 g\u00f6sterip hakk\u0131na riayet etmeliyiz. Evrenselli\u011fi kucaklarken kendi \u00f6z de\u011ferlerimizden uzakla\u015fmamal\u0131y\u0131z i\u015fin \u00f6zeti bu.<\/p>\n<p><img loading=\"lazy\" decoding=\"async\" class=\"\" src=\"https:\/\/www.maarifinsesi.com\/wp-content\/uploads\/2021\/12\/ogretmen.jpg\" alt=\"\u00d6\u011fretmenlik ve Veli Toplant\u0131lar\u0131n\u0131n \u00d6nemi - Maarifin Sesi\" width=\"895\" height=\"546\"><\/p>\n<p>SEN UYURKEN G\u00dcZEL\u0130M<\/p>\n<p>&nbsp;<\/p>\n<p>\u015eark\u0131n ufuklar\u0131ndan, g\u00fcne\u015fler do\u011fuyordu,<\/p>\n<p>Sabah\u0131 olan gece g\u00fcne\u015f i\u015faretiyle,<\/p>\n<p>Karanl\u0131k vicdanlarda zulmeti bo\u011fuyordu,<\/p>\n<p>\u00d6zlemin ince hatt\u0131 sab\u0131r maharetiyle,<\/p>\n<p>Vuslat\u0131n endeksinde y\u00fcrekler so\u011fuyordu,<\/p>\n<p>Sen uyurken g\u00fczelim, g\u00fcne\u015fler do\u011fuyordu.<\/p>\n<p>&nbsp;<\/p>\n<p>\u015eimalin sitaresi g\u00f6n\u00fcl uyan\u0131yordu,<\/p>\n<p>Dolunay geceleri, umut serinli\u011fiyle,<\/p>\n<p>Karanfil kokan sabah, ad\u0131n\u0131 an\u0131yordu,<\/p>\n<p>Nura a\u00e7\u0131lan kap\u0131 i\u015frak derinli\u011fiyle,<\/p>\n<p>Nurdan s\u00fcrmeler \u00e7ekip, semavat yan\u0131yordu,<\/p>\n<p>Sen uyurken g\u00fczelim, g\u00f6n\u00fcl uyan\u0131yordu.<\/p>\n<p>&nbsp;<\/p>\n<p>\u0130stikbalin bestesi, hikmetler \u00e7al\u0131yordu,<\/p>\n<p>Paradokslar \u00fcst\u00fcnde, \u0131\u015f\u0131k huzmeleriyle,<\/p>\n<p>Billurdan damlalara muhabbet sal\u0131yordu,<\/p>\n<p>Mefk\u00fbrenin ulvisi, y\u00fcrek s\u00fczmeleriyle,<\/p>\n<p>Mahiyet boyutuna fikirler sal\u0131yordu,<\/p>\n<p>Sen uyurken g\u00fczelim, hikmetler \u00e7al\u0131yordu.<\/p>\n<p>&nbsp;<\/p>\n<p>Asudeli baharda g\u00fcl seni tan\u0131yordu,<\/p>\n<p>A\u015fk da\u011flar\u0131 ku\u015fat\u0131r, \u015feydan\u0131n figan\u0131yla,<\/p>\n<p>Karabulut \u00fcst\u00fcnde, rahmet dolan\u0131yordu,<\/p>\n<p>Hicran\u0131n i\u011fneleri beslenirken kan\u0131yla,<\/p>\n<p>G\u00fcllerin k\u0131rm\u0131z\u0131s\u0131 \u015fafakta kan\u0131yordu,<\/p>\n<p>Sen uyurken g\u00fczelim, g\u00fcl seni tan\u0131yordu.<\/p>\n<p>&nbsp;<\/p>\n<p>Edep erk\u00e2n ba\u011f\u0131nda ak\u0131l utan\u0131yordu,<\/p>\n<p>Y\u00fcrek komplikasyonu, ate\u015ften \u00f6zleriyle,<\/p>\n<p>Bir hayalin izini a\u015fk ehli san\u0131yordu,<\/p>\n<p>Kalbin dara\u011fac\u0131nda, idaml\u0131k g\u00f6zleriyle,<\/p>\n<p>\u015eahadet \u015ferbetine a\u015fk\u0131n\u0131 ban\u0131yordu,<\/p>\n<p>Sen uyurken g\u00fczelim, ak\u0131l utan\u0131yordu,<\/p>\n<p>&nbsp;<\/p>\n<p>G\u00f6n\u00fcl asuman\u0131nda, y\u0131ld\u0131zlar at\u0131yordu,<\/p>\n<p>Gecesi olan sabah, kamerin mehtab\u0131yla,<\/p>\n<p>Uyanan g\u00f6n\u00fclleri, Bedir ku\u015fat\u0131yordu,<\/p>\n<p>Dirili\u015f ordusunun ruhlara hitab\u0131yla,<\/p>\n<p>Fikir iklimlerine, sentezler kat\u0131yordu,<\/p>\n<p>Sen uyurken g\u00fczelim y\u0131ld\u0131zlar at\u0131yordu.<\/p>\n<p>&nbsp;<\/p>\n<p>Tar\u0131k Torun<\/p>\n","protected":false},"excerpt":{"rendered":"<p>Milli profil evrensel perspektife sahip olmayan nice toplumlar tarihin k\u00fcfl\u00fc sayfalar\u0131nda kaybolup gitmi\u015flerdir. Bunun detaylar\u0131na&#8230;<\/p>\n","protected":false},"author":3,"featured_media":4091,"comment_status":"open","ping_status":"open","sticky":false,"template":"","format":"standard","meta":{"_bbp_topic_count":0,"_bbp_reply_count":0,"_bbp_total_topic_count":0,"_bbp_total_reply_count":0,"_bbp_voice_count":0,"_bbp_anonymous_reply_count":0,"_bbp_topic_count_hidden":0,"_bbp_reply_count_hidden":0,"_bbp_forum_subforum_count":0,"om_disable_all_campaigns":false,"_uag_custom_page_level_css":"","ngg_post_thumbnail":0,"footnotes":""},"categories":[100],"tags":[],"ppma_author":[94,99],"class_list":["post-4090","post","type-post","status-publish","format-standard","has-post-thumbnail","hentry","category-deneme"],"yoast_head":"<!-- This site is optimized with the Yoast SEO plugin v24.9 - https:\/\/yoast.com\/wordpress\/plugins\/seo\/ -->\n<title>Milli Profil Evrensel Perspektif - simurgedebiyat.com<\/title>\n<meta name=\"robots\" content=\"index, follow, max-snippet:-1, max-image-preview:large, max-video-preview:-1\" \/>\n<link rel=\"canonical\" href=\"https:\/\/simurgedebiyat.com\/index.php\/2026\/03\/05\/milli-profil-evrensel-perspektif\/\" \/>\n<meta property=\"og:locale\" content=\"tr_TR\" \/>\n<meta property=\"og:type\" content=\"article\" \/>\n<meta property=\"og:title\" content=\"Milli Profil Evrensel Perspektif - simurgedebiyat.com\" \/>\n<meta property=\"og:description\" content=\"Milli profil evrensel perspektife sahip olmayan nice toplumlar tarihin k\u00fcfl\u00fc sayfalar\u0131nda kaybolup gitmi\u015flerdir. Bunun detaylar\u0131na...\" \/>\n<meta property=\"og:url\" content=\"https:\/\/simurgedebiyat.com\/index.php\/2026\/03\/05\/milli-profil-evrensel-perspektif\/\" \/>\n<meta property=\"og:site_name\" content=\"simurgedebiyat.com\" \/>\n<meta property=\"article:published_time\" content=\"2026-03-05T07:11:29+00:00\" \/>\n<meta property=\"article:modified_time\" content=\"2026-03-05T07:19:34+00:00\" \/>\n<meta property=\"og:image\" content=\"https:\/\/simurgedebiyat.com\/wp-content\/uploads\/2026\/03\/Milli-Tarik-.jpg\" \/>\n\t<meta property=\"og:image:width\" content=\"1080\" \/>\n\t<meta property=\"og:image:height\" content=\"1527\" \/>\n\t<meta property=\"og:image:type\" content=\"image\/jpeg\" \/>\n<meta name=\"author\" content=\"Tar\u0131k TORUN, Edit\u00f6r\" \/>\n<meta name=\"twitter:card\" content=\"summary_large_image\" \/>\n<meta name=\"twitter:label1\" content=\"Yazan:\" \/>\n\t<meta name=\"twitter:data1\" content=\"Tar\u0131k TORUN\" \/>\n\t<meta name=\"twitter:label2\" content=\"Tahmini okuma s\u00fcresi\" \/>\n\t<meta name=\"twitter:data2\" content=\"8 dakika\" \/>\n<script type=\"application\/ld+json\" class=\"yoast-schema-graph\">{\"@context\":\"https:\/\/schema.org\",\"@graph\":[{\"@type\":\"Article\",\"@id\":\"https:\/\/simurgedebiyat.com\/index.php\/2026\/03\/05\/milli-profil-evrensel-perspektif\/#article\",\"isPartOf\":{\"@id\":\"https:\/\/simurgedebiyat.com\/index.php\/2026\/03\/05\/milli-profil-evrensel-perspektif\/\"},\"author\":{\"name\":\"Tar\u0131k TORUN\",\"@id\":\"https:\/\/simurgedebiyat.com\/#\/schema\/person\/2b69186447343805a1de03a426a9c75c\"},\"headline\":\"Milli Profil Evrensel Perspektif\",\"datePublished\":\"2026-03-05T07:11:29+00:00\",\"dateModified\":\"2026-03-05T07:19:34+00:00\",\"mainEntityOfPage\":{\"@id\":\"https:\/\/simurgedebiyat.com\/index.php\/2026\/03\/05\/milli-profil-evrensel-perspektif\/\"},\"wordCount\":1674,\"commentCount\":0,\"publisher\":{\"@id\":\"https:\/\/simurgedebiyat.com\/#organization\"},\"image\":{\"@id\":\"https:\/\/simurgedebiyat.com\/index.php\/2026\/03\/05\/milli-profil-evrensel-perspektif\/#primaryimage\"},\"thumbnailUrl\":\"https:\/\/simurgedebiyat.com\/wp-content\/uploads\/2026\/03\/Milli-Tarik-.jpg\",\"articleSection\":[\"Deneme\"],\"inLanguage\":\"tr\",\"potentialAction\":[{\"@type\":\"CommentAction\",\"name\":\"Comment\",\"target\":[\"https:\/\/simurgedebiyat.com\/index.php\/2026\/03\/05\/milli-profil-evrensel-perspektif\/#respond\"]}]},{\"@type\":\"WebPage\",\"@id\":\"https:\/\/simurgedebiyat.com\/index.php\/2026\/03\/05\/milli-profil-evrensel-perspektif\/\",\"url\":\"https:\/\/simurgedebiyat.com\/index.php\/2026\/03\/05\/milli-profil-evrensel-perspektif\/\",\"name\":\"Milli Profil Evrensel Perspektif - simurgedebiyat.com\",\"isPartOf\":{\"@id\":\"https:\/\/simurgedebiyat.com\/#website\"},\"primaryImageOfPage\":{\"@id\":\"https:\/\/simurgedebiyat.com\/index.php\/2026\/03\/05\/milli-profil-evrensel-perspektif\/#primaryimage\"},\"image\":{\"@id\":\"https:\/\/simurgedebiyat.com\/index.php\/2026\/03\/05\/milli-profil-evrensel-perspektif\/#primaryimage\"},\"thumbnailUrl\":\"https:\/\/simurgedebiyat.com\/wp-content\/uploads\/2026\/03\/Milli-Tarik-.jpg\",\"datePublished\":\"2026-03-05T07:11:29+00:00\",\"dateModified\":\"2026-03-05T07:19:34+00:00\",\"breadcrumb\":{\"@id\":\"https:\/\/simurgedebiyat.com\/index.php\/2026\/03\/05\/milli-profil-evrensel-perspektif\/#breadcrumb\"},\"inLanguage\":\"tr\",\"potentialAction\":[{\"@type\":\"ReadAction\",\"target\":[\"https:\/\/simurgedebiyat.com\/index.php\/2026\/03\/05\/milli-profil-evrensel-perspektif\/\"]}]},{\"@type\":\"ImageObject\",\"inLanguage\":\"tr\",\"@id\":\"https:\/\/simurgedebiyat.com\/index.php\/2026\/03\/05\/milli-profil-evrensel-perspektif\/#primaryimage\",\"url\":\"https:\/\/simurgedebiyat.com\/wp-content\/uploads\/2026\/03\/Milli-Tarik-.jpg\",\"contentUrl\":\"https:\/\/simurgedebiyat.com\/wp-content\/uploads\/2026\/03\/Milli-Tarik-.jpg\",\"width\":1080,\"height\":1527},{\"@type\":\"BreadcrumbList\",\"@id\":\"https:\/\/simurgedebiyat.com\/index.php\/2026\/03\/05\/milli-profil-evrensel-perspektif\/#breadcrumb\",\"itemListElement\":[{\"@type\":\"ListItem\",\"position\":1,\"name\":\"Anasayfa\",\"item\":\"https:\/\/simurgedebiyat.com\/\"},{\"@type\":\"ListItem\",\"position\":2,\"name\":\"Milli Profil Evrensel Perspektif\"}]},{\"@type\":\"WebSite\",\"@id\":\"https:\/\/simurgedebiyat.com\/#website\",\"url\":\"https:\/\/simurgedebiyat.com\/\",\"name\":\"simurgedebiyat.com\",\"description\":\"edebiyat&amp;K\u00fclt\u00fcr&amp;Sanat&amp;D\u00fc\u015f\u00fcnce \",\"publisher\":{\"@id\":\"https:\/\/simurgedebiyat.com\/#organization\"},\"potentialAction\":[{\"@type\":\"SearchAction\",\"target\":{\"@type\":\"EntryPoint\",\"urlTemplate\":\"https:\/\/simurgedebiyat.com\/?s={search_term_string}\"},\"query-input\":{\"@type\":\"PropertyValueSpecification\",\"valueRequired\":true,\"valueName\":\"search_term_string\"}}],\"inLanguage\":\"tr\"},{\"@type\":\"Organization\",\"@id\":\"https:\/\/simurgedebiyat.com\/#organization\",\"name\":\"simurgedebiyat.com\",\"url\":\"https:\/\/simurgedebiyat.com\/\",\"logo\":{\"@type\":\"ImageObject\",\"inLanguage\":\"tr\",\"@id\":\"https:\/\/simurgedebiyat.com\/#\/schema\/logo\/image\/\",\"url\":\"https:\/\/simurgedebiyat.com\/wp-content\/uploads\/2025\/11\/cropped-HHHHH-1.jpeg\",\"contentUrl\":\"https:\/\/simurgedebiyat.com\/wp-content\/uploads\/2025\/11\/cropped-HHHHH-1.jpeg\",\"width\":245,\"height\":205,\"caption\":\"simurgedebiyat.com\"},\"image\":{\"@id\":\"https:\/\/simurgedebiyat.com\/#\/schema\/logo\/image\/\"}},{\"@type\":\"Person\",\"@id\":\"https:\/\/simurgedebiyat.com\/#\/schema\/person\/2b69186447343805a1de03a426a9c75c\",\"name\":\"Tar\u0131k TORUN\",\"image\":{\"@type\":\"ImageObject\",\"inLanguage\":\"tr\",\"@id\":\"https:\/\/simurgedebiyat.com\/#\/schema\/person\/image\/23494c9101089ad44ae88ce9d2f56aac\",\"url\":\"https:\/\/secure.gravatar.com\/avatar\/?s=96&d=mm&r=g\",\"contentUrl\":\"https:\/\/secure.gravatar.com\/avatar\/?s=96&d=mm&r=g\",\"caption\":\"Tar\u0131k TORUN\"},\"description\":\"Bayburt\u2019un Bayraktar (Baks\u0131) k\u00f6y\u00fcnde do\u011fdu (1965). \u0130lk\u00f6\u011frenimini k\u00f6y\u00fcnde bitirdi. Ailesi ile birlikte \u00c7orum\u2019a g\u00f6\u00e7 etti (1975). Orta\u00f6\u011frenimini \u00c7orum\u2019da tamamlad\u0131. Karadeniz Teknik \u00dcniversitesi, Fatih E\u011fitim Fak\u00fcltesi, Co\u011frafya \u00d6\u011fretmenli\u011fi b\u00f6l\u00fcm\u00fcn\u00fc bitirdi (1988). 1989 \u2018dan itibaren pek \u00e7ok lisede co\u011frafya \u00f6\u011fretmenli\u011fi yapt\u0131. Bu arada Gazi \u00dcniversitesi, Sosyal Bilimler Enstit\u00fcs\u00fc, Co\u011frafya E\u011fitimi Y\u00fcksek Lisans (Master) program\u0131n\u0131 bitirdi. Anadolu \u00dcniversitesi, T\u00fcrk Dili ve Edebiyat\u0131 B\u00f6l\u00fcm\u00fcn\u00fc de bitirdi. Ayr\u0131ca \u0130stanbul \u00dcniversitesi, Hukuk Fak\u00fcltesi\u2019nde de okudu. MEB, \u00d6YGM, EARGED ve YE\u011e\u0130TEK\u2019de \u00f6\u011fretmen olarak \u00e7al\u0131\u015ft\u0131. \u0130LESAM, TYB, \u0130slam \u00dclkeleri Akademisyen ve Yazarlar Birli\u011fi ile Uluslararas\u0131 Bayburt Yazar ve Sanat\u00e7\u0131lar Derne\u011fi\u2019nin \u00fcyesidir. \u00c7e\u015fitli sosyal ve k\u00fclt\u00fcrel \u00e7al\u0131\u015fmalara kat\u0131lmaktad\u0131r. \u015eiir, deneme, makale, roman, hik\u00e2ye, gezi yaz\u0131s\u0131, ara\u015ft\u0131rma-inceleme alan\u0131ndaki \u00e7al\u0131\u015fmalar\u0131 halen devam etmektedir. \u00c7e\u015fitli kurulu\u015flardan ald\u0131\u011f\u0131 onlarca \u00f6d\u00fcl\u00fc bulunmaktad\u0131r. ESERLER\u0130 \u015eiir G\u00fclistan\u0131n G\u00fclleri-2006 Alizeler-2007 A\u015fk\u0131n Co\u011frafyas\u0131-2008 Meb\u015fure-2009 A\u015fko\u011frafya-2010 A\u015fkistan-2015 A\u015fka Yolculuk-2018 \u015eiir \u015eiir T\u00fcrkiye-I-2021 \u015eiir \u015eiir T\u00fcrkiye-II-2022 Neva-2026 Hik\u00e2ye G\u00fcne\u015fi Tut Ka\u00e7mas\u0131n-2011 A\u015fk\u0131n Kalbi-2015 Mor Da\u011flar\u0131n Balas\u0131-2025 Deneme Algoritmik Aforizmalar-2016 Roman Piri Reis-2022\",\"url\":\"https:\/\/simurgedebiyat.com\/index.php\/author\/tarik-torun\/\"}]}<\/script>\n<!-- \/ Yoast SEO plugin. -->","yoast_head_json":{"title":"Milli Profil Evrensel Perspektif - simurgedebiyat.com","robots":{"index":"index","follow":"follow","max-snippet":"max-snippet:-1","max-image-preview":"max-image-preview:large","max-video-preview":"max-video-preview:-1"},"canonical":"https:\/\/simurgedebiyat.com\/index.php\/2026\/03\/05\/milli-profil-evrensel-perspektif\/","og_locale":"tr_TR","og_type":"article","og_title":"Milli Profil Evrensel Perspektif - simurgedebiyat.com","og_description":"Milli profil evrensel perspektife sahip olmayan nice toplumlar tarihin k\u00fcfl\u00fc sayfalar\u0131nda kaybolup gitmi\u015flerdir. Bunun detaylar\u0131na...","og_url":"https:\/\/simurgedebiyat.com\/index.php\/2026\/03\/05\/milli-profil-evrensel-perspektif\/","og_site_name":"simurgedebiyat.com","article_published_time":"2026-03-05T07:11:29+00:00","article_modified_time":"2026-03-05T07:19:34+00:00","og_image":[{"width":1080,"height":1527,"url":"https:\/\/simurgedebiyat.com\/wp-content\/uploads\/2026\/03\/Milli-Tarik-.jpg","type":"image\/jpeg"}],"author":"Tar\u0131k TORUN, Edit\u00f6r","twitter_card":"summary_large_image","twitter_misc":{"Yazan:":"Tar\u0131k TORUN","Tahmini okuma s\u00fcresi":"8 dakika"},"schema":{"@context":"https:\/\/schema.org","@graph":[{"@type":"Article","@id":"https:\/\/simurgedebiyat.com\/index.php\/2026\/03\/05\/milli-profil-evrensel-perspektif\/#article","isPartOf":{"@id":"https:\/\/simurgedebiyat.com\/index.php\/2026\/03\/05\/milli-profil-evrensel-perspektif\/"},"author":{"name":"Tar\u0131k TORUN","@id":"https:\/\/simurgedebiyat.com\/#\/schema\/person\/2b69186447343805a1de03a426a9c75c"},"headline":"Milli Profil Evrensel Perspektif","datePublished":"2026-03-05T07:11:29+00:00","dateModified":"2026-03-05T07:19:34+00:00","mainEntityOfPage":{"@id":"https:\/\/simurgedebiyat.com\/index.php\/2026\/03\/05\/milli-profil-evrensel-perspektif\/"},"wordCount":1674,"commentCount":0,"publisher":{"@id":"https:\/\/simurgedebiyat.com\/#organization"},"image":{"@id":"https:\/\/simurgedebiyat.com\/index.php\/2026\/03\/05\/milli-profil-evrensel-perspektif\/#primaryimage"},"thumbnailUrl":"https:\/\/simurgedebiyat.com\/wp-content\/uploads\/2026\/03\/Milli-Tarik-.jpg","articleSection":["Deneme"],"inLanguage":"tr","potentialAction":[{"@type":"CommentAction","name":"Comment","target":["https:\/\/simurgedebiyat.com\/index.php\/2026\/03\/05\/milli-profil-evrensel-perspektif\/#respond"]}]},{"@type":"WebPage","@id":"https:\/\/simurgedebiyat.com\/index.php\/2026\/03\/05\/milli-profil-evrensel-perspektif\/","url":"https:\/\/simurgedebiyat.com\/index.php\/2026\/03\/05\/milli-profil-evrensel-perspektif\/","name":"Milli Profil Evrensel Perspektif - simurgedebiyat.com","isPartOf":{"@id":"https:\/\/simurgedebiyat.com\/#website"},"primaryImageOfPage":{"@id":"https:\/\/simurgedebiyat.com\/index.php\/2026\/03\/05\/milli-profil-evrensel-perspektif\/#primaryimage"},"image":{"@id":"https:\/\/simurgedebiyat.com\/index.php\/2026\/03\/05\/milli-profil-evrensel-perspektif\/#primaryimage"},"thumbnailUrl":"https:\/\/simurgedebiyat.com\/wp-content\/uploads\/2026\/03\/Milli-Tarik-.jpg","datePublished":"2026-03-05T07:11:29+00:00","dateModified":"2026-03-05T07:19:34+00:00","breadcrumb":{"@id":"https:\/\/simurgedebiyat.com\/index.php\/2026\/03\/05\/milli-profil-evrensel-perspektif\/#breadcrumb"},"inLanguage":"tr","potentialAction":[{"@type":"ReadAction","target":["https:\/\/simurgedebiyat.com\/index.php\/2026\/03\/05\/milli-profil-evrensel-perspektif\/"]}]},{"@type":"ImageObject","inLanguage":"tr","@id":"https:\/\/simurgedebiyat.com\/index.php\/2026\/03\/05\/milli-profil-evrensel-perspektif\/#primaryimage","url":"https:\/\/simurgedebiyat.com\/wp-content\/uploads\/2026\/03\/Milli-Tarik-.jpg","contentUrl":"https:\/\/simurgedebiyat.com\/wp-content\/uploads\/2026\/03\/Milli-Tarik-.jpg","width":1080,"height":1527},{"@type":"BreadcrumbList","@id":"https:\/\/simurgedebiyat.com\/index.php\/2026\/03\/05\/milli-profil-evrensel-perspektif\/#breadcrumb","itemListElement":[{"@type":"ListItem","position":1,"name":"Anasayfa","item":"https:\/\/simurgedebiyat.com\/"},{"@type":"ListItem","position":2,"name":"Milli Profil Evrensel Perspektif"}]},{"@type":"WebSite","@id":"https:\/\/simurgedebiyat.com\/#website","url":"https:\/\/simurgedebiyat.com\/","name":"simurgedebiyat.com","description":"edebiyat&amp;K\u00fclt\u00fcr&amp;Sanat&amp;D\u00fc\u015f\u00fcnce ","publisher":{"@id":"https:\/\/simurgedebiyat.com\/#organization"},"potentialAction":[{"@type":"SearchAction","target":{"@type":"EntryPoint","urlTemplate":"https:\/\/simurgedebiyat.com\/?s={search_term_string}"},"query-input":{"@type":"PropertyValueSpecification","valueRequired":true,"valueName":"search_term_string"}}],"inLanguage":"tr"},{"@type":"Organization","@id":"https:\/\/simurgedebiyat.com\/#organization","name":"simurgedebiyat.com","url":"https:\/\/simurgedebiyat.com\/","logo":{"@type":"ImageObject","inLanguage":"tr","@id":"https:\/\/simurgedebiyat.com\/#\/schema\/logo\/image\/","url":"https:\/\/simurgedebiyat.com\/wp-content\/uploads\/2025\/11\/cropped-HHHHH-1.jpeg","contentUrl":"https:\/\/simurgedebiyat.com\/wp-content\/uploads\/2025\/11\/cropped-HHHHH-1.jpeg","width":245,"height":205,"caption":"simurgedebiyat.com"},"image":{"@id":"https:\/\/simurgedebiyat.com\/#\/schema\/logo\/image\/"}},{"@type":"Person","@id":"https:\/\/simurgedebiyat.com\/#\/schema\/person\/2b69186447343805a1de03a426a9c75c","name":"Tar\u0131k TORUN","image":{"@type":"ImageObject","inLanguage":"tr","@id":"https:\/\/simurgedebiyat.com\/#\/schema\/person\/image\/23494c9101089ad44ae88ce9d2f56aac","url":"https:\/\/secure.gravatar.com\/avatar\/?s=96&d=mm&r=g","contentUrl":"https:\/\/secure.gravatar.com\/avatar\/?s=96&d=mm&r=g","caption":"Tar\u0131k TORUN"},"description":"Bayburt\u2019un Bayraktar (Baks\u0131) k\u00f6y\u00fcnde do\u011fdu (1965). \u0130lk\u00f6\u011frenimini k\u00f6y\u00fcnde bitirdi. Ailesi ile birlikte \u00c7orum\u2019a g\u00f6\u00e7 etti (1975). Orta\u00f6\u011frenimini \u00c7orum\u2019da tamamlad\u0131. Karadeniz Teknik \u00dcniversitesi, Fatih E\u011fitim Fak\u00fcltesi, Co\u011frafya \u00d6\u011fretmenli\u011fi b\u00f6l\u00fcm\u00fcn\u00fc bitirdi (1988). 1989 \u2018dan itibaren pek \u00e7ok lisede co\u011frafya \u00f6\u011fretmenli\u011fi yapt\u0131. Bu arada Gazi \u00dcniversitesi, Sosyal Bilimler Enstit\u00fcs\u00fc, Co\u011frafya E\u011fitimi Y\u00fcksek Lisans (Master) program\u0131n\u0131 bitirdi. Anadolu \u00dcniversitesi, T\u00fcrk Dili ve Edebiyat\u0131 B\u00f6l\u00fcm\u00fcn\u00fc de bitirdi. Ayr\u0131ca \u0130stanbul \u00dcniversitesi, Hukuk Fak\u00fcltesi\u2019nde de okudu. MEB, \u00d6YGM, EARGED ve YE\u011e\u0130TEK\u2019de \u00f6\u011fretmen olarak \u00e7al\u0131\u015ft\u0131. \u0130LESAM, TYB, \u0130slam \u00dclkeleri Akademisyen ve Yazarlar Birli\u011fi ile Uluslararas\u0131 Bayburt Yazar ve Sanat\u00e7\u0131lar Derne\u011fi\u2019nin \u00fcyesidir. \u00c7e\u015fitli sosyal ve k\u00fclt\u00fcrel \u00e7al\u0131\u015fmalara kat\u0131lmaktad\u0131r. \u015eiir, deneme, makale, roman, hik\u00e2ye, gezi yaz\u0131s\u0131, ara\u015ft\u0131rma-inceleme alan\u0131ndaki \u00e7al\u0131\u015fmalar\u0131 halen devam etmektedir. \u00c7e\u015fitli kurulu\u015flardan ald\u0131\u011f\u0131 onlarca \u00f6d\u00fcl\u00fc bulunmaktad\u0131r. ESERLER\u0130 \u015eiir G\u00fclistan\u0131n G\u00fclleri-2006 Alizeler-2007 A\u015fk\u0131n Co\u011frafyas\u0131-2008 Meb\u015fure-2009 A\u015fko\u011frafya-2010 A\u015fkistan-2015 A\u015fka Yolculuk-2018 \u015eiir \u015eiir T\u00fcrkiye-I-2021 \u015eiir \u015eiir T\u00fcrkiye-II-2022 Neva-2026 Hik\u00e2ye G\u00fcne\u015fi Tut Ka\u00e7mas\u0131n-2011 A\u015fk\u0131n Kalbi-2015 Mor Da\u011flar\u0131n Balas\u0131-2025 Deneme Algoritmik Aforizmalar-2016 Roman Piri Reis-2022","url":"https:\/\/simurgedebiyat.com\/index.php\/author\/tarik-torun\/"}]}},"featured_image_urls":{"full":["https:\/\/simurgedebiyat.com\/wp-content\/uploads\/2026\/03\/Milli-Tarik-.jpg",1080,1527,false],"thumbnail":["https:\/\/simurgedebiyat.com\/wp-content\/uploads\/2026\/03\/Milli-Tarik--150x150.jpg",150,150,true],"medium":["https:\/\/simurgedebiyat.com\/wp-content\/uploads\/2026\/03\/Milli-Tarik--212x300.jpg",212,300,true],"medium_large":["https:\/\/simurgedebiyat.com\/wp-content\/uploads\/2026\/03\/Milli-Tarik--768x1086.jpg",640,905,true],"large":["https:\/\/simurgedebiyat.com\/wp-content\/uploads\/2026\/03\/Milli-Tarik--724x1024.jpg",640,905,true],"1536x1536":["https:\/\/simurgedebiyat.com\/wp-content\/uploads\/2026\/03\/Milli-Tarik-.jpg",1080,1527,false],"2048x2048":["https:\/\/simurgedebiyat.com\/wp-content\/uploads\/2026\/03\/Milli-Tarik-.jpg",1080,1527,false],"covernews-slider-full":["https:\/\/simurgedebiyat.com\/wp-content\/uploads\/2026\/03\/Milli-Tarik--1080x715.jpg",1080,715,true],"covernews-slider-center":["https:\/\/simurgedebiyat.com\/wp-content\/uploads\/2026\/03\/Milli-Tarik--800x500.jpg",800,500,true],"covernews-featured":["https:\/\/simurgedebiyat.com\/wp-content\/uploads\/2026\/03\/Milli-Tarik--1024x1448.jpg",1024,1448,true],"covernews-medium":["https:\/\/simurgedebiyat.com\/wp-content\/uploads\/2026\/03\/Milli-Tarik--540x340.jpg",540,340,true],"covernews-medium-square":["https:\/\/simurgedebiyat.com\/wp-content\/uploads\/2026\/03\/Milli-Tarik--400x250.jpg",400,250,true],"sow-carousel-default":["https:\/\/simurgedebiyat.com\/wp-content\/uploads\/2026\/03\/Milli-Tarik--272x182.jpg",272,182,true],"sow-blog-portfolio":["https:\/\/simurgedebiyat.com\/wp-content\/uploads\/2026\/03\/Milli-Tarik--375x375.jpg",375,375,true],"sow-blog-grid":["https:\/\/simurgedebiyat.com\/wp-content\/uploads\/2026\/03\/Milli-Tarik--720x480.jpg",720,480,true],"sow-blog-alternate":["https:\/\/simurgedebiyat.com\/wp-content\/uploads\/2026\/03\/Milli-Tarik--950x630.jpg",950,630,true],"sow-recent-post":["https:\/\/simurgedebiyat.com\/wp-content\/uploads\/2026\/03\/Milli-Tarik--216x216.jpg",216,216,true]},"author_info":{"display_name":"Tar\u0131k TORUN","author_link":"https:\/\/simurgedebiyat.com\/index.php\/author\/tarik-torun\/"},"category_info":"<a href=\"https:\/\/simurgedebiyat.com\/index.php\/category\/deneme\/\" rel=\"category tag\">Deneme<\/a>","tag_info":"Deneme","comment_count":"0","jetpack_featured_media_url":"https:\/\/simurgedebiyat.com\/wp-content\/uploads\/2026\/03\/Milli-Tarik-.jpg","uagb_featured_image_src":{"full":["https:\/\/simurgedebiyat.com\/wp-content\/uploads\/2026\/03\/Milli-Tarik-.jpg",1080,1527,false],"thumbnail":["https:\/\/simurgedebiyat.com\/wp-content\/uploads\/2026\/03\/Milli-Tarik--150x150.jpg",150,150,true],"medium":["https:\/\/simurgedebiyat.com\/wp-content\/uploads\/2026\/03\/Milli-Tarik--212x300.jpg",212,300,true],"medium_large":["https:\/\/simurgedebiyat.com\/wp-content\/uploads\/2026\/03\/Milli-Tarik--768x1086.jpg",640,905,true],"large":["https:\/\/simurgedebiyat.com\/wp-content\/uploads\/2026\/03\/Milli-Tarik--724x1024.jpg",640,905,true],"1536x1536":["https:\/\/simurgedebiyat.com\/wp-content\/uploads\/2026\/03\/Milli-Tarik-.jpg",1080,1527,false],"2048x2048":["https:\/\/simurgedebiyat.com\/wp-content\/uploads\/2026\/03\/Milli-Tarik-.jpg",1080,1527,false],"covernews-slider-full":["https:\/\/simurgedebiyat.com\/wp-content\/uploads\/2026\/03\/Milli-Tarik--1080x715.jpg",1080,715,true],"covernews-slider-center":["https:\/\/simurgedebiyat.com\/wp-content\/uploads\/2026\/03\/Milli-Tarik--800x500.jpg",800,500,true],"covernews-featured":["https:\/\/simurgedebiyat.com\/wp-content\/uploads\/2026\/03\/Milli-Tarik--1024x1448.jpg",1024,1448,true],"covernews-medium":["https:\/\/simurgedebiyat.com\/wp-content\/uploads\/2026\/03\/Milli-Tarik--540x340.jpg",540,340,true],"covernews-medium-square":["https:\/\/simurgedebiyat.com\/wp-content\/uploads\/2026\/03\/Milli-Tarik--400x250.jpg",400,250,true],"sow-carousel-default":["https:\/\/simurgedebiyat.com\/wp-content\/uploads\/2026\/03\/Milli-Tarik--272x182.jpg",272,182,true],"sow-blog-portfolio":["https:\/\/simurgedebiyat.com\/wp-content\/uploads\/2026\/03\/Milli-Tarik--375x375.jpg",375,375,true],"sow-blog-grid":["https:\/\/simurgedebiyat.com\/wp-content\/uploads\/2026\/03\/Milli-Tarik--720x480.jpg",720,480,true],"sow-blog-alternate":["https:\/\/simurgedebiyat.com\/wp-content\/uploads\/2026\/03\/Milli-Tarik--950x630.jpg",950,630,true],"sow-recent-post":["https:\/\/simurgedebiyat.com\/wp-content\/uploads\/2026\/03\/Milli-Tarik--216x216.jpg",216,216,true]},"uagb_author_info":{"display_name":"Tar\u0131k TORUN","author_link":"https:\/\/simurgedebiyat.com\/index.php\/author\/tarik-torun\/"},"uagb_comment_info":0,"uagb_excerpt":"Milli profil evrensel perspektife sahip olmayan nice toplumlar tarihin k\u00fcfl\u00fc sayfalar\u0131nda kaybolup gitmi\u015flerdir. Bunun detaylar\u0131na...","authors":[{"term_id":94,"user_id":3,"is_guest":0,"slug":"tarik-torun","display_name":"Tar\u0131k TORUN","avatar_url":{"url":"https:\/\/simurgedebiyat.com\/wp-content\/uploads\/2025\/10\/Tarik-TORUM.jpg","url2x":"https:\/\/simurgedebiyat.com\/wp-content\/uploads\/2025\/10\/Tarik-TORUM.jpg"},"first_name":"Tar\u0131k","last_name":"TORUN","user_url":"","job_title":"","description":"Bayburt\u2019un Bayraktar (Baks\u0131) k\u00f6y\u00fcnde do\u011fdu (1965). \u0130lk\u00f6\u011frenimini k\u00f6y\u00fcnde bitirdi. Ailesi ile birlikte \u00c7orum\u2019a g\u00f6\u00e7 etti (1975). Orta\u00f6\u011frenimini \u00c7orum\u2019da tamamlad\u0131. Karadeniz Teknik \u00dcniversitesi, Fatih E\u011fitim Fak\u00fcltesi, Co\u011frafya \u00d6\u011fretmenli\u011fi b\u00f6l\u00fcm\u00fcn\u00fc bitirdi (1988).\r\n1989 \u2018dan itibaren pek \u00e7ok lisede co\u011frafya \u00f6\u011fretmenli\u011fi yapt\u0131. Bu arada Gazi \u00dcniversitesi, Sosyal Bilimler Enstit\u00fcs\u00fc, Co\u011frafya E\u011fitimi Y\u00fcksek Lisans (Master) program\u0131n\u0131 bitirdi. Anadolu \u00dcniversitesi, T\u00fcrk Dili ve Edebiyat\u0131 B\u00f6l\u00fcm\u00fcn\u00fc de bitirdi. Ayr\u0131ca \u0130stanbul \u00dcniversitesi, Hukuk Fak\u00fcltesi\u2019nde de okudu. MEB, \u00d6YGM, EARGED ve YE\u011e\u0130TEK\u2019de \u00f6\u011fretmen olarak \u00e7al\u0131\u015ft\u0131. \u0130LESAM, TYB, \u0130slam \u00dclkeleri Akademisyen ve Yazarlar Birli\u011fi ile Uluslararas\u0131 Bayburt Yazar ve Sanat\u00e7\u0131lar Derne\u011fi\u2019nin \u00fcyesidir. \u00c7e\u015fitli sosyal ve k\u00fclt\u00fcrel \u00e7al\u0131\u015fmalara kat\u0131lmaktad\u0131r. \u015eiir, deneme, makale, roman, hik\u00e2ye, gezi yaz\u0131s\u0131, ara\u015ft\u0131rma-inceleme alan\u0131ndaki \u00e7al\u0131\u015fmalar\u0131 halen devam etmektedir. \u00c7e\u015fitli kurulu\u015flardan ald\u0131\u011f\u0131 onlarca \u00f6d\u00fcl\u00fc bulunmaktad\u0131r.\r\nESERLER\u0130\r\n\u015eiir\r\nG\u00fclistan\u0131n G\u00fclleri-2006 \r\nAlizeler-2007\r\nA\u015fk\u0131n Co\u011frafyas\u0131-2008\r\nMeb\u015fure-2009 \r\nA\u015fko\u011frafya-2010\r\nA\u015fkistan-2015              \r\nA\u015fka Yolculuk-2018\r\n\u015eiir \u015eiir T\u00fcrkiye-I-2021\r\n\u015eiir \u015eiir T\u00fcrkiye-II-2022\r\nNeva-2026\r\nHik\u00e2ye\r\nG\u00fcne\u015fi Tut Ka\u00e7mas\u0131n-2011 \r\nA\u015fk\u0131n Kalbi-2015\r\nMor Da\u011flar\u0131n Balas\u0131-2025\r\nDeneme\r\nAlgoritmik Aforizmalar-2016\r\nRoman\r\nPiri Reis-2022\r\n"},{"term_id":99,"user_id":1,"is_guest":0,"slug":"simurgedebiyat-com","display_name":"Edit\u00f6r","avatar_url":{"url":"https:\/\/simurgedebiyat.com\/wp-content\/uploads\/2025\/03\/er.jpeg","url2x":"https:\/\/simurgedebiyat.com\/wp-content\/uploads\/2025\/03\/er.jpeg"},"first_name":"","last_name":"","user_url":"https:\/\/simurgedebiyat.com\/wordpress","job_title":"","description":""}],"_links":{"self":[{"href":"https:\/\/simurgedebiyat.com\/index.php\/wp-json\/wp\/v2\/posts\/4090","targetHints":{"allow":["GET"]}}],"collection":[{"href":"https:\/\/simurgedebiyat.com\/index.php\/wp-json\/wp\/v2\/posts"}],"about":[{"href":"https:\/\/simurgedebiyat.com\/index.php\/wp-json\/wp\/v2\/types\/post"}],"author":[{"embeddable":true,"href":"https:\/\/simurgedebiyat.com\/index.php\/wp-json\/wp\/v2\/users\/3"}],"replies":[{"embeddable":true,"href":"https:\/\/simurgedebiyat.com\/index.php\/wp-json\/wp\/v2\/comments?post=4090"}],"version-history":[{"count":1,"href":"https:\/\/simurgedebiyat.com\/index.php\/wp-json\/wp\/v2\/posts\/4090\/revisions"}],"predecessor-version":[{"id":4092,"href":"https:\/\/simurgedebiyat.com\/index.php\/wp-json\/wp\/v2\/posts\/4090\/revisions\/4092"}],"wp:featuredmedia":[{"embeddable":true,"href":"https:\/\/simurgedebiyat.com\/index.php\/wp-json\/wp\/v2\/media\/4091"}],"wp:attachment":[{"href":"https:\/\/simurgedebiyat.com\/index.php\/wp-json\/wp\/v2\/media?parent=4090"}],"wp:term":[{"taxonomy":"category","embeddable":true,"href":"https:\/\/simurgedebiyat.com\/index.php\/wp-json\/wp\/v2\/categories?post=4090"},{"taxonomy":"post_tag","embeddable":true,"href":"https:\/\/simurgedebiyat.com\/index.php\/wp-json\/wp\/v2\/tags?post=4090"},{"taxonomy":"author","embeddable":true,"href":"https:\/\/simurgedebiyat.com\/index.php\/wp-json\/wp\/v2\/ppma_author?post=4090"}],"curies":[{"name":"wp","href":"https:\/\/api.w.org\/{rel}","templated":true}]}}