{"id":3110,"date":"2025-12-15T14:12:18","date_gmt":"2025-12-15T11:12:18","guid":{"rendered":"https:\/\/simurgedebiyat.com\/?p=3110"},"modified":"2025-12-15T14:12:18","modified_gmt":"2025-12-15T11:12:18","slug":"hazin-bir-ayriliktan-yeniden-dogusa-donusen-bir-dergi-dogan-kardes","status":"publish","type":"post","link":"https:\/\/simurgedebiyat.com\/index.php\/2025\/12\/15\/hazin-bir-ayriliktan-yeniden-dogusa-donusen-bir-dergi-dogan-kardes\/","title":{"rendered":"Hazin Bir Ayr\u0131l\u0131ktan Yeniden Do\u011fu\u015fa D\u00f6n\u00fc\u015fen Bir Dergi:  DO\u011eAN KARDE\u015e"},"content":{"rendered":"<p>\u00c7ocuklu\u011fum e\u011fitimci olan ebeveynimin tayini dolay\u0131s\u0131yla Anadolu\u2019nun \u00fccra bir k\u00f6y\u00fcnde ge\u00e7ti. K\u0131\u015flar\u0131 normal okul rutini g\u00fcn\u00fc doldururdu. \u00c7oluk \u00e7ocuk c\u00fcmb\u00fcr cemaat o kalabal\u0131kta yaln\u0131zl\u0131k \u00e7ekmezdim. Ama yazlar\u0131 babam\u0131n okul m\u00fcd\u00fcr\u00fc olmas\u0131 sebebiyle izin al\u0131p bir yere ya da memlekete gidemedi\u011fimiz i\u00e7in o kocaaa okulda okulun bah\u00e7esinde biz \u00fc\u00e7 karde\u015f tabiri caizse karga kovalard\u0131k. Lojman\u0131n kocaman g\u00fczel bir bah\u00e7esi ve sayamad\u0131\u011f\u0131m \u00e7e\u015fitlilikte meyve a\u011fa\u00e7lar\u0131 vard\u0131. K\u00e2h a\u011fa\u00e7lar\u0131n tepesinde meyve yiyerek, k\u00e2h alt\u0131na serdi\u011fim kilim \u00fczerine babam\u0131n ald\u0131\u011f\u0131 tatil kitaplar\u0131, \u00e7ocuk dergileri,&nbsp; \u00e7e\u015fitli \u00e7ocuk hik\u00e2ye ve romanlar\u0131n\u0131 okuyarak ge\u00e7irirdik o koca yazlar\u0131. Kitaplarla olan dostlu\u011fum daha o ya\u015fta o su gibi \u00f6mr\u00fcm\u00fcn ilk \u00e7a\u011flar\u0131nda uzak \u00fclkelere seyahat gibi ba\u015flam\u0131\u015ft\u0131. Babam kitap konusunda bize \u00e7ok c\u00f6mert davranm\u0131\u015ft\u0131r. Kendisi de okumay\u0131 sever. Kitap bizim evin s\u00fcs\u00fc,&nbsp; en nadide par\u00e7as\u0131d\u0131r. Kitap almak dedin mi akan sular durur. Okuma saati \u00e7ok ciddi bir i\u015ftir bizde. Okumaya ba\u015flay\u0131nca solu\u011fu bile sesli alamazd\u0131n. Demem o ki o kadar yani&#8230;! Neyse! Babam\u0131n g\u00f6rev yapt\u0131\u011f\u0131 yer il\u00e7eye onbe\u015f yirmi dakika mesafede k\u0131rsalda bir yerdi. K\u00f6y\u00fcn \u00e7ocuklar\u0131 okul zaman\u0131 bile i\u015f g\u00fcc\u00fc say\u0131l\u0131r, anne babalar\u0131 taraf\u0131ndan evde, bah\u00e7ede, tarlada ne kadar yapabilecekleri i\u015f varsa verilirdi. O sebeple yaz\u0131n oynayacak arkada\u015f bulamazd\u0131k. Di\u011fer \u00f6\u011fretmen \u00e7ocuklar\u0131, memleketlerine gider, sonbahara do\u011fru heybelerinde bir s\u00fcr\u00fc an\u0131, dede nineleri ile ge\u00e7irdikleri zamanlar\u0131n tortusunda kalan ya\u015fanm\u0131\u015fl\u0131klar\u0131 anlat\u0131rlard\u0131. Babam m\u00fcd\u00fcr oldu\u011fu i\u00e7in bizim o kadar uzun boylu uzak kald\u0131\u011f\u0131m\u0131z\u0131 hat\u0131rlam\u0131yorum.&nbsp; Bu sebeple o zamanlarda oldu\u011fu gibi \u00f6mr\u00fcm\u00fcn sonraki y\u0131llar\u0131nda da kitaplar en kadim sohbet arkada\u015flar\u0131m oldu. Babam \u015fehre her gidi\u015finde hi\u00e7 eli bo\u015f gelmezdi. Bize o zaman\u0131n \u00e7e\u015fitlili\u011fi oran\u0131nda oyuncaklar\u0131n yan\u0131s\u0131ra \u00e7e\u015fit \u00e7e\u015fit kitaplar dergiler al\u0131rd\u0131. \u015eimdi anl\u0131yorum ki \u00e7antadan \u00e7\u0131kan reng\u00e2renk kitaplar ve bana yeni d\u00fcnyalar sunan kapaklar\u0131 ile ilk kar\u015f\u0131la\u015fmam, ilk tan\u0131\u015f\u0131kl\u0131k ve sonras\u0131nda sanki yeni bir arkada\u015fla ilk sohbeti etmenin heves ve heyecan\u0131yla ge\u00e7irdi\u011fim saatler benim seslendirmen olarak \u00e7al\u0131\u015fmama zemin haz\u0131rlayan y\u0131llar olmu\u015f.&nbsp; Hat\u0131r\u0131mda kalan o kitaplardan baz\u0131lar\u0131;<\/p>\n<h3><a href=\"https:\/\/www.dr.com.tr\/yazar\/edmondo-de-amicis\/s=213590\">Edmondo De Amicis<\/a>\u2019ten&nbsp; <a href=\"https:\/\/www.dr.com.tr\/kitap\/cocuk-kalbi\/cocuk-ve-genclik\/okul-cagi-6-10-yas\/cocuk-klasik\/urunno=0000000387983\">\u00c7ocuk Kalbi<\/a>, <a href=\"https:\/\/www.dr.com.tr\/yazar\/antoine-de-saint-exupery\/s=260285\">Antoine de Saint-Exupery<\/a>\u2019den<\/h3>\n<h3><a href=\"https:\/\/www.dr.com.tr\/kitap\/kucuk-prens\/cocuk-ve-genclik\/okul-cagi-6-10-yas\/cocuk-klasik\/urunno=0000000628979\">K\u00fc\u00e7\u00fck Prens<\/a>, &nbsp;<a href=\"https:\/\/www.dr.com.tr\/yazar\/jules-verne\/s=171902\">Jules Verne<\/a>\u2019in&nbsp; <a href=\"https:\/\/www.dr.com.tr\/kitap\/seksen-gunde-dunya-turu\/cocuk-ve-genclik\/okul-cagi-6-10-yas\/cocuk-klasik\/urunno=0001698608001\">Seksen G\u00fcnde D\u00fcnya Turu<\/a>, <a href=\"https:\/\/www.dr.com.tr\/kitap\/iki-yil-okul-tatili\/cocuk-ve-genclik\/okul-cagi-6-10-yas\/cocuk-klasik\/urunno=0001709015001\">\u0130ki Y\u0131l Okul Tatili<\/a>&nbsp;, D\u00fcnya&#8217;n\u0131n Merkezine Yolculuk ve <a href=\"https:\/\/www.dr.com.tr\/kitap\/denizler-altinda-yirmi-bin-fersah-kisaltilmis-metin\/cocuk-ve-genclik\/okul-cagi-6-10-yas\/cocuk-klasik\/urunno=0001717362001\">Denizler Alt\u0131nda Yirmi Bin Fersah<\/a>, <a href=\"https:\/\/www.dr.com.tr\/yazar\/jonathan-swift\/s=173347\">Jonathan Swift<\/a>\u2019in&nbsp; <a href=\"https:\/\/www.dr.com.tr\/kitap\/gulliverin-gezileri\/cocuk-ve-genclik\/okul-cagi-6-10-yas\/cocuk-klasik\/urunno=0001709011001\">Gulliver&#8217;in Gezileri<\/a>, <a href=\"https:\/\/www.dr.com.tr\/kitap\/omer-seyfettinden-secme-hikayeler-clz\/cocuk-ve-genclik\/okul-cagi-6-10-yas\/cocuk-klasik\/urunno=0001698609001\">\u00d6mer Seyfettin&#8217;den Se\u00e7me Hikayeler<\/a>, <a href=\"https:\/\/www.dr.com.tr\/yazar\/lewis-carroll\/s=259859\">Lewis Carroll<\/a>\u2019dan &nbsp;<a href=\"https:\/\/www.dr.com.tr\/kitap\/alice-harikalar-diyarinda\/cocuk-ve-genclik\/okul-cagi-6-10-yas\/cocuk-klasik\/urunno=0001698606001\">Alice Harikalar Diyar\u0131nda<\/a>, <a href=\"https:\/\/www.dr.com.tr\/yazar\/daniel-defoe\/s=211199\">Daniel Defoe<\/a>\u2019dan&nbsp; <a href=\"https:\/\/www.dr.com.tr\/kitap\/robinson-crusoe\/cocuk-ve-genclik\/okul-cagi-6-10-yas\/cocuk-klasik\/urunno=0001699806001\">Robinson Crusoe<\/a>, <a href=\"https:\/\/www.dr.com.tr\/yazar\/ferenc-molnar\/s=216329\">Ferenc Molnar<\/a>\u2019dan Pal Soka\u011f\u0131 \u00c7ocuklar\u0131,&nbsp; <a href=\"https:\/\/www.dr.com.tr\/yazar\/carlo-collodi\/s=214577\">Carlo Collodi<\/a>\u2019den Pinokyo, <a href=\"https:\/\/www.dr.com.tr\/yazar\/jack-london\/s=173342\">Jack London<\/a>\u2019dan Beyaz Di\u015f, <a href=\"https:\/\/www.dr.com.tr\/yazar\/charles-dickens\/s=259251\">Charles Dickens<\/a>\u2019tan Oliver Twist, B\u00fcy\u00fck Umutlar, <a href=\"https:\/\/www.dr.com.tr\/kitap\/binbir-gece-masallari\/cocuk-ve-genclik\/okul-cagi-6-10-yas\/cocuk-klasik\/urunno=0001709014001\">Binbir Gece Masallar\u0131<\/a>&nbsp;vb.. vb.. vb..akl\u0131ma ilk etapta gelenler bunlar..Ve \u00e7ocukluk yazlar\u0131m boyunca daha niceleri.<\/h3>\n<h3><strong>Bir de o vakitlerde \u015eeker Bank gibi bankalar\u0131n \u00e7ocuklar i\u00e7in \u00e7\u0131kard\u0131\u011f\u0131 dergiler vard\u0131. Babam bunlar\u0131n yan\u0131nda Do\u011fan Karde\u015f dergisini de getirirdi. Babamlar\u0131n evde arka balkon; \u00e7ocukluk an\u0131lar\u0131m\u0131zla dolu, oyuncaklar, k\u0131yafetler, e\u015fyalar, kitaplarla bezeli bir ge\u00e7mi\u015f zaman yolculu\u011fudur. Her gidi\u015fimizde o zaman koridoruna girer bir ge\u00e7mi\u015fe gider geliriz. Elime ge\u00e7en ve kapa\u011f\u0131 fazlas\u0131yla a\u015f\u0131nm\u0131\u015f bir Do\u011fan Karde\u015f dergisi b\u00fct\u00fcn bunlar\u0131 d\u00fc\u015f\u00fcnd\u00fcrd\u00fc bana. Sadece fasik\u00fcl fasik\u00fcl tan\u0131d\u0131\u011f\u0131m dergiyi tarih\u00e7e a\u00e7\u0131s\u0131ndan inceledi\u011fimde ise bamba\u015fka bir hik\u00e2ye \u00e7\u0131kt\u0131 kar\u015f\u0131ma. Dergi,&nbsp;<a href=\"https:\/\/tr.wikipedia.org\/wiki\/Yap%C4%B1_Kredi_Bankas%C4%B1\">Yap\u0131 Kredi Bankas\u0131&#8217;n\u0131n<\/a>&nbsp;kurucusu&nbsp;<a href=\"https:\/\/tr.wikipedia.org\/wiki\/Kaz%C4%B1m_Ta%C5%9Fkent\">Kaz\u0131m Ta\u015fkent<\/a>\u2019in o\u011flu Do\u011fan&#8217;\u0131n ad\u0131na \u00e7\u0131kar\u0131lm\u0131\u015f. Ama dergiye ismini veren hep \u00e7ocuk kalacak olan Do\u011fan\u2019\u0131n ac\u0131 bir hik\u00e2yesi var. O vakitler bilmedi\u011fim bu hikayeyi okuyunca \u00e7ok \u00fcz\u00fcld\u00fcm do\u011frusu. Bankan\u0131n kurucusu Kaz\u0131m Ta\u015fkent o\u011flu Do\u011fan\u2019\u0131 &nbsp;<a href=\"https:\/\/tr.wikipedia.org\/wiki\/%C4%B0svi%C3%A7re\">\u0130svi\u00e7re<\/a>&#8216;nin&nbsp;<a href=\"https:\/\/tr.wikipedia.org\/w\/index.php?title=Flims&amp;action=edit&amp;redlink=1\">Flims<\/a>&nbsp;kasabas\u0131ndaki bir yat\u0131l\u0131 okulda okumaya g\u00f6nderir. El kadar \u00e7ocuk yat\u0131l\u0131 okulun zorluklar\u0131 bir yana anne baba ilgisi, baba oca\u011f\u0131 ve vatan \u00f6zlemi \u00e7ekmektedir muhtemelen.&nbsp; Talihsizlik odur ki 10 Nisan 1939 tarihinde&nbsp;<a href=\"https:\/\/tr.wikipedia.org\/wiki\/Alpler\">Alpler<\/a>\u2019de meydana gelen bir&nbsp;<a href=\"https:\/\/tr.wikipedia.org\/wiki\/Heyelan\">heyelan<\/a>&nbsp;sonucunda on ya\u015f\u0131nda hayata g\u00f6zlerini&nbsp; yumar.Bu \u00f6l\u00fcm \u00e7ok ac\u0131 dolu \u00f6zlem dolu bir \u00f6l\u00fcmd\u00fcr. Ve Kaz\u0131m Ta\u015fkent, ona olan \u00f6zlemini yans\u0131tmak, onun an\u0131s\u0131n\u0131 ya\u015fatmak i\u00e7in bir \u00e7ocuk dergisi \u00e7\u0131karmay\u0131 d\u00fc\u015f\u00fcn\u00fcr. Yap\u0131 ve Kredi Bankas\u0131\u2019n\u0131n deste\u011fi ile \u00e7\u0131kar\u0131lan dergi, bankan\u0131n eyl\u00fcl 1944&#8217;te faaliyete ge\u00e7mesinden yedi ay sonra, yine o d\u00f6nemdeki bankan\u0131n k\u00fclt\u00fcr ve sanat m\u00fc\u015faviri&nbsp;<a href=\"https:\/\/tr.wikipedia.org\/wiki\/Vedat_Nedim_T%C3%B6r\">Vedat Nedim T\u00f6r<\/a>&#8216;\u00fcn idaresinde ayl\u0131k bir dergi olarak yay\u0131nlanmaya ba\u015flar. \u0130lk say\u0131s\u0131 Do\u011fan\u2019\u0131n \u00f6l\u00fcm y\u0131ld\u00f6n\u00fcm\u00fc olan Nisan 1945&#8217;te \u00e7\u0131kart\u0131l\u0131r. Derginin ilk say\u0131s\u0131nda itibaren &#8220;Do\u011fan Karde\u015f&#8221;, okurlara ger\u00e7ek bir ki\u015filik olarak yans\u0131t\u0131lma prensibi ile \u00e7al\u0131\u015f\u0131r. Derginin isminin neden Do\u011fan Karde\u015f oldu\u011fu konusu ise &nbsp;bu hazin ayr\u0131l\u0131\u011f\u0131n\u0131n an\u0131s\u0131na on y\u0131l sonra Vedat Nedim T\u00f6r imzal\u0131 bir yaz\u0131da anlat\u0131l\u0131r.<\/strong><\/h3>\n<p>Biraz daha ara\u015ft\u0131rd\u0131\u011f\u0131mda \u015fu tarihi bilgilere ula\u015ft\u0131m. Do\u011fan Karde\u015f, 1945-1965 aras\u0131nda, k\u0131sa bir d\u00f6nem hari\u00e7, Vedat Nedim T\u00f6r y\u00f6netiminde yirmi sayfal\u0131k bir&nbsp;dergi&nbsp;olarak \u00e7\u0131kar\u0131lm\u0131\u015f. 2 Ekim 1947 itibar\u0131yla per\u015fembe g\u00fcnleri \u00e7\u0131kan haftal\u0131k bir dergiye d\u00f6n\u00fc\u015fm\u00fc\u015f. 1960&#8217;ta boyutlar\u0131 da biraz de\u011fi\u015ftirilerek otuz iki sayfal\u0131k bir&nbsp;dergi&nbsp;olarak \u00e7\u0131karmaya devam etmi\u015f. Aral\u0131k 1965&#8217;i g\u00f6sterince tarihler format de\u011fi\u015ftirece\u011fini, &nbsp;yenilenece\u011fini duyurarak okurlar\u0131ndan bir s\u00fcre izin istemi\u015f. Aradan ge\u00e7en dokuz ay sonunda 31 Ekim 1966 tarihinde Ay\u015fe Ta\u015fkent y\u00f6netiminde yeniden \u00e7\u0131kar\u0131lmaya ba\u015flam\u0131\u015f ve 1978 y\u0131l\u0131na kadar yay\u0131n\u0131 kesintisiz devam etmi\u015f. Dergi o s\u00fcre\u00e7te ara\u015ft\u0131rmalar\u0131mda bulamad\u0131\u011f\u0131m sebepler y\u00fcz\u00fcnden kesintisiz bir ara verir. Ne zaman tekrar \u00e7\u0131kar\u0131laca\u011f\u0131 bilinmeyen bir tarihe ertelenir belki.&nbsp; Tam on y\u0131l sonra yani tam benim ilkokul \u00e7a\u011flar\u0131mda \u00e7ocuklu\u011fumun en g\u00fczel zamanlar\u0131na tekab\u00fcl eden bir tarihte 1988&#8217;de yeniden ayl\u0131k olarak bas\u0131lmaya ba\u015flar. Benim elimdeki n\u00fcshalar seksenlerin sonu doksanlar\u0131n ba\u015f\u0131na aittir. Yay\u0131n hayat\u0131n\u0131 s\u00fcrd\u00fcr\u00fcrken altm\u0131\u015f \u00fc\u00e7 say\u0131dan sonra 1993 y\u0131l\u0131nda sonlan\u0131r.&nbsp; O vakitler derginin yay\u0131n y\u00f6netmeni, gazeteci Turhan Ilgaz imi\u015f. Ilgaz, bir d\u00f6nem Cumhuriyet gazetesinin yaz\u0131 i\u015fleri m\u00fcd\u00fcr\u00fc olarak g\u00f6rev yapm\u0131\u015f, &#8220;gazetecilik&#8221; k\u00f6kenli bir isim. Ayr\u0131ca Frans\u0131zcadan yapt\u0131\u011f\u0131 yetkin \u00e7evirileriyle de tan\u0131nmaktad\u0131r. Derginin yay\u0131n koordinat\u00f6rl\u00fc\u011f\u00fc g\u00f6revini, T\u00fcrkiye&#8217;nin ilk zek\u00e2 oyunlar\u0131 \u00fcreticilerinden biri olan Ergun Telci \u00fcstlenmi\u015f. \u015eair ve yazar Enis Batur ise, o d\u00f6nemde Yap\u0131 Kredi Yay\u0131nlar\u0131 \u00e7al\u0131\u015fan\u0131 olarak Do\u011fan Karde\u015f&#8217;e destek veriyormu\u015f. Nevzat Bas\u0131m o d\u00f6nem derginin yaz\u0131 i\u015fleri m\u00fcd\u00fcr\u00fcd\u00fcr. \u00c7\u0131kt\u0131\u011f\u0131 bu d\u00f6nemde, &#8220;\u00e7ocuk meclisi&#8221; adl\u0131 bir olu\u015fuma \u00f6nc\u00fcl\u00fck etmi\u015f. 1993 sonras\u0131nda epey uzun bir araya daha girer. Taki 2008 y\u0131l\u0131na kadar.<\/p>\n<p>2008-2011 y\u0131llar\u0131 aras\u0131nda format de\u011fi\u015ftirerek \u00e7izgi roman dergisi olarak \u00e7\u0131kar\u0131l\u0131r.&nbsp; <a href=\"https:\/\/tr.wikipedia.org\/wiki\/Yap%C4%B1_Kredi_Yay%C4%B1nlar%C4%B1\">Yap\u0131 Kredi Yay\u0131nlar\u0131<\/a>&nbsp;dergiyi ayn\u0131 kapak logosunu kullanarak ayl\u0131k olarak \u00e7\u0131karmaya ba\u015flar. \u0130lk say\u0131s\u0131 1 \u015eubat 2008&#8217;de \u00e7\u0131kan dergi; Mart 2011&#8217;de yay\u0131nlanan otuz sekizinci say\u0131da sona erer. Bu d\u00f6nemde i\u00e7erikler itibar\u0131 ile bir \u00e7ocuk dergisiyle gen\u00e7lik dergisi aras\u0131nda olan Do\u011fan Karde\u015f&#8217;te d\u00f6nemde pop\u00fcler olmu\u015f \u00e7ok dinlenen kasetlerin tan\u0131t\u0131m\u0131, yabanc\u0131 rock \u015fark\u0131c\u0131lar\u0131yla ilgili yaz\u0131lar, T\u00fcrk popunun starlar\u0131yla r\u00f6portajlar da yay\u0131mlan\u0131r.<\/p>\n<h2>Derginin zengin bir kadrosu vard\u0131r. \u00c7ocukken dikkat etmedi\u011fim i\u00e7 kapakta bak\u0131n kimler var kimler?&nbsp; \u0130lk olarak o \u00e7ekirdek kadroda derginin bas\u0131m ve yay\u0131m\u0131nda \u00f6nemli sorumluluklar \u00fcstlenen isimler aras\u0131nda&nbsp;<a href=\"https:\/\/tr.wikipedia.org\/wiki\/Onat_Kutlar\"><strong>Onat Kutlar<\/strong><\/a>,&nbsp;Ay\u015fe Abla nam\u0131yla tan\u0131nan <a href=\"https:\/\/tr.wikipedia.org\/wiki\/Neriman_H%C4%B1z%C4%B1r\"><strong>Neriman H\u0131z\u0131r<\/strong><\/a>&nbsp;, M\u00fcnevver Alper,&nbsp;<a href=\"https:\/\/tr.wikipedia.org\/wiki\/Cemal_Nadir_G%C3%BCler\"><strong>Cemal Nadir<\/strong><\/a>, Nebahat Karaorman, Fahr\u00fcnnisa Seden,&nbsp;<a href=\"https:\/\/tr.wikipedia.org\/wiki\/Selma_Emiro%C4%9Flu\"><strong>Selma Emiro\u011flu<\/strong><\/a>, \u015eevki Ak\u00f6ren yer al\u0131r.&nbsp; Ayr\u0131ca yaz\u0131 ve \u00f6yk\u00fcleriyle Semra \u00d6zin,&nbsp;<a href=\"https:\/\/tr.wikipedia.org\/wiki\/Nezihe_Araz\"><strong>Nezihe Araz<\/strong><\/a>,&nbsp;<a href=\"https:\/\/tr.wikipedia.org\/wiki\/G%C3%BClten_Day%C4%B1o%C4%9Flu\"><strong>G\u00fclten Day\u0131o\u011flu<\/strong><\/a>,&nbsp;<a href=\"https:\/\/tr.wikipedia.org\/wiki\/Aziz_Nesin\"><strong>Aziz Nesin<\/strong><\/a>,&nbsp;<a href=\"https:\/\/tr.wikipedia.org\/wiki\/Erhan_Bener\"><strong>Erhan Bener<\/strong><\/a>,&nbsp;<a href=\"https:\/\/tr.wikipedia.org\/wiki\/Nezihe_Meri%C3%A7\"><strong>Nezihe Meri\u00e7<\/strong><\/a>,&nbsp;<a href=\"https:\/\/tr.wikipedia.org\/wiki\/Muzaffer_%C4%B0zg%C3%BC\"><strong>Muzaffer \u0130zg\u00fc<\/strong><\/a>, Nuriye Ege, Abbas C\u0131lga, Nihal Yalaza Taluy; Yabanc\u0131 dilden \u00e7evirileriyle&nbsp;<a href=\"https:\/\/tr.wikipedia.org\/wiki\/%C4%B0pek_Erdem\"><strong>\u0130pek Erdem<\/strong><\/a>,&nbsp;<a href=\"https:\/\/tr.wikipedia.org\/wiki\/Ak%C5%9Fit_G%C3%B6kt%C3%BCrk\"><strong>Ak\u015fit G\u00f6kt\u00fcrk<\/strong><\/a>,&nbsp;<a href=\"https:\/\/tr.wikipedia.org\/w\/index.php?title=Azize_Bergin&amp;action=edit&amp;redlink=1\"><strong>Azize Bergin<\/strong><\/a>&nbsp;ve&nbsp;<a href=\"https:\/\/tr.wikipedia.org\/wiki\/Tomris_Uyar\"><strong>Tomris Uyar<\/strong><\/a>; \u015fiirleriyle&nbsp;<a href=\"https:\/\/tr.wikipedia.org\/wiki\/%C3%9Cmit_Ya%C5%9Far_O%C4%9Fuzcan\"><strong>\u00dcmit Ya\u015far<\/strong><\/a>,&nbsp;<a href=\"https:\/\/tr.wikipedia.org\/wiki\/%C4%B0lhan_Ge%C3%A7er\"><strong>\u0130lhan Ge\u00e7er<\/strong><\/a>,&nbsp;<a href=\"https:\/\/tr.wikipedia.org\/w\/index.php?title=Mualla_Uzmay&amp;action=edit&amp;redlink=1\"><strong>Mualla Uzmay<\/strong><\/a>,&nbsp;<a href=\"https:\/\/tr.wikipedia.org\/w\/index.php?title=Hasan_Latif_Sar%C4%B1y%C3%BCce&amp;action=edit&amp;redlink=1\"><strong>Hasan Latif Sar\u0131y\u00fcce<\/strong><\/a>,&nbsp;<a href=\"https:\/\/tr.wikipedia.org\/wiki\/Sabih_%C5%9Eendil\"><strong>Sabih \u015eendil<\/strong><\/a>,&nbsp;<a href=\"https:\/\/tr.wikipedia.org\/w\/index.php?title=Tar%C4%B1k_Orhan&amp;action=edit&amp;redlink=1\"><strong>Tar\u0131k Orhan<\/strong><\/a>,&nbsp;<a href=\"https:\/\/tr.wikipedia.org\/w\/index.php?title=Nermin_%C3%9Cnsel&amp;action=edit&amp;redlink=1\"><strong>Nermin \u00dcnsel<\/strong><\/a>,&nbsp;<a href=\"https:\/\/tr.wikipedia.org\/wiki\/Ahmet_Kutsi_Tecer\"><strong>A. Kutsi Tecer<\/strong><\/a>, Serpil Kenber Ba\u015fak, \u0130dil \u00d6zerdem; karikat\u00fcrleri, desen ve \u00e7izgi roman \u00e7al\u0131\u015fmalar\u0131yla Cemal Nadir, Din\u00e7er Erimer, M\u0131st\u0131k,&nbsp;<a href=\"https:\/\/tr.wikipedia.org\/wiki\/Feridun_Oral\"><strong>Feridun Oral<\/strong><\/a>, \u0130smail G\u00fcle\u00e7, Kemal Aydabol, Ahmet G\u00fcven, Enis Temizel, Ate\u015f Sunay, Ertan Din\u00e7er, Tuncay Bat\u0131beki, Nazan Erkmen, Behice Balta, \u015eakir G\u00f6k\u00e7eba\u011f, Kemal G\u00f6khan, Emine Bora, \u015eahin Erko\u00e7ak dergide yer alm\u0131\u015ft\u0131r.<\/h2>\n<p>\u00c7ocuklara \u00e7ok \u00f6zel bir imk\u00e2n sunulup derginin bir sayfas\u0131 bizlerin \u00fcr\u00fcn\u00fc olan resim ve yaz\u0131lara ayr\u0131l\u0131rd\u0131. Orada bir \u00fcr\u00fcn\u00fcn yay\u0131nlanmas\u0131 o y\u0131llar i\u00e7in \u00e7ocuk d\u00fcnyam\u0131zda b\u00fcy\u00fck bir olayd\u0131. Do\u011fan Karde\u015f, \u00e7ocuk okuyucular\u0131n eserlerine de yer vererek ula\u015ft\u0131\u011f\u0131 kitlenin, \u00e7ocuklar\u0131n hayal d\u00fcnyas\u0131na katk\u0131lar sunmu\u015f gelece\u011fini de \u015fekillendirmi\u015ftir. Hatta \u00e7ocukken Do\u011fan Karde\u015f&#8217;e yazd\u0131klar\u0131 mektuplar\u0131 yay\u0131mlanan isimlerin yeti\u015fkinliklerinde \u00fcnl\u00fc oldu\u011funa tan\u0131kl\u0131k ediyoruz \u015fimdi durdu\u011fumzu yerden Kimler var bu \u00fcnl\u00fcler aras\u0131nda derseniz ; &nbsp;<a href=\"https:\/\/tr.wikipedia.org\/wiki\/Altan_Erbulak\"><strong>Altan Erbulak<\/strong><\/a>,&nbsp;<a href=\"https:\/\/tr.wikipedia.org\/wiki\/M%C3%BCjdat_Gezen\"><strong>M\u00fcjdat Gezen<\/strong><\/a><strong>,<\/strong>&nbsp;<a href=\"https:\/\/tr.wikipedia.org\/wiki\/%C4%B0dil_Biret\"><strong>\u0130dil Biret<\/strong><\/a>,&nbsp;<a href=\"https:\/\/tr.wikipedia.org\/wiki\/Suna_Kan\"><strong>Suna Kan<\/strong><\/a>,&nbsp;<a href=\"https:\/\/tr.wikipedia.org\/wiki\/Sevin_Okyay\"><strong>Sevin Okyay<\/strong><\/a>,&nbsp;<a href=\"https:\/\/tr.wikipedia.org\/wiki\/Oya_Baydar\"><strong>Oya Baydar<\/strong><\/a>,&nbsp;<a href=\"https:\/\/tr.wikipedia.org\/wiki\/P%C4%B1nar_K%C3%BCr\"><strong>P\u0131nar K\u00fcr<\/strong><\/a>,&nbsp;<a href=\"https:\/\/tr.wikipedia.org\/wiki\/Halit_Refi%C4%9F\"><strong>Halit Refi\u011f<\/strong><\/a>&nbsp;benim tespit edebildiklerim. Gelece\u011fin \u00fcnl\u00fc m\u00fczisyenleri olacak olan ve yurt d\u0131\u015f\u0131nda e\u011fitim g\u00f6ren harika \u00e7ocuklar <a href=\"https:\/\/tr.wikipedia.org\/wiki\/Suna_Kan\"><strong>Suna Kan<\/strong><\/a>&nbsp;ve&nbsp;<a href=\"https:\/\/tr.wikipedia.org\/wiki\/%C4%B0dil_Biret\"><strong>\u0130dil Biret<\/strong><\/a>&nbsp;&#8216;in de g\u00f6nderdikleri mektuplar yay\u0131nlanm\u0131\u015ft\u0131r. Hatta \u0130dil Biret, 1948 y\u0131l\u0131nda dergi i\u00e7in bir mar\u015f besteler. Ama \u00f6ncesinde Do\u011fan Karde\u015f dergisi okurlar\u0131 aras\u0131nda bir yar\u0131\u015fma d\u00fczenler mar\u015f\u0131n s\u00f6zlerinin yaz\u0131lmas\u0131 i\u00e7in. Yar\u0131\u015fmada on ya\u015f\u0131ndaki Tomris Sunter&#8217;in \u015fiiri birinci olur. Do\u011fan Karde\u015f Mar\u015f\u0131 olarak lanse edilen \u015fiir a\u015fa\u011f\u0131daki gibidir.<\/p>\n<p>Bilgi doludur i\u00e7i<\/p>\n<p>Yaz\u0131lar\u0131 hep cici<\/p>\n<p>Dergilerin i\u00e7inde<\/p>\n<p>Do\u011fan Karde\u015f birinci<\/p>\n<p>Do\u011fan Karde\u015f Mar\u015f\u0131, Tomris Sunter<\/p>\n<p>Bu mar\u015f bestelendikten sonra dergide mar\u015f\u0131n notalar\u0131 da yay\u0131mlanm\u0131\u015f. Edindi\u011fim bir bilgiye g\u00f6re de Ay\u015fe Abla olarak bilinen Neriman H\u0131z\u0131r,&nbsp;<a href=\"https:\/\/tr.wikipedia.org\/wiki\/Ankara_Radyosu\"><strong>Ankara Radyosu<\/strong><\/a>&#8216;nda Radyo \u00c7ocuk Kul\u00fcb\u00fc&#8217;n\u00fcn korosunun bu mar\u015f\u0131 s\u00f6ylemesini sa\u011flam\u0131\u015f.<\/p>\n<p>Kayda d\u00fc\u015fen tarihi s\u00fcrecinde yay\u0131n hayat\u0131 boyunca Do\u011fan Karde\u015f dergisinde \u015fiir, karikat\u00fcr, resim, &#8220;g\u00fclery\u00fczl\u00fc foto\u011fraf&#8221;,rozet tasar\u0131m gibi \u00e7ok \u00e7e\u015fitli ba\u015fl\u0131klarda yar\u0131\u015fmalar a\u00e7\u0131lm\u0131\u015f. &nbsp;Bu gibi yar\u0131\u015fmalar b\u00fcy\u00fck ilgi g\u00f6rm\u00fc\u015f. \u0130lkokullar aras\u0131 ilk kompozisyon yar\u0131\u015fmas\u0131 1957 y\u0131l\u0131nda Milli E\u011fitim Bakanl\u0131\u011f\u0131 ile i\u015fbirli\u011fi yap\u0131larak ger\u00e7ekle\u015ftirilmi\u015f. \u0130lk \u00e7ocuk roman\u0131 yar\u0131\u015fmas\u0131 ise 1964 y\u0131l\u0131nda Yap\u0131 Kredi&#8217;nin 20. kurulu\u015f y\u0131ld\u00f6n\u00fcm\u00fc nedeniyle \u201cDo\u011fan Karde\u015f \u00c7ocuk Roman\u0131 Arma\u011fan\u0131\u201d ad\u0131 ile yap\u0131lm\u0131\u015f.&nbsp;<a href=\"https:\/\/tr.wikipedia.org\/wiki\/Mehmet_Seyda\"><strong>Mehmet Seyda<\/strong><\/a>\u2019n\u0131n \u201cBir G\u00fcn B\u00fcy\u00fcyeceksin\u201d adl\u0131 roman\u0131 birinci olmu\u015f.&nbsp; D\u00f6nemin \u00e7ocuk edebiyat\u0131 alan\u0131na ve k\u00fclt\u00fcr hayat\u0131na canl\u0131l\u0131k kat\u0131p, \u0131\u015f\u0131k tutmu\u015f.<\/p>\n<p>Do\u011fan Karde\u015f bir \u00e7ocuk dergisi olarak do\u011fmu\u015f olmas\u0131na ra\u011fmen d\u00f6neminde ona g\u00f6sterilen yo\u011fun ilgi dolay\u0131s\u0131yla Vedat Nedim T\u00f6r ayn\u0131 ad alt\u0131nda yani Do\u011fan Karde\u015f Kitaplar\u0131 ba\u015fl\u0131\u011f\u0131 ile bir kitap serisi haz\u0131rlam\u0131\u015ft\u0131r. D\u00fcnya \u00e7ocuk edebiyat\u0131ndan bir\u00e7ok \u00fcnl\u00fc yazar\u0131n eseri bu seri ile T\u00fcrk\u00e7eye \u00e7evrilmi\u015ftir. Bu kitap serisi i\u00e7in \u00e7evrilen ilk kitap,&nbsp;<a href=\"https:\/\/tr.wikipedia.org\/wiki\/Tolstoy\"><strong>Tolstoy<\/strong><\/a>\u2019un k\u00fc\u00e7\u00fckler i\u00e7in yazd\u0131\u011f\u0131 ve 17 \u00f6yk\u00fcden olu\u015fan bu kitab\u0131n \u00e7evirilerini Rus\u00e7a orijinalinden V\u00e2l\u00e2 Nurettin yapm\u0131\u015ft\u0131r.&nbsp; 1946 bas\u0131ml\u0131 bu kitaba bir sahaf arac\u0131l\u0131\u011f\u0131 ile ula\u015ft\u0131m.<\/p>\n<p>\u00c7ok uzun s\u00fcre \u00f6yk\u00fc ve romanlar da basm\u0131\u015f yay\u0131nevi. Bunlar aras\u0131nda 1949 y\u0131l\u0131nda Amerika\u2019da Chicago \u00dcniversitesi profes\u00f6rlerince \u00e7ocuklar i\u00e7in haz\u0131rlanm\u0131\u015f kitaplar\u0131n \u00e7evirilerine denk geldim. 1950 y\u0131l\u0131nda ise \u201cD\u00fcnya \u00c7ocuk Romanlar\u0131\u201d serisini ba\u015flatm\u0131\u015f. Do\u011fan Karde\u015f Kitaplar\u0131, derginin 1988&#8217;de kapanmas\u0131ndan sonra da varl\u0131\u011f\u0131n\u0131 s\u00fcrd\u00fcrm\u00fc\u015f bir s\u00fcre. Biz \u00e7ocukluktan ilk gen\u00e7li\u011fe ge\u00e7ti\u011fimiz y\u0131llarda art\u0131k ba\u015fka dergiler, kitaplar okumaya ba\u015flam\u0131\u015fken o da gerek d\u00f6nemin \u00e7ocuk kitlesine hitab\u0131 ve \u00c7ocuk edebiyat\u0131na katk\u0131lar\u0131n\u0131 s\u00fcrd\u00fcrmeye devam etmi\u015f. Ama zaman\u0131n a\u00e7\u0131lmaz kaidesi d\u00fcsturunca her ba\u015flang\u0131c\u0131n bir sonu, her do\u011fu\u015fun bir solu\u015fu, silini\u015fi ger\u00e7e\u011fini ya\u015fam\u0131\u015f.&nbsp; Baba evinin arka balkonunda camek\u00e2n dolap i\u00e7indeki dergi koleksiyonu ve kitap ar\u015fivi benim kendi tarihimde \u00e7ocuklu\u011fuma giderek \u015fimdiki zamandan bir bak\u0131\u015f atmam\u0131 sa\u011flad\u0131. Bu s\u00fcre\u00e7te en \u00e7ok kalemimi besleyen <a href=\"https:\/\/web.archive.org\/web\/20070609081634\/http:\/www.ykykultur.com.tr\/kitap\/kitap.asp?id=1853\">&nbsp;YKY K\u00fclt\u00fcr yay\u0131nlar\u0131 aras\u0131ndan \u00e7\u0131kan Mine S\u00f6\u011f\u00fct&#8217;\u00fcn 2003 tarihli &#8220;Sevgili Do\u011fan Karde\u015f&#8221; adl\u0131 an\u0131-inceleme kitab\u0131<\/a> oldu. Ge\u00e7irdi\u011fimiz bir ara tatilin ge\u00e7mi\u015f zaman yolculu\u011fuma sebep olan g\u00fczelli\u011finden arta kalan ve \u00e7ocuklu\u011fuma gitmenin tazeli\u011fi ve enerjisiyle bakanl\u0131ktaki odamda oturmu\u015f Mevlana bulvar\u0131na bakan bah\u00e7emizin sar\u0131 s\u0131cak renklerdeki sonbahar\u0131n\u0131 izliyorum.<\/p>\n","protected":false},"excerpt":{"rendered":"<p>\u00c7ocuklu\u011fum e\u011fitimci olan ebeveynimin tayini dolay\u0131s\u0131yla Anadolu\u2019nun \u00fccra bir k\u00f6y\u00fcnde ge\u00e7ti. K\u0131\u015flar\u0131 normal okul rutini&#8230;<\/p>\n","protected":false},"author":32,"featured_media":3111,"comment_status":"open","ping_status":"open","sticky":false,"template":"","format":"standard","meta":{"_bbp_topic_count":0,"_bbp_reply_count":0,"_bbp_total_topic_count":0,"_bbp_total_reply_count":0,"_bbp_voice_count":0,"_bbp_anonymous_reply_count":0,"_bbp_topic_count_hidden":0,"_bbp_reply_count_hidden":0,"_bbp_forum_subforum_count":0,"om_disable_all_campaigns":false,"_uag_custom_page_level_css":"","ngg_post_thumbnail":0,"footnotes":""},"categories":[20],"tags":[],"ppma_author":[232],"class_list":["post-3110","post","type-post","status-publish","format-standard","has-post-thumbnail","hentry","category-kitap"],"yoast_head":"<!-- This site is optimized with the Yoast SEO plugin v24.9 - https:\/\/yoast.com\/wordpress\/plugins\/seo\/ -->\n<title>Hazin Bir Ayr\u0131l\u0131ktan Yeniden Do\u011fu\u015fa D\u00f6n\u00fc\u015fen Bir Dergi: DO\u011eAN KARDE\u015e - simurgedebiyat.com<\/title>\n<meta name=\"robots\" content=\"index, follow, max-snippet:-1, max-image-preview:large, max-video-preview:-1\" \/>\n<link rel=\"canonical\" href=\"https:\/\/simurgedebiyat.com\/index.php\/2025\/12\/15\/hazin-bir-ayriliktan-yeniden-dogusa-donusen-bir-dergi-dogan-kardes\/\" \/>\n<meta property=\"og:locale\" content=\"tr_TR\" \/>\n<meta property=\"og:type\" content=\"article\" \/>\n<meta property=\"og:title\" content=\"Hazin Bir Ayr\u0131l\u0131ktan Yeniden Do\u011fu\u015fa D\u00f6n\u00fc\u015fen Bir Dergi: DO\u011eAN KARDE\u015e - simurgedebiyat.com\" \/>\n<meta property=\"og:description\" content=\"\u00c7ocuklu\u011fum e\u011fitimci olan ebeveynimin tayini dolay\u0131s\u0131yla Anadolu\u2019nun \u00fccra bir k\u00f6y\u00fcnde ge\u00e7ti. K\u0131\u015flar\u0131 normal okul rutini...\" \/>\n<meta property=\"og:url\" content=\"https:\/\/simurgedebiyat.com\/index.php\/2025\/12\/15\/hazin-bir-ayriliktan-yeniden-dogusa-donusen-bir-dergi-dogan-kardes\/\" \/>\n<meta property=\"og:site_name\" content=\"simurgedebiyat.com\" \/>\n<meta property=\"article:published_time\" content=\"2025-12-15T11:12:18+00:00\" \/>\n<meta property=\"og:image\" content=\"https:\/\/simurgedebiyat.com\/wp-content\/uploads\/2025\/12\/Aysegul-Hocam.jpg\" \/>\n\t<meta property=\"og:image:width\" content=\"806\" \/>\n\t<meta property=\"og:image:height\" content=\"1200\" \/>\n\t<meta property=\"og:image:type\" content=\"image\/jpeg\" \/>\n<meta name=\"author\" content=\"Ay\u015feg\u00fcl K\u00d6SA SERT\" \/>\n<meta name=\"twitter:card\" content=\"summary_large_image\" \/>\n<meta name=\"twitter:label1\" content=\"Yazan:\" \/>\n\t<meta name=\"twitter:data1\" content=\"Ay\u015feg\u00fcl K\u00d6SA SERT\" \/>\n\t<meta name=\"twitter:label2\" content=\"Tahmini okuma s\u00fcresi\" \/>\n\t<meta name=\"twitter:data2\" content=\"11 dakika\" \/>\n<script type=\"application\/ld+json\" class=\"yoast-schema-graph\">{\"@context\":\"https:\/\/schema.org\",\"@graph\":[{\"@type\":\"Article\",\"@id\":\"https:\/\/simurgedebiyat.com\/index.php\/2025\/12\/15\/hazin-bir-ayriliktan-yeniden-dogusa-donusen-bir-dergi-dogan-kardes\/#article\",\"isPartOf\":{\"@id\":\"https:\/\/simurgedebiyat.com\/index.php\/2025\/12\/15\/hazin-bir-ayriliktan-yeniden-dogusa-donusen-bir-dergi-dogan-kardes\/\"},\"author\":{\"name\":\"Ay\u015feg\u00fcl K\u00d6SA SERT\",\"@id\":\"https:\/\/simurgedebiyat.com\/#\/schema\/person\/5a6c791be7ffc071c53308f5b320ece9\"},\"headline\":\"Hazin Bir Ayr\u0131l\u0131ktan Yeniden Do\u011fu\u015fa D\u00f6n\u00fc\u015fen Bir Dergi: DO\u011eAN KARDE\u015e\",\"datePublished\":\"2025-12-15T11:12:18+00:00\",\"mainEntityOfPage\":{\"@id\":\"https:\/\/simurgedebiyat.com\/index.php\/2025\/12\/15\/hazin-bir-ayriliktan-yeniden-dogusa-donusen-bir-dergi-dogan-kardes\/\"},\"wordCount\":2402,\"commentCount\":2,\"publisher\":{\"@id\":\"https:\/\/simurgedebiyat.com\/#organization\"},\"image\":{\"@id\":\"https:\/\/simurgedebiyat.com\/index.php\/2025\/12\/15\/hazin-bir-ayriliktan-yeniden-dogusa-donusen-bir-dergi-dogan-kardes\/#primaryimage\"},\"thumbnailUrl\":\"https:\/\/simurgedebiyat.com\/wp-content\/uploads\/2025\/12\/Aysegul-Hocam.jpg\",\"articleSection\":[\"Kitap\"],\"inLanguage\":\"tr\",\"potentialAction\":[{\"@type\":\"CommentAction\",\"name\":\"Comment\",\"target\":[\"https:\/\/simurgedebiyat.com\/index.php\/2025\/12\/15\/hazin-bir-ayriliktan-yeniden-dogusa-donusen-bir-dergi-dogan-kardes\/#respond\"]}]},{\"@type\":\"WebPage\",\"@id\":\"https:\/\/simurgedebiyat.com\/index.php\/2025\/12\/15\/hazin-bir-ayriliktan-yeniden-dogusa-donusen-bir-dergi-dogan-kardes\/\",\"url\":\"https:\/\/simurgedebiyat.com\/index.php\/2025\/12\/15\/hazin-bir-ayriliktan-yeniden-dogusa-donusen-bir-dergi-dogan-kardes\/\",\"name\":\"Hazin Bir Ayr\u0131l\u0131ktan Yeniden Do\u011fu\u015fa D\u00f6n\u00fc\u015fen Bir Dergi: DO\u011eAN KARDE\u015e - simurgedebiyat.com\",\"isPartOf\":{\"@id\":\"https:\/\/simurgedebiyat.com\/#website\"},\"primaryImageOfPage\":{\"@id\":\"https:\/\/simurgedebiyat.com\/index.php\/2025\/12\/15\/hazin-bir-ayriliktan-yeniden-dogusa-donusen-bir-dergi-dogan-kardes\/#primaryimage\"},\"image\":{\"@id\":\"https:\/\/simurgedebiyat.com\/index.php\/2025\/12\/15\/hazin-bir-ayriliktan-yeniden-dogusa-donusen-bir-dergi-dogan-kardes\/#primaryimage\"},\"thumbnailUrl\":\"https:\/\/simurgedebiyat.com\/wp-content\/uploads\/2025\/12\/Aysegul-Hocam.jpg\",\"datePublished\":\"2025-12-15T11:12:18+00:00\",\"breadcrumb\":{\"@id\":\"https:\/\/simurgedebiyat.com\/index.php\/2025\/12\/15\/hazin-bir-ayriliktan-yeniden-dogusa-donusen-bir-dergi-dogan-kardes\/#breadcrumb\"},\"inLanguage\":\"tr\",\"potentialAction\":[{\"@type\":\"ReadAction\",\"target\":[\"https:\/\/simurgedebiyat.com\/index.php\/2025\/12\/15\/hazin-bir-ayriliktan-yeniden-dogusa-donusen-bir-dergi-dogan-kardes\/\"]}]},{\"@type\":\"ImageObject\",\"inLanguage\":\"tr\",\"@id\":\"https:\/\/simurgedebiyat.com\/index.php\/2025\/12\/15\/hazin-bir-ayriliktan-yeniden-dogusa-donusen-bir-dergi-dogan-kardes\/#primaryimage\",\"url\":\"https:\/\/simurgedebiyat.com\/wp-content\/uploads\/2025\/12\/Aysegul-Hocam.jpg\",\"contentUrl\":\"https:\/\/simurgedebiyat.com\/wp-content\/uploads\/2025\/12\/Aysegul-Hocam.jpg\",\"width\":806,\"height\":1200},{\"@type\":\"BreadcrumbList\",\"@id\":\"https:\/\/simurgedebiyat.com\/index.php\/2025\/12\/15\/hazin-bir-ayriliktan-yeniden-dogusa-donusen-bir-dergi-dogan-kardes\/#breadcrumb\",\"itemListElement\":[{\"@type\":\"ListItem\",\"position\":1,\"name\":\"Anasayfa\",\"item\":\"https:\/\/simurgedebiyat.com\/\"},{\"@type\":\"ListItem\",\"position\":2,\"name\":\"Hazin Bir Ayr\u0131l\u0131ktan Yeniden Do\u011fu\u015fa D\u00f6n\u00fc\u015fen Bir Dergi: DO\u011eAN KARDE\u015e\"}]},{\"@type\":\"WebSite\",\"@id\":\"https:\/\/simurgedebiyat.com\/#website\",\"url\":\"https:\/\/simurgedebiyat.com\/\",\"name\":\"simurgedebiyat.com\",\"description\":\"edebiyat&amp;K\u00fclt\u00fcr&amp;Sanat&amp;D\u00fc\u015f\u00fcnce \",\"publisher\":{\"@id\":\"https:\/\/simurgedebiyat.com\/#organization\"},\"potentialAction\":[{\"@type\":\"SearchAction\",\"target\":{\"@type\":\"EntryPoint\",\"urlTemplate\":\"https:\/\/simurgedebiyat.com\/?s={search_term_string}\"},\"query-input\":{\"@type\":\"PropertyValueSpecification\",\"valueRequired\":true,\"valueName\":\"search_term_string\"}}],\"inLanguage\":\"tr\"},{\"@type\":\"Organization\",\"@id\":\"https:\/\/simurgedebiyat.com\/#organization\",\"name\":\"simurgedebiyat.com\",\"url\":\"https:\/\/simurgedebiyat.com\/\",\"logo\":{\"@type\":\"ImageObject\",\"inLanguage\":\"tr\",\"@id\":\"https:\/\/simurgedebiyat.com\/#\/schema\/logo\/image\/\",\"url\":\"https:\/\/simurgedebiyat.com\/wp-content\/uploads\/2025\/11\/cropped-HHHHH-1.jpeg\",\"contentUrl\":\"https:\/\/simurgedebiyat.com\/wp-content\/uploads\/2025\/11\/cropped-HHHHH-1.jpeg\",\"width\":245,\"height\":205,\"caption\":\"simurgedebiyat.com\"},\"image\":{\"@id\":\"https:\/\/simurgedebiyat.com\/#\/schema\/logo\/image\/\"}},{\"@type\":\"Person\",\"@id\":\"https:\/\/simurgedebiyat.com\/#\/schema\/person\/5a6c791be7ffc071c53308f5b320ece9\",\"name\":\"Ay\u015feg\u00fcl K\u00d6SA SERT\",\"image\":{\"@type\":\"ImageObject\",\"inLanguage\":\"tr\",\"@id\":\"https:\/\/simurgedebiyat.com\/#\/schema\/person\/image\/23494c9101089ad44ae88ce9d2f56aac\",\"url\":\"https:\/\/secure.gravatar.com\/avatar\/?s=96&d=mm&r=g\",\"contentUrl\":\"https:\/\/secure.gravatar.com\/avatar\/?s=96&d=mm&r=g\",\"caption\":\"Ay\u015feg\u00fcl K\u00d6SA SERT\"},\"description\":\"\u0130lk ve orta \u00f6\u011frenimini babas\u0131n\u0131n g\u00f6revi nedeniyle Anadolu\u2019nun \u00e7e\u015fitli \u015fehirlerinde tamamlad\u0131. \u00c7ocuklu\u011funda ge\u00e7ti\u011fi her co\u011frafya ve tan\u0131d\u0131\u011f\u0131 her insan kalemi \u00fczerinde iz b\u0131rakm\u0131\u015ft\u0131r. Karadeniz Teknik \u00dcniversitesi Edebiyat Fak\u00fcltesinden mezun olduktan sonra yine ayn\u0131 \u00fcniversitenin Edebiyat b\u00f6l\u00fcm\u00fcnde \u2018Edebiyk\u00f6at\u0131-\u0131 Umumiye Mecmuas\u0131 Teknik Tahlili\u2019 konulu yeni T\u00fcrk edebiyat\u0131 alan\u0131nda y\u00fcksek lisans yapt\u0131. \u00d6\u011fretmen olarak ba\u015flad\u0131\u011f\u0131 mesle\u011fine zaman zaman bakanl\u0131k b\u00fcnyesi ve ta\u015fra te\u015fkilat\u0131ndaki de\u011fi\u015fik g\u00f6revlendirmelerde Ar-Ge \u00e7al\u0131\u015fan\u0131, yerel ve ulusal projelerde koordinat\u00f6r olarak devam etti. 2005 y\u0131l\u0131nda TRT Trabzon Radyosu ak\u015fam ku\u015fa\u011f\u0131nda \u2018Hayal Kahvesi\u2019 adl\u0131 bir program\u0131 haz\u0131rlay\u0131p sundu. 2007-2010 y\u0131llar\u0131 aras\u0131nda Mill\u00ee E\u011fitim Bakanl\u0131\u011f\u0131 Strateji Geli\u015ftirme Daire Ba\u015fkanl\u0131\u011f\u0131nda Stratejik Planlama konusunda \u2018E\u011fitimcilerin E\u011fitimi\u2019 seminerleri verdi. 2012 y\u0131l\u0131nda Ba\u015fkent \u0130leti\u015fim Akademisinde TRT Ana Haber spikerlerinden \u00f6zel olarak sunuculuk, seslendirme, dublaj dersleri ald\u0131. Ard\u0131ndan \u00e7e\u015fitli kay\u0131tlarda baz\u0131 karakterleri seslendirdi. 2014-2016 y\u0131llar\u0131 aras\u0131nda Avrasya \u00dcniversitesi Radyo Televizyon b\u00f6l\u00fcm\u00fcnde \u2018Do\u011fru ve G\u00fczel Konu\u015fma E\u011fitimi, Diksiyon ve Beden Dili\u2019 dersleri \u00e7er\u00e7evesinde okutmanl\u0131k yapt\u0131. Bir\u00e7ok edebi dergide, farkl\u0131 platformlarda yaz\u0131lar\u0131 ve sunumlar\u0131 ile yer ald\u0131. Yazar\u0131n \u2018\u015eafakla Gelen Ya Kebike\u00e7\u2019 ve Yaln\u0131zlar Senfonisi adl\u0131 iki kitab\u0131 bulunmaktad\u0131r. Masal \u00fczerine akademik ara\u015ft\u0131rmalar\u0131na \u00fcniversite y\u0131llar\u0131nda ba\u015flayan yazar, bu birikimlerini Masal Anlat\u0131c\u0131s\u0131 E\u011fitmenli\u011fi seminerlerinde kat\u0131l\u0131mc\u0131larla payla\u015fmaktad\u0131r. Bunun yan\u0131 s\u0131ra \u201cOsmanl\u0131 T\u00fcrk\u00e7esi (Temel d\u00fczey), Beden Dili, Etkili ve G\u00fczel Konu\u015fma, Diksiyon, Yarat\u0131c\u0131 Yazarl\u0131k\u201d alan\u0131nda seminerler vererek \u00e7al\u0131\u015fmalar\u0131n\u0131 s\u00fcrd\u00fcrmektedir. Halen bir kurumda seslendirme ve sunuculuk yapmakta olan yazar evlidir ve Arda Tar\u0131k\u2019\u0131n annesidir.\",\"url\":\"https:\/\/simurgedebiyat.com\/index.php\/author\/aysegul-kosa-sert\/\"}]}<\/script>\n<!-- \/ Yoast SEO plugin. -->","yoast_head_json":{"title":"Hazin Bir Ayr\u0131l\u0131ktan Yeniden Do\u011fu\u015fa D\u00f6n\u00fc\u015fen Bir Dergi: DO\u011eAN KARDE\u015e - simurgedebiyat.com","robots":{"index":"index","follow":"follow","max-snippet":"max-snippet:-1","max-image-preview":"max-image-preview:large","max-video-preview":"max-video-preview:-1"},"canonical":"https:\/\/simurgedebiyat.com\/index.php\/2025\/12\/15\/hazin-bir-ayriliktan-yeniden-dogusa-donusen-bir-dergi-dogan-kardes\/","og_locale":"tr_TR","og_type":"article","og_title":"Hazin Bir Ayr\u0131l\u0131ktan Yeniden Do\u011fu\u015fa D\u00f6n\u00fc\u015fen Bir Dergi: DO\u011eAN KARDE\u015e - simurgedebiyat.com","og_description":"\u00c7ocuklu\u011fum e\u011fitimci olan ebeveynimin tayini dolay\u0131s\u0131yla Anadolu\u2019nun \u00fccra bir k\u00f6y\u00fcnde ge\u00e7ti. K\u0131\u015flar\u0131 normal okul rutini...","og_url":"https:\/\/simurgedebiyat.com\/index.php\/2025\/12\/15\/hazin-bir-ayriliktan-yeniden-dogusa-donusen-bir-dergi-dogan-kardes\/","og_site_name":"simurgedebiyat.com","article_published_time":"2025-12-15T11:12:18+00:00","og_image":[{"width":806,"height":1200,"url":"https:\/\/simurgedebiyat.com\/wp-content\/uploads\/2025\/12\/Aysegul-Hocam.jpg","type":"image\/jpeg"}],"author":"Ay\u015feg\u00fcl K\u00d6SA SERT","twitter_card":"summary_large_image","twitter_misc":{"Yazan:":"Ay\u015feg\u00fcl K\u00d6SA SERT","Tahmini okuma s\u00fcresi":"11 dakika"},"schema":{"@context":"https:\/\/schema.org","@graph":[{"@type":"Article","@id":"https:\/\/simurgedebiyat.com\/index.php\/2025\/12\/15\/hazin-bir-ayriliktan-yeniden-dogusa-donusen-bir-dergi-dogan-kardes\/#article","isPartOf":{"@id":"https:\/\/simurgedebiyat.com\/index.php\/2025\/12\/15\/hazin-bir-ayriliktan-yeniden-dogusa-donusen-bir-dergi-dogan-kardes\/"},"author":{"name":"Ay\u015feg\u00fcl K\u00d6SA SERT","@id":"https:\/\/simurgedebiyat.com\/#\/schema\/person\/5a6c791be7ffc071c53308f5b320ece9"},"headline":"Hazin Bir Ayr\u0131l\u0131ktan Yeniden Do\u011fu\u015fa D\u00f6n\u00fc\u015fen Bir Dergi: DO\u011eAN KARDE\u015e","datePublished":"2025-12-15T11:12:18+00:00","mainEntityOfPage":{"@id":"https:\/\/simurgedebiyat.com\/index.php\/2025\/12\/15\/hazin-bir-ayriliktan-yeniden-dogusa-donusen-bir-dergi-dogan-kardes\/"},"wordCount":2402,"commentCount":2,"publisher":{"@id":"https:\/\/simurgedebiyat.com\/#organization"},"image":{"@id":"https:\/\/simurgedebiyat.com\/index.php\/2025\/12\/15\/hazin-bir-ayriliktan-yeniden-dogusa-donusen-bir-dergi-dogan-kardes\/#primaryimage"},"thumbnailUrl":"https:\/\/simurgedebiyat.com\/wp-content\/uploads\/2025\/12\/Aysegul-Hocam.jpg","articleSection":["Kitap"],"inLanguage":"tr","potentialAction":[{"@type":"CommentAction","name":"Comment","target":["https:\/\/simurgedebiyat.com\/index.php\/2025\/12\/15\/hazin-bir-ayriliktan-yeniden-dogusa-donusen-bir-dergi-dogan-kardes\/#respond"]}]},{"@type":"WebPage","@id":"https:\/\/simurgedebiyat.com\/index.php\/2025\/12\/15\/hazin-bir-ayriliktan-yeniden-dogusa-donusen-bir-dergi-dogan-kardes\/","url":"https:\/\/simurgedebiyat.com\/index.php\/2025\/12\/15\/hazin-bir-ayriliktan-yeniden-dogusa-donusen-bir-dergi-dogan-kardes\/","name":"Hazin Bir Ayr\u0131l\u0131ktan Yeniden Do\u011fu\u015fa D\u00f6n\u00fc\u015fen Bir Dergi: DO\u011eAN KARDE\u015e - simurgedebiyat.com","isPartOf":{"@id":"https:\/\/simurgedebiyat.com\/#website"},"primaryImageOfPage":{"@id":"https:\/\/simurgedebiyat.com\/index.php\/2025\/12\/15\/hazin-bir-ayriliktan-yeniden-dogusa-donusen-bir-dergi-dogan-kardes\/#primaryimage"},"image":{"@id":"https:\/\/simurgedebiyat.com\/index.php\/2025\/12\/15\/hazin-bir-ayriliktan-yeniden-dogusa-donusen-bir-dergi-dogan-kardes\/#primaryimage"},"thumbnailUrl":"https:\/\/simurgedebiyat.com\/wp-content\/uploads\/2025\/12\/Aysegul-Hocam.jpg","datePublished":"2025-12-15T11:12:18+00:00","breadcrumb":{"@id":"https:\/\/simurgedebiyat.com\/index.php\/2025\/12\/15\/hazin-bir-ayriliktan-yeniden-dogusa-donusen-bir-dergi-dogan-kardes\/#breadcrumb"},"inLanguage":"tr","potentialAction":[{"@type":"ReadAction","target":["https:\/\/simurgedebiyat.com\/index.php\/2025\/12\/15\/hazin-bir-ayriliktan-yeniden-dogusa-donusen-bir-dergi-dogan-kardes\/"]}]},{"@type":"ImageObject","inLanguage":"tr","@id":"https:\/\/simurgedebiyat.com\/index.php\/2025\/12\/15\/hazin-bir-ayriliktan-yeniden-dogusa-donusen-bir-dergi-dogan-kardes\/#primaryimage","url":"https:\/\/simurgedebiyat.com\/wp-content\/uploads\/2025\/12\/Aysegul-Hocam.jpg","contentUrl":"https:\/\/simurgedebiyat.com\/wp-content\/uploads\/2025\/12\/Aysegul-Hocam.jpg","width":806,"height":1200},{"@type":"BreadcrumbList","@id":"https:\/\/simurgedebiyat.com\/index.php\/2025\/12\/15\/hazin-bir-ayriliktan-yeniden-dogusa-donusen-bir-dergi-dogan-kardes\/#breadcrumb","itemListElement":[{"@type":"ListItem","position":1,"name":"Anasayfa","item":"https:\/\/simurgedebiyat.com\/"},{"@type":"ListItem","position":2,"name":"Hazin Bir Ayr\u0131l\u0131ktan Yeniden Do\u011fu\u015fa D\u00f6n\u00fc\u015fen Bir Dergi: DO\u011eAN KARDE\u015e"}]},{"@type":"WebSite","@id":"https:\/\/simurgedebiyat.com\/#website","url":"https:\/\/simurgedebiyat.com\/","name":"simurgedebiyat.com","description":"edebiyat&amp;K\u00fclt\u00fcr&amp;Sanat&amp;D\u00fc\u015f\u00fcnce ","publisher":{"@id":"https:\/\/simurgedebiyat.com\/#organization"},"potentialAction":[{"@type":"SearchAction","target":{"@type":"EntryPoint","urlTemplate":"https:\/\/simurgedebiyat.com\/?s={search_term_string}"},"query-input":{"@type":"PropertyValueSpecification","valueRequired":true,"valueName":"search_term_string"}}],"inLanguage":"tr"},{"@type":"Organization","@id":"https:\/\/simurgedebiyat.com\/#organization","name":"simurgedebiyat.com","url":"https:\/\/simurgedebiyat.com\/","logo":{"@type":"ImageObject","inLanguage":"tr","@id":"https:\/\/simurgedebiyat.com\/#\/schema\/logo\/image\/","url":"https:\/\/simurgedebiyat.com\/wp-content\/uploads\/2025\/11\/cropped-HHHHH-1.jpeg","contentUrl":"https:\/\/simurgedebiyat.com\/wp-content\/uploads\/2025\/11\/cropped-HHHHH-1.jpeg","width":245,"height":205,"caption":"simurgedebiyat.com"},"image":{"@id":"https:\/\/simurgedebiyat.com\/#\/schema\/logo\/image\/"}},{"@type":"Person","@id":"https:\/\/simurgedebiyat.com\/#\/schema\/person\/5a6c791be7ffc071c53308f5b320ece9","name":"Ay\u015feg\u00fcl K\u00d6SA SERT","image":{"@type":"ImageObject","inLanguage":"tr","@id":"https:\/\/simurgedebiyat.com\/#\/schema\/person\/image\/23494c9101089ad44ae88ce9d2f56aac","url":"https:\/\/secure.gravatar.com\/avatar\/?s=96&d=mm&r=g","contentUrl":"https:\/\/secure.gravatar.com\/avatar\/?s=96&d=mm&r=g","caption":"Ay\u015feg\u00fcl K\u00d6SA SERT"},"description":"\u0130lk ve orta \u00f6\u011frenimini babas\u0131n\u0131n g\u00f6revi nedeniyle Anadolu\u2019nun \u00e7e\u015fitli \u015fehirlerinde tamamlad\u0131. \u00c7ocuklu\u011funda ge\u00e7ti\u011fi her co\u011frafya ve tan\u0131d\u0131\u011f\u0131 her insan kalemi \u00fczerinde iz b\u0131rakm\u0131\u015ft\u0131r. Karadeniz Teknik \u00dcniversitesi Edebiyat Fak\u00fcltesinden mezun olduktan sonra yine ayn\u0131 \u00fcniversitenin Edebiyat b\u00f6l\u00fcm\u00fcnde \u2018Edebiyk\u00f6at\u0131-\u0131 Umumiye Mecmuas\u0131 Teknik Tahlili\u2019 konulu yeni T\u00fcrk edebiyat\u0131 alan\u0131nda y\u00fcksek lisans yapt\u0131. \u00d6\u011fretmen olarak ba\u015flad\u0131\u011f\u0131 mesle\u011fine zaman zaman bakanl\u0131k b\u00fcnyesi ve ta\u015fra te\u015fkilat\u0131ndaki de\u011fi\u015fik g\u00f6revlendirmelerde Ar-Ge \u00e7al\u0131\u015fan\u0131, yerel ve ulusal projelerde koordinat\u00f6r olarak devam etti. 2005 y\u0131l\u0131nda TRT Trabzon Radyosu ak\u015fam ku\u015fa\u011f\u0131nda \u2018Hayal Kahvesi\u2019 adl\u0131 bir program\u0131 haz\u0131rlay\u0131p sundu. 2007-2010 y\u0131llar\u0131 aras\u0131nda Mill\u00ee E\u011fitim Bakanl\u0131\u011f\u0131 Strateji Geli\u015ftirme Daire Ba\u015fkanl\u0131\u011f\u0131nda Stratejik Planlama konusunda \u2018E\u011fitimcilerin E\u011fitimi\u2019 seminerleri verdi. 2012 y\u0131l\u0131nda Ba\u015fkent \u0130leti\u015fim Akademisinde TRT Ana Haber spikerlerinden \u00f6zel olarak sunuculuk, seslendirme, dublaj dersleri ald\u0131. Ard\u0131ndan \u00e7e\u015fitli kay\u0131tlarda baz\u0131 karakterleri seslendirdi. 2014-2016 y\u0131llar\u0131 aras\u0131nda Avrasya \u00dcniversitesi Radyo Televizyon b\u00f6l\u00fcm\u00fcnde \u2018Do\u011fru ve G\u00fczel Konu\u015fma E\u011fitimi, Diksiyon ve Beden Dili\u2019 dersleri \u00e7er\u00e7evesinde okutmanl\u0131k yapt\u0131. Bir\u00e7ok edebi dergide, farkl\u0131 platformlarda yaz\u0131lar\u0131 ve sunumlar\u0131 ile yer ald\u0131. Yazar\u0131n \u2018\u015eafakla Gelen Ya Kebike\u00e7\u2019 ve Yaln\u0131zlar Senfonisi adl\u0131 iki kitab\u0131 bulunmaktad\u0131r. Masal \u00fczerine akademik ara\u015ft\u0131rmalar\u0131na \u00fcniversite y\u0131llar\u0131nda ba\u015flayan yazar, bu birikimlerini Masal Anlat\u0131c\u0131s\u0131 E\u011fitmenli\u011fi seminerlerinde kat\u0131l\u0131mc\u0131larla payla\u015fmaktad\u0131r. Bunun yan\u0131 s\u0131ra \u201cOsmanl\u0131 T\u00fcrk\u00e7esi (Temel d\u00fczey), Beden Dili, Etkili ve G\u00fczel Konu\u015fma, Diksiyon, Yarat\u0131c\u0131 Yazarl\u0131k\u201d alan\u0131nda seminerler vererek \u00e7al\u0131\u015fmalar\u0131n\u0131 s\u00fcrd\u00fcrmektedir. Halen bir kurumda seslendirme ve sunuculuk yapmakta olan yazar evlidir ve Arda Tar\u0131k\u2019\u0131n annesidir.","url":"https:\/\/simurgedebiyat.com\/index.php\/author\/aysegul-kosa-sert\/"}]}},"featured_image_urls":{"full":["https:\/\/simurgedebiyat.com\/wp-content\/uploads\/2025\/12\/Aysegul-Hocam.jpg",806,1200,false],"thumbnail":["https:\/\/simurgedebiyat.com\/wp-content\/uploads\/2025\/12\/Aysegul-Hocam-150x150.jpg",150,150,true],"medium":["https:\/\/simurgedebiyat.com\/wp-content\/uploads\/2025\/12\/Aysegul-Hocam-202x300.jpg",202,300,true],"medium_large":["https:\/\/simurgedebiyat.com\/wp-content\/uploads\/2025\/12\/Aysegul-Hocam-768x1143.jpg",640,953,true],"large":["https:\/\/simurgedebiyat.com\/wp-content\/uploads\/2025\/12\/Aysegul-Hocam-688x1024.jpg",640,953,true],"1536x1536":["https:\/\/simurgedebiyat.com\/wp-content\/uploads\/2025\/12\/Aysegul-Hocam.jpg",806,1200,false],"2048x2048":["https:\/\/simurgedebiyat.com\/wp-content\/uploads\/2025\/12\/Aysegul-Hocam.jpg",806,1200,false],"covernews-slider-full":["https:\/\/simurgedebiyat.com\/wp-content\/uploads\/2025\/12\/Aysegul-Hocam-806x715.jpg",806,715,true],"covernews-slider-center":["https:\/\/simurgedebiyat.com\/wp-content\/uploads\/2025\/12\/Aysegul-Hocam-800x500.jpg",800,500,true],"covernews-featured":["https:\/\/simurgedebiyat.com\/wp-content\/uploads\/2025\/12\/Aysegul-Hocam.jpg",806,1200,false],"covernews-medium":["https:\/\/simurgedebiyat.com\/wp-content\/uploads\/2025\/12\/Aysegul-Hocam-540x340.jpg",540,340,true],"covernews-medium-square":["https:\/\/simurgedebiyat.com\/wp-content\/uploads\/2025\/12\/Aysegul-Hocam-400x250.jpg",400,250,true],"sow-carousel-default":["https:\/\/simurgedebiyat.com\/wp-content\/uploads\/2025\/12\/Aysegul-Hocam-272x182.jpg",272,182,true],"sow-blog-portfolio":["https:\/\/simurgedebiyat.com\/wp-content\/uploads\/2025\/12\/Aysegul-Hocam-375x375.jpg",375,375,true],"sow-blog-grid":["https:\/\/simurgedebiyat.com\/wp-content\/uploads\/2025\/12\/Aysegul-Hocam-720x480.jpg",720,480,true],"sow-blog-alternate":["https:\/\/simurgedebiyat.com\/wp-content\/uploads\/2025\/12\/Aysegul-Hocam-806x630.jpg",806,630,true],"sow-recent-post":["https:\/\/simurgedebiyat.com\/wp-content\/uploads\/2025\/12\/Aysegul-Hocam-216x216.jpg",216,216,true]},"author_info":{"display_name":"Ay\u015feg\u00fcl K\u00d6SA SERT","author_link":"https:\/\/simurgedebiyat.com\/index.php\/author\/aysegul-kosa-sert\/"},"category_info":"<a href=\"https:\/\/simurgedebiyat.com\/index.php\/category\/kitap\/\" rel=\"category tag\">Kitap<\/a>","tag_info":"Kitap","comment_count":"2","jetpack_featured_media_url":"https:\/\/simurgedebiyat.com\/wp-content\/uploads\/2025\/12\/Aysegul-Hocam.jpg","uagb_featured_image_src":{"full":["https:\/\/simurgedebiyat.com\/wp-content\/uploads\/2025\/12\/Aysegul-Hocam.jpg",806,1200,false],"thumbnail":["https:\/\/simurgedebiyat.com\/wp-content\/uploads\/2025\/12\/Aysegul-Hocam-150x150.jpg",150,150,true],"medium":["https:\/\/simurgedebiyat.com\/wp-content\/uploads\/2025\/12\/Aysegul-Hocam-202x300.jpg",202,300,true],"medium_large":["https:\/\/simurgedebiyat.com\/wp-content\/uploads\/2025\/12\/Aysegul-Hocam-768x1143.jpg",640,953,true],"large":["https:\/\/simurgedebiyat.com\/wp-content\/uploads\/2025\/12\/Aysegul-Hocam-688x1024.jpg",640,953,true],"1536x1536":["https:\/\/simurgedebiyat.com\/wp-content\/uploads\/2025\/12\/Aysegul-Hocam.jpg",806,1200,false],"2048x2048":["https:\/\/simurgedebiyat.com\/wp-content\/uploads\/2025\/12\/Aysegul-Hocam.jpg",806,1200,false],"covernews-slider-full":["https:\/\/simurgedebiyat.com\/wp-content\/uploads\/2025\/12\/Aysegul-Hocam-806x715.jpg",806,715,true],"covernews-slider-center":["https:\/\/simurgedebiyat.com\/wp-content\/uploads\/2025\/12\/Aysegul-Hocam-800x500.jpg",800,500,true],"covernews-featured":["https:\/\/simurgedebiyat.com\/wp-content\/uploads\/2025\/12\/Aysegul-Hocam.jpg",806,1200,false],"covernews-medium":["https:\/\/simurgedebiyat.com\/wp-content\/uploads\/2025\/12\/Aysegul-Hocam-540x340.jpg",540,340,true],"covernews-medium-square":["https:\/\/simurgedebiyat.com\/wp-content\/uploads\/2025\/12\/Aysegul-Hocam-400x250.jpg",400,250,true],"sow-carousel-default":["https:\/\/simurgedebiyat.com\/wp-content\/uploads\/2025\/12\/Aysegul-Hocam-272x182.jpg",272,182,true],"sow-blog-portfolio":["https:\/\/simurgedebiyat.com\/wp-content\/uploads\/2025\/12\/Aysegul-Hocam-375x375.jpg",375,375,true],"sow-blog-grid":["https:\/\/simurgedebiyat.com\/wp-content\/uploads\/2025\/12\/Aysegul-Hocam-720x480.jpg",720,480,true],"sow-blog-alternate":["https:\/\/simurgedebiyat.com\/wp-content\/uploads\/2025\/12\/Aysegul-Hocam-806x630.jpg",806,630,true],"sow-recent-post":["https:\/\/simurgedebiyat.com\/wp-content\/uploads\/2025\/12\/Aysegul-Hocam-216x216.jpg",216,216,true]},"uagb_author_info":{"display_name":"Ay\u015feg\u00fcl K\u00d6SA SERT","author_link":"https:\/\/simurgedebiyat.com\/index.php\/author\/aysegul-kosa-sert\/"},"uagb_comment_info":2,"uagb_excerpt":"\u00c7ocuklu\u011fum e\u011fitimci olan ebeveynimin tayini dolay\u0131s\u0131yla Anadolu\u2019nun \u00fccra bir k\u00f6y\u00fcnde ge\u00e7ti. K\u0131\u015flar\u0131 normal okul rutini...","authors":[{"term_id":232,"user_id":32,"is_guest":0,"slug":"aysegul-kosa-sert","display_name":"Ay\u015feg\u00fcl K\u00d6SA SERT","avatar_url":{"url":"https:\/\/simurgedebiyat.com\/wp-content\/uploads\/2025\/07\/AKS.webp","url2x":"https:\/\/simurgedebiyat.com\/wp-content\/uploads\/2025\/07\/AKS.webp"},"first_name":"","last_name":"","user_url":"","job_title":"","description":"\u0130lk ve orta \u00f6\u011frenimini babas\u0131n\u0131n g\u00f6revi nedeniyle Anadolu\u2019nun\r\n\u00e7e\u015fitli \u015fehirlerinde tamamlad\u0131. \u00c7ocuklu\u011funda ge\u00e7ti\u011fi her co\u011frafya ve tan\u0131d\u0131\u011f\u0131 her insan kalemi\r\n\u00fczerinde iz b\u0131rakm\u0131\u015ft\u0131r. Karadeniz Teknik \u00dcniversitesi Edebiyat Fak\u00fcltesinden mezun\r\nolduktan sonra yine ayn\u0131 \u00fcniversitenin Edebiyat b\u00f6l\u00fcm\u00fcnde \u2018Edebiyk\u00f6at\u0131-\u0131 Umumiye Mecmuas\u0131\r\nTeknik Tahlili\u2019 konulu yeni T\u00fcrk edebiyat\u0131 alan\u0131nda y\u00fcksek lisans yapt\u0131. \u00d6\u011fretmen olarak ba\u015flad\u0131\u011f\u0131 mesle\u011fine zaman zaman bakanl\u0131k b\u00fcnyesi ve ta\u015fra\r\nte\u015fkilat\u0131ndaki de\u011fi\u015fik g\u00f6revlendirmelerde Ar-Ge \u00e7al\u0131\u015fan\u0131, yerel ve ulusal projelerde\r\nkoordinat\u00f6r olarak devam etti. 2005 y\u0131l\u0131nda TRT Trabzon Radyosu ak\u015fam ku\u015fa\u011f\u0131nda \u2018Hayal\r\nKahvesi\u2019 adl\u0131 bir program\u0131 haz\u0131rlay\u0131p sundu. 2007-2010 y\u0131llar\u0131 aras\u0131nda Mill\u00ee E\u011fitim\r\nBakanl\u0131\u011f\u0131 Strateji Geli\u015ftirme Daire Ba\u015fkanl\u0131\u011f\u0131nda Stratejik Planlama konusunda\r\n\u2018E\u011fitimcilerin E\u011fitimi\u2019 seminerleri verdi. 2012 y\u0131l\u0131nda Ba\u015fkent \u0130leti\u015fim Akademisinde TRT\r\nAna Haber spikerlerinden \u00f6zel olarak sunuculuk, seslendirme, dublaj dersleri ald\u0131. Ard\u0131ndan\r\n\u00e7e\u015fitli kay\u0131tlarda baz\u0131 karakterleri seslendirdi. 2014-2016 y\u0131llar\u0131 aras\u0131nda Avrasya \u00dcniversitesi\r\nRadyo Televizyon b\u00f6l\u00fcm\u00fcnde \u2018Do\u011fru ve G\u00fczel Konu\u015fma E\u011fitimi, Diksiyon ve Beden Dili\u2019\r\ndersleri \u00e7er\u00e7evesinde okutmanl\u0131k yapt\u0131. Bir\u00e7ok edebi dergide, farkl\u0131 platformlarda yaz\u0131lar\u0131 ve\r\nsunumlar\u0131 ile yer ald\u0131. Yazar\u0131n \u2018\u015eafakla Gelen Ya Kebike\u00e7\u2019 ve Yaln\u0131zlar Senfonisi adl\u0131 iki kitab\u0131 bulunmaktad\u0131r.\r\nMasal \u00fczerine akademik ara\u015ft\u0131rmalar\u0131na \u00fcniversite y\u0131llar\u0131nda ba\u015flayan yazar, bu\r\nbirikimlerini Masal Anlat\u0131c\u0131s\u0131 E\u011fitmenli\u011fi  seminerlerinde kat\u0131l\u0131mc\u0131larla\r\npayla\u015fmaktad\u0131r. Bunun yan\u0131 s\u0131ra \u201cOsmanl\u0131 T\u00fcrk\u00e7esi (Temel d\u00fczey), Beden Dili, Etkili ve\r\nG\u00fczel Konu\u015fma, Diksiyon, Yarat\u0131c\u0131 Yazarl\u0131k\u201d alan\u0131nda seminerler vererek \u00e7al\u0131\u015fmalar\u0131n\u0131\r\ns\u00fcrd\u00fcrmektedir. Halen bir kurumda seslendirme ve sunuculuk yapmakta olan yazar evlidir ve\r\nArda Tar\u0131k\u2019\u0131n annesidir.\r\n"}],"_links":{"self":[{"href":"https:\/\/simurgedebiyat.com\/index.php\/wp-json\/wp\/v2\/posts\/3110","targetHints":{"allow":["GET"]}}],"collection":[{"href":"https:\/\/simurgedebiyat.com\/index.php\/wp-json\/wp\/v2\/posts"}],"about":[{"href":"https:\/\/simurgedebiyat.com\/index.php\/wp-json\/wp\/v2\/types\/post"}],"author":[{"embeddable":true,"href":"https:\/\/simurgedebiyat.com\/index.php\/wp-json\/wp\/v2\/users\/32"}],"replies":[{"embeddable":true,"href":"https:\/\/simurgedebiyat.com\/index.php\/wp-json\/wp\/v2\/comments?post=3110"}],"version-history":[{"count":1,"href":"https:\/\/simurgedebiyat.com\/index.php\/wp-json\/wp\/v2\/posts\/3110\/revisions"}],"predecessor-version":[{"id":3112,"href":"https:\/\/simurgedebiyat.com\/index.php\/wp-json\/wp\/v2\/posts\/3110\/revisions\/3112"}],"wp:featuredmedia":[{"embeddable":true,"href":"https:\/\/simurgedebiyat.com\/index.php\/wp-json\/wp\/v2\/media\/3111"}],"wp:attachment":[{"href":"https:\/\/simurgedebiyat.com\/index.php\/wp-json\/wp\/v2\/media?parent=3110"}],"wp:term":[{"taxonomy":"category","embeddable":true,"href":"https:\/\/simurgedebiyat.com\/index.php\/wp-json\/wp\/v2\/categories?post=3110"},{"taxonomy":"post_tag","embeddable":true,"href":"https:\/\/simurgedebiyat.com\/index.php\/wp-json\/wp\/v2\/tags?post=3110"},{"taxonomy":"author","embeddable":true,"href":"https:\/\/simurgedebiyat.com\/index.php\/wp-json\/wp\/v2\/ppma_author?post=3110"}],"curies":[{"name":"wp","href":"https:\/\/api.w.org\/{rel}","templated":true}]}}