{"id":3005,"date":"2025-12-07T12:06:03","date_gmt":"2025-12-07T09:06:03","guid":{"rendered":"https:\/\/simurgedebiyat.com\/?p=3005"},"modified":"2025-12-07T12:07:35","modified_gmt":"2025-12-07T09:07:35","slug":"varlar-ve-yoklar-alemi","status":"publish","type":"post","link":"https:\/\/simurgedebiyat.com\/index.php\/2025\/12\/07\/varlar-ve-yoklar-alemi\/","title":{"rendered":"Varlar ve Yoklar Evreni"},"content":{"rendered":"<p>Hikmetinden sual olmaz ey Tanr\u0131m<br \/>\nDikeninden fazla, g\u00fcllerin de var<br \/>\nHer t\u00fcrl\u00fc enerji, sunmu\u015fsun amma<br \/>\nBir t\u00fcrl\u00fc \u015farj tutmaz pillerin de var<\/p>\n<p><strong>.\/1<\/strong><\/p>\n<p>Nezaket yok, zarafet yok, ak\u0131l yok<br \/>\nSuyu bol g\u00f6nderdin, kuru \u00e7o\u011fu k\u00f6k<br \/>\nB\u00f6ylesi canl\u0131lar, yery\u00fcz\u00fcnde y\u00fck<br \/>\n\u00dcretim art\u0131\u011f\u0131, kullar\u0131n da var<\/p>\n<p><strong>.\/2<\/strong><\/p>\n<p>Fiziki nizam var, y\u00f6nelim kaos<br \/>\n\u00c7o\u011funluk onay\u0131, noksan ve naho\u015f<br \/>\nG\u00f6r\u00fcnt\u00fc kartpostal, i\u00e7eri\u011fi fos<br \/>\n\u00c7\u00f6lde serap gibi, g\u00f6llerin de var<\/p>\n<p><strong>.\/3<\/strong><\/p>\n<p>Geldik bu aleme, elbet gideriz<br \/>\nSorulursa hemen \u201cinsan\u0131z\u201d deriz<br \/>\nKar\u015f\u0131m\u0131zdakinden, erdem bekleriz<br \/>\nGam kederle y\u00fckl\u00fc, yollar\u0131n da var<\/p>\n<p><strong>.\/4<\/strong><\/p>\n<p>\u0130nsanlar\u0131 birbirine d\u00fc\u015f\u00fcr\u00fcp<br \/>\n\u00c7ald\u0131\u011f\u0131n\u0131, karl\u0131 da\u011fdan a\u015f\u0131r\u0131p<br \/>\nFoyas\u0131 \u00e7\u0131k\u0131nca s\u00f6zde \u015fa\u015f\u0131r\u0131p<br \/>\n\u0130nsan g\u00f6r\u00fcn\u00fcml\u00fc cinlerin de var<\/p>\n<p>.<strong>\/5<\/strong><\/p>\n<p>Yazd\u0131m \u00f6ylesine, de\u011fi\u015fmez ki bu<br \/>\n\u0130nsan ki insana kurmu\u015f bir pusu<br \/>\nBen \u015fimdi oturup tutamam yas\u0131<br \/>\nElbette do\u011facak g\u00fcnlerin de var<\/p>\n<p><strong>.\/6<\/strong><\/p>\n<p>Hayvan yaratm\u0131\u015fs\u0131n, kanad\u0131 z\u00e2rif<br \/>\nHer \u015feyi apa\u00e7\u0131k g\u00f6r\u00fcyor \u00e2rif<br \/>\n\u00d6ylesi de var ki; edemem tarif<br \/>\n\u0130nsan g\u00f6r\u00fcn\u00fcml\u00fc, fillerin de var<\/p>\n<p><strong>.\/7<\/strong><\/p>\n<p>Hukuk bir oyuncak olmu\u015f \u00fclkemde<br \/>\nH\u00fck\u00fcm terazisi, da\u011f\u0131n\u0131k hem de<br \/>\nHuzur vaad etmi\u015ftin, her an her demde<br \/>\n\u0130nsanla bozulmu\u015f, y\u0131llar\u0131n da var<\/p>\n<p>.\/<strong>8<\/strong><\/p>\n<p>\u0130nan\u00e7lar pazarda, ahl\u00e2ksa lafta<br \/>\nMerkeplerin g\u00f6z\u00fc, kalm\u0131\u015f yulafta<br \/>\nArad\u0131\u011f\u0131m huzur, belki de Kaf\u2019ta<br \/>\nTedav\u00fclden kalkm\u0131\u015f, pullar\u0131n da var<\/p>\n<p>.\/<strong>9<\/strong><\/p>\n<p>\u00c7ektik foto\u011fraf\u0131, i\u015fte manzara<br \/>\n\u00dcst\u00fc g\u00fcl \u2013 g\u00fclistan, i\u00e7i kapkara<br \/>\nZihnim yorgun d\u00fc\u015ft\u00fc, g\u00f6nl\u00fcmde yara<br \/>\nTuz ile kar\u0131\u015fm\u0131\u015f, ballar\u0131n da var.<\/p>\n","protected":false},"excerpt":{"rendered":"<p>Hikmetinden sual olmaz ey Tanr\u0131m Dikeninden fazla, g\u00fcllerin de var Her t\u00fcrl\u00fc enerji, sunmu\u015fsun amma&#8230;<\/p>\n","protected":false},"author":20,"featured_media":3006,"comment_status":"open","ping_status":"open","sticky":false,"template":"","format":"standard","meta":{"_bbp_topic_count":0,"_bbp_reply_count":0,"_bbp_total_topic_count":0,"_bbp_total_reply_count":0,"_bbp_voice_count":0,"_bbp_anonymous_reply_count":0,"_bbp_topic_count_hidden":0,"_bbp_reply_count_hidden":0,"_bbp_forum_subforum_count":0,"om_disable_all_campaigns":false,"_uag_custom_page_level_css":"","ngg_post_thumbnail":0,"footnotes":""},"categories":[17],"tags":[],"ppma_author":[177],"class_list":["post-3005","post","type-post","status-publish","format-standard","has-post-thumbnail","hentry","category-siir"],"yoast_head":"<!-- This site is optimized with the Yoast SEO plugin v24.9 - https:\/\/yoast.com\/wordpress\/plugins\/seo\/ -->\n<title>Varlar ve Yoklar Evreni - simurgedebiyat.com<\/title>\n<meta name=\"robots\" content=\"index, follow, max-snippet:-1, max-image-preview:large, max-video-preview:-1\" \/>\n<link rel=\"canonical\" href=\"https:\/\/simurgedebiyat.com\/index.php\/2025\/12\/07\/varlar-ve-yoklar-alemi\/\" \/>\n<meta property=\"og:locale\" content=\"tr_TR\" \/>\n<meta property=\"og:type\" content=\"article\" \/>\n<meta property=\"og:title\" content=\"Varlar ve Yoklar Evreni - simurgedebiyat.com\" \/>\n<meta property=\"og:description\" content=\"Hikmetinden sual olmaz ey Tanr\u0131m Dikeninden fazla, g\u00fcllerin de var Her t\u00fcrl\u00fc enerji, sunmu\u015fsun amma...\" \/>\n<meta property=\"og:url\" content=\"https:\/\/simurgedebiyat.com\/index.php\/2025\/12\/07\/varlar-ve-yoklar-alemi\/\" \/>\n<meta property=\"og:site_name\" content=\"simurgedebiyat.com\" \/>\n<meta property=\"article:published_time\" content=\"2025-12-07T09:06:03+00:00\" \/>\n<meta property=\"article:modified_time\" content=\"2025-12-07T09:07:35+00:00\" \/>\n<meta property=\"og:image\" content=\"https:\/\/simurgedebiyat.com\/wp-content\/uploads\/2025\/12\/paralel-coklu-evren.jpg\" \/>\n\t<meta property=\"og:image:width\" content=\"1200\" \/>\n\t<meta property=\"og:image:height\" content=\"630\" \/>\n\t<meta property=\"og:image:type\" content=\"image\/jpeg\" \/>\n<meta name=\"author\" content=\"Ali R\u0131za MALKO\u00c7\" \/>\n<meta name=\"twitter:card\" content=\"summary_large_image\" \/>\n<meta name=\"twitter:label1\" content=\"Yazan:\" \/>\n\t<meta name=\"twitter:data1\" content=\"Ali R\u0131za MALKO\u00c7\" \/>\n\t<meta name=\"twitter:label2\" content=\"Tahmini okuma s\u00fcresi\" \/>\n\t<meta name=\"twitter:data2\" content=\"2 dakika\" \/>\n<script type=\"application\/ld+json\" class=\"yoast-schema-graph\">{\"@context\":\"https:\/\/schema.org\",\"@graph\":[{\"@type\":\"Article\",\"@id\":\"https:\/\/simurgedebiyat.com\/index.php\/2025\/12\/07\/varlar-ve-yoklar-alemi\/#article\",\"isPartOf\":{\"@id\":\"https:\/\/simurgedebiyat.com\/index.php\/2025\/12\/07\/varlar-ve-yoklar-alemi\/\"},\"author\":{\"name\":\"Ali R\u0131za MALKO\u00c7\",\"@id\":\"https:\/\/simurgedebiyat.com\/#\/schema\/person\/7b74af76cac0018e16c48bfd360e0fed\"},\"headline\":\"Varlar ve Yoklar Evreni\",\"datePublished\":\"2025-12-07T09:06:03+00:00\",\"dateModified\":\"2025-12-07T09:07:35+00:00\",\"mainEntityOfPage\":{\"@id\":\"https:\/\/simurgedebiyat.com\/index.php\/2025\/12\/07\/varlar-ve-yoklar-alemi\/\"},\"wordCount\":280,\"commentCount\":0,\"publisher\":{\"@id\":\"https:\/\/simurgedebiyat.com\/#organization\"},\"image\":{\"@id\":\"https:\/\/simurgedebiyat.com\/index.php\/2025\/12\/07\/varlar-ve-yoklar-alemi\/#primaryimage\"},\"thumbnailUrl\":\"https:\/\/simurgedebiyat.com\/wp-content\/uploads\/2025\/12\/paralel-coklu-evren.jpg\",\"articleSection\":[\"\u015eiir\"],\"inLanguage\":\"tr\",\"potentialAction\":[{\"@type\":\"CommentAction\",\"name\":\"Comment\",\"target\":[\"https:\/\/simurgedebiyat.com\/index.php\/2025\/12\/07\/varlar-ve-yoklar-alemi\/#respond\"]}]},{\"@type\":\"WebPage\",\"@id\":\"https:\/\/simurgedebiyat.com\/index.php\/2025\/12\/07\/varlar-ve-yoklar-alemi\/\",\"url\":\"https:\/\/simurgedebiyat.com\/index.php\/2025\/12\/07\/varlar-ve-yoklar-alemi\/\",\"name\":\"Varlar ve Yoklar Evreni - simurgedebiyat.com\",\"isPartOf\":{\"@id\":\"https:\/\/simurgedebiyat.com\/#website\"},\"primaryImageOfPage\":{\"@id\":\"https:\/\/simurgedebiyat.com\/index.php\/2025\/12\/07\/varlar-ve-yoklar-alemi\/#primaryimage\"},\"image\":{\"@id\":\"https:\/\/simurgedebiyat.com\/index.php\/2025\/12\/07\/varlar-ve-yoklar-alemi\/#primaryimage\"},\"thumbnailUrl\":\"https:\/\/simurgedebiyat.com\/wp-content\/uploads\/2025\/12\/paralel-coklu-evren.jpg\",\"datePublished\":\"2025-12-07T09:06:03+00:00\",\"dateModified\":\"2025-12-07T09:07:35+00:00\",\"breadcrumb\":{\"@id\":\"https:\/\/simurgedebiyat.com\/index.php\/2025\/12\/07\/varlar-ve-yoklar-alemi\/#breadcrumb\"},\"inLanguage\":\"tr\",\"potentialAction\":[{\"@type\":\"ReadAction\",\"target\":[\"https:\/\/simurgedebiyat.com\/index.php\/2025\/12\/07\/varlar-ve-yoklar-alemi\/\"]}]},{\"@type\":\"ImageObject\",\"inLanguage\":\"tr\",\"@id\":\"https:\/\/simurgedebiyat.com\/index.php\/2025\/12\/07\/varlar-ve-yoklar-alemi\/#primaryimage\",\"url\":\"https:\/\/simurgedebiyat.com\/wp-content\/uploads\/2025\/12\/paralel-coklu-evren.jpg\",\"contentUrl\":\"https:\/\/simurgedebiyat.com\/wp-content\/uploads\/2025\/12\/paralel-coklu-evren.jpg\",\"width\":1200,\"height\":630},{\"@type\":\"BreadcrumbList\",\"@id\":\"https:\/\/simurgedebiyat.com\/index.php\/2025\/12\/07\/varlar-ve-yoklar-alemi\/#breadcrumb\",\"itemListElement\":[{\"@type\":\"ListItem\",\"position\":1,\"name\":\"Anasayfa\",\"item\":\"https:\/\/simurgedebiyat.com\/\"},{\"@type\":\"ListItem\",\"position\":2,\"name\":\"Varlar ve Yoklar Evreni\"}]},{\"@type\":\"WebSite\",\"@id\":\"https:\/\/simurgedebiyat.com\/#website\",\"url\":\"https:\/\/simurgedebiyat.com\/\",\"name\":\"simurgedebiyat.com\",\"description\":\"edebiyat&amp;K\u00fclt\u00fcr&amp;Sanat&amp;D\u00fc\u015f\u00fcnce \",\"publisher\":{\"@id\":\"https:\/\/simurgedebiyat.com\/#organization\"},\"potentialAction\":[{\"@type\":\"SearchAction\",\"target\":{\"@type\":\"EntryPoint\",\"urlTemplate\":\"https:\/\/simurgedebiyat.com\/?s={search_term_string}\"},\"query-input\":{\"@type\":\"PropertyValueSpecification\",\"valueRequired\":true,\"valueName\":\"search_term_string\"}}],\"inLanguage\":\"tr\"},{\"@type\":\"Organization\",\"@id\":\"https:\/\/simurgedebiyat.com\/#organization\",\"name\":\"simurgedebiyat.com\",\"url\":\"https:\/\/simurgedebiyat.com\/\",\"logo\":{\"@type\":\"ImageObject\",\"inLanguage\":\"tr\",\"@id\":\"https:\/\/simurgedebiyat.com\/#\/schema\/logo\/image\/\",\"url\":\"https:\/\/simurgedebiyat.com\/wp-content\/uploads\/2025\/11\/cropped-HHHHH-1.jpeg\",\"contentUrl\":\"https:\/\/simurgedebiyat.com\/wp-content\/uploads\/2025\/11\/cropped-HHHHH-1.jpeg\",\"width\":245,\"height\":205,\"caption\":\"simurgedebiyat.com\"},\"image\":{\"@id\":\"https:\/\/simurgedebiyat.com\/#\/schema\/logo\/image\/\"}},{\"@type\":\"Person\",\"@id\":\"https:\/\/simurgedebiyat.com\/#\/schema\/person\/7b74af76cac0018e16c48bfd360e0fed\",\"name\":\"Ali R\u0131za MALKO\u00c7\",\"image\":{\"@type\":\"ImageObject\",\"inLanguage\":\"tr\",\"@id\":\"https:\/\/simurgedebiyat.com\/#\/schema\/person\/image\/23494c9101089ad44ae88ce9d2f56aac\",\"url\":\"https:\/\/secure.gravatar.com\/avatar\/?s=96&d=mm&r=g\",\"contentUrl\":\"https:\/\/secure.gravatar.com\/avatar\/?s=96&d=mm&r=g\",\"caption\":\"Ali R\u0131za MALKO\u00c7\"},\"description\":\"1965 y\u0131l\u0131nda Samsun\u2019da do\u011fdu. \u0130lk ve orta \u00f6\u011frenimini Samsun\u2019da tamamlad\u0131. Teknik Lise Elektrik b\u00f6l\u00fcm\u00fcnden mezun oldu. Y\u00fcksek\u00f6\u011frenimini Eski\u015fehir Anadolu \u00dcnv. \u0130ktisat Fak\u00fcltesinde tamamlad\u0131. K\u0131sa d\u00f6nem askerlik g\u00f6revinden sonra, Samsun ve Bursa\u2019da medya, e\u011fitim, bili\u015fim ve i\u015f d\u00fcnyas\u0131 kurulu\u015flar\u0131nda 25 y\u0131l g\u00f6rev yapt\u0131. 1999 y\u0131l\u0131nda, ilk internet haber sitelerinden Mailgazete\u2019yi yay\u0131nlad\u0131, 13 y\u0131l sonra devretti. K\u00fc\u00e7\u00fck ya\u015flardan itibaren edebiyatla, bilimle, teknolojiyle ve \u015fiirle ilgilenmeye ba\u015flam\u0131\u015f olmas\u0131na kar\u015f\u0131n yakla\u015f\u0131k 40 ya\u015f\u0131nda hece \u015fiiri yazmaya y\u00f6neldi. Ozan Sentezi\u2019nin yard\u0131m\u0131yla da geleneksel \u015fiiri \u00f6\u011frendi. Ayr\u0131ca okudu\u011fu kitaplar arac\u0131l\u0131\u011f\u0131yla kendini geli\u015ftirdi ve bilgisini peki\u015ftirdi. Ali R\u0131za Malko\u00e7 geleneksel bir usta-\u00e7\u0131rak ili\u015fkisinde yeti\u015fmemesine kar\u015f\u0131n Kuddus\u00ee (1760-1848), Everekli Seyrani (1807-1866), Delikta\u015fl\u0131 A\u015f\u0131k Ruhsati (1836-1912), Narmanl\u0131 S\u00fcmmani (1860-1915), Daim\u00ee (1932-1983), Sefil Selimi (1933-2003), Ozan Sentezi (1962-) gibi \u00e2\u015f\u0131klar\u0131\/\u015fairleri kendisine usta olarak kabul etti. Ali R\u0131za Malko\u00e7\u2019un \u015fiirleri \u00e7e\u015fitli gazete, dergi, web sitesi ve ara\u015ft\u0131rmalarda aktar\u0131ld\u0131. Ali R\u0131za Malko\u00e7\u2019un \u015fiirlerine ili\u015fkin 3 \u00fcniversitede lisans bitirme tezi ve 1 \u00fcniversitede y\u00fcksek lisans tezi \u00e7al\u0131\u015fmas\u0131 yap\u0131ld\u0131. \u015eahin \u00c7ahan (2007), KT\u00dc Fen Edebiyat Fak\u00fcltesi\/ Tu\u011fba \u00d6zdin\u00e7 (2010), Konya Sel\u00e7uk \u00dcniversitesi Fen Edebiyat Fak\u00fcltesi\/ Ahmet Demircan (2010) Y\u00fcksek Lisans Tezi Gazi \u00dcniversitesi taraf\u0131ndan bitirme ve y\u00fcksek lisans tezleri haz\u0131rland\u0131. \u015eiirleri akademik makalelere konu oldu. T\u00fcrk Dili ve Edebiyat\u0131 B\u00f6l\u00fcm\u00fc \u00d6\u011fretim \u00dcyesi Dr. \u0130sa Sar\u0131\u2019n\u0131n https:\/\/www.isa-sari.com\/yasayan-bir-halk-sairi-ali-riza-malkoc-malkoc-ali\/ sayfas\u0131nda hakk\u0131nda yazd\u0131\u011f\u0131 ara\u015ft\u0131rma yaz\u0131s\u0131; Gazi Kitabevi Yay\u0131nlar\u0131ndan \u00e7\u0131kan, \u201cSaz\u0131n ve s\u00f6z\u00fcn sultanlar\u0131, Ya\u015fayan Halk \u015eairleri II\u201d kitab\u0131nda yay\u0131nlanm\u0131\u015ft\u0131r. Yay\u0131nlanm\u0131\u015f Eserleri: T\u00fcrk\u00fcler Bizi S\u00f6yler 1\/ 2004 T\u00fcrk\u00fcler Bizi S\u00f6yler 2\/ 2005 Duygular Dillensin Diye\/ 2006 Ya\u015fam Merdiveni \/Temmuz 2018 Ya\u015fam Donan\u0131mlar\u0131 \/ A\u011fustos 2018 Hukuk A\u015fk\u0131 \/ Haziran 2019 G\u00fczerg\u00e2h Aray\u0131\u015f\u0131 \/ \u015eubat 2020 Kitap \u0130nceleme Yaz\u0131lar\u0131 \/ Mart 2020 Nostalji Harman\u0131 \/ Nisan 2020 Organize Toplum \/ May\u0131s 2020 Anadolu Ortak A\u015fk Medeniyeti \/ Eyl\u00fcl 2020 Adalet Sevdam Benim \/ Aral\u0131k 2020 Bu \u015eiirde \u00d6zne Sensin \/ \u015eubat 2021 MutluK\u00f6y \/ Haziran 2021 \u00d6zdeyi\u015fler \/ Haziran 2021 Suya ve Sabuna Dokunan Yaz\u0131lar\/Haziran 2021 T\u00fcrk\u00fcler Bizi S\u00f6yler \u015eark\u0131lar Bizi \u00d6zler \/A\u011fustos 2021 A\u015f\u0131 Tohum ve Maya \/ Ocak 2022 Ve insan Uyan\u0131nca \/ Nisan 2022 Kurgusal Mektuplar \/ Temmuz 2022 Bahar Esintileri\/ Kas\u0131m 2022 Aya\u011fa Kalk Adalet \/ \u015eubat 2023 Hece Hece \u015eiir D\u00fcnyam \/ Mart 2023 Aya\u011fa Kalk \u0130nsanl\u0131k \/ Haziran 2023 \u00d6zlem Y\u00fckl\u00fc An\u0131lar\u0131n izinde \/ A\u011fustos 2023 Aya\u011fa Kalk Anadolu \/Ekim 2023 En G\u00fczele Y\u00fcr\u00fcmek \/ Mart 2024 \u00c7al\u0131\u015fma At\u00f6lyemiz \/ Temmuz 2024 Hepimiz Bu d\u00fcnyaya \u0130nsan Olmaya Geldik\/\u015eubat 2024 H\u00fcseyin Karako\u00e7, Burhan Tarlaba\u015f\u0131 ve Bilal K\u0131rba\u015f taraf\u0131ndan 10 \u015fiiri t\u00fcrk\u00fc formunda bestelendi. 2023 y\u0131l\u0131 itibariyle yakla\u015f\u0131k 500 hece \u015fiiri bulunmaktad\u0131r. Toplumsal i\u00e7erikli makale ve \u00f6zdeyi\u015fleri, farkl\u0131 web siteleri ve sosyal medya ortam\u0131nda yay\u0131nlanmaktad\u0131r. Felsefe, psikoloji, sosyoloji, mant\u0131k, hukuk a\u011f\u0131rl\u0131kl\u0131 yay\u0131n ve t\u00fcm yaz\u0131l\u0131 \u00e7al\u0131\u015fmalar ilgi alan\u0131na girmektedir. AR-GE, \u00dcR-GE, inovasyon, i\u00e7 denetim, kurumsal geli\u015fim, kalite, verimlilik ve planlama da ilgi, bilgi ve uygulama alanlar\u0131 aras\u0131ndad\u0131r. Kitap okurlu\u011fu ve yazarl\u0131\u011f\u0131n\u0131n yan\u0131nda; yay\u0131nevlerine, yazarlara, ilgi alanlar\u0131 dahilinde redaksiyon, son okuma hizmeti vermektedir. Yazar\u0131n ileti\u015fim bilgileri, \u00e7al\u0131\u015fmalar\u0131, eserleri, ki\u015fisel web site adresinde bulunmaktad\u0131r: arm.web.tr\",\"url\":\"https:\/\/simurgedebiyat.com\/index.php\/author\/ali-riza-malkoc\/\"}]}<\/script>\n<!-- \/ Yoast SEO plugin. -->","yoast_head_json":{"title":"Varlar ve Yoklar Evreni - simurgedebiyat.com","robots":{"index":"index","follow":"follow","max-snippet":"max-snippet:-1","max-image-preview":"max-image-preview:large","max-video-preview":"max-video-preview:-1"},"canonical":"https:\/\/simurgedebiyat.com\/index.php\/2025\/12\/07\/varlar-ve-yoklar-alemi\/","og_locale":"tr_TR","og_type":"article","og_title":"Varlar ve Yoklar Evreni - simurgedebiyat.com","og_description":"Hikmetinden sual olmaz ey Tanr\u0131m Dikeninden fazla, g\u00fcllerin de var Her t\u00fcrl\u00fc enerji, sunmu\u015fsun amma...","og_url":"https:\/\/simurgedebiyat.com\/index.php\/2025\/12\/07\/varlar-ve-yoklar-alemi\/","og_site_name":"simurgedebiyat.com","article_published_time":"2025-12-07T09:06:03+00:00","article_modified_time":"2025-12-07T09:07:35+00:00","og_image":[{"width":1200,"height":630,"url":"https:\/\/simurgedebiyat.com\/wp-content\/uploads\/2025\/12\/paralel-coklu-evren.jpg","type":"image\/jpeg"}],"author":"Ali R\u0131za MALKO\u00c7","twitter_card":"summary_large_image","twitter_misc":{"Yazan:":"Ali R\u0131za MALKO\u00c7","Tahmini okuma s\u00fcresi":"2 dakika"},"schema":{"@context":"https:\/\/schema.org","@graph":[{"@type":"Article","@id":"https:\/\/simurgedebiyat.com\/index.php\/2025\/12\/07\/varlar-ve-yoklar-alemi\/#article","isPartOf":{"@id":"https:\/\/simurgedebiyat.com\/index.php\/2025\/12\/07\/varlar-ve-yoklar-alemi\/"},"author":{"name":"Ali R\u0131za MALKO\u00c7","@id":"https:\/\/simurgedebiyat.com\/#\/schema\/person\/7b74af76cac0018e16c48bfd360e0fed"},"headline":"Varlar ve Yoklar Evreni","datePublished":"2025-12-07T09:06:03+00:00","dateModified":"2025-12-07T09:07:35+00:00","mainEntityOfPage":{"@id":"https:\/\/simurgedebiyat.com\/index.php\/2025\/12\/07\/varlar-ve-yoklar-alemi\/"},"wordCount":280,"commentCount":0,"publisher":{"@id":"https:\/\/simurgedebiyat.com\/#organization"},"image":{"@id":"https:\/\/simurgedebiyat.com\/index.php\/2025\/12\/07\/varlar-ve-yoklar-alemi\/#primaryimage"},"thumbnailUrl":"https:\/\/simurgedebiyat.com\/wp-content\/uploads\/2025\/12\/paralel-coklu-evren.jpg","articleSection":["\u015eiir"],"inLanguage":"tr","potentialAction":[{"@type":"CommentAction","name":"Comment","target":["https:\/\/simurgedebiyat.com\/index.php\/2025\/12\/07\/varlar-ve-yoklar-alemi\/#respond"]}]},{"@type":"WebPage","@id":"https:\/\/simurgedebiyat.com\/index.php\/2025\/12\/07\/varlar-ve-yoklar-alemi\/","url":"https:\/\/simurgedebiyat.com\/index.php\/2025\/12\/07\/varlar-ve-yoklar-alemi\/","name":"Varlar ve Yoklar Evreni - simurgedebiyat.com","isPartOf":{"@id":"https:\/\/simurgedebiyat.com\/#website"},"primaryImageOfPage":{"@id":"https:\/\/simurgedebiyat.com\/index.php\/2025\/12\/07\/varlar-ve-yoklar-alemi\/#primaryimage"},"image":{"@id":"https:\/\/simurgedebiyat.com\/index.php\/2025\/12\/07\/varlar-ve-yoklar-alemi\/#primaryimage"},"thumbnailUrl":"https:\/\/simurgedebiyat.com\/wp-content\/uploads\/2025\/12\/paralel-coklu-evren.jpg","datePublished":"2025-12-07T09:06:03+00:00","dateModified":"2025-12-07T09:07:35+00:00","breadcrumb":{"@id":"https:\/\/simurgedebiyat.com\/index.php\/2025\/12\/07\/varlar-ve-yoklar-alemi\/#breadcrumb"},"inLanguage":"tr","potentialAction":[{"@type":"ReadAction","target":["https:\/\/simurgedebiyat.com\/index.php\/2025\/12\/07\/varlar-ve-yoklar-alemi\/"]}]},{"@type":"ImageObject","inLanguage":"tr","@id":"https:\/\/simurgedebiyat.com\/index.php\/2025\/12\/07\/varlar-ve-yoklar-alemi\/#primaryimage","url":"https:\/\/simurgedebiyat.com\/wp-content\/uploads\/2025\/12\/paralel-coklu-evren.jpg","contentUrl":"https:\/\/simurgedebiyat.com\/wp-content\/uploads\/2025\/12\/paralel-coklu-evren.jpg","width":1200,"height":630},{"@type":"BreadcrumbList","@id":"https:\/\/simurgedebiyat.com\/index.php\/2025\/12\/07\/varlar-ve-yoklar-alemi\/#breadcrumb","itemListElement":[{"@type":"ListItem","position":1,"name":"Anasayfa","item":"https:\/\/simurgedebiyat.com\/"},{"@type":"ListItem","position":2,"name":"Varlar ve Yoklar Evreni"}]},{"@type":"WebSite","@id":"https:\/\/simurgedebiyat.com\/#website","url":"https:\/\/simurgedebiyat.com\/","name":"simurgedebiyat.com","description":"edebiyat&amp;K\u00fclt\u00fcr&amp;Sanat&amp;D\u00fc\u015f\u00fcnce ","publisher":{"@id":"https:\/\/simurgedebiyat.com\/#organization"},"potentialAction":[{"@type":"SearchAction","target":{"@type":"EntryPoint","urlTemplate":"https:\/\/simurgedebiyat.com\/?s={search_term_string}"},"query-input":{"@type":"PropertyValueSpecification","valueRequired":true,"valueName":"search_term_string"}}],"inLanguage":"tr"},{"@type":"Organization","@id":"https:\/\/simurgedebiyat.com\/#organization","name":"simurgedebiyat.com","url":"https:\/\/simurgedebiyat.com\/","logo":{"@type":"ImageObject","inLanguage":"tr","@id":"https:\/\/simurgedebiyat.com\/#\/schema\/logo\/image\/","url":"https:\/\/simurgedebiyat.com\/wp-content\/uploads\/2025\/11\/cropped-HHHHH-1.jpeg","contentUrl":"https:\/\/simurgedebiyat.com\/wp-content\/uploads\/2025\/11\/cropped-HHHHH-1.jpeg","width":245,"height":205,"caption":"simurgedebiyat.com"},"image":{"@id":"https:\/\/simurgedebiyat.com\/#\/schema\/logo\/image\/"}},{"@type":"Person","@id":"https:\/\/simurgedebiyat.com\/#\/schema\/person\/7b74af76cac0018e16c48bfd360e0fed","name":"Ali R\u0131za MALKO\u00c7","image":{"@type":"ImageObject","inLanguage":"tr","@id":"https:\/\/simurgedebiyat.com\/#\/schema\/person\/image\/23494c9101089ad44ae88ce9d2f56aac","url":"https:\/\/secure.gravatar.com\/avatar\/?s=96&d=mm&r=g","contentUrl":"https:\/\/secure.gravatar.com\/avatar\/?s=96&d=mm&r=g","caption":"Ali R\u0131za MALKO\u00c7"},"description":"1965 y\u0131l\u0131nda Samsun\u2019da do\u011fdu. \u0130lk ve orta \u00f6\u011frenimini Samsun\u2019da tamamlad\u0131. Teknik Lise Elektrik b\u00f6l\u00fcm\u00fcnden mezun oldu. Y\u00fcksek\u00f6\u011frenimini Eski\u015fehir Anadolu \u00dcnv. \u0130ktisat Fak\u00fcltesinde tamamlad\u0131. K\u0131sa d\u00f6nem askerlik g\u00f6revinden sonra, Samsun ve Bursa\u2019da medya, e\u011fitim, bili\u015fim ve i\u015f d\u00fcnyas\u0131 kurulu\u015flar\u0131nda 25 y\u0131l g\u00f6rev yapt\u0131. 1999 y\u0131l\u0131nda, ilk internet haber sitelerinden Mailgazete\u2019yi yay\u0131nlad\u0131, 13 y\u0131l sonra devretti. K\u00fc\u00e7\u00fck ya\u015flardan itibaren edebiyatla, bilimle, teknolojiyle ve \u015fiirle ilgilenmeye ba\u015flam\u0131\u015f olmas\u0131na kar\u015f\u0131n yakla\u015f\u0131k 40 ya\u015f\u0131nda hece \u015fiiri yazmaya y\u00f6neldi. Ozan Sentezi\u2019nin yard\u0131m\u0131yla da geleneksel \u015fiiri \u00f6\u011frendi. Ayr\u0131ca okudu\u011fu kitaplar arac\u0131l\u0131\u011f\u0131yla kendini geli\u015ftirdi ve bilgisini peki\u015ftirdi. Ali R\u0131za Malko\u00e7 geleneksel bir usta-\u00e7\u0131rak ili\u015fkisinde yeti\u015fmemesine kar\u015f\u0131n Kuddus\u00ee (1760-1848), Everekli Seyrani (1807-1866), Delikta\u015fl\u0131 A\u015f\u0131k Ruhsati (1836-1912), Narmanl\u0131 S\u00fcmmani (1860-1915), Daim\u00ee (1932-1983), Sefil Selimi (1933-2003), Ozan Sentezi (1962-) gibi \u00e2\u015f\u0131klar\u0131\/\u015fairleri kendisine usta olarak kabul etti. Ali R\u0131za Malko\u00e7\u2019un \u015fiirleri \u00e7e\u015fitli gazete, dergi, web sitesi ve ara\u015ft\u0131rmalarda aktar\u0131ld\u0131. Ali R\u0131za Malko\u00e7\u2019un \u015fiirlerine ili\u015fkin 3 \u00fcniversitede lisans bitirme tezi ve 1 \u00fcniversitede y\u00fcksek lisans tezi \u00e7al\u0131\u015fmas\u0131 yap\u0131ld\u0131. \u015eahin \u00c7ahan (2007), KT\u00dc Fen Edebiyat Fak\u00fcltesi\/ Tu\u011fba \u00d6zdin\u00e7 (2010), Konya Sel\u00e7uk \u00dcniversitesi Fen Edebiyat Fak\u00fcltesi\/ Ahmet Demircan (2010) Y\u00fcksek Lisans Tezi Gazi \u00dcniversitesi taraf\u0131ndan bitirme ve y\u00fcksek lisans tezleri haz\u0131rland\u0131. \u015eiirleri akademik makalelere konu oldu. T\u00fcrk Dili ve Edebiyat\u0131 B\u00f6l\u00fcm\u00fc \u00d6\u011fretim \u00dcyesi Dr. \u0130sa Sar\u0131\u2019n\u0131n https:\/\/www.isa-sari.com\/yasayan-bir-halk-sairi-ali-riza-malkoc-malkoc-ali\/ sayfas\u0131nda hakk\u0131nda yazd\u0131\u011f\u0131 ara\u015ft\u0131rma yaz\u0131s\u0131; Gazi Kitabevi Yay\u0131nlar\u0131ndan \u00e7\u0131kan, \u201cSaz\u0131n ve s\u00f6z\u00fcn sultanlar\u0131, Ya\u015fayan Halk \u015eairleri II\u201d kitab\u0131nda yay\u0131nlanm\u0131\u015ft\u0131r. Yay\u0131nlanm\u0131\u015f Eserleri: T\u00fcrk\u00fcler Bizi S\u00f6yler 1\/ 2004 T\u00fcrk\u00fcler Bizi S\u00f6yler 2\/ 2005 Duygular Dillensin Diye\/ 2006 Ya\u015fam Merdiveni \/Temmuz 2018 Ya\u015fam Donan\u0131mlar\u0131 \/ A\u011fustos 2018 Hukuk A\u015fk\u0131 \/ Haziran 2019 G\u00fczerg\u00e2h Aray\u0131\u015f\u0131 \/ \u015eubat 2020 Kitap \u0130nceleme Yaz\u0131lar\u0131 \/ Mart 2020 Nostalji Harman\u0131 \/ Nisan 2020 Organize Toplum \/ May\u0131s 2020 Anadolu Ortak A\u015fk Medeniyeti \/ Eyl\u00fcl 2020 Adalet Sevdam Benim \/ Aral\u0131k 2020 Bu \u015eiirde \u00d6zne Sensin \/ \u015eubat 2021 MutluK\u00f6y \/ Haziran 2021 \u00d6zdeyi\u015fler \/ Haziran 2021 Suya ve Sabuna Dokunan Yaz\u0131lar\/Haziran 2021 T\u00fcrk\u00fcler Bizi S\u00f6yler \u015eark\u0131lar Bizi \u00d6zler \/A\u011fustos 2021 A\u015f\u0131 Tohum ve Maya \/ Ocak 2022 Ve insan Uyan\u0131nca \/ Nisan 2022 Kurgusal Mektuplar \/ Temmuz 2022 Bahar Esintileri\/ Kas\u0131m 2022 Aya\u011fa Kalk Adalet \/ \u015eubat 2023 Hece Hece \u015eiir D\u00fcnyam \/ Mart 2023 Aya\u011fa Kalk \u0130nsanl\u0131k \/ Haziran 2023 \u00d6zlem Y\u00fckl\u00fc An\u0131lar\u0131n izinde \/ A\u011fustos 2023 Aya\u011fa Kalk Anadolu \/Ekim 2023 En G\u00fczele Y\u00fcr\u00fcmek \/ Mart 2024 \u00c7al\u0131\u015fma At\u00f6lyemiz \/ Temmuz 2024 Hepimiz Bu d\u00fcnyaya \u0130nsan Olmaya Geldik\/\u015eubat 2024 H\u00fcseyin Karako\u00e7, Burhan Tarlaba\u015f\u0131 ve Bilal K\u0131rba\u015f taraf\u0131ndan 10 \u015fiiri t\u00fcrk\u00fc formunda bestelendi. 2023 y\u0131l\u0131 itibariyle yakla\u015f\u0131k 500 hece \u015fiiri bulunmaktad\u0131r. Toplumsal i\u00e7erikli makale ve \u00f6zdeyi\u015fleri, farkl\u0131 web siteleri ve sosyal medya ortam\u0131nda yay\u0131nlanmaktad\u0131r. Felsefe, psikoloji, sosyoloji, mant\u0131k, hukuk a\u011f\u0131rl\u0131kl\u0131 yay\u0131n ve t\u00fcm yaz\u0131l\u0131 \u00e7al\u0131\u015fmalar ilgi alan\u0131na girmektedir. AR-GE, \u00dcR-GE, inovasyon, i\u00e7 denetim, kurumsal geli\u015fim, kalite, verimlilik ve planlama da ilgi, bilgi ve uygulama alanlar\u0131 aras\u0131ndad\u0131r. Kitap okurlu\u011fu ve yazarl\u0131\u011f\u0131n\u0131n yan\u0131nda; yay\u0131nevlerine, yazarlara, ilgi alanlar\u0131 dahilinde redaksiyon, son okuma hizmeti vermektedir. Yazar\u0131n ileti\u015fim bilgileri, \u00e7al\u0131\u015fmalar\u0131, eserleri, ki\u015fisel web site adresinde bulunmaktad\u0131r: arm.web.tr","url":"https:\/\/simurgedebiyat.com\/index.php\/author\/ali-riza-malkoc\/"}]}},"featured_image_urls":{"full":["https:\/\/simurgedebiyat.com\/wp-content\/uploads\/2025\/12\/paralel-coklu-evren.jpg",1200,630,false],"thumbnail":["https:\/\/simurgedebiyat.com\/wp-content\/uploads\/2025\/12\/paralel-coklu-evren-150x150.jpg",150,150,true],"medium":["https:\/\/simurgedebiyat.com\/wp-content\/uploads\/2025\/12\/paralel-coklu-evren-300x158.jpg",300,158,true],"medium_large":["https:\/\/simurgedebiyat.com\/wp-content\/uploads\/2025\/12\/paralel-coklu-evren-768x403.jpg",640,336,true],"large":["https:\/\/simurgedebiyat.com\/wp-content\/uploads\/2025\/12\/paralel-coklu-evren-1024x538.jpg",640,336,true],"1536x1536":["https:\/\/simurgedebiyat.com\/wp-content\/uploads\/2025\/12\/paralel-coklu-evren.jpg",1200,630,false],"2048x2048":["https:\/\/simurgedebiyat.com\/wp-content\/uploads\/2025\/12\/paralel-coklu-evren.jpg",1200,630,false],"covernews-slider-full":["https:\/\/simurgedebiyat.com\/wp-content\/uploads\/2025\/12\/paralel-coklu-evren-1115x630.jpg",1115,630,true],"covernews-slider-center":["https:\/\/simurgedebiyat.com\/wp-content\/uploads\/2025\/12\/paralel-coklu-evren-800x500.jpg",800,500,true],"covernews-featured":["https:\/\/simurgedebiyat.com\/wp-content\/uploads\/2025\/12\/paralel-coklu-evren-1024x538.jpg",1024,538,true],"covernews-medium":["https:\/\/simurgedebiyat.com\/wp-content\/uploads\/2025\/12\/paralel-coklu-evren-540x340.jpg",540,340,true],"covernews-medium-square":["https:\/\/simurgedebiyat.com\/wp-content\/uploads\/2025\/12\/paralel-coklu-evren-400x250.jpg",400,250,true],"sow-carousel-default":["https:\/\/simurgedebiyat.com\/wp-content\/uploads\/2025\/12\/paralel-coklu-evren-272x182.jpg",272,182,true],"sow-blog-portfolio":["https:\/\/simurgedebiyat.com\/wp-content\/uploads\/2025\/12\/paralel-coklu-evren-375x375.jpg",375,375,true],"sow-blog-grid":["https:\/\/simurgedebiyat.com\/wp-content\/uploads\/2025\/12\/paralel-coklu-evren-720x480.jpg",720,480,true],"sow-blog-alternate":["https:\/\/simurgedebiyat.com\/wp-content\/uploads\/2025\/12\/paralel-coklu-evren-950x630.jpg",950,630,true],"sow-recent-post":["https:\/\/simurgedebiyat.com\/wp-content\/uploads\/2025\/12\/paralel-coklu-evren-216x216.jpg",216,216,true]},"author_info":{"display_name":"Ali R\u0131za MALKO\u00c7","author_link":"https:\/\/simurgedebiyat.com\/index.php\/author\/ali-riza-malkoc\/"},"category_info":"<a href=\"https:\/\/simurgedebiyat.com\/index.php\/category\/siir\/\" rel=\"category tag\">\u015eiir<\/a>","tag_info":"\u015eiir","comment_count":"0","jetpack_featured_media_url":"https:\/\/simurgedebiyat.com\/wp-content\/uploads\/2025\/12\/paralel-coklu-evren.jpg","uagb_featured_image_src":{"full":["https:\/\/simurgedebiyat.com\/wp-content\/uploads\/2025\/12\/paralel-coklu-evren.jpg",1200,630,false],"thumbnail":["https:\/\/simurgedebiyat.com\/wp-content\/uploads\/2025\/12\/paralel-coklu-evren-150x150.jpg",150,150,true],"medium":["https:\/\/simurgedebiyat.com\/wp-content\/uploads\/2025\/12\/paralel-coklu-evren-300x158.jpg",300,158,true],"medium_large":["https:\/\/simurgedebiyat.com\/wp-content\/uploads\/2025\/12\/paralel-coklu-evren-768x403.jpg",640,336,true],"large":["https:\/\/simurgedebiyat.com\/wp-content\/uploads\/2025\/12\/paralel-coklu-evren-1024x538.jpg",640,336,true],"1536x1536":["https:\/\/simurgedebiyat.com\/wp-content\/uploads\/2025\/12\/paralel-coklu-evren.jpg",1200,630,false],"2048x2048":["https:\/\/simurgedebiyat.com\/wp-content\/uploads\/2025\/12\/paralel-coklu-evren.jpg",1200,630,false],"covernews-slider-full":["https:\/\/simurgedebiyat.com\/wp-content\/uploads\/2025\/12\/paralel-coklu-evren-1115x630.jpg",1115,630,true],"covernews-slider-center":["https:\/\/simurgedebiyat.com\/wp-content\/uploads\/2025\/12\/paralel-coklu-evren-800x500.jpg",800,500,true],"covernews-featured":["https:\/\/simurgedebiyat.com\/wp-content\/uploads\/2025\/12\/paralel-coklu-evren-1024x538.jpg",1024,538,true],"covernews-medium":["https:\/\/simurgedebiyat.com\/wp-content\/uploads\/2025\/12\/paralel-coklu-evren-540x340.jpg",540,340,true],"covernews-medium-square":["https:\/\/simurgedebiyat.com\/wp-content\/uploads\/2025\/12\/paralel-coklu-evren-400x250.jpg",400,250,true],"sow-carousel-default":["https:\/\/simurgedebiyat.com\/wp-content\/uploads\/2025\/12\/paralel-coklu-evren-272x182.jpg",272,182,true],"sow-blog-portfolio":["https:\/\/simurgedebiyat.com\/wp-content\/uploads\/2025\/12\/paralel-coklu-evren-375x375.jpg",375,375,true],"sow-blog-grid":["https:\/\/simurgedebiyat.com\/wp-content\/uploads\/2025\/12\/paralel-coklu-evren-720x480.jpg",720,480,true],"sow-blog-alternate":["https:\/\/simurgedebiyat.com\/wp-content\/uploads\/2025\/12\/paralel-coklu-evren-950x630.jpg",950,630,true],"sow-recent-post":["https:\/\/simurgedebiyat.com\/wp-content\/uploads\/2025\/12\/paralel-coklu-evren-216x216.jpg",216,216,true]},"uagb_author_info":{"display_name":"Ali R\u0131za MALKO\u00c7","author_link":"https:\/\/simurgedebiyat.com\/index.php\/author\/ali-riza-malkoc\/"},"uagb_comment_info":0,"uagb_excerpt":"Hikmetinden sual olmaz ey Tanr\u0131m Dikeninden fazla, g\u00fcllerin de var Her t\u00fcrl\u00fc enerji, sunmu\u015fsun amma...","authors":[{"term_id":177,"user_id":20,"is_guest":0,"slug":"ali-riza-malkoc","display_name":"Ali R\u0131za MALKO\u00c7","avatar_url":{"url":"https:\/\/simurgedebiyat.com\/wp-content\/uploads\/2025\/04\/ALI-RIZA-MALKOC.jpg","url2x":"https:\/\/simurgedebiyat.com\/wp-content\/uploads\/2025\/04\/ALI-RIZA-MALKOC.jpg"},"first_name":"","last_name":"","user_url":"","job_title":"","description":"1965 y\u0131l\u0131nda Samsun\u2019da do\u011fdu. \u0130lk ve orta \u00f6\u011frenimini Samsun\u2019da tamamlad\u0131. Teknik Lise Elektrik b\u00f6l\u00fcm\u00fcnden mezun oldu. Y\u00fcksek\u00f6\u011frenimini Eski\u015fehir Anadolu \u00dcnv. \u0130ktisat Fak\u00fcltesinde tamamlad\u0131. K\u0131sa d\u00f6nem askerlik g\u00f6revinden sonra, Samsun ve Bursa\u2019da medya, e\u011fitim, bili\u015fim ve i\u015f d\u00fcnyas\u0131 kurulu\u015flar\u0131nda 25 y\u0131l g\u00f6rev yapt\u0131. 1999 y\u0131l\u0131nda, ilk internet haber sitelerinden Mailgazete\u2019yi yay\u0131nlad\u0131, 13 y\u0131l sonra devretti. K\u00fc\u00e7\u00fck ya\u015flardan itibaren edebiyatla, bilimle, teknolojiyle ve \u015fiirle ilgilenmeye ba\u015flam\u0131\u015f olmas\u0131na kar\u015f\u0131n yakla\u015f\u0131k 40 ya\u015f\u0131nda hece \u015fiiri yazmaya y\u00f6neldi. Ozan Sentezi\u2019nin yard\u0131m\u0131yla da geleneksel \u015fiiri \u00f6\u011frendi. Ayr\u0131ca okudu\u011fu kitaplar arac\u0131l\u0131\u011f\u0131yla kendini geli\u015ftirdi ve bilgisini peki\u015ftirdi. Ali R\u0131za Malko\u00e7 geleneksel bir usta-\u00e7\u0131rak ili\u015fkisinde yeti\u015fmemesine kar\u015f\u0131n Kuddus\u00ee (1760-1848), Everekli Seyrani (1807-1866), Delikta\u015fl\u0131 A\u015f\u0131k Ruhsati (1836-1912), Narmanl\u0131 S\u00fcmmani (1860-1915), Daim\u00ee (1932-1983), Sefil Selimi (1933-2003), Ozan Sentezi (1962-) gibi \u00e2\u015f\u0131klar\u0131\/\u015fairleri kendisine usta olarak kabul etti. Ali R\u0131za Malko\u00e7\u2019un \u015fiirleri \u00e7e\u015fitli gazete, dergi, web sitesi ve ara\u015ft\u0131rmalarda aktar\u0131ld\u0131. Ali R\u0131za Malko\u00e7\u2019un \u015fiirlerine ili\u015fkin 3 \u00fcniversitede lisans bitirme tezi ve 1 \u00fcniversitede y\u00fcksek lisans tezi \u00e7al\u0131\u015fmas\u0131 yap\u0131ld\u0131.\r\n\u015eahin \u00c7ahan (2007), KT\u00dc Fen Edebiyat Fak\u00fcltesi\/ Tu\u011fba \u00d6zdin\u00e7 (2010), Konya Sel\u00e7uk \u00dcniversitesi Fen Edebiyat Fak\u00fcltesi\/ Ahmet Demircan (2010) Y\u00fcksek Lisans Tezi Gazi \u00dcniversitesi taraf\u0131ndan bitirme ve y\u00fcksek lisans tezleri haz\u0131rland\u0131. \u015eiirleri akademik makalelere konu oldu. T\u00fcrk Dili ve Edebiyat\u0131 B\u00f6l\u00fcm\u00fc \u00d6\u011fretim \u00dcyesi Dr. \u0130sa Sar\u0131\u2019n\u0131n https:\/\/www.isa-sari.com\/yasayan-bir-halk-sairi-ali-riza-malkoc-malkoc-ali\/ sayfas\u0131nda hakk\u0131nda yazd\u0131\u011f\u0131 ara\u015ft\u0131rma yaz\u0131s\u0131; Gazi Kitabevi Yay\u0131nlar\u0131ndan \u00e7\u0131kan, \u201cSaz\u0131n ve s\u00f6z\u00fcn sultanlar\u0131, Ya\u015fayan Halk \u015eairleri II\u201d kitab\u0131nda yay\u0131nlanm\u0131\u015ft\u0131r.\r\n\r\nYay\u0131nlanm\u0131\u015f Eserleri:\r\nT\u00fcrk\u00fcler Bizi S\u00f6yler 1\/ 2004\r\nT\u00fcrk\u00fcler Bizi S\u00f6yler 2\/ 2005\r\nDuygular Dillensin Diye\/ 2006\r\nYa\u015fam Merdiveni \/Temmuz 2018 \r\nYa\u015fam Donan\u0131mlar\u0131 \/ A\u011fustos 2018\r\nHukuk A\u015fk\u0131 \/ Haziran 2019\r\nG\u00fczerg\u00e2h Aray\u0131\u015f\u0131 \/ \u015eubat 2020\r\nKitap \u0130nceleme Yaz\u0131lar\u0131 \/ Mart 2020 \r\nNostalji Harman\u0131 \/ Nisan 2020 \r\nOrganize Toplum \/ May\u0131s 2020 \r\nAnadolu Ortak A\u015fk Medeniyeti \/ Eyl\u00fcl 2020\r\nAdalet Sevdam Benim \/ Aral\u0131k 2020\r\nBu \u015eiirde \u00d6zne Sensin \/ \u015eubat 2021 \r\nMutluK\u00f6y \/ Haziran 2021\r\n\u00d6zdeyi\u015fler \/ Haziran 2021\r\nSuya ve Sabuna Dokunan Yaz\u0131lar\/Haziran 2021\r\nT\u00fcrk\u00fcler Bizi S\u00f6yler \u015eark\u0131lar Bizi \u00d6zler \/A\u011fustos 2021\r\nA\u015f\u0131 Tohum ve Maya \/ Ocak 2022\r\nVe insan Uyan\u0131nca \/ Nisan 2022\r\nKurgusal Mektuplar \/ Temmuz 2022\r\nBahar Esintileri\/ Kas\u0131m 2022\r\nAya\u011fa Kalk Adalet \/ \u015eubat 2023\r\nHece Hece \u015eiir D\u00fcnyam \/ Mart 2023\r\nAya\u011fa Kalk \u0130nsanl\u0131k \/ Haziran 2023\r\n\u00d6zlem Y\u00fckl\u00fc An\u0131lar\u0131n izinde \/ A\u011fustos 2023\r\nAya\u011fa Kalk Anadolu \/Ekim 2023\r\nEn G\u00fczele Y\u00fcr\u00fcmek \/ Mart 2024\r\n\u00c7al\u0131\u015fma At\u00f6lyemiz \/ Temmuz 2024\r\nHepimiz Bu d\u00fcnyaya \u0130nsan Olmaya Geldik\/\u015eubat 2024\r\n\r\n   H\u00fcseyin Karako\u00e7, Burhan Tarlaba\u015f\u0131 ve Bilal K\u0131rba\u015f taraf\u0131ndan 10 \u015fiiri t\u00fcrk\u00fc formunda bestelendi. 2023 y\u0131l\u0131 itibariyle yakla\u015f\u0131k 500 hece \u015fiiri bulunmaktad\u0131r. Toplumsal i\u00e7erikli makale ve \u00f6zdeyi\u015fleri, farkl\u0131 web siteleri ve sosyal medya ortam\u0131nda yay\u0131nlanmaktad\u0131r. Felsefe, psikoloji, sosyoloji, mant\u0131k, hukuk a\u011f\u0131rl\u0131kl\u0131 yay\u0131n ve t\u00fcm yaz\u0131l\u0131 \u00e7al\u0131\u015fmalar ilgi alan\u0131na girmektedir.  AR-GE, \u00dcR-GE, inovasyon, i\u00e7 denetim, kurumsal geli\u015fim, kalite, verimlilik ve planlama da ilgi, bilgi ve uygulama alanlar\u0131 aras\u0131ndad\u0131r. Kitap okurlu\u011fu ve yazarl\u0131\u011f\u0131n\u0131n yan\u0131nda; yay\u0131nevlerine, yazarlara, ilgi alanlar\u0131 dahilinde redaksiyon, son okuma hizmeti vermektedir.\r\n\r\nYazar\u0131n ileti\u015fim bilgileri, \u00e7al\u0131\u015fmalar\u0131, eserleri, ki\u015fisel web site adresinde bulunmaktad\u0131r:\r\narm.web.tr\r\n\r\n"}],"_links":{"self":[{"href":"https:\/\/simurgedebiyat.com\/index.php\/wp-json\/wp\/v2\/posts\/3005","targetHints":{"allow":["GET"]}}],"collection":[{"href":"https:\/\/simurgedebiyat.com\/index.php\/wp-json\/wp\/v2\/posts"}],"about":[{"href":"https:\/\/simurgedebiyat.com\/index.php\/wp-json\/wp\/v2\/types\/post"}],"author":[{"embeddable":true,"href":"https:\/\/simurgedebiyat.com\/index.php\/wp-json\/wp\/v2\/users\/20"}],"replies":[{"embeddable":true,"href":"https:\/\/simurgedebiyat.com\/index.php\/wp-json\/wp\/v2\/comments?post=3005"}],"version-history":[{"count":3,"href":"https:\/\/simurgedebiyat.com\/index.php\/wp-json\/wp\/v2\/posts\/3005\/revisions"}],"predecessor-version":[{"id":3009,"href":"https:\/\/simurgedebiyat.com\/index.php\/wp-json\/wp\/v2\/posts\/3005\/revisions\/3009"}],"wp:featuredmedia":[{"embeddable":true,"href":"https:\/\/simurgedebiyat.com\/index.php\/wp-json\/wp\/v2\/media\/3006"}],"wp:attachment":[{"href":"https:\/\/simurgedebiyat.com\/index.php\/wp-json\/wp\/v2\/media?parent=3005"}],"wp:term":[{"taxonomy":"category","embeddable":true,"href":"https:\/\/simurgedebiyat.com\/index.php\/wp-json\/wp\/v2\/categories?post=3005"},{"taxonomy":"post_tag","embeddable":true,"href":"https:\/\/simurgedebiyat.com\/index.php\/wp-json\/wp\/v2\/tags?post=3005"},{"taxonomy":"author","embeddable":true,"href":"https:\/\/simurgedebiyat.com\/index.php\/wp-json\/wp\/v2\/ppma_author?post=3005"}],"curies":[{"name":"wp","href":"https:\/\/api.w.org\/{rel}","templated":true}]}}