{"id":2971,"date":"2025-12-01T14:52:22","date_gmt":"2025-12-01T11:52:22","guid":{"rendered":"https:\/\/simurgedebiyat.com\/?p=2971"},"modified":"2025-12-01T14:52:22","modified_gmt":"2025-12-01T11:52:22","slug":"italya-hakkinda-belki-de-hayatinizda-hic-duymadiginiz-cok-ilginc-bilgiler","status":"publish","type":"post","link":"https:\/\/simurgedebiyat.com\/index.php\/2025\/12\/01\/italya-hakkinda-belki-de-hayatinizda-hic-duymadiginiz-cok-ilginc-bilgiler\/","title":{"rendered":"\u0130talya Hakk\u0131nda Belki de Hayat\u0131n\u0131zda Hi\u00e7 Duymad\u0131\u011f\u0131n\u0131z \u00c7ok \u0130lgin\u00e7 Bilgiler"},"content":{"rendered":"<p><strong><u>Devletin Ad\u0131<\/u><\/strong><strong>: \u0130talya Cumhuriyeti<\/strong><\/p>\n<p><strong><u>Y\u00f6netim Bi\u00e7imi<\/u><\/strong><strong>: Parlamenter Demokrasi<\/strong><\/p>\n<p><strong><u>Ba\u015fkenti<\/u><\/strong><strong>: Roma<\/strong><\/p>\n<p><strong><u>Resmi Dili<\/u><\/strong><strong>: \u0130talyanca<\/strong><\/p>\n<p><strong><u>Dini: Katolik:<\/u><\/strong><strong> H\u0131ristiyan<\/strong><\/p>\n<p><strong><u>Para Birimi<\/u><\/strong><strong>: Euro (\u20ac)<\/strong><\/p>\n<p><strong><u>Y\u00fcz\u00f6l\u00e7\u00fcm\u00fc:<\/u><\/strong><strong> 301.338 km\u00b2<\/strong><\/p>\n<p><strong><u>N\u00fcfusu:<\/u><\/strong><strong> 60,6 milyon <\/strong><\/p>\n<p><strong><u>Ba\u015fl\u0131ca \u015eehirleri<\/u><\/strong><strong>: Roma, Milano, Napoli, Torino, Cenova, Palermo<\/strong><\/p>\n<p><strong> <img fetchpriority=\"high\" decoding=\"async\" class=\"\" src=\"https:\/\/st3.depositphotos.com\/14582236\/17076\/v\/950\/depositphotos_170765876-stock-illustration-italy-travel-map.jpg\" alt=\"\u0130talya seyahat: \u00a9MITstudio 170765876'e ait Stok Vekt\u00f6r\" width=\"593\" height=\"593\"><\/strong><\/p>\n<p><strong>&nbsp;<\/strong><\/p>\n<ul>\n<li><strong>\u0130talya ismi g\u00fcney \u0130talya kabilelerinin de sembol\u00fc olan bo\u011fadan gelmektedir. \u0130talia buza\u011f\u0131 topraklar\u0131 anlam\u0131na gelmektedir.<\/strong><\/li>\n<li><strong>1946&#8217;da kabul edilen \u0130talyan bayra\u011f\u0131, \u00fclkenin co\u011frafyas\u0131n\u0131 yans\u0131tmaktad\u0131r. Ye\u015fil; verimli ovalar ve tepeler, beyaz; kuzeydeki karl\u0131 Alpler ve k\u0131rm\u0131z\u0131; ulus i\u00e7in d\u00f6k\u00fclen kan\u0131 temsil eder.<\/strong><\/li>\n<li><strong>\u0130talya, ortalama ya\u015fam s\u00fcresi 83,5 y\u0131l ile Avrupa&#8217;da en ya\u015fl\u0131 n\u00fcfusa sahip \u00fclkelerden biridir. Bu uzun ya\u015fam s\u00fcresi, \u0130talya&#8217;n\u0131n d\u00fc\u015f\u00fck do\u011fum oran\u0131 ve Sardunya&#8217;n\u0131n Ogliastra b\u00f6lgesi gibi d\u00fcnyan\u0131n en ya\u015fl\u0131 n\u00fcfusunun ya\u015fad\u0131\u011f\u0131 b\u00f6lgelere ev sahipli\u011fi yapmas\u0131ndan kaynaklanmaktad\u0131r.<\/strong><\/li>\n<li><strong>Avrupa&#8217;n\u0131n en y\u00fcksek da\u011flar\u0131ndan olan Mont Blanc-Beyaz Da\u011f- (4810 m.) hem Fransa hem de \u0130talya i\u00e7in bir simge haline gelmi\u015ftir. Bu dev da\u011f\u0131n zirvesi, her iki \u00fclke aras\u0131nda bir s\u0131n\u0131r olu\u015fturur.<\/strong> <strong>\u00dclkenin neredeyse 5 te 1 i da\u011f ve tepelerden olu\u015fmaktad\u0131r. <\/strong><\/li>\n<li><strong>1925-1945 y\u0131llar\u0131 aras\u0131nda,(20 y\u0131l) \u0130talya fa\u015fist lider Benito Mussolini taraf\u0131ndan y\u00f6netilmi\u015ftir. Bu diktat\u00f6rl\u00fck d\u00f6nemi, \u00fclkenin tarihinde \u00f6nemli bir yere sahiptir.<\/strong><\/li>\n<li><strong>50 UNESCO D\u00fcnya Miras\u0131 alan\u0131 ile \u0130talya bu alanda birincidir.<\/strong><\/li>\n<li><strong>D\u00fcnya\u2019n\u0131n en k\u00fc\u00e7\u00fck \u00fclkelerinden San Marino ve Vatikan \u0130talya s\u0131n\u0131rlar\u0131 i\u00e7inde <\/strong><\/li>\n<\/ul>\n<p><strong>bulunmaktad\u0131r.<\/strong><\/p>\n<ul>\n<li><strong>Marco Polo, Kristof Kolomb, Amerigo Vespucci ve John Cabot gibi \u00fcnl\u00fc k\u00e2\u015fifler <\/strong><\/li>\n<\/ul>\n<p><strong>\u0130talyan\u2019d\u0131r. Bu ke\u015fifler Krali\u00e7esi Margherita onuruna yap\u0131lm\u0131\u015ft\u0131r.<\/strong><\/p>\n<ul>\n<li><strong>Pizza Napoli\u2019de icat edilmi\u015ftir. Margherita pizza ilk kez 1889 y\u0131l\u0131nda Napoli\u2019de icat oldu.<\/strong><\/li>\n<li><strong>\u0130talyan mafyas\u0131 \u0130talya ekonomisinin %7\u2019sini olu\u015fturur.<\/strong><\/li>\n<li><strong>D\u00fcnya\u2019n\u0131n en b\u00fcy\u00fck \u015farap \u00fcreticisi \u0130talya\u2019d\u0131r.<\/strong><\/li>\n<li><strong>2008 y\u0131l\u0131nda \u00fclkede d\u00fczenlenen \u00dcz\u00fcm Festivali\u2019nde yap\u0131lan bir yanl\u0131\u015fl\u0131ktan dolay\u0131 b\u00fct\u00fcn musluklardan k\u0131sa bir s\u00fcreli\u011fine \u015farap akm\u0131\u015ft\u0131r.<\/strong><\/li>\n<li><strong>Venedik\u2019te t\u00fcm gondollar\u0131n siyaha boyanmas\u0131 zorunludur.<\/strong><\/li>\n<li><img decoding=\"async\" class=\"\" src=\"https:\/\/i0.wp.com\/rwayalkwn.com\/app\/uploads\/2025\/07\/stefano-bazzoli-_KhePTaoa10-unsplash-1.jpg?fit=1920%2C1280&amp;ssl=1\" alt=\"\u0130talya'da Do\u011fa - evrenin ba\u015fyap\u0131tlar\u0131\" width=\"738\" height=\"492\"><\/li>\n<li><strong>Kuzey \u0130talya\u2019da ki\u015fi ba\u015f\u0131na d\u00fc\u015fen milli gelir, G\u00fcney \u0130talya\u2019dakinin 3 kat\u0131d\u0131r.<\/strong><\/li>\n<li><strong>Roma&#8217;da bulunan Trevi \u00c7e\u015fmesi&#8217;ne g\u00fcnde 3.000 Euro&#8217;dan fazla para at\u0131lmaktad\u0131r.<\/strong><\/li>\n<li><strong>\u0130talyan n\u00fcfusunun 3\u2019te 1\u2019i hi\u00e7 internet kullanmam\u0131\u015ft\u0131r.<\/strong><\/li>\n<li><strong>\u0130talya\u2019da misafirli\u011fe gitti\u011finiz bir evde makarna ikram edildiyse, tabakta kalan makarna sosu m\u00fcmk\u00fcnse ekmekle s\u0131y\u0131r\u0131lmal\u0131d\u0131r. Bir \u0130talyan y\u0131lda ortalama 25 kilo makarna t\u00fcketir.<\/strong> D<strong>uvar resimlerinden elde edilen bilgilere g\u00f6re, \u0130talyanlar M.\u00d6. 4. y\u00fczy\u0131ldan beri makarna yemektedir. Bu lezzetli yiyecek, tarihin derinliklerinden gelen bir gelene\u011fe sahiptir.<\/strong><\/li>\n<li><strong>\u00c7atal kullan\u0131m\u0131 ilk olarak \u0130talya\u2019da ba\u015flam\u0131\u015ft\u0131r.<\/strong><\/li>\n<li><strong>\u0130talya\u2019da mor renk u\u011fursuz say\u0131l\u0131r. Hediye paketleri asla mor k\u00e2\u011f\u0131tla sar\u0131lmaz.<\/strong><\/li>\n<li><strong>\u0130talya\u2019da hava ko\u015fullar\u0131 sebebiyle \u00e7al\u0131\u015fma saatleri Siesta saatlerine g\u00f6re d\u00fczenlenir.<\/strong><\/li>\n<li><strong>\u00d6\u011flen 12 &#8211; 3 aras\u0131 ya da 1 &#8211; 6 aras\u0131 t\u00fcm d\u00fckk\u00e2nlar kapan\u0131r. Kasada olsan\u0131z bile d\u0131\u015far\u0131 \u00e7\u0131kar\u0131l\u0131rs\u0131n\u0131z.<\/strong><\/li>\n<li><strong>\u0130talyan\u2019lar y\u00fcksek sesle ve beden diliyle konu\u015fmay\u0131 severler.<\/strong><\/li>\n<li><strong>\u0130talya\u2019da dakik ve \u015f\u0131k olmak \u00e7ok \u00f6nemlidir.<\/strong><\/li>\n<li><img decoding=\"async\" class=\"\" src=\"https:\/\/www.kucukkuyutur.net\/wp-content\/uploads\/2025\/03\/italya-turlari.jpg\" alt=\"MAX\u0130 \u0130TALYA TURU \u2013 K\u00fc\u00e7\u00fckkuyutur\" width=\"725\" height=\"508\"><\/li>\n<li><strong>\u00c7ocuklar\u0131n en sevdi\u011fi hik\u00e2yelerden biri olan Pinokyo, ilk olarak \u0130talyan \u00e7ocuk gazetesinde yay\u0131nlanm\u0131\u015ft\u0131r.<\/strong><\/li>\n<li><strong>Venedik, modern gazetenin do\u011fdu\u011fu yer olarak bilinir. 1563&#8217;te &#8216;Gazette&#8217; adl\u0131 bu gazete, her hafta yay\u0131nlan\u0131yordu.<\/strong><\/li>\n<li><strong>2000&#8217;lerin ba\u015f\u0131ndan itibaren \u0130talyan trafik polisi, Lamborghini s\u00fcper otomobilleriyle dikkat \u00e7ekiyor. Bu otomobiller, acil g\u00f6revlerde kullan\u0131l\u0131rken ayn\u0131 zamanda h\u0131z ihlali yapanlar\u0131 yakalamak i\u00e7in de kullan\u0131l\u0131yor.<\/strong><\/li>\n<li><strong>\u0130talya, Etna, Stromboli ve Vez\u00fcv olmak \u00fczere \u00fc\u00e7 aktif volkanik da\u011fa ev sahipli\u011fi yapmaktad\u0131r. Son kaydedilen patlama, 2018 y\u0131l\u0131nda Etna Da\u011f\u0131&#8217;nda ger\u00e7ekle\u015fti.<\/strong><\/li>\n<li><strong>\u0130talya&#8217;n\u0131n son kral\u0131 olan Umberto II, tahtta sadece 36 g\u00fcn kalabilmi\u015ftir. 1946&#8217;da \u0130talya bir cumhuriyete d\u00f6n\u00fc\u015ft\u00fc\u011f\u00fcnde kraliyet ailesi g\u00f6revinden ayr\u0131ld\u0131.<\/strong><\/li>\n<li><strong>Bologna \u00dcniversitesi, d\u00fcnyan\u0131n halen faaliyette olan en eski \u00fcniversitelerinden biridir. 1088 y\u0131l\u0131nda kuruldu\u011fu d\u00fc\u015f\u00fcn\u00fclen bu \u00fcniversite, e\u011fitimdeki k\u00f6kl\u00fc gelene\u011fini s\u00fcrd\u00fcr\u00fcyor.<\/strong><\/li>\n<li><strong>Roma&#8217;da yer alan A\u015fk \u00c7e\u015fmesi&#8217;ne her g\u00fcn yakla\u015f\u0131k 3000 euro bozuk para at\u0131l\u0131yor. Bu paran\u0131n bir k\u0131sm\u0131 hay\u0131r kurumlar\u0131na ba\u011f\u0131\u015flan\u0131yor.<\/strong><\/li>\n<li><strong>\u0130talya, San Marino ve Vatikan \u015eehri olmak \u00fczere kendi s\u0131n\u0131rlar\u0131 i\u00e7inde iki ba\u011f\u0131ms\u0131z devlete ev sahipli\u011fi yapmaktad\u0131r. San Marino, 61,2 km2 alana sahipken Vatikan \u015eehri sadece 0,44 km2&#8217;lik alana yay\u0131lm\u0131\u015ft\u0131r. Her iki \u00fclke de kendi h\u00fck\u00fcmetleri ve anayasalar\u0131na sahip ba\u011f\u0131ms\u0131z devletlerdir.<\/strong><\/li>\n<li><strong>\u0130talya, 1500&#8217;den fazla g\u00f6l ile do\u011faseverler i\u00e7in ideal bir destinasyondur. \u00dcnl\u00fc Como ve Garda G\u00f6lleri&#8217;nin yan\u0131 s\u0131ra bir\u00e7ok ke\u015ffedilmemi\u015f g\u00f6l de bu \u00fclkede bulunmaktad\u0131r.<\/strong><\/li>\n<li><strong>\u0130talyanlar, 13. y\u00fczy\u0131l\u0131n sonlar\u0131nda d\u00fczeltici caml\u0131 ilk g\u00f6zl\u00fckleri \u00fcrettiler. Romal\u0131lar, metni b\u00fcy\u00fctmek amac\u0131yla cam\u0131 kullanm\u0131\u015flard\u0131 fakat as\u0131l g\u00f6zl\u00fck yap\u0131s\u0131 \u0130talyanlar sayesinde ortaya \u00e7\u0131kt\u0131. \u0130lk d\u00f6nemlerde bu g\u00f6zl\u00fckler genellikle ke\u015fi\u015fler taraf\u0131ndan tercih edildi.<\/strong><\/li>\n<li><img loading=\"lazy\" decoding=\"async\" class=\"\" src=\"https:\/\/thumbs.dreamstime.com\/b\/pisa-italy-august-tourists-enjoiying-sunset-hour-pisa-leaning-tower-pisa-leaning-tower-sunset-sunlight-162782659.jpg\" alt=\"Pisa, Italy - August 28, 2018: Tourists Enjoiying Sunset Hour by Pisa  Leaning Tower Editorial Stock Image - Image of leaning, european: 162782659\" width=\"541\" height=\"812\"><\/li>\n<li><strong>\u0130talyanlar, salatalar\u0131n\u0131 genellikle ana yemekten sonraki bir tatl\u0131 olarak t\u00fcketirler. Salatan\u0131n ard\u0131ndan genellikle taze meyve ve tatl\u0131 servisi yap\u0131l\u0131r.<\/strong><\/li>\n<li><strong>Futbol \u0130talya\u2019n\u0131n en pop\u00fcler sporudur. Milan\u2019da bulunan \u00fcnl\u00fc san siro stad\u0131n\u0131n kapasitesi 85,000 dir. \u0130talya 1934,1938,1982 ve 2006 y\u0131llar\u0131nda d\u00fcnya kupas\u0131n\u0131 kazanm\u0131\u015f. Ve bu alanda brezilyadan sonra ikinci gelmektedir.<\/strong><\/li>\n<li><strong>\u0130talya\u2019n\u0131n kuzeyinde soyadlar\u0131 &#8220;i&#8221; ile g\u00fcneyinde &#8220;o&#8221; ile bitirme e\u011filimi vard\u0131r. En yayg\u0131n kullan\u0131lan soyad\u0131 Russo dur.<\/strong><\/li>\n<li><strong>\u0130talya\u2019da di\u011fer Avrupa \u00fclkelerine k\u0131yasla daha fazla deprem meydana gelmektedir.1693 te Sicilya\u2019da meydana gelen bir depremde yakla\u015f\u0131k 100,000 ki\u015finin hayat\u0131n\u0131 kaybetti\u011fi s\u00f6ylenmektedir. Yak\u0131n zamanda \u0130talya\u2019da meydana gelmi\u015f en \u00f6l\u00fcmc\u00fcl deprem 1980 de Napoli\u2019de meydana gelmi\u015f 3000 ki\u015fi hayat\u0131n\u0131 kaybetmi\u015ftir.<\/strong><\/li>\n<li><strong>\u0130talya\u2019da bulunan San Marino milattan sonra 301 de kurulmu\u015f olup, d\u00fcnyan\u0131n en eski cumhuriyetidir. Ve d\u00fcnyan\u0131n en eski s\u00fcrekli anayasas\u0131na sahiptir. G\u00fcn\u00fcm\u00fczde 30,000 den az vatanda\u015fa sahiptir.<\/strong><\/li>\n<li><strong>Parmesan peyniri \u0130talya\u2019n\u0131n Parma kentinde ortaya \u00e7\u0131km\u0131\u015ft\u0131r. Ayr\u0131ca yine \u0130talya\u2019da ortaya \u00e7\u0131kan Gorgonzola, Mozarella, Provolon ve Ricotta gibi bir\u00e7ok peynir t\u00fcr\u00fc de mevcuttur.<\/strong><\/li>\n<li><strong>\u0130talya&#8217;da Passeggiata (ak\u015fam y\u00fcr\u00fcy\u00fc\u015f\u00fc) geleneksel e\u011flence etkinli\u011fidir.<\/strong><\/li>\n<li><img loading=\"lazy\" decoding=\"async\" class=\"\" src=\"https:\/\/www.etstur.com\/letsgo\/wp-content\/uploads\/2019\/01\/italyada-gezilecek-yerler-roma-kolezyum.jpg\" alt=\"Sanat, Tarih ve Lezzetin Bulu\u015fma Noktas\u0131 \u0130talya'da Gezilecek Yerler -  Etstur Let's Go\" width=\"753\" height=\"547\"><\/li>\n<li><strong>\u0130talya&#8217;da u\u011fursuz rakam 13 de\u011fildir. 17 rakam\u0131na otellerin katlar\u0131nda ve oda numaralar\u0131nda rastlayamayabilirsiniz.<\/strong><\/li>\n<li><strong>\u00dclkede kamuya a\u00e7\u0131k alanlarda etek giyen erkek tutuklan\u0131r.<\/strong><\/li>\n<li><strong>\u0130lk piano 1698 y\u0131l\u0131nda Bartolomeo Cristofori taraf\u0131ndan geli\u015ftirilmi\u015f ve keman, gitar, org dahil bir\u00e7ok m\u00fczik aleti \u0130talya\u2019da icat edilmi\u015ftir.<\/strong><\/li>\n<li><strong>\u0130talya&#8217;n\u0131n geleneklerinin lezzetli bir yans\u0131mas\u0131 olan Sagra, \u0130talya yemekleri ve k\u00fclt\u00fcr\u00fcn\u00fc kutlamak i\u00e7in d\u00fczenlenen \u00f6zel bayramlard\u0131r. Her mevsim ve her b\u00f6lgede farkl\u0131 bir Sagra bulunur ve genellikle belirli bir yerel lezzet etraf\u0131nda odaklan\u0131r.<\/strong><\/li>\n<li><strong>\u0130talya&#8217;da e\u011fer bek\u00e2rsan\u0131z ve yerleri s\u00fcp\u00fcren birini g\u00f6r\u00fcrseniz direkt topuklay\u0131n. \u0130talyanlar\u0131n bat\u0131l inanc\u0131na g\u00f6re birisi yanl\u0131\u015fl\u0131kla aya\u011f\u0131n\u0131z\u0131 s\u00fcp\u00fcr\u00fcrse o zaman hayat\u0131n\u0131z\u0131n geri kalan\u0131nda bek\u00e2r olmaya mahk\u00fbm olursunuz.<\/strong><\/li>\n<li><strong>Sahipli veya sokak kedilerini \u00f6ld\u00fcren herkes 10.000 Euro para cezas\u0131na ve 3 y\u0131la kadar hapis cezas\u0131na \u00e7arpt\u0131r\u0131labilir. Ayn\u0131 zamanda sadece Roma&#8217;n\u0131n 300.000 kediye ev sahipli\u011fi yapt\u0131\u011f\u0131 tahmin ediliyor. Yani dememiz o ki kedileri \u00e7ok \u00f6nem veriyorlar ve haklar\u0131n\u0131 savunuyorlar.<\/strong><\/li>\n<li><img loading=\"lazy\" decoding=\"async\" class=\"\" src=\"https:\/\/www.seyatra.com\/wp-content\/uploads\/2024\/10\/Vatikan-Gezi-Rehberi-Katolik-Dunyasinin-Kalbi-850x560.webp\" alt=\"Vatikan Gezi Rehberi: Katolik D\u00fcnyas\u0131n\u0131n Kalbi\" width=\"762\" height=\"502\"><\/li>\n<li><strong>Tiramisunun i\u00e7erisinde bol miktarda yumurta ve \u015feker vard\u0131r. Ayn\u0131 zamanda i\u00e7erisinde kafein de oldu\u011fundan dolay\u0131 size g\u00fcn boyu enerji sa\u011flayacakt\u0131r. Bu y\u00fczden ad\u0131 &#8216;pick me up&#8217; yani al beni anlam\u0131na geliyor.<\/strong><\/li>\n<li><strong>\u0130talyan geleneklerine g\u00f6re, bir somun ekmek her zaman yukar\u0131 bakacak \u015fekilde yerle\u015ftirilmelidir. Bu bat\u0131l inan\u00e7ta ekmek ya\u015fam\u0131n bir sembol\u00fc olarak kabul ediliyor. Ayr\u0131ca ekme\u011fe b\u0131\u00e7ak saplamak k\u00f6t\u00fc \u015fans getirdi\u011fine de inan\u0131l\u0131yor.<\/strong><\/li>\n<li><strong>Kendinizi 12 ki\u015fiyle birlikte bir yemek masas\u0131nda otururken bulursan\u0131z, kendinizi \u015fanss\u0131z say\u0131n. Da Vinci&#8217;nin Son Ak\u015fam Yeme\u011fi&#8217;nde, 13 ki\u015fi bulundu\u011fu i\u00e7in masan\u0131n etraf\u0131nda 13 ki\u015finin olmas\u0131 k\u00f6t\u00fc \u015fans olarak kabul ediliyor.<\/strong><\/li>\n<li><strong>B\u00fcy\u00fcc\u00fcl\u00fck, Akdeniz&#8217;in en b\u00fcy\u00fck ikinci adas\u0131 olan Sardunya adas\u0131nda y\u0131llard\u0131r g\u00f6r\u00fcl\u00fcyordu. Ayn\u0131 zamanda Beside kasabas\u0131nda hala hastal\u0131klar\u0131 iyile\u015ftirmek i\u00e7in b\u00fcy\u00fc ve iksir kullanan bir cad\u0131 toplulu\u011fu vard\u0131r.<\/strong><\/li>\n<\/ul>\n<p><img loading=\"lazy\" decoding=\"async\" class=\"\" src=\"https:\/\/static.bilet.com\/images\/blog\/thumbs\/w780-h468\/italya-ya-gidince-mutlaka-gormeniz-gereken-15-sehir_tr.webp\" alt=\"\u0130talya\u2019ya Gidince Mutlaka G\u00f6rmeniz Gereken 15 \u015eehir\" width=\"797\" height=\"478\"><\/p>\n<p><strong>\u00c7izmenin \u00dcst\u00fcnde \u0130TALYA<\/strong><\/p>\n<p><strong>&nbsp;<\/strong><\/p>\n<p><strong>Apeninlerden a\u015ft\u0131n m\u0131, Po ovas\u0131na ula\u015ft\u0131n m\u0131?<\/strong><\/p>\n<p><strong>Vez\u00fcv lav\u0131nda ta\u015ft\u0131n m\u0131, al g\u00f6z\u00fcm seyreyle \u0130talya.<\/strong><\/p>\n<p><strong>&nbsp;<\/strong><\/p>\n<p><strong>Hannibal ile co\u015ftun mu, arena i\u00e7inde ko\u015ftun mu?<\/strong><\/p>\n<p><strong>Roma hukukuyla u\u00e7tun mu, var s\u00f6z\u00fcm sen s\u00f6yle \u0130talya.<\/strong><\/p>\n<p><strong>&nbsp;<\/strong><\/p>\n<p><strong>Tiber, Po gibi akt\u0131n m\u0131, Pisa Kulesi\u2019ne \u00e7\u0131kt\u0131n m\u0131?<\/strong><\/p>\n<p><strong>Patlay\u0131p Etna y\u0131kt\u0131n m\u0131, g\u00f6r g\u00f6z\u00fcm bak b\u00f6yle \u0130talya.<\/strong><\/p>\n<p><strong>&nbsp;<\/strong><\/p>\n<p><strong>Venedik\u2019te gondolla gez, Sicilya\u2019da plajlarda y\u00fcz.<\/strong><\/p>\n<p><strong>Cenova \u00e7evresi d\u00fcmd\u00fcz, gel \u00f6z\u00fcm sen s\u00f6yle \u0130talya.<\/strong><\/p>\n<p><strong>&nbsp;<\/strong><\/p>\n<p><strong>Adriyatik Denizinde, gladyat\u00f6rlerin izinde,<\/strong><\/p>\n<p><strong>Cenova K\u00f6rfezinde, \u00e7izmeden yukar\u0131 \u0130talya.<\/strong><\/p>\n<p><strong>&nbsp;<\/strong><\/p>\n<p><strong>Bari, Milano, Roma\u2019s\u0131, harika olur dondurmas\u0131,<\/strong><\/p>\n<p><strong>Ligurya, Roma ovas\u0131 \u00e7izmeden a\u015fa\u011f\u0131 \u0130talya.<\/strong><\/p>\n<p><strong>&nbsp;<\/strong><\/p>\n<p><strong>B\u00fct\u00fcn yollar Roma\u2019ya \u00e7\u0131kar, Neron da Roma\u2019y\u0131 y\u0131kar.<\/strong><\/p>\n<p><strong>Etna, Vez\u00fcv\u2019den lav akar, \u00e7izmenin \u00fcst\u00fcnde \u0130talya.<\/strong><\/p>\n<p><strong><em>\u015eiir Tar\u0131k TORUN<\/em><\/strong><\/p>\n<p><strong>&nbsp;<\/strong><\/p>\n<p>&nbsp;<\/p>\n","protected":false},"excerpt":{"rendered":"<p>Devletin Ad\u0131: \u0130talya Cumhuriyeti Y\u00f6netim Bi\u00e7imi: Parlamenter Demokrasi Ba\u015fkenti: Roma Resmi Dili: \u0130talyanca Dini: Katolik:&#8230;<\/p>\n","protected":false},"author":3,"featured_media":2972,"comment_status":"open","ping_status":"open","sticky":false,"template":"","format":"standard","meta":{"_bbp_topic_count":0,"_bbp_reply_count":0,"_bbp_total_topic_count":0,"_bbp_total_reply_count":0,"_bbp_voice_count":0,"_bbp_anonymous_reply_count":0,"_bbp_topic_count_hidden":0,"_bbp_reply_count_hidden":0,"_bbp_forum_subforum_count":0,"om_disable_all_campaigns":false,"_uag_custom_page_level_css":"","ngg_post_thumbnail":0,"footnotes":""},"categories":[179],"tags":[],"ppma_author":[94],"class_list":["post-2971","post","type-post","status-publish","format-standard","has-post-thumbnail","hentry","category-arastirmalar"],"yoast_head":"<!-- This site is optimized with the Yoast SEO plugin v24.9 - https:\/\/yoast.com\/wordpress\/plugins\/seo\/ -->\n<title>\u0130talya Hakk\u0131nda Belki de Hayat\u0131n\u0131zda Hi\u00e7 Duymad\u0131\u011f\u0131n\u0131z \u00c7ok \u0130lgin\u00e7 Bilgiler - simurgedebiyat.com<\/title>\n<meta name=\"robots\" content=\"index, follow, max-snippet:-1, max-image-preview:large, max-video-preview:-1\" \/>\n<link rel=\"canonical\" href=\"https:\/\/simurgedebiyat.com\/index.php\/2025\/12\/01\/italya-hakkinda-belki-de-hayatinizda-hic-duymadiginiz-cok-ilginc-bilgiler\/\" \/>\n<meta property=\"og:locale\" content=\"tr_TR\" \/>\n<meta property=\"og:type\" content=\"article\" \/>\n<meta property=\"og:title\" content=\"\u0130talya Hakk\u0131nda Belki de Hayat\u0131n\u0131zda Hi\u00e7 Duymad\u0131\u011f\u0131n\u0131z \u00c7ok \u0130lgin\u00e7 Bilgiler - simurgedebiyat.com\" \/>\n<meta property=\"og:description\" content=\"Devletin Ad\u0131: \u0130talya Cumhuriyeti Y\u00f6netim Bi\u00e7imi: Parlamenter Demokrasi Ba\u015fkenti: Roma Resmi Dili: \u0130talyanca Dini: Katolik:...\" \/>\n<meta property=\"og:url\" content=\"https:\/\/simurgedebiyat.com\/index.php\/2025\/12\/01\/italya-hakkinda-belki-de-hayatinizda-hic-duymadiginiz-cok-ilginc-bilgiler\/\" \/>\n<meta property=\"og:site_name\" content=\"simurgedebiyat.com\" \/>\n<meta property=\"article:published_time\" content=\"2025-12-01T11:52:22+00:00\" \/>\n<meta property=\"og:image\" content=\"https:\/\/simurgedebiyat.com\/wp-content\/uploads\/2025\/12\/Italya-bbb.jpg\" \/>\n\t<meta property=\"og:image:width\" content=\"1200\" \/>\n\t<meta property=\"og:image:height\" content=\"800\" \/>\n\t<meta property=\"og:image:type\" content=\"image\/jpeg\" \/>\n<meta name=\"author\" content=\"Tar\u0131k TORUN\" \/>\n<meta name=\"twitter:card\" content=\"summary_large_image\" \/>\n<meta name=\"twitter:label1\" content=\"Yazan:\" \/>\n\t<meta name=\"twitter:data1\" content=\"Tar\u0131k TORUN\" \/>\n\t<meta name=\"twitter:label2\" content=\"Tahmini okuma s\u00fcresi\" \/>\n\t<meta name=\"twitter:data2\" content=\"9 dakika\" \/>\n<script type=\"application\/ld+json\" class=\"yoast-schema-graph\">{\"@context\":\"https:\/\/schema.org\",\"@graph\":[{\"@type\":\"Article\",\"@id\":\"https:\/\/simurgedebiyat.com\/index.php\/2025\/12\/01\/italya-hakkinda-belki-de-hayatinizda-hic-duymadiginiz-cok-ilginc-bilgiler\/#article\",\"isPartOf\":{\"@id\":\"https:\/\/simurgedebiyat.com\/index.php\/2025\/12\/01\/italya-hakkinda-belki-de-hayatinizda-hic-duymadiginiz-cok-ilginc-bilgiler\/\"},\"author\":{\"name\":\"Tar\u0131k TORUN\",\"@id\":\"https:\/\/simurgedebiyat.com\/#\/schema\/person\/2b69186447343805a1de03a426a9c75c\"},\"headline\":\"\u0130talya Hakk\u0131nda Belki de Hayat\u0131n\u0131zda Hi\u00e7 Duymad\u0131\u011f\u0131n\u0131z \u00c7ok \u0130lgin\u00e7 Bilgiler\",\"datePublished\":\"2025-12-01T11:52:22+00:00\",\"mainEntityOfPage\":{\"@id\":\"https:\/\/simurgedebiyat.com\/index.php\/2025\/12\/01\/italya-hakkinda-belki-de-hayatinizda-hic-duymadiginiz-cok-ilginc-bilgiler\/\"},\"wordCount\":1648,\"commentCount\":2,\"publisher\":{\"@id\":\"https:\/\/simurgedebiyat.com\/#organization\"},\"image\":{\"@id\":\"https:\/\/simurgedebiyat.com\/index.php\/2025\/12\/01\/italya-hakkinda-belki-de-hayatinizda-hic-duymadiginiz-cok-ilginc-bilgiler\/#primaryimage\"},\"thumbnailUrl\":\"https:\/\/simurgedebiyat.com\/wp-content\/uploads\/2025\/12\/Italya-bbb.jpg\",\"articleSection\":[\"Ara\u015ft\u0131rmalar\"],\"inLanguage\":\"tr\",\"potentialAction\":[{\"@type\":\"CommentAction\",\"name\":\"Comment\",\"target\":[\"https:\/\/simurgedebiyat.com\/index.php\/2025\/12\/01\/italya-hakkinda-belki-de-hayatinizda-hic-duymadiginiz-cok-ilginc-bilgiler\/#respond\"]}]},{\"@type\":\"WebPage\",\"@id\":\"https:\/\/simurgedebiyat.com\/index.php\/2025\/12\/01\/italya-hakkinda-belki-de-hayatinizda-hic-duymadiginiz-cok-ilginc-bilgiler\/\",\"url\":\"https:\/\/simurgedebiyat.com\/index.php\/2025\/12\/01\/italya-hakkinda-belki-de-hayatinizda-hic-duymadiginiz-cok-ilginc-bilgiler\/\",\"name\":\"\u0130talya Hakk\u0131nda Belki de Hayat\u0131n\u0131zda Hi\u00e7 Duymad\u0131\u011f\u0131n\u0131z \u00c7ok \u0130lgin\u00e7 Bilgiler - simurgedebiyat.com\",\"isPartOf\":{\"@id\":\"https:\/\/simurgedebiyat.com\/#website\"},\"primaryImageOfPage\":{\"@id\":\"https:\/\/simurgedebiyat.com\/index.php\/2025\/12\/01\/italya-hakkinda-belki-de-hayatinizda-hic-duymadiginiz-cok-ilginc-bilgiler\/#primaryimage\"},\"image\":{\"@id\":\"https:\/\/simurgedebiyat.com\/index.php\/2025\/12\/01\/italya-hakkinda-belki-de-hayatinizda-hic-duymadiginiz-cok-ilginc-bilgiler\/#primaryimage\"},\"thumbnailUrl\":\"https:\/\/simurgedebiyat.com\/wp-content\/uploads\/2025\/12\/Italya-bbb.jpg\",\"datePublished\":\"2025-12-01T11:52:22+00:00\",\"breadcrumb\":{\"@id\":\"https:\/\/simurgedebiyat.com\/index.php\/2025\/12\/01\/italya-hakkinda-belki-de-hayatinizda-hic-duymadiginiz-cok-ilginc-bilgiler\/#breadcrumb\"},\"inLanguage\":\"tr\",\"potentialAction\":[{\"@type\":\"ReadAction\",\"target\":[\"https:\/\/simurgedebiyat.com\/index.php\/2025\/12\/01\/italya-hakkinda-belki-de-hayatinizda-hic-duymadiginiz-cok-ilginc-bilgiler\/\"]}]},{\"@type\":\"ImageObject\",\"inLanguage\":\"tr\",\"@id\":\"https:\/\/simurgedebiyat.com\/index.php\/2025\/12\/01\/italya-hakkinda-belki-de-hayatinizda-hic-duymadiginiz-cok-ilginc-bilgiler\/#primaryimage\",\"url\":\"https:\/\/simurgedebiyat.com\/wp-content\/uploads\/2025\/12\/Italya-bbb.jpg\",\"contentUrl\":\"https:\/\/simurgedebiyat.com\/wp-content\/uploads\/2025\/12\/Italya-bbb.jpg\",\"width\":1200,\"height\":800},{\"@type\":\"BreadcrumbList\",\"@id\":\"https:\/\/simurgedebiyat.com\/index.php\/2025\/12\/01\/italya-hakkinda-belki-de-hayatinizda-hic-duymadiginiz-cok-ilginc-bilgiler\/#breadcrumb\",\"itemListElement\":[{\"@type\":\"ListItem\",\"position\":1,\"name\":\"Anasayfa\",\"item\":\"https:\/\/simurgedebiyat.com\/\"},{\"@type\":\"ListItem\",\"position\":2,\"name\":\"\u0130talya Hakk\u0131nda Belki de Hayat\u0131n\u0131zda Hi\u00e7 Duymad\u0131\u011f\u0131n\u0131z \u00c7ok \u0130lgin\u00e7 Bilgiler\"}]},{\"@type\":\"WebSite\",\"@id\":\"https:\/\/simurgedebiyat.com\/#website\",\"url\":\"https:\/\/simurgedebiyat.com\/\",\"name\":\"simurgedebiyat.com\",\"description\":\"edebiyat&amp;K\u00fclt\u00fcr&amp;Sanat&amp;D\u00fc\u015f\u00fcnce \",\"publisher\":{\"@id\":\"https:\/\/simurgedebiyat.com\/#organization\"},\"potentialAction\":[{\"@type\":\"SearchAction\",\"target\":{\"@type\":\"EntryPoint\",\"urlTemplate\":\"https:\/\/simurgedebiyat.com\/?s={search_term_string}\"},\"query-input\":{\"@type\":\"PropertyValueSpecification\",\"valueRequired\":true,\"valueName\":\"search_term_string\"}}],\"inLanguage\":\"tr\"},{\"@type\":\"Organization\",\"@id\":\"https:\/\/simurgedebiyat.com\/#organization\",\"name\":\"simurgedebiyat.com\",\"url\":\"https:\/\/simurgedebiyat.com\/\",\"logo\":{\"@type\":\"ImageObject\",\"inLanguage\":\"tr\",\"@id\":\"https:\/\/simurgedebiyat.com\/#\/schema\/logo\/image\/\",\"url\":\"https:\/\/simurgedebiyat.com\/wp-content\/uploads\/2025\/11\/cropped-HHHHH-1.jpeg\",\"contentUrl\":\"https:\/\/simurgedebiyat.com\/wp-content\/uploads\/2025\/11\/cropped-HHHHH-1.jpeg\",\"width\":245,\"height\":205,\"caption\":\"simurgedebiyat.com\"},\"image\":{\"@id\":\"https:\/\/simurgedebiyat.com\/#\/schema\/logo\/image\/\"}},{\"@type\":\"Person\",\"@id\":\"https:\/\/simurgedebiyat.com\/#\/schema\/person\/2b69186447343805a1de03a426a9c75c\",\"name\":\"Tar\u0131k TORUN\",\"image\":{\"@type\":\"ImageObject\",\"inLanguage\":\"tr\",\"@id\":\"https:\/\/simurgedebiyat.com\/#\/schema\/person\/image\/23494c9101089ad44ae88ce9d2f56aac\",\"url\":\"https:\/\/secure.gravatar.com\/avatar\/?s=96&d=mm&r=g\",\"contentUrl\":\"https:\/\/secure.gravatar.com\/avatar\/?s=96&d=mm&r=g\",\"caption\":\"Tar\u0131k TORUN\"},\"description\":\"Bayburt\u2019un Bayraktar (Baks\u0131) k\u00f6y\u00fcnde do\u011fdu (1965). \u0130lk\u00f6\u011frenimini k\u00f6y\u00fcnde bitirdi. Ailesi ile birlikte \u00c7orum\u2019a g\u00f6\u00e7 etti (1975). Orta\u00f6\u011frenimini \u00c7orum\u2019da tamamlad\u0131. Karadeniz Teknik \u00dcniversitesi, Fatih E\u011fitim Fak\u00fcltesi, Co\u011frafya \u00d6\u011fretmenli\u011fi b\u00f6l\u00fcm\u00fcn\u00fc bitirdi (1988). 1989 \u2018dan itibaren pek \u00e7ok lisede co\u011frafya \u00f6\u011fretmenli\u011fi yapt\u0131. Bu arada Gazi \u00dcniversitesi, Sosyal Bilimler Enstit\u00fcs\u00fc, Co\u011frafya E\u011fitimi Y\u00fcksek Lisans (Master) program\u0131n\u0131 bitirdi. Anadolu \u00dcniversitesi, T\u00fcrk Dili ve Edebiyat\u0131 B\u00f6l\u00fcm\u00fcn\u00fc de bitirdi. Ayr\u0131ca \u0130stanbul \u00dcniversitesi, Hukuk Fak\u00fcltesi\u2019nde de okudu. MEB, \u00d6YGM, EARGED ve YE\u011e\u0130TEK\u2019de \u00f6\u011fretmen olarak \u00e7al\u0131\u015ft\u0131. \u0130LESAM, TYB, \u0130slam \u00dclkeleri Akademisyen ve Yazarlar Birli\u011fi ile Uluslararas\u0131 Bayburt Yazar ve Sanat\u00e7\u0131lar Derne\u011fi\u2019nin \u00fcyesidir. \u00c7e\u015fitli sosyal ve k\u00fclt\u00fcrel \u00e7al\u0131\u015fmalara kat\u0131lmaktad\u0131r. \u015eiir, deneme, makale, roman, hik\u00e2ye, gezi yaz\u0131s\u0131, ara\u015ft\u0131rma-inceleme alan\u0131ndaki \u00e7al\u0131\u015fmalar\u0131 halen devam etmektedir. \u00c7e\u015fitli kurulu\u015flardan ald\u0131\u011f\u0131 onlarca \u00f6d\u00fcl\u00fc bulunmaktad\u0131r. ESERLER\u0130 \u015eiir G\u00fclistan\u0131n G\u00fclleri-2006 Alizeler-2007 A\u015fk\u0131n Co\u011frafyas\u0131-2008 Meb\u015fure-2009 A\u015fko\u011frafya-2010 A\u015fkistan-2015 A\u015fka Yolculuk-2018 \u015eiir \u015eiir T\u00fcrkiye-I-2021 \u015eiir \u015eiir T\u00fcrkiye-II-2022 Neva-2026 Hik\u00e2ye G\u00fcne\u015fi Tut Ka\u00e7mas\u0131n-2011 A\u015fk\u0131n Kalbi-2015 Mor Da\u011flar\u0131n Balas\u0131-2025 Deneme Algoritmik Aforizmalar-2016 Roman Piri Reis-2022\",\"url\":\"https:\/\/simurgedebiyat.com\/index.php\/author\/tarik-torun\/\"}]}<\/script>\n<!-- \/ Yoast SEO plugin. -->","yoast_head_json":{"title":"\u0130talya Hakk\u0131nda Belki de Hayat\u0131n\u0131zda Hi\u00e7 Duymad\u0131\u011f\u0131n\u0131z \u00c7ok \u0130lgin\u00e7 Bilgiler - simurgedebiyat.com","robots":{"index":"index","follow":"follow","max-snippet":"max-snippet:-1","max-image-preview":"max-image-preview:large","max-video-preview":"max-video-preview:-1"},"canonical":"https:\/\/simurgedebiyat.com\/index.php\/2025\/12\/01\/italya-hakkinda-belki-de-hayatinizda-hic-duymadiginiz-cok-ilginc-bilgiler\/","og_locale":"tr_TR","og_type":"article","og_title":"\u0130talya Hakk\u0131nda Belki de Hayat\u0131n\u0131zda Hi\u00e7 Duymad\u0131\u011f\u0131n\u0131z \u00c7ok \u0130lgin\u00e7 Bilgiler - simurgedebiyat.com","og_description":"Devletin Ad\u0131: \u0130talya Cumhuriyeti Y\u00f6netim Bi\u00e7imi: Parlamenter Demokrasi Ba\u015fkenti: Roma Resmi Dili: \u0130talyanca Dini: Katolik:...","og_url":"https:\/\/simurgedebiyat.com\/index.php\/2025\/12\/01\/italya-hakkinda-belki-de-hayatinizda-hic-duymadiginiz-cok-ilginc-bilgiler\/","og_site_name":"simurgedebiyat.com","article_published_time":"2025-12-01T11:52:22+00:00","og_image":[{"width":1200,"height":800,"url":"https:\/\/simurgedebiyat.com\/wp-content\/uploads\/2025\/12\/Italya-bbb.jpg","type":"image\/jpeg"}],"author":"Tar\u0131k TORUN","twitter_card":"summary_large_image","twitter_misc":{"Yazan:":"Tar\u0131k TORUN","Tahmini okuma s\u00fcresi":"9 dakika"},"schema":{"@context":"https:\/\/schema.org","@graph":[{"@type":"Article","@id":"https:\/\/simurgedebiyat.com\/index.php\/2025\/12\/01\/italya-hakkinda-belki-de-hayatinizda-hic-duymadiginiz-cok-ilginc-bilgiler\/#article","isPartOf":{"@id":"https:\/\/simurgedebiyat.com\/index.php\/2025\/12\/01\/italya-hakkinda-belki-de-hayatinizda-hic-duymadiginiz-cok-ilginc-bilgiler\/"},"author":{"name":"Tar\u0131k TORUN","@id":"https:\/\/simurgedebiyat.com\/#\/schema\/person\/2b69186447343805a1de03a426a9c75c"},"headline":"\u0130talya Hakk\u0131nda Belki de Hayat\u0131n\u0131zda Hi\u00e7 Duymad\u0131\u011f\u0131n\u0131z \u00c7ok \u0130lgin\u00e7 Bilgiler","datePublished":"2025-12-01T11:52:22+00:00","mainEntityOfPage":{"@id":"https:\/\/simurgedebiyat.com\/index.php\/2025\/12\/01\/italya-hakkinda-belki-de-hayatinizda-hic-duymadiginiz-cok-ilginc-bilgiler\/"},"wordCount":1648,"commentCount":2,"publisher":{"@id":"https:\/\/simurgedebiyat.com\/#organization"},"image":{"@id":"https:\/\/simurgedebiyat.com\/index.php\/2025\/12\/01\/italya-hakkinda-belki-de-hayatinizda-hic-duymadiginiz-cok-ilginc-bilgiler\/#primaryimage"},"thumbnailUrl":"https:\/\/simurgedebiyat.com\/wp-content\/uploads\/2025\/12\/Italya-bbb.jpg","articleSection":["Ara\u015ft\u0131rmalar"],"inLanguage":"tr","potentialAction":[{"@type":"CommentAction","name":"Comment","target":["https:\/\/simurgedebiyat.com\/index.php\/2025\/12\/01\/italya-hakkinda-belki-de-hayatinizda-hic-duymadiginiz-cok-ilginc-bilgiler\/#respond"]}]},{"@type":"WebPage","@id":"https:\/\/simurgedebiyat.com\/index.php\/2025\/12\/01\/italya-hakkinda-belki-de-hayatinizda-hic-duymadiginiz-cok-ilginc-bilgiler\/","url":"https:\/\/simurgedebiyat.com\/index.php\/2025\/12\/01\/italya-hakkinda-belki-de-hayatinizda-hic-duymadiginiz-cok-ilginc-bilgiler\/","name":"\u0130talya Hakk\u0131nda Belki de Hayat\u0131n\u0131zda Hi\u00e7 Duymad\u0131\u011f\u0131n\u0131z \u00c7ok \u0130lgin\u00e7 Bilgiler - simurgedebiyat.com","isPartOf":{"@id":"https:\/\/simurgedebiyat.com\/#website"},"primaryImageOfPage":{"@id":"https:\/\/simurgedebiyat.com\/index.php\/2025\/12\/01\/italya-hakkinda-belki-de-hayatinizda-hic-duymadiginiz-cok-ilginc-bilgiler\/#primaryimage"},"image":{"@id":"https:\/\/simurgedebiyat.com\/index.php\/2025\/12\/01\/italya-hakkinda-belki-de-hayatinizda-hic-duymadiginiz-cok-ilginc-bilgiler\/#primaryimage"},"thumbnailUrl":"https:\/\/simurgedebiyat.com\/wp-content\/uploads\/2025\/12\/Italya-bbb.jpg","datePublished":"2025-12-01T11:52:22+00:00","breadcrumb":{"@id":"https:\/\/simurgedebiyat.com\/index.php\/2025\/12\/01\/italya-hakkinda-belki-de-hayatinizda-hic-duymadiginiz-cok-ilginc-bilgiler\/#breadcrumb"},"inLanguage":"tr","potentialAction":[{"@type":"ReadAction","target":["https:\/\/simurgedebiyat.com\/index.php\/2025\/12\/01\/italya-hakkinda-belki-de-hayatinizda-hic-duymadiginiz-cok-ilginc-bilgiler\/"]}]},{"@type":"ImageObject","inLanguage":"tr","@id":"https:\/\/simurgedebiyat.com\/index.php\/2025\/12\/01\/italya-hakkinda-belki-de-hayatinizda-hic-duymadiginiz-cok-ilginc-bilgiler\/#primaryimage","url":"https:\/\/simurgedebiyat.com\/wp-content\/uploads\/2025\/12\/Italya-bbb.jpg","contentUrl":"https:\/\/simurgedebiyat.com\/wp-content\/uploads\/2025\/12\/Italya-bbb.jpg","width":1200,"height":800},{"@type":"BreadcrumbList","@id":"https:\/\/simurgedebiyat.com\/index.php\/2025\/12\/01\/italya-hakkinda-belki-de-hayatinizda-hic-duymadiginiz-cok-ilginc-bilgiler\/#breadcrumb","itemListElement":[{"@type":"ListItem","position":1,"name":"Anasayfa","item":"https:\/\/simurgedebiyat.com\/"},{"@type":"ListItem","position":2,"name":"\u0130talya Hakk\u0131nda Belki de Hayat\u0131n\u0131zda Hi\u00e7 Duymad\u0131\u011f\u0131n\u0131z \u00c7ok \u0130lgin\u00e7 Bilgiler"}]},{"@type":"WebSite","@id":"https:\/\/simurgedebiyat.com\/#website","url":"https:\/\/simurgedebiyat.com\/","name":"simurgedebiyat.com","description":"edebiyat&amp;K\u00fclt\u00fcr&amp;Sanat&amp;D\u00fc\u015f\u00fcnce ","publisher":{"@id":"https:\/\/simurgedebiyat.com\/#organization"},"potentialAction":[{"@type":"SearchAction","target":{"@type":"EntryPoint","urlTemplate":"https:\/\/simurgedebiyat.com\/?s={search_term_string}"},"query-input":{"@type":"PropertyValueSpecification","valueRequired":true,"valueName":"search_term_string"}}],"inLanguage":"tr"},{"@type":"Organization","@id":"https:\/\/simurgedebiyat.com\/#organization","name":"simurgedebiyat.com","url":"https:\/\/simurgedebiyat.com\/","logo":{"@type":"ImageObject","inLanguage":"tr","@id":"https:\/\/simurgedebiyat.com\/#\/schema\/logo\/image\/","url":"https:\/\/simurgedebiyat.com\/wp-content\/uploads\/2025\/11\/cropped-HHHHH-1.jpeg","contentUrl":"https:\/\/simurgedebiyat.com\/wp-content\/uploads\/2025\/11\/cropped-HHHHH-1.jpeg","width":245,"height":205,"caption":"simurgedebiyat.com"},"image":{"@id":"https:\/\/simurgedebiyat.com\/#\/schema\/logo\/image\/"}},{"@type":"Person","@id":"https:\/\/simurgedebiyat.com\/#\/schema\/person\/2b69186447343805a1de03a426a9c75c","name":"Tar\u0131k TORUN","image":{"@type":"ImageObject","inLanguage":"tr","@id":"https:\/\/simurgedebiyat.com\/#\/schema\/person\/image\/23494c9101089ad44ae88ce9d2f56aac","url":"https:\/\/secure.gravatar.com\/avatar\/?s=96&d=mm&r=g","contentUrl":"https:\/\/secure.gravatar.com\/avatar\/?s=96&d=mm&r=g","caption":"Tar\u0131k TORUN"},"description":"Bayburt\u2019un Bayraktar (Baks\u0131) k\u00f6y\u00fcnde do\u011fdu (1965). \u0130lk\u00f6\u011frenimini k\u00f6y\u00fcnde bitirdi. Ailesi ile birlikte \u00c7orum\u2019a g\u00f6\u00e7 etti (1975). Orta\u00f6\u011frenimini \u00c7orum\u2019da tamamlad\u0131. Karadeniz Teknik \u00dcniversitesi, Fatih E\u011fitim Fak\u00fcltesi, Co\u011frafya \u00d6\u011fretmenli\u011fi b\u00f6l\u00fcm\u00fcn\u00fc bitirdi (1988). 1989 \u2018dan itibaren pek \u00e7ok lisede co\u011frafya \u00f6\u011fretmenli\u011fi yapt\u0131. Bu arada Gazi \u00dcniversitesi, Sosyal Bilimler Enstit\u00fcs\u00fc, Co\u011frafya E\u011fitimi Y\u00fcksek Lisans (Master) program\u0131n\u0131 bitirdi. Anadolu \u00dcniversitesi, T\u00fcrk Dili ve Edebiyat\u0131 B\u00f6l\u00fcm\u00fcn\u00fc de bitirdi. Ayr\u0131ca \u0130stanbul \u00dcniversitesi, Hukuk Fak\u00fcltesi\u2019nde de okudu. MEB, \u00d6YGM, EARGED ve YE\u011e\u0130TEK\u2019de \u00f6\u011fretmen olarak \u00e7al\u0131\u015ft\u0131. \u0130LESAM, TYB, \u0130slam \u00dclkeleri Akademisyen ve Yazarlar Birli\u011fi ile Uluslararas\u0131 Bayburt Yazar ve Sanat\u00e7\u0131lar Derne\u011fi\u2019nin \u00fcyesidir. \u00c7e\u015fitli sosyal ve k\u00fclt\u00fcrel \u00e7al\u0131\u015fmalara kat\u0131lmaktad\u0131r. \u015eiir, deneme, makale, roman, hik\u00e2ye, gezi yaz\u0131s\u0131, ara\u015ft\u0131rma-inceleme alan\u0131ndaki \u00e7al\u0131\u015fmalar\u0131 halen devam etmektedir. \u00c7e\u015fitli kurulu\u015flardan ald\u0131\u011f\u0131 onlarca \u00f6d\u00fcl\u00fc bulunmaktad\u0131r. ESERLER\u0130 \u015eiir G\u00fclistan\u0131n G\u00fclleri-2006 Alizeler-2007 A\u015fk\u0131n Co\u011frafyas\u0131-2008 Meb\u015fure-2009 A\u015fko\u011frafya-2010 A\u015fkistan-2015 A\u015fka Yolculuk-2018 \u015eiir \u015eiir T\u00fcrkiye-I-2021 \u015eiir \u015eiir T\u00fcrkiye-II-2022 Neva-2026 Hik\u00e2ye G\u00fcne\u015fi Tut Ka\u00e7mas\u0131n-2011 A\u015fk\u0131n Kalbi-2015 Mor Da\u011flar\u0131n Balas\u0131-2025 Deneme Algoritmik Aforizmalar-2016 Roman Piri Reis-2022","url":"https:\/\/simurgedebiyat.com\/index.php\/author\/tarik-torun\/"}]}},"featured_image_urls":{"full":["https:\/\/simurgedebiyat.com\/wp-content\/uploads\/2025\/12\/Italya-bbb.jpg",1200,800,false],"thumbnail":["https:\/\/simurgedebiyat.com\/wp-content\/uploads\/2025\/12\/Italya-bbb-150x150.jpg",150,150,true],"medium":["https:\/\/simurgedebiyat.com\/wp-content\/uploads\/2025\/12\/Italya-bbb-300x200.jpg",300,200,true],"medium_large":["https:\/\/simurgedebiyat.com\/wp-content\/uploads\/2025\/12\/Italya-bbb-768x512.jpg",640,427,true],"large":["https:\/\/simurgedebiyat.com\/wp-content\/uploads\/2025\/12\/Italya-bbb-1024x683.jpg",640,427,true],"1536x1536":["https:\/\/simurgedebiyat.com\/wp-content\/uploads\/2025\/12\/Italya-bbb.jpg",1200,800,false],"2048x2048":["https:\/\/simurgedebiyat.com\/wp-content\/uploads\/2025\/12\/Italya-bbb.jpg",1200,800,false],"covernews-slider-full":["https:\/\/simurgedebiyat.com\/wp-content\/uploads\/2025\/12\/Italya-bbb-1115x715.jpg",1115,715,true],"covernews-slider-center":["https:\/\/simurgedebiyat.com\/wp-content\/uploads\/2025\/12\/Italya-bbb-800x500.jpg",800,500,true],"covernews-featured":["https:\/\/simurgedebiyat.com\/wp-content\/uploads\/2025\/12\/Italya-bbb-1024x683.jpg",1024,683,true],"covernews-medium":["https:\/\/simurgedebiyat.com\/wp-content\/uploads\/2025\/12\/Italya-bbb-540x340.jpg",540,340,true],"covernews-medium-square":["https:\/\/simurgedebiyat.com\/wp-content\/uploads\/2025\/12\/Italya-bbb-400x250.jpg",400,250,true],"sow-carousel-default":["https:\/\/simurgedebiyat.com\/wp-content\/uploads\/2025\/12\/Italya-bbb-272x182.jpg",272,182,true],"sow-blog-portfolio":["https:\/\/simurgedebiyat.com\/wp-content\/uploads\/2025\/12\/Italya-bbb-375x375.jpg",375,375,true],"sow-blog-grid":["https:\/\/simurgedebiyat.com\/wp-content\/uploads\/2025\/12\/Italya-bbb-720x480.jpg",720,480,true],"sow-blog-alternate":["https:\/\/simurgedebiyat.com\/wp-content\/uploads\/2025\/12\/Italya-bbb-950x630.jpg",950,630,true],"sow-recent-post":["https:\/\/simurgedebiyat.com\/wp-content\/uploads\/2025\/12\/Italya-bbb-216x216.jpg",216,216,true]},"author_info":{"display_name":"Tar\u0131k TORUN","author_link":"https:\/\/simurgedebiyat.com\/index.php\/author\/tarik-torun\/"},"category_info":"<a href=\"https:\/\/simurgedebiyat.com\/index.php\/category\/arastirmalar\/\" rel=\"category tag\">Ara\u015ft\u0131rmalar<\/a>","tag_info":"Ara\u015ft\u0131rmalar","comment_count":"2","jetpack_featured_media_url":"https:\/\/simurgedebiyat.com\/wp-content\/uploads\/2025\/12\/Italya-bbb.jpg","uagb_featured_image_src":{"full":["https:\/\/simurgedebiyat.com\/wp-content\/uploads\/2025\/12\/Italya-bbb.jpg",1200,800,false],"thumbnail":["https:\/\/simurgedebiyat.com\/wp-content\/uploads\/2025\/12\/Italya-bbb-150x150.jpg",150,150,true],"medium":["https:\/\/simurgedebiyat.com\/wp-content\/uploads\/2025\/12\/Italya-bbb-300x200.jpg",300,200,true],"medium_large":["https:\/\/simurgedebiyat.com\/wp-content\/uploads\/2025\/12\/Italya-bbb-768x512.jpg",640,427,true],"large":["https:\/\/simurgedebiyat.com\/wp-content\/uploads\/2025\/12\/Italya-bbb-1024x683.jpg",640,427,true],"1536x1536":["https:\/\/simurgedebiyat.com\/wp-content\/uploads\/2025\/12\/Italya-bbb.jpg",1200,800,false],"2048x2048":["https:\/\/simurgedebiyat.com\/wp-content\/uploads\/2025\/12\/Italya-bbb.jpg",1200,800,false],"covernews-slider-full":["https:\/\/simurgedebiyat.com\/wp-content\/uploads\/2025\/12\/Italya-bbb-1115x715.jpg",1115,715,true],"covernews-slider-center":["https:\/\/simurgedebiyat.com\/wp-content\/uploads\/2025\/12\/Italya-bbb-800x500.jpg",800,500,true],"covernews-featured":["https:\/\/simurgedebiyat.com\/wp-content\/uploads\/2025\/12\/Italya-bbb-1024x683.jpg",1024,683,true],"covernews-medium":["https:\/\/simurgedebiyat.com\/wp-content\/uploads\/2025\/12\/Italya-bbb-540x340.jpg",540,340,true],"covernews-medium-square":["https:\/\/simurgedebiyat.com\/wp-content\/uploads\/2025\/12\/Italya-bbb-400x250.jpg",400,250,true],"sow-carousel-default":["https:\/\/simurgedebiyat.com\/wp-content\/uploads\/2025\/12\/Italya-bbb-272x182.jpg",272,182,true],"sow-blog-portfolio":["https:\/\/simurgedebiyat.com\/wp-content\/uploads\/2025\/12\/Italya-bbb-375x375.jpg",375,375,true],"sow-blog-grid":["https:\/\/simurgedebiyat.com\/wp-content\/uploads\/2025\/12\/Italya-bbb-720x480.jpg",720,480,true],"sow-blog-alternate":["https:\/\/simurgedebiyat.com\/wp-content\/uploads\/2025\/12\/Italya-bbb-950x630.jpg",950,630,true],"sow-recent-post":["https:\/\/simurgedebiyat.com\/wp-content\/uploads\/2025\/12\/Italya-bbb-216x216.jpg",216,216,true]},"uagb_author_info":{"display_name":"Tar\u0131k TORUN","author_link":"https:\/\/simurgedebiyat.com\/index.php\/author\/tarik-torun\/"},"uagb_comment_info":2,"uagb_excerpt":"Devletin Ad\u0131: \u0130talya Cumhuriyeti Y\u00f6netim Bi\u00e7imi: Parlamenter Demokrasi Ba\u015fkenti: Roma Resmi Dili: \u0130talyanca Dini: Katolik:...","authors":[{"term_id":94,"user_id":3,"is_guest":0,"slug":"tarik-torun","display_name":"Tar\u0131k TORUN","avatar_url":{"url":"https:\/\/simurgedebiyat.com\/wp-content\/uploads\/2025\/10\/Tarik-TORUM.jpg","url2x":"https:\/\/simurgedebiyat.com\/wp-content\/uploads\/2025\/10\/Tarik-TORUM.jpg"},"first_name":"Tar\u0131k","last_name":"TORUN","user_url":"","job_title":"","description":"Bayburt\u2019un Bayraktar (Baks\u0131) k\u00f6y\u00fcnde do\u011fdu (1965). \u0130lk\u00f6\u011frenimini k\u00f6y\u00fcnde bitirdi. Ailesi ile birlikte \u00c7orum\u2019a g\u00f6\u00e7 etti (1975). Orta\u00f6\u011frenimini \u00c7orum\u2019da tamamlad\u0131. Karadeniz Teknik \u00dcniversitesi, Fatih E\u011fitim Fak\u00fcltesi, Co\u011frafya \u00d6\u011fretmenli\u011fi b\u00f6l\u00fcm\u00fcn\u00fc bitirdi (1988).\r\n1989 \u2018dan itibaren pek \u00e7ok lisede co\u011frafya \u00f6\u011fretmenli\u011fi yapt\u0131. Bu arada Gazi \u00dcniversitesi, Sosyal Bilimler Enstit\u00fcs\u00fc, Co\u011frafya E\u011fitimi Y\u00fcksek Lisans (Master) program\u0131n\u0131 bitirdi. Anadolu \u00dcniversitesi, T\u00fcrk Dili ve Edebiyat\u0131 B\u00f6l\u00fcm\u00fcn\u00fc de bitirdi. Ayr\u0131ca \u0130stanbul \u00dcniversitesi, Hukuk Fak\u00fcltesi\u2019nde de okudu. MEB, \u00d6YGM, EARGED ve YE\u011e\u0130TEK\u2019de \u00f6\u011fretmen olarak \u00e7al\u0131\u015ft\u0131. \u0130LESAM, TYB, \u0130slam \u00dclkeleri Akademisyen ve Yazarlar Birli\u011fi ile Uluslararas\u0131 Bayburt Yazar ve Sanat\u00e7\u0131lar Derne\u011fi\u2019nin \u00fcyesidir. \u00c7e\u015fitli sosyal ve k\u00fclt\u00fcrel \u00e7al\u0131\u015fmalara kat\u0131lmaktad\u0131r. \u015eiir, deneme, makale, roman, hik\u00e2ye, gezi yaz\u0131s\u0131, ara\u015ft\u0131rma-inceleme alan\u0131ndaki \u00e7al\u0131\u015fmalar\u0131 halen devam etmektedir. \u00c7e\u015fitli kurulu\u015flardan ald\u0131\u011f\u0131 onlarca \u00f6d\u00fcl\u00fc bulunmaktad\u0131r.\r\nESERLER\u0130\r\n\u015eiir\r\nG\u00fclistan\u0131n G\u00fclleri-2006 \r\nAlizeler-2007\r\nA\u015fk\u0131n Co\u011frafyas\u0131-2008\r\nMeb\u015fure-2009 \r\nA\u015fko\u011frafya-2010\r\nA\u015fkistan-2015              \r\nA\u015fka Yolculuk-2018\r\n\u015eiir \u015eiir T\u00fcrkiye-I-2021\r\n\u015eiir \u015eiir T\u00fcrkiye-II-2022\r\nNeva-2026\r\nHik\u00e2ye\r\nG\u00fcne\u015fi Tut Ka\u00e7mas\u0131n-2011 \r\nA\u015fk\u0131n Kalbi-2015\r\nMor Da\u011flar\u0131n Balas\u0131-2025\r\nDeneme\r\nAlgoritmik Aforizmalar-2016\r\nRoman\r\nPiri Reis-2022\r\n"}],"_links":{"self":[{"href":"https:\/\/simurgedebiyat.com\/index.php\/wp-json\/wp\/v2\/posts\/2971","targetHints":{"allow":["GET"]}}],"collection":[{"href":"https:\/\/simurgedebiyat.com\/index.php\/wp-json\/wp\/v2\/posts"}],"about":[{"href":"https:\/\/simurgedebiyat.com\/index.php\/wp-json\/wp\/v2\/types\/post"}],"author":[{"embeddable":true,"href":"https:\/\/simurgedebiyat.com\/index.php\/wp-json\/wp\/v2\/users\/3"}],"replies":[{"embeddable":true,"href":"https:\/\/simurgedebiyat.com\/index.php\/wp-json\/wp\/v2\/comments?post=2971"}],"version-history":[{"count":1,"href":"https:\/\/simurgedebiyat.com\/index.php\/wp-json\/wp\/v2\/posts\/2971\/revisions"}],"predecessor-version":[{"id":2973,"href":"https:\/\/simurgedebiyat.com\/index.php\/wp-json\/wp\/v2\/posts\/2971\/revisions\/2973"}],"wp:featuredmedia":[{"embeddable":true,"href":"https:\/\/simurgedebiyat.com\/index.php\/wp-json\/wp\/v2\/media\/2972"}],"wp:attachment":[{"href":"https:\/\/simurgedebiyat.com\/index.php\/wp-json\/wp\/v2\/media?parent=2971"}],"wp:term":[{"taxonomy":"category","embeddable":true,"href":"https:\/\/simurgedebiyat.com\/index.php\/wp-json\/wp\/v2\/categories?post=2971"},{"taxonomy":"post_tag","embeddable":true,"href":"https:\/\/simurgedebiyat.com\/index.php\/wp-json\/wp\/v2\/tags?post=2971"},{"taxonomy":"author","embeddable":true,"href":"https:\/\/simurgedebiyat.com\/index.php\/wp-json\/wp\/v2\/ppma_author?post=2971"}],"curies":[{"name":"wp","href":"https:\/\/api.w.org\/{rel}","templated":true}]}}