{"id":2948,"date":"2025-11-25T20:40:11","date_gmt":"2025-11-25T17:40:11","guid":{"rendered":"https:\/\/simurgedebiyat.com\/?p=2948"},"modified":"2025-11-25T20:40:11","modified_gmt":"2025-11-25T17:40:11","slug":"isvicreyle-ilgili-belki-de-hayatinizda-hic-duymadiginiz-cok-enteresan-bilgiler","status":"publish","type":"post","link":"https:\/\/simurgedebiyat.com\/index.php\/2025\/11\/25\/isvicreyle-ilgili-belki-de-hayatinizda-hic-duymadiginiz-cok-enteresan-bilgiler\/","title":{"rendered":"\u0130svi\u00e7re\u2019yle \u0130lgili Belki de Hayat\u0131n\u0131zda Hi\u00e7 Duymad\u0131\u011f\u0131n\u0131z \u00c7ok Enteresan Bilgiler"},"content":{"rendered":"<p>&nbsp;<\/p>\n<ul>\n<li><b><\/b><strong><b>\u0130svi\u00e7re k\u00fc\u00e7\u00fck bir \u00fclke olup yakla\u015f\u0131k 40.000 km\u00b2&#8217;lik y\u00fcz\u00f6l\u00e7\u00fcm\u00fcyle kar\u015f\u0131la\u015ft\u0131r\u0131ld\u0131\u011f\u0131nda k\u00fc\u00e7\u00fck bir \u00fclkedir. \u0130sve\u00e7 10 kat, <\/b><\/strong><strong><b>T\u00fcrkiye 20 kat , <\/b><\/strong><strong><b>Avustralya 188 kat<\/b><\/strong><strong><b>,<\/b><\/strong><strong><b>ve Kanada ise 243 kat daha b\u00fcy\u00fckt\u00fcr.<\/b><\/strong><\/li>\n<li><img decoding=\"async\" src=\"https:\/\/www.bilgiustam.com\/resimler\/2009\/06\/isvicre.png\" alt=\"\u0130svi\u00e7re \u00bb Bilgiustam\"><\/li>\n<\/ul>\n<ul>\n<li><b><\/b><strong><b>\u0130svi\u00e7re vatanda\u015fl\u0131\u011f\u0131na ba\u015fvurmak i\u00e7in \u0130svi\u00e7re&#8217;de en az 12 y\u0131l ya\u015faman\u0131z gerekir.<\/b><\/strong><\/li>\n<\/ul>\n<ul>\n<li><b><\/b><strong><b>Ba\u015fkent Bern&#8217;de bebekleri yiyen bir adam\u0131n heykeli var. Kimse bu heykelin anlam\u0131n\u0131 bilmiyor.<\/b><\/strong><strong><b>Kimse de sorgulay\u0131p, ses \u00e7\u0131karm\u0131yor.<\/b><\/strong><\/li>\n<\/ul>\n<ul>\n<li><b><\/b><strong><b>Dakiklik, \u0130svi\u00e7relilerin gurur duydu\u011fu bir \u00f6zelliktir. En az\u0131ndan \u00e7o\u011fu. Bu durum, belki de \u0130svi\u00e7re saat sanayisinin zengin tarihinden kaynaklan\u0131yordur. <\/b><\/strong><strong><b>Rolex, Patek Philippe, Zenith, TAG Heuer, Swatch, Omega, Breitling ve IWC gibi en tan\u0131nm\u0131\u015f isimler \u0130svi\u00e7re k\u00f6kenli<\/b><\/strong><strong><b>&nbsp;saat markalar\u0131d\u0131r<\/b><\/strong><strong><b>.&nbsp;<\/b><\/strong><\/li>\n<li><img fetchpriority=\"high\" decoding=\"async\" class=\"\" src=\"https:\/\/haber.aero\/wp-content\/uploads\/2023\/05\/isvic%CC%A7re-Haritasi-e1684617365957.jpg\" alt=\"\u0130svi\u00e7re - Havac\u0131l\u0131k, Savunma, Uzay ve Teknoloji Haberleri\" width=\"379\" height=\"332\"><\/li>\n<\/ul>\n<ul>\n<li><b><\/b><strong><b>\u0130svi\u00e7re, uzun s\u00fcredir tarafs\u0131zl\u0131k politikas\u0131 izlemesiyle bilinir. Bu duru\u015f, uluslararas\u0131 ili\u015fkilerde adil ve bar\u0131\u015f\u00e7\u0131l bir yakla\u015f\u0131m\u0131 simgeler ve \u0130svi\u00e7re&#8217;nin bir\u00e7ok uluslararas\u0131 kurulu\u015fa ev sahipli\u011fi yapmas\u0131n\u0131n temelini olu\u015fturur.<\/b><\/strong><strong><b>Pek \u00e7ok anta\u015fmalar burada yap\u0131lm\u0131\u015ft\u0131r. Lozan gibi.<\/b><\/strong><\/li>\n<\/ul>\n<ul>\n<li><b><\/b><strong><b>Bern&#8217;deki yaya ge\u00e7itleri Swarovski kristalleriyle kapl\u0131d\u0131r.<\/b><\/strong><\/li>\n<\/ul>\n<ul>\n<li><b><\/b><strong><b>Einstein&#8217;\u0131n en \u00fcnl\u00fc form\u00fcl\u00fcne ev sahipli\u011fi yapar. E&nbsp;=&nbsp;mc<\/b><\/strong><strong><sup><b>2<\/b><\/sup><\/strong><strong><b>,&nbsp;fizikte&nbsp;k\u00fctle-enerji e\u015fde\u011ferli\u011finin temel form\u00fcl\u00fcd\u00fcr.<\/b><\/strong><strong><b>Askerlik g\u00f6revinden ka\u00e7mak i\u00e7in Alman vatanda\u015fl\u0131\u011f\u0131ndan feragat ettikten sonra, Bern&#8217;de okurken ve ya\u015farken bu \u00fcnl\u00fc form\u00fcl\u00fc geli\u015ftirdi.<\/b><\/strong><\/li>\n<\/ul>\n<ul>\n<li><b><\/b><strong><b>\u0130svi\u00e7re n\u00fckleer sava\u015fa tamamen haz\u0131rd\u0131r. Herkesin kendi binas\u0131nda veya yak\u0131n\u0131nda bir s\u0131\u011f\u0131na\u011fa eri\u015fmesini gerektiren yasalar nedeniyle, t\u00fcm insan n\u00fcfusunu bar\u0131nd\u0131racak kadar n\u00fckleer s\u0131\u011f\u0131nak vard\u0131r. \u0130svi\u00e7re ordusu, kalabal\u0131k k\u00f6ylerin ortas\u0131nda, k\u00f6y evleri \u015feklinde, tam te\u00e7hizat s\u0131\u011f\u0131naklar bulundurur.<\/b><\/strong><\/li>\n<li><img decoding=\"async\" class=\"\" src=\"https:\/\/moverdb.com\/wp-content\/uploads\/shutterstock_2201257855.jpg\" alt=\"\u0130svi\u00e7re'de Ya\u015famak Hakk\u0131nda Ta\u015f\u0131nmadan \u00d6nce Bilmeniz Gereken 21 S\u0131r -  MoverDB.com\" width=\"665\" height=\"374\"><\/li>\n<\/ul>\n<ul>\n<li><b><\/b><strong><b>LSD ilk olarak \u0130svi\u00e7reli bir kimyager taraf\u0131ndan yap\u0131lm\u0131\u015ft\u0131r<\/b><\/strong><\/li>\n<\/ul>\n<ul>\n<li><b><\/b><strong><b>D\u00fcnyan\u0131n en uzun merdiveni \u0130svi\u00e7re&#8217;de bulunur. Bu merdiven 11.674 basamak ve 1.669 m (5,476 ft) y\u00fcksekli\u011fiyle d\u00fcnyan\u0131n en uzun merdivenidir. Merdiven halka a\u00e7\u0131k de\u011fildir ancak bu manzaran\u0131n tad\u0131n\u0131 \u00e7\u0131karmak (ve biraz ter atmak) i\u00e7in y\u0131lda bir kez halka a\u00e7\u0131k bir ko\u015fu d\u00fczenlenir.<\/b><\/strong><\/li>\n<\/ul>\n<ul>\n<li><b><\/b><strong><b>\u0130svi\u00e7reli insanlar olduk\u00e7a ge\u00e7 evlenir ve bu evliliklerin neredeyse yar\u0131s\u0131 bo\u015fanma ile sonu\u00e7lan\u0131r.<\/b><\/strong><\/li>\n<\/ul>\n<ul>\n<li><b><\/b><strong><b>\u0130svi\u00e7re&#8217;de 7000 tane g\u00f6l bulunur. <\/b><\/strong><strong><b>Bu g\u00f6llerde su o kadar berrakt\u0131r ki nehirlerden ve g\u00f6llerden su i\u00e7ebilirsiniz. Bir g\u00f6l\u00fcn dibini g\u00f6remiyorsan\u0131z, o g\u00f6l kirli olarak kabul edilir.<\/b><\/strong><\/li>\n<\/ul>\n<ul>\n<li><b><\/b><strong><b>Silah sat\u0131n alma oran\u0131 y\u00fcksektir ancak su\u00e7 oranlar\u0131 olduk\u00e7a d\u00fc\u015f\u00fckt\u00fcr.<\/b><\/strong><\/li>\n<li><img decoding=\"async\" class=\"\" src=\"https:\/\/www.mngturizm.com\/upload\/blog\/isvicre-blog\/lugano-blog.jpg\" alt=\"\u0130svi\u00e7re'de Gezilecek Yerler Listesi En G\u00fczel 20 Yer \u00d6nerisi! - MNG Turizm\" width=\"509\" height=\"356\"><\/li>\n<\/ul>\n<ul>\n<li><b><\/b><strong><b>D\u00fcnyan\u0131n en yenilik\u00e7i \u00fclkesidir.<\/b><\/strong>&nbsp;<strong><b> K\u00fcresel \u0130novasyon Endeksi&#8217;nde 8 y\u0131l arka arkaya d\u00fcnyan\u0131n en yenilik\u00e7i \u00fclkesi dal\u0131nda 1. olmu\u015ftur.<\/b><\/strong><\/li>\n<\/ul>\n<ul>\n<li><b><\/b><strong><b>N\u00fcfusunun %25&#8217;i yabanc\u0131d\u0131r.<\/b><\/strong><\/li>\n<li><strong><b>Ya\u015famak i\u00e7in en pahal\u0131 yerlerden biridir. <\/b><\/strong><b><\/b><strong><b>Ya\u015fam kalitesi en y\u00fcksek \u00fclkelerden biridir.<\/b><\/strong><\/li>\n<\/ul>\n<ul>\n<li><b><\/b><strong><b>Obezitenin en az oldu\u011fu Avrupa \u00fclkesidir.<\/b><\/strong><\/li>\n<\/ul>\n<ul>\n<li><b><\/b><strong><b>D\u00fcnyan\u0131n en ya\u015fanabilir \u015fehirlerinden ikisine ev sahipli\u011fi yap\u0131yor.<\/b><\/strong><strong><b>\u00c7e\u015fitli ko\u015fullar de\u011ferlendirilerek yap\u0131lan ara\u015ft\u0131rmalara g\u00f6re bu \u015fehirler Z\u00fcrih ve Cenevre.<\/b><\/strong><\/li>\n<\/ul>\n<ul>\n<li><b><\/b><strong><b>Olduk\u00e7a \u00e7ok i\u00e7ki i\u00e7erler. <\/b><\/strong><strong><b>M\u00fcthi\u015f bir i\u00e7ki t\u00fcketimi vard\u0131r.<\/b><\/strong><\/li>\n<\/ul>\n<ul>\n<li><b><\/b><strong><b>4 tane ulusal dilleri bulunur. <\/b><\/strong><strong><b>Frans\u0131zca (%20,4), Almanca (%64), \u0130talyanca (%6,5) ve Roman\u015f\u00e7a (%1&#8217;in biraz \u00fczerinde).<\/b><\/strong><\/li>\n<\/ul>\n<ul>\n<li><b><\/b><strong><b>Maa\u015flar\u0131n ve i\u015f g\u00fcvenli\u011finin en y\u00fcksek oldu\u011fu \u00fclkedir.<\/b><\/strong><\/li>\n<\/ul>\n<ul>\n<li><b><\/b><strong><b>\u0130svi\u00e7re 208 da\u011fa ve Avrupa&#8217;daki en fazla zirve say\u0131s\u0131na sahiptir.<\/b><\/strong><strong><b>Da\u011fl\u0131k bir \u00fclkedir. <\/b><\/strong><strong><b>000 metreden y\u00fcksek 208 da\u011f\u0131n bulundu\u011fu \u0130svi\u00e7re, 4.000 metrenin \u00fczerinde de 24 da\u011fa sahiptir.<\/b><\/strong><\/li>\n<\/ul>\n<ul>\n<li><b><\/b><strong><b>\u00d6tanazi yani desteklenmi\u015f intihar denilen bir sistemleri bulunur.<\/b><\/strong><\/li>\n<\/ul>\n<ul>\n<li><b><\/b><strong><b>\u0130svi\u00e7re eti d\u00fcnyan\u0131n en pahal\u0131 etleri aras\u0131ndad\u0131r.<\/b><\/strong><\/li>\n<li><img loading=\"lazy\" decoding=\"async\" class=\"\" src=\"https:\/\/www.flypgs.com\/blog\/wp-content\/uploads\/2024\/05\/alp-daglari-gezilecek-yerler.jpeg\" alt=\"\u0130svi\u00e7re Alpleri'nin Zirveleri | Z\u00fcrih Gezisinde Yap\u0131lacak \u015eeyler\" width=\"535\" height=\"327\"><\/li>\n<\/ul>\n<ul>\n<li><b><\/b><strong><b>Yoksulluk oran\u0131 azd\u0131r.<\/b><\/strong><\/li>\n<\/ul>\n<ul>\n<li><b><\/b><strong><b>\u0130svi\u00e7re&#8217;de bulunan Gotthard t\u00fcneli d\u00fcnyan\u0131n en uzun t\u00fcnelidir.<\/b><\/strong><strong><b>\u0130svi\u00e7re&#8217;nin Gotthard t\u00fcneli 57 km<\/b><\/strong><strong><b>.<\/b><\/strong><strong><b> uzunlu\u011fu ile d\u00fcnyan\u0131n en uzun t\u00fcnelidir (\u0130ngiltere&nbsp;ile&nbsp;Fransa&nbsp;aras\u0131ndaki Man\u015f T\u00fcneli&#8217;nden 7 km daha uzundur). Tamamlanmas\u0131 17 y\u0131l s\u00fcrm\u00fc\u015ft\u00fcr.<\/b><\/strong><\/li>\n<\/ul>\n<ul>\n<li><b><\/b><strong><b>\u0130svi\u00e7re hakk\u0131nda bilgi denildi\u011finde \u00fclke bayra\u011f\u0131n\u0131n dikd\u00f6rtgen de\u011fil, kare oldu\u011funu s\u00f6ylemeden ge\u00e7mek olmaz. Yanl\u0131\u015f duymad\u0131n\u0131z, ilgin\u00e7 bilgiler listenize ekleyebilece\u011finiz bu bilgiye g\u00f6re \u0130svi\u00e7re bayra\u011f\u0131 d\u00fcnyada sadece iki \u00fclkeye \u00f6zg\u00fc olan kare g\u00f6r\u00fcn\u00fcme sahiptir. Bayrak, merkezinde beyaz bir ha\u00e7 olan k\u0131rm\u0131z\u0131 zemin \u00fczerine yerle\u015fimli bir bayrakt\u0131r.<\/b><\/strong><\/li>\n<\/ul>\n<ul>\n<li><b><\/b><strong><b>\u0130svi\u00e7re, AB \u00fcyesi mi diye d\u00fc\u015f\u00fcn\u00fcyorsan\u0131z san\u0131lan\u0131n aksine \u00fclke, Avrupa Birli\u011fi \u00fcyesi de\u011fildir. Uluslararas\u0131 ili\u015fkilerde tarafs\u0131zl\u0131k politikas\u0131 uygulayan \u0130svi\u00e7re, Avrupa Birli\u011fi \u00fcyelik kurallar\u0131n\u0131n bir\u00e7o\u011funu benimsemi\u015f olmas\u0131na ra\u011fmen \u00fcyesi olmam\u0131\u015ft\u0131r. \u0130svi\u00e7re para birimi olarak Euro de\u011fil, \u0130svi\u00e7re Frang\u0131 kullan\u0131r.<\/b><\/strong><\/li>\n<li><strong><b>\u0130talyanlar\u2019 da oldu\u011fu gibi \u0130svi\u00e7re peyniri, \u00e7e\u015fitlili\u011fi ile d\u00fcnyada ilk s\u0131ralarda yer al\u0131r. Yakla\u015f\u0131k 450 \u00e7e\u015fit peynir t\u00fcr\u00fcne sahip \u00fclkenin peynirle yap\u0131lan en bilindik yiyecek t\u00fcr\u00fc fond\u00fcd\u00fcr. Ba\u015fta \u0130svi\u00e7re\u2019ye \u00f6zg\u00fc olan ve Fransa ile \u0130talya\u2019da da yayg\u0131n olarak g\u00f6r\u00fclen fond\u00fc, tencerede eritilmi\u015f peynire uzun \u00e7atallara tak\u0131lan ekmekler band\u0131r\u0131larak yenir.&nbsp;<\/b><\/strong><\/li>\n<\/ul>\n<ul>\n<li><b><\/b><strong><b>\u0130svi\u00e7re denilince akla ilk gelen \u015fey d\u00fcnyaca \u00fcnl\u00fc y\u00fcksek kalite \u00e7ikolatalar\u0131d\u0131r. \u00dclkede yakla\u015f\u0131k olarak y\u0131ll\u0131k, 18 \u0130svi\u00e7re \u00e7ikolatas\u0131 \u015firketinde, 150 bin tondan fazla \u00e7ikolata \u00fcretilir. Bir ba\u015fka \u0130svi\u00e7re hakk\u0131nda bilgi ise \u0130svi\u00e7re n\u00fcfusunun, ayn\u0131 zamanda d\u00fcnyada en \u00e7ok \u00e7ikolata t\u00fcketen toplum olmas\u0131d\u0131r. Y\u0131lda yakla\u015f\u0131k 10 kg \u00e7ikolata t\u00fcketen \u0130svi\u00e7relilerin formlar\u0131n\u0131 korumalar\u0131 ve kilo almamalar\u0131 da dikkat \u00e7ekicidir.<\/b><\/strong><\/li>\n<li><img loading=\"lazy\" decoding=\"async\" class=\"\" src=\"https:\/\/www.seyatra.com\/wp-content\/uploads\/2024\/03\/Isvicre-Gezi-Rehberi-Alp-Daglarindan-Goz-Alici-Sehirlere-850x560.webp\" alt=\"\u0130svi\u00e7re Gezi Rehberi: Alp Da\u011flar\u0131'ndan G\u00f6z Al\u0131c\u0131 \u015eehirlere\" width=\"562\" height=\"370\"><\/li>\n<\/ul>\n<ul>\n<li><b><\/b><strong><b>\u0130svi\u00e7reli yazar Johanna Spyri\u2019nin 1881 y\u0131l\u0131nda kaleme ald\u0131\u011f\u0131 Heidi, d\u00fcnyan\u0131n en \u00fcnl\u00fc kitaplar\u0131 aras\u0131nda yer almaktad\u0131r. Hem \u00e7ocuklar\u0131 hem de b\u00fcy\u00fckleri maceralar\u0131yla \u0130svi\u00e7re\u2019de Alplerin eteklerinde b\u00fcy\u00fcl\u00fc bir d\u00fcnyaya g\u00f6t\u00fcren kitap g\u00fcn\u00fcm\u00fczde de pop\u00fclerli\u011fini yitirmemi\u015ftir. Yazar\u0131n kendisi de \u00e7ocuklu\u011funu \u0130svi\u00e7re k\u0131rsal\u0131nda ge\u00e7irmi\u015ftir ve bu da severek okudu\u011fumuz kitab\u0131na yans\u0131m\u0131\u015ft\u0131r.&nbsp;<\/b><\/strong><\/li>\n<\/ul>\n<ul>\n<li><b><\/b><strong><b>\u00dclkedeki otoyollar, herhangi bir sava\u015f tehlikesine kar\u015f\u0131n bariyerleri s\u00f6k\u00fclerek u\u00e7ak pistine d\u00f6n\u00fc\u015ft\u00fcr\u00fclebiliyor.<\/b><\/strong><\/li>\n<\/ul>\n<ul>\n<li><b><\/b><strong><b>\u0130svi\u00e7re do\u011frudan demokrasi ile y\u00f6netilen tek \u00fclkedir.&nbsp;<\/b><\/strong><\/li>\n<\/ul>\n<ul>\n<li><b><\/b><strong><b>\u0130svi\u00e7re\u2019de ya\u015fam ve \u00e7al\u0131\u015fma fikriniz varsa en \u00e7ok kazanan meslek gruplar\u0131 aras\u0131nda \u00f6\u011fretmenler vard\u0131r. Y\u0131ll\u0131k gelirleri 120 bin dolar\u0131n \u00fczerindedir.<\/b><\/strong><\/li>\n<\/ul>\n<ul>\n<li><b><\/b><strong><b>18 ya\u015f\u0131na gelen erkekler i\u00e7in askerlik zorundad\u0131r.<\/b><\/strong><\/li>\n<li><img loading=\"lazy\" decoding=\"async\" class=\"\" src=\"https:\/\/cdn.getyourguide.com\/image\/format=auto,fit=crop,gravity=auto,quality=60,width=450,height=450,dpr=2\/tour_img\/1690e9d300149ff65905dc75ddf8c2c22883acf014edf151183f19289972ac2e.jpg\" alt=\"\u0130svi\u00e7re Seyahat Kart\u0131: Tren, Otob\u00fcs ve Teknede \u0130svi\u00e7re Hepsi Bir Arada Pass  | GetYourGuide\" width=\"402\" height=\"402\"><\/li>\n<\/ul>\n<ul>\n<li><b><\/b><strong><b>\u0130svi\u00e7re\u2019de devlet ba\u015fkan\u0131 yoktur ve onun yerine g\u00f6revlerini \u00fcstlenen 7 \u00fcyeli konsey vard\u0131r.&nbsp;<\/b><\/strong><\/li>\n<\/ul>\n<ul>\n<li><b><\/b><strong><b>D\u00fcnyada zararl\u0131 madde kullan\u0131m\u0131n\u0131n en y\u00fcksek oldu\u011fu \u00fclkedir. Tabii bunda yasal olmas\u0131n\u0131n pay\u0131 b\u00fcy\u00fckt\u00fcr.&nbsp;<\/b><\/strong><\/li>\n<li><strong>\u00dclkemizde de \u00e7ok bilinen \u0130svi\u00e7re \u00e7ak\u0131s\u0131 \u00e7ok me\u015fhurudur. \u00c7ak\u0131n\u0131n \u00f6zelli\u011fi pek \u00e7ok fonksiyonu bir arada bulundurmas\u0131d\u0131r. \u00d6rne\u011fin kesme b\u0131\u00e7a\u011f\u0131, tornavida, t\u00f6rp\u00fcleme, t\u0131rnak makas\u0131, gazoz a\u00e7ma aparat\u0131 vs gibi \u00f6zellikleri bulunmaktad\u0131r. Bu \u00e7ak\u0131y\u0131 \u0130svi\u00e7re ordusundaki askerlerin ta\u015f\u0131mas\u0131 zorunludur<\/strong><\/li>\n<\/ul>\n<ul>\n<li><b><\/b><strong><b>\u0130svi\u00e7re hakk\u0131nda ilgin\u00e7 bilgiler aras\u0131nda s\u00fct\u00fcn, milli i\u00e7ecek olmas\u0131 \u015fa\u015f\u0131rt\u0131c\u0131 bir ger\u00e7ek olabilir.<\/b><\/strong><\/li>\n<\/ul>\n<ul>\n<li><b><\/b><strong><b>Denize <\/b><\/strong><strong><b>k\u0131y\u0131s\u0131 <\/b><\/strong><strong><b>olmayan \u0130svi\u00e7re\u2019de palmiye a\u011fa\u00e7lar\u0131 vard\u0131r.&nbsp;<\/b><\/strong><\/li>\n<\/ul>\n<ul>\n<li><b><\/b><strong><b>\u0130svi\u00e7reli bilim insanlar\u0131 ve \u00fcnl\u00fc yazarlar, 25 Nobel \u00d6d\u00fcl\u00fc sahibidirler.&nbsp;<\/b><\/strong><\/li>\n<li><img loading=\"lazy\" decoding=\"async\" class=\"\" src=\"https:\/\/image.hurimg.com\/i\/hurriyet\/90\/750x422\/58c255a5c03c0e22948312b7.jpg\" alt=\"\u0130svi\u00e7re d\u00fcnyan\u0131n en iyi \u00fclkesi se\u00e7ildi - H\u00fcrriyet Haberler\" width=\"515\" height=\"290\"><\/li>\n<\/ul>\n<ul>\n<li><b><\/b><strong><b>2015 PISA verilerine g\u00f6re Avrupa\u2019n\u0131n en iyi matematik\u00e7ileri \u0130svi\u00e7re\u2019dedir.&nbsp;<\/b><\/strong><\/li>\n<\/ul>\n<p><strong><b>&nbsp; &nbsp; &nbsp; &nbsp;\u00d6zetle \u0130svi\u00e7re bug\u00fcn d\u00fcnyan\u0131n finans(bankac\u0131l\u0131k), saat end\u00fcstrisi, turizm ve uluslararas\u0131 antla\u015fmalar\u0131n yap\u0131ld\u0131\u011f\u0131 tarafs\u0131z bir \u00fclke niteli\u011findedir. Ayr\u0131ca bizimde medeni hukukumuzun kaynak al\u0131nd\u0131\u011f\u0131 Konya b\u00fcy\u00fckl\u00fc\u011f\u00fcnde bir \u00fclkedir.<\/b><\/strong><\/p>\n<p><strong><b>&nbsp;<\/b><\/strong><\/p>\n<p><strong><b>&nbsp;<\/b><\/strong><\/p>\n","protected":false},"excerpt":{"rendered":"<p>&nbsp; \u0130svi\u00e7re k\u00fc\u00e7\u00fck bir \u00fclke olup yakla\u015f\u0131k 40.000 km\u00b2&#8217;lik y\u00fcz\u00f6l\u00e7\u00fcm\u00fcyle kar\u015f\u0131la\u015ft\u0131r\u0131ld\u0131\u011f\u0131nda k\u00fc\u00e7\u00fck bir \u00fclkedir. \u0130sve\u00e7&#8230;<\/p>\n","protected":false},"author":3,"featured_media":2949,"comment_status":"open","ping_status":"open","sticky":false,"template":"","format":"standard","meta":{"_bbp_topic_count":0,"_bbp_reply_count":0,"_bbp_total_topic_count":0,"_bbp_total_reply_count":0,"_bbp_voice_count":0,"_bbp_anonymous_reply_count":0,"_bbp_topic_count_hidden":0,"_bbp_reply_count_hidden":0,"_bbp_forum_subforum_count":0,"om_disable_all_campaigns":false,"_uag_custom_page_level_css":"","ngg_post_thumbnail":0,"footnotes":""},"categories":[179],"tags":[],"ppma_author":[94],"class_list":["post-2948","post","type-post","status-publish","format-standard","has-post-thumbnail","hentry","category-arastirmalar"],"yoast_head":"<!-- This site is optimized with the Yoast SEO plugin v24.9 - https:\/\/yoast.com\/wordpress\/plugins\/seo\/ -->\n<title>\u0130svi\u00e7re\u2019yle \u0130lgili Belki de Hayat\u0131n\u0131zda Hi\u00e7 Duymad\u0131\u011f\u0131n\u0131z \u00c7ok Enteresan Bilgiler - simurgedebiyat.com<\/title>\n<meta name=\"robots\" content=\"index, follow, max-snippet:-1, max-image-preview:large, max-video-preview:-1\" \/>\n<link rel=\"canonical\" href=\"https:\/\/simurgedebiyat.com\/index.php\/2025\/11\/25\/isvicreyle-ilgili-belki-de-hayatinizda-hic-duymadiginiz-cok-enteresan-bilgiler\/\" \/>\n<meta property=\"og:locale\" content=\"tr_TR\" \/>\n<meta property=\"og:type\" content=\"article\" \/>\n<meta property=\"og:title\" content=\"\u0130svi\u00e7re\u2019yle \u0130lgili Belki de Hayat\u0131n\u0131zda Hi\u00e7 Duymad\u0131\u011f\u0131n\u0131z \u00c7ok Enteresan Bilgiler - simurgedebiyat.com\" \/>\n<meta property=\"og:description\" content=\"&nbsp; \u0130svi\u00e7re k\u00fc\u00e7\u00fck bir \u00fclke olup yakla\u015f\u0131k 40.000 km\u00b2&#8217;lik y\u00fcz\u00f6l\u00e7\u00fcm\u00fcyle kar\u015f\u0131la\u015ft\u0131r\u0131ld\u0131\u011f\u0131nda k\u00fc\u00e7\u00fck bir \u00fclkedir. \u0130sve\u00e7...\" \/>\n<meta property=\"og:url\" content=\"https:\/\/simurgedebiyat.com\/index.php\/2025\/11\/25\/isvicreyle-ilgili-belki-de-hayatinizda-hic-duymadiginiz-cok-enteresan-bilgiler\/\" \/>\n<meta property=\"og:site_name\" content=\"simurgedebiyat.com\" \/>\n<meta property=\"article:published_time\" content=\"2025-11-25T17:40:11+00:00\" \/>\n<meta property=\"og:image\" content=\"https:\/\/simurgedebiyat.com\/wp-content\/uploads\/2025\/11\/isvicre.jpeg\" \/>\n\t<meta property=\"og:image:width\" content=\"722\" \/>\n\t<meta property=\"og:image:height\" content=\"484\" \/>\n\t<meta property=\"og:image:type\" content=\"image\/jpeg\" \/>\n<meta name=\"author\" content=\"Tar\u0131k TORUN\" \/>\n<meta name=\"twitter:card\" content=\"summary_large_image\" \/>\n<meta name=\"twitter:label1\" content=\"Yazan:\" \/>\n\t<meta name=\"twitter:data1\" content=\"Tar\u0131k TORUN\" \/>\n\t<meta name=\"twitter:label2\" content=\"Tahmini okuma s\u00fcresi\" \/>\n\t<meta name=\"twitter:data2\" content=\"8 dakika\" \/>\n<script type=\"application\/ld+json\" class=\"yoast-schema-graph\">{\"@context\":\"https:\/\/schema.org\",\"@graph\":[{\"@type\":\"Article\",\"@id\":\"https:\/\/simurgedebiyat.com\/index.php\/2025\/11\/25\/isvicreyle-ilgili-belki-de-hayatinizda-hic-duymadiginiz-cok-enteresan-bilgiler\/#article\",\"isPartOf\":{\"@id\":\"https:\/\/simurgedebiyat.com\/index.php\/2025\/11\/25\/isvicreyle-ilgili-belki-de-hayatinizda-hic-duymadiginiz-cok-enteresan-bilgiler\/\"},\"author\":{\"name\":\"Tar\u0131k TORUN\",\"@id\":\"https:\/\/simurgedebiyat.com\/#\/schema\/person\/2b69186447343805a1de03a426a9c75c\"},\"headline\":\"\u0130svi\u00e7re\u2019yle \u0130lgili Belki de Hayat\u0131n\u0131zda Hi\u00e7 Duymad\u0131\u011f\u0131n\u0131z \u00c7ok Enteresan Bilgiler\",\"datePublished\":\"2025-11-25T17:40:11+00:00\",\"mainEntityOfPage\":{\"@id\":\"https:\/\/simurgedebiyat.com\/index.php\/2025\/11\/25\/isvicreyle-ilgili-belki-de-hayatinizda-hic-duymadiginiz-cok-enteresan-bilgiler\/\"},\"wordCount\":1353,\"commentCount\":3,\"publisher\":{\"@id\":\"https:\/\/simurgedebiyat.com\/#organization\"},\"image\":{\"@id\":\"https:\/\/simurgedebiyat.com\/index.php\/2025\/11\/25\/isvicreyle-ilgili-belki-de-hayatinizda-hic-duymadiginiz-cok-enteresan-bilgiler\/#primaryimage\"},\"thumbnailUrl\":\"https:\/\/simurgedebiyat.com\/wp-content\/uploads\/2025\/11\/isvicre.jpeg\",\"articleSection\":[\"Ara\u015ft\u0131rmalar\"],\"inLanguage\":\"tr\",\"potentialAction\":[{\"@type\":\"CommentAction\",\"name\":\"Comment\",\"target\":[\"https:\/\/simurgedebiyat.com\/index.php\/2025\/11\/25\/isvicreyle-ilgili-belki-de-hayatinizda-hic-duymadiginiz-cok-enteresan-bilgiler\/#respond\"]}]},{\"@type\":\"WebPage\",\"@id\":\"https:\/\/simurgedebiyat.com\/index.php\/2025\/11\/25\/isvicreyle-ilgili-belki-de-hayatinizda-hic-duymadiginiz-cok-enteresan-bilgiler\/\",\"url\":\"https:\/\/simurgedebiyat.com\/index.php\/2025\/11\/25\/isvicreyle-ilgili-belki-de-hayatinizda-hic-duymadiginiz-cok-enteresan-bilgiler\/\",\"name\":\"\u0130svi\u00e7re\u2019yle \u0130lgili Belki de Hayat\u0131n\u0131zda Hi\u00e7 Duymad\u0131\u011f\u0131n\u0131z \u00c7ok Enteresan Bilgiler - simurgedebiyat.com\",\"isPartOf\":{\"@id\":\"https:\/\/simurgedebiyat.com\/#website\"},\"primaryImageOfPage\":{\"@id\":\"https:\/\/simurgedebiyat.com\/index.php\/2025\/11\/25\/isvicreyle-ilgili-belki-de-hayatinizda-hic-duymadiginiz-cok-enteresan-bilgiler\/#primaryimage\"},\"image\":{\"@id\":\"https:\/\/simurgedebiyat.com\/index.php\/2025\/11\/25\/isvicreyle-ilgili-belki-de-hayatinizda-hic-duymadiginiz-cok-enteresan-bilgiler\/#primaryimage\"},\"thumbnailUrl\":\"https:\/\/simurgedebiyat.com\/wp-content\/uploads\/2025\/11\/isvicre.jpeg\",\"datePublished\":\"2025-11-25T17:40:11+00:00\",\"breadcrumb\":{\"@id\":\"https:\/\/simurgedebiyat.com\/index.php\/2025\/11\/25\/isvicreyle-ilgili-belki-de-hayatinizda-hic-duymadiginiz-cok-enteresan-bilgiler\/#breadcrumb\"},\"inLanguage\":\"tr\",\"potentialAction\":[{\"@type\":\"ReadAction\",\"target\":[\"https:\/\/simurgedebiyat.com\/index.php\/2025\/11\/25\/isvicreyle-ilgili-belki-de-hayatinizda-hic-duymadiginiz-cok-enteresan-bilgiler\/\"]}]},{\"@type\":\"ImageObject\",\"inLanguage\":\"tr\",\"@id\":\"https:\/\/simurgedebiyat.com\/index.php\/2025\/11\/25\/isvicreyle-ilgili-belki-de-hayatinizda-hic-duymadiginiz-cok-enteresan-bilgiler\/#primaryimage\",\"url\":\"https:\/\/simurgedebiyat.com\/wp-content\/uploads\/2025\/11\/isvicre.jpeg\",\"contentUrl\":\"https:\/\/simurgedebiyat.com\/wp-content\/uploads\/2025\/11\/isvicre.jpeg\",\"width\":722,\"height\":484,\"caption\":\"Alps Matterhorn mountain welcome card with landmarks\"},{\"@type\":\"BreadcrumbList\",\"@id\":\"https:\/\/simurgedebiyat.com\/index.php\/2025\/11\/25\/isvicreyle-ilgili-belki-de-hayatinizda-hic-duymadiginiz-cok-enteresan-bilgiler\/#breadcrumb\",\"itemListElement\":[{\"@type\":\"ListItem\",\"position\":1,\"name\":\"Anasayfa\",\"item\":\"https:\/\/simurgedebiyat.com\/\"},{\"@type\":\"ListItem\",\"position\":2,\"name\":\"\u0130svi\u00e7re\u2019yle \u0130lgili Belki de Hayat\u0131n\u0131zda Hi\u00e7 Duymad\u0131\u011f\u0131n\u0131z \u00c7ok Enteresan Bilgiler\"}]},{\"@type\":\"WebSite\",\"@id\":\"https:\/\/simurgedebiyat.com\/#website\",\"url\":\"https:\/\/simurgedebiyat.com\/\",\"name\":\"simurgedebiyat.com\",\"description\":\"edebiyat&amp;K\u00fclt\u00fcr&amp;Sanat&amp;D\u00fc\u015f\u00fcnce \",\"publisher\":{\"@id\":\"https:\/\/simurgedebiyat.com\/#organization\"},\"potentialAction\":[{\"@type\":\"SearchAction\",\"target\":{\"@type\":\"EntryPoint\",\"urlTemplate\":\"https:\/\/simurgedebiyat.com\/?s={search_term_string}\"},\"query-input\":{\"@type\":\"PropertyValueSpecification\",\"valueRequired\":true,\"valueName\":\"search_term_string\"}}],\"inLanguage\":\"tr\"},{\"@type\":\"Organization\",\"@id\":\"https:\/\/simurgedebiyat.com\/#organization\",\"name\":\"simurgedebiyat.com\",\"url\":\"https:\/\/simurgedebiyat.com\/\",\"logo\":{\"@type\":\"ImageObject\",\"inLanguage\":\"tr\",\"@id\":\"https:\/\/simurgedebiyat.com\/#\/schema\/logo\/image\/\",\"url\":\"https:\/\/simurgedebiyat.com\/wp-content\/uploads\/2025\/11\/cropped-HHHHH-1.jpeg\",\"contentUrl\":\"https:\/\/simurgedebiyat.com\/wp-content\/uploads\/2025\/11\/cropped-HHHHH-1.jpeg\",\"width\":245,\"height\":205,\"caption\":\"simurgedebiyat.com\"},\"image\":{\"@id\":\"https:\/\/simurgedebiyat.com\/#\/schema\/logo\/image\/\"}},{\"@type\":\"Person\",\"@id\":\"https:\/\/simurgedebiyat.com\/#\/schema\/person\/2b69186447343805a1de03a426a9c75c\",\"name\":\"Tar\u0131k TORUN\",\"image\":{\"@type\":\"ImageObject\",\"inLanguage\":\"tr\",\"@id\":\"https:\/\/simurgedebiyat.com\/#\/schema\/person\/image\/23494c9101089ad44ae88ce9d2f56aac\",\"url\":\"https:\/\/secure.gravatar.com\/avatar\/?s=96&d=mm&r=g\",\"contentUrl\":\"https:\/\/secure.gravatar.com\/avatar\/?s=96&d=mm&r=g\",\"caption\":\"Tar\u0131k TORUN\"},\"description\":\"Bayburt\u2019un Bayraktar (Baks\u0131) k\u00f6y\u00fcnde do\u011fdu (1965). \u0130lk\u00f6\u011frenimini k\u00f6y\u00fcnde bitirdi. Ailesi ile birlikte \u00c7orum\u2019a g\u00f6\u00e7 etti (1975). Orta\u00f6\u011frenimini \u00c7orum\u2019da tamamlad\u0131. Karadeniz Teknik \u00dcniversitesi, Fatih E\u011fitim Fak\u00fcltesi, Co\u011frafya \u00d6\u011fretmenli\u011fi b\u00f6l\u00fcm\u00fcn\u00fc bitirdi (1988). 1989 \u2018dan itibaren pek \u00e7ok lisede co\u011frafya \u00f6\u011fretmenli\u011fi yapt\u0131. Bu arada Gazi \u00dcniversitesi, Sosyal Bilimler Enstit\u00fcs\u00fc, Co\u011frafya E\u011fitimi Y\u00fcksek Lisans (Master) program\u0131n\u0131 bitirdi. Anadolu \u00dcniversitesi, T\u00fcrk Dili ve Edebiyat\u0131 B\u00f6l\u00fcm\u00fcn\u00fc de bitirdi. Ayr\u0131ca \u0130stanbul \u00dcniversitesi, Hukuk Fak\u00fcltesi\u2019nde de okudu. MEB, \u00d6YGM, EARGED ve YE\u011e\u0130TEK\u2019de \u00f6\u011fretmen olarak \u00e7al\u0131\u015ft\u0131. \u0130LESAM, TYB, \u0130slam \u00dclkeleri Akademisyen ve Yazarlar Birli\u011fi ile Uluslararas\u0131 Bayburt Yazar ve Sanat\u00e7\u0131lar Derne\u011fi\u2019nin \u00fcyesidir. \u00c7e\u015fitli sosyal ve k\u00fclt\u00fcrel \u00e7al\u0131\u015fmalara kat\u0131lmaktad\u0131r. \u015eiir, deneme, makale, roman, hik\u00e2ye, gezi yaz\u0131s\u0131, ara\u015ft\u0131rma-inceleme alan\u0131ndaki \u00e7al\u0131\u015fmalar\u0131 halen devam etmektedir. \u00c7e\u015fitli kurulu\u015flardan ald\u0131\u011f\u0131 onlarca \u00f6d\u00fcl\u00fc bulunmaktad\u0131r. ESERLER\u0130 \u015eiir G\u00fclistan\u0131n G\u00fclleri-2006 Alizeler-2007 A\u015fk\u0131n Co\u011frafyas\u0131-2008 Meb\u015fure-2009 A\u015fko\u011frafya-2010 A\u015fkistan-2015 A\u015fka Yolculuk-2018 \u015eiir \u015eiir T\u00fcrkiye-I-2021 \u015eiir \u015eiir T\u00fcrkiye-II-2022 Neva-2026 Hik\u00e2ye G\u00fcne\u015fi Tut Ka\u00e7mas\u0131n-2011 A\u015fk\u0131n Kalbi-2015 Mor Da\u011flar\u0131n Balas\u0131-2025 Deneme Algoritmik Aforizmalar-2016 Roman Piri Reis-2022\",\"url\":\"https:\/\/simurgedebiyat.com\/index.php\/author\/tarik-torun\/\"}]}<\/script>\n<!-- \/ Yoast SEO plugin. -->","yoast_head_json":{"title":"\u0130svi\u00e7re\u2019yle \u0130lgili Belki de Hayat\u0131n\u0131zda Hi\u00e7 Duymad\u0131\u011f\u0131n\u0131z \u00c7ok Enteresan Bilgiler - simurgedebiyat.com","robots":{"index":"index","follow":"follow","max-snippet":"max-snippet:-1","max-image-preview":"max-image-preview:large","max-video-preview":"max-video-preview:-1"},"canonical":"https:\/\/simurgedebiyat.com\/index.php\/2025\/11\/25\/isvicreyle-ilgili-belki-de-hayatinizda-hic-duymadiginiz-cok-enteresan-bilgiler\/","og_locale":"tr_TR","og_type":"article","og_title":"\u0130svi\u00e7re\u2019yle \u0130lgili Belki de Hayat\u0131n\u0131zda Hi\u00e7 Duymad\u0131\u011f\u0131n\u0131z \u00c7ok Enteresan Bilgiler - simurgedebiyat.com","og_description":"&nbsp; \u0130svi\u00e7re k\u00fc\u00e7\u00fck bir \u00fclke olup yakla\u015f\u0131k 40.000 km\u00b2&#8217;lik y\u00fcz\u00f6l\u00e7\u00fcm\u00fcyle kar\u015f\u0131la\u015ft\u0131r\u0131ld\u0131\u011f\u0131nda k\u00fc\u00e7\u00fck bir \u00fclkedir. \u0130sve\u00e7...","og_url":"https:\/\/simurgedebiyat.com\/index.php\/2025\/11\/25\/isvicreyle-ilgili-belki-de-hayatinizda-hic-duymadiginiz-cok-enteresan-bilgiler\/","og_site_name":"simurgedebiyat.com","article_published_time":"2025-11-25T17:40:11+00:00","og_image":[{"width":722,"height":484,"url":"https:\/\/simurgedebiyat.com\/wp-content\/uploads\/2025\/11\/isvicre.jpeg","type":"image\/jpeg"}],"author":"Tar\u0131k TORUN","twitter_card":"summary_large_image","twitter_misc":{"Yazan:":"Tar\u0131k TORUN","Tahmini okuma s\u00fcresi":"8 dakika"},"schema":{"@context":"https:\/\/schema.org","@graph":[{"@type":"Article","@id":"https:\/\/simurgedebiyat.com\/index.php\/2025\/11\/25\/isvicreyle-ilgili-belki-de-hayatinizda-hic-duymadiginiz-cok-enteresan-bilgiler\/#article","isPartOf":{"@id":"https:\/\/simurgedebiyat.com\/index.php\/2025\/11\/25\/isvicreyle-ilgili-belki-de-hayatinizda-hic-duymadiginiz-cok-enteresan-bilgiler\/"},"author":{"name":"Tar\u0131k TORUN","@id":"https:\/\/simurgedebiyat.com\/#\/schema\/person\/2b69186447343805a1de03a426a9c75c"},"headline":"\u0130svi\u00e7re\u2019yle \u0130lgili Belki de Hayat\u0131n\u0131zda Hi\u00e7 Duymad\u0131\u011f\u0131n\u0131z \u00c7ok Enteresan Bilgiler","datePublished":"2025-11-25T17:40:11+00:00","mainEntityOfPage":{"@id":"https:\/\/simurgedebiyat.com\/index.php\/2025\/11\/25\/isvicreyle-ilgili-belki-de-hayatinizda-hic-duymadiginiz-cok-enteresan-bilgiler\/"},"wordCount":1353,"commentCount":3,"publisher":{"@id":"https:\/\/simurgedebiyat.com\/#organization"},"image":{"@id":"https:\/\/simurgedebiyat.com\/index.php\/2025\/11\/25\/isvicreyle-ilgili-belki-de-hayatinizda-hic-duymadiginiz-cok-enteresan-bilgiler\/#primaryimage"},"thumbnailUrl":"https:\/\/simurgedebiyat.com\/wp-content\/uploads\/2025\/11\/isvicre.jpeg","articleSection":["Ara\u015ft\u0131rmalar"],"inLanguage":"tr","potentialAction":[{"@type":"CommentAction","name":"Comment","target":["https:\/\/simurgedebiyat.com\/index.php\/2025\/11\/25\/isvicreyle-ilgili-belki-de-hayatinizda-hic-duymadiginiz-cok-enteresan-bilgiler\/#respond"]}]},{"@type":"WebPage","@id":"https:\/\/simurgedebiyat.com\/index.php\/2025\/11\/25\/isvicreyle-ilgili-belki-de-hayatinizda-hic-duymadiginiz-cok-enteresan-bilgiler\/","url":"https:\/\/simurgedebiyat.com\/index.php\/2025\/11\/25\/isvicreyle-ilgili-belki-de-hayatinizda-hic-duymadiginiz-cok-enteresan-bilgiler\/","name":"\u0130svi\u00e7re\u2019yle \u0130lgili Belki de Hayat\u0131n\u0131zda Hi\u00e7 Duymad\u0131\u011f\u0131n\u0131z \u00c7ok Enteresan Bilgiler - simurgedebiyat.com","isPartOf":{"@id":"https:\/\/simurgedebiyat.com\/#website"},"primaryImageOfPage":{"@id":"https:\/\/simurgedebiyat.com\/index.php\/2025\/11\/25\/isvicreyle-ilgili-belki-de-hayatinizda-hic-duymadiginiz-cok-enteresan-bilgiler\/#primaryimage"},"image":{"@id":"https:\/\/simurgedebiyat.com\/index.php\/2025\/11\/25\/isvicreyle-ilgili-belki-de-hayatinizda-hic-duymadiginiz-cok-enteresan-bilgiler\/#primaryimage"},"thumbnailUrl":"https:\/\/simurgedebiyat.com\/wp-content\/uploads\/2025\/11\/isvicre.jpeg","datePublished":"2025-11-25T17:40:11+00:00","breadcrumb":{"@id":"https:\/\/simurgedebiyat.com\/index.php\/2025\/11\/25\/isvicreyle-ilgili-belki-de-hayatinizda-hic-duymadiginiz-cok-enteresan-bilgiler\/#breadcrumb"},"inLanguage":"tr","potentialAction":[{"@type":"ReadAction","target":["https:\/\/simurgedebiyat.com\/index.php\/2025\/11\/25\/isvicreyle-ilgili-belki-de-hayatinizda-hic-duymadiginiz-cok-enteresan-bilgiler\/"]}]},{"@type":"ImageObject","inLanguage":"tr","@id":"https:\/\/simurgedebiyat.com\/index.php\/2025\/11\/25\/isvicreyle-ilgili-belki-de-hayatinizda-hic-duymadiginiz-cok-enteresan-bilgiler\/#primaryimage","url":"https:\/\/simurgedebiyat.com\/wp-content\/uploads\/2025\/11\/isvicre.jpeg","contentUrl":"https:\/\/simurgedebiyat.com\/wp-content\/uploads\/2025\/11\/isvicre.jpeg","width":722,"height":484,"caption":"Alps Matterhorn mountain welcome card with landmarks"},{"@type":"BreadcrumbList","@id":"https:\/\/simurgedebiyat.com\/index.php\/2025\/11\/25\/isvicreyle-ilgili-belki-de-hayatinizda-hic-duymadiginiz-cok-enteresan-bilgiler\/#breadcrumb","itemListElement":[{"@type":"ListItem","position":1,"name":"Anasayfa","item":"https:\/\/simurgedebiyat.com\/"},{"@type":"ListItem","position":2,"name":"\u0130svi\u00e7re\u2019yle \u0130lgili Belki de Hayat\u0131n\u0131zda Hi\u00e7 Duymad\u0131\u011f\u0131n\u0131z \u00c7ok Enteresan Bilgiler"}]},{"@type":"WebSite","@id":"https:\/\/simurgedebiyat.com\/#website","url":"https:\/\/simurgedebiyat.com\/","name":"simurgedebiyat.com","description":"edebiyat&amp;K\u00fclt\u00fcr&amp;Sanat&amp;D\u00fc\u015f\u00fcnce ","publisher":{"@id":"https:\/\/simurgedebiyat.com\/#organization"},"potentialAction":[{"@type":"SearchAction","target":{"@type":"EntryPoint","urlTemplate":"https:\/\/simurgedebiyat.com\/?s={search_term_string}"},"query-input":{"@type":"PropertyValueSpecification","valueRequired":true,"valueName":"search_term_string"}}],"inLanguage":"tr"},{"@type":"Organization","@id":"https:\/\/simurgedebiyat.com\/#organization","name":"simurgedebiyat.com","url":"https:\/\/simurgedebiyat.com\/","logo":{"@type":"ImageObject","inLanguage":"tr","@id":"https:\/\/simurgedebiyat.com\/#\/schema\/logo\/image\/","url":"https:\/\/simurgedebiyat.com\/wp-content\/uploads\/2025\/11\/cropped-HHHHH-1.jpeg","contentUrl":"https:\/\/simurgedebiyat.com\/wp-content\/uploads\/2025\/11\/cropped-HHHHH-1.jpeg","width":245,"height":205,"caption":"simurgedebiyat.com"},"image":{"@id":"https:\/\/simurgedebiyat.com\/#\/schema\/logo\/image\/"}},{"@type":"Person","@id":"https:\/\/simurgedebiyat.com\/#\/schema\/person\/2b69186447343805a1de03a426a9c75c","name":"Tar\u0131k TORUN","image":{"@type":"ImageObject","inLanguage":"tr","@id":"https:\/\/simurgedebiyat.com\/#\/schema\/person\/image\/23494c9101089ad44ae88ce9d2f56aac","url":"https:\/\/secure.gravatar.com\/avatar\/?s=96&d=mm&r=g","contentUrl":"https:\/\/secure.gravatar.com\/avatar\/?s=96&d=mm&r=g","caption":"Tar\u0131k TORUN"},"description":"Bayburt\u2019un Bayraktar (Baks\u0131) k\u00f6y\u00fcnde do\u011fdu (1965). \u0130lk\u00f6\u011frenimini k\u00f6y\u00fcnde bitirdi. Ailesi ile birlikte \u00c7orum\u2019a g\u00f6\u00e7 etti (1975). Orta\u00f6\u011frenimini \u00c7orum\u2019da tamamlad\u0131. Karadeniz Teknik \u00dcniversitesi, Fatih E\u011fitim Fak\u00fcltesi, Co\u011frafya \u00d6\u011fretmenli\u011fi b\u00f6l\u00fcm\u00fcn\u00fc bitirdi (1988). 1989 \u2018dan itibaren pek \u00e7ok lisede co\u011frafya \u00f6\u011fretmenli\u011fi yapt\u0131. Bu arada Gazi \u00dcniversitesi, Sosyal Bilimler Enstit\u00fcs\u00fc, Co\u011frafya E\u011fitimi Y\u00fcksek Lisans (Master) program\u0131n\u0131 bitirdi. Anadolu \u00dcniversitesi, T\u00fcrk Dili ve Edebiyat\u0131 B\u00f6l\u00fcm\u00fcn\u00fc de bitirdi. Ayr\u0131ca \u0130stanbul \u00dcniversitesi, Hukuk Fak\u00fcltesi\u2019nde de okudu. MEB, \u00d6YGM, EARGED ve YE\u011e\u0130TEK\u2019de \u00f6\u011fretmen olarak \u00e7al\u0131\u015ft\u0131. \u0130LESAM, TYB, \u0130slam \u00dclkeleri Akademisyen ve Yazarlar Birli\u011fi ile Uluslararas\u0131 Bayburt Yazar ve Sanat\u00e7\u0131lar Derne\u011fi\u2019nin \u00fcyesidir. \u00c7e\u015fitli sosyal ve k\u00fclt\u00fcrel \u00e7al\u0131\u015fmalara kat\u0131lmaktad\u0131r. \u015eiir, deneme, makale, roman, hik\u00e2ye, gezi yaz\u0131s\u0131, ara\u015ft\u0131rma-inceleme alan\u0131ndaki \u00e7al\u0131\u015fmalar\u0131 halen devam etmektedir. \u00c7e\u015fitli kurulu\u015flardan ald\u0131\u011f\u0131 onlarca \u00f6d\u00fcl\u00fc bulunmaktad\u0131r. ESERLER\u0130 \u015eiir G\u00fclistan\u0131n G\u00fclleri-2006 Alizeler-2007 A\u015fk\u0131n Co\u011frafyas\u0131-2008 Meb\u015fure-2009 A\u015fko\u011frafya-2010 A\u015fkistan-2015 A\u015fka Yolculuk-2018 \u015eiir \u015eiir T\u00fcrkiye-I-2021 \u015eiir \u015eiir T\u00fcrkiye-II-2022 Neva-2026 Hik\u00e2ye G\u00fcne\u015fi Tut Ka\u00e7mas\u0131n-2011 A\u015fk\u0131n Kalbi-2015 Mor Da\u011flar\u0131n Balas\u0131-2025 Deneme Algoritmik Aforizmalar-2016 Roman Piri Reis-2022","url":"https:\/\/simurgedebiyat.com\/index.php\/author\/tarik-torun\/"}]}},"featured_image_urls":{"full":["https:\/\/simurgedebiyat.com\/wp-content\/uploads\/2025\/11\/isvicre.jpeg",722,484,false],"thumbnail":["https:\/\/simurgedebiyat.com\/wp-content\/uploads\/2025\/11\/isvicre-150x150.jpeg",150,150,true],"medium":["https:\/\/simurgedebiyat.com\/wp-content\/uploads\/2025\/11\/isvicre-300x201.jpeg",300,201,true],"medium_large":["https:\/\/simurgedebiyat.com\/wp-content\/uploads\/2025\/11\/isvicre.jpeg",640,429,false],"large":["https:\/\/simurgedebiyat.com\/wp-content\/uploads\/2025\/11\/isvicre.jpeg",640,429,false],"1536x1536":["https:\/\/simurgedebiyat.com\/wp-content\/uploads\/2025\/11\/isvicre.jpeg",722,484,false],"2048x2048":["https:\/\/simurgedebiyat.com\/wp-content\/uploads\/2025\/11\/isvicre.jpeg",722,484,false],"covernews-slider-full":["https:\/\/simurgedebiyat.com\/wp-content\/uploads\/2025\/11\/isvicre.jpeg",722,484,false],"covernews-slider-center":["https:\/\/simurgedebiyat.com\/wp-content\/uploads\/2025\/11\/isvicre.jpeg",722,484,false],"covernews-featured":["https:\/\/simurgedebiyat.com\/wp-content\/uploads\/2025\/11\/isvicre.jpeg",722,484,false],"covernews-medium":["https:\/\/simurgedebiyat.com\/wp-content\/uploads\/2025\/11\/isvicre-540x340.jpeg",540,340,true],"covernews-medium-square":["https:\/\/simurgedebiyat.com\/wp-content\/uploads\/2025\/11\/isvicre-400x250.jpeg",400,250,true],"sow-carousel-default":["https:\/\/simurgedebiyat.com\/wp-content\/uploads\/2025\/11\/isvicre-272x182.jpeg",272,182,true],"sow-blog-portfolio":["https:\/\/simurgedebiyat.com\/wp-content\/uploads\/2025\/11\/isvicre-375x375.jpeg",375,375,true],"sow-blog-grid":["https:\/\/simurgedebiyat.com\/wp-content\/uploads\/2025\/11\/isvicre-720x480.jpeg",720,480,true],"sow-blog-alternate":["https:\/\/simurgedebiyat.com\/wp-content\/uploads\/2025\/11\/isvicre.jpeg",722,484,false],"sow-recent-post":["https:\/\/simurgedebiyat.com\/wp-content\/uploads\/2025\/11\/isvicre-216x216.jpeg",216,216,true]},"author_info":{"display_name":"Tar\u0131k TORUN","author_link":"https:\/\/simurgedebiyat.com\/index.php\/author\/tarik-torun\/"},"category_info":"<a href=\"https:\/\/simurgedebiyat.com\/index.php\/category\/arastirmalar\/\" rel=\"category tag\">Ara\u015ft\u0131rmalar<\/a>","tag_info":"Ara\u015ft\u0131rmalar","comment_count":"3","jetpack_featured_media_url":"https:\/\/simurgedebiyat.com\/wp-content\/uploads\/2025\/11\/isvicre.jpeg","uagb_featured_image_src":{"full":["https:\/\/simurgedebiyat.com\/wp-content\/uploads\/2025\/11\/isvicre.jpeg",722,484,false],"thumbnail":["https:\/\/simurgedebiyat.com\/wp-content\/uploads\/2025\/11\/isvicre-150x150.jpeg",150,150,true],"medium":["https:\/\/simurgedebiyat.com\/wp-content\/uploads\/2025\/11\/isvicre-300x201.jpeg",300,201,true],"medium_large":["https:\/\/simurgedebiyat.com\/wp-content\/uploads\/2025\/11\/isvicre.jpeg",640,429,false],"large":["https:\/\/simurgedebiyat.com\/wp-content\/uploads\/2025\/11\/isvicre.jpeg",640,429,false],"1536x1536":["https:\/\/simurgedebiyat.com\/wp-content\/uploads\/2025\/11\/isvicre.jpeg",722,484,false],"2048x2048":["https:\/\/simurgedebiyat.com\/wp-content\/uploads\/2025\/11\/isvicre.jpeg",722,484,false],"covernews-slider-full":["https:\/\/simurgedebiyat.com\/wp-content\/uploads\/2025\/11\/isvicre.jpeg",722,484,false],"covernews-slider-center":["https:\/\/simurgedebiyat.com\/wp-content\/uploads\/2025\/11\/isvicre.jpeg",722,484,false],"covernews-featured":["https:\/\/simurgedebiyat.com\/wp-content\/uploads\/2025\/11\/isvicre.jpeg",722,484,false],"covernews-medium":["https:\/\/simurgedebiyat.com\/wp-content\/uploads\/2025\/11\/isvicre-540x340.jpeg",540,340,true],"covernews-medium-square":["https:\/\/simurgedebiyat.com\/wp-content\/uploads\/2025\/11\/isvicre-400x250.jpeg",400,250,true],"sow-carousel-default":["https:\/\/simurgedebiyat.com\/wp-content\/uploads\/2025\/11\/isvicre-272x182.jpeg",272,182,true],"sow-blog-portfolio":["https:\/\/simurgedebiyat.com\/wp-content\/uploads\/2025\/11\/isvicre-375x375.jpeg",375,375,true],"sow-blog-grid":["https:\/\/simurgedebiyat.com\/wp-content\/uploads\/2025\/11\/isvicre-720x480.jpeg",720,480,true],"sow-blog-alternate":["https:\/\/simurgedebiyat.com\/wp-content\/uploads\/2025\/11\/isvicre.jpeg",722,484,false],"sow-recent-post":["https:\/\/simurgedebiyat.com\/wp-content\/uploads\/2025\/11\/isvicre-216x216.jpeg",216,216,true]},"uagb_author_info":{"display_name":"Tar\u0131k TORUN","author_link":"https:\/\/simurgedebiyat.com\/index.php\/author\/tarik-torun\/"},"uagb_comment_info":3,"uagb_excerpt":"&nbsp; \u0130svi\u00e7re k\u00fc\u00e7\u00fck bir \u00fclke olup yakla\u015f\u0131k 40.000 km\u00b2&#8217;lik y\u00fcz\u00f6l\u00e7\u00fcm\u00fcyle kar\u015f\u0131la\u015ft\u0131r\u0131ld\u0131\u011f\u0131nda k\u00fc\u00e7\u00fck bir \u00fclkedir. \u0130sve\u00e7...","authors":[{"term_id":94,"user_id":3,"is_guest":0,"slug":"tarik-torun","display_name":"Tar\u0131k TORUN","avatar_url":{"url":"https:\/\/simurgedebiyat.com\/wp-content\/uploads\/2025\/10\/Tarik-TORUM.jpg","url2x":"https:\/\/simurgedebiyat.com\/wp-content\/uploads\/2025\/10\/Tarik-TORUM.jpg"},"first_name":"Tar\u0131k","last_name":"TORUN","user_url":"","job_title":"","description":"Bayburt\u2019un Bayraktar (Baks\u0131) k\u00f6y\u00fcnde do\u011fdu (1965). \u0130lk\u00f6\u011frenimini k\u00f6y\u00fcnde bitirdi. Ailesi ile birlikte \u00c7orum\u2019a g\u00f6\u00e7 etti (1975). Orta\u00f6\u011frenimini \u00c7orum\u2019da tamamlad\u0131. Karadeniz Teknik \u00dcniversitesi, Fatih E\u011fitim Fak\u00fcltesi, Co\u011frafya \u00d6\u011fretmenli\u011fi b\u00f6l\u00fcm\u00fcn\u00fc bitirdi (1988).\r\n1989 \u2018dan itibaren pek \u00e7ok lisede co\u011frafya \u00f6\u011fretmenli\u011fi yapt\u0131. Bu arada Gazi \u00dcniversitesi, Sosyal Bilimler Enstit\u00fcs\u00fc, Co\u011frafya E\u011fitimi Y\u00fcksek Lisans (Master) program\u0131n\u0131 bitirdi. Anadolu \u00dcniversitesi, T\u00fcrk Dili ve Edebiyat\u0131 B\u00f6l\u00fcm\u00fcn\u00fc de bitirdi. Ayr\u0131ca \u0130stanbul \u00dcniversitesi, Hukuk Fak\u00fcltesi\u2019nde de okudu. MEB, \u00d6YGM, EARGED ve YE\u011e\u0130TEK\u2019de \u00f6\u011fretmen olarak \u00e7al\u0131\u015ft\u0131. \u0130LESAM, TYB, \u0130slam \u00dclkeleri Akademisyen ve Yazarlar Birli\u011fi ile Uluslararas\u0131 Bayburt Yazar ve Sanat\u00e7\u0131lar Derne\u011fi\u2019nin \u00fcyesidir. \u00c7e\u015fitli sosyal ve k\u00fclt\u00fcrel \u00e7al\u0131\u015fmalara kat\u0131lmaktad\u0131r. \u015eiir, deneme, makale, roman, hik\u00e2ye, gezi yaz\u0131s\u0131, ara\u015ft\u0131rma-inceleme alan\u0131ndaki \u00e7al\u0131\u015fmalar\u0131 halen devam etmektedir. \u00c7e\u015fitli kurulu\u015flardan ald\u0131\u011f\u0131 onlarca \u00f6d\u00fcl\u00fc bulunmaktad\u0131r.\r\nESERLER\u0130\r\n\u015eiir\r\nG\u00fclistan\u0131n G\u00fclleri-2006 \r\nAlizeler-2007\r\nA\u015fk\u0131n Co\u011frafyas\u0131-2008\r\nMeb\u015fure-2009 \r\nA\u015fko\u011frafya-2010\r\nA\u015fkistan-2015              \r\nA\u015fka Yolculuk-2018\r\n\u015eiir \u015eiir T\u00fcrkiye-I-2021\r\n\u015eiir \u015eiir T\u00fcrkiye-II-2022\r\nNeva-2026\r\nHik\u00e2ye\r\nG\u00fcne\u015fi Tut Ka\u00e7mas\u0131n-2011 \r\nA\u015fk\u0131n Kalbi-2015\r\nMor Da\u011flar\u0131n Balas\u0131-2025\r\nDeneme\r\nAlgoritmik Aforizmalar-2016\r\nRoman\r\nPiri Reis-2022\r\n"}],"_links":{"self":[{"href":"https:\/\/simurgedebiyat.com\/index.php\/wp-json\/wp\/v2\/posts\/2948","targetHints":{"allow":["GET"]}}],"collection":[{"href":"https:\/\/simurgedebiyat.com\/index.php\/wp-json\/wp\/v2\/posts"}],"about":[{"href":"https:\/\/simurgedebiyat.com\/index.php\/wp-json\/wp\/v2\/types\/post"}],"author":[{"embeddable":true,"href":"https:\/\/simurgedebiyat.com\/index.php\/wp-json\/wp\/v2\/users\/3"}],"replies":[{"embeddable":true,"href":"https:\/\/simurgedebiyat.com\/index.php\/wp-json\/wp\/v2\/comments?post=2948"}],"version-history":[{"count":1,"href":"https:\/\/simurgedebiyat.com\/index.php\/wp-json\/wp\/v2\/posts\/2948\/revisions"}],"predecessor-version":[{"id":2950,"href":"https:\/\/simurgedebiyat.com\/index.php\/wp-json\/wp\/v2\/posts\/2948\/revisions\/2950"}],"wp:featuredmedia":[{"embeddable":true,"href":"https:\/\/simurgedebiyat.com\/index.php\/wp-json\/wp\/v2\/media\/2949"}],"wp:attachment":[{"href":"https:\/\/simurgedebiyat.com\/index.php\/wp-json\/wp\/v2\/media?parent=2948"}],"wp:term":[{"taxonomy":"category","embeddable":true,"href":"https:\/\/simurgedebiyat.com\/index.php\/wp-json\/wp\/v2\/categories?post=2948"},{"taxonomy":"post_tag","embeddable":true,"href":"https:\/\/simurgedebiyat.com\/index.php\/wp-json\/wp\/v2\/tags?post=2948"},{"taxonomy":"author","embeddable":true,"href":"https:\/\/simurgedebiyat.com\/index.php\/wp-json\/wp\/v2\/ppma_author?post=2948"}],"curies":[{"name":"wp","href":"https:\/\/api.w.org\/{rel}","templated":true}]}}