{"id":2907,"date":"2025-11-22T21:31:10","date_gmt":"2025-11-22T18:31:10","guid":{"rendered":"https:\/\/simurgedebiyat.com\/?p=2907"},"modified":"2025-11-22T21:31:10","modified_gmt":"2025-11-22T18:31:10","slug":"sen-sag-ben-selamet","status":"publish","type":"post","link":"https:\/\/simurgedebiyat.com\/index.php\/2025\/11\/22\/sen-sag-ben-selamet\/","title":{"rendered":"Sen Sa\u011f Ben Selamet"},"content":{"rendered":"<blockquote><p><em>\u015eeb-i yeld\u00e2y\u0131 m\u00fcneccimle muvakkit ne bilir<\/em><\/p>\n<p><em>M\u00fcbtel\u00e2-y\u0131 gama sor kim geceler ka\u00e7 saat<\/em><\/p><\/blockquote>\n<p>(En uzun geceyi g\u00f6ky\u00fcz\u00fcyle, y\u0131ld\u0131zlarla u\u011fra\u015fan ne bilsin.<\/p>\n<p>Sen a\u015fk derdine m\u00fcptela olmu\u015f kavu\u015famayan a\u015f\u0131\u011fa sor ki, geceler kim bilir ka\u00e7 saat\u2026)<\/p>\n<p>&nbsp;<\/p>\n<p>Ah, evet! Bu uzun gecenin s\u0131rr\u0131n\u0131 ne y\u0131ld\u0131z falc\u0131lar\u0131 ne de saat\u00e7iler \u00e7\u00f6zebilmi\u015f de onun ger\u00e7ek mahiyetini ancak a\u015fk ate\u015fiyle yanan, hasret ac\u0131s\u0131yla k\u0131vranan g\u00f6n\u00fcller bilirmi\u015f Fuzuli\u2019nin dilinde.<\/p>\n<p>Gece uzun, hastal\u0131k \u00e7etin, i\u00e7imizdeki yollar \u00e7etrefil.&nbsp;<strong>Bir s\u0131nanma bir d\u00f6neme\u00e7, d\u00fc\u015fmenin, d\u00fc\u015f\u00fcnmenin daha m\u00fchimi \u00e7\u0131kman\u0131n, y\u00fckselmenin ar\u0131nman\u0131n ilk basama\u011f\u0131d\u0131r dert.<\/strong>&nbsp; M<strong>anev\u00ee bir terbiye, ar\u0131nma ve uyan\u0131\u015f vesilesi<\/strong>&nbsp;ki\u015fiye bir \u00e7a\u011fr\u0131d\u0131r. Ac\u0131ya ra\u011fmen sab\u0131r, r\u0131zaya teslimiyet ve en \u00fcst perdede \u015f\u00fck\u00fcr sebebidir.&nbsp; D\u0131\u015fardaki seslerden azade i\u00e7indeki d\u00fcnyan\u0131n \u00e7\u0131nlamas\u0131d\u0131r. \u201c<strong>Dert adam\u0131 s\u00f6yletir<\/strong>\u201d der eskiler. \u00d6yledir! Velakin hakikatte dert ehli mahzun olur. Ha\u015fa ac\u0131s\u0131ndan, s\u0131z\u0131s\u0131ndan de\u011fildir bu mahzunlu\u011fu; sa\u011fl\u0131\u011f\u0131nda kar\u0131\u015ft\u0131\u011f\u0131 d\u00fcnya tela\u015flar\u0131ndan, d\u0131\u015f g\u00fcr\u00fclt\u00fclerden, kendini duyamay\u0131\u015f\u0131 kalbini yeterince dinleyemeyi\u015finden dolay\u0131 mahzun olur. Mahzundur \u00e7\u00fcnk\u00fc ge\u00e7ici bir r\u00fcyan\u0131n bazen b\u00fcy\u00fcs\u00fcne kap\u0131l\u0131r, bazen k\u0131yametinde savrulu\u015fundan, kaybolu\u015fundan, s\u00fck\u00fbtsuzlu\u011fundan dem vurur.&nbsp;<strong>D\u00fcnya; k\u0131smeti kuru bir dere \u00fcst\u00fcne kurulu bir k\u00f6pr\u00fc gibi nasipsizli\u011fine yanadursun<\/strong>, gecenin en \u00e7etin yerine denk d\u00fc\u015fen r\u00fcyan\u0131n vehmi bile varl\u0131k addetti\u011fi \u201cger\u00e7e\u011fim\u201d dedi\u011fin olgudan daha sahici bir nimettir.<\/p>\n<p><strong><em>\u201cEl \u00e7ek tabip el \u00e7ek yarem \u00fcst\u00fcnden \/&nbsp;<\/em><\/strong><strong><em>Sen benim derdimi bilebilmezsin\u201d<\/em>&nbsp;<\/strong>diyor t\u00fcrk\u00fcde. Ne de g\u00fczel s\u00f6yl\u00fcyor. Art\u0131k form de\u011fi\u015ftirmi\u015f; kanal ibresini oynatamad\u0131\u011f\u0131m o en son moda haliyle dijitalle\u015fmi\u015f radyoda ilgili frekanstan odan\u0131n i\u00e7ine i\u00e7li bir nida yay\u0131l\u0131yor.<\/p>\n<p><strong><em>\u201cYarem y\u00fcrektendir yoktur ilac\u0131n \/&nbsp;<\/em><em>Sen benim yaremi sarabilmezsin.<\/em>\u201d<\/strong>&nbsp;Yara demiyor edepten. Y\u00e2re diyor. \u00c7\u00fcnk\u00fc dert ehli biliyor ki yardan gelen yara de\u011fil y\u00e2redir,&nbsp;<strong>o y\u00e2re ki en b\u00fcy\u00fck \u00e7aredir<\/strong>. Firak\u0131nda y\u00e2rin y\u00e2re yoldur, \u2018y\u00e2r\u2019e sesleni\u015ftir. Muhatab\u0131na sunulan en \u00f6zel arma\u011fand\u0131r. Oysaki i\u00e7indeki di\u011fer ben, saadetler umar fele\u011fin \u00e7ark\u0131ndan. \u201c<em>Bir safa bah\u015fedelim gel \u015fu dil-i n\u00e2-\u015f\u00e2da<\/em>\u201d der, i\u00e7in i\u00e7in. H\u00e2lbuki hakikate ipek yorganlarda geceleyenler ku\u015f t\u00fcy\u00fc yast\u0131klarla varamaz. Gecenin i\u00e7i \u00e7etin sava\u015flar ta\u015f\u0131r dert ehline. G\u00f6n\u00fcl saray\u0131na sultan olmaya kalkan bu bedeli de g\u00f6ze al\u0131r, almal\u0131d\u0131r. Keza g\u00f6n\u00fcl sultanl\u0131\u011f\u0131na \u00e7i\u00e7ekli yollardan y\u00fcr\u00fcnemez.<\/p>\n<p><strong>\u201c<em>G\u00fclelim oynayal\u0131m k\u00e2m alal\u0131m d\u00fcny\u00e2dan \/ M\u00e2\u2019-i Tesn\u00eem i\u00e7elim \u00c7e\u015fme-i Nev-peyd\u00e2dan\u201d<\/em>&nbsp;<\/strong>diyen de ac\u0131n\u0131n tozuna dahi s\u00fcr\u00fcnemez.&nbsp; Zinhaaaar! Nedim\u2019e ya da ba\u015fkas\u0131na de\u011fildir laf\u0131m\u0131z.&nbsp; Derdiyle y\u00fczle\u015fen kendiyle y\u00fczle\u015fir.&nbsp;<strong>Bu y\u00fczle\u015fme ki kimi zaman bir delirmeden gelir, derin bir ayd\u0131nlanma olur, kimi zaman da ibretli bir \u00f6l\u00fcm\u00fcn estetikle\u015fip uhrevile\u015fmesinde can bulur<\/strong>. \u0130nsan ac\u0131yla ba\u015f edemez de onu yeniden yo\u011furur ve sanata d\u00f6n\u00fc\u015ft\u00fcrebilir, i\u015fte o vakit k\u00fcllerinden bir Anka ku\u015fu do\u011furur. T\u0131pk\u0131&nbsp;<strong>Proust<\/strong>\u2019un son \u00fc\u00e7 y\u0131l\u0131n\u0131 ge\u00e7irdi\u011fi hasta yata\u011f\u0131ndan,&nbsp;<strong>Dostoyevski<\/strong>\u2019nin sara n\u00f6betlerinden,&nbsp;<strong>Woolf\u2019<\/strong>un intihar nehirdeki sessizli\u011finden ve&nbsp;<strong>Plath<\/strong>\u2019in mutfak f\u0131r\u0131n\u0131ndan \u00e7\u0131kan gaz\u0131 solurken son bulan ya\u015fam\u0131ndan k\u00fcl olmu\u015f dizelerinden geriye kalan \u015feydir bu bahsetti\u011fimiz. \u00c7ocuk ya\u015fta kemik veremi ge\u00e7iren&nbsp;<strong>Peyami Safa<\/strong>&nbsp;\u00f6mr\u00fcnce ya\u015fad\u0131\u011f\u0131 s\u0131k\u0131nt\u0131y\u0131 eserlerinde beden ruh \u00e7at\u0131\u015fmas\u0131yla aktar\u0131r.&nbsp;<strong>Tevfik Fikret<\/strong>\u2019i B\u00e2b-\u0131 Ali\u2019den ve \u0130stanbul hayat\u0131ndan so\u011futan karamsar ve i\u00e7e kapan\u0131k bir ruha b\u00fcr\u00fcnd\u00fcren sinirsel ve fiziksel rahats\u0131zl\u0131klar\u0131 onu bedbin ama derin bir \u015fair eder. Kendi hesab\u0131na g\u00f6re \u2018<em>Ya\u015f otuz be\u015f yolun yar\u0131s\u0131 eder<\/em>\u2019 diyen&nbsp;<strong>Cahit S\u0131tk\u0131<\/strong>, melankoliyle m\u00fccadele eden&nbsp;<strong>Nig\u00e2r Han\u0131m<\/strong>, \u201cMerdiven\u201d ve \u201cO Belde\u201d \u015fiirlerinin \u015fairi&nbsp;<strong>Ha\u015fim<\/strong>, alkolle ve sara ile bo\u011fu\u015fan&nbsp;<strong>Neyzen Tevfik<\/strong>, t\u00fcberk\u00fcloz ve yoklukla m\u00fccadele eden&nbsp;<strong>Sabahattin Ali<\/strong>&nbsp;sanat\u0131 ile do\u011fanlard\u0131r.&nbsp;<strong>Peygamberlerde sab\u0131r, S\u00fbf\u00eelerde a\u015fk ve teslimiyet, yazar ve \u015fairlerde kelimelerle tezah\u00fcr eder hastal\u0131k<\/strong>.&nbsp;&nbsp; Sanata d\u00f6n\u00fc\u015fen ve sa\u011falan dert; sadece biyolojik bir olgu olmaktan \u00e7\u0131kar varolu\u015fsal bir metafora d\u00f6n\u00fc\u015f\u00fcr. Bu noktada sanc\u0131 veren dert; ruhun bedenin k\u0131r\u0131lganl\u0131\u011f\u0131 ya da bir s\u0131nav de\u011fil insan\u0131 yazmaya g\u00f6t\u00fcren, yap\u0131land\u0131ran, y\u00fccelten i\u00e7sel bir itkidir.&nbsp;<strong>Kiminin kaderim deyip sar\u0131ld\u0131\u011f\u0131 kiminin de isyan\u0131yla s\u0131nand\u0131\u011f\u0131 bu dal ye\u015feren ye\u015ferten bir yarat\u0131c\u0131l\u0131k p\u0131nar\u0131d\u0131r art\u0131k<\/strong>.<\/p>\n<p>K\u0131ssay\u0131 bilirsiniz \u015f\u00f6yle de\u011fineyim. Rivayet olunur ki Eyy\u00fcb peygamber peygamberlikle g\u00f6revlendirir.&nbsp; Ve k\u0131sa zamanda o ve ailesi her a\u00e7\u0131dan maddi ve manevi olarak \u00e7ok \u00e7ok zenginle\u015fir. Bir\u00e7ok evlat mal, m\u00fclk sahibi olur. Bir\u00e7ok k\u00f6y\u00fc, bu k\u00f6ylerde bereketli topraklar\u0131 ve s\u00fcr\u00fclerce hayvan\u0131 olur. B\u00f6ylece b\u00f6lgenin hat\u0131r\u0131 say\u0131l\u0131r zenginlerinden biri haline gelir. Yaradan, O\u2019nu imtihan i\u00e7in, \u00f6nce mal\u0131n\u0131 ve hayvanlar\u0131n\u0131, sonra t\u00fcm evlatlar\u0131n\u0131 elinden al\u0131r. Varl\u0131klar i\u00e7erisinden yokluklara sefil bir hayata s\u00fcr\u00fcklenir. Sabr\u0131 s\u0131nan\u0131r. O ise \u201cVeren Allah, alan Allah\u201d diyerek, isyana, h\u00fczne girmeden haline \u015f\u00fckretmeye devam eder. Sars\u0131lmaz bir imanla, g\u00fcvenle s\u00fck\u00fbtunu ve metanetini korur, ihtiyarl\u0131k \u00e7a\u011f\u0131 geldi\u011finde de \u00e7ok a\u011f\u0131r bir hastal\u0131\u011fa tutulur. Her taraf\u0131 yara bere i\u00e7inde kal\u0131r. \u00c7evresindeki yak\u0131n uzak herkes onun bu durumunu g\u00f6r\u00fcnce bula\u015f\u0131c\u0131 bir hastal\u0131\u011fa yakaland\u0131\u011f\u0131n\u0131 d\u00fc\u015f\u00fcnerek bir bir terk ederler. \u0130nsanlar terk eder ama b\u00f6yle bir hal i\u00e7inde kalbine iblisler musallat olur. O ise ac\u0131lar i\u00e7inde iken dahi zerrece gocunmaz, ger\u00e7ek sevgiliye muhabbetinden geri durmaz. V\u00fccudunun her taraf\u0131n\u0131 kurt\u00e7uklar kaplam\u0131\u015f vaziyettedir. Ne zaman ki kurt\u00e7uklar kalbine sirayet etmeye \u00e7al\u0131\u015f\u0131r i\u015fte o zaman O \u2019na s\u0131\u011f\u0131narak dua eder. Y\u00fcce Yaradan sevgili kulu Hz. Eyy\u00fbb\u2019un duas\u0131n\u0131 kabul eder. Topu\u011funu yere vurmas\u0131n\u0131, \u00e7\u0131kacak olan su ile y\u0131kanmas\u0131n\u0131 ve bu so\u011fuk suyu i\u00e7mesini emreder. Hz. Eyy\u00fbb Emr-i \u0130l\u00e2h\u00ee\u2019yi yerine getirerek hem i\u00e7ini hem d\u0131\u015f\u0131n\u0131 temizler. B\u00f6ylece hastal\u0131klardan kurtulur.\u201d g\u00f6klerden gelen \u015fifa ile iyile\u015fir, sabr\u0131, metaneti \u00f6v\u00fcl\u00fcr daha \u00f6nemlisi ac\u0131 i\u00e7inde iken bile raz\u0131 olman\u0131n sembol\u00fc haline gelir. \u00d6te yandan di\u011fer bir k\u0131ssadan da bahsedelim Kenan \u00e7\u00f6llerinde Yusuf\u2019unu kaybeden Yakup ba\u011fr\u0131n\u0131 da\u011flayan hasretin ac\u0131 ate\u015fine g\u00f6zya\u015f\u0131 ile teslimiyette teselli bulur.&nbsp;<strong>A\u011flamaktan k\u00f6r olan g\u00f6zleri ba\u015fka \u00e2lemlere a\u00e7\u0131l\u0131r. O da derdiyle yanm\u0131\u015f ama ger\u00e7e\u011fe uyanm\u0131\u015ft\u0131r.<\/strong><\/p>\n<p><img fetchpriority=\"high\" decoding=\"async\" class=\"\" src=\"https:\/\/www.dekoristland.com\/idea\/ef\/72\/myassets\/products\/065\/dk03c05-1.jpg?revision=1707406390\" alt=\"G\u00fcn Bat\u0131m\u0131, Geyik Silueti ve Mor Y\u0131ld\u0131zl\u0131 G\u00f6ky\u00fcz\u00fc Duvar Ka\u011f\u0131d\u0131\" width=\"706\" height=\"399\"><\/p>\n<p>On \u00fc\u00e7\u00fcnc\u00fc y\u00fczy\u0131ldan hala g\u00fcn\u00fcm\u00fcze seslenen kendi ifadesiyle dertli&nbsp;<strong>Yunus Garip Yunus<\/strong>;<\/p>\n<p>\u201cBenim ad\u0131m dertli dolap<br \/>\nSuyum akar yalap yalap<br \/>\nB\u00f6yle emreylemi\u015f \u00c7alap<br \/>\nDerdim vard\u0131r inilerim\u201d derken, asl\u0131nda hem&nbsp;<strong>a\u015fk derdine i\u015faret eder<\/strong>&nbsp;hem insan olman\u0131n ac\u0131s\u0131n\u0131, kibir ve benlik duygusu ile m\u00fccadelesini dile getirir. A\u015fk derdinin en saf s\u00f6yleyi\u015fini<strong>&nbsp;Mevlana<\/strong>\u2019da g\u00f6r\u00fcr\u00fcz. \u0130nsan olma yolculu\u011fundaki m\u00fccadeleyi<strong>&nbsp;\u201cHamd\u0131m, pi\u015ftim&nbsp;<\/strong><strong>yand\u0131m!\u201d&nbsp;<\/strong>diyerek ne g\u00fczel \u00f6zetler. \u0130nsan olma yolculu\u011funda en b\u00fcy\u00fck devan\u0131n dert ile ba\u015flad\u0131\u011f\u0131n\u0131 asl\u0131nda can can diye nida etti\u011fimizin ger\u00e7ek canan oldu\u011funu onunda insanda gizlendi\u011fini anlatan ve 16. y\u00fczy\u0131ldan bize seslenen Muhiddin Abdal\u2019\u0131n dizeleriyle bitirelim<\/p>\n<p><strong>&nbsp;<\/strong>\u0130nsan, insan derler idi<br \/>\n\u0130nsan nedir \u015fimdi bildim<br \/>\nCan can deyu s\u00f6ylerlerdi<br \/>\nBen can nedir \u015fimdi bildim<\/p>\n<p><strong>&nbsp;<\/strong><strong>Derdini seviyorsan ne \u00e2l\u00e2, k\u00e2rdas\u0131n devam et.<\/strong><\/p>\n<p>Yok derdinden mustaripsen ne diyeyim \u00fcstad\u0131m, sen sa\u011f ben selamet!<\/p>\n","protected":false},"excerpt":{"rendered":"<p>\u015eeb-i yeld\u00e2y\u0131 m\u00fcneccimle muvakkit ne bilir M\u00fcbtel\u00e2-y\u0131 gama sor kim geceler ka\u00e7 saat (En uzun&#8230;<\/p>\n","protected":false},"author":32,"featured_media":2908,"comment_status":"open","ping_status":"open","sticky":false,"template":"","format":"standard","meta":{"_bbp_topic_count":0,"_bbp_reply_count":0,"_bbp_total_topic_count":0,"_bbp_total_reply_count":0,"_bbp_voice_count":0,"_bbp_anonymous_reply_count":0,"_bbp_topic_count_hidden":0,"_bbp_reply_count_hidden":0,"_bbp_forum_subforum_count":0,"om_disable_all_campaigns":false,"_uag_custom_page_level_css":"","ngg_post_thumbnail":0,"footnotes":""},"categories":[100],"tags":[],"ppma_author":[232],"class_list":["post-2907","post","type-post","status-publish","format-standard","has-post-thumbnail","hentry","category-deneme"],"yoast_head":"<!-- This site is optimized with the Yoast SEO plugin v24.9 - https:\/\/yoast.com\/wordpress\/plugins\/seo\/ -->\n<title>Sen Sa\u011f Ben Selamet - simurgedebiyat.com<\/title>\n<meta name=\"robots\" content=\"index, follow, max-snippet:-1, max-image-preview:large, max-video-preview:-1\" \/>\n<link rel=\"canonical\" href=\"https:\/\/simurgedebiyat.com\/index.php\/2025\/11\/22\/sen-sag-ben-selamet\/\" \/>\n<meta property=\"og:locale\" content=\"tr_TR\" \/>\n<meta property=\"og:type\" content=\"article\" \/>\n<meta property=\"og:title\" content=\"Sen Sa\u011f Ben Selamet - simurgedebiyat.com\" \/>\n<meta property=\"og:description\" content=\"\u015eeb-i yeld\u00e2y\u0131 m\u00fcneccimle muvakkit ne bilir M\u00fcbtel\u00e2-y\u0131 gama sor kim geceler ka\u00e7 saat (En uzun...\" \/>\n<meta property=\"og:url\" content=\"https:\/\/simurgedebiyat.com\/index.php\/2025\/11\/22\/sen-sag-ben-selamet\/\" \/>\n<meta property=\"og:site_name\" content=\"simurgedebiyat.com\" \/>\n<meta property=\"article:published_time\" content=\"2025-11-22T18:31:10+00:00\" \/>\n<meta property=\"og:image\" content=\"https:\/\/simurgedebiyat.com\/wp-content\/uploads\/2025\/11\/Gece-yildiz.jpg\" \/>\n\t<meta property=\"og:image:width\" content=\"850\" \/>\n\t<meta property=\"og:image:height\" content=\"577\" \/>\n\t<meta property=\"og:image:type\" content=\"image\/jpeg\" \/>\n<meta name=\"author\" content=\"Ay\u015feg\u00fcl K\u00d6SA SERT\" \/>\n<meta name=\"twitter:card\" content=\"summary_large_image\" \/>\n<meta name=\"twitter:label1\" content=\"Yazan:\" \/>\n\t<meta name=\"twitter:data1\" content=\"Ay\u015feg\u00fcl K\u00d6SA SERT\" \/>\n\t<meta name=\"twitter:label2\" content=\"Tahmini okuma s\u00fcresi\" \/>\n\t<meta name=\"twitter:data2\" content=\"7 dakika\" \/>\n<script type=\"application\/ld+json\" class=\"yoast-schema-graph\">{\"@context\":\"https:\/\/schema.org\",\"@graph\":[{\"@type\":\"Article\",\"@id\":\"https:\/\/simurgedebiyat.com\/index.php\/2025\/11\/22\/sen-sag-ben-selamet\/#article\",\"isPartOf\":{\"@id\":\"https:\/\/simurgedebiyat.com\/index.php\/2025\/11\/22\/sen-sag-ben-selamet\/\"},\"author\":{\"name\":\"Ay\u015feg\u00fcl K\u00d6SA SERT\",\"@id\":\"https:\/\/simurgedebiyat.com\/#\/schema\/person\/5a6c791be7ffc071c53308f5b320ece9\"},\"headline\":\"Sen Sa\u011f Ben Selamet\",\"datePublished\":\"2025-11-22T18:31:10+00:00\",\"mainEntityOfPage\":{\"@id\":\"https:\/\/simurgedebiyat.com\/index.php\/2025\/11\/22\/sen-sag-ben-selamet\/\"},\"wordCount\":1449,\"commentCount\":0,\"publisher\":{\"@id\":\"https:\/\/simurgedebiyat.com\/#organization\"},\"image\":{\"@id\":\"https:\/\/simurgedebiyat.com\/index.php\/2025\/11\/22\/sen-sag-ben-selamet\/#primaryimage\"},\"thumbnailUrl\":\"https:\/\/simurgedebiyat.com\/wp-content\/uploads\/2025\/11\/Gece-yildiz.jpg\",\"articleSection\":[\"Deneme\"],\"inLanguage\":\"tr\",\"potentialAction\":[{\"@type\":\"CommentAction\",\"name\":\"Comment\",\"target\":[\"https:\/\/simurgedebiyat.com\/index.php\/2025\/11\/22\/sen-sag-ben-selamet\/#respond\"]}]},{\"@type\":\"WebPage\",\"@id\":\"https:\/\/simurgedebiyat.com\/index.php\/2025\/11\/22\/sen-sag-ben-selamet\/\",\"url\":\"https:\/\/simurgedebiyat.com\/index.php\/2025\/11\/22\/sen-sag-ben-selamet\/\",\"name\":\"Sen Sa\u011f Ben Selamet - simurgedebiyat.com\",\"isPartOf\":{\"@id\":\"https:\/\/simurgedebiyat.com\/#website\"},\"primaryImageOfPage\":{\"@id\":\"https:\/\/simurgedebiyat.com\/index.php\/2025\/11\/22\/sen-sag-ben-selamet\/#primaryimage\"},\"image\":{\"@id\":\"https:\/\/simurgedebiyat.com\/index.php\/2025\/11\/22\/sen-sag-ben-selamet\/#primaryimage\"},\"thumbnailUrl\":\"https:\/\/simurgedebiyat.com\/wp-content\/uploads\/2025\/11\/Gece-yildiz.jpg\",\"datePublished\":\"2025-11-22T18:31:10+00:00\",\"breadcrumb\":{\"@id\":\"https:\/\/simurgedebiyat.com\/index.php\/2025\/11\/22\/sen-sag-ben-selamet\/#breadcrumb\"},\"inLanguage\":\"tr\",\"potentialAction\":[{\"@type\":\"ReadAction\",\"target\":[\"https:\/\/simurgedebiyat.com\/index.php\/2025\/11\/22\/sen-sag-ben-selamet\/\"]}]},{\"@type\":\"ImageObject\",\"inLanguage\":\"tr\",\"@id\":\"https:\/\/simurgedebiyat.com\/index.php\/2025\/11\/22\/sen-sag-ben-selamet\/#primaryimage\",\"url\":\"https:\/\/simurgedebiyat.com\/wp-content\/uploads\/2025\/11\/Gece-yildiz.jpg\",\"contentUrl\":\"https:\/\/simurgedebiyat.com\/wp-content\/uploads\/2025\/11\/Gece-yildiz.jpg\",\"width\":850,\"height\":577},{\"@type\":\"BreadcrumbList\",\"@id\":\"https:\/\/simurgedebiyat.com\/index.php\/2025\/11\/22\/sen-sag-ben-selamet\/#breadcrumb\",\"itemListElement\":[{\"@type\":\"ListItem\",\"position\":1,\"name\":\"Anasayfa\",\"item\":\"https:\/\/simurgedebiyat.com\/\"},{\"@type\":\"ListItem\",\"position\":2,\"name\":\"Sen Sa\u011f Ben Selamet\"}]},{\"@type\":\"WebSite\",\"@id\":\"https:\/\/simurgedebiyat.com\/#website\",\"url\":\"https:\/\/simurgedebiyat.com\/\",\"name\":\"simurgedebiyat.com\",\"description\":\"edebiyat&amp;K\u00fclt\u00fcr&amp;Sanat&amp;D\u00fc\u015f\u00fcnce \",\"publisher\":{\"@id\":\"https:\/\/simurgedebiyat.com\/#organization\"},\"potentialAction\":[{\"@type\":\"SearchAction\",\"target\":{\"@type\":\"EntryPoint\",\"urlTemplate\":\"https:\/\/simurgedebiyat.com\/?s={search_term_string}\"},\"query-input\":{\"@type\":\"PropertyValueSpecification\",\"valueRequired\":true,\"valueName\":\"search_term_string\"}}],\"inLanguage\":\"tr\"},{\"@type\":\"Organization\",\"@id\":\"https:\/\/simurgedebiyat.com\/#organization\",\"name\":\"simurgedebiyat.com\",\"url\":\"https:\/\/simurgedebiyat.com\/\",\"logo\":{\"@type\":\"ImageObject\",\"inLanguage\":\"tr\",\"@id\":\"https:\/\/simurgedebiyat.com\/#\/schema\/logo\/image\/\",\"url\":\"https:\/\/simurgedebiyat.com\/wp-content\/uploads\/2025\/11\/cropped-HHHHH-1.jpeg\",\"contentUrl\":\"https:\/\/simurgedebiyat.com\/wp-content\/uploads\/2025\/11\/cropped-HHHHH-1.jpeg\",\"width\":245,\"height\":205,\"caption\":\"simurgedebiyat.com\"},\"image\":{\"@id\":\"https:\/\/simurgedebiyat.com\/#\/schema\/logo\/image\/\"}},{\"@type\":\"Person\",\"@id\":\"https:\/\/simurgedebiyat.com\/#\/schema\/person\/5a6c791be7ffc071c53308f5b320ece9\",\"name\":\"Ay\u015feg\u00fcl K\u00d6SA SERT\",\"image\":{\"@type\":\"ImageObject\",\"inLanguage\":\"tr\",\"@id\":\"https:\/\/simurgedebiyat.com\/#\/schema\/person\/image\/23494c9101089ad44ae88ce9d2f56aac\",\"url\":\"https:\/\/secure.gravatar.com\/avatar\/?s=96&d=mm&r=g\",\"contentUrl\":\"https:\/\/secure.gravatar.com\/avatar\/?s=96&d=mm&r=g\",\"caption\":\"Ay\u015feg\u00fcl K\u00d6SA SERT\"},\"description\":\"\u0130lk ve orta \u00f6\u011frenimini babas\u0131n\u0131n g\u00f6revi nedeniyle Anadolu\u2019nun \u00e7e\u015fitli \u015fehirlerinde tamamlad\u0131. \u00c7ocuklu\u011funda ge\u00e7ti\u011fi her co\u011frafya ve tan\u0131d\u0131\u011f\u0131 her insan kalemi \u00fczerinde iz b\u0131rakm\u0131\u015ft\u0131r. Karadeniz Teknik \u00dcniversitesi Edebiyat Fak\u00fcltesinden mezun olduktan sonra yine ayn\u0131 \u00fcniversitenin Edebiyat b\u00f6l\u00fcm\u00fcnde \u2018Edebiyk\u00f6at\u0131-\u0131 Umumiye Mecmuas\u0131 Teknik Tahlili\u2019 konulu yeni T\u00fcrk edebiyat\u0131 alan\u0131nda y\u00fcksek lisans yapt\u0131. \u00d6\u011fretmen olarak ba\u015flad\u0131\u011f\u0131 mesle\u011fine zaman zaman bakanl\u0131k b\u00fcnyesi ve ta\u015fra te\u015fkilat\u0131ndaki de\u011fi\u015fik g\u00f6revlendirmelerde Ar-Ge \u00e7al\u0131\u015fan\u0131, yerel ve ulusal projelerde koordinat\u00f6r olarak devam etti. 2005 y\u0131l\u0131nda TRT Trabzon Radyosu ak\u015fam ku\u015fa\u011f\u0131nda \u2018Hayal Kahvesi\u2019 adl\u0131 bir program\u0131 haz\u0131rlay\u0131p sundu. 2007-2010 y\u0131llar\u0131 aras\u0131nda Mill\u00ee E\u011fitim Bakanl\u0131\u011f\u0131 Strateji Geli\u015ftirme Daire Ba\u015fkanl\u0131\u011f\u0131nda Stratejik Planlama konusunda \u2018E\u011fitimcilerin E\u011fitimi\u2019 seminerleri verdi. 2012 y\u0131l\u0131nda Ba\u015fkent \u0130leti\u015fim Akademisinde TRT Ana Haber spikerlerinden \u00f6zel olarak sunuculuk, seslendirme, dublaj dersleri ald\u0131. Ard\u0131ndan \u00e7e\u015fitli kay\u0131tlarda baz\u0131 karakterleri seslendirdi. 2014-2016 y\u0131llar\u0131 aras\u0131nda Avrasya \u00dcniversitesi Radyo Televizyon b\u00f6l\u00fcm\u00fcnde \u2018Do\u011fru ve G\u00fczel Konu\u015fma E\u011fitimi, Diksiyon ve Beden Dili\u2019 dersleri \u00e7er\u00e7evesinde okutmanl\u0131k yapt\u0131. Bir\u00e7ok edebi dergide, farkl\u0131 platformlarda yaz\u0131lar\u0131 ve sunumlar\u0131 ile yer ald\u0131. Yazar\u0131n \u2018\u015eafakla Gelen Ya Kebike\u00e7\u2019 ve Yaln\u0131zlar Senfonisi adl\u0131 iki kitab\u0131 bulunmaktad\u0131r. Masal \u00fczerine akademik ara\u015ft\u0131rmalar\u0131na \u00fcniversite y\u0131llar\u0131nda ba\u015flayan yazar, bu birikimlerini Masal Anlat\u0131c\u0131s\u0131 E\u011fitmenli\u011fi seminerlerinde kat\u0131l\u0131mc\u0131larla payla\u015fmaktad\u0131r. Bunun yan\u0131 s\u0131ra \u201cOsmanl\u0131 T\u00fcrk\u00e7esi (Temel d\u00fczey), Beden Dili, Etkili ve G\u00fczel Konu\u015fma, Diksiyon, Yarat\u0131c\u0131 Yazarl\u0131k\u201d alan\u0131nda seminerler vererek \u00e7al\u0131\u015fmalar\u0131n\u0131 s\u00fcrd\u00fcrmektedir. Halen bir kurumda seslendirme ve sunuculuk yapmakta olan yazar evlidir ve Arda Tar\u0131k\u2019\u0131n annesidir.\",\"url\":\"https:\/\/simurgedebiyat.com\/index.php\/author\/aysegul-kosa-sert\/\"}]}<\/script>\n<!-- \/ Yoast SEO plugin. -->","yoast_head_json":{"title":"Sen Sa\u011f Ben Selamet - simurgedebiyat.com","robots":{"index":"index","follow":"follow","max-snippet":"max-snippet:-1","max-image-preview":"max-image-preview:large","max-video-preview":"max-video-preview:-1"},"canonical":"https:\/\/simurgedebiyat.com\/index.php\/2025\/11\/22\/sen-sag-ben-selamet\/","og_locale":"tr_TR","og_type":"article","og_title":"Sen Sa\u011f Ben Selamet - simurgedebiyat.com","og_description":"\u015eeb-i yeld\u00e2y\u0131 m\u00fcneccimle muvakkit ne bilir M\u00fcbtel\u00e2-y\u0131 gama sor kim geceler ka\u00e7 saat (En uzun...","og_url":"https:\/\/simurgedebiyat.com\/index.php\/2025\/11\/22\/sen-sag-ben-selamet\/","og_site_name":"simurgedebiyat.com","article_published_time":"2025-11-22T18:31:10+00:00","og_image":[{"width":850,"height":577,"url":"https:\/\/simurgedebiyat.com\/wp-content\/uploads\/2025\/11\/Gece-yildiz.jpg","type":"image\/jpeg"}],"author":"Ay\u015feg\u00fcl K\u00d6SA SERT","twitter_card":"summary_large_image","twitter_misc":{"Yazan:":"Ay\u015feg\u00fcl K\u00d6SA SERT","Tahmini okuma s\u00fcresi":"7 dakika"},"schema":{"@context":"https:\/\/schema.org","@graph":[{"@type":"Article","@id":"https:\/\/simurgedebiyat.com\/index.php\/2025\/11\/22\/sen-sag-ben-selamet\/#article","isPartOf":{"@id":"https:\/\/simurgedebiyat.com\/index.php\/2025\/11\/22\/sen-sag-ben-selamet\/"},"author":{"name":"Ay\u015feg\u00fcl K\u00d6SA SERT","@id":"https:\/\/simurgedebiyat.com\/#\/schema\/person\/5a6c791be7ffc071c53308f5b320ece9"},"headline":"Sen Sa\u011f Ben Selamet","datePublished":"2025-11-22T18:31:10+00:00","mainEntityOfPage":{"@id":"https:\/\/simurgedebiyat.com\/index.php\/2025\/11\/22\/sen-sag-ben-selamet\/"},"wordCount":1449,"commentCount":0,"publisher":{"@id":"https:\/\/simurgedebiyat.com\/#organization"},"image":{"@id":"https:\/\/simurgedebiyat.com\/index.php\/2025\/11\/22\/sen-sag-ben-selamet\/#primaryimage"},"thumbnailUrl":"https:\/\/simurgedebiyat.com\/wp-content\/uploads\/2025\/11\/Gece-yildiz.jpg","articleSection":["Deneme"],"inLanguage":"tr","potentialAction":[{"@type":"CommentAction","name":"Comment","target":["https:\/\/simurgedebiyat.com\/index.php\/2025\/11\/22\/sen-sag-ben-selamet\/#respond"]}]},{"@type":"WebPage","@id":"https:\/\/simurgedebiyat.com\/index.php\/2025\/11\/22\/sen-sag-ben-selamet\/","url":"https:\/\/simurgedebiyat.com\/index.php\/2025\/11\/22\/sen-sag-ben-selamet\/","name":"Sen Sa\u011f Ben Selamet - simurgedebiyat.com","isPartOf":{"@id":"https:\/\/simurgedebiyat.com\/#website"},"primaryImageOfPage":{"@id":"https:\/\/simurgedebiyat.com\/index.php\/2025\/11\/22\/sen-sag-ben-selamet\/#primaryimage"},"image":{"@id":"https:\/\/simurgedebiyat.com\/index.php\/2025\/11\/22\/sen-sag-ben-selamet\/#primaryimage"},"thumbnailUrl":"https:\/\/simurgedebiyat.com\/wp-content\/uploads\/2025\/11\/Gece-yildiz.jpg","datePublished":"2025-11-22T18:31:10+00:00","breadcrumb":{"@id":"https:\/\/simurgedebiyat.com\/index.php\/2025\/11\/22\/sen-sag-ben-selamet\/#breadcrumb"},"inLanguage":"tr","potentialAction":[{"@type":"ReadAction","target":["https:\/\/simurgedebiyat.com\/index.php\/2025\/11\/22\/sen-sag-ben-selamet\/"]}]},{"@type":"ImageObject","inLanguage":"tr","@id":"https:\/\/simurgedebiyat.com\/index.php\/2025\/11\/22\/sen-sag-ben-selamet\/#primaryimage","url":"https:\/\/simurgedebiyat.com\/wp-content\/uploads\/2025\/11\/Gece-yildiz.jpg","contentUrl":"https:\/\/simurgedebiyat.com\/wp-content\/uploads\/2025\/11\/Gece-yildiz.jpg","width":850,"height":577},{"@type":"BreadcrumbList","@id":"https:\/\/simurgedebiyat.com\/index.php\/2025\/11\/22\/sen-sag-ben-selamet\/#breadcrumb","itemListElement":[{"@type":"ListItem","position":1,"name":"Anasayfa","item":"https:\/\/simurgedebiyat.com\/"},{"@type":"ListItem","position":2,"name":"Sen Sa\u011f Ben Selamet"}]},{"@type":"WebSite","@id":"https:\/\/simurgedebiyat.com\/#website","url":"https:\/\/simurgedebiyat.com\/","name":"simurgedebiyat.com","description":"edebiyat&amp;K\u00fclt\u00fcr&amp;Sanat&amp;D\u00fc\u015f\u00fcnce ","publisher":{"@id":"https:\/\/simurgedebiyat.com\/#organization"},"potentialAction":[{"@type":"SearchAction","target":{"@type":"EntryPoint","urlTemplate":"https:\/\/simurgedebiyat.com\/?s={search_term_string}"},"query-input":{"@type":"PropertyValueSpecification","valueRequired":true,"valueName":"search_term_string"}}],"inLanguage":"tr"},{"@type":"Organization","@id":"https:\/\/simurgedebiyat.com\/#organization","name":"simurgedebiyat.com","url":"https:\/\/simurgedebiyat.com\/","logo":{"@type":"ImageObject","inLanguage":"tr","@id":"https:\/\/simurgedebiyat.com\/#\/schema\/logo\/image\/","url":"https:\/\/simurgedebiyat.com\/wp-content\/uploads\/2025\/11\/cropped-HHHHH-1.jpeg","contentUrl":"https:\/\/simurgedebiyat.com\/wp-content\/uploads\/2025\/11\/cropped-HHHHH-1.jpeg","width":245,"height":205,"caption":"simurgedebiyat.com"},"image":{"@id":"https:\/\/simurgedebiyat.com\/#\/schema\/logo\/image\/"}},{"@type":"Person","@id":"https:\/\/simurgedebiyat.com\/#\/schema\/person\/5a6c791be7ffc071c53308f5b320ece9","name":"Ay\u015feg\u00fcl K\u00d6SA SERT","image":{"@type":"ImageObject","inLanguage":"tr","@id":"https:\/\/simurgedebiyat.com\/#\/schema\/person\/image\/23494c9101089ad44ae88ce9d2f56aac","url":"https:\/\/secure.gravatar.com\/avatar\/?s=96&d=mm&r=g","contentUrl":"https:\/\/secure.gravatar.com\/avatar\/?s=96&d=mm&r=g","caption":"Ay\u015feg\u00fcl K\u00d6SA SERT"},"description":"\u0130lk ve orta \u00f6\u011frenimini babas\u0131n\u0131n g\u00f6revi nedeniyle Anadolu\u2019nun \u00e7e\u015fitli \u015fehirlerinde tamamlad\u0131. \u00c7ocuklu\u011funda ge\u00e7ti\u011fi her co\u011frafya ve tan\u0131d\u0131\u011f\u0131 her insan kalemi \u00fczerinde iz b\u0131rakm\u0131\u015ft\u0131r. Karadeniz Teknik \u00dcniversitesi Edebiyat Fak\u00fcltesinden mezun olduktan sonra yine ayn\u0131 \u00fcniversitenin Edebiyat b\u00f6l\u00fcm\u00fcnde \u2018Edebiyk\u00f6at\u0131-\u0131 Umumiye Mecmuas\u0131 Teknik Tahlili\u2019 konulu yeni T\u00fcrk edebiyat\u0131 alan\u0131nda y\u00fcksek lisans yapt\u0131. \u00d6\u011fretmen olarak ba\u015flad\u0131\u011f\u0131 mesle\u011fine zaman zaman bakanl\u0131k b\u00fcnyesi ve ta\u015fra te\u015fkilat\u0131ndaki de\u011fi\u015fik g\u00f6revlendirmelerde Ar-Ge \u00e7al\u0131\u015fan\u0131, yerel ve ulusal projelerde koordinat\u00f6r olarak devam etti. 2005 y\u0131l\u0131nda TRT Trabzon Radyosu ak\u015fam ku\u015fa\u011f\u0131nda \u2018Hayal Kahvesi\u2019 adl\u0131 bir program\u0131 haz\u0131rlay\u0131p sundu. 2007-2010 y\u0131llar\u0131 aras\u0131nda Mill\u00ee E\u011fitim Bakanl\u0131\u011f\u0131 Strateji Geli\u015ftirme Daire Ba\u015fkanl\u0131\u011f\u0131nda Stratejik Planlama konusunda \u2018E\u011fitimcilerin E\u011fitimi\u2019 seminerleri verdi. 2012 y\u0131l\u0131nda Ba\u015fkent \u0130leti\u015fim Akademisinde TRT Ana Haber spikerlerinden \u00f6zel olarak sunuculuk, seslendirme, dublaj dersleri ald\u0131. Ard\u0131ndan \u00e7e\u015fitli kay\u0131tlarda baz\u0131 karakterleri seslendirdi. 2014-2016 y\u0131llar\u0131 aras\u0131nda Avrasya \u00dcniversitesi Radyo Televizyon b\u00f6l\u00fcm\u00fcnde \u2018Do\u011fru ve G\u00fczel Konu\u015fma E\u011fitimi, Diksiyon ve Beden Dili\u2019 dersleri \u00e7er\u00e7evesinde okutmanl\u0131k yapt\u0131. Bir\u00e7ok edebi dergide, farkl\u0131 platformlarda yaz\u0131lar\u0131 ve sunumlar\u0131 ile yer ald\u0131. Yazar\u0131n \u2018\u015eafakla Gelen Ya Kebike\u00e7\u2019 ve Yaln\u0131zlar Senfonisi adl\u0131 iki kitab\u0131 bulunmaktad\u0131r. Masal \u00fczerine akademik ara\u015ft\u0131rmalar\u0131na \u00fcniversite y\u0131llar\u0131nda ba\u015flayan yazar, bu birikimlerini Masal Anlat\u0131c\u0131s\u0131 E\u011fitmenli\u011fi seminerlerinde kat\u0131l\u0131mc\u0131larla payla\u015fmaktad\u0131r. Bunun yan\u0131 s\u0131ra \u201cOsmanl\u0131 T\u00fcrk\u00e7esi (Temel d\u00fczey), Beden Dili, Etkili ve G\u00fczel Konu\u015fma, Diksiyon, Yarat\u0131c\u0131 Yazarl\u0131k\u201d alan\u0131nda seminerler vererek \u00e7al\u0131\u015fmalar\u0131n\u0131 s\u00fcrd\u00fcrmektedir. Halen bir kurumda seslendirme ve sunuculuk yapmakta olan yazar evlidir ve Arda Tar\u0131k\u2019\u0131n annesidir.","url":"https:\/\/simurgedebiyat.com\/index.php\/author\/aysegul-kosa-sert\/"}]}},"featured_image_urls":{"full":["https:\/\/simurgedebiyat.com\/wp-content\/uploads\/2025\/11\/Gece-yildiz.jpg",850,577,false],"thumbnail":["https:\/\/simurgedebiyat.com\/wp-content\/uploads\/2025\/11\/Gece-yildiz-150x150.jpg",150,150,true],"medium":["https:\/\/simurgedebiyat.com\/wp-content\/uploads\/2025\/11\/Gece-yildiz-300x204.jpg",300,204,true],"medium_large":["https:\/\/simurgedebiyat.com\/wp-content\/uploads\/2025\/11\/Gece-yildiz-768x521.jpg",640,434,true],"large":["https:\/\/simurgedebiyat.com\/wp-content\/uploads\/2025\/11\/Gece-yildiz.jpg",640,434,false],"1536x1536":["https:\/\/simurgedebiyat.com\/wp-content\/uploads\/2025\/11\/Gece-yildiz.jpg",850,577,false],"2048x2048":["https:\/\/simurgedebiyat.com\/wp-content\/uploads\/2025\/11\/Gece-yildiz.jpg",850,577,false],"covernews-slider-full":["https:\/\/simurgedebiyat.com\/wp-content\/uploads\/2025\/11\/Gece-yildiz.jpg",850,577,false],"covernews-slider-center":["https:\/\/simurgedebiyat.com\/wp-content\/uploads\/2025\/11\/Gece-yildiz-800x500.jpg",800,500,true],"covernews-featured":["https:\/\/simurgedebiyat.com\/wp-content\/uploads\/2025\/11\/Gece-yildiz.jpg",850,577,false],"covernews-medium":["https:\/\/simurgedebiyat.com\/wp-content\/uploads\/2025\/11\/Gece-yildiz-540x340.jpg",540,340,true],"covernews-medium-square":["https:\/\/simurgedebiyat.com\/wp-content\/uploads\/2025\/11\/Gece-yildiz-400x250.jpg",400,250,true],"sow-carousel-default":["https:\/\/simurgedebiyat.com\/wp-content\/uploads\/2025\/11\/Gece-yildiz-272x182.jpg",272,182,true],"sow-blog-portfolio":["https:\/\/simurgedebiyat.com\/wp-content\/uploads\/2025\/11\/Gece-yildiz-375x375.jpg",375,375,true],"sow-blog-grid":["https:\/\/simurgedebiyat.com\/wp-content\/uploads\/2025\/11\/Gece-yildiz-720x480.jpg",720,480,true],"sow-blog-alternate":["https:\/\/simurgedebiyat.com\/wp-content\/uploads\/2025\/11\/Gece-yildiz.jpg",850,577,false],"sow-recent-post":["https:\/\/simurgedebiyat.com\/wp-content\/uploads\/2025\/11\/Gece-yildiz-216x216.jpg",216,216,true]},"author_info":{"display_name":"Ay\u015feg\u00fcl K\u00d6SA SERT","author_link":"https:\/\/simurgedebiyat.com\/index.php\/author\/aysegul-kosa-sert\/"},"category_info":"<a href=\"https:\/\/simurgedebiyat.com\/index.php\/category\/deneme\/\" rel=\"category tag\">Deneme<\/a>","tag_info":"Deneme","comment_count":"0","jetpack_featured_media_url":"https:\/\/simurgedebiyat.com\/wp-content\/uploads\/2025\/11\/Gece-yildiz.jpg","uagb_featured_image_src":{"full":["https:\/\/simurgedebiyat.com\/wp-content\/uploads\/2025\/11\/Gece-yildiz.jpg",850,577,false],"thumbnail":["https:\/\/simurgedebiyat.com\/wp-content\/uploads\/2025\/11\/Gece-yildiz-150x150.jpg",150,150,true],"medium":["https:\/\/simurgedebiyat.com\/wp-content\/uploads\/2025\/11\/Gece-yildiz-300x204.jpg",300,204,true],"medium_large":["https:\/\/simurgedebiyat.com\/wp-content\/uploads\/2025\/11\/Gece-yildiz-768x521.jpg",640,434,true],"large":["https:\/\/simurgedebiyat.com\/wp-content\/uploads\/2025\/11\/Gece-yildiz.jpg",640,434,false],"1536x1536":["https:\/\/simurgedebiyat.com\/wp-content\/uploads\/2025\/11\/Gece-yildiz.jpg",850,577,false],"2048x2048":["https:\/\/simurgedebiyat.com\/wp-content\/uploads\/2025\/11\/Gece-yildiz.jpg",850,577,false],"covernews-slider-full":["https:\/\/simurgedebiyat.com\/wp-content\/uploads\/2025\/11\/Gece-yildiz.jpg",850,577,false],"covernews-slider-center":["https:\/\/simurgedebiyat.com\/wp-content\/uploads\/2025\/11\/Gece-yildiz-800x500.jpg",800,500,true],"covernews-featured":["https:\/\/simurgedebiyat.com\/wp-content\/uploads\/2025\/11\/Gece-yildiz.jpg",850,577,false],"covernews-medium":["https:\/\/simurgedebiyat.com\/wp-content\/uploads\/2025\/11\/Gece-yildiz-540x340.jpg",540,340,true],"covernews-medium-square":["https:\/\/simurgedebiyat.com\/wp-content\/uploads\/2025\/11\/Gece-yildiz-400x250.jpg",400,250,true],"sow-carousel-default":["https:\/\/simurgedebiyat.com\/wp-content\/uploads\/2025\/11\/Gece-yildiz-272x182.jpg",272,182,true],"sow-blog-portfolio":["https:\/\/simurgedebiyat.com\/wp-content\/uploads\/2025\/11\/Gece-yildiz-375x375.jpg",375,375,true],"sow-blog-grid":["https:\/\/simurgedebiyat.com\/wp-content\/uploads\/2025\/11\/Gece-yildiz-720x480.jpg",720,480,true],"sow-blog-alternate":["https:\/\/simurgedebiyat.com\/wp-content\/uploads\/2025\/11\/Gece-yildiz.jpg",850,577,false],"sow-recent-post":["https:\/\/simurgedebiyat.com\/wp-content\/uploads\/2025\/11\/Gece-yildiz-216x216.jpg",216,216,true]},"uagb_author_info":{"display_name":"Ay\u015feg\u00fcl K\u00d6SA SERT","author_link":"https:\/\/simurgedebiyat.com\/index.php\/author\/aysegul-kosa-sert\/"},"uagb_comment_info":0,"uagb_excerpt":"\u015eeb-i yeld\u00e2y\u0131 m\u00fcneccimle muvakkit ne bilir M\u00fcbtel\u00e2-y\u0131 gama sor kim geceler ka\u00e7 saat (En uzun...","authors":[{"term_id":232,"user_id":32,"is_guest":0,"slug":"aysegul-kosa-sert","display_name":"Ay\u015feg\u00fcl K\u00d6SA SERT","avatar_url":{"url":"https:\/\/simurgedebiyat.com\/wp-content\/uploads\/2025\/07\/AKS.webp","url2x":"https:\/\/simurgedebiyat.com\/wp-content\/uploads\/2025\/07\/AKS.webp"},"first_name":"","last_name":"","user_url":"","job_title":"","description":"\u0130lk ve orta \u00f6\u011frenimini babas\u0131n\u0131n g\u00f6revi nedeniyle Anadolu\u2019nun\r\n\u00e7e\u015fitli \u015fehirlerinde tamamlad\u0131. \u00c7ocuklu\u011funda ge\u00e7ti\u011fi her co\u011frafya ve tan\u0131d\u0131\u011f\u0131 her insan kalemi\r\n\u00fczerinde iz b\u0131rakm\u0131\u015ft\u0131r. Karadeniz Teknik \u00dcniversitesi Edebiyat Fak\u00fcltesinden mezun\r\nolduktan sonra yine ayn\u0131 \u00fcniversitenin Edebiyat b\u00f6l\u00fcm\u00fcnde \u2018Edebiyk\u00f6at\u0131-\u0131 Umumiye Mecmuas\u0131\r\nTeknik Tahlili\u2019 konulu yeni T\u00fcrk edebiyat\u0131 alan\u0131nda y\u00fcksek lisans yapt\u0131. \u00d6\u011fretmen olarak ba\u015flad\u0131\u011f\u0131 mesle\u011fine zaman zaman bakanl\u0131k b\u00fcnyesi ve ta\u015fra\r\nte\u015fkilat\u0131ndaki de\u011fi\u015fik g\u00f6revlendirmelerde Ar-Ge \u00e7al\u0131\u015fan\u0131, yerel ve ulusal projelerde\r\nkoordinat\u00f6r olarak devam etti. 2005 y\u0131l\u0131nda TRT Trabzon Radyosu ak\u015fam ku\u015fa\u011f\u0131nda \u2018Hayal\r\nKahvesi\u2019 adl\u0131 bir program\u0131 haz\u0131rlay\u0131p sundu. 2007-2010 y\u0131llar\u0131 aras\u0131nda Mill\u00ee E\u011fitim\r\nBakanl\u0131\u011f\u0131 Strateji Geli\u015ftirme Daire Ba\u015fkanl\u0131\u011f\u0131nda Stratejik Planlama konusunda\r\n\u2018E\u011fitimcilerin E\u011fitimi\u2019 seminerleri verdi. 2012 y\u0131l\u0131nda Ba\u015fkent \u0130leti\u015fim Akademisinde TRT\r\nAna Haber spikerlerinden \u00f6zel olarak sunuculuk, seslendirme, dublaj dersleri ald\u0131. Ard\u0131ndan\r\n\u00e7e\u015fitli kay\u0131tlarda baz\u0131 karakterleri seslendirdi. 2014-2016 y\u0131llar\u0131 aras\u0131nda Avrasya \u00dcniversitesi\r\nRadyo Televizyon b\u00f6l\u00fcm\u00fcnde \u2018Do\u011fru ve G\u00fczel Konu\u015fma E\u011fitimi, Diksiyon ve Beden Dili\u2019\r\ndersleri \u00e7er\u00e7evesinde okutmanl\u0131k yapt\u0131. Bir\u00e7ok edebi dergide, farkl\u0131 platformlarda yaz\u0131lar\u0131 ve\r\nsunumlar\u0131 ile yer ald\u0131. Yazar\u0131n \u2018\u015eafakla Gelen Ya Kebike\u00e7\u2019 ve Yaln\u0131zlar Senfonisi adl\u0131 iki kitab\u0131 bulunmaktad\u0131r.\r\nMasal \u00fczerine akademik ara\u015ft\u0131rmalar\u0131na \u00fcniversite y\u0131llar\u0131nda ba\u015flayan yazar, bu\r\nbirikimlerini Masal Anlat\u0131c\u0131s\u0131 E\u011fitmenli\u011fi  seminerlerinde kat\u0131l\u0131mc\u0131larla\r\npayla\u015fmaktad\u0131r. Bunun yan\u0131 s\u0131ra \u201cOsmanl\u0131 T\u00fcrk\u00e7esi (Temel d\u00fczey), Beden Dili, Etkili ve\r\nG\u00fczel Konu\u015fma, Diksiyon, Yarat\u0131c\u0131 Yazarl\u0131k\u201d alan\u0131nda seminerler vererek \u00e7al\u0131\u015fmalar\u0131n\u0131\r\ns\u00fcrd\u00fcrmektedir. Halen bir kurumda seslendirme ve sunuculuk yapmakta olan yazar evlidir ve\r\nArda Tar\u0131k\u2019\u0131n annesidir.\r\n"}],"_links":{"self":[{"href":"https:\/\/simurgedebiyat.com\/index.php\/wp-json\/wp\/v2\/posts\/2907","targetHints":{"allow":["GET"]}}],"collection":[{"href":"https:\/\/simurgedebiyat.com\/index.php\/wp-json\/wp\/v2\/posts"}],"about":[{"href":"https:\/\/simurgedebiyat.com\/index.php\/wp-json\/wp\/v2\/types\/post"}],"author":[{"embeddable":true,"href":"https:\/\/simurgedebiyat.com\/index.php\/wp-json\/wp\/v2\/users\/32"}],"replies":[{"embeddable":true,"href":"https:\/\/simurgedebiyat.com\/index.php\/wp-json\/wp\/v2\/comments?post=2907"}],"version-history":[{"count":1,"href":"https:\/\/simurgedebiyat.com\/index.php\/wp-json\/wp\/v2\/posts\/2907\/revisions"}],"predecessor-version":[{"id":2909,"href":"https:\/\/simurgedebiyat.com\/index.php\/wp-json\/wp\/v2\/posts\/2907\/revisions\/2909"}],"wp:featuredmedia":[{"embeddable":true,"href":"https:\/\/simurgedebiyat.com\/index.php\/wp-json\/wp\/v2\/media\/2908"}],"wp:attachment":[{"href":"https:\/\/simurgedebiyat.com\/index.php\/wp-json\/wp\/v2\/media?parent=2907"}],"wp:term":[{"taxonomy":"category","embeddable":true,"href":"https:\/\/simurgedebiyat.com\/index.php\/wp-json\/wp\/v2\/categories?post=2907"},{"taxonomy":"post_tag","embeddable":true,"href":"https:\/\/simurgedebiyat.com\/index.php\/wp-json\/wp\/v2\/tags?post=2907"},{"taxonomy":"author","embeddable":true,"href":"https:\/\/simurgedebiyat.com\/index.php\/wp-json\/wp\/v2\/ppma_author?post=2907"}],"curies":[{"name":"wp","href":"https:\/\/api.w.org\/{rel}","templated":true}]}}