{"id":2904,"date":"2025-11-22T20:47:17","date_gmt":"2025-11-22T17:47:17","guid":{"rendered":"https:\/\/simurgedebiyat.com\/?p=2904"},"modified":"2025-11-22T20:47:17","modified_gmt":"2025-11-22T17:47:17","slug":"bir-sirdasiniz-var-mi","status":"publish","type":"post","link":"https:\/\/simurgedebiyat.com\/index.php\/2025\/11\/22\/bir-sirdasiniz-var-mi\/","title":{"rendered":"Bir S\u0131rda\u015f\u0131n\u0131z Var M\u0131?"},"content":{"rendered":"<p>Yunan mitolojisine g\u00f6re Kral Midas\u2019la ilgili bir efsane anlat\u0131l\u0131r:<\/p>\n<p>Frigya Kral\u0131 Midas, \u00fcst\u00fcn yetenekli, Yunanl\u0131lara g\u00f6re bir ilah olan ke\u00e7i ayakl\u0131 Pan ile yine m\u00fczik tanr\u0131s\u0131 olarak inan\u0131lan Apollon\u2019un m\u00fczik yar\u0131\u015fmas\u0131nda hakemlik yapar. Tabi zor ve tehlikeli bir hakemlik. S\u00f6zde iki tanr\u0131 var ve bunlar yar\u0131\u015f\u0131yor. Kime hak verse s\u0131k\u0131nt\u0131 ve sonu tehlikeli. Yar\u0131\u015fma sonunda Midas karar\u0131n\u0131 Pan lehine verir. Apollon \u00e7\u0131lg\u0131na d\u00f6ner. Karar\u0131 tan\u0131maz ve Kral Midas\u2019\u0131 cezaland\u0131r\u0131r; kulaklar\u0131n\u0131 e\u015fek kula\u011f\u0131na \u00e7evirir.<\/p>\n<p>Bir m\u00fcddet sonra Kral Midas\u2019\u0131n uzayan kulaklar\u0131 kendisini \u00e7ok rahats\u0131z eder. \u0130nsanlar\u0131n i\u00e7ine \u00e7\u0131kamaz h\u00e2le gelir. \u00d6zel bir ba\u015fl\u0131k yaparak kulaklar\u0131n\u0131 gizler. Ama t\u0131ra\u015f olmas\u0131 gerekti\u011finde kara kara d\u00fc\u015f\u00fcn\u00fcr. Berberini \u00e7a\u011f\u0131r\u0131r, bin bir yemin ettirerek, tehditler de sunarak s\u00f6z \u00fcst\u00fcne s\u00f6z al\u0131r. Berber bir m\u00fcddet s\u00f6z\u00fcnde durur. Kral\u0131n s\u0131rr\u0131n\u0131 kimseyle payla\u015famaz ama i\u00e7i i\u00e7ine s\u0131\u011fmamakta, bir bo\u015fbo\u011fazl\u0131k sonucu hayat\u0131n\u0131 da tehlikeye atmamak i\u00e7in dayanmaktad\u0131r. B\u00f6ylesi s\u0131ra d\u0131\u015f\u0131 bir olaya \u015fahit olup da onu kimseyle konu\u015famamak zaten berber i\u00e7in en b\u00fcy\u00fck azap ve i\u015fkence.<\/p>\n<p>Bekler, bekler ama nihayet dayanamaz art\u0131k.<\/p>\n<p>Berber bir g\u00fcn \u015fehrin d\u0131\u015f\u0131na \u00e7\u0131kar. Kuyu gibi bir \u00e7ukura e\u011filir ve b\u00fcy\u00fck bir y\u00fckten kurtulmak istercesine i\u00e7indeki o devasa y\u00fck\u00fc bo\u015falt\u0131r: \u201cMidas\u2019\u0131n kulaklar\u0131, e\u015fek kulaklar\u0131 gibidir. Midas\u2019\u0131n kulaklar\u0131, e\u015fek kulaklar\u0131 gibidir. Midas\u2019\u0131n kulaklar\u0131, e\u015fek kulaklar\u0131 gibidir\u2026\u201d<\/p>\n<p>Art\u0131k rahatlam\u0131\u015ft\u0131r.<\/p>\n<p>S\u00f6z\u00fcnde de durmu\u015f, hi\u00e7bir kimseye bu s\u0131rr\u0131 fa\u015f etmemi\u015ftir. Ancak beklenmedik bir durum olur. Korkulan ba\u015fa gelir.<\/p>\n<p>O f\u0131s\u0131lt\u0131, r\u00fczgarla birlikte dallara, yapraklara, a\u011fa\u00e7lara, \u00e7i\u00e7eklere yay\u0131l\u0131r ve sonunda \u015fehre kadar ula\u015f\u0131r. T\u00fcm insanlar, ac\u0131 ger\u00e7ekten haberdar olmu\u015f, Kral\u0131n karizmas\u0131 yerle bir olmu\u015f, o da hayat\u0131n\u0131 sonland\u0131rm\u0131\u015ft\u0131r.<\/p>\n<p>\u2026<\/p>\n<p>Efsane de olsa ac\u0131 bir s\u00fcre\u00e7 ve sonu\u00e7.<\/p>\n<p>\u201cS\u0131rr\u0131n\u0131 s\u00f6yleme dostuna o da gider s\u00f6yler dostuna\u201d diye bo\u015funa dememi\u015f atalar.<\/p>\n<p>S\u0131rr\u0131n senin esirindir, s\u00f6yledikten sonra da sen onun esiri olursun.<\/p>\n<p>\u0130yi de bir dostumuzla payla\u015faca\u011f\u0131m\u0131z bir s\u0131rr\u0131m\u0131z veya s\u0131rr\u0131m\u0131z\u0131 payla\u015faca\u011f\u0131m\u0131z bir dostumuz olmayacak m\u0131?<\/p>\n<p>Tabi ki olacak.<\/p>\n<p>S\u00f6yleyece\u011fimiz her s\u0131rr\u0131n bir zaman sonra, bir \u015fekilde \u00f6\u011frenilece\u011fini unutmamak laz\u0131m. Bu anlamda, iki ki\u015finin bildi\u011fi s\u0131r, s\u0131r de\u011fildir diye bo\u015funa s\u00f6ylenmemi\u015ftir. Bunun istisnalar\u0131 var m\u0131? Elbette var.<\/p>\n<p>Allah Resul\u00fc\u2019n\u00fcn (sav) s\u0131rda\u015f\u0131, Huzeyfet\u00fc\u2019l-Yeman (ra) idi. Ona baz\u0131 s\u0131rlar\u0131, m\u00fcnaf\u0131klarla ilgili bilgileri, isim listesini, ahir zaman ile ilgili baz\u0131 bildiklerini s\u00f6ylemi\u015fti. Ama o da bunu hi\u00e7 kimseyle payla\u015fmam\u0131\u015ft\u0131. Hatta Hz. \u00d6mer\u2019in \u0131srar\u0131na ra\u011fmen a\u00e7\u0131klamam\u0131\u015ft\u0131.<\/p>\n<p>Bir ba\u015fka \u00f6rnek de Enes (ra) ile ilgilidir. Bir defas\u0131nda Peygamber Efendimiz onu bir yere g\u00f6ndermi\u015fti. Eve d\u00f6n\u00fc\u015f\u00fc gecikmeli olunca annesi R\u00fcmeysa (ra) sebebini sordu:<\/p>\n<p>\u201cNiye ge\u00e7 kald\u0131n?\u201d<\/p>\n<p>\u201cResulullah beni bir i\u015fe g\u00f6ndermi\u015fti; onun i\u00e7in geciktim.\u201d<\/p>\n<p>\u201cNeymi\u015f o i\u015f?\u201d<\/p>\n<p>\u201cBu bir s\u0131rd\u0131r. Allah Resul\u00fc ile aram\u0131zda ge\u00e7en bir s\u0131r\u2026\u201d<\/p>\n<p>Bunun \u00fczerine annesi \u015f\u00f6yle der:<\/p>\n<p>\u201cAferin yavrum. Resulullah\u2019\u0131n s\u0131rr\u0131n\u0131 kimseye s\u00f6yleme!\u201d<\/p>\n<p>Enes (ra) \u00f6mr\u00fc boyunca o s\u0131rr\u0131 saklam\u0131\u015ft\u0131r. (M\u00fcslim, Fez\u00e2il\u00fc\u2019s-sah\u00e2be 145, 146)<\/p>\n<p>Yine Peygamber Efendimizin, s\u0131k s\u0131k Hz. Ebubekir, Hz. \u00d6mer ve di\u011fer kimi sahabilerle \u00f6zel g\u00f6r\u00fc\u015fmeler yapt\u0131\u011f\u0131 bilinmektedir.<\/p>\n<p>\u2026<\/p>\n<p><img decoding=\"async\" src=\"https:\/\/www.fatihugur.com.tr\/wp-content\/uploads\/2018\/09\/teknoloji-bag%CC%86%C4%B1ml%C4%B1l%C4%B1g%CC%86%C4%B1-konya-e1535986619804.jpeg\" alt=\"Ya\u015fam\u0131m\u0131zdaki Ba\u011flant\u0131 Eksikli\u011finin Bir Sonucu - Teknoloji Ba\u011f\u0131ml\u0131l\u0131\u011f\u0131\"><\/p>\n<p>Hayat\u0131n zorlu s\u00fcre\u00e7leri ve ya\u015fanm\u0131\u015fl\u0131klar\u0131 i\u00e7erisinde s\u0131rlar\u0131n\u0131z\u0131 payla\u015faca\u011f\u0131n\u0131z birka\u00e7 ki\u015fi olsun. Onlarla bulu\u015fun ve konu\u015fun. \u0130\u00e7inizdeki kaynayan fikirleri, d\u00fc\u015f\u00fcnceleri, hayalleri, ya\u015fad\u0131\u011f\u0131n\u0131z baz\u0131 h\u00e2lleri anlat\u0131n. Fakat anlataca\u011f\u0131n\u0131z \u015feyler g\u00fcnah ve haram olan \u015feyler olmamal\u0131. \u00c7\u00fcnk\u00fc Allah Resul\u00fc bunu yasakl\u0131yor. Ve i\u015fledi\u011fimiz kabahatlere yeni \u015fahitler edinmemeliyiz. Dedikoduya ka\u00e7madan, g\u00fcnaha girmeden, bizi rahatlatacak payla\u015f\u0131mlar yapaca\u011f\u0131m\u0131z s\u0131rda\u015flar\u0131m\u0131z olsun. Baz\u0131 s\u0131rlar\u0131m\u0131z da bizimle \u00f6l\u00fcme kadar gitsin.<\/p>\n<p>Siz yine de r\u00fczg\u00e2ra, a\u011fa\u00e7lara dikkat edin. Yerin kula\u011f\u0131 vard\u0131r. Bug\u00fcn sahip oldu\u011fumuz ileti\u015fim mekanizmalar\u0131, Midas\u2019\u0131n kulaklar\u0131 gibi nice s\u0131rlar\u0131, gizlice yap\u0131p ettiklerimizi, dediklerimizi bir saniyede d\u00fcnyaya yayabiliyor.<\/p>\n<p>Zaten sa\u011f ve sol taraf\u0131m\u0131zdaki kay\u0131t sistemi de aral\u0131ks\u0131z i\u015fliyor, yay\u0131n i\u00e7in g\u00fcn\u00fcn\u00fc bekliyor.<\/p>\n<p><em>Ben s\u0131r tutar\u0131m ama kontenjan doldu.<\/em><\/p>\n","protected":false},"excerpt":{"rendered":"<p>Yunan mitolojisine g\u00f6re Kral Midas\u2019la ilgili bir efsane anlat\u0131l\u0131r: Frigya Kral\u0131 Midas, \u00fcst\u00fcn yetenekli, Yunanl\u0131lara&#8230;<\/p>\n","protected":false},"author":26,"featured_media":2905,"comment_status":"open","ping_status":"open","sticky":false,"template":"","format":"standard","meta":{"_bbp_topic_count":0,"_bbp_reply_count":0,"_bbp_total_topic_count":0,"_bbp_total_reply_count":0,"_bbp_voice_count":0,"_bbp_anonymous_reply_count":0,"_bbp_topic_count_hidden":0,"_bbp_reply_count_hidden":0,"_bbp_forum_subforum_count":0,"om_disable_all_campaigns":false,"_uag_custom_page_level_css":"","ngg_post_thumbnail":0,"footnotes":""},"categories":[100],"tags":[],"ppma_author":[193],"class_list":["post-2904","post","type-post","status-publish","format-standard","has-post-thumbnail","hentry","category-deneme"],"yoast_head":"<!-- This site is optimized with the Yoast SEO plugin v24.9 - https:\/\/yoast.com\/wordpress\/plugins\/seo\/ -->\n<title>Bir S\u0131rda\u015f\u0131n\u0131z Var M\u0131? - simurgedebiyat.com<\/title>\n<meta name=\"robots\" content=\"index, follow, max-snippet:-1, max-image-preview:large, max-video-preview:-1\" \/>\n<link rel=\"canonical\" href=\"https:\/\/simurgedebiyat.com\/index.php\/2025\/11\/22\/bir-sirdasiniz-var-mi\/\" \/>\n<meta property=\"og:locale\" content=\"tr_TR\" \/>\n<meta property=\"og:type\" content=\"article\" \/>\n<meta property=\"og:title\" content=\"Bir S\u0131rda\u015f\u0131n\u0131z Var M\u0131? - simurgedebiyat.com\" \/>\n<meta property=\"og:description\" content=\"Yunan mitolojisine g\u00f6re Kral Midas\u2019la ilgili bir efsane anlat\u0131l\u0131r: Frigya Kral\u0131 Midas, \u00fcst\u00fcn yetenekli, Yunanl\u0131lara...\" \/>\n<meta property=\"og:url\" content=\"https:\/\/simurgedebiyat.com\/index.php\/2025\/11\/22\/bir-sirdasiniz-var-mi\/\" \/>\n<meta property=\"og:site_name\" content=\"simurgedebiyat.com\" \/>\n<meta property=\"article:published_time\" content=\"2025-11-22T17:47:17+00:00\" \/>\n<meta property=\"og:image\" content=\"https:\/\/simurgedebiyat.com\/wp-content\/uploads\/2025\/11\/sirdas.jpg\" \/>\n\t<meta property=\"og:image:width\" content=\"1200\" \/>\n\t<meta property=\"og:image:height\" content=\"800\" \/>\n\t<meta property=\"og:image:type\" content=\"image\/jpeg\" \/>\n<meta name=\"author\" content=\"Mehmet Nezir G.\" \/>\n<meta name=\"twitter:card\" content=\"summary_large_image\" \/>\n<meta name=\"twitter:label1\" content=\"Yazan:\" \/>\n\t<meta name=\"twitter:data1\" content=\"Mehmet Nezir G.\" \/>\n\t<meta name=\"twitter:label2\" content=\"Tahmini okuma s\u00fcresi\" \/>\n\t<meta name=\"twitter:data2\" content=\"4 dakika\" \/>\n<script type=\"application\/ld+json\" class=\"yoast-schema-graph\">{\"@context\":\"https:\/\/schema.org\",\"@graph\":[{\"@type\":\"Article\",\"@id\":\"https:\/\/simurgedebiyat.com\/index.php\/2025\/11\/22\/bir-sirdasiniz-var-mi\/#article\",\"isPartOf\":{\"@id\":\"https:\/\/simurgedebiyat.com\/index.php\/2025\/11\/22\/bir-sirdasiniz-var-mi\/\"},\"author\":{\"name\":\"Mehmet Nezir G.\",\"@id\":\"https:\/\/simurgedebiyat.com\/#\/schema\/person\/943b4f5018b2dde9eda84742f141e448\"},\"headline\":\"Bir S\u0131rda\u015f\u0131n\u0131z Var M\u0131?\",\"datePublished\":\"2025-11-22T17:47:17+00:00\",\"mainEntityOfPage\":{\"@id\":\"https:\/\/simurgedebiyat.com\/index.php\/2025\/11\/22\/bir-sirdasiniz-var-mi\/\"},\"wordCount\":820,\"commentCount\":0,\"publisher\":{\"@id\":\"https:\/\/simurgedebiyat.com\/#organization\"},\"image\":{\"@id\":\"https:\/\/simurgedebiyat.com\/index.php\/2025\/11\/22\/bir-sirdasiniz-var-mi\/#primaryimage\"},\"thumbnailUrl\":\"https:\/\/simurgedebiyat.com\/wp-content\/uploads\/2025\/11\/sirdas.jpg\",\"articleSection\":[\"Deneme\"],\"inLanguage\":\"tr\",\"potentialAction\":[{\"@type\":\"CommentAction\",\"name\":\"Comment\",\"target\":[\"https:\/\/simurgedebiyat.com\/index.php\/2025\/11\/22\/bir-sirdasiniz-var-mi\/#respond\"]}]},{\"@type\":\"WebPage\",\"@id\":\"https:\/\/simurgedebiyat.com\/index.php\/2025\/11\/22\/bir-sirdasiniz-var-mi\/\",\"url\":\"https:\/\/simurgedebiyat.com\/index.php\/2025\/11\/22\/bir-sirdasiniz-var-mi\/\",\"name\":\"Bir S\u0131rda\u015f\u0131n\u0131z Var M\u0131? - simurgedebiyat.com\",\"isPartOf\":{\"@id\":\"https:\/\/simurgedebiyat.com\/#website\"},\"primaryImageOfPage\":{\"@id\":\"https:\/\/simurgedebiyat.com\/index.php\/2025\/11\/22\/bir-sirdasiniz-var-mi\/#primaryimage\"},\"image\":{\"@id\":\"https:\/\/simurgedebiyat.com\/index.php\/2025\/11\/22\/bir-sirdasiniz-var-mi\/#primaryimage\"},\"thumbnailUrl\":\"https:\/\/simurgedebiyat.com\/wp-content\/uploads\/2025\/11\/sirdas.jpg\",\"datePublished\":\"2025-11-22T17:47:17+00:00\",\"breadcrumb\":{\"@id\":\"https:\/\/simurgedebiyat.com\/index.php\/2025\/11\/22\/bir-sirdasiniz-var-mi\/#breadcrumb\"},\"inLanguage\":\"tr\",\"potentialAction\":[{\"@type\":\"ReadAction\",\"target\":[\"https:\/\/simurgedebiyat.com\/index.php\/2025\/11\/22\/bir-sirdasiniz-var-mi\/\"]}]},{\"@type\":\"ImageObject\",\"inLanguage\":\"tr\",\"@id\":\"https:\/\/simurgedebiyat.com\/index.php\/2025\/11\/22\/bir-sirdasiniz-var-mi\/#primaryimage\",\"url\":\"https:\/\/simurgedebiyat.com\/wp-content\/uploads\/2025\/11\/sirdas.jpg\",\"contentUrl\":\"https:\/\/simurgedebiyat.com\/wp-content\/uploads\/2025\/11\/sirdas.jpg\",\"width\":1200,\"height\":800},{\"@type\":\"BreadcrumbList\",\"@id\":\"https:\/\/simurgedebiyat.com\/index.php\/2025\/11\/22\/bir-sirdasiniz-var-mi\/#breadcrumb\",\"itemListElement\":[{\"@type\":\"ListItem\",\"position\":1,\"name\":\"Anasayfa\",\"item\":\"https:\/\/simurgedebiyat.com\/\"},{\"@type\":\"ListItem\",\"position\":2,\"name\":\"Bir S\u0131rda\u015f\u0131n\u0131z Var M\u0131?\"}]},{\"@type\":\"WebSite\",\"@id\":\"https:\/\/simurgedebiyat.com\/#website\",\"url\":\"https:\/\/simurgedebiyat.com\/\",\"name\":\"simurgedebiyat.com\",\"description\":\"edebiyat&amp;K\u00fclt\u00fcr&amp;Sanat&amp;D\u00fc\u015f\u00fcnce \",\"publisher\":{\"@id\":\"https:\/\/simurgedebiyat.com\/#organization\"},\"potentialAction\":[{\"@type\":\"SearchAction\",\"target\":{\"@type\":\"EntryPoint\",\"urlTemplate\":\"https:\/\/simurgedebiyat.com\/?s={search_term_string}\"},\"query-input\":{\"@type\":\"PropertyValueSpecification\",\"valueRequired\":true,\"valueName\":\"search_term_string\"}}],\"inLanguage\":\"tr\"},{\"@type\":\"Organization\",\"@id\":\"https:\/\/simurgedebiyat.com\/#organization\",\"name\":\"simurgedebiyat.com\",\"url\":\"https:\/\/simurgedebiyat.com\/\",\"logo\":{\"@type\":\"ImageObject\",\"inLanguage\":\"tr\",\"@id\":\"https:\/\/simurgedebiyat.com\/#\/schema\/logo\/image\/\",\"url\":\"https:\/\/simurgedebiyat.com\/wp-content\/uploads\/2025\/11\/cropped-HHHHH-1.jpeg\",\"contentUrl\":\"https:\/\/simurgedebiyat.com\/wp-content\/uploads\/2025\/11\/cropped-HHHHH-1.jpeg\",\"width\":245,\"height\":205,\"caption\":\"simurgedebiyat.com\"},\"image\":{\"@id\":\"https:\/\/simurgedebiyat.com\/#\/schema\/logo\/image\/\"}},{\"@type\":\"Person\",\"@id\":\"https:\/\/simurgedebiyat.com\/#\/schema\/person\/943b4f5018b2dde9eda84742f141e448\",\"name\":\"Mehmet Nezir G.\",\"image\":{\"@type\":\"ImageObject\",\"inLanguage\":\"tr\",\"@id\":\"https:\/\/simurgedebiyat.com\/#\/schema\/person\/image\/23494c9101089ad44ae88ce9d2f56aac\",\"url\":\"https:\/\/secure.gravatar.com\/avatar\/?s=96&d=mm&r=g\",\"contentUrl\":\"https:\/\/secure.gravatar.com\/avatar\/?s=96&d=mm&r=g\",\"caption\":\"Mehmet Nezir G.\"},\"description\":\"1965 y\u0131l\u0131nda Gaziantep\u2019te do\u011fdu. Nizip \u0130mam-Hatip Lisesini 1983\u2019te bitirdi. Ayn\u0131 y\u0131l Uluda\u011f \u00dcniversitesi \u0130lahiyat Fak\u00fcltesine girdi ve 1987\u2019de mezun oldu. Hatay-D\u00f6rtyol, Erzurum-K\u00f6pr\u00fck\u00f6y ve Nizip Anadolu \u0130HL\u2019de \u00f6\u011fretmenlik ve idarecilik yapt\u0131. E\u011fitim y\u00f6netimi, din \u00f6\u011fretimi, \u00f6\u011fretmen yeti\u015ftirme gibi alanlarda, MEB \u015euras\u0131\u2019nda \u00f6zel ihtisas komisyonu \u00fcyesi olarak \u00e7al\u0131\u015fmalarda bulundu. H\u00e2len Mill\u00ee E\u011fitim Bakanl\u0131\u011f\u0131nda \u00e7al\u0131\u015fmaktad\u0131r. G\u00fcl; \u00f6\u011frencilik y\u0131llar\u0131ndan itibaren yaz\u0131 \u00e7al\u0131\u015fmalar\u0131nda bulundu. Diyanet \u00c7ocuk, Yeni D\u00fcnya, Gen\u00e7 Doku, Anadolu Gen\u00e7lik, \u0130lk Ad\u0131m ve Turuncu dergilerinde, Akit, Mill\u00ee Gazete ve Milat gazetelerinde pek \u00e7ok yaz\u0131, makale yazd\u0131 ve r\u00f6portajlar\u0131 yay\u0131mland\u0131. Yaz\u0131 \u00e7al\u0131\u015fmalar\u0131n\u0131n yan\u0131 s\u0131ra, sosyal etkinliklerde de yer ald\u0131. T\u00fcrkiye Yazarlar Birli\u011fi Gaziantep \u015eubesinin kurulu\u015funda yer ald\u0131. MGV, \u0130HH, T\u00fcrkiye Yazarlar Birli\u011fi, E\u011fitim-Bir-Sen, Cihann\u00fcma gibi dernek ve vak\u0131flarda, \u00fcye ve y\u00f6netici olarak g\u00f6rev ald\u0131. Yurt i\u00e7i ve yurt d\u0131\u015f\u0131nda \u201cPeygamber Efendimiz, Aile E\u011fitimi, Mehmed Akif, Gen\u00e7lik Meseleleri, \u0130mam Hatip Nesli\u201d gibi konularda pek \u00e7ok konferans ve seminerler verdi. Evli; \u00fc\u00e7 \u00e7ocuk babas\u0131d\u0131r. Yay\u0131mlanm\u0131\u015f \u00e7al\u0131\u015fmalar\u0131: T\u00fcm Zamanlar\u0131n Efendisi - 100 Soruda Hz. Muhammed, Elips Kitap. Esm\u00e2\u00fc\u2019n-Nebi - Peygamberimizin \u0130sim ve S\u0131fatlar\u0131, Nesil Yay\u0131nlar\u0131. Cemil Dede Namaz Surelerini Anlat\u0131yor (Resimli, Ortaokul \u00d6\u011frencileri \u0130\u00e7in), Diyanet \u0130\u015fleri Ba\u015fkanl\u0131\u011f\u0131 Yay\u0131nlar\u0131. Cemil Dede Namaz Dualar\u0131n\u0131 Anlat\u0131yor (Resimli, Ortaokul \u00d6\u011frencileri \u0130\u00e7in), Diyanet \u0130\u015fleri Ba\u015fkanl\u0131\u011f\u0131 Yay\u0131nlar\u0131. \u0130slam\u2019\u0131 A\u015fkla Ya\u015fayanlar, Elips Kitap En Y\u00fcce \u0130nsan, Elips Kitap. Duru\u015funu Bozmayan Adam - Mehmet Akif Ersoy, Elips Kitap. Yusuf - Bitmeyen Sevdan\u0131n Roman\u0131, MGV Yay\u0131nlar\u0131. Bana Sana Ona Dair \u00d6yk\u00fcler, MGV Yay\u0131nlar\u0131. Lat\u00eefeler-Hikmetler, Mevsimler Kitap; O\u2019nun \u0130zinde, Mevsimler Kitap F\u00e2t\u0131ma \u2013bir gen\u00e7 k\u0131z\u0131n kalbi- MGV Yay.\",\"url\":\"https:\/\/simurgedebiyat.com\/index.php\/author\/mehmet-nezir-g\/\"}]}<\/script>\n<!-- \/ Yoast SEO plugin. -->","yoast_head_json":{"title":"Bir S\u0131rda\u015f\u0131n\u0131z Var M\u0131? - simurgedebiyat.com","robots":{"index":"index","follow":"follow","max-snippet":"max-snippet:-1","max-image-preview":"max-image-preview:large","max-video-preview":"max-video-preview:-1"},"canonical":"https:\/\/simurgedebiyat.com\/index.php\/2025\/11\/22\/bir-sirdasiniz-var-mi\/","og_locale":"tr_TR","og_type":"article","og_title":"Bir S\u0131rda\u015f\u0131n\u0131z Var M\u0131? - simurgedebiyat.com","og_description":"Yunan mitolojisine g\u00f6re Kral Midas\u2019la ilgili bir efsane anlat\u0131l\u0131r: Frigya Kral\u0131 Midas, \u00fcst\u00fcn yetenekli, Yunanl\u0131lara...","og_url":"https:\/\/simurgedebiyat.com\/index.php\/2025\/11\/22\/bir-sirdasiniz-var-mi\/","og_site_name":"simurgedebiyat.com","article_published_time":"2025-11-22T17:47:17+00:00","og_image":[{"width":1200,"height":800,"url":"https:\/\/simurgedebiyat.com\/wp-content\/uploads\/2025\/11\/sirdas.jpg","type":"image\/jpeg"}],"author":"Mehmet Nezir G.","twitter_card":"summary_large_image","twitter_misc":{"Yazan:":"Mehmet Nezir G.","Tahmini okuma s\u00fcresi":"4 dakika"},"schema":{"@context":"https:\/\/schema.org","@graph":[{"@type":"Article","@id":"https:\/\/simurgedebiyat.com\/index.php\/2025\/11\/22\/bir-sirdasiniz-var-mi\/#article","isPartOf":{"@id":"https:\/\/simurgedebiyat.com\/index.php\/2025\/11\/22\/bir-sirdasiniz-var-mi\/"},"author":{"name":"Mehmet Nezir G.","@id":"https:\/\/simurgedebiyat.com\/#\/schema\/person\/943b4f5018b2dde9eda84742f141e448"},"headline":"Bir S\u0131rda\u015f\u0131n\u0131z Var M\u0131?","datePublished":"2025-11-22T17:47:17+00:00","mainEntityOfPage":{"@id":"https:\/\/simurgedebiyat.com\/index.php\/2025\/11\/22\/bir-sirdasiniz-var-mi\/"},"wordCount":820,"commentCount":0,"publisher":{"@id":"https:\/\/simurgedebiyat.com\/#organization"},"image":{"@id":"https:\/\/simurgedebiyat.com\/index.php\/2025\/11\/22\/bir-sirdasiniz-var-mi\/#primaryimage"},"thumbnailUrl":"https:\/\/simurgedebiyat.com\/wp-content\/uploads\/2025\/11\/sirdas.jpg","articleSection":["Deneme"],"inLanguage":"tr","potentialAction":[{"@type":"CommentAction","name":"Comment","target":["https:\/\/simurgedebiyat.com\/index.php\/2025\/11\/22\/bir-sirdasiniz-var-mi\/#respond"]}]},{"@type":"WebPage","@id":"https:\/\/simurgedebiyat.com\/index.php\/2025\/11\/22\/bir-sirdasiniz-var-mi\/","url":"https:\/\/simurgedebiyat.com\/index.php\/2025\/11\/22\/bir-sirdasiniz-var-mi\/","name":"Bir S\u0131rda\u015f\u0131n\u0131z Var M\u0131? - simurgedebiyat.com","isPartOf":{"@id":"https:\/\/simurgedebiyat.com\/#website"},"primaryImageOfPage":{"@id":"https:\/\/simurgedebiyat.com\/index.php\/2025\/11\/22\/bir-sirdasiniz-var-mi\/#primaryimage"},"image":{"@id":"https:\/\/simurgedebiyat.com\/index.php\/2025\/11\/22\/bir-sirdasiniz-var-mi\/#primaryimage"},"thumbnailUrl":"https:\/\/simurgedebiyat.com\/wp-content\/uploads\/2025\/11\/sirdas.jpg","datePublished":"2025-11-22T17:47:17+00:00","breadcrumb":{"@id":"https:\/\/simurgedebiyat.com\/index.php\/2025\/11\/22\/bir-sirdasiniz-var-mi\/#breadcrumb"},"inLanguage":"tr","potentialAction":[{"@type":"ReadAction","target":["https:\/\/simurgedebiyat.com\/index.php\/2025\/11\/22\/bir-sirdasiniz-var-mi\/"]}]},{"@type":"ImageObject","inLanguage":"tr","@id":"https:\/\/simurgedebiyat.com\/index.php\/2025\/11\/22\/bir-sirdasiniz-var-mi\/#primaryimage","url":"https:\/\/simurgedebiyat.com\/wp-content\/uploads\/2025\/11\/sirdas.jpg","contentUrl":"https:\/\/simurgedebiyat.com\/wp-content\/uploads\/2025\/11\/sirdas.jpg","width":1200,"height":800},{"@type":"BreadcrumbList","@id":"https:\/\/simurgedebiyat.com\/index.php\/2025\/11\/22\/bir-sirdasiniz-var-mi\/#breadcrumb","itemListElement":[{"@type":"ListItem","position":1,"name":"Anasayfa","item":"https:\/\/simurgedebiyat.com\/"},{"@type":"ListItem","position":2,"name":"Bir S\u0131rda\u015f\u0131n\u0131z Var M\u0131?"}]},{"@type":"WebSite","@id":"https:\/\/simurgedebiyat.com\/#website","url":"https:\/\/simurgedebiyat.com\/","name":"simurgedebiyat.com","description":"edebiyat&amp;K\u00fclt\u00fcr&amp;Sanat&amp;D\u00fc\u015f\u00fcnce ","publisher":{"@id":"https:\/\/simurgedebiyat.com\/#organization"},"potentialAction":[{"@type":"SearchAction","target":{"@type":"EntryPoint","urlTemplate":"https:\/\/simurgedebiyat.com\/?s={search_term_string}"},"query-input":{"@type":"PropertyValueSpecification","valueRequired":true,"valueName":"search_term_string"}}],"inLanguage":"tr"},{"@type":"Organization","@id":"https:\/\/simurgedebiyat.com\/#organization","name":"simurgedebiyat.com","url":"https:\/\/simurgedebiyat.com\/","logo":{"@type":"ImageObject","inLanguage":"tr","@id":"https:\/\/simurgedebiyat.com\/#\/schema\/logo\/image\/","url":"https:\/\/simurgedebiyat.com\/wp-content\/uploads\/2025\/11\/cropped-HHHHH-1.jpeg","contentUrl":"https:\/\/simurgedebiyat.com\/wp-content\/uploads\/2025\/11\/cropped-HHHHH-1.jpeg","width":245,"height":205,"caption":"simurgedebiyat.com"},"image":{"@id":"https:\/\/simurgedebiyat.com\/#\/schema\/logo\/image\/"}},{"@type":"Person","@id":"https:\/\/simurgedebiyat.com\/#\/schema\/person\/943b4f5018b2dde9eda84742f141e448","name":"Mehmet Nezir G.","image":{"@type":"ImageObject","inLanguage":"tr","@id":"https:\/\/simurgedebiyat.com\/#\/schema\/person\/image\/23494c9101089ad44ae88ce9d2f56aac","url":"https:\/\/secure.gravatar.com\/avatar\/?s=96&d=mm&r=g","contentUrl":"https:\/\/secure.gravatar.com\/avatar\/?s=96&d=mm&r=g","caption":"Mehmet Nezir G."},"description":"1965 y\u0131l\u0131nda Gaziantep\u2019te do\u011fdu. Nizip \u0130mam-Hatip Lisesini 1983\u2019te bitirdi. Ayn\u0131 y\u0131l Uluda\u011f \u00dcniversitesi \u0130lahiyat Fak\u00fcltesine girdi ve 1987\u2019de mezun oldu. Hatay-D\u00f6rtyol, Erzurum-K\u00f6pr\u00fck\u00f6y ve Nizip Anadolu \u0130HL\u2019de \u00f6\u011fretmenlik ve idarecilik yapt\u0131. E\u011fitim y\u00f6netimi, din \u00f6\u011fretimi, \u00f6\u011fretmen yeti\u015ftirme gibi alanlarda, MEB \u015euras\u0131\u2019nda \u00f6zel ihtisas komisyonu \u00fcyesi olarak \u00e7al\u0131\u015fmalarda bulundu. H\u00e2len Mill\u00ee E\u011fitim Bakanl\u0131\u011f\u0131nda \u00e7al\u0131\u015fmaktad\u0131r. G\u00fcl; \u00f6\u011frencilik y\u0131llar\u0131ndan itibaren yaz\u0131 \u00e7al\u0131\u015fmalar\u0131nda bulundu. Diyanet \u00c7ocuk, Yeni D\u00fcnya, Gen\u00e7 Doku, Anadolu Gen\u00e7lik, \u0130lk Ad\u0131m ve Turuncu dergilerinde, Akit, Mill\u00ee Gazete ve Milat gazetelerinde pek \u00e7ok yaz\u0131, makale yazd\u0131 ve r\u00f6portajlar\u0131 yay\u0131mland\u0131. Yaz\u0131 \u00e7al\u0131\u015fmalar\u0131n\u0131n yan\u0131 s\u0131ra, sosyal etkinliklerde de yer ald\u0131. T\u00fcrkiye Yazarlar Birli\u011fi Gaziantep \u015eubesinin kurulu\u015funda yer ald\u0131. MGV, \u0130HH, T\u00fcrkiye Yazarlar Birli\u011fi, E\u011fitim-Bir-Sen, Cihann\u00fcma gibi dernek ve vak\u0131flarda, \u00fcye ve y\u00f6netici olarak g\u00f6rev ald\u0131. Yurt i\u00e7i ve yurt d\u0131\u015f\u0131nda \u201cPeygamber Efendimiz, Aile E\u011fitimi, Mehmed Akif, Gen\u00e7lik Meseleleri, \u0130mam Hatip Nesli\u201d gibi konularda pek \u00e7ok konferans ve seminerler verdi. Evli; \u00fc\u00e7 \u00e7ocuk babas\u0131d\u0131r. Yay\u0131mlanm\u0131\u015f \u00e7al\u0131\u015fmalar\u0131: T\u00fcm Zamanlar\u0131n Efendisi - 100 Soruda Hz. Muhammed, Elips Kitap. Esm\u00e2\u00fc\u2019n-Nebi - Peygamberimizin \u0130sim ve S\u0131fatlar\u0131, Nesil Yay\u0131nlar\u0131. Cemil Dede Namaz Surelerini Anlat\u0131yor (Resimli, Ortaokul \u00d6\u011frencileri \u0130\u00e7in), Diyanet \u0130\u015fleri Ba\u015fkanl\u0131\u011f\u0131 Yay\u0131nlar\u0131. Cemil Dede Namaz Dualar\u0131n\u0131 Anlat\u0131yor (Resimli, Ortaokul \u00d6\u011frencileri \u0130\u00e7in), Diyanet \u0130\u015fleri Ba\u015fkanl\u0131\u011f\u0131 Yay\u0131nlar\u0131. \u0130slam\u2019\u0131 A\u015fkla Ya\u015fayanlar, Elips Kitap En Y\u00fcce \u0130nsan, Elips Kitap. Duru\u015funu Bozmayan Adam - Mehmet Akif Ersoy, Elips Kitap. Yusuf - Bitmeyen Sevdan\u0131n Roman\u0131, MGV Yay\u0131nlar\u0131. Bana Sana Ona Dair \u00d6yk\u00fcler, MGV Yay\u0131nlar\u0131. Lat\u00eefeler-Hikmetler, Mevsimler Kitap; O\u2019nun \u0130zinde, Mevsimler Kitap F\u00e2t\u0131ma \u2013bir gen\u00e7 k\u0131z\u0131n kalbi- MGV Yay.","url":"https:\/\/simurgedebiyat.com\/index.php\/author\/mehmet-nezir-g\/"}]}},"featured_image_urls":{"full":["https:\/\/simurgedebiyat.com\/wp-content\/uploads\/2025\/11\/sirdas.jpg",1200,800,false],"thumbnail":["https:\/\/simurgedebiyat.com\/wp-content\/uploads\/2025\/11\/sirdas-150x150.jpg",150,150,true],"medium":["https:\/\/simurgedebiyat.com\/wp-content\/uploads\/2025\/11\/sirdas-300x200.jpg",300,200,true],"medium_large":["https:\/\/simurgedebiyat.com\/wp-content\/uploads\/2025\/11\/sirdas-768x512.jpg",640,427,true],"large":["https:\/\/simurgedebiyat.com\/wp-content\/uploads\/2025\/11\/sirdas-1024x683.jpg",640,427,true],"1536x1536":["https:\/\/simurgedebiyat.com\/wp-content\/uploads\/2025\/11\/sirdas.jpg",1200,800,false],"2048x2048":["https:\/\/simurgedebiyat.com\/wp-content\/uploads\/2025\/11\/sirdas.jpg",1200,800,false],"covernews-slider-full":["https:\/\/simurgedebiyat.com\/wp-content\/uploads\/2025\/11\/sirdas-1115x715.jpg",1115,715,true],"covernews-slider-center":["https:\/\/simurgedebiyat.com\/wp-content\/uploads\/2025\/11\/sirdas-800x500.jpg",800,500,true],"covernews-featured":["https:\/\/simurgedebiyat.com\/wp-content\/uploads\/2025\/11\/sirdas-1024x683.jpg",1024,683,true],"covernews-medium":["https:\/\/simurgedebiyat.com\/wp-content\/uploads\/2025\/11\/sirdas-540x340.jpg",540,340,true],"covernews-medium-square":["https:\/\/simurgedebiyat.com\/wp-content\/uploads\/2025\/11\/sirdas-400x250.jpg",400,250,true],"sow-carousel-default":["https:\/\/simurgedebiyat.com\/wp-content\/uploads\/2025\/11\/sirdas-272x182.jpg",272,182,true],"sow-blog-portfolio":["https:\/\/simurgedebiyat.com\/wp-content\/uploads\/2025\/11\/sirdas-375x375.jpg",375,375,true],"sow-blog-grid":["https:\/\/simurgedebiyat.com\/wp-content\/uploads\/2025\/11\/sirdas-720x480.jpg",720,480,true],"sow-blog-alternate":["https:\/\/simurgedebiyat.com\/wp-content\/uploads\/2025\/11\/sirdas-950x630.jpg",950,630,true],"sow-recent-post":["https:\/\/simurgedebiyat.com\/wp-content\/uploads\/2025\/11\/sirdas-216x216.jpg",216,216,true]},"author_info":{"display_name":"Mehmet Nezir G.","author_link":"https:\/\/simurgedebiyat.com\/index.php\/author\/mehmet-nezir-g\/"},"category_info":"<a href=\"https:\/\/simurgedebiyat.com\/index.php\/category\/deneme\/\" rel=\"category tag\">Deneme<\/a>","tag_info":"Deneme","comment_count":"0","jetpack_featured_media_url":"https:\/\/simurgedebiyat.com\/wp-content\/uploads\/2025\/11\/sirdas.jpg","uagb_featured_image_src":{"full":["https:\/\/simurgedebiyat.com\/wp-content\/uploads\/2025\/11\/sirdas.jpg",1200,800,false],"thumbnail":["https:\/\/simurgedebiyat.com\/wp-content\/uploads\/2025\/11\/sirdas-150x150.jpg",150,150,true],"medium":["https:\/\/simurgedebiyat.com\/wp-content\/uploads\/2025\/11\/sirdas-300x200.jpg",300,200,true],"medium_large":["https:\/\/simurgedebiyat.com\/wp-content\/uploads\/2025\/11\/sirdas-768x512.jpg",640,427,true],"large":["https:\/\/simurgedebiyat.com\/wp-content\/uploads\/2025\/11\/sirdas-1024x683.jpg",640,427,true],"1536x1536":["https:\/\/simurgedebiyat.com\/wp-content\/uploads\/2025\/11\/sirdas.jpg",1200,800,false],"2048x2048":["https:\/\/simurgedebiyat.com\/wp-content\/uploads\/2025\/11\/sirdas.jpg",1200,800,false],"covernews-slider-full":["https:\/\/simurgedebiyat.com\/wp-content\/uploads\/2025\/11\/sirdas-1115x715.jpg",1115,715,true],"covernews-slider-center":["https:\/\/simurgedebiyat.com\/wp-content\/uploads\/2025\/11\/sirdas-800x500.jpg",800,500,true],"covernews-featured":["https:\/\/simurgedebiyat.com\/wp-content\/uploads\/2025\/11\/sirdas-1024x683.jpg",1024,683,true],"covernews-medium":["https:\/\/simurgedebiyat.com\/wp-content\/uploads\/2025\/11\/sirdas-540x340.jpg",540,340,true],"covernews-medium-square":["https:\/\/simurgedebiyat.com\/wp-content\/uploads\/2025\/11\/sirdas-400x250.jpg",400,250,true],"sow-carousel-default":["https:\/\/simurgedebiyat.com\/wp-content\/uploads\/2025\/11\/sirdas-272x182.jpg",272,182,true],"sow-blog-portfolio":["https:\/\/simurgedebiyat.com\/wp-content\/uploads\/2025\/11\/sirdas-375x375.jpg",375,375,true],"sow-blog-grid":["https:\/\/simurgedebiyat.com\/wp-content\/uploads\/2025\/11\/sirdas-720x480.jpg",720,480,true],"sow-blog-alternate":["https:\/\/simurgedebiyat.com\/wp-content\/uploads\/2025\/11\/sirdas-950x630.jpg",950,630,true],"sow-recent-post":["https:\/\/simurgedebiyat.com\/wp-content\/uploads\/2025\/11\/sirdas-216x216.jpg",216,216,true]},"uagb_author_info":{"display_name":"Mehmet Nezir G.","author_link":"https:\/\/simurgedebiyat.com\/index.php\/author\/mehmet-nezir-g\/"},"uagb_comment_info":0,"uagb_excerpt":"Yunan mitolojisine g\u00f6re Kral Midas\u2019la ilgili bir efsane anlat\u0131l\u0131r: Frigya Kral\u0131 Midas, \u00fcst\u00fcn yetenekli, Yunanl\u0131lara...","authors":[{"term_id":193,"user_id":26,"is_guest":0,"slug":"mehmet-nezir-g","display_name":"Mehmet Nezir G.","avatar_url":{"url":"https:\/\/simurgedebiyat.com\/wp-content\/uploads\/2025\/04\/nezir.jpeg","url2x":"https:\/\/simurgedebiyat.com\/wp-content\/uploads\/2025\/04\/nezir.jpeg"},"first_name":"","last_name":"","user_url":"","job_title":"","description":"1965 y\u0131l\u0131nda Gaziantep\u2019te do\u011fdu. Nizip \u0130mam-Hatip Lisesini 1983\u2019te bitirdi. Ayn\u0131 y\u0131l Uluda\u011f \u00dcniversitesi \u0130lahiyat Fak\u00fcltesine girdi ve 1987\u2019de mezun oldu.\r\n\r\nHatay-D\u00f6rtyol, Erzurum-K\u00f6pr\u00fck\u00f6y ve Nizip Anadolu \u0130HL\u2019de \u00f6\u011fretmenlik ve idarecilik yapt\u0131.\r\n\r\nE\u011fitim y\u00f6netimi, din \u00f6\u011fretimi, \u00f6\u011fretmen yeti\u015ftirme gibi alanlarda, MEB \u015euras\u0131\u2019nda \u00f6zel ihtisas komisyonu \u00fcyesi olarak \u00e7al\u0131\u015fmalarda bulundu. H\u00e2len Mill\u00ee E\u011fitim Bakanl\u0131\u011f\u0131nda \u00e7al\u0131\u015fmaktad\u0131r.\r\n\r\nG\u00fcl; \u00f6\u011frencilik y\u0131llar\u0131ndan itibaren yaz\u0131 \u00e7al\u0131\u015fmalar\u0131nda bulundu. Diyanet \u00c7ocuk, Yeni D\u00fcnya, Gen\u00e7 Doku, Anadolu Gen\u00e7lik, \u0130lk Ad\u0131m ve Turuncu dergilerinde, Akit, Mill\u00ee Gazete ve Milat gazetelerinde pek \u00e7ok yaz\u0131, makale yazd\u0131 ve r\u00f6portajlar\u0131 yay\u0131mland\u0131.\r\n\r\nYaz\u0131 \u00e7al\u0131\u015fmalar\u0131n\u0131n yan\u0131 s\u0131ra, sosyal etkinliklerde de yer ald\u0131. T\u00fcrkiye Yazarlar Birli\u011fi Gaziantep \u015eubesinin kurulu\u015funda yer ald\u0131. MGV, \u0130HH, T\u00fcrkiye Yazarlar Birli\u011fi, E\u011fitim-Bir-Sen, Cihann\u00fcma gibi dernek ve vak\u0131flarda, \u00fcye ve y\u00f6netici olarak g\u00f6rev ald\u0131.\r\n\r\nYurt i\u00e7i ve yurt d\u0131\u015f\u0131nda \u201cPeygamber Efendimiz, Aile E\u011fitimi, Mehmed Akif, Gen\u00e7lik Meseleleri, \u0130mam Hatip Nesli\u201d gibi konularda pek \u00e7ok konferans ve seminerler verdi.\r\n\r\nEvli; \u00fc\u00e7 \u00e7ocuk babas\u0131d\u0131r.\r\n\r\nYay\u0131mlanm\u0131\u015f \u00e7al\u0131\u015fmalar\u0131:\r\n\r\nT\u00fcm Zamanlar\u0131n Efendisi - 100 Soruda Hz. Muhammed, Elips Kitap.\r\n\r\nEsm\u00e2\u00fc\u2019n-Nebi - Peygamberimizin \u0130sim ve S\u0131fatlar\u0131, Nesil Yay\u0131nlar\u0131.\r\n\r\nCemil Dede Namaz Surelerini Anlat\u0131yor (Resimli, Ortaokul \u00d6\u011frencileri \u0130\u00e7in), Diyanet \u0130\u015fleri Ba\u015fkanl\u0131\u011f\u0131 Yay\u0131nlar\u0131.\r\n\r\nCemil Dede Namaz Dualar\u0131n\u0131 Anlat\u0131yor (Resimli, Ortaokul \u00d6\u011frencileri \u0130\u00e7in), Diyanet \u0130\u015fleri Ba\u015fkanl\u0131\u011f\u0131 Yay\u0131nlar\u0131.\r\n\r\n\u0130slam\u2019\u0131 A\u015fkla Ya\u015fayanlar, Elips Kitap En Y\u00fcce \u0130nsan, Elips Kitap.\r\n\r\nDuru\u015funu Bozmayan Adam - Mehmet Akif Ersoy, Elips Kitap.\r\n\r\nYusuf - Bitmeyen Sevdan\u0131n Roman\u0131, MGV Yay\u0131nlar\u0131.\r\n\r\nBana Sana Ona Dair \u00d6yk\u00fcler, MGV Yay\u0131nlar\u0131.\r\n\r\nLat\u00eefeler-Hikmetler, Mevsimler Kitap; O\u2019nun \u0130zinde, Mevsimler Kitap\r\n\r\nF\u00e2t\u0131ma \u2013bir gen\u00e7 k\u0131z\u0131n kalbi- MGV Yay."}],"_links":{"self":[{"href":"https:\/\/simurgedebiyat.com\/index.php\/wp-json\/wp\/v2\/posts\/2904","targetHints":{"allow":["GET"]}}],"collection":[{"href":"https:\/\/simurgedebiyat.com\/index.php\/wp-json\/wp\/v2\/posts"}],"about":[{"href":"https:\/\/simurgedebiyat.com\/index.php\/wp-json\/wp\/v2\/types\/post"}],"author":[{"embeddable":true,"href":"https:\/\/simurgedebiyat.com\/index.php\/wp-json\/wp\/v2\/users\/26"}],"replies":[{"embeddable":true,"href":"https:\/\/simurgedebiyat.com\/index.php\/wp-json\/wp\/v2\/comments?post=2904"}],"version-history":[{"count":1,"href":"https:\/\/simurgedebiyat.com\/index.php\/wp-json\/wp\/v2\/posts\/2904\/revisions"}],"predecessor-version":[{"id":2906,"href":"https:\/\/simurgedebiyat.com\/index.php\/wp-json\/wp\/v2\/posts\/2904\/revisions\/2906"}],"wp:featuredmedia":[{"embeddable":true,"href":"https:\/\/simurgedebiyat.com\/index.php\/wp-json\/wp\/v2\/media\/2905"}],"wp:attachment":[{"href":"https:\/\/simurgedebiyat.com\/index.php\/wp-json\/wp\/v2\/media?parent=2904"}],"wp:term":[{"taxonomy":"category","embeddable":true,"href":"https:\/\/simurgedebiyat.com\/index.php\/wp-json\/wp\/v2\/categories?post=2904"},{"taxonomy":"post_tag","embeddable":true,"href":"https:\/\/simurgedebiyat.com\/index.php\/wp-json\/wp\/v2\/tags?post=2904"},{"taxonomy":"author","embeddable":true,"href":"https:\/\/simurgedebiyat.com\/index.php\/wp-json\/wp\/v2\/ppma_author?post=2904"}],"curies":[{"name":"wp","href":"https:\/\/api.w.org\/{rel}","templated":true}]}}