{"id":2901,"date":"2025-11-21T20:01:56","date_gmt":"2025-11-21T17:01:56","guid":{"rendered":"https:\/\/simurgedebiyat.com\/?p=2901"},"modified":"2025-11-21T20:01:56","modified_gmt":"2025-11-21T17:01:56","slug":"fransa-hakkinda-belki-de-hic-duymadiginiz-cok-ilginc-anekdotlar","status":"publish","type":"post","link":"https:\/\/simurgedebiyat.com\/index.php\/2025\/11\/21\/fransa-hakkinda-belki-de-hic-duymadiginiz-cok-ilginc-anekdotlar\/","title":{"rendered":"Fransa Hakk\u0131nda Belki de Hi\u00e7 Duymad\u0131\u011f\u0131n\u0131z \u00c7ok \u0130lgin\u00e7 Anekdotlar"},"content":{"rendered":"<p><img decoding=\"async\" src=\"https:\/\/media.istockphoto.com\/id\/1147758013\/tr\/vekt%C3%B6r\/renkli-fransa-siyasi-haritas%C4%B1.jpg?s=170667a&amp;w=0&amp;k=20&amp;c=u4HtKqmYHMjLkht6JpdL8MmCaPaygTISIrldtiny67Q=\" alt=\"Renkli Fransa Siyasi Haritas\u0131 Stok Vekt\u00f6r Sanat\u0131 &amp; Fransa'nin Daha Fazla  G\u00f6rseli - Fransa, Harita, Atlas Okyanusu - iStock\"><\/p>\n<ul>\n<li><b><\/b><strong><b>Fransa, resm\u00ee ad\u0131yla Frans\u0131z Cumhuriyeti, Bat\u0131 Avrupa&#8217;da bulunan ve d\u00fcnyan\u0131n pek \u00e7ok b\u00f6lgesinde deniza\u015f\u0131r\u0131 topraklar\u0131 olan bir \u00fclkedir. Fransa&#8217;n\u0131n Avrupa k\u0131tas\u0131ndaki kom\u015fular\u0131 Bel\u00e7ika, L\u00fcksemburg, Almanya, \u0130svi\u00e7re, \u0130talya, \u0130spanya, Monako ve Andorra&#8217;d\u0131r.&nbsp;<\/b><\/strong><b><\/b><\/li>\n<li><strong><b>Ba\u015fkenti:&nbsp;<\/b><\/strong><strong><b>Paris<\/b><\/strong><\/li>\n<li><b><\/b><strong><b>H\u00fck\u00fcmet:&nbsp;<\/b><\/strong><strong><b>\u00dcniter Devlet<\/b><\/strong><strong><b>,&nbsp;<\/b><\/strong><strong><b>Yar\u0131 ba\u015fkanl\u0131k sistemi<\/b><\/strong><\/li>\n<li><b><\/b><strong><b>Ba\u015fkan:&nbsp;<\/b><\/strong><strong><b>Emmanuel Macron<\/b><\/strong><\/li>\n<li><b><\/b><strong><b>N\u00fcfus:&nbsp;68,52&nbsp;milyon (2024)&nbsp;<\/b><\/strong><strong><b>D\u00fcnya Bankas\u0131<\/b><\/strong><\/li>\n<li><b><\/b><strong><b>\u00dclke kodu:&nbsp;+33<\/b><\/strong><\/li>\n<li><b><\/b><strong><b>Alan:&nbsp;632.702&nbsp;km\u00b2<\/b><\/strong><b><\/b><\/li>\n<li><strong><b>Resmi dili:&nbsp;<\/b><\/strong><strong><b>Frans\u0131zca<\/b><\/strong><\/li>\n<\/ul>\n<ul>\n<li><b><\/b><strong><b>Fransa alt\u0131gen \u015feklinde. Bu nedenle \u00fclkeye halk aras\u0131nda \u201cl\u2019Hexagone\u201d<\/b><\/strong><strong><b>(alt\u0131gen)<\/b><\/strong><strong><b>&nbsp;lakab\u0131 verilmi\u015f<\/b><\/strong><\/li>\n<li><b><\/b><strong><b>Ara\u00e7 plakalar\u0131n\u0131 kullanmaya ba\u015flayan ilk \u00fclke Fransa\u2019d\u0131r.<\/b><\/strong><\/li>\n<li><b><\/b><strong><b>Fransa\u2019y\u0131 y\u0131lda yakla\u015f\u0131k 100 milyon turist ziyaret ediyor<\/b><\/strong><strong><b>. \u00d6zellikle Frans\u0131z mutfa\u011f\u0131 i\u00e7in gelen ziyaret\u00e7i say\u0131s\u0131 \u00e7ok fazla.<\/b><\/strong><\/li>\n<li><b><\/b><strong><b>\u0130nsanlar s\u00fcrekli \u2018\u2019Ooh la la!\u2019\u2019 diyor<\/b><\/strong><strong><b> \u201cOoh la la!\u201d&nbsp;ifadesi. Kula\u011fa kli\u015fe gelse de evet, Frans\u0131zlar ger\u00e7ekten \u201cOh la la!\u201d ifadesini kullan\u0131yor. Genellikle \u015fa\u015fk\u0131nl\u0131k, heyecan veya memnuniyet anlar\u0131nda dile getirilen bu \u00fcnlem, Frans\u0131z dilinin en melodik tepkilerinden biri.<\/b><\/strong><\/li>\n<li><b><\/b><strong><b>Fransa\u2019da 1748 ile 1772 y\u0131llar\u0131 aras\u0131nda patates yeti\u015ftirmek, satmak ve hatta yemek bile yasakt\u0131. Bunun sebebi, patatesin c\u00fczzama sebep oldu\u011fu yan\u0131lg\u0131s\u0131yd\u0131.<\/b><\/strong><\/li>\n<li><img fetchpriority=\"high\" decoding=\"async\" class=\"\" src=\"https:\/\/www.filgezi.com\/wp-content\/uploads\/2018\/01\/Fransa-Uzerine-Genel-Bilgiler.png\" alt=\"Fransa Gezi Rehberi - Gezilecek Yerler - FilGezi\" width=\"509\" height=\"500\"><\/li>\n<li><b><\/b><strong><b>Tarihin ilk halka a\u00e7\u0131k film g\u00f6sterimi Fransa\u2019da ger\u00e7ekle\u015ftirildi<\/b><\/strong><strong><b>.<\/b><\/strong><\/li>\n<li><b><\/b><strong><b>Frans\u0131zlar baget ekme\u011fi ters koyman\u0131n u\u011fursuzluk getirdi\u011fine inan\u0131yorlar<\/b><\/strong><\/li>\n<li><b><\/b><strong><b>Da\u011flar\u0131ndan kumsallar\u0131na, \u00fcz\u00fcm ba\u011flar\u0131ndan karla kapl\u0131 zirvelerine kadar her k\u00f6\u015fesi ayr\u0131 bir g\u00fczellik sunan bu \u00fclke, co\u011frafi \u00e7e\u015fitlili\u011fiyle de b\u00fcy\u00fcl\u00fcyor. Frans\u0131z Alpleri\u2019ndeki 4.807 metrelik y\u00fcksekli\u011fiyle <\/b><\/strong><strong><u><b>Mont Blanc<\/b><\/u><\/strong><strong><b>, Avrupa\u2019n\u0131n en y\u00fcksek zirvesidir. Da\u011fc\u0131l\u0131k tutkunlar\u0131n\u0131n u\u011frak yeri olan bu nokta, teleferik ile \u00e7\u0131k\u0131labilen manzaras\u0131yla da b\u00fcy\u00fcleyici.<\/b><\/strong><\/li>\n<li><b><\/b><strong><b>1 Nisan \u015faka g\u00fcn\u00fcn\u00fcn \u00e7\u0131k\u0131\u015f noktas\u0131 Fransa\u2019d\u0131r.<\/b><\/strong><\/li>\n<li><b><\/b><strong><b>Frans\u0131z Devrimi\u2019nin ruhunu yans\u0131tan \u00fc\u00e7l\u00fc: \u00f6zg\u00fcrl\u00fck, e\u015fitlik ve karde\u015flik. Bug\u00fcn bile Frans\u0131z pasaportlar\u0131n\u0131n kapa\u011f\u0131nda yer al\u0131yor ve halk\u0131n kolektif bilincinde g\u00fc\u00e7l\u00fc bir yer tutuyor.<\/b><\/strong><\/li>\n<li><b><\/b><strong><b>Paris\u2019teki 470 bin k\u00fcs\u00fcr a\u011fac\u0131n her biri \u00f6l\u00e7\u00fclm\u00fc\u015ft\u00fcr ve hepsi kay\u0131t alt\u0131ndad\u0131r.<\/b><\/strong><\/li>\n<li><b><\/b><strong><b>Fransa hakk\u0131nda bilmedi\u011finiz ger\u00e7ekler olduk\u00e7a iyi niyetli diyebiliriz. Fransa\u2019da 2016 senesi ile y\u00fcr\u00fcrl\u00fc\u011fe giren yasa ile marketlerin g\u0131da at\u0131klar\u0131n\u0131 \u00e7\u00f6pe atmas\u0131 yasakt\u0131r. Bu g\u0131dalar yard\u0131m kurulu\u015flar\u0131na ba\u011f\u0131\u015flanmak zorunda. G\u0131da israf\u0131na kar\u015f\u0131 \u00f6rnek bir uygulama!<\/b><\/strong><\/li>\n<li><b><\/b><strong><b>Fransa\u2019da ara\u015ft\u0131rmalara g\u00f6re her be\u015f ki\u015fiden biri depresyon ile m\u00fccadele etmektedir. Bu sebeple d\u00fcnyan\u0131n en depresif \u00fclkesi Fransa\u2019d\u0131r.<\/b><\/strong><\/li>\n<li><b><\/b><strong><b>Fransa, 15 Nobel Edebiyat \u00d6d\u00fcl\u00fc ile bu alanda d\u00fcnya lideri. Jean-Paul Sartre\u2019den Albert Camus\u2019a, Frans\u0131z yazarlar d\u00fcnya edebiyat\u0131n\u0131 \u015fekillendirmeye devam ediyor. Marie Curie ise radyoaktivite alan\u0131ndaki \u00e7al\u0131\u015fmalar\u0131yla Nobel Fizik ve Kimya \u00d6d\u00fclleri\u2019ni kazanan ilk kad\u0131n oldu.<\/b><\/strong><\/li>\n<li><img decoding=\"async\" class=\"\" src=\"https:\/\/www.etstur.com\/letsgo\/wp-content\/uploads\/2024\/12\/1-4.jpg\" alt=\"En G\u00f6r\u00fclmeye De\u011fer Fransa \u015eehirleri - Etstur Let's Go\" width=\"648\" height=\"471\"><\/li>\n<li><b><\/b><strong><b>Fransa\u2019da bir domuza Napolyon ad\u0131n\u0131 koymak yasakt\u0131r.<\/b><\/strong><\/li>\n<li><b><\/b><strong><b>Konserve kutusu, s\u0131cak hava balonu, stetoskop ve Braille alfabesi\u2026 G\u00fcnl\u00fck hayat\u0131m\u0131zda s\u0131k\u00e7a kulland\u0131\u011f\u0131m\u0131z bu icatlar\u0131n hepsi Frans\u0131z zek\u00e2s\u0131n\u0131n \u00fcr\u00fcn\u00fc.<\/b><\/strong><\/li>\n<li><b><\/b><strong><b>Fransa, sadece sanat\u0131yla de\u011fil; ayn\u0131 zamanda y\u00fcksek\u00f6\u011frenim kalitesiyle de g\u00f6z dolduruyor. \u00d6zellikle devlet destekli \u00fcniversiteler, uluslararas\u0131 \u00f6\u011frenciler i\u00e7in kaliteli ve uygun maliyetli se\u00e7enekler sunuyor.<\/b><\/strong><\/li>\n<li><b><\/b><strong><b>\u0130kinci D\u00fcnya Sava\u015f\u0131 s\u0131ras\u0131nda&nbsp;Frans\u0131zlar, Paris\u2019i ziyaret eden Hitler\u2019in Eyfel Kulesinin tepesine \u00e7\u0131kmamas\u0131 i\u00e7in asans\u00f6r kablolar\u0131n\u0131 kesmi\u015flerdir.<\/b><\/strong><\/li>\n<li><b><\/b><strong><b>1066 y\u0131l\u0131nda ger\u00e7ekle\u015fen Norman fethinden sonra, \u0130ngiliz aristokrasisi yakla\u015f\u0131k 300 y\u0131l boyunca Frans\u0131zca konu\u015ftu. Bu y\u00fczden \u0130ngilizcede bu kadar \u00e7ok Frans\u0131zca k\u00f6kenli kelime bulunmas\u0131 \u015fa\u015f\u0131rt\u0131c\u0131 de\u011fil.<\/b><\/strong><\/li>\n<li><b><\/b><strong><b>Fransa, sadece bir seyahat destinasyonu de\u011fil, ayn\u0131 zamanda bir k\u00fclt\u00fcr ve tarih hazinesi. \u0130ster sokaklar\u0131nda kaybolun, ister bir kafede kahvenizi yudumlarken Paris\u2019in b\u00fcy\u00fcs\u00fcne kap\u0131l\u0131n, bu \u00fclke size her zaman yeni bir s\u00fcrpriz sunacakt\u0131r. \u0130\u015fte bu noktada Louvre M\u00fczesi, sanat d\u00fcnyas\u0131n\u0131n en g\u00f6zde noktalar\u0131ndan biri. Milyonlarca ziyaret\u00e7iyi a\u011f\u0131rlayan m\u00fcze, Mona Lisa gibi ba\u015fyap\u0131tlar\u0131n yan\u0131 s\u0131ra etkileyici mimarisiyle de dikkat \u00e7ekiyor.<\/b><\/strong><\/li>\n<li><b><\/b><strong><b>Fransa\u2019da insanlar \u00e7ok daha uzun ya\u015f\u0131yor<\/b><\/strong><strong><b> \u00d6rne\u011fin Jeanne Calment, tam 122 y\u0131l 164 g\u00fcn ya\u015fam\u0131\u015f. Bu rekor, \u015fimdiye dek do\u011frulanm\u0131\u015f en uzun insan \u00f6mr\u00fc olarak h\u00e2l\u00e2 ge\u00e7erlili\u011fini koruyor.<\/b><\/strong><\/li>\n<li><b><\/b><strong><b>Fransa sadece romantizm ve sanatla de\u011fil; Pasteur ve Curie gibi \u00f6nc\u00fc bilim insanlar\u0131yla da gurur duyuyor. \u00dclke ayn\u0131 zamanda s\u00fcrd\u00fcr\u00fclebilirlik projelerinde \u00f6nc\u00fc roller \u00fcstleniyor.<\/b><\/strong><\/li>\n<li><b><\/b><strong><b>Frans\u0131z mutfa\u011f\u0131, sadece yemek de\u011fil; sosyal bir olay. Aile ve arkada\u015flarla birlikte yenen uzun ak\u015fam yemekleri, 2010 y\u0131l\u0131nda UNESCO taraf\u0131ndan Somut Olmayan K\u00fclt\u00fcrel Miras olarak tan\u0131nd\u0131.<\/b><\/strong><\/li>\n<li><b><\/b><strong><b>Beyaz gelinlik giymek modern bir gelenek gibi g\u00f6r\u00fcnse de, bu moda 15. y\u00fczy\u0131lda Frans\u0131z prenses Anne de Bretagne ile ba\u015flam\u0131\u015f.<\/b><\/strong><\/li>\n<li><b><\/b><strong><b>Fransa, \u015farap \u00fcretimi konusunda sadece kalite de\u011fil; fiyat skalas\u0131nda da zirvede. 1945 y\u0131l\u0131na ait bir \u015fi\u015fe Romanee-Conti tam 558.000 dolara sat\u0131ld\u0131!<\/b><\/strong><\/li>\n<li><b><\/b><strong><b>Kruvasan asl\u0131nda Frans\u0131zlara ait de\u011fil!&nbsp;Evet, bu lezzetli hamur i\u015fi aslen Avusturya k\u00f6kenli. 1839\u2019da Viyana\u2019dan Paris\u2019e gelen bir asker, \u201ckipfel\u201d ad\u0131 verilen hilal \u015feklindeki ekme\u011fi Fransa\u2019ya tan\u0131tt\u0131. Frans\u0131zlar ise bu tarifi al\u0131p kendi versiyonlar\u0131n\u0131 yaratarak d\u00fcnyaca \u00fcnl\u00fc bir lezzet haline getirdi.<\/b><\/strong><\/li>\n<li><b><\/b><strong><b>Frans\u0131zlar y\u0131lda 30.000 ton salyangoz t\u00fcketiyor!&nbsp;\u201cEscargot\u201d ad\u0131 verilen bu yemek, sar\u0131msakl\u0131 tereya\u011f\u0131 sosuyla servis ediliyor ve l\u00fcks restoranlar\u0131n vazge\u00e7ilmezleri aras\u0131nda.<\/b><\/strong><\/li>\n<li><b><\/b><strong><b>Fransa\u2019da Frans\u0131zca konu\u015fan ki\u015fi say\u0131s\u0131, Afrika\u2019da Frans\u0131zca konu\u015fan ki\u015fi say\u0131s\u0131ndan daha d\u00fc\u015f\u00fckt\u00fcr.<\/b><\/strong><\/li>\n<li><b><\/b><strong><b>Frans\u0131zlar genellikle so\u011fuk ve mesafeli diye an\u0131lsa da bu b\u00fcy\u00fck bir yan\u0131lg\u0131. S\u0131cak bir tebess\u00fcmle veya k\u00fc\u00e7\u00fck bir \u201cBonjour\u201d ile kar\u015f\u0131l\u0131k bulmak an meselesi!<\/b><\/strong><\/li>\n<li><b><\/b><strong><b>Salyangozlar\u0131n tren bileti olmal\u0131!&nbsp;Evet, yanl\u0131\u015f duymad\u0131n\u0131z. Frans\u0131z yasalar\u0131na g\u00f6re, 5 kg\u2019\u0131n alt\u0131ndaki evcil hayvanlar\u0131n (salyangozlar dahil) TGV trenlerinde seyahat edebilmek i\u00e7in bilet almas\u0131 gerekiyor. 2008\u2019de bir Frans\u0131z, biletsiz salyangoz ta\u015f\u0131d\u0131\u011f\u0131 i\u00e7in ceza yemi\u015fti!<\/b><\/strong><\/li>\n<li><b><\/b><strong><b>T\u00fcm Paris\u2019te sadece bir tane DUR tabelas\u0131 yer almaktad\u0131r.<\/b><\/strong><\/li>\n<li><img decoding=\"async\" src=\"https:\/\/www.shutterstock.com\/image-photo\/eiffel-tower-tour-aerial-view-260nw-2632699855.jpg\" alt=\"4,1 milyon Fransa Telifsiz G\u00f6rseli, Stok Foto\u011fraf\u0131 ve Resmi | Shutterstock\"><\/li>\n<li><b><\/b><strong><b>Tatillerde bile baget ekmeksiz kalmayas\u0131n\u0131z diye Fransa\u2019da f\u0131r\u0131nlar n\u00f6bet sistemiyle \u00e7al\u0131\u015f\u0131yor. Yani Frans\u0131zlar i\u00e7in taze ekmek, adeta temel haklardan biri!<\/b><\/strong><\/li>\n<li><b><\/b><strong><b>Paris\u2019teki Gare du Nord, her y\u0131l 214 milyondan fazla yolcu a\u011f\u0131rl\u0131yor. Bu da onu Avrupa\u2019n\u0131n en yo\u011fun tren istasyonu yap\u0131yor.<\/b><\/strong><\/li>\n<li><b><\/b><b><\/b><strong><b>Paris\u2019teki 470 bin k\u00fcs\u00fcr a\u011fac\u0131n her biri \u00f6l\u00e7\u00fclm\u00fc\u015ft\u00fcr ve hepsi kay\u0131t alt\u0131ndad\u0131r.<\/b><\/strong><\/li>\n<li><b><\/b><strong><b>1 0<\/b><\/strong><strong><b>00\u2019den fazla peynir \u00e7e\u015fidi var!&nbsp;Frans\u0131z Devlet Ba\u015fkan\u0131 Charles de Gaulle bir keresinde&nbsp;\u201c246 \u00e7e\u015fit peyniri olan bir \u00fclke nas\u0131l y\u00f6netilir?\u201d&nbsp;dedi. Oysa ger\u00e7ekte bu say\u0131 500\u2019\u00fc a\u015f\u0131yor!<\/b><\/strong><\/li>\n<li><b><\/b><strong><b>Louis XIX, 1830 y\u0131l\u0131nda yaln\u0131zca 20 dakika boyunca kral kald\u0131. Bu k\u0131sa saltanat tarihin en k\u0131sa krall\u0131\u011f\u0131 olarak kay\u0131tlara ge\u00e7ti.<\/b><\/strong><\/li>\n<li><b><\/b><strong><b>Frans\u0131z kafelerinde kahve yudumlamak sadece bir i\u00e7ecek molas\u0131 de\u011fil; ayn\u0131 zamanda hayat\u0131 yava\u015flatma, sohbet etme ve an\u0131n tad\u0131n\u0131 \u00e7\u0131karma bi\u00e7imi.<\/b><\/strong><\/li>\n<li><b><\/b><strong><b>\u0130klim \u00e7e\u015fitlili\u011fi a\u00e7\u0131s\u0131ndan zengin olan Fransa, y\u0131l boyunca her t\u00fcrl\u00fc hava durumunu ya\u015fat\u0131r. Kuzeyde ya\u011fmur, g\u00fcneyde g\u00fcne\u015f, da\u011flarda kar\u2026 Her b\u00f6lge farkl\u0131 bir d\u00fcnya sunar.<\/b><\/strong><\/li>\n<li><b><\/b><strong><b>Frans\u0131z e\u011fitimci ve mucit Louis Braille, g\u00f6rme engelliler i\u00e7in d\u00fcnya \u00e7ap\u0131nda kullan\u0131lan k\u00f6rler alfabesini icat etmi\u015ftir. Kendisi de bir g\u00f6rme engelli olan Louis, kendi ad\u0131yla bilinen Braille alfabesi ile birden alt\u0131ya kadar belli bir d\u00fczen i\u00e7inde s\u0131ralanm\u0131\u015f kabartmal\u0131 noktalar\u0131 parmaklarla \u00fcst\u00fcnden ge\u00e7erek okunmas\u0131n\u0131 sa\u011flam\u0131\u015ft\u0131r.&nbsp;<\/b><\/strong><\/li>\n<li><b><\/b><strong><b> y\u00fczy\u0131lda sanat ve tarih e\u011fitimi g\u00f6ren gen\u00e7ler, Avrupa\u2019daki k\u00fclt\u00fcr merkezlerini gezdikleri \u201cGrand Tour\u201du Fransa\u2019da sonland\u0131r\u0131rd\u0131. \u00dclke, e\u011fitimde bile bir final noktas\u0131na d\u00f6n\u00fc\u015fm\u00fc\u015ft\u00fc.<\/b><\/strong><\/li>\n<li><b><\/b><strong><b>Fransa\u2019da \u00f6\u011frenciyseniz Eyfel Kulesi veya Louvre gibi simgesel yap\u0131lar\u0131 \u00fccretsiz ya da indirimli gezebilirsiniz. E\u011fitimle gezinin birle\u015fti\u011fi nadir \u00fclkelerden biri.<\/b><\/strong><\/li>\n<li><b><\/b><strong><b>D\u00fcnyan\u0131n en uzun roman\u0131. <\/b><\/strong><strong><b>Frans\u0131z yazar Marcel Proust\u2019un yazd\u0131\u011f\u0131 Kay\u0131p Zaman\u0131n \u0130zinde roman\u0131, bir milyon iki y\u00fcz elli bin s\u00f6zc\u00fckten olu\u015furken toplamda 3000 sayfal\u0131k ve yedi ciltlik bir eserdir. Proust roman\u0131 annesinin \u00f6l\u00fcm\u00fcn\u00fcn ard\u0131ndan 1905\u2019te yazmaya ba\u015flam\u0131\u015f ve son d\u00fczeltmelerini yaparken 1922 y\u0131l\u0131nda \u00f6lm\u00fc\u015ft\u00fcr. 20.y\u00fczy\u0131l\u0131n en b\u00fcy\u00fck eserlerinden biri olarak kabul edilen roman, \u00f6zellikle aristokrasinin \u00e7\u00f6k\u00fc\u015f\u00fc orta s\u0131n\u0131f\u0131n y\u00fckseli\u015fine denk gelen d\u00f6nemde ger\u00e7ekle\u015fen b\u00fcy\u00fck toplumsal de\u011fi\u015fimleri konu al\u0131r. Kay\u0131p Zaman\u0131n \u0130zinde roman\u0131 T\u00fcrk\u00e7e\u2019ye, Roza Hakmen taraf\u0131ndan \u00e7evrilmi\u015ftir.<\/b><\/strong><\/li>\n<li><img decoding=\"async\" src=\"https:\/\/img-s1.onedio.com\/id-5ae7397261880159196d6d6f\/rev-0\/w-600\/h-300\/f-jpg\/s-cfcf1e40bf92380162ce9a916ede702bfb3eef60.jpg\" alt=\"Fransa Haberleri Sayfa 380 | Onedio - Sosyal \u0130\u00e7erik Platformu\"><\/li>\n<li><b><\/b><strong><b>Paris\u2019teki Eyfel Kulesi, 7 y\u0131lda boyan\u0131r.<\/b><\/strong><\/li>\n<li><b><\/b><strong><b>Montgolfier karde\u015fler, ketenden bir torbay\u0131 s\u0131cak havayla doldurarak ilk balonlu u\u00e7u\u015fu yapm\u0131\u015flard\u0131r.&nbsp;<\/b><\/strong><\/li>\n<li><b><\/b><strong><b>Y\u00fcz Y\u0131l Sava\u015flar\u0131, \u0130ngiltere ile Fransa aras\u0131nda 1337\u2019den 1453\u2019e kadar yakla\u015f\u0131k 116 y\u0131ll\u0131k bir s\u00fcreyi kapsayan bir dizi \u00e7at\u0131\u015fmayd\u0131. Sava\u015f, \u0130ngiliz taht\u0131n\u0131n elinde bulunan Aquitaine D\u00fckal\u0131\u011f\u0131 da dahil olmak \u00fczere Fransa\u2019daki b\u00f6lgelerin kontrol\u00fc \u00fczerinde yap\u0131lan bir dizi sava\u015f, ku\u015fatma ve diplomatik manevralarla karakterize edildi.<\/b><\/strong><\/li>\n<li><b><\/b><strong><b>Ch\u00e2teau de Gu\u00e9delon<\/b><\/strong><strong><b>, Fransa\u2019n\u0131n Burgundy \u015fehrinde bulunan, orta\u00e7a\u011f in\u015faat teknikleri ve malzemeleri kullan\u0131larak in\u015fa edilmi\u015f modern bir kaledir. Kalenin in\u015faat\u0131, 13. y\u00fczy\u0131ldan kalma bir orta\u00e7a\u011f kalesini s\u0131f\u0131rdan yeniden yaratmay\u0131 ama\u00e7layan deneysel bir arkeoloji projesi olarak 1997 y\u0131l\u0131nda ba\u015flad\u0131.<\/b><\/strong><\/li>\n<li><b><\/b><strong><b>Fransa\u2019da Merhaba veya L\u00fctfen Demezseniz Kahveye Daha Fazla Para&nbsp;\u00d6d<\/b><\/strong><b><\/b><\/li>\n<li><b><\/b><strong><b>Fransa\u2019da \u00d6lm\u00fc\u015f Biriyle Evlenmek Yasal Olarak M\u00fcmk\u00fcnd\u00fcr<\/b><\/strong><strong><b>. A\u015fk \u00f6l\u00fcms\u00fcz derler ama bu kadar\u0131 da fazla.<\/b><\/strong><\/li>\n<li><b><\/b><strong><b>Fransa\u2019da 1800\u2019den 2014 Y\u0131l\u0131na Kadar Kad\u0131nlar\u0131n Pantalon Giymeleri Yasakt\u0131<\/b><\/strong><\/li>\n<li><b><\/b><strong><b>G\u00fcn\u00fcm\u00fczde B\u00fct\u00fcn \u015eampanyalar Fransa\u2019n\u0131n Champagne B\u00f6lgesi\u2019nde \u00dcretilir<\/b><\/strong><\/li>\n<li><b><\/b><strong><b>Ortalama 8.83 Saatle Geli\u015fmi\u015f \u00dclkeler \u0130\u00e7inde En \u00c7ok Uyuyan \u00dclke Fransa\u2019d\u0131r<\/b><\/strong><strong><b>,<\/b><\/strong><\/li>\n<\/ul>\n<p><img decoding=\"async\" src=\"https:\/\/encrypted-tbn0.gstatic.com\/images?q=tbn:ANd9GcTvU56YEVVUazhMv5oZWkf5FYacTfaKBFc8kg&amp;s\" alt=\"AK Partili \u015eahin: E\u011fer AP samimi ise Fransa ile ilgili olarak da bir ad\u0131m  atmas\u0131 gerekir - 24.11.2016, Sputnik T\u00fcrkiye\"><\/p>\n<p><strong><b>&nbsp; &nbsp; &nbsp; &nbsp; &nbsp;De\u011ferli&nbsp;arkada\u015flar san\u0131r\u0131m bu kadar ilgin\u00e7 bilgi yeter. \u0130yi okumalar.<\/b><\/strong><\/p>\n","protected":false},"excerpt":{"rendered":"<p>Fransa, resm\u00ee ad\u0131yla Frans\u0131z Cumhuriyeti, Bat\u0131 Avrupa&#8217;da bulunan ve d\u00fcnyan\u0131n pek \u00e7ok b\u00f6lgesinde deniza\u015f\u0131r\u0131 topraklar\u0131&#8230;<\/p>\n","protected":false},"author":3,"featured_media":2902,"comment_status":"open","ping_status":"open","sticky":false,"template":"","format":"standard","meta":{"_bbp_topic_count":0,"_bbp_reply_count":0,"_bbp_total_topic_count":0,"_bbp_total_reply_count":0,"_bbp_voice_count":0,"_bbp_anonymous_reply_count":0,"_bbp_topic_count_hidden":0,"_bbp_reply_count_hidden":0,"_bbp_forum_subforum_count":0,"om_disable_all_campaigns":false,"_uag_custom_page_level_css":"","ngg_post_thumbnail":0,"footnotes":""},"categories":[179],"tags":[],"ppma_author":[94],"class_list":["post-2901","post","type-post","status-publish","format-standard","has-post-thumbnail","hentry","category-arastirmalar"],"yoast_head":"<!-- This site is optimized with the Yoast SEO plugin v24.9 - https:\/\/yoast.com\/wordpress\/plugins\/seo\/ -->\n<title>Fransa Hakk\u0131nda Belki de Hi\u00e7 Duymad\u0131\u011f\u0131n\u0131z \u00c7ok \u0130lgin\u00e7 Anekdotlar - simurgedebiyat.com<\/title>\n<meta name=\"robots\" content=\"index, follow, max-snippet:-1, max-image-preview:large, max-video-preview:-1\" \/>\n<link rel=\"canonical\" href=\"https:\/\/simurgedebiyat.com\/index.php\/2025\/11\/21\/fransa-hakkinda-belki-de-hic-duymadiginiz-cok-ilginc-anekdotlar\/\" \/>\n<meta property=\"og:locale\" content=\"tr_TR\" \/>\n<meta property=\"og:type\" content=\"article\" \/>\n<meta property=\"og:title\" content=\"Fransa Hakk\u0131nda Belki de Hi\u00e7 Duymad\u0131\u011f\u0131n\u0131z \u00c7ok \u0130lgin\u00e7 Anekdotlar - simurgedebiyat.com\" \/>\n<meta property=\"og:description\" content=\"Fransa, resm\u00ee ad\u0131yla Frans\u0131z Cumhuriyeti, Bat\u0131 Avrupa&#8217;da bulunan ve d\u00fcnyan\u0131n pek \u00e7ok b\u00f6lgesinde deniza\u015f\u0131r\u0131 topraklar\u0131...\" \/>\n<meta property=\"og:url\" content=\"https:\/\/simurgedebiyat.com\/index.php\/2025\/11\/21\/fransa-hakkinda-belki-de-hic-duymadiginiz-cok-ilginc-anekdotlar\/\" \/>\n<meta property=\"og:site_name\" content=\"simurgedebiyat.com\" \/>\n<meta property=\"article:published_time\" content=\"2025-11-21T17:01:56+00:00\" \/>\n<meta property=\"og:image\" content=\"https:\/\/simurgedebiyat.com\/wp-content\/uploads\/2025\/11\/Fransa.jpg\" \/>\n\t<meta property=\"og:image:width\" content=\"790\" \/>\n\t<meta property=\"og:image:height\" content=\"450\" \/>\n\t<meta property=\"og:image:type\" content=\"image\/jpeg\" \/>\n<meta name=\"author\" content=\"Tar\u0131k TORUN\" \/>\n<meta name=\"twitter:card\" content=\"summary_large_image\" \/>\n<meta name=\"twitter:label1\" content=\"Yazan:\" \/>\n\t<meta name=\"twitter:data1\" content=\"Tar\u0131k TORUN\" \/>\n\t<meta name=\"twitter:label2\" content=\"Tahmini okuma s\u00fcresi\" \/>\n\t<meta name=\"twitter:data2\" content=\"9 dakika\" \/>\n<script type=\"application\/ld+json\" class=\"yoast-schema-graph\">{\"@context\":\"https:\/\/schema.org\",\"@graph\":[{\"@type\":\"Article\",\"@id\":\"https:\/\/simurgedebiyat.com\/index.php\/2025\/11\/21\/fransa-hakkinda-belki-de-hic-duymadiginiz-cok-ilginc-anekdotlar\/#article\",\"isPartOf\":{\"@id\":\"https:\/\/simurgedebiyat.com\/index.php\/2025\/11\/21\/fransa-hakkinda-belki-de-hic-duymadiginiz-cok-ilginc-anekdotlar\/\"},\"author\":{\"name\":\"Tar\u0131k TORUN\",\"@id\":\"https:\/\/simurgedebiyat.com\/#\/schema\/person\/2b69186447343805a1de03a426a9c75c\"},\"headline\":\"Fransa Hakk\u0131nda Belki de Hi\u00e7 Duymad\u0131\u011f\u0131n\u0131z \u00c7ok \u0130lgin\u00e7 Anekdotlar\",\"datePublished\":\"2025-11-21T17:01:56+00:00\",\"mainEntityOfPage\":{\"@id\":\"https:\/\/simurgedebiyat.com\/index.php\/2025\/11\/21\/fransa-hakkinda-belki-de-hic-duymadiginiz-cok-ilginc-anekdotlar\/\"},\"wordCount\":1804,\"commentCount\":3,\"publisher\":{\"@id\":\"https:\/\/simurgedebiyat.com\/#organization\"},\"image\":{\"@id\":\"https:\/\/simurgedebiyat.com\/index.php\/2025\/11\/21\/fransa-hakkinda-belki-de-hic-duymadiginiz-cok-ilginc-anekdotlar\/#primaryimage\"},\"thumbnailUrl\":\"https:\/\/simurgedebiyat.com\/wp-content\/uploads\/2025\/11\/Fransa.jpg\",\"articleSection\":[\"Ara\u015ft\u0131rmalar\"],\"inLanguage\":\"tr\",\"potentialAction\":[{\"@type\":\"CommentAction\",\"name\":\"Comment\",\"target\":[\"https:\/\/simurgedebiyat.com\/index.php\/2025\/11\/21\/fransa-hakkinda-belki-de-hic-duymadiginiz-cok-ilginc-anekdotlar\/#respond\"]}]},{\"@type\":\"WebPage\",\"@id\":\"https:\/\/simurgedebiyat.com\/index.php\/2025\/11\/21\/fransa-hakkinda-belki-de-hic-duymadiginiz-cok-ilginc-anekdotlar\/\",\"url\":\"https:\/\/simurgedebiyat.com\/index.php\/2025\/11\/21\/fransa-hakkinda-belki-de-hic-duymadiginiz-cok-ilginc-anekdotlar\/\",\"name\":\"Fransa Hakk\u0131nda Belki de Hi\u00e7 Duymad\u0131\u011f\u0131n\u0131z \u00c7ok \u0130lgin\u00e7 Anekdotlar - simurgedebiyat.com\",\"isPartOf\":{\"@id\":\"https:\/\/simurgedebiyat.com\/#website\"},\"primaryImageOfPage\":{\"@id\":\"https:\/\/simurgedebiyat.com\/index.php\/2025\/11\/21\/fransa-hakkinda-belki-de-hic-duymadiginiz-cok-ilginc-anekdotlar\/#primaryimage\"},\"image\":{\"@id\":\"https:\/\/simurgedebiyat.com\/index.php\/2025\/11\/21\/fransa-hakkinda-belki-de-hic-duymadiginiz-cok-ilginc-anekdotlar\/#primaryimage\"},\"thumbnailUrl\":\"https:\/\/simurgedebiyat.com\/wp-content\/uploads\/2025\/11\/Fransa.jpg\",\"datePublished\":\"2025-11-21T17:01:56+00:00\",\"breadcrumb\":{\"@id\":\"https:\/\/simurgedebiyat.com\/index.php\/2025\/11\/21\/fransa-hakkinda-belki-de-hic-duymadiginiz-cok-ilginc-anekdotlar\/#breadcrumb\"},\"inLanguage\":\"tr\",\"potentialAction\":[{\"@type\":\"ReadAction\",\"target\":[\"https:\/\/simurgedebiyat.com\/index.php\/2025\/11\/21\/fransa-hakkinda-belki-de-hic-duymadiginiz-cok-ilginc-anekdotlar\/\"]}]},{\"@type\":\"ImageObject\",\"inLanguage\":\"tr\",\"@id\":\"https:\/\/simurgedebiyat.com\/index.php\/2025\/11\/21\/fransa-hakkinda-belki-de-hic-duymadiginiz-cok-ilginc-anekdotlar\/#primaryimage\",\"url\":\"https:\/\/simurgedebiyat.com\/wp-content\/uploads\/2025\/11\/Fransa.jpg\",\"contentUrl\":\"https:\/\/simurgedebiyat.com\/wp-content\/uploads\/2025\/11\/Fransa.jpg\",\"width\":790,\"height\":450},{\"@type\":\"BreadcrumbList\",\"@id\":\"https:\/\/simurgedebiyat.com\/index.php\/2025\/11\/21\/fransa-hakkinda-belki-de-hic-duymadiginiz-cok-ilginc-anekdotlar\/#breadcrumb\",\"itemListElement\":[{\"@type\":\"ListItem\",\"position\":1,\"name\":\"Anasayfa\",\"item\":\"https:\/\/simurgedebiyat.com\/\"},{\"@type\":\"ListItem\",\"position\":2,\"name\":\"Fransa Hakk\u0131nda Belki de Hi\u00e7 Duymad\u0131\u011f\u0131n\u0131z \u00c7ok \u0130lgin\u00e7 Anekdotlar\"}]},{\"@type\":\"WebSite\",\"@id\":\"https:\/\/simurgedebiyat.com\/#website\",\"url\":\"https:\/\/simurgedebiyat.com\/\",\"name\":\"simurgedebiyat.com\",\"description\":\"edebiyat&amp;K\u00fclt\u00fcr&amp;Sanat&amp;D\u00fc\u015f\u00fcnce \",\"publisher\":{\"@id\":\"https:\/\/simurgedebiyat.com\/#organization\"},\"potentialAction\":[{\"@type\":\"SearchAction\",\"target\":{\"@type\":\"EntryPoint\",\"urlTemplate\":\"https:\/\/simurgedebiyat.com\/?s={search_term_string}\"},\"query-input\":{\"@type\":\"PropertyValueSpecification\",\"valueRequired\":true,\"valueName\":\"search_term_string\"}}],\"inLanguage\":\"tr\"},{\"@type\":\"Organization\",\"@id\":\"https:\/\/simurgedebiyat.com\/#organization\",\"name\":\"simurgedebiyat.com\",\"url\":\"https:\/\/simurgedebiyat.com\/\",\"logo\":{\"@type\":\"ImageObject\",\"inLanguage\":\"tr\",\"@id\":\"https:\/\/simurgedebiyat.com\/#\/schema\/logo\/image\/\",\"url\":\"https:\/\/simurgedebiyat.com\/wp-content\/uploads\/2025\/11\/cropped-HHHHH-1.jpeg\",\"contentUrl\":\"https:\/\/simurgedebiyat.com\/wp-content\/uploads\/2025\/11\/cropped-HHHHH-1.jpeg\",\"width\":245,\"height\":205,\"caption\":\"simurgedebiyat.com\"},\"image\":{\"@id\":\"https:\/\/simurgedebiyat.com\/#\/schema\/logo\/image\/\"}},{\"@type\":\"Person\",\"@id\":\"https:\/\/simurgedebiyat.com\/#\/schema\/person\/2b69186447343805a1de03a426a9c75c\",\"name\":\"Tar\u0131k TORUN\",\"image\":{\"@type\":\"ImageObject\",\"inLanguage\":\"tr\",\"@id\":\"https:\/\/simurgedebiyat.com\/#\/schema\/person\/image\/23494c9101089ad44ae88ce9d2f56aac\",\"url\":\"https:\/\/secure.gravatar.com\/avatar\/?s=96&d=mm&r=g\",\"contentUrl\":\"https:\/\/secure.gravatar.com\/avatar\/?s=96&d=mm&r=g\",\"caption\":\"Tar\u0131k TORUN\"},\"description\":\"Bayburt\u2019un Bayraktar (Baks\u0131) k\u00f6y\u00fcnde do\u011fdu (1965). \u0130lk\u00f6\u011frenimini k\u00f6y\u00fcnde bitirdi. Ailesi ile birlikte \u00c7orum\u2019a g\u00f6\u00e7 etti (1975). Orta\u00f6\u011frenimini \u00c7orum\u2019da tamamlad\u0131. Karadeniz Teknik \u00dcniversitesi, Fatih E\u011fitim Fak\u00fcltesi, Co\u011frafya \u00d6\u011fretmenli\u011fi b\u00f6l\u00fcm\u00fcn\u00fc bitirdi (1988). 1989 \u2018dan itibaren pek \u00e7ok lisede co\u011frafya \u00f6\u011fretmenli\u011fi yapt\u0131. Bu arada Gazi \u00dcniversitesi, Sosyal Bilimler Enstit\u00fcs\u00fc, Co\u011frafya E\u011fitimi Y\u00fcksek Lisans (Master) program\u0131n\u0131 bitirdi. Anadolu \u00dcniversitesi, T\u00fcrk Dili ve Edebiyat\u0131 B\u00f6l\u00fcm\u00fcn\u00fc de bitirdi. Ayr\u0131ca \u0130stanbul \u00dcniversitesi, Hukuk Fak\u00fcltesi\u2019nde de okudu. MEB, \u00d6YGM, EARGED ve YE\u011e\u0130TEK\u2019de \u00f6\u011fretmen olarak \u00e7al\u0131\u015ft\u0131. \u0130LESAM, TYB, \u0130slam \u00dclkeleri Akademisyen ve Yazarlar Birli\u011fi ile Uluslararas\u0131 Bayburt Yazar ve Sanat\u00e7\u0131lar Derne\u011fi\u2019nin \u00fcyesidir. \u00c7e\u015fitli sosyal ve k\u00fclt\u00fcrel \u00e7al\u0131\u015fmalara kat\u0131lmaktad\u0131r. \u015eiir, deneme, makale, roman, hik\u00e2ye, gezi yaz\u0131s\u0131, ara\u015ft\u0131rma-inceleme alan\u0131ndaki \u00e7al\u0131\u015fmalar\u0131 halen devam etmektedir. \u00c7e\u015fitli kurulu\u015flardan ald\u0131\u011f\u0131 onlarca \u00f6d\u00fcl\u00fc bulunmaktad\u0131r. ESERLER\u0130 \u015eiir G\u00fclistan\u0131n G\u00fclleri-2006 Alizeler-2007 A\u015fk\u0131n Co\u011frafyas\u0131-2008 Meb\u015fure-2009 A\u015fko\u011frafya-2010 A\u015fkistan-2015 A\u015fka Yolculuk-2018 \u015eiir \u015eiir T\u00fcrkiye-I-2021 \u015eiir \u015eiir T\u00fcrkiye-II-2022 Neva-2026 Hik\u00e2ye G\u00fcne\u015fi Tut Ka\u00e7mas\u0131n-2011 A\u015fk\u0131n Kalbi-2015 Mor Da\u011flar\u0131n Balas\u0131-2025 Deneme Algoritmik Aforizmalar-2016 Roman Piri Reis-2022\",\"url\":\"https:\/\/simurgedebiyat.com\/index.php\/author\/tarik-torun\/\"}]}<\/script>\n<!-- \/ Yoast SEO plugin. -->","yoast_head_json":{"title":"Fransa Hakk\u0131nda Belki de Hi\u00e7 Duymad\u0131\u011f\u0131n\u0131z \u00c7ok \u0130lgin\u00e7 Anekdotlar - simurgedebiyat.com","robots":{"index":"index","follow":"follow","max-snippet":"max-snippet:-1","max-image-preview":"max-image-preview:large","max-video-preview":"max-video-preview:-1"},"canonical":"https:\/\/simurgedebiyat.com\/index.php\/2025\/11\/21\/fransa-hakkinda-belki-de-hic-duymadiginiz-cok-ilginc-anekdotlar\/","og_locale":"tr_TR","og_type":"article","og_title":"Fransa Hakk\u0131nda Belki de Hi\u00e7 Duymad\u0131\u011f\u0131n\u0131z \u00c7ok \u0130lgin\u00e7 Anekdotlar - simurgedebiyat.com","og_description":"Fransa, resm\u00ee ad\u0131yla Frans\u0131z Cumhuriyeti, Bat\u0131 Avrupa&#8217;da bulunan ve d\u00fcnyan\u0131n pek \u00e7ok b\u00f6lgesinde deniza\u015f\u0131r\u0131 topraklar\u0131...","og_url":"https:\/\/simurgedebiyat.com\/index.php\/2025\/11\/21\/fransa-hakkinda-belki-de-hic-duymadiginiz-cok-ilginc-anekdotlar\/","og_site_name":"simurgedebiyat.com","article_published_time":"2025-11-21T17:01:56+00:00","og_image":[{"width":790,"height":450,"url":"https:\/\/simurgedebiyat.com\/wp-content\/uploads\/2025\/11\/Fransa.jpg","type":"image\/jpeg"}],"author":"Tar\u0131k TORUN","twitter_card":"summary_large_image","twitter_misc":{"Yazan:":"Tar\u0131k TORUN","Tahmini okuma s\u00fcresi":"9 dakika"},"schema":{"@context":"https:\/\/schema.org","@graph":[{"@type":"Article","@id":"https:\/\/simurgedebiyat.com\/index.php\/2025\/11\/21\/fransa-hakkinda-belki-de-hic-duymadiginiz-cok-ilginc-anekdotlar\/#article","isPartOf":{"@id":"https:\/\/simurgedebiyat.com\/index.php\/2025\/11\/21\/fransa-hakkinda-belki-de-hic-duymadiginiz-cok-ilginc-anekdotlar\/"},"author":{"name":"Tar\u0131k TORUN","@id":"https:\/\/simurgedebiyat.com\/#\/schema\/person\/2b69186447343805a1de03a426a9c75c"},"headline":"Fransa Hakk\u0131nda Belki de Hi\u00e7 Duymad\u0131\u011f\u0131n\u0131z \u00c7ok \u0130lgin\u00e7 Anekdotlar","datePublished":"2025-11-21T17:01:56+00:00","mainEntityOfPage":{"@id":"https:\/\/simurgedebiyat.com\/index.php\/2025\/11\/21\/fransa-hakkinda-belki-de-hic-duymadiginiz-cok-ilginc-anekdotlar\/"},"wordCount":1804,"commentCount":3,"publisher":{"@id":"https:\/\/simurgedebiyat.com\/#organization"},"image":{"@id":"https:\/\/simurgedebiyat.com\/index.php\/2025\/11\/21\/fransa-hakkinda-belki-de-hic-duymadiginiz-cok-ilginc-anekdotlar\/#primaryimage"},"thumbnailUrl":"https:\/\/simurgedebiyat.com\/wp-content\/uploads\/2025\/11\/Fransa.jpg","articleSection":["Ara\u015ft\u0131rmalar"],"inLanguage":"tr","potentialAction":[{"@type":"CommentAction","name":"Comment","target":["https:\/\/simurgedebiyat.com\/index.php\/2025\/11\/21\/fransa-hakkinda-belki-de-hic-duymadiginiz-cok-ilginc-anekdotlar\/#respond"]}]},{"@type":"WebPage","@id":"https:\/\/simurgedebiyat.com\/index.php\/2025\/11\/21\/fransa-hakkinda-belki-de-hic-duymadiginiz-cok-ilginc-anekdotlar\/","url":"https:\/\/simurgedebiyat.com\/index.php\/2025\/11\/21\/fransa-hakkinda-belki-de-hic-duymadiginiz-cok-ilginc-anekdotlar\/","name":"Fransa Hakk\u0131nda Belki de Hi\u00e7 Duymad\u0131\u011f\u0131n\u0131z \u00c7ok \u0130lgin\u00e7 Anekdotlar - simurgedebiyat.com","isPartOf":{"@id":"https:\/\/simurgedebiyat.com\/#website"},"primaryImageOfPage":{"@id":"https:\/\/simurgedebiyat.com\/index.php\/2025\/11\/21\/fransa-hakkinda-belki-de-hic-duymadiginiz-cok-ilginc-anekdotlar\/#primaryimage"},"image":{"@id":"https:\/\/simurgedebiyat.com\/index.php\/2025\/11\/21\/fransa-hakkinda-belki-de-hic-duymadiginiz-cok-ilginc-anekdotlar\/#primaryimage"},"thumbnailUrl":"https:\/\/simurgedebiyat.com\/wp-content\/uploads\/2025\/11\/Fransa.jpg","datePublished":"2025-11-21T17:01:56+00:00","breadcrumb":{"@id":"https:\/\/simurgedebiyat.com\/index.php\/2025\/11\/21\/fransa-hakkinda-belki-de-hic-duymadiginiz-cok-ilginc-anekdotlar\/#breadcrumb"},"inLanguage":"tr","potentialAction":[{"@type":"ReadAction","target":["https:\/\/simurgedebiyat.com\/index.php\/2025\/11\/21\/fransa-hakkinda-belki-de-hic-duymadiginiz-cok-ilginc-anekdotlar\/"]}]},{"@type":"ImageObject","inLanguage":"tr","@id":"https:\/\/simurgedebiyat.com\/index.php\/2025\/11\/21\/fransa-hakkinda-belki-de-hic-duymadiginiz-cok-ilginc-anekdotlar\/#primaryimage","url":"https:\/\/simurgedebiyat.com\/wp-content\/uploads\/2025\/11\/Fransa.jpg","contentUrl":"https:\/\/simurgedebiyat.com\/wp-content\/uploads\/2025\/11\/Fransa.jpg","width":790,"height":450},{"@type":"BreadcrumbList","@id":"https:\/\/simurgedebiyat.com\/index.php\/2025\/11\/21\/fransa-hakkinda-belki-de-hic-duymadiginiz-cok-ilginc-anekdotlar\/#breadcrumb","itemListElement":[{"@type":"ListItem","position":1,"name":"Anasayfa","item":"https:\/\/simurgedebiyat.com\/"},{"@type":"ListItem","position":2,"name":"Fransa Hakk\u0131nda Belki de Hi\u00e7 Duymad\u0131\u011f\u0131n\u0131z \u00c7ok \u0130lgin\u00e7 Anekdotlar"}]},{"@type":"WebSite","@id":"https:\/\/simurgedebiyat.com\/#website","url":"https:\/\/simurgedebiyat.com\/","name":"simurgedebiyat.com","description":"edebiyat&amp;K\u00fclt\u00fcr&amp;Sanat&amp;D\u00fc\u015f\u00fcnce ","publisher":{"@id":"https:\/\/simurgedebiyat.com\/#organization"},"potentialAction":[{"@type":"SearchAction","target":{"@type":"EntryPoint","urlTemplate":"https:\/\/simurgedebiyat.com\/?s={search_term_string}"},"query-input":{"@type":"PropertyValueSpecification","valueRequired":true,"valueName":"search_term_string"}}],"inLanguage":"tr"},{"@type":"Organization","@id":"https:\/\/simurgedebiyat.com\/#organization","name":"simurgedebiyat.com","url":"https:\/\/simurgedebiyat.com\/","logo":{"@type":"ImageObject","inLanguage":"tr","@id":"https:\/\/simurgedebiyat.com\/#\/schema\/logo\/image\/","url":"https:\/\/simurgedebiyat.com\/wp-content\/uploads\/2025\/11\/cropped-HHHHH-1.jpeg","contentUrl":"https:\/\/simurgedebiyat.com\/wp-content\/uploads\/2025\/11\/cropped-HHHHH-1.jpeg","width":245,"height":205,"caption":"simurgedebiyat.com"},"image":{"@id":"https:\/\/simurgedebiyat.com\/#\/schema\/logo\/image\/"}},{"@type":"Person","@id":"https:\/\/simurgedebiyat.com\/#\/schema\/person\/2b69186447343805a1de03a426a9c75c","name":"Tar\u0131k TORUN","image":{"@type":"ImageObject","inLanguage":"tr","@id":"https:\/\/simurgedebiyat.com\/#\/schema\/person\/image\/23494c9101089ad44ae88ce9d2f56aac","url":"https:\/\/secure.gravatar.com\/avatar\/?s=96&d=mm&r=g","contentUrl":"https:\/\/secure.gravatar.com\/avatar\/?s=96&d=mm&r=g","caption":"Tar\u0131k TORUN"},"description":"Bayburt\u2019un Bayraktar (Baks\u0131) k\u00f6y\u00fcnde do\u011fdu (1965). \u0130lk\u00f6\u011frenimini k\u00f6y\u00fcnde bitirdi. Ailesi ile birlikte \u00c7orum\u2019a g\u00f6\u00e7 etti (1975). Orta\u00f6\u011frenimini \u00c7orum\u2019da tamamlad\u0131. Karadeniz Teknik \u00dcniversitesi, Fatih E\u011fitim Fak\u00fcltesi, Co\u011frafya \u00d6\u011fretmenli\u011fi b\u00f6l\u00fcm\u00fcn\u00fc bitirdi (1988). 1989 \u2018dan itibaren pek \u00e7ok lisede co\u011frafya \u00f6\u011fretmenli\u011fi yapt\u0131. Bu arada Gazi \u00dcniversitesi, Sosyal Bilimler Enstit\u00fcs\u00fc, Co\u011frafya E\u011fitimi Y\u00fcksek Lisans (Master) program\u0131n\u0131 bitirdi. Anadolu \u00dcniversitesi, T\u00fcrk Dili ve Edebiyat\u0131 B\u00f6l\u00fcm\u00fcn\u00fc de bitirdi. Ayr\u0131ca \u0130stanbul \u00dcniversitesi, Hukuk Fak\u00fcltesi\u2019nde de okudu. MEB, \u00d6YGM, EARGED ve YE\u011e\u0130TEK\u2019de \u00f6\u011fretmen olarak \u00e7al\u0131\u015ft\u0131. \u0130LESAM, TYB, \u0130slam \u00dclkeleri Akademisyen ve Yazarlar Birli\u011fi ile Uluslararas\u0131 Bayburt Yazar ve Sanat\u00e7\u0131lar Derne\u011fi\u2019nin \u00fcyesidir. \u00c7e\u015fitli sosyal ve k\u00fclt\u00fcrel \u00e7al\u0131\u015fmalara kat\u0131lmaktad\u0131r. \u015eiir, deneme, makale, roman, hik\u00e2ye, gezi yaz\u0131s\u0131, ara\u015ft\u0131rma-inceleme alan\u0131ndaki \u00e7al\u0131\u015fmalar\u0131 halen devam etmektedir. \u00c7e\u015fitli kurulu\u015flardan ald\u0131\u011f\u0131 onlarca \u00f6d\u00fcl\u00fc bulunmaktad\u0131r. ESERLER\u0130 \u015eiir G\u00fclistan\u0131n G\u00fclleri-2006 Alizeler-2007 A\u015fk\u0131n Co\u011frafyas\u0131-2008 Meb\u015fure-2009 A\u015fko\u011frafya-2010 A\u015fkistan-2015 A\u015fka Yolculuk-2018 \u015eiir \u015eiir T\u00fcrkiye-I-2021 \u015eiir \u015eiir T\u00fcrkiye-II-2022 Neva-2026 Hik\u00e2ye G\u00fcne\u015fi Tut Ka\u00e7mas\u0131n-2011 A\u015fk\u0131n Kalbi-2015 Mor Da\u011flar\u0131n Balas\u0131-2025 Deneme Algoritmik Aforizmalar-2016 Roman Piri Reis-2022","url":"https:\/\/simurgedebiyat.com\/index.php\/author\/tarik-torun\/"}]}},"featured_image_urls":{"full":["https:\/\/simurgedebiyat.com\/wp-content\/uploads\/2025\/11\/Fransa.jpg",790,450,false],"thumbnail":["https:\/\/simurgedebiyat.com\/wp-content\/uploads\/2025\/11\/Fransa-150x150.jpg",150,150,true],"medium":["https:\/\/simurgedebiyat.com\/wp-content\/uploads\/2025\/11\/Fransa-300x171.jpg",300,171,true],"medium_large":["https:\/\/simurgedebiyat.com\/wp-content\/uploads\/2025\/11\/Fransa-768x437.jpg",640,364,true],"large":["https:\/\/simurgedebiyat.com\/wp-content\/uploads\/2025\/11\/Fransa.jpg",640,365,false],"1536x1536":["https:\/\/simurgedebiyat.com\/wp-content\/uploads\/2025\/11\/Fransa.jpg",790,450,false],"2048x2048":["https:\/\/simurgedebiyat.com\/wp-content\/uploads\/2025\/11\/Fransa.jpg",790,450,false],"covernews-slider-full":["https:\/\/simurgedebiyat.com\/wp-content\/uploads\/2025\/11\/Fransa.jpg",790,450,false],"covernews-slider-center":["https:\/\/simurgedebiyat.com\/wp-content\/uploads\/2025\/11\/Fransa.jpg",790,450,false],"covernews-featured":["https:\/\/simurgedebiyat.com\/wp-content\/uploads\/2025\/11\/Fransa.jpg",790,450,false],"covernews-medium":["https:\/\/simurgedebiyat.com\/wp-content\/uploads\/2025\/11\/Fransa-540x340.jpg",540,340,true],"covernews-medium-square":["https:\/\/simurgedebiyat.com\/wp-content\/uploads\/2025\/11\/Fransa-400x250.jpg",400,250,true],"sow-carousel-default":["https:\/\/simurgedebiyat.com\/wp-content\/uploads\/2025\/11\/Fransa-272x182.jpg",272,182,true],"sow-blog-portfolio":["https:\/\/simurgedebiyat.com\/wp-content\/uploads\/2025\/11\/Fransa-375x375.jpg",375,375,true],"sow-blog-grid":["https:\/\/simurgedebiyat.com\/wp-content\/uploads\/2025\/11\/Fransa-720x450.jpg",720,450,true],"sow-blog-alternate":["https:\/\/simurgedebiyat.com\/wp-content\/uploads\/2025\/11\/Fransa.jpg",790,450,false],"sow-recent-post":["https:\/\/simurgedebiyat.com\/wp-content\/uploads\/2025\/11\/Fransa-216x216.jpg",216,216,true]},"author_info":{"display_name":"Tar\u0131k TORUN","author_link":"https:\/\/simurgedebiyat.com\/index.php\/author\/tarik-torun\/"},"category_info":"<a href=\"https:\/\/simurgedebiyat.com\/index.php\/category\/arastirmalar\/\" rel=\"category tag\">Ara\u015ft\u0131rmalar<\/a>","tag_info":"Ara\u015ft\u0131rmalar","comment_count":"3","jetpack_featured_media_url":"https:\/\/simurgedebiyat.com\/wp-content\/uploads\/2025\/11\/Fransa.jpg","uagb_featured_image_src":{"full":["https:\/\/simurgedebiyat.com\/wp-content\/uploads\/2025\/11\/Fransa.jpg",790,450,false],"thumbnail":["https:\/\/simurgedebiyat.com\/wp-content\/uploads\/2025\/11\/Fransa-150x150.jpg",150,150,true],"medium":["https:\/\/simurgedebiyat.com\/wp-content\/uploads\/2025\/11\/Fransa-300x171.jpg",300,171,true],"medium_large":["https:\/\/simurgedebiyat.com\/wp-content\/uploads\/2025\/11\/Fransa-768x437.jpg",640,364,true],"large":["https:\/\/simurgedebiyat.com\/wp-content\/uploads\/2025\/11\/Fransa.jpg",640,365,false],"1536x1536":["https:\/\/simurgedebiyat.com\/wp-content\/uploads\/2025\/11\/Fransa.jpg",790,450,false],"2048x2048":["https:\/\/simurgedebiyat.com\/wp-content\/uploads\/2025\/11\/Fransa.jpg",790,450,false],"covernews-slider-full":["https:\/\/simurgedebiyat.com\/wp-content\/uploads\/2025\/11\/Fransa.jpg",790,450,false],"covernews-slider-center":["https:\/\/simurgedebiyat.com\/wp-content\/uploads\/2025\/11\/Fransa.jpg",790,450,false],"covernews-featured":["https:\/\/simurgedebiyat.com\/wp-content\/uploads\/2025\/11\/Fransa.jpg",790,450,false],"covernews-medium":["https:\/\/simurgedebiyat.com\/wp-content\/uploads\/2025\/11\/Fransa-540x340.jpg",540,340,true],"covernews-medium-square":["https:\/\/simurgedebiyat.com\/wp-content\/uploads\/2025\/11\/Fransa-400x250.jpg",400,250,true],"sow-carousel-default":["https:\/\/simurgedebiyat.com\/wp-content\/uploads\/2025\/11\/Fransa-272x182.jpg",272,182,true],"sow-blog-portfolio":["https:\/\/simurgedebiyat.com\/wp-content\/uploads\/2025\/11\/Fransa-375x375.jpg",375,375,true],"sow-blog-grid":["https:\/\/simurgedebiyat.com\/wp-content\/uploads\/2025\/11\/Fransa-720x450.jpg",720,450,true],"sow-blog-alternate":["https:\/\/simurgedebiyat.com\/wp-content\/uploads\/2025\/11\/Fransa.jpg",790,450,false],"sow-recent-post":["https:\/\/simurgedebiyat.com\/wp-content\/uploads\/2025\/11\/Fransa-216x216.jpg",216,216,true]},"uagb_author_info":{"display_name":"Tar\u0131k TORUN","author_link":"https:\/\/simurgedebiyat.com\/index.php\/author\/tarik-torun\/"},"uagb_comment_info":3,"uagb_excerpt":"Fransa, resm\u00ee ad\u0131yla Frans\u0131z Cumhuriyeti, Bat\u0131 Avrupa&#8217;da bulunan ve d\u00fcnyan\u0131n pek \u00e7ok b\u00f6lgesinde deniza\u015f\u0131r\u0131 topraklar\u0131...","authors":[{"term_id":94,"user_id":3,"is_guest":0,"slug":"tarik-torun","display_name":"Tar\u0131k TORUN","avatar_url":{"url":"https:\/\/simurgedebiyat.com\/wp-content\/uploads\/2025\/10\/Tarik-TORUM.jpg","url2x":"https:\/\/simurgedebiyat.com\/wp-content\/uploads\/2025\/10\/Tarik-TORUM.jpg"},"first_name":"Tar\u0131k","last_name":"TORUN","user_url":"","job_title":"","description":"Bayburt\u2019un Bayraktar (Baks\u0131) k\u00f6y\u00fcnde do\u011fdu (1965). \u0130lk\u00f6\u011frenimini k\u00f6y\u00fcnde bitirdi. Ailesi ile birlikte \u00c7orum\u2019a g\u00f6\u00e7 etti (1975). Orta\u00f6\u011frenimini \u00c7orum\u2019da tamamlad\u0131. Karadeniz Teknik \u00dcniversitesi, Fatih E\u011fitim Fak\u00fcltesi, Co\u011frafya \u00d6\u011fretmenli\u011fi b\u00f6l\u00fcm\u00fcn\u00fc bitirdi (1988).\r\n1989 \u2018dan itibaren pek \u00e7ok lisede co\u011frafya \u00f6\u011fretmenli\u011fi yapt\u0131. Bu arada Gazi \u00dcniversitesi, Sosyal Bilimler Enstit\u00fcs\u00fc, Co\u011frafya E\u011fitimi Y\u00fcksek Lisans (Master) program\u0131n\u0131 bitirdi. Anadolu \u00dcniversitesi, T\u00fcrk Dili ve Edebiyat\u0131 B\u00f6l\u00fcm\u00fcn\u00fc de bitirdi. Ayr\u0131ca \u0130stanbul \u00dcniversitesi, Hukuk Fak\u00fcltesi\u2019nde de okudu. MEB, \u00d6YGM, EARGED ve YE\u011e\u0130TEK\u2019de \u00f6\u011fretmen olarak \u00e7al\u0131\u015ft\u0131. \u0130LESAM, TYB, \u0130slam \u00dclkeleri Akademisyen ve Yazarlar Birli\u011fi ile Uluslararas\u0131 Bayburt Yazar ve Sanat\u00e7\u0131lar Derne\u011fi\u2019nin \u00fcyesidir. \u00c7e\u015fitli sosyal ve k\u00fclt\u00fcrel \u00e7al\u0131\u015fmalara kat\u0131lmaktad\u0131r. \u015eiir, deneme, makale, roman, hik\u00e2ye, gezi yaz\u0131s\u0131, ara\u015ft\u0131rma-inceleme alan\u0131ndaki \u00e7al\u0131\u015fmalar\u0131 halen devam etmektedir. \u00c7e\u015fitli kurulu\u015flardan ald\u0131\u011f\u0131 onlarca \u00f6d\u00fcl\u00fc bulunmaktad\u0131r.\r\nESERLER\u0130\r\n\u015eiir\r\nG\u00fclistan\u0131n G\u00fclleri-2006 \r\nAlizeler-2007\r\nA\u015fk\u0131n Co\u011frafyas\u0131-2008\r\nMeb\u015fure-2009 \r\nA\u015fko\u011frafya-2010\r\nA\u015fkistan-2015              \r\nA\u015fka Yolculuk-2018\r\n\u015eiir \u015eiir T\u00fcrkiye-I-2021\r\n\u015eiir \u015eiir T\u00fcrkiye-II-2022\r\nNeva-2026\r\nHik\u00e2ye\r\nG\u00fcne\u015fi Tut Ka\u00e7mas\u0131n-2011 \r\nA\u015fk\u0131n Kalbi-2015\r\nMor Da\u011flar\u0131n Balas\u0131-2025\r\nDeneme\r\nAlgoritmik Aforizmalar-2016\r\nRoman\r\nPiri Reis-2022\r\n"}],"_links":{"self":[{"href":"https:\/\/simurgedebiyat.com\/index.php\/wp-json\/wp\/v2\/posts\/2901","targetHints":{"allow":["GET"]}}],"collection":[{"href":"https:\/\/simurgedebiyat.com\/index.php\/wp-json\/wp\/v2\/posts"}],"about":[{"href":"https:\/\/simurgedebiyat.com\/index.php\/wp-json\/wp\/v2\/types\/post"}],"author":[{"embeddable":true,"href":"https:\/\/simurgedebiyat.com\/index.php\/wp-json\/wp\/v2\/users\/3"}],"replies":[{"embeddable":true,"href":"https:\/\/simurgedebiyat.com\/index.php\/wp-json\/wp\/v2\/comments?post=2901"}],"version-history":[{"count":1,"href":"https:\/\/simurgedebiyat.com\/index.php\/wp-json\/wp\/v2\/posts\/2901\/revisions"}],"predecessor-version":[{"id":2903,"href":"https:\/\/simurgedebiyat.com\/index.php\/wp-json\/wp\/v2\/posts\/2901\/revisions\/2903"}],"wp:featuredmedia":[{"embeddable":true,"href":"https:\/\/simurgedebiyat.com\/index.php\/wp-json\/wp\/v2\/media\/2902"}],"wp:attachment":[{"href":"https:\/\/simurgedebiyat.com\/index.php\/wp-json\/wp\/v2\/media?parent=2901"}],"wp:term":[{"taxonomy":"category","embeddable":true,"href":"https:\/\/simurgedebiyat.com\/index.php\/wp-json\/wp\/v2\/categories?post=2901"},{"taxonomy":"post_tag","embeddable":true,"href":"https:\/\/simurgedebiyat.com\/index.php\/wp-json\/wp\/v2\/tags?post=2901"},{"taxonomy":"author","embeddable":true,"href":"https:\/\/simurgedebiyat.com\/index.php\/wp-json\/wp\/v2\/ppma_author?post=2901"}],"curies":[{"name":"wp","href":"https:\/\/api.w.org\/{rel}","templated":true}]}}