{"id":2594,"date":"2025-10-21T14:29:48","date_gmt":"2025-10-21T11:29:48","guid":{"rendered":"https:\/\/simurgedebiyat.com\/?p=2594"},"modified":"2025-10-21T14:29:48","modified_gmt":"2025-10-21T11:29:48","slug":"kalbinde-vatan-tasiyan-adam","status":"publish","type":"post","link":"https:\/\/simurgedebiyat.com\/index.php\/2025\/10\/21\/kalbinde-vatan-tasiyan-adam\/","title":{"rendered":"Kalbinde Vatan Ta\u015f\u0131yan Adam"},"content":{"rendered":"<p>Bir sevdan\u0131n elinden i\u00e7erim kana kana,<br \/>\nCo\u011frafya a\u015f\u0131\u011f\u0131y\u0131m gezerim yana yana,<br \/>\nAy geceden ayd\u0131nl\u0131k g\u00f6lgem d\u00fc\u015fer mek\u00e2na<br \/>\n\u015eafaklar\u0131n t\u00fcrk\u00fcs\u00fc r\u00fczg\u00e2r olur zamana<br \/>\nBuseli hayk\u0131r\u0131\u015f\u0131m kanatlan\u0131r r\u00fczg\u00e2ra<br \/>\nPolen ta\u015f\u0131yan sevda yayladaki manzara<br \/>\n\u00c7i\u00e7ek \u00e7i\u00e7ek a\u00e7ar\u0131m mu\u015ftu olur bahara<br \/>\nG\u00fcl-i Rana reyhanla b\u00fclb\u00fclde ah-u zara<br \/>\nTut ellerimden bahar al beni kollar\u0131na<br \/>\nCo\u011frafya a\u015f\u0131\u011f\u0131y\u0131m, d\u00fc\u015ferim yolar\u0131na.<\/p>\n<p>Sevda ya\u011fmurlar\u0131yla asude serinli\u011fi<br \/>\nBak\u0131\u015flar\u0131n okyanus bendeki derinli\u011fi<br \/>\nKutup\u2019un ak\u0131nt\u0131s\u0131 Ekvator\u2019a akar\u0131m<br \/>\nSerin s\u0131cak kalbimle sana mavi bakar\u0131m<br \/>\nYunuslarla raks eder mart\u0131larla u\u00e7ar\u0131m<br \/>\nOkyanus \u00f6tesine \u00e7elik kanat a\u00e7ar\u0131m<br \/>\nG\u00f6z\u00fcmde med-cezirler sen misin ay g\u00fczelim?<br \/>\nK\u0131r\u0131m k\u0131vr\u0131m ak\u0131nt\u0131 gel el ele gezelim.<br \/>\nHuzur iklimlerinde d\u00fc\u015f\u00fcnce dinginli\u011fi<br \/>\nCo\u011frafya a\u015f\u0131\u011f\u0131y\u0131m, \u00e7a\u011flayan enginli\u011fi.<\/p>\n<p>Bir \u00e7\u0131nar\u0131n k\u00f6k\u00fcyle Anadolu k\u00f6y\u00fcnde,<br \/>\nNice sevdalar yatar delikanl\u0131 g\u00f6nl\u00fcnde<br \/>\nToprak seni sarmalar hem bug\u00fcn hem de d\u00fcnde<br \/>\nK\u0131rk gece k\u0131rkta g\u00fcnd\u00fcz, bayram, seyran, d\u00fc\u011f\u00fcnde<br \/>\nMaral bak\u0131\u015fl\u0131 da\u011flar maden ta\u015f\u0131r \u00f6z\u00fcnde<br \/>\nHasretin e\u015fikleri \u00e2\u015f\u0131klar\u0131n g\u00f6z\u00fcnde,<br \/>\nBen sevdal\u0131 a\u015f\u0131\u011f\u0131m! Bahar\u0131n da g\u00fcz\u00fcn de<br \/>\nBulutlar perdelenir ay sevgilim! Y\u00fcz\u00fcnde<br \/>\nOvan\u0131n zarafeti endam\u0131yla d\u00fcz\u00fcnde<br \/>\nCo\u011frafya a\u015f\u0131\u011f\u0131y\u0131m, ate\u015finde k\u00f6z\u00fcnde.<\/p>\n<p>Lodos, poyraz dilinde, eser sevda yelleri,<br \/>\nK\u00e2inat hu\u015fusuyla, sessizli\u011fin dilleri,<br \/>\nDuygu eksenlerinden, fikriyat\u0131n selleri,<br \/>\nMor da\u011flara namzet mi? Yaylalar\u0131n belleri,<br \/>\nY\u0131ld\u0131r\u0131mlar d\u00fc\u015fmesi, g\u00f6ky\u00fcz\u00fcn\u00fcn elleri,<br \/>\nG\u00f6klerin g\u00fcrlemesi, oda hikmet zilleri,<br \/>\nIl\u0131k nemli ya\u011fmurla g\u00fclistan\u0131n g\u00fclleri,<br \/>\nA\u015fk\u0131n\u0131n hayran\u0131d\u0131r, bostan\u0131n b\u00fclb\u00fclleri,<br \/>\n\u0130nsano\u011flunun azmi, \u00f6mr\u00fcn\u00fcn emelleri,<br \/>\nCo\u011frafya a\u015f\u0131\u011f\u0131y\u0131m, sevdam\u0131n temelleri,<\/p>\n<p>Sevdan\u0131n seranat\u0131 eserken seheryeli,<br \/>\nY\u0131llar\u0131n ya\u015fanm\u0131\u015f\u0131 tortula\u015f\u0131r emeli,<br \/>\n\u0130hti\u015fam\u0131n heybeti hikmete ram olmal\u0131<br \/>\nErguvani baharda, kalbim a\u015fkla dolmal\u0131.<br \/>\nEy sevgilim Sadabat! Ya\u015far senin havanda<br \/>\nBuras\u0131 Anadolu! Sevda sevda ovanda,<br \/>\nBir ku\u015f kalbi olurum! S\u0131cak s\u0131cak yuvanda<br \/>\nD\u00fc\u015f\u00fcnme kar\u015f\u0131nday\u0131m! \u0130stedi\u011fin her anda<br \/>\nBir meltem serinli\u011fi g\u00f6n\u00fcllere girmeli<br \/>\nCo\u011frafya a\u015f\u0131\u011f\u0131y\u0131m, as\u0131rlarca s\u00fcrmeli,<\/p>\n<p>G\u00f6zleri artezyenli, ayr\u0131l\u0131\u011f\u0131n zaman\u0131,<br \/>\nSevda birikintisi konilerin duman\u0131,<br \/>\nTipi olup kam\u00e7\u0131la, devri daim mek\u00e2n\u0131,<br \/>\nBereket usaresi, ba\u015faklar\u0131n harman\u0131,<br \/>\nG\u00fczeller g\u00fczelinin G\u00fcl\u015fen mi ki reyhan\u0131?<br \/>\nToprak sand\u0131\u011f\u0131n mek\u00e2n, \u015f\u00fchedan\u0131n vatan\u0131,<br \/>\nAc\u0131l\u0131 co\u011frafyalar, sana s\u00f6yler atan\u0131,<br \/>\nUnutma yeralt\u0131nda, kefensizce yatan\u0131,<br \/>\nYakamozlu deryalar c\u00fcmle \u00e2lem hayran\u0131,<br \/>\nCo\u011frafya a\u015f\u0131\u011f\u0131y\u0131m, can\u0131m onun kurban\u0131,<\/p>\n<p>Bu co\u011frafya a\u015fk kokar \u00e2\u015f\u0131klar diyar\u0131nda,<br \/>\nHer nefes bir atmosfer bu g\u00fcnde ve yar\u0131nda,<br \/>\n\u00c7isil \u00e7isil sevdalar, ya\u011fmurunda kar\u0131nda,<br \/>\nVadinin vaveylas\u0131, nehir ah-u zar\u0131nda,<br \/>\nBir volkan\u0131n vuslat\u0131, kraterde har\u0131nda,<br \/>\nDemet demet tomurcuk, ay\u00e7i\u00e7ekli bar\u0131nda,<br \/>\n\u015eiir yazan co\u011frafya, \u00e7i\u00e7ekli bahar\u0131nda,<br \/>\nBu sevda \u015fiir olur \u015fair ve yazar\u0131nda,<br \/>\nMuhte\u015fem manzaraya a\u015f\u0131\u011f\u0131m nazar\u0131nda,<br \/>\nCo\u011frafya a\u015f\u0131\u011f\u0131y\u0131m, \u00e2\u015f\u0131klar diyar\u0131nda.<\/p>\n","protected":false},"excerpt":{"rendered":"<p>Bir sevdan\u0131n elinden i\u00e7erim kana kana, Co\u011frafya a\u015f\u0131\u011f\u0131y\u0131m gezerim yana yana, Ay geceden ayd\u0131nl\u0131k g\u00f6lgem&#8230;<\/p>\n","protected":false},"author":3,"featured_media":2595,"comment_status":"open","ping_status":"open","sticky":false,"template":"","format":"standard","meta":{"_bbp_topic_count":0,"_bbp_reply_count":0,"_bbp_total_topic_count":0,"_bbp_total_reply_count":0,"_bbp_voice_count":0,"_bbp_anonymous_reply_count":0,"_bbp_topic_count_hidden":0,"_bbp_reply_count_hidden":0,"_bbp_forum_subforum_count":0,"om_disable_all_campaigns":false,"_uag_custom_page_level_css":"","ngg_post_thumbnail":0,"footnotes":""},"categories":[17],"tags":[],"ppma_author":[94],"class_list":["post-2594","post","type-post","status-publish","format-standard","has-post-thumbnail","hentry","category-siir"],"yoast_head":"<!-- This site is optimized with the Yoast SEO plugin v24.9 - https:\/\/yoast.com\/wordpress\/plugins\/seo\/ -->\n<title>Kalbinde Vatan Ta\u015f\u0131yan Adam - simurgedebiyat.com<\/title>\n<meta name=\"robots\" content=\"index, follow, max-snippet:-1, max-image-preview:large, max-video-preview:-1\" \/>\n<link rel=\"canonical\" href=\"https:\/\/simurgedebiyat.com\/index.php\/2025\/10\/21\/kalbinde-vatan-tasiyan-adam\/\" \/>\n<meta property=\"og:locale\" content=\"tr_TR\" \/>\n<meta property=\"og:type\" content=\"article\" \/>\n<meta property=\"og:title\" content=\"Kalbinde Vatan Ta\u015f\u0131yan Adam - simurgedebiyat.com\" \/>\n<meta property=\"og:description\" content=\"Bir sevdan\u0131n elinden i\u00e7erim kana kana, Co\u011frafya a\u015f\u0131\u011f\u0131y\u0131m gezerim yana yana, Ay geceden ayd\u0131nl\u0131k g\u00f6lgem...\" \/>\n<meta property=\"og:url\" content=\"https:\/\/simurgedebiyat.com\/index.php\/2025\/10\/21\/kalbinde-vatan-tasiyan-adam\/\" \/>\n<meta property=\"og:site_name\" content=\"simurgedebiyat.com\" \/>\n<meta property=\"article:published_time\" content=\"2025-10-21T11:29:48+00:00\" \/>\n<meta property=\"og:image\" content=\"https:\/\/simurgedebiyat.com\/wp-content\/uploads\/2025\/10\/Ordular.jpeg\" \/>\n\t<meta property=\"og:image:width\" content=\"1095\" \/>\n\t<meta property=\"og:image:height\" content=\"870\" \/>\n\t<meta property=\"og:image:type\" content=\"image\/jpeg\" \/>\n<meta name=\"author\" content=\"Tar\u0131k TORUN\" \/>\n<meta name=\"twitter:card\" content=\"summary_large_image\" \/>\n<meta name=\"twitter:label1\" content=\"Yazan:\" \/>\n\t<meta name=\"twitter:data1\" content=\"Tar\u0131k TORUN\" \/>\n\t<meta name=\"twitter:label2\" content=\"Tahmini okuma s\u00fcresi\" \/>\n\t<meta name=\"twitter:data2\" content=\"3 dakika\" \/>\n<script type=\"application\/ld+json\" class=\"yoast-schema-graph\">{\"@context\":\"https:\/\/schema.org\",\"@graph\":[{\"@type\":\"Article\",\"@id\":\"https:\/\/simurgedebiyat.com\/index.php\/2025\/10\/21\/kalbinde-vatan-tasiyan-adam\/#article\",\"isPartOf\":{\"@id\":\"https:\/\/simurgedebiyat.com\/index.php\/2025\/10\/21\/kalbinde-vatan-tasiyan-adam\/\"},\"author\":{\"name\":\"Tar\u0131k TORUN\",\"@id\":\"https:\/\/simurgedebiyat.com\/#\/schema\/person\/2b69186447343805a1de03a426a9c75c\"},\"headline\":\"Kalbinde Vatan Ta\u015f\u0131yan Adam\",\"datePublished\":\"2025-10-21T11:29:48+00:00\",\"mainEntityOfPage\":{\"@id\":\"https:\/\/simurgedebiyat.com\/index.php\/2025\/10\/21\/kalbinde-vatan-tasiyan-adam\/\"},\"wordCount\":572,\"commentCount\":3,\"publisher\":{\"@id\":\"https:\/\/simurgedebiyat.com\/#organization\"},\"image\":{\"@id\":\"https:\/\/simurgedebiyat.com\/index.php\/2025\/10\/21\/kalbinde-vatan-tasiyan-adam\/#primaryimage\"},\"thumbnailUrl\":\"https:\/\/simurgedebiyat.com\/wp-content\/uploads\/2025\/10\/Ordular.jpeg\",\"articleSection\":[\"\u015eiir\"],\"inLanguage\":\"tr\",\"potentialAction\":[{\"@type\":\"CommentAction\",\"name\":\"Comment\",\"target\":[\"https:\/\/simurgedebiyat.com\/index.php\/2025\/10\/21\/kalbinde-vatan-tasiyan-adam\/#respond\"]}]},{\"@type\":\"WebPage\",\"@id\":\"https:\/\/simurgedebiyat.com\/index.php\/2025\/10\/21\/kalbinde-vatan-tasiyan-adam\/\",\"url\":\"https:\/\/simurgedebiyat.com\/index.php\/2025\/10\/21\/kalbinde-vatan-tasiyan-adam\/\",\"name\":\"Kalbinde Vatan Ta\u015f\u0131yan Adam - simurgedebiyat.com\",\"isPartOf\":{\"@id\":\"https:\/\/simurgedebiyat.com\/#website\"},\"primaryImageOfPage\":{\"@id\":\"https:\/\/simurgedebiyat.com\/index.php\/2025\/10\/21\/kalbinde-vatan-tasiyan-adam\/#primaryimage\"},\"image\":{\"@id\":\"https:\/\/simurgedebiyat.com\/index.php\/2025\/10\/21\/kalbinde-vatan-tasiyan-adam\/#primaryimage\"},\"thumbnailUrl\":\"https:\/\/simurgedebiyat.com\/wp-content\/uploads\/2025\/10\/Ordular.jpeg\",\"datePublished\":\"2025-10-21T11:29:48+00:00\",\"breadcrumb\":{\"@id\":\"https:\/\/simurgedebiyat.com\/index.php\/2025\/10\/21\/kalbinde-vatan-tasiyan-adam\/#breadcrumb\"},\"inLanguage\":\"tr\",\"potentialAction\":[{\"@type\":\"ReadAction\",\"target\":[\"https:\/\/simurgedebiyat.com\/index.php\/2025\/10\/21\/kalbinde-vatan-tasiyan-adam\/\"]}]},{\"@type\":\"ImageObject\",\"inLanguage\":\"tr\",\"@id\":\"https:\/\/simurgedebiyat.com\/index.php\/2025\/10\/21\/kalbinde-vatan-tasiyan-adam\/#primaryimage\",\"url\":\"https:\/\/simurgedebiyat.com\/wp-content\/uploads\/2025\/10\/Ordular.jpeg\",\"contentUrl\":\"https:\/\/simurgedebiyat.com\/wp-content\/uploads\/2025\/10\/Ordular.jpeg\",\"width\":1095,\"height\":870},{\"@type\":\"BreadcrumbList\",\"@id\":\"https:\/\/simurgedebiyat.com\/index.php\/2025\/10\/21\/kalbinde-vatan-tasiyan-adam\/#breadcrumb\",\"itemListElement\":[{\"@type\":\"ListItem\",\"position\":1,\"name\":\"Anasayfa\",\"item\":\"https:\/\/simurgedebiyat.com\/\"},{\"@type\":\"ListItem\",\"position\":2,\"name\":\"Kalbinde Vatan Ta\u015f\u0131yan Adam\"}]},{\"@type\":\"WebSite\",\"@id\":\"https:\/\/simurgedebiyat.com\/#website\",\"url\":\"https:\/\/simurgedebiyat.com\/\",\"name\":\"simurgedebiyat.com\",\"description\":\"edebiyat&amp;K\u00fclt\u00fcr&amp;Sanat&amp;D\u00fc\u015f\u00fcnce \",\"publisher\":{\"@id\":\"https:\/\/simurgedebiyat.com\/#organization\"},\"potentialAction\":[{\"@type\":\"SearchAction\",\"target\":{\"@type\":\"EntryPoint\",\"urlTemplate\":\"https:\/\/simurgedebiyat.com\/?s={search_term_string}\"},\"query-input\":{\"@type\":\"PropertyValueSpecification\",\"valueRequired\":true,\"valueName\":\"search_term_string\"}}],\"inLanguage\":\"tr\"},{\"@type\":\"Organization\",\"@id\":\"https:\/\/simurgedebiyat.com\/#organization\",\"name\":\"simurgedebiyat.com\",\"url\":\"https:\/\/simurgedebiyat.com\/\",\"logo\":{\"@type\":\"ImageObject\",\"inLanguage\":\"tr\",\"@id\":\"https:\/\/simurgedebiyat.com\/#\/schema\/logo\/image\/\",\"url\":\"https:\/\/simurgedebiyat.com\/wp-content\/uploads\/2025\/11\/cropped-HHHHH-1.jpeg\",\"contentUrl\":\"https:\/\/simurgedebiyat.com\/wp-content\/uploads\/2025\/11\/cropped-HHHHH-1.jpeg\",\"width\":245,\"height\":205,\"caption\":\"simurgedebiyat.com\"},\"image\":{\"@id\":\"https:\/\/simurgedebiyat.com\/#\/schema\/logo\/image\/\"}},{\"@type\":\"Person\",\"@id\":\"https:\/\/simurgedebiyat.com\/#\/schema\/person\/2b69186447343805a1de03a426a9c75c\",\"name\":\"Tar\u0131k TORUN\",\"image\":{\"@type\":\"ImageObject\",\"inLanguage\":\"tr\",\"@id\":\"https:\/\/simurgedebiyat.com\/#\/schema\/person\/image\/23494c9101089ad44ae88ce9d2f56aac\",\"url\":\"https:\/\/secure.gravatar.com\/avatar\/?s=96&d=mm&r=g\",\"contentUrl\":\"https:\/\/secure.gravatar.com\/avatar\/?s=96&d=mm&r=g\",\"caption\":\"Tar\u0131k TORUN\"},\"description\":\"Bayburt\u2019un Bayraktar (Baks\u0131) k\u00f6y\u00fcnde do\u011fdu (1965). \u0130lk\u00f6\u011frenimini k\u00f6y\u00fcnde bitirdi. Ailesi ile birlikte \u00c7orum\u2019a g\u00f6\u00e7 etti (1975). Orta\u00f6\u011frenimini \u00c7orum\u2019da tamamlad\u0131. Karadeniz Teknik \u00dcniversitesi, Fatih E\u011fitim Fak\u00fcltesi, Co\u011frafya \u00d6\u011fretmenli\u011fi b\u00f6l\u00fcm\u00fcn\u00fc bitirdi (1988). 1989 \u2018dan itibaren pek \u00e7ok lisede co\u011frafya \u00f6\u011fretmenli\u011fi yapt\u0131. Bu arada Gazi \u00dcniversitesi, Sosyal Bilimler Enstit\u00fcs\u00fc, Co\u011frafya E\u011fitimi Y\u00fcksek Lisans (Master) program\u0131n\u0131 bitirdi. Anadolu \u00dcniversitesi, T\u00fcrk Dili ve Edebiyat\u0131 B\u00f6l\u00fcm\u00fcn\u00fc de bitirdi. Ayr\u0131ca \u0130stanbul \u00dcniversitesi, Hukuk Fak\u00fcltesi\u2019nde de okudu. MEB, \u00d6YGM, EARGED ve YE\u011e\u0130TEK\u2019de \u00f6\u011fretmen olarak \u00e7al\u0131\u015ft\u0131. \u0130LESAM, TYB, \u0130slam \u00dclkeleri Akademisyen ve Yazarlar Birli\u011fi ile Uluslararas\u0131 Bayburt Yazar ve Sanat\u00e7\u0131lar Derne\u011fi\u2019nin \u00fcyesidir. \u00c7e\u015fitli sosyal ve k\u00fclt\u00fcrel \u00e7al\u0131\u015fmalara kat\u0131lmaktad\u0131r. \u015eiir, deneme, makale, roman, hik\u00e2ye, gezi yaz\u0131s\u0131, ara\u015ft\u0131rma-inceleme alan\u0131ndaki \u00e7al\u0131\u015fmalar\u0131 halen devam etmektedir. \u00c7e\u015fitli kurulu\u015flardan ald\u0131\u011f\u0131 onlarca \u00f6d\u00fcl\u00fc bulunmaktad\u0131r. ESERLER\u0130 \u015eiir G\u00fclistan\u0131n G\u00fclleri-2006 Alizeler-2007 A\u015fk\u0131n Co\u011frafyas\u0131-2008 Meb\u015fure-2009 A\u015fko\u011frafya-2010 A\u015fkistan-2015 A\u015fka Yolculuk-2018 \u015eiir \u015eiir T\u00fcrkiye-I-2021 \u015eiir \u015eiir T\u00fcrkiye-II-2022 Neva-2026 Hik\u00e2ye G\u00fcne\u015fi Tut Ka\u00e7mas\u0131n-2011 A\u015fk\u0131n Kalbi-2015 Mor Da\u011flar\u0131n Balas\u0131-2025 Deneme Algoritmik Aforizmalar-2016 Roman Piri Reis-2022\",\"url\":\"https:\/\/simurgedebiyat.com\/index.php\/author\/tarik-torun\/\"}]}<\/script>\n<!-- \/ Yoast SEO plugin. -->","yoast_head_json":{"title":"Kalbinde Vatan Ta\u015f\u0131yan Adam - simurgedebiyat.com","robots":{"index":"index","follow":"follow","max-snippet":"max-snippet:-1","max-image-preview":"max-image-preview:large","max-video-preview":"max-video-preview:-1"},"canonical":"https:\/\/simurgedebiyat.com\/index.php\/2025\/10\/21\/kalbinde-vatan-tasiyan-adam\/","og_locale":"tr_TR","og_type":"article","og_title":"Kalbinde Vatan Ta\u015f\u0131yan Adam - simurgedebiyat.com","og_description":"Bir sevdan\u0131n elinden i\u00e7erim kana kana, Co\u011frafya a\u015f\u0131\u011f\u0131y\u0131m gezerim yana yana, Ay geceden ayd\u0131nl\u0131k g\u00f6lgem...","og_url":"https:\/\/simurgedebiyat.com\/index.php\/2025\/10\/21\/kalbinde-vatan-tasiyan-adam\/","og_site_name":"simurgedebiyat.com","article_published_time":"2025-10-21T11:29:48+00:00","og_image":[{"width":1095,"height":870,"url":"https:\/\/simurgedebiyat.com\/wp-content\/uploads\/2025\/10\/Ordular.jpeg","type":"image\/jpeg"}],"author":"Tar\u0131k TORUN","twitter_card":"summary_large_image","twitter_misc":{"Yazan:":"Tar\u0131k TORUN","Tahmini okuma s\u00fcresi":"3 dakika"},"schema":{"@context":"https:\/\/schema.org","@graph":[{"@type":"Article","@id":"https:\/\/simurgedebiyat.com\/index.php\/2025\/10\/21\/kalbinde-vatan-tasiyan-adam\/#article","isPartOf":{"@id":"https:\/\/simurgedebiyat.com\/index.php\/2025\/10\/21\/kalbinde-vatan-tasiyan-adam\/"},"author":{"name":"Tar\u0131k TORUN","@id":"https:\/\/simurgedebiyat.com\/#\/schema\/person\/2b69186447343805a1de03a426a9c75c"},"headline":"Kalbinde Vatan Ta\u015f\u0131yan Adam","datePublished":"2025-10-21T11:29:48+00:00","mainEntityOfPage":{"@id":"https:\/\/simurgedebiyat.com\/index.php\/2025\/10\/21\/kalbinde-vatan-tasiyan-adam\/"},"wordCount":572,"commentCount":3,"publisher":{"@id":"https:\/\/simurgedebiyat.com\/#organization"},"image":{"@id":"https:\/\/simurgedebiyat.com\/index.php\/2025\/10\/21\/kalbinde-vatan-tasiyan-adam\/#primaryimage"},"thumbnailUrl":"https:\/\/simurgedebiyat.com\/wp-content\/uploads\/2025\/10\/Ordular.jpeg","articleSection":["\u015eiir"],"inLanguage":"tr","potentialAction":[{"@type":"CommentAction","name":"Comment","target":["https:\/\/simurgedebiyat.com\/index.php\/2025\/10\/21\/kalbinde-vatan-tasiyan-adam\/#respond"]}]},{"@type":"WebPage","@id":"https:\/\/simurgedebiyat.com\/index.php\/2025\/10\/21\/kalbinde-vatan-tasiyan-adam\/","url":"https:\/\/simurgedebiyat.com\/index.php\/2025\/10\/21\/kalbinde-vatan-tasiyan-adam\/","name":"Kalbinde Vatan Ta\u015f\u0131yan Adam - simurgedebiyat.com","isPartOf":{"@id":"https:\/\/simurgedebiyat.com\/#website"},"primaryImageOfPage":{"@id":"https:\/\/simurgedebiyat.com\/index.php\/2025\/10\/21\/kalbinde-vatan-tasiyan-adam\/#primaryimage"},"image":{"@id":"https:\/\/simurgedebiyat.com\/index.php\/2025\/10\/21\/kalbinde-vatan-tasiyan-adam\/#primaryimage"},"thumbnailUrl":"https:\/\/simurgedebiyat.com\/wp-content\/uploads\/2025\/10\/Ordular.jpeg","datePublished":"2025-10-21T11:29:48+00:00","breadcrumb":{"@id":"https:\/\/simurgedebiyat.com\/index.php\/2025\/10\/21\/kalbinde-vatan-tasiyan-adam\/#breadcrumb"},"inLanguage":"tr","potentialAction":[{"@type":"ReadAction","target":["https:\/\/simurgedebiyat.com\/index.php\/2025\/10\/21\/kalbinde-vatan-tasiyan-adam\/"]}]},{"@type":"ImageObject","inLanguage":"tr","@id":"https:\/\/simurgedebiyat.com\/index.php\/2025\/10\/21\/kalbinde-vatan-tasiyan-adam\/#primaryimage","url":"https:\/\/simurgedebiyat.com\/wp-content\/uploads\/2025\/10\/Ordular.jpeg","contentUrl":"https:\/\/simurgedebiyat.com\/wp-content\/uploads\/2025\/10\/Ordular.jpeg","width":1095,"height":870},{"@type":"BreadcrumbList","@id":"https:\/\/simurgedebiyat.com\/index.php\/2025\/10\/21\/kalbinde-vatan-tasiyan-adam\/#breadcrumb","itemListElement":[{"@type":"ListItem","position":1,"name":"Anasayfa","item":"https:\/\/simurgedebiyat.com\/"},{"@type":"ListItem","position":2,"name":"Kalbinde Vatan Ta\u015f\u0131yan Adam"}]},{"@type":"WebSite","@id":"https:\/\/simurgedebiyat.com\/#website","url":"https:\/\/simurgedebiyat.com\/","name":"simurgedebiyat.com","description":"edebiyat&amp;K\u00fclt\u00fcr&amp;Sanat&amp;D\u00fc\u015f\u00fcnce ","publisher":{"@id":"https:\/\/simurgedebiyat.com\/#organization"},"potentialAction":[{"@type":"SearchAction","target":{"@type":"EntryPoint","urlTemplate":"https:\/\/simurgedebiyat.com\/?s={search_term_string}"},"query-input":{"@type":"PropertyValueSpecification","valueRequired":true,"valueName":"search_term_string"}}],"inLanguage":"tr"},{"@type":"Organization","@id":"https:\/\/simurgedebiyat.com\/#organization","name":"simurgedebiyat.com","url":"https:\/\/simurgedebiyat.com\/","logo":{"@type":"ImageObject","inLanguage":"tr","@id":"https:\/\/simurgedebiyat.com\/#\/schema\/logo\/image\/","url":"https:\/\/simurgedebiyat.com\/wp-content\/uploads\/2025\/11\/cropped-HHHHH-1.jpeg","contentUrl":"https:\/\/simurgedebiyat.com\/wp-content\/uploads\/2025\/11\/cropped-HHHHH-1.jpeg","width":245,"height":205,"caption":"simurgedebiyat.com"},"image":{"@id":"https:\/\/simurgedebiyat.com\/#\/schema\/logo\/image\/"}},{"@type":"Person","@id":"https:\/\/simurgedebiyat.com\/#\/schema\/person\/2b69186447343805a1de03a426a9c75c","name":"Tar\u0131k TORUN","image":{"@type":"ImageObject","inLanguage":"tr","@id":"https:\/\/simurgedebiyat.com\/#\/schema\/person\/image\/23494c9101089ad44ae88ce9d2f56aac","url":"https:\/\/secure.gravatar.com\/avatar\/?s=96&d=mm&r=g","contentUrl":"https:\/\/secure.gravatar.com\/avatar\/?s=96&d=mm&r=g","caption":"Tar\u0131k TORUN"},"description":"Bayburt\u2019un Bayraktar (Baks\u0131) k\u00f6y\u00fcnde do\u011fdu (1965). \u0130lk\u00f6\u011frenimini k\u00f6y\u00fcnde bitirdi. Ailesi ile birlikte \u00c7orum\u2019a g\u00f6\u00e7 etti (1975). Orta\u00f6\u011frenimini \u00c7orum\u2019da tamamlad\u0131. Karadeniz Teknik \u00dcniversitesi, Fatih E\u011fitim Fak\u00fcltesi, Co\u011frafya \u00d6\u011fretmenli\u011fi b\u00f6l\u00fcm\u00fcn\u00fc bitirdi (1988). 1989 \u2018dan itibaren pek \u00e7ok lisede co\u011frafya \u00f6\u011fretmenli\u011fi yapt\u0131. Bu arada Gazi \u00dcniversitesi, Sosyal Bilimler Enstit\u00fcs\u00fc, Co\u011frafya E\u011fitimi Y\u00fcksek Lisans (Master) program\u0131n\u0131 bitirdi. Anadolu \u00dcniversitesi, T\u00fcrk Dili ve Edebiyat\u0131 B\u00f6l\u00fcm\u00fcn\u00fc de bitirdi. Ayr\u0131ca \u0130stanbul \u00dcniversitesi, Hukuk Fak\u00fcltesi\u2019nde de okudu. MEB, \u00d6YGM, EARGED ve YE\u011e\u0130TEK\u2019de \u00f6\u011fretmen olarak \u00e7al\u0131\u015ft\u0131. \u0130LESAM, TYB, \u0130slam \u00dclkeleri Akademisyen ve Yazarlar Birli\u011fi ile Uluslararas\u0131 Bayburt Yazar ve Sanat\u00e7\u0131lar Derne\u011fi\u2019nin \u00fcyesidir. \u00c7e\u015fitli sosyal ve k\u00fclt\u00fcrel \u00e7al\u0131\u015fmalara kat\u0131lmaktad\u0131r. \u015eiir, deneme, makale, roman, hik\u00e2ye, gezi yaz\u0131s\u0131, ara\u015ft\u0131rma-inceleme alan\u0131ndaki \u00e7al\u0131\u015fmalar\u0131 halen devam etmektedir. \u00c7e\u015fitli kurulu\u015flardan ald\u0131\u011f\u0131 onlarca \u00f6d\u00fcl\u00fc bulunmaktad\u0131r. ESERLER\u0130 \u015eiir G\u00fclistan\u0131n G\u00fclleri-2006 Alizeler-2007 A\u015fk\u0131n Co\u011frafyas\u0131-2008 Meb\u015fure-2009 A\u015fko\u011frafya-2010 A\u015fkistan-2015 A\u015fka Yolculuk-2018 \u015eiir \u015eiir T\u00fcrkiye-I-2021 \u015eiir \u015eiir T\u00fcrkiye-II-2022 Neva-2026 Hik\u00e2ye G\u00fcne\u015fi Tut Ka\u00e7mas\u0131n-2011 A\u015fk\u0131n Kalbi-2015 Mor Da\u011flar\u0131n Balas\u0131-2025 Deneme Algoritmik Aforizmalar-2016 Roman Piri Reis-2022","url":"https:\/\/simurgedebiyat.com\/index.php\/author\/tarik-torun\/"}]}},"featured_image_urls":{"full":["https:\/\/simurgedebiyat.com\/wp-content\/uploads\/2025\/10\/Ordular.jpeg",1095,870,false],"thumbnail":["https:\/\/simurgedebiyat.com\/wp-content\/uploads\/2025\/10\/Ordular-150x150.jpeg",150,150,true],"medium":["https:\/\/simurgedebiyat.com\/wp-content\/uploads\/2025\/10\/Ordular-300x238.jpeg",300,238,true],"medium_large":["https:\/\/simurgedebiyat.com\/wp-content\/uploads\/2025\/10\/Ordular-768x610.jpeg",640,508,true],"large":["https:\/\/simurgedebiyat.com\/wp-content\/uploads\/2025\/10\/Ordular-1024x814.jpeg",640,509,true],"1536x1536":["https:\/\/simurgedebiyat.com\/wp-content\/uploads\/2025\/10\/Ordular.jpeg",1095,870,false],"2048x2048":["https:\/\/simurgedebiyat.com\/wp-content\/uploads\/2025\/10\/Ordular.jpeg",1095,870,false],"covernews-slider-full":["https:\/\/simurgedebiyat.com\/wp-content\/uploads\/2025\/10\/Ordular-1095x715.jpeg",1095,715,true],"covernews-slider-center":["https:\/\/simurgedebiyat.com\/wp-content\/uploads\/2025\/10\/Ordular-800x500.jpeg",800,500,true],"covernews-featured":["https:\/\/simurgedebiyat.com\/wp-content\/uploads\/2025\/10\/Ordular-1024x814.jpeg",1024,814,true],"covernews-medium":["https:\/\/simurgedebiyat.com\/wp-content\/uploads\/2025\/10\/Ordular-540x340.jpeg",540,340,true],"covernews-medium-square":["https:\/\/simurgedebiyat.com\/wp-content\/uploads\/2025\/10\/Ordular-400x250.jpeg",400,250,true],"sow-carousel-default":["https:\/\/simurgedebiyat.com\/wp-content\/uploads\/2025\/10\/Ordular-272x182.jpeg",272,182,true],"sow-blog-portfolio":["https:\/\/simurgedebiyat.com\/wp-content\/uploads\/2025\/10\/Ordular-375x375.jpeg",375,375,true],"sow-blog-grid":["https:\/\/simurgedebiyat.com\/wp-content\/uploads\/2025\/10\/Ordular-720x480.jpeg",720,480,true],"sow-blog-alternate":["https:\/\/simurgedebiyat.com\/wp-content\/uploads\/2025\/10\/Ordular-950x630.jpeg",950,630,true],"sow-recent-post":["https:\/\/simurgedebiyat.com\/wp-content\/uploads\/2025\/10\/Ordular-216x216.jpeg",216,216,true]},"author_info":{"display_name":"Tar\u0131k TORUN","author_link":"https:\/\/simurgedebiyat.com\/index.php\/author\/tarik-torun\/"},"category_info":"<a href=\"https:\/\/simurgedebiyat.com\/index.php\/category\/siir\/\" rel=\"category tag\">\u015eiir<\/a>","tag_info":"\u015eiir","comment_count":"3","jetpack_featured_media_url":"https:\/\/simurgedebiyat.com\/wp-content\/uploads\/2025\/10\/Ordular.jpeg","uagb_featured_image_src":{"full":["https:\/\/simurgedebiyat.com\/wp-content\/uploads\/2025\/10\/Ordular.jpeg",1095,870,false],"thumbnail":["https:\/\/simurgedebiyat.com\/wp-content\/uploads\/2025\/10\/Ordular-150x150.jpeg",150,150,true],"medium":["https:\/\/simurgedebiyat.com\/wp-content\/uploads\/2025\/10\/Ordular-300x238.jpeg",300,238,true],"medium_large":["https:\/\/simurgedebiyat.com\/wp-content\/uploads\/2025\/10\/Ordular-768x610.jpeg",640,508,true],"large":["https:\/\/simurgedebiyat.com\/wp-content\/uploads\/2025\/10\/Ordular-1024x814.jpeg",640,509,true],"1536x1536":["https:\/\/simurgedebiyat.com\/wp-content\/uploads\/2025\/10\/Ordular.jpeg",1095,870,false],"2048x2048":["https:\/\/simurgedebiyat.com\/wp-content\/uploads\/2025\/10\/Ordular.jpeg",1095,870,false],"covernews-slider-full":["https:\/\/simurgedebiyat.com\/wp-content\/uploads\/2025\/10\/Ordular-1095x715.jpeg",1095,715,true],"covernews-slider-center":["https:\/\/simurgedebiyat.com\/wp-content\/uploads\/2025\/10\/Ordular-800x500.jpeg",800,500,true],"covernews-featured":["https:\/\/simurgedebiyat.com\/wp-content\/uploads\/2025\/10\/Ordular-1024x814.jpeg",1024,814,true],"covernews-medium":["https:\/\/simurgedebiyat.com\/wp-content\/uploads\/2025\/10\/Ordular-540x340.jpeg",540,340,true],"covernews-medium-square":["https:\/\/simurgedebiyat.com\/wp-content\/uploads\/2025\/10\/Ordular-400x250.jpeg",400,250,true],"sow-carousel-default":["https:\/\/simurgedebiyat.com\/wp-content\/uploads\/2025\/10\/Ordular-272x182.jpeg",272,182,true],"sow-blog-portfolio":["https:\/\/simurgedebiyat.com\/wp-content\/uploads\/2025\/10\/Ordular-375x375.jpeg",375,375,true],"sow-blog-grid":["https:\/\/simurgedebiyat.com\/wp-content\/uploads\/2025\/10\/Ordular-720x480.jpeg",720,480,true],"sow-blog-alternate":["https:\/\/simurgedebiyat.com\/wp-content\/uploads\/2025\/10\/Ordular-950x630.jpeg",950,630,true],"sow-recent-post":["https:\/\/simurgedebiyat.com\/wp-content\/uploads\/2025\/10\/Ordular-216x216.jpeg",216,216,true]},"uagb_author_info":{"display_name":"Tar\u0131k TORUN","author_link":"https:\/\/simurgedebiyat.com\/index.php\/author\/tarik-torun\/"},"uagb_comment_info":3,"uagb_excerpt":"Bir sevdan\u0131n elinden i\u00e7erim kana kana, Co\u011frafya a\u015f\u0131\u011f\u0131y\u0131m gezerim yana yana, Ay geceden ayd\u0131nl\u0131k g\u00f6lgem...","authors":[{"term_id":94,"user_id":3,"is_guest":0,"slug":"tarik-torun","display_name":"Tar\u0131k TORUN","avatar_url":{"url":"https:\/\/simurgedebiyat.com\/wp-content\/uploads\/2025\/10\/Tarik-TORUM.jpg","url2x":"https:\/\/simurgedebiyat.com\/wp-content\/uploads\/2025\/10\/Tarik-TORUM.jpg"},"first_name":"Tar\u0131k","last_name":"TORUN","user_url":"","job_title":"","description":"Bayburt\u2019un Bayraktar (Baks\u0131) k\u00f6y\u00fcnde do\u011fdu (1965). \u0130lk\u00f6\u011frenimini k\u00f6y\u00fcnde bitirdi. Ailesi ile birlikte \u00c7orum\u2019a g\u00f6\u00e7 etti (1975). Orta\u00f6\u011frenimini \u00c7orum\u2019da tamamlad\u0131. Karadeniz Teknik \u00dcniversitesi, Fatih E\u011fitim Fak\u00fcltesi, Co\u011frafya \u00d6\u011fretmenli\u011fi b\u00f6l\u00fcm\u00fcn\u00fc bitirdi (1988).\r\n1989 \u2018dan itibaren pek \u00e7ok lisede co\u011frafya \u00f6\u011fretmenli\u011fi yapt\u0131. Bu arada Gazi \u00dcniversitesi, Sosyal Bilimler Enstit\u00fcs\u00fc, Co\u011frafya E\u011fitimi Y\u00fcksek Lisans (Master) program\u0131n\u0131 bitirdi. Anadolu \u00dcniversitesi, T\u00fcrk Dili ve Edebiyat\u0131 B\u00f6l\u00fcm\u00fcn\u00fc de bitirdi. Ayr\u0131ca \u0130stanbul \u00dcniversitesi, Hukuk Fak\u00fcltesi\u2019nde de okudu. MEB, \u00d6YGM, EARGED ve YE\u011e\u0130TEK\u2019de \u00f6\u011fretmen olarak \u00e7al\u0131\u015ft\u0131. \u0130LESAM, TYB, \u0130slam \u00dclkeleri Akademisyen ve Yazarlar Birli\u011fi ile Uluslararas\u0131 Bayburt Yazar ve Sanat\u00e7\u0131lar Derne\u011fi\u2019nin \u00fcyesidir. \u00c7e\u015fitli sosyal ve k\u00fclt\u00fcrel \u00e7al\u0131\u015fmalara kat\u0131lmaktad\u0131r. \u015eiir, deneme, makale, roman, hik\u00e2ye, gezi yaz\u0131s\u0131, ara\u015ft\u0131rma-inceleme alan\u0131ndaki \u00e7al\u0131\u015fmalar\u0131 halen devam etmektedir. \u00c7e\u015fitli kurulu\u015flardan ald\u0131\u011f\u0131 onlarca \u00f6d\u00fcl\u00fc bulunmaktad\u0131r.\r\nESERLER\u0130\r\n\u015eiir\r\nG\u00fclistan\u0131n G\u00fclleri-2006 \r\nAlizeler-2007\r\nA\u015fk\u0131n Co\u011frafyas\u0131-2008\r\nMeb\u015fure-2009 \r\nA\u015fko\u011frafya-2010\r\nA\u015fkistan-2015              \r\nA\u015fka Yolculuk-2018\r\n\u015eiir \u015eiir T\u00fcrkiye-I-2021\r\n\u015eiir \u015eiir T\u00fcrkiye-II-2022\r\nNeva-2026\r\nHik\u00e2ye\r\nG\u00fcne\u015fi Tut Ka\u00e7mas\u0131n-2011 \r\nA\u015fk\u0131n Kalbi-2015\r\nMor Da\u011flar\u0131n Balas\u0131-2025\r\nDeneme\r\nAlgoritmik Aforizmalar-2016\r\nRoman\r\nPiri Reis-2022\r\n"}],"_links":{"self":[{"href":"https:\/\/simurgedebiyat.com\/index.php\/wp-json\/wp\/v2\/posts\/2594","targetHints":{"allow":["GET"]}}],"collection":[{"href":"https:\/\/simurgedebiyat.com\/index.php\/wp-json\/wp\/v2\/posts"}],"about":[{"href":"https:\/\/simurgedebiyat.com\/index.php\/wp-json\/wp\/v2\/types\/post"}],"author":[{"embeddable":true,"href":"https:\/\/simurgedebiyat.com\/index.php\/wp-json\/wp\/v2\/users\/3"}],"replies":[{"embeddable":true,"href":"https:\/\/simurgedebiyat.com\/index.php\/wp-json\/wp\/v2\/comments?post=2594"}],"version-history":[{"count":1,"href":"https:\/\/simurgedebiyat.com\/index.php\/wp-json\/wp\/v2\/posts\/2594\/revisions"}],"predecessor-version":[{"id":2596,"href":"https:\/\/simurgedebiyat.com\/index.php\/wp-json\/wp\/v2\/posts\/2594\/revisions\/2596"}],"wp:featuredmedia":[{"embeddable":true,"href":"https:\/\/simurgedebiyat.com\/index.php\/wp-json\/wp\/v2\/media\/2595"}],"wp:attachment":[{"href":"https:\/\/simurgedebiyat.com\/index.php\/wp-json\/wp\/v2\/media?parent=2594"}],"wp:term":[{"taxonomy":"category","embeddable":true,"href":"https:\/\/simurgedebiyat.com\/index.php\/wp-json\/wp\/v2\/categories?post=2594"},{"taxonomy":"post_tag","embeddable":true,"href":"https:\/\/simurgedebiyat.com\/index.php\/wp-json\/wp\/v2\/tags?post=2594"},{"taxonomy":"author","embeddable":true,"href":"https:\/\/simurgedebiyat.com\/index.php\/wp-json\/wp\/v2\/ppma_author?post=2594"}],"curies":[{"name":"wp","href":"https:\/\/api.w.org\/{rel}","templated":true}]}}