{"id":2555,"date":"2025-10-19T20:23:19","date_gmt":"2025-10-19T17:23:19","guid":{"rendered":"https:\/\/simurgedebiyat.com\/?p=2555"},"modified":"2025-10-21T11:34:57","modified_gmt":"2025-10-21T08:34:57","slug":"cevvat-akkanattan-yeni-bir-kitap-o-halde-isyan","status":"publish","type":"post","link":"https:\/\/simurgedebiyat.com\/index.php\/2025\/10\/19\/cevvat-akkanattan-yeni-bir-kitap-o-halde-isyan\/","title":{"rendered":"Cevvat Akkanat\u2019tan Yeni bir kitap: \u201cO HALDE \u0130SYAN\u201d"},"content":{"rendered":"<p>Yazar Cevat Akkanat 6 Ocak 1964 tarihinde Bal\u0131kesir Dursunbey I\u015f\u0131klar K\u00f6y\u00fc\u2019nde D\u00fcnya\u2019ya gelmi\u015ftir. \u0130zmir Dokuz Eyl\u00fcl \u00dcniversitesi T\u00fcrk Dili ve Edebiyatt\u0131 B\u00f6l\u00fcm\u00fc mezunudur. Y\u00fcksek Lisans\u0131n\u0131 K\u0131r\u0131kkale \u00dcniversitesi\u2019nde Gelenek ve \u0130kinci Yeni \u015eiiri tezi ile tamamlam\u0131\u015ft\u0131r.<\/p>\n<p>Son d\u00f6nemde pe\u015f pe\u015fe yay\u0131mlad\u0131\u011f\u0131 \u015fiir kitaplar\u0131 ile \u00f6ne \u00e7\u0131kmakta.<\/p>\n<p>\u015eair; muhalif olmakt\u0131r ya\u015fad\u0131\u011f\u0131 \u00e7a\u011fa, d\u00fczene olumsuzluklara. Sesine ses olmakt\u0131r dara d\u00fc\u015fenin, mazlumun, zulme u\u011frayan\u0131n.<\/p>\n<p>Hayat d\u00fcsturu olmal\u0131 olumsuzluklar. Nedamet her zaman akmal\u0131 dudaklar\u0131ndan, kaleminden. Kelimeleri e\u011fip b\u00fckmeden ama usulca ve yerinde kullanarak d\u00fc\u015f\u00fcncesini dam\u0131tarak aktarmal\u0131.<\/p>\n<p>Denizlerden, a\u011fa\u00e7lardan ku\u015flardan a\u015ftan da bahsetmeli. Co\u011frafyam\u0131z\u0131n iyi ve de k\u00f6t\u00fc y\u00f6nlerini. D\u00fcmen suyuna de\u011fil bildiklerini rast\/dosdo\u011fru s\u00f6ylemeli muhatab\u0131na. \u00c7at\u0131r \u00e7at\u0131r. Ge\u00e7mi\u015ften ve gelecekten dersler\/\u00e7\u0131kar\u0131mlar yapmal\u0131.<\/p>\n<p>\u015eair; ya\u015fad\u0131\u011f\u0131 co\u011frafyada ezber bozand\u0131r da ayn\u0131 zamanda.<\/p>\n<p>\u015eair, \u015fiirin pe\u015finde y\u0131lmadan, yorulmadan m\u00fctemadiyen ko\u015fan adamd\u0131r. Tarihe \u0131\u015f\u0131k tutand\u0131r.<\/p>\n<p>Dertlenen, sorunlar\u0131 kendine i\u015f edinendir de ayn\u0131 zamanda.<\/p>\n<p>Bu minval \u00fczerine son d\u00f6nemde yay\u0131mlad\u0131\u011f\u0131 \u015fiir kitaplar\u0131 ile dikkatleri \u00e7eken \u015fair Cevat Akkanat, Kitap Yurdu Do\u011frudan Yay\u0131nc\u0131l\u0131k Yay\u0131nlar\u0131nda yay\u0131mlanan 15. Kitab\u0131 olan \u201c<strong>O HALDE \u0130SYAN<\/strong>\u201d ile dikkat \u00e7ekmeye devam ediyor. Toplumdaki \u00e7arp\u0131kl\u0131\u011f\u0131, y\u00f6netim \u015feklini ve idarecilerin davran\u0131\u015flar\u0131n\u0131 yo\u011fun bir \u015fekilde ele\u015ftiren \u015fair; topluma terc\u00fcman olmaya \u00e7al\u0131\u015fm\u0131\u015f.<\/p>\n<p>Sessiz y\u0131\u011f\u0131nlar\u0131n sesini duyurmaya \u00e7al\u0131\u015fan \u015fair:<\/p>\n<p>\u201c<em>Halk\u0131n<\/em><\/p>\n<p><em>Sessiz<\/em><\/p>\n<p><em>\u00c7\u0131\u011fl\u0131\u011f\u0131<\/em><\/p>\n<p><em>\u2026<\/em><\/p>\n<p><em>Ankara duy bunu<\/em>\u201d (sayfa:10) diyerek halk\u0131n sessizli\u011fine dikkat \u00e7ekerek Ankara\u2019n\u0131n bunu duymas\u0131n\u0131 istiyor.<\/p>\n<p>Ba\u015fkent jandarma karakolu adl\u0131 \u015fiirinde de ba\u015fkentte seslenerek:<\/p>\n<p>\u201cB<em>a\u015fkent<\/em><\/p>\n<p><em>Niye k\u00fc\u00e7\u00fcld\u00fcn sen b\u00f6yle<\/em><\/p>\n<p><em>\u2026<\/em><\/p>\n<p><em>Zalim diyorlar sana<\/em><\/p>\n<p><em>Ahaliye zulmediyorsun<\/em>\u201d (sayfa:11)<\/p>\n<p>&nbsp;<\/p>\n<p>Zalime ve k\u00f6t\u00fc egemenlere kar\u015f\u0131 mazlumlar\u0131n yan\u0131nda yer alarak karal\u0131 bir duru\u015f sergilemi\u015ftir. Yanl\u0131\u015flara, haks\u0131zl\u0131klara, olumsuzluklara, k\u00f6t\u00fcl\u00fcklere kar\u015f\u0131 hep aba alt\u0131nda sopa g\u00f6stermi\u015f, halk kesimlerinin s\u00f6zc\u00fcl\u00fc\u011f\u00fcne soyunmu\u015f, onlar\u0131n hakk\u0131n\u0131 arama temsilcili\u011fine soyunmu\u015f bir duru\u015fu vard\u0131r.<\/p>\n<p>\u015eair y\u00f6neticilerin halk\u0131n sesine kulak vererek adaleti tesis etmeleri gerekti\u011fine, zulm\u00fcn payidar olamayaca\u011f\u0131n\u0131 vurgu yaparak:<\/p>\n<p>\u201c<em>Ankara\/ duy bunu<\/em>\u201d (sayfa:10) diyerek ger\u00e7ek de\u011ferlerin \u00f6n planda tutulmas\u0131n\u0131 istiyor. Ve tavsiyede bulunuyor:<\/p>\n<p>\u201c<em>Akl\u0131n varsa vazge\u00e7 zul\u00fcmden ba\u015fkent<\/em>\u201d (sayfa:12)<\/p>\n<p>Mamak cezaevinde bir zamanlar ya\u015fanan olumsuzluklara dikkat \u00e7ekerken, bug\u00fcnk\u00fc siyasi arenada Mamak t\u00fcrk\u00fclerde kal\u0131rken, yeni yeni mecralara yelken a\u00e7t\u0131\u011f\u0131n\u0131 ve yerini Sincan\u2019a terk etti\u011fine at\u0131fta bulunan \u015fair:<\/p>\n<p>\u201c<em>mamak t\u00fcrk\u00fcs\u00fc\u2019yd\u00fc bir zamanlar \u00f6ld\u00fc<\/em><\/p>\n<p><em>oldu ad\u0131 \u00f6zg\u00fcrl\u00fc\u011f\u00fcn sincan \u015fimdi<strong>\u2019<\/strong><\/em>\u201d (sayfa :15)<\/p>\n<p>Tekerr\u00fcr T\u00fcrkiye ba\u015fl\u0131kl\u0131 \u015fiirinde T\u00fcrkiye tarihinde ya\u015fananlar\u0131 \u00f6zetliyor:<\/p>\n<p>\u201c\u2026<\/p>\n<p><em>\u0130stiklal sava\u015f\u0131 neymi\u015f ki ya\u015fas\u0131n<\/em><\/p>\n<p><em>\u0130stiklal mahkemesi daha kanl\u0131s\u0131<\/em><\/p>\n<p><em>\u0130lk de\u011fil katakulli altm\u0131\u015flar\u0131n ba\u015f\u0131nda<\/em><\/p>\n<p><em>Mizaha be\u015f \u00e7eker bebek k\u00f6pek davas\u0131<\/em><\/p>\n<p><em>Yetmi\u015fleri ya\u015fad\u0131k a\u011f\u0131r aksak \u00e7ocukluk <\/em><\/p>\n<p><em>Savd\u0131\u011f\u0131m\u0131z bir bela 71 muht\u0131ras\u0131<\/em><\/p>\n<p><em>Okumu\u015f cahilleri asmal\u0131yd\u0131 darbe-g\u00fb<\/em><\/p>\n<p><em>Surat\u0131m\u0131za indi bir sa\u011fdan bir soldan sopas\u0131<\/em><\/p>\n<p><em>Doksanlar\u0131 sormay\u0131n bin y\u0131ll\u0131k zul\u00fcm<\/em><\/p>\n<p><em>El ele k\u0131rd\u0131\u011f\u0131m\u0131z ba\u015f\u00f6rt\u00fcs\u00fc kotas\u0131<\/em><\/p>\n<p><em>Milenyumda t\u00fcrkiye yeni vesayet \u00e7a\u011f\u0131<\/em><\/p>\n<p><em>Balyoz idi evveli yedik \u201cbylok zokas\u0131\u201d<\/em><\/p>\n<p><em>Ne afrin tafras\u0131 ne so\u00e7i uzla\u015fmas\u0131<\/em><\/p>\n<p><em>\u201ctarih\u201d demi\u015fti \u00e2kif: \u201chi\u00e7 ibret al\u0131nsayd\u0131<\/em>\u201d\u2026 (sayfa 16)<\/p>\n<p>Ya\u015fanan olumsuzluklar\u0131: \u201c<em>d\u00fcnyam karard\u0131<\/em>\u201d (sayfa:20) dizesi ile karamsarl\u0131\u011f\u0131n\u0131 ve endi\u015felerini dile getirir.<\/p>\n<p>&nbsp;<\/p>\n<p>Y\u00f6neticiler ile halk aras\u0131nda ya\u015fanan derin u\u00e7urum ve \u00f6r\u00fclen kal\u0131n duvarlara vurgu yapar:<\/p>\n<p>\u201cD<em>emir kaz\u0131klar \u00e7ak\u0131l\u0131<\/em><\/p>\n<p><em>Duvarlar\u0131n \u00fczerleri<\/em><\/p>\n<p><em>Tel \u00f6rg\u00fcler gerili<\/em><\/p>\n<p><em>Yarg\u0131\u00e7lar\u0131n evleri<\/em>\u201d (sayfa 24)<\/p>\n<p>\u015eairlerin g\u00f6revlerinin toplumun sorunlar\u0131n\u0131 ve isten\u00e7lerini dile getirerek terc\u00fcman olmalar\u0131 gerekti\u011fini vurgulad\u0131\u011f\u0131 \u015fiirinde istencini \u015f\u00f6yle dile getirir:<\/p>\n<p>\u201c\u015e<em>airler i\u00e7in i\u015fte \u015f\u0131k<\/em><\/p>\n<p><em>Bomba olmal\u0131 canl\u0131<\/em><\/p>\n<p><em>S\u00f6z bombas\u0131 pek tabii<\/em><\/p>\n<p><em>Geri bildirim toplar\u0131<\/em>\u2026\u201d (sayfa:35)<\/p>\n<p>&nbsp;<\/p>\n<p>Kitapta yer alan toplam 46 \u015fiiri iki ana ba\u015fl\u0131k alt\u0131nda toplam\u0131\u015f: Birinci b\u00f6l\u00fcm devlet tiyatrosu b\u00f6l\u00fcm\u00fcnde 25, Epik Sinema b\u00f6l\u00fcm\u00fcnde 21 \u015fiire yer veren \u015fair, meram\u0131n\u0131 dizelere nak\u015federek bize aktarmaya \u00e7al\u0131\u015fm\u0131\u015f.<\/p>\n<p><em>\u201cAna dolu<\/em><\/p>\n<p><em>H\u00fcz\u00fcn dolu<\/em><\/p>\n<p><em>\u2026<\/em><\/p>\n<p><em>Ankara<\/em><\/p>\n<p><em>Duy bunu<\/em>\u201d (sh. 10)<\/p>\n<p>&nbsp;<\/p>\n<p>\u0130nsanlar\u0131 isyana \u00e7a\u011f\u0131r\u0131rken de ironi yapar:<\/p>\n<p>&nbsp;<\/p>\n<p>\u201c<em>ad\u0131mlar\u0131n\u0131z yeri<\/em><\/p>\n<p><em>g\u00f6\u011f\u00fc inletmeli<\/em><\/p>\n<p><em>&nbsp;<\/em><\/p>\n<p><em>korkunun solsun<\/em><\/p>\n<p><em>bet benzi<\/em><\/p>\n<p><em>&nbsp;<\/em><\/p>\n<p><em>kaplas\u0131n \u015fark\u0131n\u0131z<\/em><\/p>\n<p><em>ba\u015fkentleri<\/em><\/p>\n<p><em>&nbsp;<\/em><\/p>\n<p><em>sesiniz sakarya&#8217;y\u0131<\/em><\/p>\n<p><em>yeniden g\u00fcrletmeli<\/em>\u201d<\/p>\n<p>&nbsp;<\/p>\n<p>gerilim ticaretinden zehir ihram edenler kar\u015f\u0131:<\/p>\n<p>O Halde \u0130syan<\/p>\n<p>Cevat Akkanat K\u0130TAPYURDU DO\u011eRUDAN YAYINCILIK (KDY)<\/p>\n<p><a href=\"https:\/\/www.kitapyurdu.com\/kitap\/o-halde-isyan-\/656988.html?srsltid=AfmBOoptYDjoStFhAhpmxttwbc1RHIcNUC0uk3fa60SFwADQ_KJ9rOic\">O Halde \u0130syan (Cevat Akkanat) Fiyat\u0131, Yorumlar\u0131, Sat\u0131n Al &#8211; Kitapyurdu.com<\/a><\/p>\n<p>&nbsp;<\/p>\n","protected":false},"excerpt":{"rendered":"<p>Yazar Cevat Akkanat 6 Ocak 1964 tarihinde Bal\u0131kesir Dursunbey I\u015f\u0131klar K\u00f6y\u00fc\u2019nde D\u00fcnya\u2019ya gelmi\u015ftir. \u0130zmir Dokuz&#8230;<\/p>\n","protected":false},"author":29,"featured_media":2556,"comment_status":"open","ping_status":"open","sticky":false,"template":"","format":"standard","meta":{"_bbp_topic_count":0,"_bbp_reply_count":0,"_bbp_total_topic_count":0,"_bbp_total_reply_count":0,"_bbp_voice_count":0,"_bbp_anonymous_reply_count":0,"_bbp_topic_count_hidden":0,"_bbp_reply_count_hidden":0,"_bbp_forum_subforum_count":0,"om_disable_all_campaigns":false,"_uag_custom_page_level_css":"","ngg_post_thumbnail":0,"footnotes":""},"categories":[20],"tags":[],"ppma_author":[200],"class_list":["post-2555","post","type-post","status-publish","format-standard","has-post-thumbnail","hentry","category-kitap"],"yoast_head":"<!-- This site is optimized with the Yoast SEO plugin v24.9 - https:\/\/yoast.com\/wordpress\/plugins\/seo\/ -->\n<title>Cevvat Akkanat\u2019tan Yeni bir kitap: \u201cO HALDE \u0130SYAN\u201d - simurgedebiyat.com<\/title>\n<meta name=\"robots\" content=\"index, follow, max-snippet:-1, max-image-preview:large, max-video-preview:-1\" \/>\n<link rel=\"canonical\" href=\"https:\/\/simurgedebiyat.com\/index.php\/2025\/10\/19\/cevvat-akkanattan-yeni-bir-kitap-o-halde-isyan\/\" \/>\n<meta property=\"og:locale\" content=\"tr_TR\" \/>\n<meta property=\"og:type\" content=\"article\" \/>\n<meta property=\"og:title\" content=\"Cevvat Akkanat\u2019tan Yeni bir kitap: \u201cO HALDE \u0130SYAN\u201d - simurgedebiyat.com\" \/>\n<meta property=\"og:description\" content=\"Yazar Cevat Akkanat 6 Ocak 1964 tarihinde Bal\u0131kesir Dursunbey I\u015f\u0131klar K\u00f6y\u00fc\u2019nde D\u00fcnya\u2019ya gelmi\u015ftir. \u0130zmir Dokuz...\" \/>\n<meta property=\"og:url\" content=\"https:\/\/simurgedebiyat.com\/index.php\/2025\/10\/19\/cevvat-akkanattan-yeni-bir-kitap-o-halde-isyan\/\" \/>\n<meta property=\"og:site_name\" content=\"simurgedebiyat.com\" \/>\n<meta property=\"article:published_time\" content=\"2025-10-19T17:23:19+00:00\" \/>\n<meta property=\"article:modified_time\" content=\"2025-10-21T08:34:57+00:00\" \/>\n<meta property=\"og:image\" content=\"https:\/\/simurgedebiyat.com\/wp-content\/uploads\/2025\/10\/Akkanat.jpeg\" \/>\n\t<meta property=\"og:image:width\" content=\"800\" \/>\n\t<meta property=\"og:image:height\" content=\"1268\" \/>\n\t<meta property=\"og:image:type\" content=\"image\/jpeg\" \/>\n<meta name=\"author\" content=\"Bedran YOLDA\u015e\" \/>\n<meta name=\"twitter:card\" content=\"summary_large_image\" \/>\n<meta name=\"twitter:label1\" content=\"Yazan:\" \/>\n\t<meta name=\"twitter:data1\" content=\"Bedran YOLDA\u015e\" \/>\n\t<meta name=\"twitter:label2\" content=\"Tahmini okuma s\u00fcresi\" \/>\n\t<meta name=\"twitter:data2\" content=\"4 dakika\" \/>\n<script type=\"application\/ld+json\" class=\"yoast-schema-graph\">{\"@context\":\"https:\/\/schema.org\",\"@graph\":[{\"@type\":\"Article\",\"@id\":\"https:\/\/simurgedebiyat.com\/index.php\/2025\/10\/19\/cevvat-akkanattan-yeni-bir-kitap-o-halde-isyan\/#article\",\"isPartOf\":{\"@id\":\"https:\/\/simurgedebiyat.com\/index.php\/2025\/10\/19\/cevvat-akkanattan-yeni-bir-kitap-o-halde-isyan\/\"},\"author\":{\"name\":\"Bedran YOLDA\u015e\",\"@id\":\"https:\/\/simurgedebiyat.com\/#\/schema\/person\/32d07bf53b5b7d099c4f3817ef6ae48a\"},\"headline\":\"Cevvat Akkanat\u2019tan Yeni bir kitap: \u201cO HALDE \u0130SYAN\u201d\",\"datePublished\":\"2025-10-19T17:23:19+00:00\",\"dateModified\":\"2025-10-21T08:34:57+00:00\",\"mainEntityOfPage\":{\"@id\":\"https:\/\/simurgedebiyat.com\/index.php\/2025\/10\/19\/cevvat-akkanattan-yeni-bir-kitap-o-halde-isyan\/\"},\"wordCount\":815,\"commentCount\":2,\"publisher\":{\"@id\":\"https:\/\/simurgedebiyat.com\/#organization\"},\"image\":{\"@id\":\"https:\/\/simurgedebiyat.com\/index.php\/2025\/10\/19\/cevvat-akkanattan-yeni-bir-kitap-o-halde-isyan\/#primaryimage\"},\"thumbnailUrl\":\"https:\/\/simurgedebiyat.com\/wp-content\/uploads\/2025\/10\/Akkanat.jpeg\",\"articleSection\":[\"Kitap\"],\"inLanguage\":\"tr\",\"potentialAction\":[{\"@type\":\"CommentAction\",\"name\":\"Comment\",\"target\":[\"https:\/\/simurgedebiyat.com\/index.php\/2025\/10\/19\/cevvat-akkanattan-yeni-bir-kitap-o-halde-isyan\/#respond\"]}]},{\"@type\":\"WebPage\",\"@id\":\"https:\/\/simurgedebiyat.com\/index.php\/2025\/10\/19\/cevvat-akkanattan-yeni-bir-kitap-o-halde-isyan\/\",\"url\":\"https:\/\/simurgedebiyat.com\/index.php\/2025\/10\/19\/cevvat-akkanattan-yeni-bir-kitap-o-halde-isyan\/\",\"name\":\"Cevvat Akkanat\u2019tan Yeni bir kitap: \u201cO HALDE \u0130SYAN\u201d - simurgedebiyat.com\",\"isPartOf\":{\"@id\":\"https:\/\/simurgedebiyat.com\/#website\"},\"primaryImageOfPage\":{\"@id\":\"https:\/\/simurgedebiyat.com\/index.php\/2025\/10\/19\/cevvat-akkanattan-yeni-bir-kitap-o-halde-isyan\/#primaryimage\"},\"image\":{\"@id\":\"https:\/\/simurgedebiyat.com\/index.php\/2025\/10\/19\/cevvat-akkanattan-yeni-bir-kitap-o-halde-isyan\/#primaryimage\"},\"thumbnailUrl\":\"https:\/\/simurgedebiyat.com\/wp-content\/uploads\/2025\/10\/Akkanat.jpeg\",\"datePublished\":\"2025-10-19T17:23:19+00:00\",\"dateModified\":\"2025-10-21T08:34:57+00:00\",\"breadcrumb\":{\"@id\":\"https:\/\/simurgedebiyat.com\/index.php\/2025\/10\/19\/cevvat-akkanattan-yeni-bir-kitap-o-halde-isyan\/#breadcrumb\"},\"inLanguage\":\"tr\",\"potentialAction\":[{\"@type\":\"ReadAction\",\"target\":[\"https:\/\/simurgedebiyat.com\/index.php\/2025\/10\/19\/cevvat-akkanattan-yeni-bir-kitap-o-halde-isyan\/\"]}]},{\"@type\":\"ImageObject\",\"inLanguage\":\"tr\",\"@id\":\"https:\/\/simurgedebiyat.com\/index.php\/2025\/10\/19\/cevvat-akkanattan-yeni-bir-kitap-o-halde-isyan\/#primaryimage\",\"url\":\"https:\/\/simurgedebiyat.com\/wp-content\/uploads\/2025\/10\/Akkanat.jpeg\",\"contentUrl\":\"https:\/\/simurgedebiyat.com\/wp-content\/uploads\/2025\/10\/Akkanat.jpeg\",\"width\":800,\"height\":1268},{\"@type\":\"BreadcrumbList\",\"@id\":\"https:\/\/simurgedebiyat.com\/index.php\/2025\/10\/19\/cevvat-akkanattan-yeni-bir-kitap-o-halde-isyan\/#breadcrumb\",\"itemListElement\":[{\"@type\":\"ListItem\",\"position\":1,\"name\":\"Anasayfa\",\"item\":\"https:\/\/simurgedebiyat.com\/\"},{\"@type\":\"ListItem\",\"position\":2,\"name\":\"Cevvat Akkanat\u2019tan Yeni bir kitap: \u201cO HALDE \u0130SYAN\u201d\"}]},{\"@type\":\"WebSite\",\"@id\":\"https:\/\/simurgedebiyat.com\/#website\",\"url\":\"https:\/\/simurgedebiyat.com\/\",\"name\":\"simurgedebiyat.com\",\"description\":\"edebiyat&amp;K\u00fclt\u00fcr&amp;Sanat&amp;D\u00fc\u015f\u00fcnce \",\"publisher\":{\"@id\":\"https:\/\/simurgedebiyat.com\/#organization\"},\"potentialAction\":[{\"@type\":\"SearchAction\",\"target\":{\"@type\":\"EntryPoint\",\"urlTemplate\":\"https:\/\/simurgedebiyat.com\/?s={search_term_string}\"},\"query-input\":{\"@type\":\"PropertyValueSpecification\",\"valueRequired\":true,\"valueName\":\"search_term_string\"}}],\"inLanguage\":\"tr\"},{\"@type\":\"Organization\",\"@id\":\"https:\/\/simurgedebiyat.com\/#organization\",\"name\":\"simurgedebiyat.com\",\"url\":\"https:\/\/simurgedebiyat.com\/\",\"logo\":{\"@type\":\"ImageObject\",\"inLanguage\":\"tr\",\"@id\":\"https:\/\/simurgedebiyat.com\/#\/schema\/logo\/image\/\",\"url\":\"https:\/\/simurgedebiyat.com\/wp-content\/uploads\/2025\/11\/cropped-HHHHH-1.jpeg\",\"contentUrl\":\"https:\/\/simurgedebiyat.com\/wp-content\/uploads\/2025\/11\/cropped-HHHHH-1.jpeg\",\"width\":245,\"height\":205,\"caption\":\"simurgedebiyat.com\"},\"image\":{\"@id\":\"https:\/\/simurgedebiyat.com\/#\/schema\/logo\/image\/\"}},{\"@type\":\"Person\",\"@id\":\"https:\/\/simurgedebiyat.com\/#\/schema\/person\/32d07bf53b5b7d099c4f3817ef6ae48a\",\"name\":\"Bedran YOLDA\u015e\",\"image\":{\"@type\":\"ImageObject\",\"inLanguage\":\"tr\",\"@id\":\"https:\/\/simurgedebiyat.com\/#\/schema\/person\/image\/e92da9af541ef333bf15b0dd9588da45\",\"url\":\"https:\/\/simurgedebiyat.com\/wp-content\/uploads\/2025\/07\/WhatsApp-Gorsel-2025-07-14-saat-22.14.24_daa71f68.jpg\",\"contentUrl\":\"https:\/\/simurgedebiyat.com\/wp-content\/uploads\/2025\/07\/WhatsApp-Gorsel-2025-07-14-saat-22.14.24_daa71f68.jpg\",\"caption\":\"Bedran YOLDA\u015e\"},\"description\":\"Bedran YOLDA\u015e 1967, Diyarbak\u0131r do\u011fumlu. \u0130lk ve orta \u00f6\u011frenimini Diyarbak\u0131r\u2019da tamamlad\u0131. Dicle \u00dcniversitesi Ziraat Fak\u00fcltesi mezunu. \u00d6zel bir \u015firkette \u00e7al\u0131\u015fmakta. \u00dcr\u00fcnleri; Berceste, Mavi Ye\u015fil, Kardelen, Gezgin, Akp\u0131nar, Beyaz Gemi, De\u011firmen, Lika, Yedi \u0130klim, Tutku, Sak\u0131za\u011fac\u0131, \u0130stanbul Bir Nokta, A\u015fk\u0131n e-Hali, Seb\u00eel\u00fcrre\u015fad, Kalemlik, \u0130ktibas, Yitik Bavul dergilerinde yay\u0131nland\u0131. Yay\u0131nlanm\u0131\u015f Eserleri: Hik\u00e2ye: Renklerin Aristokrat Bask\u0131s\u0131 (2009) \u00c7\u0131k\u0131\u015f\u0131 Olmayan Yol (2014) Ta\u015f H\u00fccre (2025) \u015eiir: Salk\u0131m S\u00f6\u011f\u00fct (2023) \u0130\u00e7ime Saklad\u0131\u011f\u0131m G\u00fcl\u00fc\u015flerim (2023) G\u00fcne\u015f \u00d6zg\u00fcr Do\u011far Hayallere (2024)\",\"url\":\"https:\/\/simurgedebiyat.com\/index.php\/author\/bedran-yoldas\/\"}]}<\/script>\n<!-- \/ Yoast SEO plugin. -->","yoast_head_json":{"title":"Cevvat Akkanat\u2019tan Yeni bir kitap: \u201cO HALDE \u0130SYAN\u201d - simurgedebiyat.com","robots":{"index":"index","follow":"follow","max-snippet":"max-snippet:-1","max-image-preview":"max-image-preview:large","max-video-preview":"max-video-preview:-1"},"canonical":"https:\/\/simurgedebiyat.com\/index.php\/2025\/10\/19\/cevvat-akkanattan-yeni-bir-kitap-o-halde-isyan\/","og_locale":"tr_TR","og_type":"article","og_title":"Cevvat Akkanat\u2019tan Yeni bir kitap: \u201cO HALDE \u0130SYAN\u201d - simurgedebiyat.com","og_description":"Yazar Cevat Akkanat 6 Ocak 1964 tarihinde Bal\u0131kesir Dursunbey I\u015f\u0131klar K\u00f6y\u00fc\u2019nde D\u00fcnya\u2019ya gelmi\u015ftir. \u0130zmir Dokuz...","og_url":"https:\/\/simurgedebiyat.com\/index.php\/2025\/10\/19\/cevvat-akkanattan-yeni-bir-kitap-o-halde-isyan\/","og_site_name":"simurgedebiyat.com","article_published_time":"2025-10-19T17:23:19+00:00","article_modified_time":"2025-10-21T08:34:57+00:00","og_image":[{"width":800,"height":1268,"url":"https:\/\/simurgedebiyat.com\/wp-content\/uploads\/2025\/10\/Akkanat.jpeg","type":"image\/jpeg"}],"author":"Bedran YOLDA\u015e","twitter_card":"summary_large_image","twitter_misc":{"Yazan:":"Bedran YOLDA\u015e","Tahmini okuma s\u00fcresi":"4 dakika"},"schema":{"@context":"https:\/\/schema.org","@graph":[{"@type":"Article","@id":"https:\/\/simurgedebiyat.com\/index.php\/2025\/10\/19\/cevvat-akkanattan-yeni-bir-kitap-o-halde-isyan\/#article","isPartOf":{"@id":"https:\/\/simurgedebiyat.com\/index.php\/2025\/10\/19\/cevvat-akkanattan-yeni-bir-kitap-o-halde-isyan\/"},"author":{"name":"Bedran YOLDA\u015e","@id":"https:\/\/simurgedebiyat.com\/#\/schema\/person\/32d07bf53b5b7d099c4f3817ef6ae48a"},"headline":"Cevvat Akkanat\u2019tan Yeni bir kitap: \u201cO HALDE \u0130SYAN\u201d","datePublished":"2025-10-19T17:23:19+00:00","dateModified":"2025-10-21T08:34:57+00:00","mainEntityOfPage":{"@id":"https:\/\/simurgedebiyat.com\/index.php\/2025\/10\/19\/cevvat-akkanattan-yeni-bir-kitap-o-halde-isyan\/"},"wordCount":815,"commentCount":2,"publisher":{"@id":"https:\/\/simurgedebiyat.com\/#organization"},"image":{"@id":"https:\/\/simurgedebiyat.com\/index.php\/2025\/10\/19\/cevvat-akkanattan-yeni-bir-kitap-o-halde-isyan\/#primaryimage"},"thumbnailUrl":"https:\/\/simurgedebiyat.com\/wp-content\/uploads\/2025\/10\/Akkanat.jpeg","articleSection":["Kitap"],"inLanguage":"tr","potentialAction":[{"@type":"CommentAction","name":"Comment","target":["https:\/\/simurgedebiyat.com\/index.php\/2025\/10\/19\/cevvat-akkanattan-yeni-bir-kitap-o-halde-isyan\/#respond"]}]},{"@type":"WebPage","@id":"https:\/\/simurgedebiyat.com\/index.php\/2025\/10\/19\/cevvat-akkanattan-yeni-bir-kitap-o-halde-isyan\/","url":"https:\/\/simurgedebiyat.com\/index.php\/2025\/10\/19\/cevvat-akkanattan-yeni-bir-kitap-o-halde-isyan\/","name":"Cevvat Akkanat\u2019tan Yeni bir kitap: \u201cO HALDE \u0130SYAN\u201d - simurgedebiyat.com","isPartOf":{"@id":"https:\/\/simurgedebiyat.com\/#website"},"primaryImageOfPage":{"@id":"https:\/\/simurgedebiyat.com\/index.php\/2025\/10\/19\/cevvat-akkanattan-yeni-bir-kitap-o-halde-isyan\/#primaryimage"},"image":{"@id":"https:\/\/simurgedebiyat.com\/index.php\/2025\/10\/19\/cevvat-akkanattan-yeni-bir-kitap-o-halde-isyan\/#primaryimage"},"thumbnailUrl":"https:\/\/simurgedebiyat.com\/wp-content\/uploads\/2025\/10\/Akkanat.jpeg","datePublished":"2025-10-19T17:23:19+00:00","dateModified":"2025-10-21T08:34:57+00:00","breadcrumb":{"@id":"https:\/\/simurgedebiyat.com\/index.php\/2025\/10\/19\/cevvat-akkanattan-yeni-bir-kitap-o-halde-isyan\/#breadcrumb"},"inLanguage":"tr","potentialAction":[{"@type":"ReadAction","target":["https:\/\/simurgedebiyat.com\/index.php\/2025\/10\/19\/cevvat-akkanattan-yeni-bir-kitap-o-halde-isyan\/"]}]},{"@type":"ImageObject","inLanguage":"tr","@id":"https:\/\/simurgedebiyat.com\/index.php\/2025\/10\/19\/cevvat-akkanattan-yeni-bir-kitap-o-halde-isyan\/#primaryimage","url":"https:\/\/simurgedebiyat.com\/wp-content\/uploads\/2025\/10\/Akkanat.jpeg","contentUrl":"https:\/\/simurgedebiyat.com\/wp-content\/uploads\/2025\/10\/Akkanat.jpeg","width":800,"height":1268},{"@type":"BreadcrumbList","@id":"https:\/\/simurgedebiyat.com\/index.php\/2025\/10\/19\/cevvat-akkanattan-yeni-bir-kitap-o-halde-isyan\/#breadcrumb","itemListElement":[{"@type":"ListItem","position":1,"name":"Anasayfa","item":"https:\/\/simurgedebiyat.com\/"},{"@type":"ListItem","position":2,"name":"Cevvat Akkanat\u2019tan Yeni bir kitap: \u201cO HALDE \u0130SYAN\u201d"}]},{"@type":"WebSite","@id":"https:\/\/simurgedebiyat.com\/#website","url":"https:\/\/simurgedebiyat.com\/","name":"simurgedebiyat.com","description":"edebiyat&amp;K\u00fclt\u00fcr&amp;Sanat&amp;D\u00fc\u015f\u00fcnce ","publisher":{"@id":"https:\/\/simurgedebiyat.com\/#organization"},"potentialAction":[{"@type":"SearchAction","target":{"@type":"EntryPoint","urlTemplate":"https:\/\/simurgedebiyat.com\/?s={search_term_string}"},"query-input":{"@type":"PropertyValueSpecification","valueRequired":true,"valueName":"search_term_string"}}],"inLanguage":"tr"},{"@type":"Organization","@id":"https:\/\/simurgedebiyat.com\/#organization","name":"simurgedebiyat.com","url":"https:\/\/simurgedebiyat.com\/","logo":{"@type":"ImageObject","inLanguage":"tr","@id":"https:\/\/simurgedebiyat.com\/#\/schema\/logo\/image\/","url":"https:\/\/simurgedebiyat.com\/wp-content\/uploads\/2025\/11\/cropped-HHHHH-1.jpeg","contentUrl":"https:\/\/simurgedebiyat.com\/wp-content\/uploads\/2025\/11\/cropped-HHHHH-1.jpeg","width":245,"height":205,"caption":"simurgedebiyat.com"},"image":{"@id":"https:\/\/simurgedebiyat.com\/#\/schema\/logo\/image\/"}},{"@type":"Person","@id":"https:\/\/simurgedebiyat.com\/#\/schema\/person\/32d07bf53b5b7d099c4f3817ef6ae48a","name":"Bedran YOLDA\u015e","image":{"@type":"ImageObject","inLanguage":"tr","@id":"https:\/\/simurgedebiyat.com\/#\/schema\/person\/image\/e92da9af541ef333bf15b0dd9588da45","url":"https:\/\/simurgedebiyat.com\/wp-content\/uploads\/2025\/07\/WhatsApp-Gorsel-2025-07-14-saat-22.14.24_daa71f68.jpg","contentUrl":"https:\/\/simurgedebiyat.com\/wp-content\/uploads\/2025\/07\/WhatsApp-Gorsel-2025-07-14-saat-22.14.24_daa71f68.jpg","caption":"Bedran YOLDA\u015e"},"description":"Bedran YOLDA\u015e 1967, Diyarbak\u0131r do\u011fumlu. \u0130lk ve orta \u00f6\u011frenimini Diyarbak\u0131r\u2019da tamamlad\u0131. Dicle \u00dcniversitesi Ziraat Fak\u00fcltesi mezunu. \u00d6zel bir \u015firkette \u00e7al\u0131\u015fmakta. \u00dcr\u00fcnleri; Berceste, Mavi Ye\u015fil, Kardelen, Gezgin, Akp\u0131nar, Beyaz Gemi, De\u011firmen, Lika, Yedi \u0130klim, Tutku, Sak\u0131za\u011fac\u0131, \u0130stanbul Bir Nokta, A\u015fk\u0131n e-Hali, Seb\u00eel\u00fcrre\u015fad, Kalemlik, \u0130ktibas, Yitik Bavul dergilerinde yay\u0131nland\u0131. Yay\u0131nlanm\u0131\u015f Eserleri: Hik\u00e2ye: Renklerin Aristokrat Bask\u0131s\u0131 (2009) \u00c7\u0131k\u0131\u015f\u0131 Olmayan Yol (2014) Ta\u015f H\u00fccre (2025) \u015eiir: Salk\u0131m S\u00f6\u011f\u00fct (2023) \u0130\u00e7ime Saklad\u0131\u011f\u0131m G\u00fcl\u00fc\u015flerim (2023) G\u00fcne\u015f \u00d6zg\u00fcr Do\u011far Hayallere (2024)","url":"https:\/\/simurgedebiyat.com\/index.php\/author\/bedran-yoldas\/"}]}},"featured_image_urls":{"full":["https:\/\/simurgedebiyat.com\/wp-content\/uploads\/2025\/10\/Akkanat.jpeg",800,1268,false],"thumbnail":["https:\/\/simurgedebiyat.com\/wp-content\/uploads\/2025\/10\/Akkanat-150x150.jpeg",150,150,true],"medium":["https:\/\/simurgedebiyat.com\/wp-content\/uploads\/2025\/10\/Akkanat-189x300.jpeg",189,300,true],"medium_large":["https:\/\/simurgedebiyat.com\/wp-content\/uploads\/2025\/10\/Akkanat-768x1217.jpeg",640,1014,true],"large":["https:\/\/simurgedebiyat.com\/wp-content\/uploads\/2025\/10\/Akkanat-646x1024.jpeg",640,1014,true],"1536x1536":["https:\/\/simurgedebiyat.com\/wp-content\/uploads\/2025\/10\/Akkanat.jpeg",800,1268,false],"2048x2048":["https:\/\/simurgedebiyat.com\/wp-content\/uploads\/2025\/10\/Akkanat.jpeg",800,1268,false],"covernews-slider-full":["https:\/\/simurgedebiyat.com\/wp-content\/uploads\/2025\/10\/Akkanat-800x715.jpeg",800,715,true],"covernews-slider-center":["https:\/\/simurgedebiyat.com\/wp-content\/uploads\/2025\/10\/Akkanat-800x500.jpeg",800,500,true],"covernews-featured":["https:\/\/simurgedebiyat.com\/wp-content\/uploads\/2025\/10\/Akkanat.jpeg",800,1268,false],"covernews-medium":["https:\/\/simurgedebiyat.com\/wp-content\/uploads\/2025\/10\/Akkanat-540x340.jpeg",540,340,true],"covernews-medium-square":["https:\/\/simurgedebiyat.com\/wp-content\/uploads\/2025\/10\/Akkanat-400x250.jpeg",400,250,true],"sow-carousel-default":["https:\/\/simurgedebiyat.com\/wp-content\/uploads\/2025\/10\/Akkanat-272x182.jpeg",272,182,true],"sow-blog-portfolio":["https:\/\/simurgedebiyat.com\/wp-content\/uploads\/2025\/10\/Akkanat-375x375.jpeg",375,375,true],"sow-blog-grid":["https:\/\/simurgedebiyat.com\/wp-content\/uploads\/2025\/10\/Akkanat-720x480.jpeg",720,480,true],"sow-blog-alternate":["https:\/\/simurgedebiyat.com\/wp-content\/uploads\/2025\/10\/Akkanat-800x630.jpeg",800,630,true],"sow-recent-post":["https:\/\/simurgedebiyat.com\/wp-content\/uploads\/2025\/10\/Akkanat-216x216.jpeg",216,216,true]},"author_info":{"display_name":"Bedran YOLDA\u015e","author_link":"https:\/\/simurgedebiyat.com\/index.php\/author\/bedran-yoldas\/"},"category_info":"<a href=\"https:\/\/simurgedebiyat.com\/index.php\/category\/kitap\/\" rel=\"category tag\">Kitap<\/a>","tag_info":"Kitap","comment_count":"2","jetpack_featured_media_url":"https:\/\/simurgedebiyat.com\/wp-content\/uploads\/2025\/10\/Akkanat.jpeg","uagb_featured_image_src":{"full":["https:\/\/simurgedebiyat.com\/wp-content\/uploads\/2025\/10\/Akkanat.jpeg",800,1268,false],"thumbnail":["https:\/\/simurgedebiyat.com\/wp-content\/uploads\/2025\/10\/Akkanat-150x150.jpeg",150,150,true],"medium":["https:\/\/simurgedebiyat.com\/wp-content\/uploads\/2025\/10\/Akkanat-189x300.jpeg",189,300,true],"medium_large":["https:\/\/simurgedebiyat.com\/wp-content\/uploads\/2025\/10\/Akkanat-768x1217.jpeg",640,1014,true],"large":["https:\/\/simurgedebiyat.com\/wp-content\/uploads\/2025\/10\/Akkanat-646x1024.jpeg",640,1014,true],"1536x1536":["https:\/\/simurgedebiyat.com\/wp-content\/uploads\/2025\/10\/Akkanat.jpeg",800,1268,false],"2048x2048":["https:\/\/simurgedebiyat.com\/wp-content\/uploads\/2025\/10\/Akkanat.jpeg",800,1268,false],"covernews-slider-full":["https:\/\/simurgedebiyat.com\/wp-content\/uploads\/2025\/10\/Akkanat-800x715.jpeg",800,715,true],"covernews-slider-center":["https:\/\/simurgedebiyat.com\/wp-content\/uploads\/2025\/10\/Akkanat-800x500.jpeg",800,500,true],"covernews-featured":["https:\/\/simurgedebiyat.com\/wp-content\/uploads\/2025\/10\/Akkanat.jpeg",800,1268,false],"covernews-medium":["https:\/\/simurgedebiyat.com\/wp-content\/uploads\/2025\/10\/Akkanat-540x340.jpeg",540,340,true],"covernews-medium-square":["https:\/\/simurgedebiyat.com\/wp-content\/uploads\/2025\/10\/Akkanat-400x250.jpeg",400,250,true],"sow-carousel-default":["https:\/\/simurgedebiyat.com\/wp-content\/uploads\/2025\/10\/Akkanat-272x182.jpeg",272,182,true],"sow-blog-portfolio":["https:\/\/simurgedebiyat.com\/wp-content\/uploads\/2025\/10\/Akkanat-375x375.jpeg",375,375,true],"sow-blog-grid":["https:\/\/simurgedebiyat.com\/wp-content\/uploads\/2025\/10\/Akkanat-720x480.jpeg",720,480,true],"sow-blog-alternate":["https:\/\/simurgedebiyat.com\/wp-content\/uploads\/2025\/10\/Akkanat-800x630.jpeg",800,630,true],"sow-recent-post":["https:\/\/simurgedebiyat.com\/wp-content\/uploads\/2025\/10\/Akkanat-216x216.jpeg",216,216,true]},"uagb_author_info":{"display_name":"Bedran YOLDA\u015e","author_link":"https:\/\/simurgedebiyat.com\/index.php\/author\/bedran-yoldas\/"},"uagb_comment_info":2,"uagb_excerpt":"Yazar Cevat Akkanat 6 Ocak 1964 tarihinde Bal\u0131kesir Dursunbey I\u015f\u0131klar K\u00f6y\u00fc\u2019nde D\u00fcnya\u2019ya gelmi\u015ftir. \u0130zmir Dokuz...","authors":[{"term_id":200,"user_id":29,"is_guest":0,"slug":"bedran-yoldas","display_name":"Bedran YOLDA\u015e","avatar_url":{"url":"https:\/\/simurgedebiyat.com\/wp-content\/uploads\/2025\/07\/WhatsApp-Gorsel-2025-07-14-saat-22.14.24_daa71f68.jpg","url2x":"https:\/\/simurgedebiyat.com\/wp-content\/uploads\/2025\/07\/WhatsApp-Gorsel-2025-07-14-saat-22.14.24_daa71f68.jpg"},"first_name":"","last_name":"","user_url":"","job_title":"","description":"Bedran YOLDA\u015e\r\n1967, Diyarbak\u0131r do\u011fumlu. \u0130lk ve orta \u00f6\u011frenimini Diyarbak\u0131r\u2019da tamamlad\u0131. Dicle \u00dcniversitesi Ziraat Fak\u00fcltesi mezunu. \u00d6zel bir \u015firkette \u00e7al\u0131\u015fmakta. \u00dcr\u00fcnleri; Berceste, Mavi Ye\u015fil, Kardelen, Gezgin, Akp\u0131nar, Beyaz Gemi, De\u011firmen, Lika, Yedi \u0130klim, Tutku, Sak\u0131za\u011fac\u0131, \u0130stanbul Bir Nokta, A\u015fk\u0131n e-Hali, Seb\u00eel\u00fcrre\u015fad, Kalemlik, \u0130ktibas, Yitik Bavul dergilerinde yay\u0131nland\u0131.\r\nYay\u0131nlanm\u0131\u015f Eserleri:\r\nHik\u00e2ye: Renklerin Aristokrat Bask\u0131s\u0131 (2009) \u00c7\u0131k\u0131\u015f\u0131\r\nOlmayan Yol (2014) Ta\u015f H\u00fccre (2025)\r\n\u015eiir: Salk\u0131m S\u00f6\u011f\u00fct (2023) \u0130\u00e7ime Saklad\u0131\u011f\u0131m G\u00fcl\u00fc\u015flerim (2023) G\u00fcne\u015f \u00d6zg\u00fcr Do\u011far Hayallere (2024)"}],"_links":{"self":[{"href":"https:\/\/simurgedebiyat.com\/index.php\/wp-json\/wp\/v2\/posts\/2555","targetHints":{"allow":["GET"]}}],"collection":[{"href":"https:\/\/simurgedebiyat.com\/index.php\/wp-json\/wp\/v2\/posts"}],"about":[{"href":"https:\/\/simurgedebiyat.com\/index.php\/wp-json\/wp\/v2\/types\/post"}],"author":[{"embeddable":true,"href":"https:\/\/simurgedebiyat.com\/index.php\/wp-json\/wp\/v2\/users\/29"}],"replies":[{"embeddable":true,"href":"https:\/\/simurgedebiyat.com\/index.php\/wp-json\/wp\/v2\/comments?post=2555"}],"version-history":[{"count":3,"href":"https:\/\/simurgedebiyat.com\/index.php\/wp-json\/wp\/v2\/posts\/2555\/revisions"}],"predecessor-version":[{"id":2589,"href":"https:\/\/simurgedebiyat.com\/index.php\/wp-json\/wp\/v2\/posts\/2555\/revisions\/2589"}],"wp:featuredmedia":[{"embeddable":true,"href":"https:\/\/simurgedebiyat.com\/index.php\/wp-json\/wp\/v2\/media\/2556"}],"wp:attachment":[{"href":"https:\/\/simurgedebiyat.com\/index.php\/wp-json\/wp\/v2\/media?parent=2555"}],"wp:term":[{"taxonomy":"category","embeddable":true,"href":"https:\/\/simurgedebiyat.com\/index.php\/wp-json\/wp\/v2\/categories?post=2555"},{"taxonomy":"post_tag","embeddable":true,"href":"https:\/\/simurgedebiyat.com\/index.php\/wp-json\/wp\/v2\/tags?post=2555"},{"taxonomy":"author","embeddable":true,"href":"https:\/\/simurgedebiyat.com\/index.php\/wp-json\/wp\/v2\/ppma_author?post=2555"}],"curies":[{"name":"wp","href":"https:\/\/api.w.org\/{rel}","templated":true}]}}