{"id":2358,"date":"2025-09-24T13:35:07","date_gmt":"2025-09-24T10:35:07","guid":{"rendered":"https:\/\/simurgedebiyat.com\/?p=2358"},"modified":"2025-09-24T13:35:07","modified_gmt":"2025-09-24T10:35:07","slug":"irem-baglarinin-yok-olus-hikmeti","status":"publish","type":"post","link":"https:\/\/simurgedebiyat.com\/index.php\/2025\/09\/24\/irem-baglarinin-yok-olus-hikmeti\/","title":{"rendered":"\u0130rem Ba\u011flar\u0131n\u0131n Yok Olu\u015f Hikmeti"},"content":{"rendered":"<p>&nbsp;&nbsp;&nbsp;&nbsp;&nbsp;&nbsp;&nbsp;&nbsp;&nbsp; <strong>Bir\u00e7ok \u015faire ve yazara ilham kayna\u011f\u0131 olan \u0130rem&#8217;in me\u015fhur ba\u011flar\u0131n\u0131 \u00e7e\u015fitli tarihi, dini ve arkeolojik kaynaklarla ele al\u0131p, bunun yok olu\u015f hikmeti \u00fczerinde duraca\u011f\u0131m. Kuran&#8217;\u0131 Kerim&#8217;de de ge\u00e7en bu yerle\u015fim birimi hakk\u0131nda ana bilgileri sunma\u011fa \u00e7al\u0131\u015faca\u011f\u0131m.<\/p>\n<p>&nbsp;&nbsp;&nbsp;&nbsp;&nbsp;&nbsp;&nbsp;&nbsp;&nbsp; G\u00fcn\u00fcm\u00fcz\u00fcn Ortado\u011fu&#8217;suna \u00f6zellikle G\u00fcney Arabistan&#8217;a hatta Yemen dolaylar\u0131na seyahat eden bir ki\u015finin en s\u0131k kar\u015f\u0131la\u015faca\u011f\u0131 \u015fey, geni\u015f \u00e7\u00f6l alanlar\u0131 ve \u0131ss\u0131z topraklar olacakt\u0131r. \u015eehirlerin ve sonradan a\u011fa\u00e7land\u0131r\u0131lm\u0131\u015f b\u00f6lgelerin d\u0131\u015f\u0131nda kalan yerlerin \u00e7o\u011fu kumlarla kapl\u0131d\u0131r. Bu \u00e7\u00f6ller, y\u00fczlerce belki de binlerce y\u0131ld\u0131r burada bulunmaktad\u0131rlar. Bu g\u00fcn bu \u015fekilde olan topraklar \u00fczerinde Kur&#8217;an da muhte\u015fem bir yerle\u015fim biriminin oldu\u011fu ve ba\u011fl\u0131k bah\u00e7elik g\u00fczel yer olarak tan\u0131mlan\u0131r. Buraya Ad kavmi Nuh tufan\u0131ndan sonra yerle\u015fmi\u015f, bunlara peygamber olarak ta Hz.Lut geldi\u011fi bildirilir.&nbsp;<\/p>\n<p>&nbsp;&nbsp;&nbsp;&nbsp;&nbsp;&nbsp;&nbsp;&nbsp; Zamanla bu kavim bu b\u00f6lgede yerle\u015fip me\u015fhur \u201c\u0130rem Ba\u011flar\u0131\u201dn\u0131&#8217; olu\u015fturdular. Gururland\u0131lar, kibirlendiler. Allah&#8217;a isyan edip putlara tapma\u011fa ba\u015flad\u0131lar, Bunun neticesinde ilahi gazap geldi. Kurakl\u0131k ve \u015fiddetli kum f\u0131rt\u0131nas\u0131 sonlar\u0131n\u0131 haz\u0131rlad\u0131. K\u0131saca dini kaynaklarda bu \u015fekilde bize intikal eden olay bu \u015fekildedir.&nbsp;<\/p>\n<p>&nbsp;&nbsp;&nbsp;&nbsp;&nbsp;&nbsp;&nbsp;&nbsp; Yery\u00fcz\u00fcndeki b\u00fcy\u00fck iklim de\u011fi\u015fimlerinin bu olay\u0131n olu\u015fumunda b\u00fcy\u00fck sonuca yol a\u00e7t\u0131\u011f\u0131n\u0131 iklim bilimciler (Klimatologlar) ifade etmektedirler. Tarihsel kay\u0131tlar, g\u00fcn\u00fcm\u00fczde \u00e7\u00f6lle\u015fmi\u015f bulunan bu yerlerin, bir zamanlar olduk\u00e7a verimli ve ye\u015fil bir toprak oldu\u011funu g\u00f6stermektedir. B\u00f6lgenin b\u00fcy\u00fck bir k\u0131sm\u0131, g\u00fcn\u00fcm\u00fczden birka\u00e7 bin y\u0131l \u00f6ncesine kadar Kur&#8217;an&#8217;da anlat\u0131ld\u0131\u011f\u0131 gibi ye\u015fil alanlarla ve p\u0131narlarla kapl\u0131yd\u0131, b\u00f6lge halklar\u0131 da bu nimetlerden faydalan\u0131yordu. Ormanlar, b\u00f6lgenin sert iklimini yumu\u015fat\u0131yor ve ya\u015famaya daha uygun hale getiriyordu. \u00c7\u00f6l yine vard\u0131 ancak g\u00fcn\u00fcm\u00fczdeki kadar geni\u015f bir alan kaplam\u0131yordu. Elde edilen tarihi bulgularda bug\u00fcn \u00e7\u00f6l olan bu b\u00f6lgelerde binlerce y\u0131l \u00f6nce b\u00fcy\u00fck bir medeniyet ya\u015f\u0131yor ba\u011f ve bah\u00e7elerinde tar\u0131m yap\u0131yorlard\u0131.<\/p>\n<p>&nbsp;&nbsp;&nbsp;&nbsp;&nbsp;&nbsp;&nbsp;&nbsp;&nbsp; Uydudan \u00e7ekilen resimlerde &#8216;Ramlat at Sab&#8217;atayan&#8217; isimli bir yerle\u015fim b\u00f6lgesinde \u00e7e\u015fitli sulama kanallar\u0131 ve baraj kal\u0131nt\u0131lar\u0131 bulunmu\u015ftur. Bu b\u00f6lgede 200 bin ki\u015fiye yetecek bir su ve tar\u0131m havzas\u0131 vard\u0131. Ara\u015ft\u0131rmay\u0131 y\u00fcr\u00fcten arkeologlardan Doe \u015f\u00f6yle demi\u015fti: &#8216;Ma&#8217;rib \u00e7evresinde bulunan alan o kadar verimliydi ki, bir zamanlar Ma&#8217;rib ve Hadramut aras\u0131nda kalan b\u00f6lgede \u00e7ok y\u00fcksek verimli bir tar\u0131m yap\u0131ld\u0131\u011f\u0131 s\u00f6ylenebilir.&#8217;<\/p>\n<p>&nbsp;&nbsp;&nbsp;&nbsp;&nbsp;&nbsp;&nbsp;&nbsp;&nbsp; Yunanl\u0131 klasik yazar Pliny de yaz\u0131lar\u0131nda bu b\u00f6lgede bulunan verimli topraklardan, sislerle kapl\u0131, a\u011fa\u00e7l\u0131kl\u0131 da\u011flardan ve kesintisiz uzanan ormanlardan bahsediyordu. Hadramilerin ba\u015fkenti Sabwah yak\u0131nlar\u0131nda erken d\u00f6neme ait baz\u0131 tap\u0131naklardaki yaz\u0131tlarda, bu b\u00f6lgede hayvanlar\u0131n avland\u0131\u011f\u0131ndan ve bunlar\u0131n kurban edildiklerinden s\u00f6z ediliyordu. B\u00fct\u00fcn bunlar, bu b\u00f6lgede bir zamanlar \u00e7\u00f6llerin yan\u0131 s\u0131ra verimli topraklar\u0131n da geni\u015f bir alan kaplad\u0131\u011f\u0131n\u0131 g\u00f6steriyordu.<\/p>\n<p>&nbsp;&nbsp;&nbsp;&nbsp;&nbsp;&nbsp;&nbsp; Kur&#8217;an&#8217;da ge\u00e7en k\u0131ssada Allah, Ad kavmine Hud peygamberi g\u00f6nderdi\u011fini bildirmektedir. Ad Kavmi ise Hud peygamberin bu \u00e7a\u011fr\u0131s\u0131na uymaz, onun uyar\u0131lar\u0131na ra\u011fmen putperest inan\u00e7 ve tav\u0131rlar\u0131ndan vazge\u00e7mezler. Bunun ard\u0131ndan Allah Ad kavminin ya\u015fad\u0131\u011f\u0131 y\u00fcksek s\u00fctunlu \u0130rem \u015fehrini helak eder. Bu \u015fehirden \u015f\u00f6yle s\u00f6z edilir: &#8220;Ad kavminde de ibretler vard\u0131r. Hani onlar\u0131n \u00fczerine k\u00f6klerini kesen r\u00fczg\u00e2r\u0131 g\u00f6ndermi\u015ftik.&#8221; (Z\u00e2riy\u00e2t 41) Sadece Kur&#8217;an&#8217;da ge\u00e7en bu kavimin arkeolojik bulgular\u0131na, amat\u00f6r bir arkeolog olan Nicholos Clapp taraf\u0131ndan bulundu. Bu \u015fehri bulmak i\u00e7in uzun s\u00fcre u\u011fra\u015fan Clapp, NASA ile ortak \u00e7al\u0131\u015farak amac\u0131na ula\u015fabildi.<\/p>\n<p>&nbsp;&nbsp;&nbsp;&nbsp;&nbsp;&nbsp;&nbsp;&nbsp; Nicholas Clapp b\u00f6lgenin uydudan \u00e7ekilmi\u015f resimlerini kullanarak eski yollar\u0131n izlerini takip etti ve \u0130rem \u015fehrinin kal\u0131nt\u0131lar\u0131n\u0131 buldu. Yap\u0131lan kaz\u0131larda bu \u015fehrin di\u011fer antik \u015fehirlerden farkl\u0131 olarak her taraf\u0131nda y\u00fcksek s\u00fctunlar\u0131n bulundu\u011fu ortaya \u00e7\u0131kt\u0131.<\/p>\n<p>&nbsp;&nbsp;&nbsp;&nbsp;&nbsp;&nbsp;&nbsp; Acaba buras\u0131 nas\u0131l \u00e7\u00f6lle\u015fti? Bir b\u00f6lgenin \u00e7\u00f6lle\u015fmesi i\u00e7in ge\u00e7erli olan s\u00fcre, \u00e7e\u015fitli ara\u015ft\u0131rmalara konu olmu\u015ftur. Bunlardan biri, Smithsonian Enstit\u00fcs\u00fc&#8217;n\u00fcn Pakistan&#8217;da yapt\u0131\u011f\u0131 ara\u015ft\u0131rmad\u0131r. Orta\u00e7a\u011f&#8217;da verimli bir arazi oldu\u011fu bilinen bir b\u00f6lgenin g\u00fcn\u00fcm\u00fczde 6 metrelik bir kum tepesine d\u00f6n\u00fc\u015ft\u00fc\u011f\u00fc g\u00f6r\u00fclm\u00fc\u015ft\u00fcr. Kumlar, g\u00fcnde 15 cm. kadar kal\u0131nla\u015fabilmekte ve b\u00f6ylece en y\u00fcksek yap\u0131lar\u0131 bile zaman i\u00e7inde yutabilmekte, bunlar\u0131 sanki hi\u00e7 var olmam\u0131\u015f gibi \u00f6rtebilmektedir. Yemen&#8217;de Timna b\u00f6lgesinde 1950\u2032li y\u0131llarda ba\u015flat\u0131lan kaz\u0131lar sonucu ortaya \u00e7\u0131kart\u0131lan yap\u0131lar, g\u00fcn\u00fcm\u00fczde tekrar kumlara g\u00f6m\u00fclm\u00fc\u015ft\u00fcr. M\u0131s\u0131r piramitleri de bir zamanlar t\u00fcm\u00fcyle kumlar alt\u0131ndayd\u0131 ve ancak \u00e7ok uzun s\u00fcren kaz\u0131lar sonucunda tekrar yery\u00fcz\u00fcne \u00e7\u0131kar\u0131lm\u0131\u015ft\u0131r.<\/p>\n<p>&nbsp;&nbsp;&nbsp;&nbsp;&nbsp;&nbsp;&nbsp;&nbsp; Bu kavmin Hel\u00e2k olu\u015flar\u0131 b\u00fct\u00fcn insanl\u0131\u011fa ibrettir ve hikmetlerle doludur. G\u00fcney Arabistan&#8217;da ya\u015fam\u0131\u015f olan bu kavim, Arabistan yar\u0131madas\u0131na ilk yerle\u015fen kavimlerdendir. Verimli topraklar\u0131 olan bu kavim; otu, suyu ve \u00e7e\u015fitli nimetleri bol, ba\u011fl\u0131k-bah\u00e7elik bir yerdi. Yerin \u00fczerinde g\u00fcr\u00fcl g\u00fcr\u00fcl akan \u0131rmaklar\u0131, ba\u011flar\u0131, bah\u00e7eleri, s\u00fcr\u00fc s\u00fcr\u00fc davarlar\u0131; yer alt\u0131nda da, muhtelif su depolar\u0131 ve k\u00f6\u015fkleri vard\u0131. Hatta buras\u0131, &#8216; \u0130rem &#8216; ad\u0131yla tan\u0131nm\u0131\u015ft\u0131r. Me\u015fhur &#8216; \u0130rem Ba\u011flar\u0131 &#8216; deyimi buradan gelmi\u015ftir. Bu kavmin insanlar\u0131 g\u00fc\u00e7l\u00fc-kuvvetli, c\u00fcsseli, uzun boylu ve uzun \u00f6m\u00fcrl\u00fc idi. Ad kavmi, kayalar\u0131 yontarak evler yapar, g\u00f6steri\u015fli binalar yaparlard\u0131. Bunlar\u0131n i\u00e7inde ba\u011flar-bah\u00e7eler ve g\u00fczel havuzlar bulunurdu. Her yer g\u00f6z kama\u015ft\u0131r\u0131c\u0131 g\u00fczelliklerle doluydu. Bu b\u00f6lgede yalanc\u0131 cennet olu\u015fturmu\u015flard\u0131. Bu g\u00fcn dahi bir\u00e7ok \u015fiirde ge\u00e7en me\u015fhur &#8216;\u0130rem Ba\u011flar\u0131&#8217; buras\u0131yd\u0131.<\/p>\n<p>&nbsp;&nbsp;&nbsp;&nbsp;&nbsp;&nbsp;&nbsp;&nbsp; Ad kavmi, Hz. Nuh Tufan&#8217;\u0131ndan sonra putperestli\u011fe d\u00f6nen ilk kavimdir. Bu kavim, zamanla d\u00fcnya nimetlerine gark olmalar\u0131 sebebiyle Allah&#8217;tan gafil kald\u0131lar, fitne ve fesat ile dinlerinden uzakla\u015ft\u0131lar. Nuh Tufan&#8217;\u0131n\u0131n deh\u015fet ve hikmetini d\u00fc\u015f\u00fcnmeyip iyice d\u00fcnyaya dald\u0131lar. Gelen nimetlerin \u00e7oklu\u011funa bakarak aldand\u0131lar. Kibre kap\u0131ld\u0131lar, b\u00f6b\u00fcrlendiler. Allah Te\u00e2l\u00e2 onlar hakk\u0131nda \u015f\u00f6yle buyurur. \u0130lahi nizam\u0131ma ayk\u0131r\u0131 hareket ettiler. Kur&#8217;an&#8217;da bu olay \u015f\u00f6yle belirtilir: &#8216;Ad kavmine gelince, yery\u00fcz\u00fcnde haks\u0131z yere b\u00fcy\u00fckl\u00fck taslad\u0131lar ve: \u00abBizden daha kuvvetli kim var?\u00bb dediler. Onlar, kendilerini yaratan Allah&#8217;\u0131n, onlardan daha kuvvetli oldu\u011funu g\u00f6rmediler mi? Onlar, bizim ayetlerimizi ink\u00e2r ediyorlard\u0131.&#8217; (Fussilet, 15)&nbsp;<\/p>\n<p>&nbsp;&nbsp;&nbsp;&nbsp;&nbsp;&nbsp;&nbsp;&nbsp; Onlar, il\u00e2h\u00ee istikametten o kadar ayr\u0131ld\u0131lar ki, Samed, Samur, Sad\u00e2 ve Heba adl\u0131 putlar edindiler ve onlara tapma\u011fa ba\u015flad\u0131lar. Zalim ve gaddar oldular. G\u00fc\u00e7s\u00fczleri, kimsesizleri eziyorlard\u0131. Zavall\u0131 kimseleri, y\u00fcksek binalar\u0131n \u00fcst\u00fcne \u00e7\u0131kart\u0131r, oradan a\u015fa\u011f\u0131ya atarlard\u0131. Sonra onun par\u00e7alanm\u0131\u015f manzaras\u0131n\u0131 seyrederler ve bundan zevk al\u0131rlard\u0131. Yani kalpleri, bu kadar kat\u0131la\u015fm\u0131\u015ft\u0131. Zul\u00fcm, ak\u0131l almaz derecede artm\u0131\u015ft\u0131. Zay\u0131f kabilelere bask\u0131nlar yap\u0131p mallar\u0131n\u0131 ya\u011fmalarlard\u0131. L\u00fcks ve g\u00f6steri\u015fte de \u00e7ok a\u015f\u0131r\u0131 gitmi\u015flerdi. Allah bu kavme el\u00e7i olarak Hz. Hud&#8217;u g\u00f6nderdi O&#8217;nun nasihatlerini dinlemediler, azg\u0131nl\u0131klar\u0131na devam ettiler neticede a\u015f\u0131r\u0131 bir kurakl\u0131k ve amans\u0131z f\u0131rt\u0131nayla cezaland\u0131r\u0131ld\u0131lar.<\/p>\n<p>&nbsp;&nbsp;&nbsp;&nbsp;&nbsp;&nbsp;&nbsp; Peki, bu eski \u015fehrin Kur&#8217;an&#8217;da bahsedilen Ad Kavminin \u015fehri oldu\u011funu kan\u0131tlayan \u015fey neydi?<\/p>\n<p>&nbsp;&nbsp;&nbsp;&nbsp;&nbsp;&nbsp;&nbsp;&nbsp; Y\u0131k\u0131nt\u0131lar ilk olarak ortaya \u00e7\u0131kar\u0131ld\u0131\u011f\u0131 andan itibaren bu y\u0131k\u0131k \u015fehrin Kur&#8217;an&#8217;da bahsedilen Ad Kavmi ve \u0130rem&#8217;in s\u00fctunlar\u0131 oldu\u011fu anla\u015f\u0131lm\u0131\u015ft\u0131. Zira kaz\u0131larda ortaya \u00e7\u0131kart\u0131lan yap\u0131lar aras\u0131nda, Kur&#8217;an&#8217;da varl\u0131\u011f\u0131na dikkat \u00e7ekilen uzun s\u00fctunlar yer al\u0131yordu. Kaz\u0131y\u0131 y\u00fcr\u00fcten ara\u015ft\u0131rma ekibinden Dr. Zarins de, bu \u015fehri di\u011fer arkeolojik bulgulardan ay\u0131ran \u015feyin y\u00fcksek s\u00fctunlar oldu\u011funu ve dolay\u0131s\u0131yla bu \u015fehrin Kur&#8217;an&#8217;da bahsi ge\u00e7en Ad Kavminin kenti \u0130rem oldu\u011funu s\u00f6yl\u00fcyordu. Kur&#8217;an&#8217;da, \u0130rem&#8217;den \u015f\u00f6yle s\u00f6z ediliyordu: &#8216;Rabbinin Ad (kavmin)e ne yapt\u0131\u011f\u0131n\u0131 g\u00f6rmedin mi? ?Y\u00fcksek s\u00fctunlar&#8217; sahibi \u0130rem&#8217;e? Ki \u015fehirler i\u00e7inde onun bir benzeri yarat\u0131lm\u0131\u015f de\u011fildi. (Fecr Suresi, 6-8)&#8217; Ad kavminin ya\u015fad\u0131\u011f\u0131 yer olan Yemen d\u00fcnyan\u0131n ilk g\u00f6kdelenlerinin in\u015fa edildi\u011fi \u00fclke. Yemen&#8217;de Sibam-Hadramut b\u00f6lgesindeki g\u00f6kdelenler \u00c7\u00f6l\u00fcn Manhattan&#8217;\u0131 olarak adland\u0131r\u0131l\u0131yor. G\u00f6kdelenler, Ad kavminin ve onun devam\u0131 oldu\u011fu varsay\u0131lan Hadramilerin eseri. G\u00fcn\u00fcm\u00fczde de y\u00f6re halk\u0131 ayn\u0131 in\u015faat teknikleriyle kerpi\u00e7ten ev yapmaya devam ediyorlar. Bu g\u00fcn UNESCO taraf\u0131ndan d\u00fcnya miras\u0131na al\u0131nan Yemenin Ba\u015fkenti Sana \u015fehrinde karma\u015f\u0131k bir \u00e7amur mimarisine sahip olan bu evlerin yan\u0131 s\u0131ra bal\u00e7\u0131ktan in\u015fa edilmi\u015f 6-7 katl\u0131 yap\u0131lara rastlamak m\u00fcmk\u00fcn. Pencereleri ola\u011fan\u00fcst\u00fc vitray ve renkli camlarla bezenmi\u015f binalar, \u015eibam ve Hadramut&#8217;ta yerini 10?12 katl\u0131 kerpi\u00e7 g\u00f6kdelenlere b\u0131rak\u0131r. Y\u00fczy\u0131llard\u0131r dimdik ayakta duran bu d\u00fcnyan\u0131n ilk g\u00f6kdelenleri, Bat\u0131&#8217;daki \u00e7elik konstr\u00fcksiyonlu yap\u0131larla alay edercesine, \u00e7\u00f6l\u00fcn orta yerinde dimdik ayakta durmaktad\u0131r.<\/p>\n<p>&nbsp;&nbsp;&nbsp;&nbsp;&nbsp;&nbsp;&nbsp; Kur&#8217;an&#8217;\u0131n sayfalar\u0131nda Ad kavminden bahseden \u00e7e\u015fitli sureler vard\u0131r. Ad Kavmi&#8217;nden bahseden di\u011fer bir sure ise \u015euara Suresi&#8217;dir. Bu surede Ad Kavminin baz\u0131 \u00f6zelliklerine dikkat \u00e7ekilir. Buna g\u00f6re Ad, &#8216;y\u00fcksek yerlere an\u0131tlar in\u015fa etmekte&#8217; ve &#8216;\u00f6l\u00fcms\u00fcz k\u0131l\u0131nmak umuduyla sanat yap\u0131lar\u0131 edinmekte&#8217; olan bir kavimdir. Ayr\u0131ca bozgunculuk yap\u0131p, zorbaca davranmaktad\u0131r. Hz. Hud, kavmini uyard\u0131\u011f\u0131nda ise, onun s\u00f6zlerini &#8216;ge\u00e7mi\u015ftekilerin geleneksel tutumu&#8217; olarak yorumlarlar. Ba\u015flar\u0131na bir \u015fey gelmeyece\u011finden de son derece emindirler:<\/p>\n<p>&nbsp;&nbsp;&nbsp;&nbsp;&nbsp;&nbsp;&nbsp;&nbsp; Ad kavmi Hz. Hud&#8217;a inanmad\u0131, yalanlad\u0131. Hani onlara karde\u015fleri Hud: Sak\u0131nmaz m\u0131s\u0131n\u0131z?&#8217; demi\u015fti. ?Ger\u00e7ek \u015fu ki, ben size g\u00f6nderilmi\u015f g\u00fcvenilir bir el\u00e7iyim. Art\u0131k Allah&#8217;tan korkup-sak\u0131n\u0131n ve bana itaat edin. Buna kar\u015f\u0131l\u0131k ben sizden bir \u00fccret istemiyorum; \u00fccretim yaln\u0131zca \u00e2lemlerin Rabbine aittir. Siz, her y\u00fcksek\u00e7e yere bir an\u0131t in\u015fa edip (yarars\u0131z bir \u015feyle) oyalan\u0131p e\u011fleniyor musunuz? \u00d6l\u00fcms\u00fcz k\u0131l\u0131nmak umuduyla sanat yap\u0131lar\u0131 m\u0131 ediniyorsunuz? Tutup yakalad\u0131\u011f\u0131n\u0131z zaman da zorbalar gibi mi yakal\u0131yorsunuz? Art\u0131k Allah&#8217;tan korkup-sak\u0131n\u0131n ve bana itaat edin. Bildi\u011finiz \u015feylerle size yard\u0131m edenden korkup-sak\u0131n\u0131n. Size hayvanlar, \u00e7ocuklar (vererek) yard\u0131m etti. Bah\u00e7eler ve p\u0131narlar da. Do\u011frusu, ben sizin i\u00e7in b\u00fcy\u00fck bir g\u00fcn\u00fcn azab\u0131ndan korkuyorum.&#8217; Dediler ki: ?Bizim i\u00e7in fark etmez; \u00f6\u011f\u00fct versen de, \u00f6\u011f\u00fct verenlerden olmasan da. Bu, ge\u00e7mi\u015ftekilerin ?geleneksel tutumundan ba\u015fkas\u0131 de\u011fildir. Ve biz azap g\u00f6recek de de\u011filiz.&#8217; B\u00f6ylelikle onu yalanlad\u0131lar, Biz de onlar\u0131 y\u0131k\u0131ma u\u011fratt\u0131k. &nbsp;&nbsp;&nbsp;&nbsp;&nbsp;Ger\u00e7ekten, bunda bir ayet vard\u0131r, ama onlar\u0131n \u00e7o\u011fu iman etmi\u015f de\u011fildirler. Ve \u015f\u00fcphesiz, senin Rabbin, g\u00fc\u00e7l\u00fc ve \u00fcst\u00fcn oland\u0131r, esirgeyendir. (\u015euara Suresi, 123-140)<br \/>\n&nbsp;<br \/>\n&nbsp;&nbsp;&nbsp;&nbsp;&nbsp;&nbsp;&nbsp;&nbsp; Kur&#8217;an&#8217;da 1400 y\u0131l \u00f6nce haber verilen Ad kavmi, g\u00fcn\u00fcm\u00fcz\u00fcn teknolojik imk\u00e2nlar\u0131 ile bir Kur&#8217;an mucizesi olarak ortaya \u00e7\u0131km\u0131\u015ft\u0131r. G\u00f6r\u00fcld\u00fc\u011f\u00fc gibi Kur&#8217;an&#8217;da ge\u00e7mi\u015fle ilgili verilen bilgilerin tarihsel bilgiler ve arkeolojik buluntularla paralellik arz etmesi, b\u00f6ylesine bir mutabakat i\u00e7inde olmas\u0131, Kur&#8217;an&#8217;\u0131n Allah Kelam\u0131 oldu\u011funun ayr\u0131 birer delilidir.<\/p>\n<p>&nbsp;&nbsp;&nbsp;&nbsp;&nbsp;&nbsp;&nbsp; Tarihi, dini ve arkeolojik kaynaklarla varl\u0131\u011f\u0131 kesin olan &#8216;\u0130rem Ba\u011flar\u0131&#8217; her t\u00fcrl\u00fc g\u00fczelli\u011fiyle g\u00f6z kama\u015ft\u0131r\u0131c\u0131 olmas\u0131na ra\u011fmen \u015fiddetli kum f\u0131rt\u0131nas\u0131yla yok olmu\u015ftur. Bu yok olu\u015fun ana nedenlerinin hikmetini \u015f\u00f6yle ifade edebiliriz.<\/p>\n<p>&nbsp;&nbsp;&nbsp;&nbsp;&nbsp;&nbsp;&nbsp; 1.Kendilerine g\u00f6nderilen el\u00e7inin uyar\u0131lar\u0131na dikkat etmeyip, ona hakaret etmeleri, \u00f6rne\u011fin Hz. Hud&#8217;u beyinsizlik ve sap\u0131kl\u0131kla itham etmek gibi.<\/p>\n<p>&nbsp;&nbsp;&nbsp;&nbsp;&nbsp;&nbsp;&nbsp; 2. Kendilerinin g\u00fc\u00e7l\u00fc kuvvetli olduklar\u0131n\u0131 s\u00f6yleyip, Hz. Hud taraf\u0131ndan gelebilecek bir zarar\u0131n olamayaca\u011f\u0131n\u0131 ileri s\u00fcrmeleri, kendilerine a\u015f\u0131r\u0131 g\u00fcvenmeleri g\u00fcc\u00fcn kendilerinde de\u011fil onlar\u0131 yaratanda oldu\u011funun g\u00f6sterilmesi.<\/p>\n<p>&nbsp;&nbsp;&nbsp;&nbsp;&nbsp;&nbsp;&nbsp;&nbsp; 3. Ahreti ink\u00e2r etmeleri ve hayat\u0131n sadece d\u00fcnya hayat\u0131ndan ibaret oldu\u011funu ileri s\u00fcrmeleri, d\u00fcnyaya a\u015f\u0131r\u0131 ba\u011f\u0131ml\u0131\u011f\u0131n sonucu,&nbsp;<\/p>\n<p>&nbsp;&nbsp;&nbsp;&nbsp;&nbsp;&nbsp;&nbsp; 4. Atalar dinine ba\u011fl\u0131l\u0131k, k\u00f6r\u00fc k\u00f6r\u00fcne bat\u0131l inan\u00e7ta olmalar\u0131n\u0131n ac\u0131 sonucu,<\/p>\n<p>&nbsp;&nbsp;&nbsp;&nbsp;&nbsp;&nbsp;&nbsp; 5. D\u00fcnyada zaman zaman olu\u015fan b\u00fcy\u00fck iklim de\u011fi\u015fikliklerinin \u00f6nceden \u0131l\u0131man iklim olan bir b\u00f6lgenin kurak (\u00c7\u00f6l) iklimine d\u00f6n\u00fc\u015fmesini g\u00f6stermesi,&nbsp;<\/p>\n<p>&nbsp;&nbsp;&nbsp;&nbsp;&nbsp;&nbsp;&nbsp; 6. Adaletten ayr\u0131lan zul\u00fcm yapan bir kavmin sonunun hazin oldu\u011funu g\u00f6stermesi,<\/p>\n<p>&nbsp;&nbsp;&nbsp;&nbsp;&nbsp;&nbsp;&nbsp; 7. Binlerce y\u0131l \u00f6ncesinde bile insanlar\u0131n ne kadar muhkem kaleler ve saraylar yapt\u0131klar\u0131n\u0131 g\u00f6stermesi a\u00e7\u0131s\u0131ndan \u00f6nemli tarihi de\u011ferinin bulunmas\u0131,<br \/>\nK\u0131saca \u0130rem ba\u011flar\u0131n\u0131n yok olu\u015fundaki hikmetlerin d\u00fc\u015f\u00fcn\u00fclmesi gerekti\u011fine inanmaktay\u0131z. <\/strong><\/p>\n<p><strong>&nbsp;&nbsp;&nbsp;&nbsp;&nbsp;&nbsp;&nbsp; G\u00fcn\u00fcm\u00fczden binlerce y\u0131l \u00f6nce Ortado\u011fu&#8217;nun i\u00e7inde olu\u015fan bu olay bizlere bir\u00e7ok hikmetin oldu\u011funu i\u00e7ermektedir. En do\u011frusunu \u00e2lemleri yoktan var eden bilir.<\/p>\n<p><\/strong><\/p>\n","protected":false},"excerpt":{"rendered":"<p>&nbsp;&nbsp;&nbsp;&nbsp;&nbsp;&nbsp;&nbsp;&nbsp;&nbsp; Bir\u00e7ok \u015faire ve yazara ilham kayna\u011f\u0131 olan \u0130rem&#8217;in me\u015fhur ba\u011flar\u0131n\u0131 \u00e7e\u015fitli tarihi, dini ve&#8230;<\/p>\n","protected":false},"author":3,"featured_media":2359,"comment_status":"open","ping_status":"open","sticky":false,"template":"","format":"standard","meta":{"_bbp_topic_count":0,"_bbp_reply_count":0,"_bbp_total_topic_count":0,"_bbp_total_reply_count":0,"_bbp_voice_count":0,"_bbp_anonymous_reply_count":0,"_bbp_topic_count_hidden":0,"_bbp_reply_count_hidden":0,"_bbp_forum_subforum_count":0,"om_disable_all_campaigns":false,"_uag_custom_page_level_css":"","ngg_post_thumbnail":0,"footnotes":""},"categories":[179],"tags":[],"ppma_author":[94],"class_list":["post-2358","post","type-post","status-publish","format-standard","has-post-thumbnail","hentry","category-arastirmalar"],"yoast_head":"<!-- This site is optimized with the Yoast SEO plugin v24.9 - https:\/\/yoast.com\/wordpress\/plugins\/seo\/ -->\n<title>\u0130rem Ba\u011flar\u0131n\u0131n Yok Olu\u015f Hikmeti - simurgedebiyat.com<\/title>\n<meta name=\"robots\" content=\"index, follow, max-snippet:-1, max-image-preview:large, max-video-preview:-1\" \/>\n<link rel=\"canonical\" href=\"https:\/\/simurgedebiyat.com\/index.php\/2025\/09\/24\/irem-baglarinin-yok-olus-hikmeti\/\" \/>\n<meta property=\"og:locale\" content=\"tr_TR\" \/>\n<meta property=\"og:type\" content=\"article\" \/>\n<meta property=\"og:title\" content=\"\u0130rem Ba\u011flar\u0131n\u0131n Yok Olu\u015f Hikmeti - simurgedebiyat.com\" \/>\n<meta property=\"og:description\" content=\"&nbsp;&nbsp;&nbsp;&nbsp;&nbsp;&nbsp;&nbsp;&nbsp;&nbsp; Bir\u00e7ok \u015faire ve yazara ilham kayna\u011f\u0131 olan \u0130rem&#8217;in me\u015fhur ba\u011flar\u0131n\u0131 \u00e7e\u015fitli tarihi, dini ve...\" \/>\n<meta property=\"og:url\" content=\"https:\/\/simurgedebiyat.com\/index.php\/2025\/09\/24\/irem-baglarinin-yok-olus-hikmeti\/\" \/>\n<meta property=\"og:site_name\" content=\"simurgedebiyat.com\" \/>\n<meta property=\"article:published_time\" content=\"2025-09-24T10:35:07+00:00\" \/>\n<meta property=\"og:image\" content=\"https:\/\/simurgedebiyat.com\/wp-content\/uploads\/2025\/09\/igdir-irem-baglari-hikayesi-3244.jpg\" \/>\n\t<meta property=\"og:image:width\" content=\"641\" \/>\n\t<meta property=\"og:image:height\" content=\"380\" \/>\n\t<meta property=\"og:image:type\" content=\"image\/jpeg\" \/>\n<meta name=\"author\" content=\"Tar\u0131k TORUN\" \/>\n<meta name=\"twitter:card\" content=\"summary_large_image\" \/>\n<meta name=\"twitter:label1\" content=\"Yazan:\" \/>\n\t<meta name=\"twitter:data1\" content=\"Tar\u0131k TORUN\" \/>\n\t<meta name=\"twitter:label2\" content=\"Tahmini okuma s\u00fcresi\" \/>\n\t<meta name=\"twitter:data2\" content=\"10 dakika\" \/>\n<script type=\"application\/ld+json\" class=\"yoast-schema-graph\">{\"@context\":\"https:\/\/schema.org\",\"@graph\":[{\"@type\":\"Article\",\"@id\":\"https:\/\/simurgedebiyat.com\/index.php\/2025\/09\/24\/irem-baglarinin-yok-olus-hikmeti\/#article\",\"isPartOf\":{\"@id\":\"https:\/\/simurgedebiyat.com\/index.php\/2025\/09\/24\/irem-baglarinin-yok-olus-hikmeti\/\"},\"author\":{\"name\":\"Tar\u0131k TORUN\",\"@id\":\"https:\/\/simurgedebiyat.com\/#\/schema\/person\/2b69186447343805a1de03a426a9c75c\"},\"headline\":\"\u0130rem Ba\u011flar\u0131n\u0131n Yok Olu\u015f Hikmeti\",\"datePublished\":\"2025-09-24T10:35:07+00:00\",\"mainEntityOfPage\":{\"@id\":\"https:\/\/simurgedebiyat.com\/index.php\/2025\/09\/24\/irem-baglarinin-yok-olus-hikmeti\/\"},\"wordCount\":2479,\"commentCount\":0,\"publisher\":{\"@id\":\"https:\/\/simurgedebiyat.com\/#organization\"},\"image\":{\"@id\":\"https:\/\/simurgedebiyat.com\/index.php\/2025\/09\/24\/irem-baglarinin-yok-olus-hikmeti\/#primaryimage\"},\"thumbnailUrl\":\"https:\/\/simurgedebiyat.com\/wp-content\/uploads\/2025\/09\/igdir-irem-baglari-hikayesi-3244.jpg\",\"articleSection\":[\"Ara\u015ft\u0131rmalar\"],\"inLanguage\":\"tr\",\"potentialAction\":[{\"@type\":\"CommentAction\",\"name\":\"Comment\",\"target\":[\"https:\/\/simurgedebiyat.com\/index.php\/2025\/09\/24\/irem-baglarinin-yok-olus-hikmeti\/#respond\"]}]},{\"@type\":\"WebPage\",\"@id\":\"https:\/\/simurgedebiyat.com\/index.php\/2025\/09\/24\/irem-baglarinin-yok-olus-hikmeti\/\",\"url\":\"https:\/\/simurgedebiyat.com\/index.php\/2025\/09\/24\/irem-baglarinin-yok-olus-hikmeti\/\",\"name\":\"\u0130rem Ba\u011flar\u0131n\u0131n Yok Olu\u015f Hikmeti - simurgedebiyat.com\",\"isPartOf\":{\"@id\":\"https:\/\/simurgedebiyat.com\/#website\"},\"primaryImageOfPage\":{\"@id\":\"https:\/\/simurgedebiyat.com\/index.php\/2025\/09\/24\/irem-baglarinin-yok-olus-hikmeti\/#primaryimage\"},\"image\":{\"@id\":\"https:\/\/simurgedebiyat.com\/index.php\/2025\/09\/24\/irem-baglarinin-yok-olus-hikmeti\/#primaryimage\"},\"thumbnailUrl\":\"https:\/\/simurgedebiyat.com\/wp-content\/uploads\/2025\/09\/igdir-irem-baglari-hikayesi-3244.jpg\",\"datePublished\":\"2025-09-24T10:35:07+00:00\",\"breadcrumb\":{\"@id\":\"https:\/\/simurgedebiyat.com\/index.php\/2025\/09\/24\/irem-baglarinin-yok-olus-hikmeti\/#breadcrumb\"},\"inLanguage\":\"tr\",\"potentialAction\":[{\"@type\":\"ReadAction\",\"target\":[\"https:\/\/simurgedebiyat.com\/index.php\/2025\/09\/24\/irem-baglarinin-yok-olus-hikmeti\/\"]}]},{\"@type\":\"ImageObject\",\"inLanguage\":\"tr\",\"@id\":\"https:\/\/simurgedebiyat.com\/index.php\/2025\/09\/24\/irem-baglarinin-yok-olus-hikmeti\/#primaryimage\",\"url\":\"https:\/\/simurgedebiyat.com\/wp-content\/uploads\/2025\/09\/igdir-irem-baglari-hikayesi-3244.jpg\",\"contentUrl\":\"https:\/\/simurgedebiyat.com\/wp-content\/uploads\/2025\/09\/igdir-irem-baglari-hikayesi-3244.jpg\",\"width\":641,\"height\":380},{\"@type\":\"BreadcrumbList\",\"@id\":\"https:\/\/simurgedebiyat.com\/index.php\/2025\/09\/24\/irem-baglarinin-yok-olus-hikmeti\/#breadcrumb\",\"itemListElement\":[{\"@type\":\"ListItem\",\"position\":1,\"name\":\"Anasayfa\",\"item\":\"https:\/\/simurgedebiyat.com\/\"},{\"@type\":\"ListItem\",\"position\":2,\"name\":\"\u0130rem Ba\u011flar\u0131n\u0131n Yok Olu\u015f Hikmeti\"}]},{\"@type\":\"WebSite\",\"@id\":\"https:\/\/simurgedebiyat.com\/#website\",\"url\":\"https:\/\/simurgedebiyat.com\/\",\"name\":\"simurgedebiyat.com\",\"description\":\"edebiyat&amp;K\u00fclt\u00fcr&amp;Sanat&amp;D\u00fc\u015f\u00fcnce \",\"publisher\":{\"@id\":\"https:\/\/simurgedebiyat.com\/#organization\"},\"potentialAction\":[{\"@type\":\"SearchAction\",\"target\":{\"@type\":\"EntryPoint\",\"urlTemplate\":\"https:\/\/simurgedebiyat.com\/?s={search_term_string}\"},\"query-input\":{\"@type\":\"PropertyValueSpecification\",\"valueRequired\":true,\"valueName\":\"search_term_string\"}}],\"inLanguage\":\"tr\"},{\"@type\":\"Organization\",\"@id\":\"https:\/\/simurgedebiyat.com\/#organization\",\"name\":\"simurgedebiyat.com\",\"url\":\"https:\/\/simurgedebiyat.com\/\",\"logo\":{\"@type\":\"ImageObject\",\"inLanguage\":\"tr\",\"@id\":\"https:\/\/simurgedebiyat.com\/#\/schema\/logo\/image\/\",\"url\":\"https:\/\/simurgedebiyat.com\/wp-content\/uploads\/2025\/11\/cropped-HHHHH-1.jpeg\",\"contentUrl\":\"https:\/\/simurgedebiyat.com\/wp-content\/uploads\/2025\/11\/cropped-HHHHH-1.jpeg\",\"width\":245,\"height\":205,\"caption\":\"simurgedebiyat.com\"},\"image\":{\"@id\":\"https:\/\/simurgedebiyat.com\/#\/schema\/logo\/image\/\"}},{\"@type\":\"Person\",\"@id\":\"https:\/\/simurgedebiyat.com\/#\/schema\/person\/2b69186447343805a1de03a426a9c75c\",\"name\":\"Tar\u0131k TORUN\",\"image\":{\"@type\":\"ImageObject\",\"inLanguage\":\"tr\",\"@id\":\"https:\/\/simurgedebiyat.com\/#\/schema\/person\/image\/23494c9101089ad44ae88ce9d2f56aac\",\"url\":\"https:\/\/secure.gravatar.com\/avatar\/?s=96&d=mm&r=g\",\"contentUrl\":\"https:\/\/secure.gravatar.com\/avatar\/?s=96&d=mm&r=g\",\"caption\":\"Tar\u0131k TORUN\"},\"description\":\"Bayburt\u2019un Bayraktar (Baks\u0131) k\u00f6y\u00fcnde do\u011fdu (1965). \u0130lk\u00f6\u011frenimini k\u00f6y\u00fcnde bitirdi. Ailesi ile birlikte \u00c7orum\u2019a g\u00f6\u00e7 etti (1975). Orta\u00f6\u011frenimini \u00c7orum\u2019da tamamlad\u0131. Karadeniz Teknik \u00dcniversitesi, Fatih E\u011fitim Fak\u00fcltesi, Co\u011frafya \u00d6\u011fretmenli\u011fi b\u00f6l\u00fcm\u00fcn\u00fc bitirdi (1988). 1989 \u2018dan itibaren pek \u00e7ok lisede co\u011frafya \u00f6\u011fretmenli\u011fi yapt\u0131. Bu arada Gazi \u00dcniversitesi, Sosyal Bilimler Enstit\u00fcs\u00fc, Co\u011frafya E\u011fitimi Y\u00fcksek Lisans (Master) program\u0131n\u0131 bitirdi. Anadolu \u00dcniversitesi, T\u00fcrk Dili ve Edebiyat\u0131 B\u00f6l\u00fcm\u00fcn\u00fc de bitirdi. Ayr\u0131ca \u0130stanbul \u00dcniversitesi, Hukuk Fak\u00fcltesi\u2019nde de okudu. MEB, \u00d6YGM, EARGED ve YE\u011e\u0130TEK\u2019de \u00f6\u011fretmen olarak \u00e7al\u0131\u015ft\u0131. \u0130LESAM, TYB, \u0130slam \u00dclkeleri Akademisyen ve Yazarlar Birli\u011fi ile Uluslararas\u0131 Bayburt Yazar ve Sanat\u00e7\u0131lar Derne\u011fi\u2019nin \u00fcyesidir. \u00c7e\u015fitli sosyal ve k\u00fclt\u00fcrel \u00e7al\u0131\u015fmalara kat\u0131lmaktad\u0131r. \u015eiir, deneme, makale, roman, hik\u00e2ye, gezi yaz\u0131s\u0131, ara\u015ft\u0131rma-inceleme alan\u0131ndaki \u00e7al\u0131\u015fmalar\u0131 halen devam etmektedir. \u00c7e\u015fitli kurulu\u015flardan ald\u0131\u011f\u0131 onlarca \u00f6d\u00fcl\u00fc bulunmaktad\u0131r. ESERLER\u0130 \u015eiir G\u00fclistan\u0131n G\u00fclleri-2006 Alizeler-2007 A\u015fk\u0131n Co\u011frafyas\u0131-2008 Meb\u015fure-2009 A\u015fko\u011frafya-2010 A\u015fkistan-2015 A\u015fka Yolculuk-2018 \u015eiir \u015eiir T\u00fcrkiye-I-2021 \u015eiir \u015eiir T\u00fcrkiye-II-2022 Neva-2026 Hik\u00e2ye G\u00fcne\u015fi Tut Ka\u00e7mas\u0131n-2011 A\u015fk\u0131n Kalbi-2015 Mor Da\u011flar\u0131n Balas\u0131-2025 Deneme Algoritmik Aforizmalar-2016 Roman Piri Reis-2022\",\"url\":\"https:\/\/simurgedebiyat.com\/index.php\/author\/tarik-torun\/\"}]}<\/script>\n<!-- \/ Yoast SEO plugin. -->","yoast_head_json":{"title":"\u0130rem Ba\u011flar\u0131n\u0131n Yok Olu\u015f Hikmeti - simurgedebiyat.com","robots":{"index":"index","follow":"follow","max-snippet":"max-snippet:-1","max-image-preview":"max-image-preview:large","max-video-preview":"max-video-preview:-1"},"canonical":"https:\/\/simurgedebiyat.com\/index.php\/2025\/09\/24\/irem-baglarinin-yok-olus-hikmeti\/","og_locale":"tr_TR","og_type":"article","og_title":"\u0130rem Ba\u011flar\u0131n\u0131n Yok Olu\u015f Hikmeti - simurgedebiyat.com","og_description":"&nbsp;&nbsp;&nbsp;&nbsp;&nbsp;&nbsp;&nbsp;&nbsp;&nbsp; Bir\u00e7ok \u015faire ve yazara ilham kayna\u011f\u0131 olan \u0130rem&#8217;in me\u015fhur ba\u011flar\u0131n\u0131 \u00e7e\u015fitli tarihi, dini ve...","og_url":"https:\/\/simurgedebiyat.com\/index.php\/2025\/09\/24\/irem-baglarinin-yok-olus-hikmeti\/","og_site_name":"simurgedebiyat.com","article_published_time":"2025-09-24T10:35:07+00:00","og_image":[{"width":641,"height":380,"url":"https:\/\/simurgedebiyat.com\/wp-content\/uploads\/2025\/09\/igdir-irem-baglari-hikayesi-3244.jpg","type":"image\/jpeg"}],"author":"Tar\u0131k TORUN","twitter_card":"summary_large_image","twitter_misc":{"Yazan:":"Tar\u0131k TORUN","Tahmini okuma s\u00fcresi":"10 dakika"},"schema":{"@context":"https:\/\/schema.org","@graph":[{"@type":"Article","@id":"https:\/\/simurgedebiyat.com\/index.php\/2025\/09\/24\/irem-baglarinin-yok-olus-hikmeti\/#article","isPartOf":{"@id":"https:\/\/simurgedebiyat.com\/index.php\/2025\/09\/24\/irem-baglarinin-yok-olus-hikmeti\/"},"author":{"name":"Tar\u0131k TORUN","@id":"https:\/\/simurgedebiyat.com\/#\/schema\/person\/2b69186447343805a1de03a426a9c75c"},"headline":"\u0130rem Ba\u011flar\u0131n\u0131n Yok Olu\u015f Hikmeti","datePublished":"2025-09-24T10:35:07+00:00","mainEntityOfPage":{"@id":"https:\/\/simurgedebiyat.com\/index.php\/2025\/09\/24\/irem-baglarinin-yok-olus-hikmeti\/"},"wordCount":2479,"commentCount":0,"publisher":{"@id":"https:\/\/simurgedebiyat.com\/#organization"},"image":{"@id":"https:\/\/simurgedebiyat.com\/index.php\/2025\/09\/24\/irem-baglarinin-yok-olus-hikmeti\/#primaryimage"},"thumbnailUrl":"https:\/\/simurgedebiyat.com\/wp-content\/uploads\/2025\/09\/igdir-irem-baglari-hikayesi-3244.jpg","articleSection":["Ara\u015ft\u0131rmalar"],"inLanguage":"tr","potentialAction":[{"@type":"CommentAction","name":"Comment","target":["https:\/\/simurgedebiyat.com\/index.php\/2025\/09\/24\/irem-baglarinin-yok-olus-hikmeti\/#respond"]}]},{"@type":"WebPage","@id":"https:\/\/simurgedebiyat.com\/index.php\/2025\/09\/24\/irem-baglarinin-yok-olus-hikmeti\/","url":"https:\/\/simurgedebiyat.com\/index.php\/2025\/09\/24\/irem-baglarinin-yok-olus-hikmeti\/","name":"\u0130rem Ba\u011flar\u0131n\u0131n Yok Olu\u015f Hikmeti - simurgedebiyat.com","isPartOf":{"@id":"https:\/\/simurgedebiyat.com\/#website"},"primaryImageOfPage":{"@id":"https:\/\/simurgedebiyat.com\/index.php\/2025\/09\/24\/irem-baglarinin-yok-olus-hikmeti\/#primaryimage"},"image":{"@id":"https:\/\/simurgedebiyat.com\/index.php\/2025\/09\/24\/irem-baglarinin-yok-olus-hikmeti\/#primaryimage"},"thumbnailUrl":"https:\/\/simurgedebiyat.com\/wp-content\/uploads\/2025\/09\/igdir-irem-baglari-hikayesi-3244.jpg","datePublished":"2025-09-24T10:35:07+00:00","breadcrumb":{"@id":"https:\/\/simurgedebiyat.com\/index.php\/2025\/09\/24\/irem-baglarinin-yok-olus-hikmeti\/#breadcrumb"},"inLanguage":"tr","potentialAction":[{"@type":"ReadAction","target":["https:\/\/simurgedebiyat.com\/index.php\/2025\/09\/24\/irem-baglarinin-yok-olus-hikmeti\/"]}]},{"@type":"ImageObject","inLanguage":"tr","@id":"https:\/\/simurgedebiyat.com\/index.php\/2025\/09\/24\/irem-baglarinin-yok-olus-hikmeti\/#primaryimage","url":"https:\/\/simurgedebiyat.com\/wp-content\/uploads\/2025\/09\/igdir-irem-baglari-hikayesi-3244.jpg","contentUrl":"https:\/\/simurgedebiyat.com\/wp-content\/uploads\/2025\/09\/igdir-irem-baglari-hikayesi-3244.jpg","width":641,"height":380},{"@type":"BreadcrumbList","@id":"https:\/\/simurgedebiyat.com\/index.php\/2025\/09\/24\/irem-baglarinin-yok-olus-hikmeti\/#breadcrumb","itemListElement":[{"@type":"ListItem","position":1,"name":"Anasayfa","item":"https:\/\/simurgedebiyat.com\/"},{"@type":"ListItem","position":2,"name":"\u0130rem Ba\u011flar\u0131n\u0131n Yok Olu\u015f Hikmeti"}]},{"@type":"WebSite","@id":"https:\/\/simurgedebiyat.com\/#website","url":"https:\/\/simurgedebiyat.com\/","name":"simurgedebiyat.com","description":"edebiyat&amp;K\u00fclt\u00fcr&amp;Sanat&amp;D\u00fc\u015f\u00fcnce ","publisher":{"@id":"https:\/\/simurgedebiyat.com\/#organization"},"potentialAction":[{"@type":"SearchAction","target":{"@type":"EntryPoint","urlTemplate":"https:\/\/simurgedebiyat.com\/?s={search_term_string}"},"query-input":{"@type":"PropertyValueSpecification","valueRequired":true,"valueName":"search_term_string"}}],"inLanguage":"tr"},{"@type":"Organization","@id":"https:\/\/simurgedebiyat.com\/#organization","name":"simurgedebiyat.com","url":"https:\/\/simurgedebiyat.com\/","logo":{"@type":"ImageObject","inLanguage":"tr","@id":"https:\/\/simurgedebiyat.com\/#\/schema\/logo\/image\/","url":"https:\/\/simurgedebiyat.com\/wp-content\/uploads\/2025\/11\/cropped-HHHHH-1.jpeg","contentUrl":"https:\/\/simurgedebiyat.com\/wp-content\/uploads\/2025\/11\/cropped-HHHHH-1.jpeg","width":245,"height":205,"caption":"simurgedebiyat.com"},"image":{"@id":"https:\/\/simurgedebiyat.com\/#\/schema\/logo\/image\/"}},{"@type":"Person","@id":"https:\/\/simurgedebiyat.com\/#\/schema\/person\/2b69186447343805a1de03a426a9c75c","name":"Tar\u0131k TORUN","image":{"@type":"ImageObject","inLanguage":"tr","@id":"https:\/\/simurgedebiyat.com\/#\/schema\/person\/image\/23494c9101089ad44ae88ce9d2f56aac","url":"https:\/\/secure.gravatar.com\/avatar\/?s=96&d=mm&r=g","contentUrl":"https:\/\/secure.gravatar.com\/avatar\/?s=96&d=mm&r=g","caption":"Tar\u0131k TORUN"},"description":"Bayburt\u2019un Bayraktar (Baks\u0131) k\u00f6y\u00fcnde do\u011fdu (1965). \u0130lk\u00f6\u011frenimini k\u00f6y\u00fcnde bitirdi. Ailesi ile birlikte \u00c7orum\u2019a g\u00f6\u00e7 etti (1975). Orta\u00f6\u011frenimini \u00c7orum\u2019da tamamlad\u0131. Karadeniz Teknik \u00dcniversitesi, Fatih E\u011fitim Fak\u00fcltesi, Co\u011frafya \u00d6\u011fretmenli\u011fi b\u00f6l\u00fcm\u00fcn\u00fc bitirdi (1988). 1989 \u2018dan itibaren pek \u00e7ok lisede co\u011frafya \u00f6\u011fretmenli\u011fi yapt\u0131. Bu arada Gazi \u00dcniversitesi, Sosyal Bilimler Enstit\u00fcs\u00fc, Co\u011frafya E\u011fitimi Y\u00fcksek Lisans (Master) program\u0131n\u0131 bitirdi. Anadolu \u00dcniversitesi, T\u00fcrk Dili ve Edebiyat\u0131 B\u00f6l\u00fcm\u00fcn\u00fc de bitirdi. Ayr\u0131ca \u0130stanbul \u00dcniversitesi, Hukuk Fak\u00fcltesi\u2019nde de okudu. MEB, \u00d6YGM, EARGED ve YE\u011e\u0130TEK\u2019de \u00f6\u011fretmen olarak \u00e7al\u0131\u015ft\u0131. \u0130LESAM, TYB, \u0130slam \u00dclkeleri Akademisyen ve Yazarlar Birli\u011fi ile Uluslararas\u0131 Bayburt Yazar ve Sanat\u00e7\u0131lar Derne\u011fi\u2019nin \u00fcyesidir. \u00c7e\u015fitli sosyal ve k\u00fclt\u00fcrel \u00e7al\u0131\u015fmalara kat\u0131lmaktad\u0131r. \u015eiir, deneme, makale, roman, hik\u00e2ye, gezi yaz\u0131s\u0131, ara\u015ft\u0131rma-inceleme alan\u0131ndaki \u00e7al\u0131\u015fmalar\u0131 halen devam etmektedir. \u00c7e\u015fitli kurulu\u015flardan ald\u0131\u011f\u0131 onlarca \u00f6d\u00fcl\u00fc bulunmaktad\u0131r. ESERLER\u0130 \u015eiir G\u00fclistan\u0131n G\u00fclleri-2006 Alizeler-2007 A\u015fk\u0131n Co\u011frafyas\u0131-2008 Meb\u015fure-2009 A\u015fko\u011frafya-2010 A\u015fkistan-2015 A\u015fka Yolculuk-2018 \u015eiir \u015eiir T\u00fcrkiye-I-2021 \u015eiir \u015eiir T\u00fcrkiye-II-2022 Neva-2026 Hik\u00e2ye G\u00fcne\u015fi Tut Ka\u00e7mas\u0131n-2011 A\u015fk\u0131n Kalbi-2015 Mor Da\u011flar\u0131n Balas\u0131-2025 Deneme Algoritmik Aforizmalar-2016 Roman Piri Reis-2022","url":"https:\/\/simurgedebiyat.com\/index.php\/author\/tarik-torun\/"}]}},"featured_image_urls":{"full":["https:\/\/simurgedebiyat.com\/wp-content\/uploads\/2025\/09\/igdir-irem-baglari-hikayesi-3244.jpg",641,380,false],"thumbnail":["https:\/\/simurgedebiyat.com\/wp-content\/uploads\/2025\/09\/igdir-irem-baglari-hikayesi-3244-150x150.jpg",150,150,true],"medium":["https:\/\/simurgedebiyat.com\/wp-content\/uploads\/2025\/09\/igdir-irem-baglari-hikayesi-3244-300x178.jpg",300,178,true],"medium_large":["https:\/\/simurgedebiyat.com\/wp-content\/uploads\/2025\/09\/igdir-irem-baglari-hikayesi-3244.jpg",640,379,false],"large":["https:\/\/simurgedebiyat.com\/wp-content\/uploads\/2025\/09\/igdir-irem-baglari-hikayesi-3244.jpg",640,379,false],"1536x1536":["https:\/\/simurgedebiyat.com\/wp-content\/uploads\/2025\/09\/igdir-irem-baglari-hikayesi-3244.jpg",641,380,false],"2048x2048":["https:\/\/simurgedebiyat.com\/wp-content\/uploads\/2025\/09\/igdir-irem-baglari-hikayesi-3244.jpg",641,380,false],"covernews-slider-full":["https:\/\/simurgedebiyat.com\/wp-content\/uploads\/2025\/09\/igdir-irem-baglari-hikayesi-3244.jpg",641,380,false],"covernews-slider-center":["https:\/\/simurgedebiyat.com\/wp-content\/uploads\/2025\/09\/igdir-irem-baglari-hikayesi-3244.jpg",641,380,false],"covernews-featured":["https:\/\/simurgedebiyat.com\/wp-content\/uploads\/2025\/09\/igdir-irem-baglari-hikayesi-3244.jpg",641,380,false],"covernews-medium":["https:\/\/simurgedebiyat.com\/wp-content\/uploads\/2025\/09\/igdir-irem-baglari-hikayesi-3244-540x340.jpg",540,340,true],"covernews-medium-square":["https:\/\/simurgedebiyat.com\/wp-content\/uploads\/2025\/09\/igdir-irem-baglari-hikayesi-3244-400x250.jpg",400,250,true],"sow-carousel-default":["https:\/\/simurgedebiyat.com\/wp-content\/uploads\/2025\/09\/igdir-irem-baglari-hikayesi-3244-272x182.jpg",272,182,true],"sow-blog-portfolio":["https:\/\/simurgedebiyat.com\/wp-content\/uploads\/2025\/09\/igdir-irem-baglari-hikayesi-3244-375x375.jpg",375,375,true],"sow-blog-grid":["https:\/\/simurgedebiyat.com\/wp-content\/uploads\/2025\/09\/igdir-irem-baglari-hikayesi-3244.jpg",641,380,false],"sow-blog-alternate":["https:\/\/simurgedebiyat.com\/wp-content\/uploads\/2025\/09\/igdir-irem-baglari-hikayesi-3244.jpg",641,380,false],"sow-recent-post":["https:\/\/simurgedebiyat.com\/wp-content\/uploads\/2025\/09\/igdir-irem-baglari-hikayesi-3244-216x216.jpg",216,216,true]},"author_info":{"display_name":"Tar\u0131k TORUN","author_link":"https:\/\/simurgedebiyat.com\/index.php\/author\/tarik-torun\/"},"category_info":"<a href=\"https:\/\/simurgedebiyat.com\/index.php\/category\/arastirmalar\/\" rel=\"category tag\">Ara\u015ft\u0131rmalar<\/a>","tag_info":"Ara\u015ft\u0131rmalar","comment_count":"0","jetpack_featured_media_url":"https:\/\/simurgedebiyat.com\/wp-content\/uploads\/2025\/09\/igdir-irem-baglari-hikayesi-3244.jpg","uagb_featured_image_src":{"full":["https:\/\/simurgedebiyat.com\/wp-content\/uploads\/2025\/09\/igdir-irem-baglari-hikayesi-3244.jpg",641,380,false],"thumbnail":["https:\/\/simurgedebiyat.com\/wp-content\/uploads\/2025\/09\/igdir-irem-baglari-hikayesi-3244-150x150.jpg",150,150,true],"medium":["https:\/\/simurgedebiyat.com\/wp-content\/uploads\/2025\/09\/igdir-irem-baglari-hikayesi-3244-300x178.jpg",300,178,true],"medium_large":["https:\/\/simurgedebiyat.com\/wp-content\/uploads\/2025\/09\/igdir-irem-baglari-hikayesi-3244.jpg",640,379,false],"large":["https:\/\/simurgedebiyat.com\/wp-content\/uploads\/2025\/09\/igdir-irem-baglari-hikayesi-3244.jpg",640,379,false],"1536x1536":["https:\/\/simurgedebiyat.com\/wp-content\/uploads\/2025\/09\/igdir-irem-baglari-hikayesi-3244.jpg",641,380,false],"2048x2048":["https:\/\/simurgedebiyat.com\/wp-content\/uploads\/2025\/09\/igdir-irem-baglari-hikayesi-3244.jpg",641,380,false],"covernews-slider-full":["https:\/\/simurgedebiyat.com\/wp-content\/uploads\/2025\/09\/igdir-irem-baglari-hikayesi-3244.jpg",641,380,false],"covernews-slider-center":["https:\/\/simurgedebiyat.com\/wp-content\/uploads\/2025\/09\/igdir-irem-baglari-hikayesi-3244.jpg",641,380,false],"covernews-featured":["https:\/\/simurgedebiyat.com\/wp-content\/uploads\/2025\/09\/igdir-irem-baglari-hikayesi-3244.jpg",641,380,false],"covernews-medium":["https:\/\/simurgedebiyat.com\/wp-content\/uploads\/2025\/09\/igdir-irem-baglari-hikayesi-3244-540x340.jpg",540,340,true],"covernews-medium-square":["https:\/\/simurgedebiyat.com\/wp-content\/uploads\/2025\/09\/igdir-irem-baglari-hikayesi-3244-400x250.jpg",400,250,true],"sow-carousel-default":["https:\/\/simurgedebiyat.com\/wp-content\/uploads\/2025\/09\/igdir-irem-baglari-hikayesi-3244-272x182.jpg",272,182,true],"sow-blog-portfolio":["https:\/\/simurgedebiyat.com\/wp-content\/uploads\/2025\/09\/igdir-irem-baglari-hikayesi-3244-375x375.jpg",375,375,true],"sow-blog-grid":["https:\/\/simurgedebiyat.com\/wp-content\/uploads\/2025\/09\/igdir-irem-baglari-hikayesi-3244.jpg",641,380,false],"sow-blog-alternate":["https:\/\/simurgedebiyat.com\/wp-content\/uploads\/2025\/09\/igdir-irem-baglari-hikayesi-3244.jpg",641,380,false],"sow-recent-post":["https:\/\/simurgedebiyat.com\/wp-content\/uploads\/2025\/09\/igdir-irem-baglari-hikayesi-3244-216x216.jpg",216,216,true]},"uagb_author_info":{"display_name":"Tar\u0131k TORUN","author_link":"https:\/\/simurgedebiyat.com\/index.php\/author\/tarik-torun\/"},"uagb_comment_info":0,"uagb_excerpt":"&nbsp;&nbsp;&nbsp;&nbsp;&nbsp;&nbsp;&nbsp;&nbsp;&nbsp; Bir\u00e7ok \u015faire ve yazara ilham kayna\u011f\u0131 olan \u0130rem&#8217;in me\u015fhur ba\u011flar\u0131n\u0131 \u00e7e\u015fitli tarihi, dini ve...","authors":[{"term_id":94,"user_id":3,"is_guest":0,"slug":"tarik-torun","display_name":"Tar\u0131k TORUN","avatar_url":{"url":"https:\/\/simurgedebiyat.com\/wp-content\/uploads\/2025\/10\/Tarik-TORUM.jpg","url2x":"https:\/\/simurgedebiyat.com\/wp-content\/uploads\/2025\/10\/Tarik-TORUM.jpg"},"first_name":"Tar\u0131k","last_name":"TORUN","user_url":"","job_title":"","description":"Bayburt\u2019un Bayraktar (Baks\u0131) k\u00f6y\u00fcnde do\u011fdu (1965). \u0130lk\u00f6\u011frenimini k\u00f6y\u00fcnde bitirdi. Ailesi ile birlikte \u00c7orum\u2019a g\u00f6\u00e7 etti (1975). Orta\u00f6\u011frenimini \u00c7orum\u2019da tamamlad\u0131. Karadeniz Teknik \u00dcniversitesi, Fatih E\u011fitim Fak\u00fcltesi, Co\u011frafya \u00d6\u011fretmenli\u011fi b\u00f6l\u00fcm\u00fcn\u00fc bitirdi (1988).\r\n1989 \u2018dan itibaren pek \u00e7ok lisede co\u011frafya \u00f6\u011fretmenli\u011fi yapt\u0131. Bu arada Gazi \u00dcniversitesi, Sosyal Bilimler Enstit\u00fcs\u00fc, Co\u011frafya E\u011fitimi Y\u00fcksek Lisans (Master) program\u0131n\u0131 bitirdi. Anadolu \u00dcniversitesi, T\u00fcrk Dili ve Edebiyat\u0131 B\u00f6l\u00fcm\u00fcn\u00fc de bitirdi. Ayr\u0131ca \u0130stanbul \u00dcniversitesi, Hukuk Fak\u00fcltesi\u2019nde de okudu. MEB, \u00d6YGM, EARGED ve YE\u011e\u0130TEK\u2019de \u00f6\u011fretmen olarak \u00e7al\u0131\u015ft\u0131. \u0130LESAM, TYB, \u0130slam \u00dclkeleri Akademisyen ve Yazarlar Birli\u011fi ile Uluslararas\u0131 Bayburt Yazar ve Sanat\u00e7\u0131lar Derne\u011fi\u2019nin \u00fcyesidir. \u00c7e\u015fitli sosyal ve k\u00fclt\u00fcrel \u00e7al\u0131\u015fmalara kat\u0131lmaktad\u0131r. \u015eiir, deneme, makale, roman, hik\u00e2ye, gezi yaz\u0131s\u0131, ara\u015ft\u0131rma-inceleme alan\u0131ndaki \u00e7al\u0131\u015fmalar\u0131 halen devam etmektedir. \u00c7e\u015fitli kurulu\u015flardan ald\u0131\u011f\u0131 onlarca \u00f6d\u00fcl\u00fc bulunmaktad\u0131r.\r\nESERLER\u0130\r\n\u015eiir\r\nG\u00fclistan\u0131n G\u00fclleri-2006 \r\nAlizeler-2007\r\nA\u015fk\u0131n Co\u011frafyas\u0131-2008\r\nMeb\u015fure-2009 \r\nA\u015fko\u011frafya-2010\r\nA\u015fkistan-2015              \r\nA\u015fka Yolculuk-2018\r\n\u015eiir \u015eiir T\u00fcrkiye-I-2021\r\n\u015eiir \u015eiir T\u00fcrkiye-II-2022\r\nNeva-2026\r\nHik\u00e2ye\r\nG\u00fcne\u015fi Tut Ka\u00e7mas\u0131n-2011 \r\nA\u015fk\u0131n Kalbi-2015\r\nMor Da\u011flar\u0131n Balas\u0131-2025\r\nDeneme\r\nAlgoritmik Aforizmalar-2016\r\nRoman\r\nPiri Reis-2022\r\n"}],"_links":{"self":[{"href":"https:\/\/simurgedebiyat.com\/index.php\/wp-json\/wp\/v2\/posts\/2358","targetHints":{"allow":["GET"]}}],"collection":[{"href":"https:\/\/simurgedebiyat.com\/index.php\/wp-json\/wp\/v2\/posts"}],"about":[{"href":"https:\/\/simurgedebiyat.com\/index.php\/wp-json\/wp\/v2\/types\/post"}],"author":[{"embeddable":true,"href":"https:\/\/simurgedebiyat.com\/index.php\/wp-json\/wp\/v2\/users\/3"}],"replies":[{"embeddable":true,"href":"https:\/\/simurgedebiyat.com\/index.php\/wp-json\/wp\/v2\/comments?post=2358"}],"version-history":[{"count":1,"href":"https:\/\/simurgedebiyat.com\/index.php\/wp-json\/wp\/v2\/posts\/2358\/revisions"}],"predecessor-version":[{"id":2360,"href":"https:\/\/simurgedebiyat.com\/index.php\/wp-json\/wp\/v2\/posts\/2358\/revisions\/2360"}],"wp:featuredmedia":[{"embeddable":true,"href":"https:\/\/simurgedebiyat.com\/index.php\/wp-json\/wp\/v2\/media\/2359"}],"wp:attachment":[{"href":"https:\/\/simurgedebiyat.com\/index.php\/wp-json\/wp\/v2\/media?parent=2358"}],"wp:term":[{"taxonomy":"category","embeddable":true,"href":"https:\/\/simurgedebiyat.com\/index.php\/wp-json\/wp\/v2\/categories?post=2358"},{"taxonomy":"post_tag","embeddable":true,"href":"https:\/\/simurgedebiyat.com\/index.php\/wp-json\/wp\/v2\/tags?post=2358"},{"taxonomy":"author","embeddable":true,"href":"https:\/\/simurgedebiyat.com\/index.php\/wp-json\/wp\/v2\/ppma_author?post=2358"}],"curies":[{"name":"wp","href":"https:\/\/api.w.org\/{rel}","templated":true}]}}