{"id":2338,"date":"2025-09-23T16:05:19","date_gmt":"2025-09-23T13:05:19","guid":{"rendered":"https:\/\/simurgedebiyat.com\/?p=2338"},"modified":"2025-09-23T16:05:19","modified_gmt":"2025-09-23T13:05:19","slug":"ayaklari-yere-basmayan-festival-teknofest-istanbul-2025","status":"publish","type":"post","link":"https:\/\/simurgedebiyat.com\/index.php\/2025\/09\/23\/ayaklari-yere-basmayan-festival-teknofest-istanbul-2025\/","title":{"rendered":"Ayaklar\u0131 Yere Basmayan Festival TEKNOFEST \/\u0130stanbul-2025"},"content":{"rendered":"<p>Milli teknoloji hamlesinin en b\u00fcy\u00fck sahnesi TEKNOFEST, 17-21 Eyl\u00fcl tarihlerinde \u0130stanbul\u2019da yine yeniden nefesleri kesti! Bu y\u0131l 13. kez d\u00fczenlenen festivalde be\u015f g\u00fcn boyunca teknoloji yar\u0131\u015fmalar\u0131, hava g\u00f6sterileri, konserler, deneyim alanlar\u0131, sergi ve at\u00f6lyeler gibi dopdolu bir\u00e7ok etkinlik ziyaret\u00e7ilere unutulmaz anlar ya\u015fatt\u0131. D\u00fcnyan\u0131n en b\u00fcy\u00fck havac\u0131l\u0131k, uzay ve teknoloji festivali bu y\u0131l 1 milyon 32 bin ziyaret\u00e7i ile bulu\u015ftu.<\/p>\n<p>T\u00fcrkiye Teknoloji Tak\u0131m\u0131 Vakf\u0131 (T3 Vakf\u0131) ve T.C. Sanayi ve Teknoloji Bakanl\u0131\u011f\u0131\u2019n\u0131n \u00f6nc\u00fcl\u00fc\u011f\u00fcnde d\u00fczenlenen d\u00fcnyan\u0131n en b\u00fcy\u00fck havac\u0131l\u0131k, uzay ve teknoloji festivali TEKNOFEST, teknolojiye g\u00f6n\u00fcl veren milyonlar\u0131 bu kez \u0130stanbul\u2019da bulu\u015fturdu! Bug\u00fcne dek 11 milyona yak\u0131n ziyaret\u00e7iye ev sahipli\u011fi yapan festival, \u0130stanbul\u2019un tarihi dokusu ve k\u00fclt\u00fcrel zenginli\u011fiyle b\u00fct\u00fcnle\u015ferek milyonlara bilim, teknoloji ve inovasyonun co\u015fkusunu yeniden ya\u015fatt\u0131. 17-21 Eyl\u00fcl tarihleri aras\u0131nda Atat\u00fcrk Havaliman\u0131\u2019nda ger\u00e7ekle\u015fen TEKNOFEST \u0130stanbul, inovasyon dolu yar\u0131\u015fmalardan nefes kesen hava g\u00f6sterilerine uzanan, teknoloji ve heyecan\u0131 bulu\u015fturan pek \u00e7ok etkinli\u011fe ev sahipli\u011fi yapt\u0131. Mlili E\u011fitim Bakanl\u0131\u011f\u0131m\u0131z \u00e7e\u015fitli Genel M\u00fcd\u00fcrl\u00fckleriyle Teknofest\u2019e kat\u0131lm\u0131\u015f olup, \u00f6zellikle YE\u011e\u0130TEK\u2019in stand\u0131nda yapay zek\u00e2 ve di\u011fer dijital platformlarla ilgili bilgilendirmeler g\u00f6r\u00fclme\u011fe de\u011ferdi.<\/p>\n<p>&nbsp;&nbsp;&nbsp;&nbsp;&nbsp;&nbsp;&nbsp;&nbsp;&nbsp;&nbsp;&nbsp;&nbsp; Kritik alanlarda teknolojik geli\u015fimi destekleyen yar\u0131\u015fma kategorileriyle \u00f6ne \u00e7\u0131kan TEKNOFEST \u0130stanbul\u2019da, 58 ana ve 137 alt kategoride ger\u00e7ekle\u015ftirilen yar\u0131\u015fmalarda \u00f6n eleme a\u015famas\u0131n\u0131 ge\u00e7en tak\u0131mlar yar\u0131\u015ft\u0131. &nbsp;85 milyon TL\u2019nin \u00fczerinde maddi destekten yararlanarak dereceye giren tak\u0131mlara ise toplamda 65 milyon TL\u2019nin \u00fczerinde \u00f6d\u00fcl da\u011f\u0131t\u0131ld\u0131. &nbsp;<\/p>\n<p>\u0130lham\u0131n kayna\u011f\u0131, teknolojinin kalbi TEKNOFEST \u0130stanbul kapsam\u0131nda d\u00fczenlenen teknoloji yar\u0131\u015fmalar\u0131na hayallerini ger\u00e7e\u011fe d\u00f6n\u00fc\u015ft\u00fcrmek isteyen 565 binden fazla tak\u0131m ve 1 milyon 100 bin yar\u0131\u015fmac\u0131 ba\u015fvuruda bulundu. 58 ana kategori ve 137 alt kategoride d\u00fczenlenen teknoloji yar\u0131\u015fmalar\u0131yla yenilik\u00e7i fikirlerin sergilenece\u011fi festival, bilimin ve teknolojinin gelece\u011fine y\u00f6n verecek \u00f6\u011frencileri, giri\u015fimcileri ve teknoloji merakl\u0131lar\u0131n\u0131 bulu\u015fturdu.&nbsp;<\/p>\n<p>TEKNOFEST \u0130stanbul, en k\u00fc\u00e7\u00fckten en b\u00fcy\u00fc\u011f\u00fcne, ailelerden teknoloji tutkunlar\u0131na kadar her ya\u015ftan ziyaret\u00e7iye unutulmayacak bir be\u015f g\u00fcn sundu. Festival kapsam\u0131nda; g\u00f6ky\u00fcz\u00fcnde s\u00fcz\u00fclen nefes kesici hava g\u00f6sterileri, co\u015fkuyu doru\u011fa \u00e7\u0131karan konserler ve sahne g\u00f6sterileri, ufuk a\u00e7acak sergi ve e\u011fitici at\u00f6lyeler, s\u00fcr\u00fckleyici sim\u00fclasyon deneyim alanlar\u0131, y\u0131ld\u0131zlara yolculuk imkan\u0131 sunan planetaryum, bilim \u015fovlar\u0131, teknolojinin d\u00fcn\u00fc ve bug\u00fcn\u00fcn\u00fc bulu\u015fturan TEKNOFEST Zaman T\u00fcneli, milli gurur kayna\u011f\u0131m\u0131z deniz, kara ve hava ara\u00e7lar\u0131n\u0131n sergisi, fuar etkinlikleri ve \u00f6\u011frencilere \u00f6zel ilk u\u00e7u\u015f etkinlikleri gibi teknoloji ve heyecan dolu bir\u00e7ok deneyim bir arada yer ald\u0131.&nbsp;<\/p>\n<p>TEKNOFEST \u0130stanbul\u2019un \u00fc\u00e7\u00fcnc\u00fc g\u00fcn\u00fcnde festivale kat\u0131lan Cumhurba\u015fkan\u0131 Recep Tayyip Erdo\u011fan TEKNOFEST&#8217;in bug\u00fcne kadar 11 milyon ziyaret\u00e7iyi a\u011f\u0131rlad\u0131\u011f\u0131n\u0131 s\u00f6yleyerek &nbsp;&#8220;TEKNOFEST k\u00fcresel bir marka oldu. Hayallerin fikirlere fikirlerin projelere projelerin teknoloji \u00fcr\u00fcnlerine d\u00f6n\u00fc\u015ft\u00fc\u011f\u00fc etkinlikte \u0130stanbul&#8217;da sizlerle bir araday\u0131z. TEKNOFEST&#8217;in 13.s\u00fcn\u00fc ger\u00e7ekle\u015ftirmenin gururu i\u00e7indeyiz. T\u00fcrkiye Y\u00fczy\u0131l\u0131&#8217;n\u0131n kilit akt\u00f6r\u00fc TEKNOFEST ku\u015fa\u011f\u0131 yine g\u00f6z dolduruyor. Gen\u00e7lerimiz \u00f6zg\u00fcvenleriyle ortaya koyduklar\u0131 muhte\u015fem eserlerle b\u00fcy\u00fck ve g\u00fc\u00e7l\u00fc T\u00fcrkiye&#8217;nin ta\u015flar\u0131n\u0131 d\u00f6\u015f\u00fcyor.&nbsp;<\/p>\n<p>Sizin gibi zihni ve ufku a\u00e7\u0131k hem \u015fahsiyetiyle hem de geli\u015ftirdi\u011fi \u00fcr\u00fcnlerle g\u00f6z kama\u015ft\u0131ran gen\u00e7 arkada\u015flar\u0131m\u0131z\u0131 g\u00f6rd\u00fck\u00e7e istikbale g\u00fcvenle bak\u0131yoruz.\u201d dedi. Cumhurba\u015fkan\u0131 Erdo\u011fan ayr\u0131ca teknoloji yar\u0131\u015fmalar\u0131nda dereceye giren gen\u00e7lere \u00f6d\u00fcllerini de takdim etti.<\/p>\n<p>TEKNOFEST \u0130stanbul, 19 Eyl\u00fcl ak\u015fam\u0131 unutulmaz bir m\u00fczik \u015f\u00f6lenine ev sahipli\u011fi yapt\u0131. T\u00fcrk rock m\u00fczi\u011finin sevilen sanat\u00e7\u0131lar\u0131ndan K\u0131ra\u00e7, g\u00fc\u00e7l\u00fc sesi ve \u00f6zg\u00fcn yorumuyla festival sahnesinde sevenleriyle bulu\u015ftu. Sahnedeki enerjisi ve haf\u0131zalardan silinmeyen eserleriyle T\u00fcrk m\u00fczi\u011finde iz b\u0131rakan K\u0131ra\u00e7, TEKNOFEST \u0130stanbul sahnesinde ziyaret\u00e7ilere co\u015fkulu anlar ya\u015fatt\u0131.&nbsp;<\/p>\n<p>17-21 Eyl\u00fcl tarihleri aras\u0131nda \u0130stanbul Atat\u00fcrk Havaliman\u0131\u2019nda d\u00fczenlenen festival, havac\u0131l\u0131k ve savunma sanayiinin g\u00f6z kama\u015ft\u0131ran hava g\u00f6sterilerine de sahne oldu. SOLOT\u00dcRK ve T\u00fcrk Y\u0131ld\u0131zlar\u0131&#8217;n\u0131n g\u00f6ky\u00fcz\u00fcnde adeta dans etti\u011fi festivalde, F-16 sava\u015f u\u00e7aklar\u0131 g\u00fc\u00e7 ve h\u0131z\u0131n s\u0131n\u0131rlar\u0131n\u0131 zorlad\u0131. ATAK helikopterleri \u00e7evikli\u011fi ve dinamizmiyle b\u00fcy\u00fclerken, H\u00fcrku\u015f \u00f6zg\u00fcn tasar\u0131m\u0131yla dikkatleri \u00fczerine \u00e7ekti. Festivalin y\u0131ld\u0131zlar\u0131ndan Anka, ileri teknolojisiyle izleyenleri gelece\u011fe ta\u015f\u0131rken, Bayraktar TB2 ve TB3 ise \u00fcst\u00fcn g\u00f6zetleme yetenekleriyle g\u00f6ky\u00fcz\u00fcnde hayranl\u0131k uyand\u0131rd\u0131. \u00d6te yandan g\u00f6ky\u00fcz\u00fcn\u00fcn devlerinden Bayraktar Ak\u0131nc\u0131 ise g\u00fc\u00e7l\u00fc duru\u015fu ve y\u00fcksek ta\u015f\u0131ma kapasitesiyle T\u00fcrkiye\u2019nin havac\u0131l\u0131k vizyonunu en g\u00f6rkemli \u015fekilde yans\u0131tt\u0131.&nbsp;<\/p>\n<p>Festival alan\u0131n\u0131 dolduran y\u00fczbinler kapan\u0131\u015f seremonisinde b\u00fcy\u00fck co\u015fku yaratt\u0131. Kapan\u0131\u015f t\u00f6reninde konu\u015fan Cumhurba\u015fkan\u0131 Yard\u0131mc\u0131s\u0131 Cevdet Y\u0131lmaz, &#8220;\u015eunu \u00e7ok iyi biliyoruz. Teknoloji \u00fcretemeyen sadece t\u00fcketen \u00fclkelerin bir gelece\u011fi yoktur. Ba\u011f\u0131ms\u0131zl\u0131\u011f\u0131m\u0131z, g\u00fcvenli\u011fimiz ve refah\u0131m\u0131z i\u00e7in teknoloji \u00fcreten bir \u00fclke olma idealimiz hayati \u00f6nemdedir&#8221; dedi. Cevdet Y\u0131lmaz ve Sel\u00e7uk Bayraktar t\u00f6rende teknoloji yar\u0131\u015fmalar\u0131nda derece alan gen\u00e7lere \u00f6d\u00fcllerini de takdim etti.&nbsp;<\/p>\n<p>Programda konu\u015fan TEKNOFEST Y\u00f6netim Kurulu Ba\u015fkan\u0131 Sel\u00e7uk Bayraktar, &#8220;Ger\u00e7ekten de \u015fu son 5 g\u00fcn, muhte\u015fem bir teknoloji \u015f\u00f6lenine d\u00f6n\u00fc\u015ft\u00fc. Deneyimleriyle an\u0131 teknoloji alanlar\u0131yla, sanatsal enstalasyonlar\u0131yla \u015fampiyonlar ge\u00e7idiyle \u00e7epe\u00e7evre muhte\u015fem bir teknoloji deneyimi ya\u015fad\u0131k. Milli teknoloji hamlemizin ger\u00e7ekten de ona yak\u0131\u015f\u0131r. Onu ta\u00e7land\u0131ran bir TEKNOFEST deneyimi olmu\u015f oldu. Muhte\u015fem g\u00f6sterilere de tan\u0131kl\u0131k ettik. Buradaki finalistlerimizin teknolojilerimizin, \u015fampiyonlar\u0131n\u0131n 11 bine varan finalistimizin muhte\u015fem eserlerini \u015fampiyonlar ge\u00e7idinde g\u00f6zlerimizle g\u00f6rme imk\u00e2n\u0131 bulduk. Ger\u00e7ekten onlarla gurur duyuyoruz, iftihar ediyoruz. Bu y\u0131l TEKNOFEST d\u00fcnya \u00e7ap\u0131nda tabii daha \u00f6nceki y\u0131llarda bu rekora sahipti ama ba\u015fvurusuyla yar\u0131\u015fma ba\u015fvurular\u0131yla 64 farkl\u0131 alandaki 1.2 milyon ba\u015fvuruyla yine rekor k\u0131rm\u0131\u015ft\u0131. Burada da \u015fampiyonlar\u0131m\u0131z yar\u0131\u015fm\u0131\u015f oldu. Biz inan\u0131yoruz ki Medeniyetimizin g\u00fcne\u015f y\u00fczl\u00fc \u00e7ocuklar\u0131, medeniyetimizin adalet, h\u00fcrriyet, iyilik ve merhamet de\u011ferlerinden ald\u0131\u011f\u0131 ilhamla siz sevgili gen\u00e7 karde\u015flerim d\u00fcnyay\u0131 bu d\u00fc\u015ft\u00fc\u011f\u00fc yerden tekrar aya\u011fa kald\u0131racaks\u0131n\u0131z&#8221; ifadelerini kulland\u0131.<\/p>\n<p>TEKNOFEST 2025 \u0130stanbul, bu y\u0131l ilk kez hayata ge\u00e7irilen etkinlikleri, deneyim alanlar\u0131n\u0131 ve yeni yar\u0131\u015fmalar\u0131yla festivale \u00f6nemli sayfalar ekledi. Ziyaret\u00e7iler, Deniz Ara\u00e7lar\u0131 Sergisi\u2019nde Salvo \u0130DA, Marlin \u0130DA, Albatros \u0130DA ve Abdulhamit Denizalt\u0131s\u0131\u2019n\u0131 yak\u0131ndan inceleme f\u0131rsat\u0131 bulurken, TEKNOFEST Teknoloji Yar\u0131\u015fmalar\u0131 kapsam\u0131ndaki 13 kategoride dereceye girmeye hak kazanan tak\u0131mlar, SUAS ve IREC Tak\u0131mlar\u0131 taraf\u0131ndan geli\u015ftirilen \u00fcr\u00fcnler TEKNOFEST \u015eampiyonlar Ge\u00e7idi\u2019nde sergilendi. 100\u2019den fazla \u00fcr\u00fcn\u00fcn yer ald\u0131\u011f\u0131 sergide roket, \u0130HA, model uydu, otonom ara\u00e7 ve \u00e7ok daha fazlas\u0131 vatanda\u015flar taraf\u0131ndan ilgiyle kar\u015f\u0131land\u0131. Ayr\u0131ca K\u00dcME Vakf\u0131 Alan\u0131, Fetih 1453 Dijital Deneyim Alan\u0131, \u00c7elik Kubbe Hava Savunma Sistemi Deneyim Alan\u0131 ve TE\u0130 BREMZE deneyimi festivalin \u00f6ne \u00e7\u0131kan yenilikleri aras\u0131nda yer ald\u0131. \u00d6te yandan Tar\u0131m Teknolojileri K\u00fcmelenmesi Etkinlik Alan\u0131\u2019nda ziyaret\u00e7iler, hayvanc\u0131l\u0131kta genetik \u00e7al\u0131\u015fmalar\u0131 ke\u015ffetme f\u0131rsat\u0131 buldu. Uzman e\u011fitmenler e\u015fli\u011finde ger\u00e7ekle\u015ftirilen laboratuvar at\u00f6lyelerinde embriyo olu\u015fturma ve transfer s\u00fcre\u00e7leri, kat\u0131l\u0131mc\u0131lar taraf\u0131ndan birebir deneyimlendi.<\/p>\n<p>Bu y\u0131l TEKNOFEST 2025 program\u0131na eklenen yeni yar\u0131\u015fmalar, farkl\u0131 alanlarda gen\u00e7lerin yarat\u0131c\u0131l\u0131\u011f\u0131n\u0131 ve \u00fcretim g\u00fcc\u00fcn\u00fc sergilemesine olanak tan\u0131d\u0131. Bu yar\u0131\u015fmalar \u015funlard\u0131: Onkolojide 3T Yar\u0131\u015fmas\u0131, TEKNOFEST Mesleki Yetenek Yar\u0131\u015fmas\u0131, N\u2019Sosyal Super App Creathon Yar\u0131\u015fmas\u0131, TEKNOFEST Yapay Zek\u00e2 Film Yar\u0131\u015fmas\u0131, 5G Konumland\u0131rma Yar\u0131\u015fmas\u0131, Gelece\u011fin S\u00fcrd\u00fcr\u00fclebilir \u015eehirleri Hackathonu, G\u00fcvenli Uydu Haberle\u015fmesi Yar\u0131\u015fmas\u0131, Eylem Temelli T\u00fcrk\u00e7e B\u00fcy\u00fck Dil Modeli Yar\u0131\u015fmas\u0131, \u0130nsans\u0131z Kara Arac\u0131 Yar\u0131\u015fmas\u0131, TEKNOFEST Mimari ve G\u00f6rsel Tasar\u0131m Yar\u0131\u015fmas\u0131, Uluslararas\u0131 \u00c7ocuk Bilim Yar\u0131\u015fmas\u0131, Yapay Zek\u00e2 Destekli Adres \u00c7\u00f6z\u00fcmleme Hackathonu ve Su Alt\u0131 Roket Yar\u0131\u015fmas\u0131.<\/p>\n<p>\u00d6zetle 13. \u0130stanbul\u2019da d\u00fczenlenen TEKNOFEST g\u00f6r\u00fclme\u011fe de\u011fer, milli ve yerli teknoloji hamlesinin k\u0131sa bir \u00f6zeti gibi olup binlerce insan\u0131n takdirini kazanm\u0131\u015ft\u0131r. G\u00f6rsel bir \u015f\u00f6len havas\u0131nda ge\u00e7en muhte\u015fem be\u015f g\u00fcn T\u00fcrkiye\u2019nin her g\u00fcn y\u00fckselen g\u00fcc\u00fcn\u00fcn bir g\u00f6stergesi gibiydi.<\/p>\n<p><strong>Bu yaz\u0131 TEKNOFEST\u2019in internet sayfas\u0131ndan yararlan\u0131larak yaz\u0131lm\u0131\u015ft\u0131r.<\/strong><\/p>\n<p>&nbsp;<\/p>\n<p>YEN\u0130L\u0130K\u00c7\u0130 \u00d6\u011eRETMEN<\/p>\n<p>&nbsp;<\/p>\n<p>Hakikatin yolunda daima en ileri<\/p>\n<p>O ruhlar\u0131n mimar\u0131 kalbe \u015fifa dilleri<\/p>\n<p>\u00c7a\u011f\u0131n\u0131n \u00f6tesinde ilimden me\u015falesi<\/p>\n<p>\u0130\u00e7inde \u00f6ng\u00f6r\u00fcs\u00fc ayd\u0131nl\u0131\u011f\u0131n kalesi<\/p>\n<p>Bir peygamber mesle\u011fi \u00e7a\u011flar\u00fcst\u00fc marifet<\/p>\n<p>Yenilik\u00e7i \u00f6\u011fretmen g\u00f6nl\u00fcnde ilim hikmet<\/p>\n<p>&nbsp;<\/p>\n<p>D\u00fcn bug\u00fcn ve yar\u0131na gelece\u011fe uzanan<\/p>\n<p>Geceyi g\u00fcnd\u00fcz edip yar\u0131nlar\u0131 kazanan<\/p>\n<p>\u00d6\u011frenme ve \u00f6\u011fretme arzusuyla tutu\u015fan<\/p>\n<p>Mum misali yand\u0131k\u00e7a alevlendik\u00e7e co\u015fan<\/p>\n<p>Geli\u015fime a\u00e7\u0131lan g\u00fcn\u00f6tesini g\u00f6ren<\/p>\n<p>Yenilik\u00e7i \u00f6\u011fretmen g\u00f6nl\u00fcn\u00fc ilme seren<\/p>\n<p>&nbsp;<\/p>\n<p>Ne sen ne ben derdinde gelece\u011fin mimar\u0131<\/p>\n<p>\u00c7i\u00e7ekli bah\u00e7elerin ilim esen r\u00fczg\u00e2r\u0131<\/p>\n<p>Plan program hedef sonu\u00e7 odakl\u0131 gaye<\/p>\n<p>D\u00fcnyevi unvanlar\u0131n \u00fcst\u00fcndeki bir paye<\/p>\n<p>Kendini geli\u015ftiren daim ilim a\u015fk\u0131na<\/p>\n<p>Yenilik\u00e7i \u00f6\u011fretmen kar\u0131\u015fm\u0131\u015f bu ta\u015fk\u0131na<\/p>\n<p>&nbsp;<\/p>\n<p>Bak\u0131\u015f a\u00e7\u0131s\u0131 geni\u015f ufuklar \u00f6tesine<\/p>\n<p>De\u011ferler e\u011fitimi i\u00e7inde kalp sesine<\/p>\n<p>Zaman ve mek\u00e2n onda millilikten \u00e2leme<\/p>\n<p>En son teknolojiden k\u00e2\u011f\u0131t defter kaleme<\/p>\n<p>Bir bah\u00e7\u0131van misali \u00f6\u011frenci g\u00fcldestesi<\/p>\n<p>Yenilik\u00e7i \u00f6\u011fretmen her toplumun g\u00f6zdesi<\/p>\n<p>&nbsp;<\/p>\n<p>\u00c7\u00f6z\u00fcm\u00fcn bir par\u00e7as\u0131 de\u011fi\u015fimin lideri<\/p>\n<p>Hayat boyu \u00f6\u011frenme onun farkl\u0131 y\u00f6ntemi<\/p>\n<p>Yenilik geli\u015ftirmek ona \u00f6zg\u00fc s\u00fcrekli<\/p>\n<p>\u00d6\u011fretme metotlar\u0131 keyifli, ho\u015f ve renkli<\/p>\n<p>Yenilik\u00e7i \u00f6\u011fretmen yeni neslin \u00f6nderi<\/p>\n<p>Mutlu huzurlu \u00fclke her daim farkl\u0131 yeri<\/p>\n<p>&nbsp;<\/p>\n<p>Atiyi planlay\u0131p inovasyon hedefi<\/p>\n<p>Anadolu ba\u011fr\u0131nda fikirleri en safi<\/p>\n<p>Kalbinin s\u0131rlar\u0131n\u0131 \u00f6\u011frenciye i\u015fleyen<\/p>\n<p>Vatan bayrak sevdas\u0131 milletiyle \u00f6v\u00fcnen<\/p>\n<p>Yenilik\u00e7i \u00f6\u011fretmen fikir duygu d\u00fc\u015f\u00fcnce<\/p>\n<p>Motif motif nak\u015feden ayr\u0131nt\u0131s\u0131 en ince<\/p>\n<p>&nbsp;<\/p>\n<p>Her g\u00fcn farkl\u0131 \u015feylere ula\u015fmaya ha gayret<\/p>\n<p>De\u011fi\u015fime pencere aktif olup hareket<\/p>\n<p>D\u00fczenli bir ya\u015fant\u0131 uyumlu \u00e7evre i\u00e7in<\/p>\n<p>Sorgulay\u0131p g\u00f6zeten her zaman neden ni\u00e7in<\/p>\n<p>Yediden yetmi\u015f i\u00e7in hayat boyu e\u011fitim<\/p>\n<p>Yenilik\u00e7i \u00f6\u011fretmen e\u011fitim ve \u00f6\u011fretim<\/p>\n","protected":false},"excerpt":{"rendered":"<p>Milli teknoloji hamlesinin en b\u00fcy\u00fck sahnesi TEKNOFEST, 17-21 Eyl\u00fcl tarihlerinde \u0130stanbul\u2019da yine yeniden nefesleri kesti!&#8230;<\/p>\n","protected":false},"author":3,"featured_media":2339,"comment_status":"open","ping_status":"open","sticky":false,"template":"","format":"standard","meta":{"_bbp_topic_count":0,"_bbp_reply_count":0,"_bbp_total_topic_count":0,"_bbp_total_reply_count":0,"_bbp_voice_count":0,"_bbp_anonymous_reply_count":0,"_bbp_topic_count_hidden":0,"_bbp_reply_count_hidden":0,"_bbp_forum_subforum_count":0,"om_disable_all_campaigns":false,"_uag_custom_page_level_css":"","ngg_post_thumbnail":0,"footnotes":""},"categories":[179],"tags":[],"ppma_author":[94],"class_list":["post-2338","post","type-post","status-publish","format-standard","has-post-thumbnail","hentry","category-arastirmalar"],"yoast_head":"<!-- This site is optimized with the Yoast SEO plugin v24.9 - https:\/\/yoast.com\/wordpress\/plugins\/seo\/ -->\n<title>Ayaklar\u0131 Yere Basmayan Festival TEKNOFEST \/\u0130stanbul-2025 - simurgedebiyat.com<\/title>\n<meta name=\"robots\" content=\"index, follow, max-snippet:-1, max-image-preview:large, max-video-preview:-1\" \/>\n<link rel=\"canonical\" href=\"https:\/\/simurgedebiyat.com\/index.php\/2025\/09\/23\/ayaklari-yere-basmayan-festival-teknofest-istanbul-2025\/\" \/>\n<meta property=\"og:locale\" content=\"tr_TR\" \/>\n<meta property=\"og:type\" content=\"article\" \/>\n<meta property=\"og:title\" content=\"Ayaklar\u0131 Yere Basmayan Festival TEKNOFEST \/\u0130stanbul-2025 - simurgedebiyat.com\" \/>\n<meta property=\"og:description\" content=\"Milli teknoloji hamlesinin en b\u00fcy\u00fck sahnesi TEKNOFEST, 17-21 Eyl\u00fcl tarihlerinde \u0130stanbul\u2019da yine yeniden nefesleri kesti!...\" \/>\n<meta property=\"og:url\" content=\"https:\/\/simurgedebiyat.com\/index.php\/2025\/09\/23\/ayaklari-yere-basmayan-festival-teknofest-istanbul-2025\/\" \/>\n<meta property=\"og:site_name\" content=\"simurgedebiyat.com\" \/>\n<meta property=\"article:published_time\" content=\"2025-09-23T13:05:19+00:00\" \/>\n<meta property=\"og:image\" content=\"https:\/\/simurgedebiyat.com\/wp-content\/uploads\/2025\/09\/Teknofest-2025.jpg\" \/>\n\t<meta property=\"og:image:width\" content=\"1536\" \/>\n\t<meta property=\"og:image:height\" content=\"864\" \/>\n\t<meta property=\"og:image:type\" content=\"image\/jpeg\" \/>\n<meta name=\"author\" content=\"Tar\u0131k TORUN\" \/>\n<meta name=\"twitter:card\" content=\"summary_large_image\" \/>\n<meta name=\"twitter:label1\" content=\"Yazan:\" \/>\n\t<meta name=\"twitter:data1\" content=\"Tar\u0131k TORUN\" \/>\n\t<meta name=\"twitter:label2\" content=\"Tahmini okuma s\u00fcresi\" \/>\n\t<meta name=\"twitter:data2\" content=\"8 dakika\" \/>\n<script type=\"application\/ld+json\" class=\"yoast-schema-graph\">{\"@context\":\"https:\/\/schema.org\",\"@graph\":[{\"@type\":\"Article\",\"@id\":\"https:\/\/simurgedebiyat.com\/index.php\/2025\/09\/23\/ayaklari-yere-basmayan-festival-teknofest-istanbul-2025\/#article\",\"isPartOf\":{\"@id\":\"https:\/\/simurgedebiyat.com\/index.php\/2025\/09\/23\/ayaklari-yere-basmayan-festival-teknofest-istanbul-2025\/\"},\"author\":{\"name\":\"Tar\u0131k TORUN\",\"@id\":\"https:\/\/simurgedebiyat.com\/#\/schema\/person\/2b69186447343805a1de03a426a9c75c\"},\"headline\":\"Ayaklar\u0131 Yere Basmayan Festival TEKNOFEST \/\u0130stanbul-2025\",\"datePublished\":\"2025-09-23T13:05:19+00:00\",\"mainEntityOfPage\":{\"@id\":\"https:\/\/simurgedebiyat.com\/index.php\/2025\/09\/23\/ayaklari-yere-basmayan-festival-teknofest-istanbul-2025\/\"},\"wordCount\":1860,\"commentCount\":1,\"publisher\":{\"@id\":\"https:\/\/simurgedebiyat.com\/#organization\"},\"image\":{\"@id\":\"https:\/\/simurgedebiyat.com\/index.php\/2025\/09\/23\/ayaklari-yere-basmayan-festival-teknofest-istanbul-2025\/#primaryimage\"},\"thumbnailUrl\":\"https:\/\/simurgedebiyat.com\/wp-content\/uploads\/2025\/09\/Teknofest-2025.jpg\",\"articleSection\":[\"Ara\u015ft\u0131rmalar\"],\"inLanguage\":\"tr\",\"potentialAction\":[{\"@type\":\"CommentAction\",\"name\":\"Comment\",\"target\":[\"https:\/\/simurgedebiyat.com\/index.php\/2025\/09\/23\/ayaklari-yere-basmayan-festival-teknofest-istanbul-2025\/#respond\"]}]},{\"@type\":\"WebPage\",\"@id\":\"https:\/\/simurgedebiyat.com\/index.php\/2025\/09\/23\/ayaklari-yere-basmayan-festival-teknofest-istanbul-2025\/\",\"url\":\"https:\/\/simurgedebiyat.com\/index.php\/2025\/09\/23\/ayaklari-yere-basmayan-festival-teknofest-istanbul-2025\/\",\"name\":\"Ayaklar\u0131 Yere Basmayan Festival TEKNOFEST \/\u0130stanbul-2025 - simurgedebiyat.com\",\"isPartOf\":{\"@id\":\"https:\/\/simurgedebiyat.com\/#website\"},\"primaryImageOfPage\":{\"@id\":\"https:\/\/simurgedebiyat.com\/index.php\/2025\/09\/23\/ayaklari-yere-basmayan-festival-teknofest-istanbul-2025\/#primaryimage\"},\"image\":{\"@id\":\"https:\/\/simurgedebiyat.com\/index.php\/2025\/09\/23\/ayaklari-yere-basmayan-festival-teknofest-istanbul-2025\/#primaryimage\"},\"thumbnailUrl\":\"https:\/\/simurgedebiyat.com\/wp-content\/uploads\/2025\/09\/Teknofest-2025.jpg\",\"datePublished\":\"2025-09-23T13:05:19+00:00\",\"breadcrumb\":{\"@id\":\"https:\/\/simurgedebiyat.com\/index.php\/2025\/09\/23\/ayaklari-yere-basmayan-festival-teknofest-istanbul-2025\/#breadcrumb\"},\"inLanguage\":\"tr\",\"potentialAction\":[{\"@type\":\"ReadAction\",\"target\":[\"https:\/\/simurgedebiyat.com\/index.php\/2025\/09\/23\/ayaklari-yere-basmayan-festival-teknofest-istanbul-2025\/\"]}]},{\"@type\":\"ImageObject\",\"inLanguage\":\"tr\",\"@id\":\"https:\/\/simurgedebiyat.com\/index.php\/2025\/09\/23\/ayaklari-yere-basmayan-festival-teknofest-istanbul-2025\/#primaryimage\",\"url\":\"https:\/\/simurgedebiyat.com\/wp-content\/uploads\/2025\/09\/Teknofest-2025.jpg\",\"contentUrl\":\"https:\/\/simurgedebiyat.com\/wp-content\/uploads\/2025\/09\/Teknofest-2025.jpg\",\"width\":1536,\"height\":864},{\"@type\":\"BreadcrumbList\",\"@id\":\"https:\/\/simurgedebiyat.com\/index.php\/2025\/09\/23\/ayaklari-yere-basmayan-festival-teknofest-istanbul-2025\/#breadcrumb\",\"itemListElement\":[{\"@type\":\"ListItem\",\"position\":1,\"name\":\"Anasayfa\",\"item\":\"https:\/\/simurgedebiyat.com\/\"},{\"@type\":\"ListItem\",\"position\":2,\"name\":\"Ayaklar\u0131 Yere Basmayan Festival TEKNOFEST \/\u0130stanbul-2025\"}]},{\"@type\":\"WebSite\",\"@id\":\"https:\/\/simurgedebiyat.com\/#website\",\"url\":\"https:\/\/simurgedebiyat.com\/\",\"name\":\"simurgedebiyat.com\",\"description\":\"edebiyat&amp;K\u00fclt\u00fcr&amp;Sanat&amp;D\u00fc\u015f\u00fcnce \",\"publisher\":{\"@id\":\"https:\/\/simurgedebiyat.com\/#organization\"},\"potentialAction\":[{\"@type\":\"SearchAction\",\"target\":{\"@type\":\"EntryPoint\",\"urlTemplate\":\"https:\/\/simurgedebiyat.com\/?s={search_term_string}\"},\"query-input\":{\"@type\":\"PropertyValueSpecification\",\"valueRequired\":true,\"valueName\":\"search_term_string\"}}],\"inLanguage\":\"tr\"},{\"@type\":\"Organization\",\"@id\":\"https:\/\/simurgedebiyat.com\/#organization\",\"name\":\"simurgedebiyat.com\",\"url\":\"https:\/\/simurgedebiyat.com\/\",\"logo\":{\"@type\":\"ImageObject\",\"inLanguage\":\"tr\",\"@id\":\"https:\/\/simurgedebiyat.com\/#\/schema\/logo\/image\/\",\"url\":\"https:\/\/simurgedebiyat.com\/wp-content\/uploads\/2025\/11\/cropped-HHHHH-1.jpeg\",\"contentUrl\":\"https:\/\/simurgedebiyat.com\/wp-content\/uploads\/2025\/11\/cropped-HHHHH-1.jpeg\",\"width\":245,\"height\":205,\"caption\":\"simurgedebiyat.com\"},\"image\":{\"@id\":\"https:\/\/simurgedebiyat.com\/#\/schema\/logo\/image\/\"}},{\"@type\":\"Person\",\"@id\":\"https:\/\/simurgedebiyat.com\/#\/schema\/person\/2b69186447343805a1de03a426a9c75c\",\"name\":\"Tar\u0131k TORUN\",\"image\":{\"@type\":\"ImageObject\",\"inLanguage\":\"tr\",\"@id\":\"https:\/\/simurgedebiyat.com\/#\/schema\/person\/image\/23494c9101089ad44ae88ce9d2f56aac\",\"url\":\"https:\/\/secure.gravatar.com\/avatar\/?s=96&d=mm&r=g\",\"contentUrl\":\"https:\/\/secure.gravatar.com\/avatar\/?s=96&d=mm&r=g\",\"caption\":\"Tar\u0131k TORUN\"},\"description\":\"Bayburt\u2019un Bayraktar (Baks\u0131) k\u00f6y\u00fcnde do\u011fdu (1965). \u0130lk\u00f6\u011frenimini k\u00f6y\u00fcnde bitirdi. Ailesi ile birlikte \u00c7orum\u2019a g\u00f6\u00e7 etti (1975). Orta\u00f6\u011frenimini \u00c7orum\u2019da tamamlad\u0131. Karadeniz Teknik \u00dcniversitesi, Fatih E\u011fitim Fak\u00fcltesi, Co\u011frafya \u00d6\u011fretmenli\u011fi b\u00f6l\u00fcm\u00fcn\u00fc bitirdi (1988). 1989 \u2018dan itibaren pek \u00e7ok lisede co\u011frafya \u00f6\u011fretmenli\u011fi yapt\u0131. Bu arada Gazi \u00dcniversitesi, Sosyal Bilimler Enstit\u00fcs\u00fc, Co\u011frafya E\u011fitimi Y\u00fcksek Lisans (Master) program\u0131n\u0131 bitirdi. Anadolu \u00dcniversitesi, T\u00fcrk Dili ve Edebiyat\u0131 B\u00f6l\u00fcm\u00fcn\u00fc de bitirdi. Ayr\u0131ca \u0130stanbul \u00dcniversitesi, Hukuk Fak\u00fcltesi\u2019nde de okudu. MEB, \u00d6YGM, EARGED ve YE\u011e\u0130TEK\u2019de \u00f6\u011fretmen olarak \u00e7al\u0131\u015ft\u0131. \u0130LESAM, TYB, \u0130slam \u00dclkeleri Akademisyen ve Yazarlar Birli\u011fi ile Uluslararas\u0131 Bayburt Yazar ve Sanat\u00e7\u0131lar Derne\u011fi\u2019nin \u00fcyesidir. \u00c7e\u015fitli sosyal ve k\u00fclt\u00fcrel \u00e7al\u0131\u015fmalara kat\u0131lmaktad\u0131r. \u015eiir, deneme, makale, roman, hik\u00e2ye, gezi yaz\u0131s\u0131, ara\u015ft\u0131rma-inceleme alan\u0131ndaki \u00e7al\u0131\u015fmalar\u0131 halen devam etmektedir. \u00c7e\u015fitli kurulu\u015flardan ald\u0131\u011f\u0131 onlarca \u00f6d\u00fcl\u00fc bulunmaktad\u0131r. ESERLER\u0130 \u015eiir G\u00fclistan\u0131n G\u00fclleri-2006 Alizeler-2007 A\u015fk\u0131n Co\u011frafyas\u0131-2008 Meb\u015fure-2009 A\u015fko\u011frafya-2010 A\u015fkistan-2015 A\u015fka Yolculuk-2018 \u015eiir \u015eiir T\u00fcrkiye-I-2021 \u015eiir \u015eiir T\u00fcrkiye-II-2022 Neva-2026 Hik\u00e2ye G\u00fcne\u015fi Tut Ka\u00e7mas\u0131n-2011 A\u015fk\u0131n Kalbi-2015 Mor Da\u011flar\u0131n Balas\u0131-2025 Deneme Algoritmik Aforizmalar-2016 Roman Piri Reis-2022\",\"url\":\"https:\/\/simurgedebiyat.com\/index.php\/author\/tarik-torun\/\"}]}<\/script>\n<!-- \/ Yoast SEO plugin. -->","yoast_head_json":{"title":"Ayaklar\u0131 Yere Basmayan Festival TEKNOFEST \/\u0130stanbul-2025 - simurgedebiyat.com","robots":{"index":"index","follow":"follow","max-snippet":"max-snippet:-1","max-image-preview":"max-image-preview:large","max-video-preview":"max-video-preview:-1"},"canonical":"https:\/\/simurgedebiyat.com\/index.php\/2025\/09\/23\/ayaklari-yere-basmayan-festival-teknofest-istanbul-2025\/","og_locale":"tr_TR","og_type":"article","og_title":"Ayaklar\u0131 Yere Basmayan Festival TEKNOFEST \/\u0130stanbul-2025 - simurgedebiyat.com","og_description":"Milli teknoloji hamlesinin en b\u00fcy\u00fck sahnesi TEKNOFEST, 17-21 Eyl\u00fcl tarihlerinde \u0130stanbul\u2019da yine yeniden nefesleri kesti!...","og_url":"https:\/\/simurgedebiyat.com\/index.php\/2025\/09\/23\/ayaklari-yere-basmayan-festival-teknofest-istanbul-2025\/","og_site_name":"simurgedebiyat.com","article_published_time":"2025-09-23T13:05:19+00:00","og_image":[{"width":1536,"height":864,"url":"https:\/\/simurgedebiyat.com\/wp-content\/uploads\/2025\/09\/Teknofest-2025.jpg","type":"image\/jpeg"}],"author":"Tar\u0131k TORUN","twitter_card":"summary_large_image","twitter_misc":{"Yazan:":"Tar\u0131k TORUN","Tahmini okuma s\u00fcresi":"8 dakika"},"schema":{"@context":"https:\/\/schema.org","@graph":[{"@type":"Article","@id":"https:\/\/simurgedebiyat.com\/index.php\/2025\/09\/23\/ayaklari-yere-basmayan-festival-teknofest-istanbul-2025\/#article","isPartOf":{"@id":"https:\/\/simurgedebiyat.com\/index.php\/2025\/09\/23\/ayaklari-yere-basmayan-festival-teknofest-istanbul-2025\/"},"author":{"name":"Tar\u0131k TORUN","@id":"https:\/\/simurgedebiyat.com\/#\/schema\/person\/2b69186447343805a1de03a426a9c75c"},"headline":"Ayaklar\u0131 Yere Basmayan Festival TEKNOFEST \/\u0130stanbul-2025","datePublished":"2025-09-23T13:05:19+00:00","mainEntityOfPage":{"@id":"https:\/\/simurgedebiyat.com\/index.php\/2025\/09\/23\/ayaklari-yere-basmayan-festival-teknofest-istanbul-2025\/"},"wordCount":1860,"commentCount":1,"publisher":{"@id":"https:\/\/simurgedebiyat.com\/#organization"},"image":{"@id":"https:\/\/simurgedebiyat.com\/index.php\/2025\/09\/23\/ayaklari-yere-basmayan-festival-teknofest-istanbul-2025\/#primaryimage"},"thumbnailUrl":"https:\/\/simurgedebiyat.com\/wp-content\/uploads\/2025\/09\/Teknofest-2025.jpg","articleSection":["Ara\u015ft\u0131rmalar"],"inLanguage":"tr","potentialAction":[{"@type":"CommentAction","name":"Comment","target":["https:\/\/simurgedebiyat.com\/index.php\/2025\/09\/23\/ayaklari-yere-basmayan-festival-teknofest-istanbul-2025\/#respond"]}]},{"@type":"WebPage","@id":"https:\/\/simurgedebiyat.com\/index.php\/2025\/09\/23\/ayaklari-yere-basmayan-festival-teknofest-istanbul-2025\/","url":"https:\/\/simurgedebiyat.com\/index.php\/2025\/09\/23\/ayaklari-yere-basmayan-festival-teknofest-istanbul-2025\/","name":"Ayaklar\u0131 Yere Basmayan Festival TEKNOFEST \/\u0130stanbul-2025 - simurgedebiyat.com","isPartOf":{"@id":"https:\/\/simurgedebiyat.com\/#website"},"primaryImageOfPage":{"@id":"https:\/\/simurgedebiyat.com\/index.php\/2025\/09\/23\/ayaklari-yere-basmayan-festival-teknofest-istanbul-2025\/#primaryimage"},"image":{"@id":"https:\/\/simurgedebiyat.com\/index.php\/2025\/09\/23\/ayaklari-yere-basmayan-festival-teknofest-istanbul-2025\/#primaryimage"},"thumbnailUrl":"https:\/\/simurgedebiyat.com\/wp-content\/uploads\/2025\/09\/Teknofest-2025.jpg","datePublished":"2025-09-23T13:05:19+00:00","breadcrumb":{"@id":"https:\/\/simurgedebiyat.com\/index.php\/2025\/09\/23\/ayaklari-yere-basmayan-festival-teknofest-istanbul-2025\/#breadcrumb"},"inLanguage":"tr","potentialAction":[{"@type":"ReadAction","target":["https:\/\/simurgedebiyat.com\/index.php\/2025\/09\/23\/ayaklari-yere-basmayan-festival-teknofest-istanbul-2025\/"]}]},{"@type":"ImageObject","inLanguage":"tr","@id":"https:\/\/simurgedebiyat.com\/index.php\/2025\/09\/23\/ayaklari-yere-basmayan-festival-teknofest-istanbul-2025\/#primaryimage","url":"https:\/\/simurgedebiyat.com\/wp-content\/uploads\/2025\/09\/Teknofest-2025.jpg","contentUrl":"https:\/\/simurgedebiyat.com\/wp-content\/uploads\/2025\/09\/Teknofest-2025.jpg","width":1536,"height":864},{"@type":"BreadcrumbList","@id":"https:\/\/simurgedebiyat.com\/index.php\/2025\/09\/23\/ayaklari-yere-basmayan-festival-teknofest-istanbul-2025\/#breadcrumb","itemListElement":[{"@type":"ListItem","position":1,"name":"Anasayfa","item":"https:\/\/simurgedebiyat.com\/"},{"@type":"ListItem","position":2,"name":"Ayaklar\u0131 Yere Basmayan Festival TEKNOFEST \/\u0130stanbul-2025"}]},{"@type":"WebSite","@id":"https:\/\/simurgedebiyat.com\/#website","url":"https:\/\/simurgedebiyat.com\/","name":"simurgedebiyat.com","description":"edebiyat&amp;K\u00fclt\u00fcr&amp;Sanat&amp;D\u00fc\u015f\u00fcnce ","publisher":{"@id":"https:\/\/simurgedebiyat.com\/#organization"},"potentialAction":[{"@type":"SearchAction","target":{"@type":"EntryPoint","urlTemplate":"https:\/\/simurgedebiyat.com\/?s={search_term_string}"},"query-input":{"@type":"PropertyValueSpecification","valueRequired":true,"valueName":"search_term_string"}}],"inLanguage":"tr"},{"@type":"Organization","@id":"https:\/\/simurgedebiyat.com\/#organization","name":"simurgedebiyat.com","url":"https:\/\/simurgedebiyat.com\/","logo":{"@type":"ImageObject","inLanguage":"tr","@id":"https:\/\/simurgedebiyat.com\/#\/schema\/logo\/image\/","url":"https:\/\/simurgedebiyat.com\/wp-content\/uploads\/2025\/11\/cropped-HHHHH-1.jpeg","contentUrl":"https:\/\/simurgedebiyat.com\/wp-content\/uploads\/2025\/11\/cropped-HHHHH-1.jpeg","width":245,"height":205,"caption":"simurgedebiyat.com"},"image":{"@id":"https:\/\/simurgedebiyat.com\/#\/schema\/logo\/image\/"}},{"@type":"Person","@id":"https:\/\/simurgedebiyat.com\/#\/schema\/person\/2b69186447343805a1de03a426a9c75c","name":"Tar\u0131k TORUN","image":{"@type":"ImageObject","inLanguage":"tr","@id":"https:\/\/simurgedebiyat.com\/#\/schema\/person\/image\/23494c9101089ad44ae88ce9d2f56aac","url":"https:\/\/secure.gravatar.com\/avatar\/?s=96&d=mm&r=g","contentUrl":"https:\/\/secure.gravatar.com\/avatar\/?s=96&d=mm&r=g","caption":"Tar\u0131k TORUN"},"description":"Bayburt\u2019un Bayraktar (Baks\u0131) k\u00f6y\u00fcnde do\u011fdu (1965). \u0130lk\u00f6\u011frenimini k\u00f6y\u00fcnde bitirdi. Ailesi ile birlikte \u00c7orum\u2019a g\u00f6\u00e7 etti (1975). Orta\u00f6\u011frenimini \u00c7orum\u2019da tamamlad\u0131. Karadeniz Teknik \u00dcniversitesi, Fatih E\u011fitim Fak\u00fcltesi, Co\u011frafya \u00d6\u011fretmenli\u011fi b\u00f6l\u00fcm\u00fcn\u00fc bitirdi (1988). 1989 \u2018dan itibaren pek \u00e7ok lisede co\u011frafya \u00f6\u011fretmenli\u011fi yapt\u0131. Bu arada Gazi \u00dcniversitesi, Sosyal Bilimler Enstit\u00fcs\u00fc, Co\u011frafya E\u011fitimi Y\u00fcksek Lisans (Master) program\u0131n\u0131 bitirdi. Anadolu \u00dcniversitesi, T\u00fcrk Dili ve Edebiyat\u0131 B\u00f6l\u00fcm\u00fcn\u00fc de bitirdi. Ayr\u0131ca \u0130stanbul \u00dcniversitesi, Hukuk Fak\u00fcltesi\u2019nde de okudu. MEB, \u00d6YGM, EARGED ve YE\u011e\u0130TEK\u2019de \u00f6\u011fretmen olarak \u00e7al\u0131\u015ft\u0131. \u0130LESAM, TYB, \u0130slam \u00dclkeleri Akademisyen ve Yazarlar Birli\u011fi ile Uluslararas\u0131 Bayburt Yazar ve Sanat\u00e7\u0131lar Derne\u011fi\u2019nin \u00fcyesidir. \u00c7e\u015fitli sosyal ve k\u00fclt\u00fcrel \u00e7al\u0131\u015fmalara kat\u0131lmaktad\u0131r. \u015eiir, deneme, makale, roman, hik\u00e2ye, gezi yaz\u0131s\u0131, ara\u015ft\u0131rma-inceleme alan\u0131ndaki \u00e7al\u0131\u015fmalar\u0131 halen devam etmektedir. \u00c7e\u015fitli kurulu\u015flardan ald\u0131\u011f\u0131 onlarca \u00f6d\u00fcl\u00fc bulunmaktad\u0131r. ESERLER\u0130 \u015eiir G\u00fclistan\u0131n G\u00fclleri-2006 Alizeler-2007 A\u015fk\u0131n Co\u011frafyas\u0131-2008 Meb\u015fure-2009 A\u015fko\u011frafya-2010 A\u015fkistan-2015 A\u015fka Yolculuk-2018 \u015eiir \u015eiir T\u00fcrkiye-I-2021 \u015eiir \u015eiir T\u00fcrkiye-II-2022 Neva-2026 Hik\u00e2ye G\u00fcne\u015fi Tut Ka\u00e7mas\u0131n-2011 A\u015fk\u0131n Kalbi-2015 Mor Da\u011flar\u0131n Balas\u0131-2025 Deneme Algoritmik Aforizmalar-2016 Roman Piri Reis-2022","url":"https:\/\/simurgedebiyat.com\/index.php\/author\/tarik-torun\/"}]}},"featured_image_urls":{"full":["https:\/\/simurgedebiyat.com\/wp-content\/uploads\/2025\/09\/Teknofest-2025.jpg",1536,864,false],"thumbnail":["https:\/\/simurgedebiyat.com\/wp-content\/uploads\/2025\/09\/Teknofest-2025-150x150.jpg",150,150,true],"medium":["https:\/\/simurgedebiyat.com\/wp-content\/uploads\/2025\/09\/Teknofest-2025-300x169.jpg",300,169,true],"medium_large":["https:\/\/simurgedebiyat.com\/wp-content\/uploads\/2025\/09\/Teknofest-2025-768x432.jpg",640,360,true],"large":["https:\/\/simurgedebiyat.com\/wp-content\/uploads\/2025\/09\/Teknofest-2025-1024x576.jpg",640,360,true],"1536x1536":["https:\/\/simurgedebiyat.com\/wp-content\/uploads\/2025\/09\/Teknofest-2025.jpg",1536,864,false],"2048x2048":["https:\/\/simurgedebiyat.com\/wp-content\/uploads\/2025\/09\/Teknofest-2025.jpg",1536,864,false],"covernews-slider-full":["https:\/\/simurgedebiyat.com\/wp-content\/uploads\/2025\/09\/Teknofest-2025-1115x715.jpg",1115,715,true],"covernews-slider-center":["https:\/\/simurgedebiyat.com\/wp-content\/uploads\/2025\/09\/Teknofest-2025-800x500.jpg",800,500,true],"covernews-featured":["https:\/\/simurgedebiyat.com\/wp-content\/uploads\/2025\/09\/Teknofest-2025-1024x576.jpg",1024,576,true],"covernews-medium":["https:\/\/simurgedebiyat.com\/wp-content\/uploads\/2025\/09\/Teknofest-2025-540x340.jpg",540,340,true],"covernews-medium-square":["https:\/\/simurgedebiyat.com\/wp-content\/uploads\/2025\/09\/Teknofest-2025-400x250.jpg",400,250,true],"sow-carousel-default":["https:\/\/simurgedebiyat.com\/wp-content\/uploads\/2025\/09\/Teknofest-2025-272x182.jpg",272,182,true],"sow-blog-portfolio":["https:\/\/simurgedebiyat.com\/wp-content\/uploads\/2025\/09\/Teknofest-2025-375x375.jpg",375,375,true],"sow-blog-grid":["https:\/\/simurgedebiyat.com\/wp-content\/uploads\/2025\/09\/Teknofest-2025-720x480.jpg",720,480,true],"sow-blog-alternate":["https:\/\/simurgedebiyat.com\/wp-content\/uploads\/2025\/09\/Teknofest-2025-950x630.jpg",950,630,true],"sow-recent-post":["https:\/\/simurgedebiyat.com\/wp-content\/uploads\/2025\/09\/Teknofest-2025-216x216.jpg",216,216,true]},"author_info":{"display_name":"Tar\u0131k TORUN","author_link":"https:\/\/simurgedebiyat.com\/index.php\/author\/tarik-torun\/"},"category_info":"<a href=\"https:\/\/simurgedebiyat.com\/index.php\/category\/arastirmalar\/\" rel=\"category tag\">Ara\u015ft\u0131rmalar<\/a>","tag_info":"Ara\u015ft\u0131rmalar","comment_count":"1","jetpack_featured_media_url":"https:\/\/simurgedebiyat.com\/wp-content\/uploads\/2025\/09\/Teknofest-2025.jpg","uagb_featured_image_src":{"full":["https:\/\/simurgedebiyat.com\/wp-content\/uploads\/2025\/09\/Teknofest-2025.jpg",1536,864,false],"thumbnail":["https:\/\/simurgedebiyat.com\/wp-content\/uploads\/2025\/09\/Teknofest-2025-150x150.jpg",150,150,true],"medium":["https:\/\/simurgedebiyat.com\/wp-content\/uploads\/2025\/09\/Teknofest-2025-300x169.jpg",300,169,true],"medium_large":["https:\/\/simurgedebiyat.com\/wp-content\/uploads\/2025\/09\/Teknofest-2025-768x432.jpg",640,360,true],"large":["https:\/\/simurgedebiyat.com\/wp-content\/uploads\/2025\/09\/Teknofest-2025-1024x576.jpg",640,360,true],"1536x1536":["https:\/\/simurgedebiyat.com\/wp-content\/uploads\/2025\/09\/Teknofest-2025.jpg",1536,864,false],"2048x2048":["https:\/\/simurgedebiyat.com\/wp-content\/uploads\/2025\/09\/Teknofest-2025.jpg",1536,864,false],"covernews-slider-full":["https:\/\/simurgedebiyat.com\/wp-content\/uploads\/2025\/09\/Teknofest-2025-1115x715.jpg",1115,715,true],"covernews-slider-center":["https:\/\/simurgedebiyat.com\/wp-content\/uploads\/2025\/09\/Teknofest-2025-800x500.jpg",800,500,true],"covernews-featured":["https:\/\/simurgedebiyat.com\/wp-content\/uploads\/2025\/09\/Teknofest-2025-1024x576.jpg",1024,576,true],"covernews-medium":["https:\/\/simurgedebiyat.com\/wp-content\/uploads\/2025\/09\/Teknofest-2025-540x340.jpg",540,340,true],"covernews-medium-square":["https:\/\/simurgedebiyat.com\/wp-content\/uploads\/2025\/09\/Teknofest-2025-400x250.jpg",400,250,true],"sow-carousel-default":["https:\/\/simurgedebiyat.com\/wp-content\/uploads\/2025\/09\/Teknofest-2025-272x182.jpg",272,182,true],"sow-blog-portfolio":["https:\/\/simurgedebiyat.com\/wp-content\/uploads\/2025\/09\/Teknofest-2025-375x375.jpg",375,375,true],"sow-blog-grid":["https:\/\/simurgedebiyat.com\/wp-content\/uploads\/2025\/09\/Teknofest-2025-720x480.jpg",720,480,true],"sow-blog-alternate":["https:\/\/simurgedebiyat.com\/wp-content\/uploads\/2025\/09\/Teknofest-2025-950x630.jpg",950,630,true],"sow-recent-post":["https:\/\/simurgedebiyat.com\/wp-content\/uploads\/2025\/09\/Teknofest-2025-216x216.jpg",216,216,true]},"uagb_author_info":{"display_name":"Tar\u0131k TORUN","author_link":"https:\/\/simurgedebiyat.com\/index.php\/author\/tarik-torun\/"},"uagb_comment_info":1,"uagb_excerpt":"Milli teknoloji hamlesinin en b\u00fcy\u00fck sahnesi TEKNOFEST, 17-21 Eyl\u00fcl tarihlerinde \u0130stanbul\u2019da yine yeniden nefesleri kesti!...","authors":[{"term_id":94,"user_id":3,"is_guest":0,"slug":"tarik-torun","display_name":"Tar\u0131k TORUN","avatar_url":{"url":"https:\/\/simurgedebiyat.com\/wp-content\/uploads\/2025\/10\/Tarik-TORUM.jpg","url2x":"https:\/\/simurgedebiyat.com\/wp-content\/uploads\/2025\/10\/Tarik-TORUM.jpg"},"first_name":"Tar\u0131k","last_name":"TORUN","user_url":"","job_title":"","description":"Bayburt\u2019un Bayraktar (Baks\u0131) k\u00f6y\u00fcnde do\u011fdu (1965). \u0130lk\u00f6\u011frenimini k\u00f6y\u00fcnde bitirdi. Ailesi ile birlikte \u00c7orum\u2019a g\u00f6\u00e7 etti (1975). Orta\u00f6\u011frenimini \u00c7orum\u2019da tamamlad\u0131. Karadeniz Teknik \u00dcniversitesi, Fatih E\u011fitim Fak\u00fcltesi, Co\u011frafya \u00d6\u011fretmenli\u011fi b\u00f6l\u00fcm\u00fcn\u00fc bitirdi (1988).\r\n1989 \u2018dan itibaren pek \u00e7ok lisede co\u011frafya \u00f6\u011fretmenli\u011fi yapt\u0131. Bu arada Gazi \u00dcniversitesi, Sosyal Bilimler Enstit\u00fcs\u00fc, Co\u011frafya E\u011fitimi Y\u00fcksek Lisans (Master) program\u0131n\u0131 bitirdi. Anadolu \u00dcniversitesi, T\u00fcrk Dili ve Edebiyat\u0131 B\u00f6l\u00fcm\u00fcn\u00fc de bitirdi. Ayr\u0131ca \u0130stanbul \u00dcniversitesi, Hukuk Fak\u00fcltesi\u2019nde de okudu. MEB, \u00d6YGM, EARGED ve YE\u011e\u0130TEK\u2019de \u00f6\u011fretmen olarak \u00e7al\u0131\u015ft\u0131. \u0130LESAM, TYB, \u0130slam \u00dclkeleri Akademisyen ve Yazarlar Birli\u011fi ile Uluslararas\u0131 Bayburt Yazar ve Sanat\u00e7\u0131lar Derne\u011fi\u2019nin \u00fcyesidir. \u00c7e\u015fitli sosyal ve k\u00fclt\u00fcrel \u00e7al\u0131\u015fmalara kat\u0131lmaktad\u0131r. \u015eiir, deneme, makale, roman, hik\u00e2ye, gezi yaz\u0131s\u0131, ara\u015ft\u0131rma-inceleme alan\u0131ndaki \u00e7al\u0131\u015fmalar\u0131 halen devam etmektedir. \u00c7e\u015fitli kurulu\u015flardan ald\u0131\u011f\u0131 onlarca \u00f6d\u00fcl\u00fc bulunmaktad\u0131r.\r\nESERLER\u0130\r\n\u015eiir\r\nG\u00fclistan\u0131n G\u00fclleri-2006 \r\nAlizeler-2007\r\nA\u015fk\u0131n Co\u011frafyas\u0131-2008\r\nMeb\u015fure-2009 \r\nA\u015fko\u011frafya-2010\r\nA\u015fkistan-2015              \r\nA\u015fka Yolculuk-2018\r\n\u015eiir \u015eiir T\u00fcrkiye-I-2021\r\n\u015eiir \u015eiir T\u00fcrkiye-II-2022\r\nNeva-2026\r\nHik\u00e2ye\r\nG\u00fcne\u015fi Tut Ka\u00e7mas\u0131n-2011 \r\nA\u015fk\u0131n Kalbi-2015\r\nMor Da\u011flar\u0131n Balas\u0131-2025\r\nDeneme\r\nAlgoritmik Aforizmalar-2016\r\nRoman\r\nPiri Reis-2022\r\n"}],"_links":{"self":[{"href":"https:\/\/simurgedebiyat.com\/index.php\/wp-json\/wp\/v2\/posts\/2338","targetHints":{"allow":["GET"]}}],"collection":[{"href":"https:\/\/simurgedebiyat.com\/index.php\/wp-json\/wp\/v2\/posts"}],"about":[{"href":"https:\/\/simurgedebiyat.com\/index.php\/wp-json\/wp\/v2\/types\/post"}],"author":[{"embeddable":true,"href":"https:\/\/simurgedebiyat.com\/index.php\/wp-json\/wp\/v2\/users\/3"}],"replies":[{"embeddable":true,"href":"https:\/\/simurgedebiyat.com\/index.php\/wp-json\/wp\/v2\/comments?post=2338"}],"version-history":[{"count":1,"href":"https:\/\/simurgedebiyat.com\/index.php\/wp-json\/wp\/v2\/posts\/2338\/revisions"}],"predecessor-version":[{"id":2340,"href":"https:\/\/simurgedebiyat.com\/index.php\/wp-json\/wp\/v2\/posts\/2338\/revisions\/2340"}],"wp:featuredmedia":[{"embeddable":true,"href":"https:\/\/simurgedebiyat.com\/index.php\/wp-json\/wp\/v2\/media\/2339"}],"wp:attachment":[{"href":"https:\/\/simurgedebiyat.com\/index.php\/wp-json\/wp\/v2\/media?parent=2338"}],"wp:term":[{"taxonomy":"category","embeddable":true,"href":"https:\/\/simurgedebiyat.com\/index.php\/wp-json\/wp\/v2\/categories?post=2338"},{"taxonomy":"post_tag","embeddable":true,"href":"https:\/\/simurgedebiyat.com\/index.php\/wp-json\/wp\/v2\/tags?post=2338"},{"taxonomy":"author","embeddable":true,"href":"https:\/\/simurgedebiyat.com\/index.php\/wp-json\/wp\/v2\/ppma_author?post=2338"}],"curies":[{"name":"wp","href":"https:\/\/api.w.org\/{rel}","templated":true}]}}