{"id":2310,"date":"2025-09-20T10:00:14","date_gmt":"2025-09-20T07:00:14","guid":{"rendered":"https:\/\/simurgedebiyat.com\/?p=2310"},"modified":"2025-09-20T10:00:14","modified_gmt":"2025-09-20T07:00:14","slug":"filistin-hakkinda-az-bilinen-21-carpici-gercek","status":"publish","type":"post","link":"https:\/\/simurgedebiyat.com\/index.php\/2025\/09\/20\/filistin-hakkinda-az-bilinen-21-carpici-gercek\/","title":{"rendered":"Filistin Hakk\u0131nda Az Bilinen 21 \u00c7arp\u0131c\u0131 Ger\u00e7ek"},"content":{"rendered":"<p>\ud83c\uddf5\ud83c\uddf8&nbsp;<\/p>\n<p>\ud83d\udccc Filistin, sadece politik g\u00fcndemiyle de\u011fil; tarihi, k\u00fclt\u00fcr\u00fc, do\u011fas\u0131 ve insan\u0131yla da bir\u00e7ok \u00e7arp\u0131c\u0131 ger\u00e7e\u011fe sahip bir co\u011frafyad\u0131r. \u0130\u015fte sizi \u015fa\u015f\u0131rtacak 21 ger\u00e7ek:<\/p>\n<p>1\ufe0f\u20e3 En Eski \u015eehir: Eriha \ud83c\udfdb\ufe0f<br \/>\nEriha (Jericho), d\u00fcnyan\u0131n h\u00e2l\u00e2 ya\u015fanan en eski \u015fehri olarak bilinir: yakla\u015f\u0131k 10.000 y\u0131ll\u0131k ge\u00e7mi\u015fi vard\u0131r.<\/p>\n<p>2\ufe0f\u20e3 Zeytin A\u011fac\u0131 Cenneti \ud83c\udf3f<br \/>\nFilistin\u2019deki baz\u0131 zeytin a\u011fa\u00e7lar\u0131 2.000 y\u0131ldan daha ya\u015fl\u0131d\u0131r. Zeytin \u00fcretimi ekonominin ve k\u00fclt\u00fcr\u00fcn temelidir.<\/p>\n<p>3\ufe0f\u20e3 Kud\u00fcs\u2019\u00fcn \u00c7ok Dinli Yap\u0131s\u0131 \u271d\ufe0f\u262a\ufe0f\u2721\ufe0f<br \/>\nKud\u00fcs, ayn\u0131 anda \u0130slam, Hristiyanl\u0131k ve Yahudilik i\u00e7in kutsal tek \u015fehirdir.<\/p>\n<p>4\ufe0f\u20e3 Gazze\u2019nin Sahili \ud83c\udfd6\ufe0f<br \/>\nGazze \u015eeridi, 40 km uzunlu\u011funda sahil \u015feridine sahiptir ve bu sahillerin b\u00fcy\u00fck k\u0131sm\u0131 Akdeniz\u2019e a\u00e7\u0131l\u0131r.<\/p>\n<p>5\ufe0f\u20e3 Filistin Mutfa\u011f\u0131 \ud83c\udf72<br \/>\n\u00dcnl\u00fc \u201cmusakhan\u201d (so\u011fanl\u0131, sumakl\u0131 tavuklu ekmek) Filistin\u2019in milli yeme\u011fidir. Ayr\u0131ca humus ve falafel\u2019in de en \u00e7ok t\u00fcketildi\u011fi \u00fclkelerden biridir.<\/p>\n<p>6\ufe0f\u20e3 Nakba (B\u00fcy\u00fck Felaket) \ud83d\ude22<br \/>\n1948\u2019de ya\u015fanan Nakba sonras\u0131 yakla\u015f\u0131k **750.000 Filistinli g\u00f6\u00e7 etmek zorunda kald\u0131**.<\/p>\n<p>7\ufe0f\u20e3 Betlehem\u2019de Do\u011fum Kilisesi \ud83c\udf1f<br \/>\nHz. \u0130sa\u2019n\u0131n do\u011fdu\u011funa inan\u0131lan Do\u011fum Kilisesi (Church of Nativity), UNESCO D\u00fcnya Miras\u0131 listesindedir.<\/p>\n<p>8\ufe0f\u20e3 Nablus\u2019un Tatl\u0131s\u0131: Knafeh \ud83c\udf6e<br \/>\nD\u00fcnyaca \u00fcnl\u00fc \u201ck\u00fcnefe\u201d asl\u0131nda Nablus \u015fehrinden \u00e7\u0131km\u0131\u015ft\u0131r ve orijinal ad\u0131 Knafeh Nabulsi\u2019dir.<\/p>\n<p>9\ufe0f\u20e3 Su Kaynaklar\u0131n\u0131n K\u0131tl\u0131\u011f\u0131 \ud83d\udca7<br \/>\nFilistinlilerin ki\u015fi ba\u015f\u0131na d\u00fc\u015fen y\u0131ll\u0131k su t\u00fcketimi, d\u00fcnya ortalamas\u0131n\u0131n yar\u0131s\u0131ndan azd\u0131r.<\/p>\n<p>\ud83d\udd1f Filistin Halk\u0131 D\u00fcnyaya Yay\u0131lm\u0131\u015ft\u0131r \ud83c\udf0d<br \/>\nBug\u00fcn 14 milyondan fazla Filistinlinin yakla\u015f\u0131k yar\u0131s\u0131 diaspora h\u00e2linde, d\u00fcnyan\u0131n d\u00f6rt bir yan\u0131nda ya\u015famaktad\u0131r.<\/p>\n<p>1\ufe0f\u20e31\ufe0f\u20e3 Al-Quds \u00dcniversitesi \ud83c\udf93<br \/>\nFilistin\u2019deki en b\u00fcy\u00fck akademik kurum olan Al-Quds \u00dcniversitesi, Kud\u00fcs\u2019\u00fcn do\u011fusunda yer al\u0131r ve y\u00fczlerce uluslararas\u0131 \u00f6\u011frenci a\u011f\u0131rlar.<\/p>\n<p>1\ufe0f\u20e32\ufe0f\u20e3 Mescid-i Aksa\u2019n\u0131n Gizli Kuyular\u0131 \ud83d\udd4c<br \/>\nMescid-i Aksa\u2019n\u0131n alt\u0131nda tarih boyunca yap\u0131lm\u0131\u015f yeralt\u0131 ge\u00e7itleri ve su kuyular\u0131 bulunur.<\/p>\n<p>1\ufe0f\u20e33\ufe0f\u20e3 Filistin\u2019in Milli \u00c7i\u00e7e\u011fi \ud83c\udf38<br \/>\nFilistin\u2019in milli \u00e7i\u00e7e\u011fi anemon coronaria (k\u0131rm\u0131z\u0131 da\u011f lalesi)\u2019dir.<\/p>\n<p>1\ufe0f\u20e34\ufe0f\u20e3 \u0130lk Kahve K\u00fclt\u00fcr\u00fc \u2615<br \/>\nOrta Do\u011fu\u2019da kahve k\u00fclt\u00fcr\u00fcn\u00fcn yay\u0131lmas\u0131nda Filistin kahvehaneleri \u00f6nemli rol oynam\u0131\u015ft\u0131r.<\/p>\n<p>1\ufe0f\u20e35\ufe0f\u20e3 Yaser Arafat \u2014 Nobel Bar\u0131\u015f \u00d6d\u00fcl\u00fc (1994) \ud83d\udd4a\ufe0f<br \/>\nFilistin Kurtulu\u015f \u00d6rg\u00fct\u00fc lideri Yaser Arafat, 1994\u2019te \u0130shak Rabin ve \u015eimon Peres ile birlikte Nobel Bar\u0131\u015f \u00d6d\u00fcl\u00fc alarak Filistin davas\u0131n\u0131n uluslararas\u0131 alanda duyulmas\u0131na katk\u0131 sa\u011flad\u0131.<\/p>\n<p>1\ufe0f\u20e36\ufe0f\u20e3 El-Halil Camii \ud83d\udd4b<br \/>\nHz. \u0130brahim, Hz. \u0130shak ve Hz. Yakup\u2019un kabirlerinin bulundu\u011fu \u0130brahim Camii El Halil (Hebron) kenti \u00fc\u00e7 din i\u00e7in de kutsald\u0131r.<\/p>\n<p>1\ufe0f\u20e37\ufe0f\u20e3 Filistin\u2019in Bayra\u011f\u0131 \ud83d\udea9<br \/>\nSiyah, beyaz, ye\u015fil ve k\u0131rm\u0131z\u0131 renkler, Arap isyan\u0131n\u0131n sembolleridir. Bayrak ilk kez 1916\u2019da kullan\u0131lmaya ba\u015flanm\u0131\u015ft\u0131r.<\/p>\n<p>1\ufe0f\u20e38\ufe0f\u20e3 Filistin Nak\u0131\u015f\u0131 (Tatreez) \ud83e\uddf5<br \/>\nKad\u0131nlar\u0131n geleneksel k\u0131yafetlerindeki nak\u0131\u015f sanat\u0131, UNESCO Somut Olmayan K\u00fclt\u00fcrel Miras\u0131 listesine al\u0131nm\u0131\u015ft\u0131r.<\/p>\n<p>1\ufe0f\u20e39\ufe0f\u20e3 Filistinli Sporcular \u26bd<br \/>\nFilistin, FIFA\u2019ya \u00fcye olup milli futbol tak\u0131m\u0131 olan az say\u0131daki \u201cdevletsiz\u201d tak\u0131mlardan biridir.<\/p>\n<p>2\ufe0f\u20e30\ufe0f\u20e3 Zeytinya\u011f\u0131 Festivalleri \ud83e\uded2<br \/>\nHer y\u0131l hasat zaman\u0131 Filistin\u2019de onlarca k\u00f6yde zeytinya\u011f\u0131 festivali yap\u0131l\u0131r.<\/p>\n<p>2\ufe0f\u20e31\ufe0f\u20e3 Filistin\u2019in Gen\u00e7 N\u00fcfusu \ud83d\udc76<br \/>\nN\u00fcfusun yakla\u015f\u0131k %40\u2019\u0131 15 ya\u015f\u0131n alt\u0131nda olup, d\u00fcnyadaki en gen\u00e7 n\u00fcfus oranlar\u0131ndan birine sahiptir.<\/p>\n<p>\u2728 Sonu\u00e7: Filistin, sadece bir \u00e7at\u0131\u015fma b\u00f6lgesi de\u011fil; kadim k\u00fclt\u00fcrleri, zengin mutfa\u011f\u0131, derin tarihi ve gen\u00e7 n\u00fcfusu ile d\u00fcnyan\u0131n en dikkat \u00e7ekici co\u011frafyalar\u0131ndan biridir.<\/p>\n<p>\u270d Mehmet S\u0131ra\u00e7 Direk<br \/>\n\ud83c\udf0d Uluslararas\u0131 Ticaret ve Yat\u0131r\u0131m Uzman\u0131&#8217;ndan al\u0131nt\u0131 yap\u0131lm\u0131\u015ft\u0131r&nbsp;<\/p>\n<p>&nbsp;<\/p>\n","protected":false},"excerpt":{"rendered":"<p>\ud83c\uddf5\ud83c\uddf8&nbsp; \ud83d\udccc Filistin, sadece politik g\u00fcndemiyle de\u011fil; tarihi, k\u00fclt\u00fcr\u00fc, do\u011fas\u0131 ve insan\u0131yla da bir\u00e7ok \u00e7arp\u0131c\u0131&#8230;<\/p>\n","protected":false},"author":22,"featured_media":2311,"comment_status":"open","ping_status":"open","sticky":false,"template":"","format":"standard","meta":{"_bbp_topic_count":0,"_bbp_reply_count":0,"_bbp_total_topic_count":0,"_bbp_total_reply_count":0,"_bbp_voice_count":0,"_bbp_anonymous_reply_count":0,"_bbp_topic_count_hidden":0,"_bbp_reply_count_hidden":0,"_bbp_forum_subforum_count":0,"om_disable_all_campaigns":false,"_uag_custom_page_level_css":"","ngg_post_thumbnail":0,"footnotes":""},"categories":[179],"tags":[],"ppma_author":[199],"class_list":["post-2310","post","type-post","status-publish","format-standard","has-post-thumbnail","hentry","category-arastirmalar"],"yoast_head":"<!-- This site is optimized with the Yoast SEO plugin v24.9 - https:\/\/yoast.com\/wordpress\/plugins\/seo\/ -->\n<title>Filistin Hakk\u0131nda Az Bilinen 21 \u00c7arp\u0131c\u0131 Ger\u00e7ek - simurgedebiyat.com<\/title>\n<meta name=\"robots\" content=\"index, follow, max-snippet:-1, max-image-preview:large, max-video-preview:-1\" \/>\n<link rel=\"canonical\" href=\"https:\/\/simurgedebiyat.com\/index.php\/2025\/09\/20\/filistin-hakkinda-az-bilinen-21-carpici-gercek\/\" \/>\n<meta property=\"og:locale\" content=\"tr_TR\" \/>\n<meta property=\"og:type\" content=\"article\" \/>\n<meta property=\"og:title\" content=\"Filistin Hakk\u0131nda Az Bilinen 21 \u00c7arp\u0131c\u0131 Ger\u00e7ek - simurgedebiyat.com\" \/>\n<meta property=\"og:description\" content=\"\ud83c\uddf5\ud83c\uddf8&nbsp; \ud83d\udccc Filistin, sadece politik g\u00fcndemiyle de\u011fil; tarihi, k\u00fclt\u00fcr\u00fc, do\u011fas\u0131 ve insan\u0131yla da bir\u00e7ok \u00e7arp\u0131c\u0131...\" \/>\n<meta property=\"og:url\" content=\"https:\/\/simurgedebiyat.com\/index.php\/2025\/09\/20\/filistin-hakkinda-az-bilinen-21-carpici-gercek\/\" \/>\n<meta property=\"og:site_name\" content=\"simurgedebiyat.com\" \/>\n<meta property=\"article:published_time\" content=\"2025-09-20T07:00:14+00:00\" \/>\n<meta property=\"og:image\" content=\"https:\/\/simurgedebiyat.com\/wp-content\/uploads\/2025\/09\/IMG_20250920_095317.jpg\" \/>\n\t<meta property=\"og:image:width\" content=\"1082\" \/>\n\t<meta property=\"og:image:height\" content=\"1334\" \/>\n\t<meta property=\"og:image:type\" content=\"image\/jpeg\" \/>\n<meta name=\"author\" content=\"Misafir Kalem\" \/>\n<meta name=\"twitter:card\" content=\"summary_large_image\" \/>\n<meta name=\"twitter:label1\" content=\"Yazan:\" \/>\n\t<meta name=\"twitter:data1\" content=\"Misafir Kalem\" \/>\n\t<meta name=\"twitter:label2\" content=\"Tahmini okuma s\u00fcresi\" \/>\n\t<meta name=\"twitter:data2\" content=\"3 dakika\" \/>\n<script type=\"application\/ld+json\" class=\"yoast-schema-graph\">{\"@context\":\"https:\/\/schema.org\",\"@graph\":[{\"@type\":\"Article\",\"@id\":\"https:\/\/simurgedebiyat.com\/index.php\/2025\/09\/20\/filistin-hakkinda-az-bilinen-21-carpici-gercek\/#article\",\"isPartOf\":{\"@id\":\"https:\/\/simurgedebiyat.com\/index.php\/2025\/09\/20\/filistin-hakkinda-az-bilinen-21-carpici-gercek\/\"},\"author\":{\"name\":\"Misafir Kalem\",\"@id\":\"https:\/\/simurgedebiyat.com\/#\/schema\/person\/6cd4a2206085130e1c2f14da28db20be\"},\"headline\":\"Filistin Hakk\u0131nda Az Bilinen 21 \u00c7arp\u0131c\u0131 Ger\u00e7ek\",\"datePublished\":\"2025-09-20T07:00:14+00:00\",\"mainEntityOfPage\":{\"@id\":\"https:\/\/simurgedebiyat.com\/index.php\/2025\/09\/20\/filistin-hakkinda-az-bilinen-21-carpici-gercek\/\"},\"wordCount\":619,\"commentCount\":0,\"publisher\":{\"@id\":\"https:\/\/simurgedebiyat.com\/#organization\"},\"image\":{\"@id\":\"https:\/\/simurgedebiyat.com\/index.php\/2025\/09\/20\/filistin-hakkinda-az-bilinen-21-carpici-gercek\/#primaryimage\"},\"thumbnailUrl\":\"https:\/\/simurgedebiyat.com\/wp-content\/uploads\/2025\/09\/IMG_20250920_095317.jpg\",\"articleSection\":[\"Ara\u015ft\u0131rmalar\"],\"inLanguage\":\"tr\",\"potentialAction\":[{\"@type\":\"CommentAction\",\"name\":\"Comment\",\"target\":[\"https:\/\/simurgedebiyat.com\/index.php\/2025\/09\/20\/filistin-hakkinda-az-bilinen-21-carpici-gercek\/#respond\"]}]},{\"@type\":\"WebPage\",\"@id\":\"https:\/\/simurgedebiyat.com\/index.php\/2025\/09\/20\/filistin-hakkinda-az-bilinen-21-carpici-gercek\/\",\"url\":\"https:\/\/simurgedebiyat.com\/index.php\/2025\/09\/20\/filistin-hakkinda-az-bilinen-21-carpici-gercek\/\",\"name\":\"Filistin Hakk\u0131nda Az Bilinen 21 \u00c7arp\u0131c\u0131 Ger\u00e7ek - simurgedebiyat.com\",\"isPartOf\":{\"@id\":\"https:\/\/simurgedebiyat.com\/#website\"},\"primaryImageOfPage\":{\"@id\":\"https:\/\/simurgedebiyat.com\/index.php\/2025\/09\/20\/filistin-hakkinda-az-bilinen-21-carpici-gercek\/#primaryimage\"},\"image\":{\"@id\":\"https:\/\/simurgedebiyat.com\/index.php\/2025\/09\/20\/filistin-hakkinda-az-bilinen-21-carpici-gercek\/#primaryimage\"},\"thumbnailUrl\":\"https:\/\/simurgedebiyat.com\/wp-content\/uploads\/2025\/09\/IMG_20250920_095317.jpg\",\"datePublished\":\"2025-09-20T07:00:14+00:00\",\"breadcrumb\":{\"@id\":\"https:\/\/simurgedebiyat.com\/index.php\/2025\/09\/20\/filistin-hakkinda-az-bilinen-21-carpici-gercek\/#breadcrumb\"},\"inLanguage\":\"tr\",\"potentialAction\":[{\"@type\":\"ReadAction\",\"target\":[\"https:\/\/simurgedebiyat.com\/index.php\/2025\/09\/20\/filistin-hakkinda-az-bilinen-21-carpici-gercek\/\"]}]},{\"@type\":\"ImageObject\",\"inLanguage\":\"tr\",\"@id\":\"https:\/\/simurgedebiyat.com\/index.php\/2025\/09\/20\/filistin-hakkinda-az-bilinen-21-carpici-gercek\/#primaryimage\",\"url\":\"https:\/\/simurgedebiyat.com\/wp-content\/uploads\/2025\/09\/IMG_20250920_095317.jpg\",\"contentUrl\":\"https:\/\/simurgedebiyat.com\/wp-content\/uploads\/2025\/09\/IMG_20250920_095317.jpg\",\"width\":1082,\"height\":1334},{\"@type\":\"BreadcrumbList\",\"@id\":\"https:\/\/simurgedebiyat.com\/index.php\/2025\/09\/20\/filistin-hakkinda-az-bilinen-21-carpici-gercek\/#breadcrumb\",\"itemListElement\":[{\"@type\":\"ListItem\",\"position\":1,\"name\":\"Anasayfa\",\"item\":\"https:\/\/simurgedebiyat.com\/\"},{\"@type\":\"ListItem\",\"position\":2,\"name\":\"Filistin Hakk\u0131nda Az Bilinen 21 \u00c7arp\u0131c\u0131 Ger\u00e7ek\"}]},{\"@type\":\"WebSite\",\"@id\":\"https:\/\/simurgedebiyat.com\/#website\",\"url\":\"https:\/\/simurgedebiyat.com\/\",\"name\":\"simurgedebiyat.com\",\"description\":\"edebiyat&amp;K\u00fclt\u00fcr&amp;Sanat&amp;D\u00fc\u015f\u00fcnce \",\"publisher\":{\"@id\":\"https:\/\/simurgedebiyat.com\/#organization\"},\"potentialAction\":[{\"@type\":\"SearchAction\",\"target\":{\"@type\":\"EntryPoint\",\"urlTemplate\":\"https:\/\/simurgedebiyat.com\/?s={search_term_string}\"},\"query-input\":{\"@type\":\"PropertyValueSpecification\",\"valueRequired\":true,\"valueName\":\"search_term_string\"}}],\"inLanguage\":\"tr\"},{\"@type\":\"Organization\",\"@id\":\"https:\/\/simurgedebiyat.com\/#organization\",\"name\":\"simurgedebiyat.com\",\"url\":\"https:\/\/simurgedebiyat.com\/\",\"logo\":{\"@type\":\"ImageObject\",\"inLanguage\":\"tr\",\"@id\":\"https:\/\/simurgedebiyat.com\/#\/schema\/logo\/image\/\",\"url\":\"https:\/\/simurgedebiyat.com\/wp-content\/uploads\/2025\/11\/cropped-HHHHH-1.jpeg\",\"contentUrl\":\"https:\/\/simurgedebiyat.com\/wp-content\/uploads\/2025\/11\/cropped-HHHHH-1.jpeg\",\"width\":245,\"height\":205,\"caption\":\"simurgedebiyat.com\"},\"image\":{\"@id\":\"https:\/\/simurgedebiyat.com\/#\/schema\/logo\/image\/\"}},{\"@type\":\"Person\",\"@id\":\"https:\/\/simurgedebiyat.com\/#\/schema\/person\/6cd4a2206085130e1c2f14da28db20be\",\"name\":\"Misafir Kalem\",\"image\":{\"@type\":\"ImageObject\",\"inLanguage\":\"tr\",\"@id\":\"https:\/\/simurgedebiyat.com\/#\/schema\/person\/image\/23494c9101089ad44ae88ce9d2f56aac\",\"url\":\"https:\/\/secure.gravatar.com\/avatar\/?s=96&d=mm&r=g\",\"contentUrl\":\"https:\/\/secure.gravatar.com\/avatar\/?s=96&d=mm&r=g\",\"caption\":\"Misafir Kalem\"},\"url\":\"https:\/\/simurgedebiyat.com\/index.php\/author\/misafir-kalem\/\"}]}<\/script>\n<!-- \/ Yoast SEO plugin. -->","yoast_head_json":{"title":"Filistin Hakk\u0131nda Az Bilinen 21 \u00c7arp\u0131c\u0131 Ger\u00e7ek - simurgedebiyat.com","robots":{"index":"index","follow":"follow","max-snippet":"max-snippet:-1","max-image-preview":"max-image-preview:large","max-video-preview":"max-video-preview:-1"},"canonical":"https:\/\/simurgedebiyat.com\/index.php\/2025\/09\/20\/filistin-hakkinda-az-bilinen-21-carpici-gercek\/","og_locale":"tr_TR","og_type":"article","og_title":"Filistin Hakk\u0131nda Az Bilinen 21 \u00c7arp\u0131c\u0131 Ger\u00e7ek - simurgedebiyat.com","og_description":"\ud83c\uddf5\ud83c\uddf8&nbsp; \ud83d\udccc Filistin, sadece politik g\u00fcndemiyle de\u011fil; tarihi, k\u00fclt\u00fcr\u00fc, do\u011fas\u0131 ve insan\u0131yla da bir\u00e7ok \u00e7arp\u0131c\u0131...","og_url":"https:\/\/simurgedebiyat.com\/index.php\/2025\/09\/20\/filistin-hakkinda-az-bilinen-21-carpici-gercek\/","og_site_name":"simurgedebiyat.com","article_published_time":"2025-09-20T07:00:14+00:00","og_image":[{"width":1082,"height":1334,"url":"https:\/\/simurgedebiyat.com\/wp-content\/uploads\/2025\/09\/IMG_20250920_095317.jpg","type":"image\/jpeg"}],"author":"Misafir Kalem","twitter_card":"summary_large_image","twitter_misc":{"Yazan:":"Misafir Kalem","Tahmini okuma s\u00fcresi":"3 dakika"},"schema":{"@context":"https:\/\/schema.org","@graph":[{"@type":"Article","@id":"https:\/\/simurgedebiyat.com\/index.php\/2025\/09\/20\/filistin-hakkinda-az-bilinen-21-carpici-gercek\/#article","isPartOf":{"@id":"https:\/\/simurgedebiyat.com\/index.php\/2025\/09\/20\/filistin-hakkinda-az-bilinen-21-carpici-gercek\/"},"author":{"name":"Misafir Kalem","@id":"https:\/\/simurgedebiyat.com\/#\/schema\/person\/6cd4a2206085130e1c2f14da28db20be"},"headline":"Filistin Hakk\u0131nda Az Bilinen 21 \u00c7arp\u0131c\u0131 Ger\u00e7ek","datePublished":"2025-09-20T07:00:14+00:00","mainEntityOfPage":{"@id":"https:\/\/simurgedebiyat.com\/index.php\/2025\/09\/20\/filistin-hakkinda-az-bilinen-21-carpici-gercek\/"},"wordCount":619,"commentCount":0,"publisher":{"@id":"https:\/\/simurgedebiyat.com\/#organization"},"image":{"@id":"https:\/\/simurgedebiyat.com\/index.php\/2025\/09\/20\/filistin-hakkinda-az-bilinen-21-carpici-gercek\/#primaryimage"},"thumbnailUrl":"https:\/\/simurgedebiyat.com\/wp-content\/uploads\/2025\/09\/IMG_20250920_095317.jpg","articleSection":["Ara\u015ft\u0131rmalar"],"inLanguage":"tr","potentialAction":[{"@type":"CommentAction","name":"Comment","target":["https:\/\/simurgedebiyat.com\/index.php\/2025\/09\/20\/filistin-hakkinda-az-bilinen-21-carpici-gercek\/#respond"]}]},{"@type":"WebPage","@id":"https:\/\/simurgedebiyat.com\/index.php\/2025\/09\/20\/filistin-hakkinda-az-bilinen-21-carpici-gercek\/","url":"https:\/\/simurgedebiyat.com\/index.php\/2025\/09\/20\/filistin-hakkinda-az-bilinen-21-carpici-gercek\/","name":"Filistin Hakk\u0131nda Az Bilinen 21 \u00c7arp\u0131c\u0131 Ger\u00e7ek - simurgedebiyat.com","isPartOf":{"@id":"https:\/\/simurgedebiyat.com\/#website"},"primaryImageOfPage":{"@id":"https:\/\/simurgedebiyat.com\/index.php\/2025\/09\/20\/filistin-hakkinda-az-bilinen-21-carpici-gercek\/#primaryimage"},"image":{"@id":"https:\/\/simurgedebiyat.com\/index.php\/2025\/09\/20\/filistin-hakkinda-az-bilinen-21-carpici-gercek\/#primaryimage"},"thumbnailUrl":"https:\/\/simurgedebiyat.com\/wp-content\/uploads\/2025\/09\/IMG_20250920_095317.jpg","datePublished":"2025-09-20T07:00:14+00:00","breadcrumb":{"@id":"https:\/\/simurgedebiyat.com\/index.php\/2025\/09\/20\/filistin-hakkinda-az-bilinen-21-carpici-gercek\/#breadcrumb"},"inLanguage":"tr","potentialAction":[{"@type":"ReadAction","target":["https:\/\/simurgedebiyat.com\/index.php\/2025\/09\/20\/filistin-hakkinda-az-bilinen-21-carpici-gercek\/"]}]},{"@type":"ImageObject","inLanguage":"tr","@id":"https:\/\/simurgedebiyat.com\/index.php\/2025\/09\/20\/filistin-hakkinda-az-bilinen-21-carpici-gercek\/#primaryimage","url":"https:\/\/simurgedebiyat.com\/wp-content\/uploads\/2025\/09\/IMG_20250920_095317.jpg","contentUrl":"https:\/\/simurgedebiyat.com\/wp-content\/uploads\/2025\/09\/IMG_20250920_095317.jpg","width":1082,"height":1334},{"@type":"BreadcrumbList","@id":"https:\/\/simurgedebiyat.com\/index.php\/2025\/09\/20\/filistin-hakkinda-az-bilinen-21-carpici-gercek\/#breadcrumb","itemListElement":[{"@type":"ListItem","position":1,"name":"Anasayfa","item":"https:\/\/simurgedebiyat.com\/"},{"@type":"ListItem","position":2,"name":"Filistin Hakk\u0131nda Az Bilinen 21 \u00c7arp\u0131c\u0131 Ger\u00e7ek"}]},{"@type":"WebSite","@id":"https:\/\/simurgedebiyat.com\/#website","url":"https:\/\/simurgedebiyat.com\/","name":"simurgedebiyat.com","description":"edebiyat&amp;K\u00fclt\u00fcr&amp;Sanat&amp;D\u00fc\u015f\u00fcnce ","publisher":{"@id":"https:\/\/simurgedebiyat.com\/#organization"},"potentialAction":[{"@type":"SearchAction","target":{"@type":"EntryPoint","urlTemplate":"https:\/\/simurgedebiyat.com\/?s={search_term_string}"},"query-input":{"@type":"PropertyValueSpecification","valueRequired":true,"valueName":"search_term_string"}}],"inLanguage":"tr"},{"@type":"Organization","@id":"https:\/\/simurgedebiyat.com\/#organization","name":"simurgedebiyat.com","url":"https:\/\/simurgedebiyat.com\/","logo":{"@type":"ImageObject","inLanguage":"tr","@id":"https:\/\/simurgedebiyat.com\/#\/schema\/logo\/image\/","url":"https:\/\/simurgedebiyat.com\/wp-content\/uploads\/2025\/11\/cropped-HHHHH-1.jpeg","contentUrl":"https:\/\/simurgedebiyat.com\/wp-content\/uploads\/2025\/11\/cropped-HHHHH-1.jpeg","width":245,"height":205,"caption":"simurgedebiyat.com"},"image":{"@id":"https:\/\/simurgedebiyat.com\/#\/schema\/logo\/image\/"}},{"@type":"Person","@id":"https:\/\/simurgedebiyat.com\/#\/schema\/person\/6cd4a2206085130e1c2f14da28db20be","name":"Misafir Kalem","image":{"@type":"ImageObject","inLanguage":"tr","@id":"https:\/\/simurgedebiyat.com\/#\/schema\/person\/image\/23494c9101089ad44ae88ce9d2f56aac","url":"https:\/\/secure.gravatar.com\/avatar\/?s=96&d=mm&r=g","contentUrl":"https:\/\/secure.gravatar.com\/avatar\/?s=96&d=mm&r=g","caption":"Misafir Kalem"},"url":"https:\/\/simurgedebiyat.com\/index.php\/author\/misafir-kalem\/"}]}},"featured_image_urls":{"full":["https:\/\/simurgedebiyat.com\/wp-content\/uploads\/2025\/09\/IMG_20250920_095317.jpg",1082,1334,false],"thumbnail":["https:\/\/simurgedebiyat.com\/wp-content\/uploads\/2025\/09\/IMG_20250920_095317-150x150.jpg",150,150,true],"medium":["https:\/\/simurgedebiyat.com\/wp-content\/uploads\/2025\/09\/IMG_20250920_095317-243x300.jpg",243,300,true],"medium_large":["https:\/\/simurgedebiyat.com\/wp-content\/uploads\/2025\/09\/IMG_20250920_095317-768x947.jpg",640,789,true],"large":["https:\/\/simurgedebiyat.com\/wp-content\/uploads\/2025\/09\/IMG_20250920_095317-831x1024.jpg",640,789,true],"1536x1536":["https:\/\/simurgedebiyat.com\/wp-content\/uploads\/2025\/09\/IMG_20250920_095317.jpg",1082,1334,false],"2048x2048":["https:\/\/simurgedebiyat.com\/wp-content\/uploads\/2025\/09\/IMG_20250920_095317.jpg",1082,1334,false],"covernews-slider-full":["https:\/\/simurgedebiyat.com\/wp-content\/uploads\/2025\/09\/IMG_20250920_095317-1082x715.jpg",1082,715,true],"covernews-slider-center":["https:\/\/simurgedebiyat.com\/wp-content\/uploads\/2025\/09\/IMG_20250920_095317-800x500.jpg",800,500,true],"covernews-featured":["https:\/\/simurgedebiyat.com\/wp-content\/uploads\/2025\/09\/IMG_20250920_095317-1024x1262.jpg",1024,1262,true],"covernews-medium":["https:\/\/simurgedebiyat.com\/wp-content\/uploads\/2025\/09\/IMG_20250920_095317-540x340.jpg",540,340,true],"covernews-medium-square":["https:\/\/simurgedebiyat.com\/wp-content\/uploads\/2025\/09\/IMG_20250920_095317-400x250.jpg",400,250,true],"sow-carousel-default":["https:\/\/simurgedebiyat.com\/wp-content\/uploads\/2025\/09\/IMG_20250920_095317-272x182.jpg",272,182,true],"sow-blog-portfolio":["https:\/\/simurgedebiyat.com\/wp-content\/uploads\/2025\/09\/IMG_20250920_095317-375x375.jpg",375,375,true],"sow-blog-grid":["https:\/\/simurgedebiyat.com\/wp-content\/uploads\/2025\/09\/IMG_20250920_095317-720x480.jpg",720,480,true],"sow-blog-alternate":["https:\/\/simurgedebiyat.com\/wp-content\/uploads\/2025\/09\/IMG_20250920_095317-950x630.jpg",950,630,true],"sow-recent-post":["https:\/\/simurgedebiyat.com\/wp-content\/uploads\/2025\/09\/IMG_20250920_095317-216x216.jpg",216,216,true]},"author_info":{"display_name":"Misafir Kalem","author_link":"https:\/\/simurgedebiyat.com\/index.php\/author\/misafir-kalem\/"},"category_info":"<a href=\"https:\/\/simurgedebiyat.com\/index.php\/category\/arastirmalar\/\" rel=\"category tag\">Ara\u015ft\u0131rmalar<\/a>","tag_info":"Ara\u015ft\u0131rmalar","comment_count":"0","jetpack_featured_media_url":"https:\/\/simurgedebiyat.com\/wp-content\/uploads\/2025\/09\/IMG_20250920_095317.jpg","uagb_featured_image_src":{"full":["https:\/\/simurgedebiyat.com\/wp-content\/uploads\/2025\/09\/IMG_20250920_095317.jpg",1082,1334,false],"thumbnail":["https:\/\/simurgedebiyat.com\/wp-content\/uploads\/2025\/09\/IMG_20250920_095317-150x150.jpg",150,150,true],"medium":["https:\/\/simurgedebiyat.com\/wp-content\/uploads\/2025\/09\/IMG_20250920_095317-243x300.jpg",243,300,true],"medium_large":["https:\/\/simurgedebiyat.com\/wp-content\/uploads\/2025\/09\/IMG_20250920_095317-768x947.jpg",640,789,true],"large":["https:\/\/simurgedebiyat.com\/wp-content\/uploads\/2025\/09\/IMG_20250920_095317-831x1024.jpg",640,789,true],"1536x1536":["https:\/\/simurgedebiyat.com\/wp-content\/uploads\/2025\/09\/IMG_20250920_095317.jpg",1082,1334,false],"2048x2048":["https:\/\/simurgedebiyat.com\/wp-content\/uploads\/2025\/09\/IMG_20250920_095317.jpg",1082,1334,false],"covernews-slider-full":["https:\/\/simurgedebiyat.com\/wp-content\/uploads\/2025\/09\/IMG_20250920_095317-1082x715.jpg",1082,715,true],"covernews-slider-center":["https:\/\/simurgedebiyat.com\/wp-content\/uploads\/2025\/09\/IMG_20250920_095317-800x500.jpg",800,500,true],"covernews-featured":["https:\/\/simurgedebiyat.com\/wp-content\/uploads\/2025\/09\/IMG_20250920_095317-1024x1262.jpg",1024,1262,true],"covernews-medium":["https:\/\/simurgedebiyat.com\/wp-content\/uploads\/2025\/09\/IMG_20250920_095317-540x340.jpg",540,340,true],"covernews-medium-square":["https:\/\/simurgedebiyat.com\/wp-content\/uploads\/2025\/09\/IMG_20250920_095317-400x250.jpg",400,250,true],"sow-carousel-default":["https:\/\/simurgedebiyat.com\/wp-content\/uploads\/2025\/09\/IMG_20250920_095317-272x182.jpg",272,182,true],"sow-blog-portfolio":["https:\/\/simurgedebiyat.com\/wp-content\/uploads\/2025\/09\/IMG_20250920_095317-375x375.jpg",375,375,true],"sow-blog-grid":["https:\/\/simurgedebiyat.com\/wp-content\/uploads\/2025\/09\/IMG_20250920_095317-720x480.jpg",720,480,true],"sow-blog-alternate":["https:\/\/simurgedebiyat.com\/wp-content\/uploads\/2025\/09\/IMG_20250920_095317-950x630.jpg",950,630,true],"sow-recent-post":["https:\/\/simurgedebiyat.com\/wp-content\/uploads\/2025\/09\/IMG_20250920_095317-216x216.jpg",216,216,true]},"uagb_author_info":{"display_name":"Misafir Kalem","author_link":"https:\/\/simurgedebiyat.com\/index.php\/author\/misafir-kalem\/"},"uagb_comment_info":0,"uagb_excerpt":"\ud83c\uddf5\ud83c\uddf8&nbsp; \ud83d\udccc Filistin, sadece politik g\u00fcndemiyle de\u011fil; tarihi, k\u00fclt\u00fcr\u00fc, do\u011fas\u0131 ve insan\u0131yla da bir\u00e7ok \u00e7arp\u0131c\u0131...","authors":[{"term_id":199,"user_id":22,"is_guest":0,"slug":"misafir-kalem","display_name":"Misafir Kalem","avatar_url":{"url":"https:\/\/simurgedebiyat.com\/wp-content\/uploads\/2025\/10\/MISAFIR-KALEM.jpg","url2x":"https:\/\/simurgedebiyat.com\/wp-content\/uploads\/2025\/10\/MISAFIR-KALEM.jpg"},"first_name":"","last_name":"","user_url":"","job_title":"","description":""}],"_links":{"self":[{"href":"https:\/\/simurgedebiyat.com\/index.php\/wp-json\/wp\/v2\/posts\/2310","targetHints":{"allow":["GET"]}}],"collection":[{"href":"https:\/\/simurgedebiyat.com\/index.php\/wp-json\/wp\/v2\/posts"}],"about":[{"href":"https:\/\/simurgedebiyat.com\/index.php\/wp-json\/wp\/v2\/types\/post"}],"author":[{"embeddable":true,"href":"https:\/\/simurgedebiyat.com\/index.php\/wp-json\/wp\/v2\/users\/22"}],"replies":[{"embeddable":true,"href":"https:\/\/simurgedebiyat.com\/index.php\/wp-json\/wp\/v2\/comments?post=2310"}],"version-history":[{"count":1,"href":"https:\/\/simurgedebiyat.com\/index.php\/wp-json\/wp\/v2\/posts\/2310\/revisions"}],"predecessor-version":[{"id":2312,"href":"https:\/\/simurgedebiyat.com\/index.php\/wp-json\/wp\/v2\/posts\/2310\/revisions\/2312"}],"wp:featuredmedia":[{"embeddable":true,"href":"https:\/\/simurgedebiyat.com\/index.php\/wp-json\/wp\/v2\/media\/2311"}],"wp:attachment":[{"href":"https:\/\/simurgedebiyat.com\/index.php\/wp-json\/wp\/v2\/media?parent=2310"}],"wp:term":[{"taxonomy":"category","embeddable":true,"href":"https:\/\/simurgedebiyat.com\/index.php\/wp-json\/wp\/v2\/categories?post=2310"},{"taxonomy":"post_tag","embeddable":true,"href":"https:\/\/simurgedebiyat.com\/index.php\/wp-json\/wp\/v2\/tags?post=2310"},{"taxonomy":"author","embeddable":true,"href":"https:\/\/simurgedebiyat.com\/index.php\/wp-json\/wp\/v2\/ppma_author?post=2310"}],"curies":[{"name":"wp","href":"https:\/\/api.w.org\/{rel}","templated":true}]}}