{"id":2230,"date":"2025-09-07T13:03:03","date_gmt":"2025-09-07T10:03:03","guid":{"rendered":"https:\/\/simurgedebiyat.com\/?p=2230"},"modified":"2025-09-07T15:05:57","modified_gmt":"2025-09-07T12:05:57","slug":"kalbim-boyle-buyurdu","status":"publish","type":"post","link":"https:\/\/simurgedebiyat.com\/index.php\/2025\/09\/07\/kalbim-boyle-buyurdu\/","title":{"rendered":"Kalbim B\u00f6yle Buyurdu"},"content":{"rendered":"<blockquote><p>Menek\u015fe topraklarda karanl\u0131kla f\u0131s\u0131lda\u015f<br \/>\nGecenin maskesiyle \u0131\u015f\u0131k birazc\u0131k \u0131\u015f\u0131k<br \/>\nTan atarken uyan\u0131p aya\u011fa kalk arkada\u015f<br \/>\nBu yollar \u00e7etrefilli efsunkar ve karma\u015f\u0131k<br \/>\nKalbim b\u00f6yle buyurdu karanl\u0131kla f\u0131s\u0131lda\u015f<\/p><\/blockquote>\n<p>Rabbim merhametinle ey evren beni dinle<br \/>\nKainat ak\u015famlar\u0131 karag\u00f6kler alt\u0131nda<br \/>\nNazar k\u0131l bir da\u011flara d\u00fc\u015f\u00fcn anla ve inle<br \/>\nHer sabah seher vakti g\u00f6n\u00fcl saltanat\u0131nda<br \/>\nKalbim b\u00f6yle buyurdu karag\u00f6kler alt\u0131nda<\/p>\n<p>Uzaktan do\u011fan g\u00fcne\u015f titreyip yay\u0131lmakta<br \/>\nOna muhta\u00e7 duldalar bir ah i\u00e7inde bakar<br \/>\nSab\u0131r teraneleri bak\u0131\u015f\u0131yla y\u0131lmakta<br \/>\nAzmin yay\u0131lan teri endazeleri yakar<br \/>\nKalbim b\u00f6yle buyurdu bir ah i\u00e7inde bakar<\/p>\n<p>Bir y\u00fcrek devletinde sevdalar sonsuz erdem<br \/>\nSevenin engin a\u015fk\u0131 her daim \u00f6nplanda<br \/>\nUnutulmaz sevdalar her zemin ve her demde<br \/>\nG\u00f6zlerinde \u015fualar dolan\u0131rken alanda<br \/>\nKalbim b\u00f6yle buyurdu her daim \u00f6nplanda<\/p>\n<p>Sevenin sevdas\u0131yla inlerken mavi gece<br \/>\nB\u00fct\u00fcn vucudum oynar ruhun penceresinde<br \/>\nDenklem i\u00e7inde denklem al sana bir bilmece<br \/>\nDa\u011flar \u00f6tesi ne, bu yol a\u015fk\u0131n neresinde?<br \/>\nKalbim b\u00f6yle buyurdu ruhun penceresinde<\/p>\n","protected":false},"excerpt":{"rendered":"<p>Menek\u015fe topraklarda karanl\u0131kla f\u0131s\u0131lda\u015f Gecenin maskesiyle \u0131\u015f\u0131k birazc\u0131k \u0131\u015f\u0131k Tan atarken uyan\u0131p aya\u011fa kalk arkada\u015f&#8230;<\/p>\n","protected":false},"author":3,"featured_media":2237,"comment_status":"open","ping_status":"open","sticky":false,"template":"","format":"standard","meta":{"_bbp_topic_count":0,"_bbp_reply_count":0,"_bbp_total_topic_count":0,"_bbp_total_reply_count":0,"_bbp_voice_count":0,"_bbp_anonymous_reply_count":0,"_bbp_topic_count_hidden":0,"_bbp_reply_count_hidden":0,"_bbp_forum_subforum_count":0,"om_disable_all_campaigns":false,"_uag_custom_page_level_css":"","ngg_post_thumbnail":0,"footnotes":""},"categories":[17],"tags":[],"ppma_author":[94],"class_list":["post-2230","post","type-post","status-publish","format-standard","has-post-thumbnail","hentry","category-siir"],"yoast_head":"<!-- This site is optimized with the Yoast SEO plugin v24.9 - https:\/\/yoast.com\/wordpress\/plugins\/seo\/ -->\n<title>Kalbim B\u00f6yle Buyurdu - simurgedebiyat.com<\/title>\n<meta name=\"robots\" content=\"index, follow, max-snippet:-1, max-image-preview:large, max-video-preview:-1\" \/>\n<link rel=\"canonical\" href=\"https:\/\/simurgedebiyat.com\/index.php\/2025\/09\/07\/kalbim-boyle-buyurdu\/\" \/>\n<meta property=\"og:locale\" content=\"tr_TR\" \/>\n<meta property=\"og:type\" content=\"article\" \/>\n<meta property=\"og:title\" content=\"Kalbim B\u00f6yle Buyurdu - simurgedebiyat.com\" \/>\n<meta property=\"og:description\" content=\"Menek\u015fe topraklarda karanl\u0131kla f\u0131s\u0131lda\u015f Gecenin maskesiyle \u0131\u015f\u0131k birazc\u0131k \u0131\u015f\u0131k Tan atarken uyan\u0131p aya\u011fa kalk arkada\u015f...\" \/>\n<meta property=\"og:url\" content=\"https:\/\/simurgedebiyat.com\/index.php\/2025\/09\/07\/kalbim-boyle-buyurdu\/\" \/>\n<meta property=\"og:site_name\" content=\"simurgedebiyat.com\" \/>\n<meta property=\"article:published_time\" content=\"2025-09-07T10:03:03+00:00\" \/>\n<meta property=\"article:modified_time\" content=\"2025-09-07T12:05:57+00:00\" \/>\n<meta property=\"og:image\" content=\"https:\/\/simurgedebiyat.com\/wp-content\/uploads\/2025\/09\/IMG_20250907_145258.jpg\" \/>\n\t<meta property=\"og:image:width\" content=\"1080\" \/>\n\t<meta property=\"og:image:height\" content=\"933\" \/>\n\t<meta property=\"og:image:type\" content=\"image\/jpeg\" \/>\n<meta name=\"author\" content=\"Tar\u0131k TORUN\" \/>\n<meta name=\"twitter:card\" content=\"summary_large_image\" \/>\n<meta name=\"twitter:label1\" content=\"Yazan:\" \/>\n\t<meta name=\"twitter:data1\" content=\"Tar\u0131k TORUN\" \/>\n\t<meta name=\"twitter:label2\" content=\"Tahmini okuma s\u00fcresi\" \/>\n\t<meta name=\"twitter:data2\" content=\"1 dakika\" \/>\n<script type=\"application\/ld+json\" class=\"yoast-schema-graph\">{\"@context\":\"https:\/\/schema.org\",\"@graph\":[{\"@type\":\"Article\",\"@id\":\"https:\/\/simurgedebiyat.com\/index.php\/2025\/09\/07\/kalbim-boyle-buyurdu\/#article\",\"isPartOf\":{\"@id\":\"https:\/\/simurgedebiyat.com\/index.php\/2025\/09\/07\/kalbim-boyle-buyurdu\/\"},\"author\":{\"name\":\"Tar\u0131k TORUN\",\"@id\":\"https:\/\/simurgedebiyat.com\/#\/schema\/person\/2b69186447343805a1de03a426a9c75c\"},\"headline\":\"Kalbim B\u00f6yle Buyurdu\",\"datePublished\":\"2025-09-07T10:03:03+00:00\",\"dateModified\":\"2025-09-07T12:05:57+00:00\",\"mainEntityOfPage\":{\"@id\":\"https:\/\/simurgedebiyat.com\/index.php\/2025\/09\/07\/kalbim-boyle-buyurdu\/\"},\"wordCount\":192,\"commentCount\":1,\"publisher\":{\"@id\":\"https:\/\/simurgedebiyat.com\/#organization\"},\"image\":{\"@id\":\"https:\/\/simurgedebiyat.com\/index.php\/2025\/09\/07\/kalbim-boyle-buyurdu\/#primaryimage\"},\"thumbnailUrl\":\"https:\/\/simurgedebiyat.com\/wp-content\/uploads\/2025\/09\/IMG_20250907_145258.jpg\",\"articleSection\":[\"\u015eiir\"],\"inLanguage\":\"tr\",\"potentialAction\":[{\"@type\":\"CommentAction\",\"name\":\"Comment\",\"target\":[\"https:\/\/simurgedebiyat.com\/index.php\/2025\/09\/07\/kalbim-boyle-buyurdu\/#respond\"]}]},{\"@type\":\"WebPage\",\"@id\":\"https:\/\/simurgedebiyat.com\/index.php\/2025\/09\/07\/kalbim-boyle-buyurdu\/\",\"url\":\"https:\/\/simurgedebiyat.com\/index.php\/2025\/09\/07\/kalbim-boyle-buyurdu\/\",\"name\":\"Kalbim B\u00f6yle Buyurdu - simurgedebiyat.com\",\"isPartOf\":{\"@id\":\"https:\/\/simurgedebiyat.com\/#website\"},\"primaryImageOfPage\":{\"@id\":\"https:\/\/simurgedebiyat.com\/index.php\/2025\/09\/07\/kalbim-boyle-buyurdu\/#primaryimage\"},\"image\":{\"@id\":\"https:\/\/simurgedebiyat.com\/index.php\/2025\/09\/07\/kalbim-boyle-buyurdu\/#primaryimage\"},\"thumbnailUrl\":\"https:\/\/simurgedebiyat.com\/wp-content\/uploads\/2025\/09\/IMG_20250907_145258.jpg\",\"datePublished\":\"2025-09-07T10:03:03+00:00\",\"dateModified\":\"2025-09-07T12:05:57+00:00\",\"breadcrumb\":{\"@id\":\"https:\/\/simurgedebiyat.com\/index.php\/2025\/09\/07\/kalbim-boyle-buyurdu\/#breadcrumb\"},\"inLanguage\":\"tr\",\"potentialAction\":[{\"@type\":\"ReadAction\",\"target\":[\"https:\/\/simurgedebiyat.com\/index.php\/2025\/09\/07\/kalbim-boyle-buyurdu\/\"]}]},{\"@type\":\"ImageObject\",\"inLanguage\":\"tr\",\"@id\":\"https:\/\/simurgedebiyat.com\/index.php\/2025\/09\/07\/kalbim-boyle-buyurdu\/#primaryimage\",\"url\":\"https:\/\/simurgedebiyat.com\/wp-content\/uploads\/2025\/09\/IMG_20250907_145258.jpg\",\"contentUrl\":\"https:\/\/simurgedebiyat.com\/wp-content\/uploads\/2025\/09\/IMG_20250907_145258.jpg\",\"width\":1080,\"height\":933},{\"@type\":\"BreadcrumbList\",\"@id\":\"https:\/\/simurgedebiyat.com\/index.php\/2025\/09\/07\/kalbim-boyle-buyurdu\/#breadcrumb\",\"itemListElement\":[{\"@type\":\"ListItem\",\"position\":1,\"name\":\"Anasayfa\",\"item\":\"https:\/\/simurgedebiyat.com\/\"},{\"@type\":\"ListItem\",\"position\":2,\"name\":\"Kalbim B\u00f6yle Buyurdu\"}]},{\"@type\":\"WebSite\",\"@id\":\"https:\/\/simurgedebiyat.com\/#website\",\"url\":\"https:\/\/simurgedebiyat.com\/\",\"name\":\"simurgedebiyat.com\",\"description\":\"edebiyat&amp;K\u00fclt\u00fcr&amp;Sanat&amp;D\u00fc\u015f\u00fcnce \",\"publisher\":{\"@id\":\"https:\/\/simurgedebiyat.com\/#organization\"},\"potentialAction\":[{\"@type\":\"SearchAction\",\"target\":{\"@type\":\"EntryPoint\",\"urlTemplate\":\"https:\/\/simurgedebiyat.com\/?s={search_term_string}\"},\"query-input\":{\"@type\":\"PropertyValueSpecification\",\"valueRequired\":true,\"valueName\":\"search_term_string\"}}],\"inLanguage\":\"tr\"},{\"@type\":\"Organization\",\"@id\":\"https:\/\/simurgedebiyat.com\/#organization\",\"name\":\"simurgedebiyat.com\",\"url\":\"https:\/\/simurgedebiyat.com\/\",\"logo\":{\"@type\":\"ImageObject\",\"inLanguage\":\"tr\",\"@id\":\"https:\/\/simurgedebiyat.com\/#\/schema\/logo\/image\/\",\"url\":\"https:\/\/simurgedebiyat.com\/wp-content\/uploads\/2025\/11\/cropped-HHHHH-1.jpeg\",\"contentUrl\":\"https:\/\/simurgedebiyat.com\/wp-content\/uploads\/2025\/11\/cropped-HHHHH-1.jpeg\",\"width\":245,\"height\":205,\"caption\":\"simurgedebiyat.com\"},\"image\":{\"@id\":\"https:\/\/simurgedebiyat.com\/#\/schema\/logo\/image\/\"}},{\"@type\":\"Person\",\"@id\":\"https:\/\/simurgedebiyat.com\/#\/schema\/person\/2b69186447343805a1de03a426a9c75c\",\"name\":\"Tar\u0131k TORUN\",\"image\":{\"@type\":\"ImageObject\",\"inLanguage\":\"tr\",\"@id\":\"https:\/\/simurgedebiyat.com\/#\/schema\/person\/image\/23494c9101089ad44ae88ce9d2f56aac\",\"url\":\"https:\/\/secure.gravatar.com\/avatar\/?s=96&d=mm&r=g\",\"contentUrl\":\"https:\/\/secure.gravatar.com\/avatar\/?s=96&d=mm&r=g\",\"caption\":\"Tar\u0131k TORUN\"},\"description\":\"Bayburt\u2019un Bayraktar (Baks\u0131) k\u00f6y\u00fcnde do\u011fdu (1965). \u0130lk\u00f6\u011frenimini k\u00f6y\u00fcnde bitirdi. Ailesi ile birlikte \u00c7orum\u2019a g\u00f6\u00e7 etti (1975). Orta\u00f6\u011frenimini \u00c7orum\u2019da tamamlad\u0131. Karadeniz Teknik \u00dcniversitesi, Fatih E\u011fitim Fak\u00fcltesi, Co\u011frafya \u00d6\u011fretmenli\u011fi b\u00f6l\u00fcm\u00fcn\u00fc bitirdi (1988). 1989 \u2018dan itibaren pek \u00e7ok lisede co\u011frafya \u00f6\u011fretmenli\u011fi yapt\u0131. Bu arada Gazi \u00dcniversitesi, Sosyal Bilimler Enstit\u00fcs\u00fc, Co\u011frafya E\u011fitimi Y\u00fcksek Lisans (Master) program\u0131n\u0131 bitirdi. Anadolu \u00dcniversitesi, T\u00fcrk Dili ve Edebiyat\u0131 B\u00f6l\u00fcm\u00fcn\u00fc de bitirdi. Ayr\u0131ca \u0130stanbul \u00dcniversitesi, Hukuk Fak\u00fcltesi\u2019nde de okudu. MEB, \u00d6YGM, EARGED ve YE\u011e\u0130TEK\u2019de \u00f6\u011fretmen olarak \u00e7al\u0131\u015ft\u0131. \u0130LESAM, TYB, \u0130slam \u00dclkeleri Akademisyen ve Yazarlar Birli\u011fi ile Uluslararas\u0131 Bayburt Yazar ve Sanat\u00e7\u0131lar Derne\u011fi\u2019nin \u00fcyesidir. \u00c7e\u015fitli sosyal ve k\u00fclt\u00fcrel \u00e7al\u0131\u015fmalara kat\u0131lmaktad\u0131r. \u015eiir, deneme, makale, roman, hik\u00e2ye, gezi yaz\u0131s\u0131, ara\u015ft\u0131rma-inceleme alan\u0131ndaki \u00e7al\u0131\u015fmalar\u0131 halen devam etmektedir. \u00c7e\u015fitli kurulu\u015flardan ald\u0131\u011f\u0131 onlarca \u00f6d\u00fcl\u00fc bulunmaktad\u0131r. ESERLER\u0130 \u015eiir G\u00fclistan\u0131n G\u00fclleri-2006 Alizeler-2007 A\u015fk\u0131n Co\u011frafyas\u0131-2008 Meb\u015fure-2009 A\u015fko\u011frafya-2010 A\u015fkistan-2015 A\u015fka Yolculuk-2018 \u015eiir \u015eiir T\u00fcrkiye-I-2021 \u015eiir \u015eiir T\u00fcrkiye-II-2022 Neva-2026 Hik\u00e2ye G\u00fcne\u015fi Tut Ka\u00e7mas\u0131n-2011 A\u015fk\u0131n Kalbi-2015 Mor Da\u011flar\u0131n Balas\u0131-2025 Deneme Algoritmik Aforizmalar-2016 Roman Piri Reis-2022\",\"url\":\"https:\/\/simurgedebiyat.com\/index.php\/author\/tarik-torun\/\"}]}<\/script>\n<!-- \/ Yoast SEO plugin. -->","yoast_head_json":{"title":"Kalbim B\u00f6yle Buyurdu - simurgedebiyat.com","robots":{"index":"index","follow":"follow","max-snippet":"max-snippet:-1","max-image-preview":"max-image-preview:large","max-video-preview":"max-video-preview:-1"},"canonical":"https:\/\/simurgedebiyat.com\/index.php\/2025\/09\/07\/kalbim-boyle-buyurdu\/","og_locale":"tr_TR","og_type":"article","og_title":"Kalbim B\u00f6yle Buyurdu - simurgedebiyat.com","og_description":"Menek\u015fe topraklarda karanl\u0131kla f\u0131s\u0131lda\u015f Gecenin maskesiyle \u0131\u015f\u0131k birazc\u0131k \u0131\u015f\u0131k Tan atarken uyan\u0131p aya\u011fa kalk arkada\u015f...","og_url":"https:\/\/simurgedebiyat.com\/index.php\/2025\/09\/07\/kalbim-boyle-buyurdu\/","og_site_name":"simurgedebiyat.com","article_published_time":"2025-09-07T10:03:03+00:00","article_modified_time":"2025-09-07T12:05:57+00:00","og_image":[{"width":1080,"height":933,"url":"https:\/\/simurgedebiyat.com\/wp-content\/uploads\/2025\/09\/IMG_20250907_145258.jpg","type":"image\/jpeg"}],"author":"Tar\u0131k TORUN","twitter_card":"summary_large_image","twitter_misc":{"Yazan:":"Tar\u0131k TORUN","Tahmini okuma s\u00fcresi":"1 dakika"},"schema":{"@context":"https:\/\/schema.org","@graph":[{"@type":"Article","@id":"https:\/\/simurgedebiyat.com\/index.php\/2025\/09\/07\/kalbim-boyle-buyurdu\/#article","isPartOf":{"@id":"https:\/\/simurgedebiyat.com\/index.php\/2025\/09\/07\/kalbim-boyle-buyurdu\/"},"author":{"name":"Tar\u0131k TORUN","@id":"https:\/\/simurgedebiyat.com\/#\/schema\/person\/2b69186447343805a1de03a426a9c75c"},"headline":"Kalbim B\u00f6yle Buyurdu","datePublished":"2025-09-07T10:03:03+00:00","dateModified":"2025-09-07T12:05:57+00:00","mainEntityOfPage":{"@id":"https:\/\/simurgedebiyat.com\/index.php\/2025\/09\/07\/kalbim-boyle-buyurdu\/"},"wordCount":192,"commentCount":1,"publisher":{"@id":"https:\/\/simurgedebiyat.com\/#organization"},"image":{"@id":"https:\/\/simurgedebiyat.com\/index.php\/2025\/09\/07\/kalbim-boyle-buyurdu\/#primaryimage"},"thumbnailUrl":"https:\/\/simurgedebiyat.com\/wp-content\/uploads\/2025\/09\/IMG_20250907_145258.jpg","articleSection":["\u015eiir"],"inLanguage":"tr","potentialAction":[{"@type":"CommentAction","name":"Comment","target":["https:\/\/simurgedebiyat.com\/index.php\/2025\/09\/07\/kalbim-boyle-buyurdu\/#respond"]}]},{"@type":"WebPage","@id":"https:\/\/simurgedebiyat.com\/index.php\/2025\/09\/07\/kalbim-boyle-buyurdu\/","url":"https:\/\/simurgedebiyat.com\/index.php\/2025\/09\/07\/kalbim-boyle-buyurdu\/","name":"Kalbim B\u00f6yle Buyurdu - simurgedebiyat.com","isPartOf":{"@id":"https:\/\/simurgedebiyat.com\/#website"},"primaryImageOfPage":{"@id":"https:\/\/simurgedebiyat.com\/index.php\/2025\/09\/07\/kalbim-boyle-buyurdu\/#primaryimage"},"image":{"@id":"https:\/\/simurgedebiyat.com\/index.php\/2025\/09\/07\/kalbim-boyle-buyurdu\/#primaryimage"},"thumbnailUrl":"https:\/\/simurgedebiyat.com\/wp-content\/uploads\/2025\/09\/IMG_20250907_145258.jpg","datePublished":"2025-09-07T10:03:03+00:00","dateModified":"2025-09-07T12:05:57+00:00","breadcrumb":{"@id":"https:\/\/simurgedebiyat.com\/index.php\/2025\/09\/07\/kalbim-boyle-buyurdu\/#breadcrumb"},"inLanguage":"tr","potentialAction":[{"@type":"ReadAction","target":["https:\/\/simurgedebiyat.com\/index.php\/2025\/09\/07\/kalbim-boyle-buyurdu\/"]}]},{"@type":"ImageObject","inLanguage":"tr","@id":"https:\/\/simurgedebiyat.com\/index.php\/2025\/09\/07\/kalbim-boyle-buyurdu\/#primaryimage","url":"https:\/\/simurgedebiyat.com\/wp-content\/uploads\/2025\/09\/IMG_20250907_145258.jpg","contentUrl":"https:\/\/simurgedebiyat.com\/wp-content\/uploads\/2025\/09\/IMG_20250907_145258.jpg","width":1080,"height":933},{"@type":"BreadcrumbList","@id":"https:\/\/simurgedebiyat.com\/index.php\/2025\/09\/07\/kalbim-boyle-buyurdu\/#breadcrumb","itemListElement":[{"@type":"ListItem","position":1,"name":"Anasayfa","item":"https:\/\/simurgedebiyat.com\/"},{"@type":"ListItem","position":2,"name":"Kalbim B\u00f6yle Buyurdu"}]},{"@type":"WebSite","@id":"https:\/\/simurgedebiyat.com\/#website","url":"https:\/\/simurgedebiyat.com\/","name":"simurgedebiyat.com","description":"edebiyat&amp;K\u00fclt\u00fcr&amp;Sanat&amp;D\u00fc\u015f\u00fcnce ","publisher":{"@id":"https:\/\/simurgedebiyat.com\/#organization"},"potentialAction":[{"@type":"SearchAction","target":{"@type":"EntryPoint","urlTemplate":"https:\/\/simurgedebiyat.com\/?s={search_term_string}"},"query-input":{"@type":"PropertyValueSpecification","valueRequired":true,"valueName":"search_term_string"}}],"inLanguage":"tr"},{"@type":"Organization","@id":"https:\/\/simurgedebiyat.com\/#organization","name":"simurgedebiyat.com","url":"https:\/\/simurgedebiyat.com\/","logo":{"@type":"ImageObject","inLanguage":"tr","@id":"https:\/\/simurgedebiyat.com\/#\/schema\/logo\/image\/","url":"https:\/\/simurgedebiyat.com\/wp-content\/uploads\/2025\/11\/cropped-HHHHH-1.jpeg","contentUrl":"https:\/\/simurgedebiyat.com\/wp-content\/uploads\/2025\/11\/cropped-HHHHH-1.jpeg","width":245,"height":205,"caption":"simurgedebiyat.com"},"image":{"@id":"https:\/\/simurgedebiyat.com\/#\/schema\/logo\/image\/"}},{"@type":"Person","@id":"https:\/\/simurgedebiyat.com\/#\/schema\/person\/2b69186447343805a1de03a426a9c75c","name":"Tar\u0131k TORUN","image":{"@type":"ImageObject","inLanguage":"tr","@id":"https:\/\/simurgedebiyat.com\/#\/schema\/person\/image\/23494c9101089ad44ae88ce9d2f56aac","url":"https:\/\/secure.gravatar.com\/avatar\/?s=96&d=mm&r=g","contentUrl":"https:\/\/secure.gravatar.com\/avatar\/?s=96&d=mm&r=g","caption":"Tar\u0131k TORUN"},"description":"Bayburt\u2019un Bayraktar (Baks\u0131) k\u00f6y\u00fcnde do\u011fdu (1965). \u0130lk\u00f6\u011frenimini k\u00f6y\u00fcnde bitirdi. Ailesi ile birlikte \u00c7orum\u2019a g\u00f6\u00e7 etti (1975). Orta\u00f6\u011frenimini \u00c7orum\u2019da tamamlad\u0131. Karadeniz Teknik \u00dcniversitesi, Fatih E\u011fitim Fak\u00fcltesi, Co\u011frafya \u00d6\u011fretmenli\u011fi b\u00f6l\u00fcm\u00fcn\u00fc bitirdi (1988). 1989 \u2018dan itibaren pek \u00e7ok lisede co\u011frafya \u00f6\u011fretmenli\u011fi yapt\u0131. Bu arada Gazi \u00dcniversitesi, Sosyal Bilimler Enstit\u00fcs\u00fc, Co\u011frafya E\u011fitimi Y\u00fcksek Lisans (Master) program\u0131n\u0131 bitirdi. Anadolu \u00dcniversitesi, T\u00fcrk Dili ve Edebiyat\u0131 B\u00f6l\u00fcm\u00fcn\u00fc de bitirdi. Ayr\u0131ca \u0130stanbul \u00dcniversitesi, Hukuk Fak\u00fcltesi\u2019nde de okudu. MEB, \u00d6YGM, EARGED ve YE\u011e\u0130TEK\u2019de \u00f6\u011fretmen olarak \u00e7al\u0131\u015ft\u0131. \u0130LESAM, TYB, \u0130slam \u00dclkeleri Akademisyen ve Yazarlar Birli\u011fi ile Uluslararas\u0131 Bayburt Yazar ve Sanat\u00e7\u0131lar Derne\u011fi\u2019nin \u00fcyesidir. \u00c7e\u015fitli sosyal ve k\u00fclt\u00fcrel \u00e7al\u0131\u015fmalara kat\u0131lmaktad\u0131r. \u015eiir, deneme, makale, roman, hik\u00e2ye, gezi yaz\u0131s\u0131, ara\u015ft\u0131rma-inceleme alan\u0131ndaki \u00e7al\u0131\u015fmalar\u0131 halen devam etmektedir. \u00c7e\u015fitli kurulu\u015flardan ald\u0131\u011f\u0131 onlarca \u00f6d\u00fcl\u00fc bulunmaktad\u0131r. ESERLER\u0130 \u015eiir G\u00fclistan\u0131n G\u00fclleri-2006 Alizeler-2007 A\u015fk\u0131n Co\u011frafyas\u0131-2008 Meb\u015fure-2009 A\u015fko\u011frafya-2010 A\u015fkistan-2015 A\u015fka Yolculuk-2018 \u015eiir \u015eiir T\u00fcrkiye-I-2021 \u015eiir \u015eiir T\u00fcrkiye-II-2022 Neva-2026 Hik\u00e2ye G\u00fcne\u015fi Tut Ka\u00e7mas\u0131n-2011 A\u015fk\u0131n Kalbi-2015 Mor Da\u011flar\u0131n Balas\u0131-2025 Deneme Algoritmik Aforizmalar-2016 Roman Piri Reis-2022","url":"https:\/\/simurgedebiyat.com\/index.php\/author\/tarik-torun\/"}]}},"featured_image_urls":{"full":["https:\/\/simurgedebiyat.com\/wp-content\/uploads\/2025\/09\/IMG_20250907_145258.jpg",1080,933,false],"thumbnail":["https:\/\/simurgedebiyat.com\/wp-content\/uploads\/2025\/09\/IMG_20250907_145258-150x150.jpg",150,150,true],"medium":["https:\/\/simurgedebiyat.com\/wp-content\/uploads\/2025\/09\/IMG_20250907_145258-300x259.jpg",300,259,true],"medium_large":["https:\/\/simurgedebiyat.com\/wp-content\/uploads\/2025\/09\/IMG_20250907_145258-768x663.jpg",640,553,true],"large":["https:\/\/simurgedebiyat.com\/wp-content\/uploads\/2025\/09\/IMG_20250907_145258-1024x885.jpg",640,553,true],"1536x1536":["https:\/\/simurgedebiyat.com\/wp-content\/uploads\/2025\/09\/IMG_20250907_145258.jpg",1080,933,false],"2048x2048":["https:\/\/simurgedebiyat.com\/wp-content\/uploads\/2025\/09\/IMG_20250907_145258.jpg",1080,933,false],"covernews-slider-full":["https:\/\/simurgedebiyat.com\/wp-content\/uploads\/2025\/09\/IMG_20250907_145258-1080x715.jpg",1080,715,true],"covernews-slider-center":["https:\/\/simurgedebiyat.com\/wp-content\/uploads\/2025\/09\/IMG_20250907_145258-800x500.jpg",800,500,true],"covernews-featured":["https:\/\/simurgedebiyat.com\/wp-content\/uploads\/2025\/09\/IMG_20250907_145258-1024x885.jpg",1024,885,true],"covernews-medium":["https:\/\/simurgedebiyat.com\/wp-content\/uploads\/2025\/09\/IMG_20250907_145258-540x340.jpg",540,340,true],"covernews-medium-square":["https:\/\/simurgedebiyat.com\/wp-content\/uploads\/2025\/09\/IMG_20250907_145258-400x250.jpg",400,250,true],"sow-carousel-default":["https:\/\/simurgedebiyat.com\/wp-content\/uploads\/2025\/09\/IMG_20250907_145258-272x182.jpg",272,182,true],"sow-blog-portfolio":["https:\/\/simurgedebiyat.com\/wp-content\/uploads\/2025\/09\/IMG_20250907_145258-375x375.jpg",375,375,true],"sow-blog-grid":["https:\/\/simurgedebiyat.com\/wp-content\/uploads\/2025\/09\/IMG_20250907_145258-720x480.jpg",720,480,true],"sow-blog-alternate":["https:\/\/simurgedebiyat.com\/wp-content\/uploads\/2025\/09\/IMG_20250907_145258-950x630.jpg",950,630,true],"sow-recent-post":["https:\/\/simurgedebiyat.com\/wp-content\/uploads\/2025\/09\/IMG_20250907_145258-216x216.jpg",216,216,true]},"author_info":{"display_name":"Tar\u0131k TORUN","author_link":"https:\/\/simurgedebiyat.com\/index.php\/author\/tarik-torun\/"},"category_info":"<a href=\"https:\/\/simurgedebiyat.com\/index.php\/category\/siir\/\" rel=\"category tag\">\u015eiir<\/a>","tag_info":"\u015eiir","comment_count":"1","jetpack_featured_media_url":"https:\/\/simurgedebiyat.com\/wp-content\/uploads\/2025\/09\/IMG_20250907_145258.jpg","uagb_featured_image_src":{"full":["https:\/\/simurgedebiyat.com\/wp-content\/uploads\/2025\/09\/IMG_20250907_145258.jpg",1080,933,false],"thumbnail":["https:\/\/simurgedebiyat.com\/wp-content\/uploads\/2025\/09\/IMG_20250907_145258-150x150.jpg",150,150,true],"medium":["https:\/\/simurgedebiyat.com\/wp-content\/uploads\/2025\/09\/IMG_20250907_145258-300x259.jpg",300,259,true],"medium_large":["https:\/\/simurgedebiyat.com\/wp-content\/uploads\/2025\/09\/IMG_20250907_145258-768x663.jpg",640,553,true],"large":["https:\/\/simurgedebiyat.com\/wp-content\/uploads\/2025\/09\/IMG_20250907_145258-1024x885.jpg",640,553,true],"1536x1536":["https:\/\/simurgedebiyat.com\/wp-content\/uploads\/2025\/09\/IMG_20250907_145258.jpg",1080,933,false],"2048x2048":["https:\/\/simurgedebiyat.com\/wp-content\/uploads\/2025\/09\/IMG_20250907_145258.jpg",1080,933,false],"covernews-slider-full":["https:\/\/simurgedebiyat.com\/wp-content\/uploads\/2025\/09\/IMG_20250907_145258-1080x715.jpg",1080,715,true],"covernews-slider-center":["https:\/\/simurgedebiyat.com\/wp-content\/uploads\/2025\/09\/IMG_20250907_145258-800x500.jpg",800,500,true],"covernews-featured":["https:\/\/simurgedebiyat.com\/wp-content\/uploads\/2025\/09\/IMG_20250907_145258-1024x885.jpg",1024,885,true],"covernews-medium":["https:\/\/simurgedebiyat.com\/wp-content\/uploads\/2025\/09\/IMG_20250907_145258-540x340.jpg",540,340,true],"covernews-medium-square":["https:\/\/simurgedebiyat.com\/wp-content\/uploads\/2025\/09\/IMG_20250907_145258-400x250.jpg",400,250,true],"sow-carousel-default":["https:\/\/simurgedebiyat.com\/wp-content\/uploads\/2025\/09\/IMG_20250907_145258-272x182.jpg",272,182,true],"sow-blog-portfolio":["https:\/\/simurgedebiyat.com\/wp-content\/uploads\/2025\/09\/IMG_20250907_145258-375x375.jpg",375,375,true],"sow-blog-grid":["https:\/\/simurgedebiyat.com\/wp-content\/uploads\/2025\/09\/IMG_20250907_145258-720x480.jpg",720,480,true],"sow-blog-alternate":["https:\/\/simurgedebiyat.com\/wp-content\/uploads\/2025\/09\/IMG_20250907_145258-950x630.jpg",950,630,true],"sow-recent-post":["https:\/\/simurgedebiyat.com\/wp-content\/uploads\/2025\/09\/IMG_20250907_145258-216x216.jpg",216,216,true]},"uagb_author_info":{"display_name":"Tar\u0131k TORUN","author_link":"https:\/\/simurgedebiyat.com\/index.php\/author\/tarik-torun\/"},"uagb_comment_info":1,"uagb_excerpt":"Menek\u015fe topraklarda karanl\u0131kla f\u0131s\u0131lda\u015f Gecenin maskesiyle \u0131\u015f\u0131k birazc\u0131k \u0131\u015f\u0131k Tan atarken uyan\u0131p aya\u011fa kalk arkada\u015f...","authors":[{"term_id":94,"user_id":3,"is_guest":0,"slug":"tarik-torun","display_name":"Tar\u0131k TORUN","avatar_url":{"url":"https:\/\/simurgedebiyat.com\/wp-content\/uploads\/2025\/10\/Tarik-TORUM.jpg","url2x":"https:\/\/simurgedebiyat.com\/wp-content\/uploads\/2025\/10\/Tarik-TORUM.jpg"},"first_name":"Tar\u0131k","last_name":"TORUN","user_url":"","job_title":"","description":"Bayburt\u2019un Bayraktar (Baks\u0131) k\u00f6y\u00fcnde do\u011fdu (1965). \u0130lk\u00f6\u011frenimini k\u00f6y\u00fcnde bitirdi. Ailesi ile birlikte \u00c7orum\u2019a g\u00f6\u00e7 etti (1975). Orta\u00f6\u011frenimini \u00c7orum\u2019da tamamlad\u0131. Karadeniz Teknik \u00dcniversitesi, Fatih E\u011fitim Fak\u00fcltesi, Co\u011frafya \u00d6\u011fretmenli\u011fi b\u00f6l\u00fcm\u00fcn\u00fc bitirdi (1988).\r\n1989 \u2018dan itibaren pek \u00e7ok lisede co\u011frafya \u00f6\u011fretmenli\u011fi yapt\u0131. Bu arada Gazi \u00dcniversitesi, Sosyal Bilimler Enstit\u00fcs\u00fc, Co\u011frafya E\u011fitimi Y\u00fcksek Lisans (Master) program\u0131n\u0131 bitirdi. Anadolu \u00dcniversitesi, T\u00fcrk Dili ve Edebiyat\u0131 B\u00f6l\u00fcm\u00fcn\u00fc de bitirdi. Ayr\u0131ca \u0130stanbul \u00dcniversitesi, Hukuk Fak\u00fcltesi\u2019nde de okudu. MEB, \u00d6YGM, EARGED ve YE\u011e\u0130TEK\u2019de \u00f6\u011fretmen olarak \u00e7al\u0131\u015ft\u0131. \u0130LESAM, TYB, \u0130slam \u00dclkeleri Akademisyen ve Yazarlar Birli\u011fi ile Uluslararas\u0131 Bayburt Yazar ve Sanat\u00e7\u0131lar Derne\u011fi\u2019nin \u00fcyesidir. \u00c7e\u015fitli sosyal ve k\u00fclt\u00fcrel \u00e7al\u0131\u015fmalara kat\u0131lmaktad\u0131r. \u015eiir, deneme, makale, roman, hik\u00e2ye, gezi yaz\u0131s\u0131, ara\u015ft\u0131rma-inceleme alan\u0131ndaki \u00e7al\u0131\u015fmalar\u0131 halen devam etmektedir. \u00c7e\u015fitli kurulu\u015flardan ald\u0131\u011f\u0131 onlarca \u00f6d\u00fcl\u00fc bulunmaktad\u0131r.\r\nESERLER\u0130\r\n\u015eiir\r\nG\u00fclistan\u0131n G\u00fclleri-2006 \r\nAlizeler-2007\r\nA\u015fk\u0131n Co\u011frafyas\u0131-2008\r\nMeb\u015fure-2009 \r\nA\u015fko\u011frafya-2010\r\nA\u015fkistan-2015              \r\nA\u015fka Yolculuk-2018\r\n\u015eiir \u015eiir T\u00fcrkiye-I-2021\r\n\u015eiir \u015eiir T\u00fcrkiye-II-2022\r\nNeva-2026\r\nHik\u00e2ye\r\nG\u00fcne\u015fi Tut Ka\u00e7mas\u0131n-2011 \r\nA\u015fk\u0131n Kalbi-2015\r\nMor Da\u011flar\u0131n Balas\u0131-2025\r\nDeneme\r\nAlgoritmik Aforizmalar-2016\r\nRoman\r\nPiri Reis-2022\r\n"}],"_links":{"self":[{"href":"https:\/\/simurgedebiyat.com\/index.php\/wp-json\/wp\/v2\/posts\/2230","targetHints":{"allow":["GET"]}}],"collection":[{"href":"https:\/\/simurgedebiyat.com\/index.php\/wp-json\/wp\/v2\/posts"}],"about":[{"href":"https:\/\/simurgedebiyat.com\/index.php\/wp-json\/wp\/v2\/types\/post"}],"author":[{"embeddable":true,"href":"https:\/\/simurgedebiyat.com\/index.php\/wp-json\/wp\/v2\/users\/3"}],"replies":[{"embeddable":true,"href":"https:\/\/simurgedebiyat.com\/index.php\/wp-json\/wp\/v2\/comments?post=2230"}],"version-history":[{"count":3,"href":"https:\/\/simurgedebiyat.com\/index.php\/wp-json\/wp\/v2\/posts\/2230\/revisions"}],"predecessor-version":[{"id":2238,"href":"https:\/\/simurgedebiyat.com\/index.php\/wp-json\/wp\/v2\/posts\/2230\/revisions\/2238"}],"wp:featuredmedia":[{"embeddable":true,"href":"https:\/\/simurgedebiyat.com\/index.php\/wp-json\/wp\/v2\/media\/2237"}],"wp:attachment":[{"href":"https:\/\/simurgedebiyat.com\/index.php\/wp-json\/wp\/v2\/media?parent=2230"}],"wp:term":[{"taxonomy":"category","embeddable":true,"href":"https:\/\/simurgedebiyat.com\/index.php\/wp-json\/wp\/v2\/categories?post=2230"},{"taxonomy":"post_tag","embeddable":true,"href":"https:\/\/simurgedebiyat.com\/index.php\/wp-json\/wp\/v2\/tags?post=2230"},{"taxonomy":"author","embeddable":true,"href":"https:\/\/simurgedebiyat.com\/index.php\/wp-json\/wp\/v2\/ppma_author?post=2230"}],"curies":[{"name":"wp","href":"https:\/\/api.w.org\/{rel}","templated":true}]}}