{"id":2225,"date":"2025-09-05T22:17:32","date_gmt":"2025-09-05T19:17:32","guid":{"rendered":"https:\/\/simurgedebiyat.com\/?p=2225"},"modified":"2025-09-05T22:21:14","modified_gmt":"2025-09-05T19:21:14","slug":"kitaplarin-yasini-tutan-adam","status":"publish","type":"post","link":"https:\/\/simurgedebiyat.com\/index.php\/2025\/09\/05\/kitaplarin-yasini-tutan-adam\/","title":{"rendered":"Kitaplar\u0131n Yas\u0131n\u0131 Tutan Adam"},"content":{"rendered":"<p>Dairedeki siyah, iri masa\u00fcst\u00fc telefon acele acele \u00e7almaya ba\u015flad\u0131. Sakince uzan\u0131p ahizeyi kald\u0131rd\u0131m. Resm\u00ee bir ses tonuyla \u201cBuyrun!\u201d dedim. Kula\u011f\u0131mda \u0131st\u0131rap y\u00fckl\u00fc oldu\u011fu kadar bezgin bir ses. Sahibinin olduk\u00e7a ihtiyar oldu\u011funu ele veren \u201cBeyefendi ben, Ufuk Bey\u2019le g\u00f6r\u00fc\u015fmek istiyorum.\u201d c\u00fcmlesine \u201cSan\u0131r\u0131m yanl\u0131\u015f ba\u011flad\u0131lar. Burada Ufuk Bey ad\u0131nda biri yok.\u201d kar\u015f\u0131l\u0131\u011f\u0131n\u0131 verdim.<\/p>\n<p>\u201cBeyefendi, hep yanl\u0131\u015f numara diyorlar. Ben, Ufuk Bey\u2019e bir t\u00fcrl\u00fc ula\u015fam\u0131yorum.\u201d deyince i\u00e7im c\u0131z etti. \u00c7\u00fcnk\u00fc c\u0131l\u0131z ses iyice \u00e2cizle\u015fmi\u015fti. Darda kalm\u0131\u015f da yard\u0131m ister gibi bir h\u00e2li vard\u0131. Merhamet hissiyat\u0131m galeyana geldi. Belki yard\u0131m\u0131m olabilir d\u00fc\u015f\u00fcncesiyle \u201cKonu neydi acaba?\u201d diye sordum.<\/p>\n<p>\u201cBeyefendi, ben emekli tabip albay\u0131m. Seksen be\u015f ya\u015f\u0131nday\u0131m. H\u00e2liyle ihtiyarlad\u0131m. Bir k\u0131sm\u0131 Osmanl\u0131ca binden fazla kitab\u0131 havi m\u00fckellef bir k\u00fct\u00fcphanem var. \u00c7ocuklar da\u011f\u0131l\u0131p gitti. Zaten kitaplarla ilgilenmiyorlar da. \u0130nan\u0131n bana, y\u0131llard\u0131r \u2018Ne olacak bu kitaplar\u0131m\u0131n h\u00e2li!\u2019 diye kitaplar\u0131m\u0131n yas\u0131n\u0131 tutuyorum ben. M\u00fcmk\u00fcnse k\u00fct\u00fcphanemi bir okula ba\u011f\u0131\u015flamak istiyorum.\u201d dedi.<\/p>\n<p>Bu k\u0131sa konu\u015fmadan anlad\u0131\u011f\u0131m kadar\u0131yla bu sesin sahibi ilmi, irfan\u0131 ve konu\u015fmas\u0131yla tam bir \u0130stanbul beyefendisiydi. Derdi ise kitaplar\u0131, kitaplar\u0131n\u0131n ak\u0131beti.<\/p>\n<p>Mevzu kitap olunca i\u015fin rengi de\u011fi\u015fti. \u201cO h\u00e2lde do\u011fru adrestesiniz.\u201d dedim. Nerede oturdu\u011funu sordum. Kad\u0131k\u00f6y\u2019deki o me\u015fhur caddenin ismini s\u00f6yledi. Bir okulumuzu y\u00f6nlendirmeye \u00e7al\u0131\u015faca\u011f\u0131m\u0131 ifade ederek kendisinden telefon numaras\u0131n\u0131 rica ettim, s\u00f6yledi. Sevinmi\u015fti. Hem de nas\u0131l!<\/p>\n<p>O d\u00f6nemde \u0130stanbul\u2019daki yeg\u00e2ne fen lisesinin m\u00fcd\u00fcr\u00fcn\u00fc arad\u0131m. Konuyu aktard\u0131m. O da sevindi. \u201cNe demek m\u00fcd\u00fcr\u00fcm, elbette al\u0131r\u0131z.\u201d dedi.<\/p>\n<p>\u0130htiyar\u0131 aray\u0131p okulun ismini vererek kitaplar\u0131n okul m\u00fcd\u00fcrl\u00fc\u011f\u00fc taraf\u0131ndan al\u0131naca\u011f\u0131n\u0131 s\u00f6yledim. Sanki \u00e7ok b\u00fcy\u00fck bir m\u00fcjde alm\u0131\u015ft\u0131. \u201cBeyefendi, bug\u00fcn benim bayram\u0131m. Size minnettar\u0131m. Beni b\u00fcy\u00fck bir yastan kurtard\u0131n\u0131z\u2026\u201d s\u00f6zleriyle sevincini dile getirdi.<\/p>\n<p>Telefon numaras\u0131n\u0131 okul m\u00fcd\u00fcrl\u00fc\u011f\u00fcne verip veremeyece\u011fimi sordum. \u201cNe demek beyefendi, ne demek! Tabii ki verebilirsiniz. Hatta kitaplar\u0131 ta\u015f\u0131rken onlara yard\u0131mc\u0131 da olurum.\u201d dedi ihtiyar h\u00e2liyle. Hay\u0131rdualar etti. A\u011flamakl\u0131 ve c\u0131l\u0131z ses tonuyla ka\u00e7 kez \u201cSize minnettar\u0131m.\u201d dedi\u011fini hat\u0131rlam\u0131yorum. Belli ki sevinci katbekat artm\u0131\u015f, g\u00f6nl\u00fc bayram etmi\u015fti.<\/p>\n<p>Kitaplar\u0131 alan okul m\u00fcd\u00fcrl\u00fc\u011f\u00fc, ad\u0131n\u0131 dahi unuttu\u011fum bu \u0130stanbul Beyefendisine bir de plaket verdi. Ben de te\u015fekk\u00fcr maksad\u0131yla bir kez daha kendisini arad\u0131m. O, yine sevindi, yine defalarca te\u015fekk\u00fcr etti. Gidip ziyaret etsem elbette isabetli olurdu ama ihmal ettim! \u00dczerinden on be\u015f y\u0131ldan fazla zaman ge\u00e7mi\u015f olsa da h\u00e2l\u00e2 hat\u0131rlad\u0131k\u00e7a \u00fcz\u00fcl\u00fcr\u00fcm.<\/p>\n<p>Bu g\u00fczel al\u0131\u015fveri\u015ften kitaplar\u0131n sahibi ve okulu ad\u0131na okul m\u00fcd\u00fcr\u00fc de sevinmi\u015f, arac\u0131 olarak ben de mutlu olmu\u015ftum.<\/p>\n<p>Peki, bu hat\u0131ray\u0131 niye aktard\u0131m? Malumdur, eskiler -farkl\u0131 s\u00f6yleyi\u015fleri olsa da-&nbsp;<strong>\u201cSahibi mezara, kitaplar mezata.\u201d<\/strong>&nbsp;demi\u015f. Sahibinin mezara gitti\u011fi kesin de kitaplar\u0131n -\u00e7ok nitelikli kitaplar h\u00e2ri\u00e7- sahafa, mezata gitmesi nadirattan g\u00fcn\u00fcm\u00fczde.<\/p>\n<p>Sahibinin d\u00fcnya s\u00fcrg\u00fcn\u00fcn\u00fc tamamlamas\u0131n\u0131n ard\u0131ndan d\u00f6n\u00fc\u015f\u00fcm kutular\u0131na ve konteyn\u0131rlar\u0131na s\u00fcrg\u00fcn edilen veya yan\u0131 ba\u015flar\u0131na alelade bir \u015fekilde b\u0131rak\u0131lan kitaplar\u0131 g\u00f6rd\u00fck\u00e7e i\u00e7i ac\u0131yor insan\u0131n. Okul k\u00fct\u00fcphanelerine ya da mahalledeki k\u00fct\u00fcphanelere koli, po\u015fet ve \u00e7uvallar i\u00e7inde b\u0131rak\u0131lan boynu b\u00fck\u00fck kitaplar\u0131, s\u00fcrg\u00fcn kitaplara nazaran daha \u015fansl\u0131 buluyorum.<\/p>\n<p><strong>\u201cD\u00fcnyada hi\u00e7bir dost, insana kitaptan daha yak\u0131n de\u011fildir.\u201d<\/strong>&nbsp;diyor Suut Kemal Yetkin. \u0130nsan\u0131n,&nbsp; yak\u0131nl\u0131k kurarak dost edindi\u011fi, ba\u015f ba\u015fa kal\u0131p yaln\u0131zl\u0131\u011f\u0131n\u0131 payla\u015ft\u0131\u011f\u0131 kitaplar\u0131 geli\u015fig\u00fczel terk etmesi elbette \u00fcz\u00fcc\u00fc. \u0130nsan dostlar\u0131n(!) birbirlerine reva g\u00f6rd\u00fc\u011f\u00fc terk muamelesi, kitap dostlara reva g\u00f6r\u00fclmemeli. \u00c7\u00fcnk\u00fc kitaplar\u0131n da bir ruhu vard\u0131r. Duyars\u0131zca terk edildiklerinde onlar da \u00fcz\u00fcl\u00fcr.<\/p>\n<p>Kitap ve k\u00fct\u00fcphane sahipleri, \u201cNe olacak bu kitaplar\u0131n h\u00e2li?\u201d diye i\u00e7lenmemek veya kitaplar\u0131na olumsuz bir ak\u0131bet ya\u015fatmamak i\u00e7in vaktinde tedbir almal\u0131.<\/p>\n<p>Bin bir heves, arzu, emek ve me\u015fakkatle temin edilen kitaplar\u0131 g\u00fcn\u00fcn birinde satmak isteseniz sat\u0131lm\u0131yor, \u00e7\u00fcnk\u00fc al\u0131c\u0131s\u0131 yok. Atmak isteseniz at\u0131lm\u0131yor. Zaten k\u0131y\u0131p da atamazs\u0131n\u0131z. Yani satsan\u0131z sat\u0131lmaz, atsan\u0131z at\u0131lmaz. Lakin g\u00fcn\u00fcn birinde \u00f6ks\u00fcz ve yetim kalma ihtimalleri olduk\u00e7a y\u00fcksek.<\/p>\n<p>\u0130\u015fte bu y\u00fczden y\u0131llardan beri zaman zaman k\u00fct\u00fcphanemi elden ge\u00e7irir, se\u00e7ti\u011fim uygun kitaplar\u0131 okul veya kurum k\u00fct\u00fcphanelerine veririm. Yak\u0131n zamanda k\u00fct\u00fcphanemdeki kitaplar\u0131 yine elden ge\u00e7irdim. Y\u00fczden fazla kayda de\u011fer kitab\u0131m\u0131 listeleyip koliledim ve Fatih Sultan Mehmet Vak\u0131f \u00dcniversitesinin k\u00fct\u00fcphanesine ba\u011f\u0131\u015flad\u0131m. Umar\u0131m istifade edeni bol olur.&nbsp;<\/p>\n<p>Maarifin Sesinde yay\u0131nlanan Mustafa USLU&#8217;ya ait bu yaz\u0131 taraf\u0131m\u0131zca al\u0131nt\u0131 yap\u0131lm\u0131\u015ft\u0131r.<\/p>\n","protected":false},"excerpt":{"rendered":"<p>Dairedeki siyah, iri masa\u00fcst\u00fc telefon acele acele \u00e7almaya ba\u015flad\u0131. Sakince uzan\u0131p ahizeyi kald\u0131rd\u0131m. Resm\u00ee bir&#8230;<\/p>\n","protected":false},"author":22,"featured_media":2226,"comment_status":"open","ping_status":"open","sticky":false,"template":"","format":"standard","meta":{"_bbp_topic_count":0,"_bbp_reply_count":0,"_bbp_total_topic_count":0,"_bbp_total_reply_count":0,"_bbp_voice_count":0,"_bbp_anonymous_reply_count":0,"_bbp_topic_count_hidden":0,"_bbp_reply_count_hidden":0,"_bbp_forum_subforum_count":0,"om_disable_all_campaigns":false,"_uag_custom_page_level_css":"","ngg_post_thumbnail":0,"footnotes":""},"categories":[19],"tags":[],"ppma_author":[199],"class_list":["post-2225","post","type-post","status-publish","format-standard","has-post-thumbnail","hentry","category-ani"],"yoast_head":"<!-- This site is optimized with the Yoast SEO plugin v24.9 - https:\/\/yoast.com\/wordpress\/plugins\/seo\/ -->\n<title>Kitaplar\u0131n Yas\u0131n\u0131 Tutan Adam - simurgedebiyat.com<\/title>\n<meta name=\"robots\" content=\"index, follow, max-snippet:-1, max-image-preview:large, max-video-preview:-1\" \/>\n<link rel=\"canonical\" href=\"https:\/\/simurgedebiyat.com\/index.php\/2025\/09\/05\/kitaplarin-yasini-tutan-adam\/\" \/>\n<meta property=\"og:locale\" content=\"tr_TR\" \/>\n<meta property=\"og:type\" content=\"article\" \/>\n<meta property=\"og:title\" content=\"Kitaplar\u0131n Yas\u0131n\u0131 Tutan Adam - simurgedebiyat.com\" \/>\n<meta property=\"og:description\" content=\"Dairedeki siyah, iri masa\u00fcst\u00fc telefon acele acele \u00e7almaya ba\u015flad\u0131. Sakince uzan\u0131p ahizeyi kald\u0131rd\u0131m. Resm\u00ee bir...\" \/>\n<meta property=\"og:url\" content=\"https:\/\/simurgedebiyat.com\/index.php\/2025\/09\/05\/kitaplarin-yasini-tutan-adam\/\" \/>\n<meta property=\"og:site_name\" content=\"simurgedebiyat.com\" \/>\n<meta property=\"article:published_time\" content=\"2025-09-05T19:17:32+00:00\" \/>\n<meta property=\"article:modified_time\" content=\"2025-09-05T19:21:14+00:00\" \/>\n<meta property=\"og:image\" content=\"https:\/\/simurgedebiyat.com\/wp-content\/uploads\/2025\/09\/IMG-20250804-WA0014.jpg\" \/>\n\t<meta property=\"og:image:width\" content=\"2048\" \/>\n\t<meta property=\"og:image:height\" content=\"1536\" \/>\n\t<meta property=\"og:image:type\" content=\"image\/jpeg\" \/>\n<meta name=\"author\" content=\"Misafir Kalem\" \/>\n<meta name=\"twitter:card\" content=\"summary_large_image\" \/>\n<meta name=\"twitter:label1\" content=\"Yazan:\" \/>\n\t<meta name=\"twitter:data1\" content=\"Misafir Kalem\" \/>\n\t<meta name=\"twitter:label2\" content=\"Tahmini okuma s\u00fcresi\" \/>\n\t<meta name=\"twitter:data2\" content=\"4 dakika\" \/>\n<script type=\"application\/ld+json\" class=\"yoast-schema-graph\">{\"@context\":\"https:\/\/schema.org\",\"@graph\":[{\"@type\":\"Article\",\"@id\":\"https:\/\/simurgedebiyat.com\/index.php\/2025\/09\/05\/kitaplarin-yasini-tutan-adam\/#article\",\"isPartOf\":{\"@id\":\"https:\/\/simurgedebiyat.com\/index.php\/2025\/09\/05\/kitaplarin-yasini-tutan-adam\/\"},\"author\":{\"name\":\"Misafir Kalem\",\"@id\":\"https:\/\/simurgedebiyat.com\/#\/schema\/person\/6cd4a2206085130e1c2f14da28db20be\"},\"headline\":\"Kitaplar\u0131n Yas\u0131n\u0131 Tutan Adam\",\"datePublished\":\"2025-09-05T19:17:32+00:00\",\"dateModified\":\"2025-09-05T19:21:14+00:00\",\"mainEntityOfPage\":{\"@id\":\"https:\/\/simurgedebiyat.com\/index.php\/2025\/09\/05\/kitaplarin-yasini-tutan-adam\/\"},\"wordCount\":920,\"commentCount\":0,\"publisher\":{\"@id\":\"https:\/\/simurgedebiyat.com\/#organization\"},\"image\":{\"@id\":\"https:\/\/simurgedebiyat.com\/index.php\/2025\/09\/05\/kitaplarin-yasini-tutan-adam\/#primaryimage\"},\"thumbnailUrl\":\"https:\/\/simurgedebiyat.com\/wp-content\/uploads\/2025\/09\/IMG-20250804-WA0014.jpg\",\"articleSection\":[\"An\u0131\/Hat\u0131rat\"],\"inLanguage\":\"tr\",\"potentialAction\":[{\"@type\":\"CommentAction\",\"name\":\"Comment\",\"target\":[\"https:\/\/simurgedebiyat.com\/index.php\/2025\/09\/05\/kitaplarin-yasini-tutan-adam\/#respond\"]}]},{\"@type\":\"WebPage\",\"@id\":\"https:\/\/simurgedebiyat.com\/index.php\/2025\/09\/05\/kitaplarin-yasini-tutan-adam\/\",\"url\":\"https:\/\/simurgedebiyat.com\/index.php\/2025\/09\/05\/kitaplarin-yasini-tutan-adam\/\",\"name\":\"Kitaplar\u0131n Yas\u0131n\u0131 Tutan Adam - simurgedebiyat.com\",\"isPartOf\":{\"@id\":\"https:\/\/simurgedebiyat.com\/#website\"},\"primaryImageOfPage\":{\"@id\":\"https:\/\/simurgedebiyat.com\/index.php\/2025\/09\/05\/kitaplarin-yasini-tutan-adam\/#primaryimage\"},\"image\":{\"@id\":\"https:\/\/simurgedebiyat.com\/index.php\/2025\/09\/05\/kitaplarin-yasini-tutan-adam\/#primaryimage\"},\"thumbnailUrl\":\"https:\/\/simurgedebiyat.com\/wp-content\/uploads\/2025\/09\/IMG-20250804-WA0014.jpg\",\"datePublished\":\"2025-09-05T19:17:32+00:00\",\"dateModified\":\"2025-09-05T19:21:14+00:00\",\"breadcrumb\":{\"@id\":\"https:\/\/simurgedebiyat.com\/index.php\/2025\/09\/05\/kitaplarin-yasini-tutan-adam\/#breadcrumb\"},\"inLanguage\":\"tr\",\"potentialAction\":[{\"@type\":\"ReadAction\",\"target\":[\"https:\/\/simurgedebiyat.com\/index.php\/2025\/09\/05\/kitaplarin-yasini-tutan-adam\/\"]}]},{\"@type\":\"ImageObject\",\"inLanguage\":\"tr\",\"@id\":\"https:\/\/simurgedebiyat.com\/index.php\/2025\/09\/05\/kitaplarin-yasini-tutan-adam\/#primaryimage\",\"url\":\"https:\/\/simurgedebiyat.com\/wp-content\/uploads\/2025\/09\/IMG-20250804-WA0014.jpg\",\"contentUrl\":\"https:\/\/simurgedebiyat.com\/wp-content\/uploads\/2025\/09\/IMG-20250804-WA0014.jpg\",\"width\":2048,\"height\":1536},{\"@type\":\"BreadcrumbList\",\"@id\":\"https:\/\/simurgedebiyat.com\/index.php\/2025\/09\/05\/kitaplarin-yasini-tutan-adam\/#breadcrumb\",\"itemListElement\":[{\"@type\":\"ListItem\",\"position\":1,\"name\":\"Anasayfa\",\"item\":\"https:\/\/simurgedebiyat.com\/\"},{\"@type\":\"ListItem\",\"position\":2,\"name\":\"Kitaplar\u0131n Yas\u0131n\u0131 Tutan Adam\"}]},{\"@type\":\"WebSite\",\"@id\":\"https:\/\/simurgedebiyat.com\/#website\",\"url\":\"https:\/\/simurgedebiyat.com\/\",\"name\":\"simurgedebiyat.com\",\"description\":\"edebiyat&amp;K\u00fclt\u00fcr&amp;Sanat&amp;D\u00fc\u015f\u00fcnce \",\"publisher\":{\"@id\":\"https:\/\/simurgedebiyat.com\/#organization\"},\"potentialAction\":[{\"@type\":\"SearchAction\",\"target\":{\"@type\":\"EntryPoint\",\"urlTemplate\":\"https:\/\/simurgedebiyat.com\/?s={search_term_string}\"},\"query-input\":{\"@type\":\"PropertyValueSpecification\",\"valueRequired\":true,\"valueName\":\"search_term_string\"}}],\"inLanguage\":\"tr\"},{\"@type\":\"Organization\",\"@id\":\"https:\/\/simurgedebiyat.com\/#organization\",\"name\":\"simurgedebiyat.com\",\"url\":\"https:\/\/simurgedebiyat.com\/\",\"logo\":{\"@type\":\"ImageObject\",\"inLanguage\":\"tr\",\"@id\":\"https:\/\/simurgedebiyat.com\/#\/schema\/logo\/image\/\",\"url\":\"https:\/\/simurgedebiyat.com\/wp-content\/uploads\/2025\/11\/cropped-HHHHH-1.jpeg\",\"contentUrl\":\"https:\/\/simurgedebiyat.com\/wp-content\/uploads\/2025\/11\/cropped-HHHHH-1.jpeg\",\"width\":245,\"height\":205,\"caption\":\"simurgedebiyat.com\"},\"image\":{\"@id\":\"https:\/\/simurgedebiyat.com\/#\/schema\/logo\/image\/\"}},{\"@type\":\"Person\",\"@id\":\"https:\/\/simurgedebiyat.com\/#\/schema\/person\/6cd4a2206085130e1c2f14da28db20be\",\"name\":\"Misafir Kalem\",\"image\":{\"@type\":\"ImageObject\",\"inLanguage\":\"tr\",\"@id\":\"https:\/\/simurgedebiyat.com\/#\/schema\/person\/image\/23494c9101089ad44ae88ce9d2f56aac\",\"url\":\"https:\/\/secure.gravatar.com\/avatar\/?s=96&d=mm&r=g\",\"contentUrl\":\"https:\/\/secure.gravatar.com\/avatar\/?s=96&d=mm&r=g\",\"caption\":\"Misafir Kalem\"},\"url\":\"https:\/\/simurgedebiyat.com\/index.php\/author\/misafir-kalem\/\"}]}<\/script>\n<!-- \/ Yoast SEO plugin. -->","yoast_head_json":{"title":"Kitaplar\u0131n Yas\u0131n\u0131 Tutan Adam - simurgedebiyat.com","robots":{"index":"index","follow":"follow","max-snippet":"max-snippet:-1","max-image-preview":"max-image-preview:large","max-video-preview":"max-video-preview:-1"},"canonical":"https:\/\/simurgedebiyat.com\/index.php\/2025\/09\/05\/kitaplarin-yasini-tutan-adam\/","og_locale":"tr_TR","og_type":"article","og_title":"Kitaplar\u0131n Yas\u0131n\u0131 Tutan Adam - simurgedebiyat.com","og_description":"Dairedeki siyah, iri masa\u00fcst\u00fc telefon acele acele \u00e7almaya ba\u015flad\u0131. Sakince uzan\u0131p ahizeyi kald\u0131rd\u0131m. Resm\u00ee bir...","og_url":"https:\/\/simurgedebiyat.com\/index.php\/2025\/09\/05\/kitaplarin-yasini-tutan-adam\/","og_site_name":"simurgedebiyat.com","article_published_time":"2025-09-05T19:17:32+00:00","article_modified_time":"2025-09-05T19:21:14+00:00","og_image":[{"width":2048,"height":1536,"url":"https:\/\/simurgedebiyat.com\/wp-content\/uploads\/2025\/09\/IMG-20250804-WA0014.jpg","type":"image\/jpeg"}],"author":"Misafir Kalem","twitter_card":"summary_large_image","twitter_misc":{"Yazan:":"Misafir Kalem","Tahmini okuma s\u00fcresi":"4 dakika"},"schema":{"@context":"https:\/\/schema.org","@graph":[{"@type":"Article","@id":"https:\/\/simurgedebiyat.com\/index.php\/2025\/09\/05\/kitaplarin-yasini-tutan-adam\/#article","isPartOf":{"@id":"https:\/\/simurgedebiyat.com\/index.php\/2025\/09\/05\/kitaplarin-yasini-tutan-adam\/"},"author":{"name":"Misafir Kalem","@id":"https:\/\/simurgedebiyat.com\/#\/schema\/person\/6cd4a2206085130e1c2f14da28db20be"},"headline":"Kitaplar\u0131n Yas\u0131n\u0131 Tutan Adam","datePublished":"2025-09-05T19:17:32+00:00","dateModified":"2025-09-05T19:21:14+00:00","mainEntityOfPage":{"@id":"https:\/\/simurgedebiyat.com\/index.php\/2025\/09\/05\/kitaplarin-yasini-tutan-adam\/"},"wordCount":920,"commentCount":0,"publisher":{"@id":"https:\/\/simurgedebiyat.com\/#organization"},"image":{"@id":"https:\/\/simurgedebiyat.com\/index.php\/2025\/09\/05\/kitaplarin-yasini-tutan-adam\/#primaryimage"},"thumbnailUrl":"https:\/\/simurgedebiyat.com\/wp-content\/uploads\/2025\/09\/IMG-20250804-WA0014.jpg","articleSection":["An\u0131\/Hat\u0131rat"],"inLanguage":"tr","potentialAction":[{"@type":"CommentAction","name":"Comment","target":["https:\/\/simurgedebiyat.com\/index.php\/2025\/09\/05\/kitaplarin-yasini-tutan-adam\/#respond"]}]},{"@type":"WebPage","@id":"https:\/\/simurgedebiyat.com\/index.php\/2025\/09\/05\/kitaplarin-yasini-tutan-adam\/","url":"https:\/\/simurgedebiyat.com\/index.php\/2025\/09\/05\/kitaplarin-yasini-tutan-adam\/","name":"Kitaplar\u0131n Yas\u0131n\u0131 Tutan Adam - simurgedebiyat.com","isPartOf":{"@id":"https:\/\/simurgedebiyat.com\/#website"},"primaryImageOfPage":{"@id":"https:\/\/simurgedebiyat.com\/index.php\/2025\/09\/05\/kitaplarin-yasini-tutan-adam\/#primaryimage"},"image":{"@id":"https:\/\/simurgedebiyat.com\/index.php\/2025\/09\/05\/kitaplarin-yasini-tutan-adam\/#primaryimage"},"thumbnailUrl":"https:\/\/simurgedebiyat.com\/wp-content\/uploads\/2025\/09\/IMG-20250804-WA0014.jpg","datePublished":"2025-09-05T19:17:32+00:00","dateModified":"2025-09-05T19:21:14+00:00","breadcrumb":{"@id":"https:\/\/simurgedebiyat.com\/index.php\/2025\/09\/05\/kitaplarin-yasini-tutan-adam\/#breadcrumb"},"inLanguage":"tr","potentialAction":[{"@type":"ReadAction","target":["https:\/\/simurgedebiyat.com\/index.php\/2025\/09\/05\/kitaplarin-yasini-tutan-adam\/"]}]},{"@type":"ImageObject","inLanguage":"tr","@id":"https:\/\/simurgedebiyat.com\/index.php\/2025\/09\/05\/kitaplarin-yasini-tutan-adam\/#primaryimage","url":"https:\/\/simurgedebiyat.com\/wp-content\/uploads\/2025\/09\/IMG-20250804-WA0014.jpg","contentUrl":"https:\/\/simurgedebiyat.com\/wp-content\/uploads\/2025\/09\/IMG-20250804-WA0014.jpg","width":2048,"height":1536},{"@type":"BreadcrumbList","@id":"https:\/\/simurgedebiyat.com\/index.php\/2025\/09\/05\/kitaplarin-yasini-tutan-adam\/#breadcrumb","itemListElement":[{"@type":"ListItem","position":1,"name":"Anasayfa","item":"https:\/\/simurgedebiyat.com\/"},{"@type":"ListItem","position":2,"name":"Kitaplar\u0131n Yas\u0131n\u0131 Tutan Adam"}]},{"@type":"WebSite","@id":"https:\/\/simurgedebiyat.com\/#website","url":"https:\/\/simurgedebiyat.com\/","name":"simurgedebiyat.com","description":"edebiyat&amp;K\u00fclt\u00fcr&amp;Sanat&amp;D\u00fc\u015f\u00fcnce ","publisher":{"@id":"https:\/\/simurgedebiyat.com\/#organization"},"potentialAction":[{"@type":"SearchAction","target":{"@type":"EntryPoint","urlTemplate":"https:\/\/simurgedebiyat.com\/?s={search_term_string}"},"query-input":{"@type":"PropertyValueSpecification","valueRequired":true,"valueName":"search_term_string"}}],"inLanguage":"tr"},{"@type":"Organization","@id":"https:\/\/simurgedebiyat.com\/#organization","name":"simurgedebiyat.com","url":"https:\/\/simurgedebiyat.com\/","logo":{"@type":"ImageObject","inLanguage":"tr","@id":"https:\/\/simurgedebiyat.com\/#\/schema\/logo\/image\/","url":"https:\/\/simurgedebiyat.com\/wp-content\/uploads\/2025\/11\/cropped-HHHHH-1.jpeg","contentUrl":"https:\/\/simurgedebiyat.com\/wp-content\/uploads\/2025\/11\/cropped-HHHHH-1.jpeg","width":245,"height":205,"caption":"simurgedebiyat.com"},"image":{"@id":"https:\/\/simurgedebiyat.com\/#\/schema\/logo\/image\/"}},{"@type":"Person","@id":"https:\/\/simurgedebiyat.com\/#\/schema\/person\/6cd4a2206085130e1c2f14da28db20be","name":"Misafir Kalem","image":{"@type":"ImageObject","inLanguage":"tr","@id":"https:\/\/simurgedebiyat.com\/#\/schema\/person\/image\/23494c9101089ad44ae88ce9d2f56aac","url":"https:\/\/secure.gravatar.com\/avatar\/?s=96&d=mm&r=g","contentUrl":"https:\/\/secure.gravatar.com\/avatar\/?s=96&d=mm&r=g","caption":"Misafir Kalem"},"url":"https:\/\/simurgedebiyat.com\/index.php\/author\/misafir-kalem\/"}]}},"featured_image_urls":{"full":["https:\/\/simurgedebiyat.com\/wp-content\/uploads\/2025\/09\/IMG-20250804-WA0014.jpg",2048,1536,false],"thumbnail":["https:\/\/simurgedebiyat.com\/wp-content\/uploads\/2025\/09\/IMG-20250804-WA0014-150x150.jpg",150,150,true],"medium":["https:\/\/simurgedebiyat.com\/wp-content\/uploads\/2025\/09\/IMG-20250804-WA0014-300x225.jpg",300,225,true],"medium_large":["https:\/\/simurgedebiyat.com\/wp-content\/uploads\/2025\/09\/IMG-20250804-WA0014-768x576.jpg",640,480,true],"large":["https:\/\/simurgedebiyat.com\/wp-content\/uploads\/2025\/09\/IMG-20250804-WA0014-1024x768.jpg",640,480,true],"1536x1536":["https:\/\/simurgedebiyat.com\/wp-content\/uploads\/2025\/09\/IMG-20250804-WA0014-1536x1152.jpg",1536,1152,true],"2048x2048":["https:\/\/simurgedebiyat.com\/wp-content\/uploads\/2025\/09\/IMG-20250804-WA0014.jpg",2048,1536,false],"covernews-slider-full":["https:\/\/simurgedebiyat.com\/wp-content\/uploads\/2025\/09\/IMG-20250804-WA0014-1115x715.jpg",1115,715,true],"covernews-slider-center":["https:\/\/simurgedebiyat.com\/wp-content\/uploads\/2025\/09\/IMG-20250804-WA0014-800x500.jpg",800,500,true],"covernews-featured":["https:\/\/simurgedebiyat.com\/wp-content\/uploads\/2025\/09\/IMG-20250804-WA0014-1024x768.jpg",1024,768,true],"covernews-medium":["https:\/\/simurgedebiyat.com\/wp-content\/uploads\/2025\/09\/IMG-20250804-WA0014-540x340.jpg",540,340,true],"covernews-medium-square":["https:\/\/simurgedebiyat.com\/wp-content\/uploads\/2025\/09\/IMG-20250804-WA0014-400x250.jpg",400,250,true],"sow-carousel-default":["https:\/\/simurgedebiyat.com\/wp-content\/uploads\/2025\/09\/IMG-20250804-WA0014-272x182.jpg",272,182,true],"sow-blog-portfolio":["https:\/\/simurgedebiyat.com\/wp-content\/uploads\/2025\/09\/IMG-20250804-WA0014-375x375.jpg",375,375,true],"sow-blog-grid":["https:\/\/simurgedebiyat.com\/wp-content\/uploads\/2025\/09\/IMG-20250804-WA0014-720x480.jpg",720,480,true],"sow-blog-alternate":["https:\/\/simurgedebiyat.com\/wp-content\/uploads\/2025\/09\/IMG-20250804-WA0014-950x630.jpg",950,630,true],"sow-recent-post":["https:\/\/simurgedebiyat.com\/wp-content\/uploads\/2025\/09\/IMG-20250804-WA0014-216x216.jpg",216,216,true]},"author_info":{"display_name":"Misafir Kalem","author_link":"https:\/\/simurgedebiyat.com\/index.php\/author\/misafir-kalem\/"},"category_info":"<a href=\"https:\/\/simurgedebiyat.com\/index.php\/category\/ani\/\" rel=\"category tag\">An\u0131\/Hat\u0131rat<\/a>","tag_info":"An\u0131\/Hat\u0131rat","comment_count":"0","jetpack_featured_media_url":"https:\/\/simurgedebiyat.com\/wp-content\/uploads\/2025\/09\/IMG-20250804-WA0014.jpg","uagb_featured_image_src":{"full":["https:\/\/simurgedebiyat.com\/wp-content\/uploads\/2025\/09\/IMG-20250804-WA0014.jpg",2048,1536,false],"thumbnail":["https:\/\/simurgedebiyat.com\/wp-content\/uploads\/2025\/09\/IMG-20250804-WA0014-150x150.jpg",150,150,true],"medium":["https:\/\/simurgedebiyat.com\/wp-content\/uploads\/2025\/09\/IMG-20250804-WA0014-300x225.jpg",300,225,true],"medium_large":["https:\/\/simurgedebiyat.com\/wp-content\/uploads\/2025\/09\/IMG-20250804-WA0014-768x576.jpg",640,480,true],"large":["https:\/\/simurgedebiyat.com\/wp-content\/uploads\/2025\/09\/IMG-20250804-WA0014-1024x768.jpg",640,480,true],"1536x1536":["https:\/\/simurgedebiyat.com\/wp-content\/uploads\/2025\/09\/IMG-20250804-WA0014-1536x1152.jpg",1536,1152,true],"2048x2048":["https:\/\/simurgedebiyat.com\/wp-content\/uploads\/2025\/09\/IMG-20250804-WA0014.jpg",2048,1536,false],"covernews-slider-full":["https:\/\/simurgedebiyat.com\/wp-content\/uploads\/2025\/09\/IMG-20250804-WA0014-1115x715.jpg",1115,715,true],"covernews-slider-center":["https:\/\/simurgedebiyat.com\/wp-content\/uploads\/2025\/09\/IMG-20250804-WA0014-800x500.jpg",800,500,true],"covernews-featured":["https:\/\/simurgedebiyat.com\/wp-content\/uploads\/2025\/09\/IMG-20250804-WA0014-1024x768.jpg",1024,768,true],"covernews-medium":["https:\/\/simurgedebiyat.com\/wp-content\/uploads\/2025\/09\/IMG-20250804-WA0014-540x340.jpg",540,340,true],"covernews-medium-square":["https:\/\/simurgedebiyat.com\/wp-content\/uploads\/2025\/09\/IMG-20250804-WA0014-400x250.jpg",400,250,true],"sow-carousel-default":["https:\/\/simurgedebiyat.com\/wp-content\/uploads\/2025\/09\/IMG-20250804-WA0014-272x182.jpg",272,182,true],"sow-blog-portfolio":["https:\/\/simurgedebiyat.com\/wp-content\/uploads\/2025\/09\/IMG-20250804-WA0014-375x375.jpg",375,375,true],"sow-blog-grid":["https:\/\/simurgedebiyat.com\/wp-content\/uploads\/2025\/09\/IMG-20250804-WA0014-720x480.jpg",720,480,true],"sow-blog-alternate":["https:\/\/simurgedebiyat.com\/wp-content\/uploads\/2025\/09\/IMG-20250804-WA0014-950x630.jpg",950,630,true],"sow-recent-post":["https:\/\/simurgedebiyat.com\/wp-content\/uploads\/2025\/09\/IMG-20250804-WA0014-216x216.jpg",216,216,true]},"uagb_author_info":{"display_name":"Misafir Kalem","author_link":"https:\/\/simurgedebiyat.com\/index.php\/author\/misafir-kalem\/"},"uagb_comment_info":0,"uagb_excerpt":"Dairedeki siyah, iri masa\u00fcst\u00fc telefon acele acele \u00e7almaya ba\u015flad\u0131. Sakince uzan\u0131p ahizeyi kald\u0131rd\u0131m. Resm\u00ee bir...","authors":[{"term_id":199,"user_id":22,"is_guest":0,"slug":"misafir-kalem","display_name":"Misafir Kalem","avatar_url":{"url":"https:\/\/simurgedebiyat.com\/wp-content\/uploads\/2025\/10\/MISAFIR-KALEM.jpg","url2x":"https:\/\/simurgedebiyat.com\/wp-content\/uploads\/2025\/10\/MISAFIR-KALEM.jpg"},"first_name":"","last_name":"","user_url":"","job_title":"","description":""}],"_links":{"self":[{"href":"https:\/\/simurgedebiyat.com\/index.php\/wp-json\/wp\/v2\/posts\/2225","targetHints":{"allow":["GET"]}}],"collection":[{"href":"https:\/\/simurgedebiyat.com\/index.php\/wp-json\/wp\/v2\/posts"}],"about":[{"href":"https:\/\/simurgedebiyat.com\/index.php\/wp-json\/wp\/v2\/types\/post"}],"author":[{"embeddable":true,"href":"https:\/\/simurgedebiyat.com\/index.php\/wp-json\/wp\/v2\/users\/22"}],"replies":[{"embeddable":true,"href":"https:\/\/simurgedebiyat.com\/index.php\/wp-json\/wp\/v2\/comments?post=2225"}],"version-history":[{"count":3,"href":"https:\/\/simurgedebiyat.com\/index.php\/wp-json\/wp\/v2\/posts\/2225\/revisions"}],"predecessor-version":[{"id":2229,"href":"https:\/\/simurgedebiyat.com\/index.php\/wp-json\/wp\/v2\/posts\/2225\/revisions\/2229"}],"wp:featuredmedia":[{"embeddable":true,"href":"https:\/\/simurgedebiyat.com\/index.php\/wp-json\/wp\/v2\/media\/2226"}],"wp:attachment":[{"href":"https:\/\/simurgedebiyat.com\/index.php\/wp-json\/wp\/v2\/media?parent=2225"}],"wp:term":[{"taxonomy":"category","embeddable":true,"href":"https:\/\/simurgedebiyat.com\/index.php\/wp-json\/wp\/v2\/categories?post=2225"},{"taxonomy":"post_tag","embeddable":true,"href":"https:\/\/simurgedebiyat.com\/index.php\/wp-json\/wp\/v2\/tags?post=2225"},{"taxonomy":"author","embeddable":true,"href":"https:\/\/simurgedebiyat.com\/index.php\/wp-json\/wp\/v2\/ppma_author?post=2225"}],"curies":[{"name":"wp","href":"https:\/\/api.w.org\/{rel}","templated":true}]}}