{"id":2220,"date":"2025-09-03T09:11:20","date_gmt":"2025-09-03T06:11:20","guid":{"rendered":"https:\/\/simurgedebiyat.com\/?p=2220"},"modified":"2025-09-03T09:11:20","modified_gmt":"2025-09-03T06:11:20","slug":"ivedi-derdimiz-sivilcelerimiz","status":"publish","type":"post","link":"https:\/\/simurgedebiyat.com\/index.php\/2025\/09\/03\/ivedi-derdimiz-sivilcelerimiz\/","title":{"rendered":"\u0130vedi Derdimiz Sivilcelerimiz"},"content":{"rendered":"<p>Biz yat\u0131l\u0131 okul talebeleri<\/p>\n<p>\u00c7ok\u00e7a yoksul, biraz ezik, avlan\u0131lmaya m\u00fcsait<\/p>\n<p>Olduk\u00e7a vatanseverdik veya yurtsever<\/p>\n<p>\u0130kisi birden olam\u0131yorduk<\/p>\n<p>&nbsp;<\/p>\n<p>K\u0131zlar\u0131na tutuluyorduk s\u0131n\u0131f\u0131m\u0131z\u0131n<\/p>\n<p>Halk\u0131 veya milleti d\u00fc\u015f\u00fcnmekten f\u0131rsat bulduk\u00e7a<\/p>\n<p>G\u00fcnd\u00fczl\u00fc be\u015f k\u0131za yaz\u0131lan yat\u0131l\u0131 k\u0131rk erkek<\/p>\n<p>Bir de \u0130ngilizce \u00f6\u011fretmenimize<\/p>\n<p>&nbsp;<\/p>\n<p>Her zaman de\u011fil, arada bir bak\u0131yorduk k\u0131zlara<\/p>\n<p>\u0130vedi derdimiz y\u00fcz bel\u00e2s\u0131 sivilcelerimiz<\/p>\n<p>En \u00e7ok vatan\u0131 veya yurdu kurtar\u0131yorduk<\/p>\n<p>\u00c7\u00fcnk\u00fc biz kurtarmazsak kurtulamazd\u0131<\/p>\n<p>&nbsp;<\/p>\n<p>Davaya da yeter ate\u015fimiz, a\u015fka da<\/p>\n<p>Ne de olsa yeni ba\u015fl\u0131yorduk sakal t\u0131ra\u015f\u0131 olmaya<\/p>\n<p>K\u0131z dala\u015f\u0131 diye ge\u00e7iyordu siyaset kavgalar\u0131<\/p>\n<p>Karakol tutanaklar\u0131na<\/p>\n<p>&nbsp;<\/p>\n<p>Tamirci \u00e7\u0131ra\u011f\u0131yla k\u00f6r\u00fckleniyordu kan\u0131m\u0131z<\/p>\n<p>\u00c7\u0131rp\u0131n\u0131yordu Karadeniz damarlar\u0131m\u0131zda<\/p>\n<p>Kur\u015fun eritmeye \u00e7a\u011fr\u0131l\u0131yd\u0131k ve g\u00fcne\u015fin zapt\u0131na<\/p>\n<p>K\u0131rk birinci \u00e7eri olmak da g\u00fczeldi<\/p>\n<p>&nbsp;<\/p>\n<p>Onlar, bunlar, \u015funlar ayr\u0131m\u0131nda<\/p>\n<p>Kar\u015f\u0131tlara yasak her \u015fey, yans\u0131zlara bile<\/p>\n<p>Halk\u0131n ve milletin \u00e7ocuklar\u0131 birbirlerini harc\u0131yorlard\u0131<\/p>\n<p>Yurdun ve vatan\u0131n analar\u0131 d\u00f6v\u00fcn\u00fcyorlard\u0131<\/p>\n<p>&nbsp;<\/p>\n<p>Bir s\u00fcr\u00fc tek yol, her yolun ba\u015fka tek yollar\u0131<\/p>\n<p>Be\u011fenmeyene T\u00fcrk\u00e7e s\u00f6zl\u00fc hafif m\u00fczik<\/p>\n<p>Do\u011frular\u0131 vard\u0131 herkesin ve yanl\u0131\u015flar\u0131<\/p>\n<p>\u00c7a\u011f tan\u0131\u011f\u0131md\u0131r, insan yan\u0131l\u0131r.<\/p>\n","protected":false},"excerpt":{"rendered":"<p>Biz yat\u0131l\u0131 okul talebeleri \u00c7ok\u00e7a yoksul, biraz ezik, avlan\u0131lmaya m\u00fcsait Olduk\u00e7a vatanseverdik veya yurtsever \u0130kisi&#8230;<\/p>\n","protected":false},"author":34,"featured_media":2221,"comment_status":"open","ping_status":"open","sticky":false,"template":"","format":"standard","meta":{"_bbp_topic_count":0,"_bbp_reply_count":0,"_bbp_total_topic_count":0,"_bbp_total_reply_count":0,"_bbp_voice_count":0,"_bbp_anonymous_reply_count":0,"_bbp_topic_count_hidden":0,"_bbp_reply_count_hidden":0,"_bbp_forum_subforum_count":0,"om_disable_all_campaigns":false,"_uag_custom_page_level_css":"","ngg_post_thumbnail":0,"footnotes":""},"categories":[17],"tags":[],"ppma_author":[210],"class_list":["post-2220","post","type-post","status-publish","format-standard","has-post-thumbnail","hentry","category-siir"],"yoast_head":"<!-- This site is optimized with the Yoast SEO plugin v24.9 - https:\/\/yoast.com\/wordpress\/plugins\/seo\/ -->\n<title>\u0130vedi Derdimiz Sivilcelerimiz - simurgedebiyat.com<\/title>\n<meta name=\"robots\" content=\"index, follow, max-snippet:-1, max-image-preview:large, max-video-preview:-1\" \/>\n<link rel=\"canonical\" href=\"https:\/\/simurgedebiyat.com\/index.php\/2025\/09\/03\/ivedi-derdimiz-sivilcelerimiz\/\" \/>\n<meta property=\"og:locale\" content=\"tr_TR\" \/>\n<meta property=\"og:type\" content=\"article\" \/>\n<meta property=\"og:title\" content=\"\u0130vedi Derdimiz Sivilcelerimiz - simurgedebiyat.com\" \/>\n<meta property=\"og:description\" content=\"Biz yat\u0131l\u0131 okul talebeleri \u00c7ok\u00e7a yoksul, biraz ezik, avlan\u0131lmaya m\u00fcsait Olduk\u00e7a vatanseverdik veya yurtsever \u0130kisi...\" \/>\n<meta property=\"og:url\" content=\"https:\/\/simurgedebiyat.com\/index.php\/2025\/09\/03\/ivedi-derdimiz-sivilcelerimiz\/\" \/>\n<meta property=\"og:site_name\" content=\"simurgedebiyat.com\" \/>\n<meta property=\"article:published_time\" content=\"2025-09-03T06:11:20+00:00\" \/>\n<meta property=\"og:image\" content=\"https:\/\/simurgedebiyat.com\/wp-content\/uploads\/2025\/09\/sivilce.jpg\" \/>\n\t<meta property=\"og:image:width\" content=\"2000\" \/>\n\t<meta property=\"og:image:height\" content=\"1500\" \/>\n\t<meta property=\"og:image:type\" content=\"image\/jpeg\" \/>\n<meta name=\"author\" content=\"Erdal NOYAN\" \/>\n<meta name=\"twitter:card\" content=\"summary_large_image\" \/>\n<meta name=\"twitter:label1\" content=\"Yazan:\" \/>\n\t<meta name=\"twitter:data1\" content=\"Erdal NOYAN\" \/>\n\t<meta name=\"twitter:label2\" content=\"Tahmini okuma s\u00fcresi\" \/>\n\t<meta name=\"twitter:data2\" content=\"2 dakika\" \/>\n<script type=\"application\/ld+json\" class=\"yoast-schema-graph\">{\"@context\":\"https:\/\/schema.org\",\"@graph\":[{\"@type\":\"Article\",\"@id\":\"https:\/\/simurgedebiyat.com\/index.php\/2025\/09\/03\/ivedi-derdimiz-sivilcelerimiz\/#article\",\"isPartOf\":{\"@id\":\"https:\/\/simurgedebiyat.com\/index.php\/2025\/09\/03\/ivedi-derdimiz-sivilcelerimiz\/\"},\"author\":{\"name\":\"Erdal NOYAN\",\"@id\":\"https:\/\/simurgedebiyat.com\/#\/schema\/person\/da0eca76567fdd57bea4c0f20dc0cedc\"},\"headline\":\"\u0130vedi Derdimiz Sivilcelerimiz\",\"datePublished\":\"2025-09-03T06:11:20+00:00\",\"mainEntityOfPage\":{\"@id\":\"https:\/\/simurgedebiyat.com\/index.php\/2025\/09\/03\/ivedi-derdimiz-sivilcelerimiz\/\"},\"wordCount\":231,\"commentCount\":0,\"publisher\":{\"@id\":\"https:\/\/simurgedebiyat.com\/#organization\"},\"image\":{\"@id\":\"https:\/\/simurgedebiyat.com\/index.php\/2025\/09\/03\/ivedi-derdimiz-sivilcelerimiz\/#primaryimage\"},\"thumbnailUrl\":\"https:\/\/simurgedebiyat.com\/wp-content\/uploads\/2025\/09\/sivilce.jpg\",\"articleSection\":[\"\u015eiir\"],\"inLanguage\":\"tr\",\"potentialAction\":[{\"@type\":\"CommentAction\",\"name\":\"Comment\",\"target\":[\"https:\/\/simurgedebiyat.com\/index.php\/2025\/09\/03\/ivedi-derdimiz-sivilcelerimiz\/#respond\"]}]},{\"@type\":\"WebPage\",\"@id\":\"https:\/\/simurgedebiyat.com\/index.php\/2025\/09\/03\/ivedi-derdimiz-sivilcelerimiz\/\",\"url\":\"https:\/\/simurgedebiyat.com\/index.php\/2025\/09\/03\/ivedi-derdimiz-sivilcelerimiz\/\",\"name\":\"\u0130vedi Derdimiz Sivilcelerimiz - simurgedebiyat.com\",\"isPartOf\":{\"@id\":\"https:\/\/simurgedebiyat.com\/#website\"},\"primaryImageOfPage\":{\"@id\":\"https:\/\/simurgedebiyat.com\/index.php\/2025\/09\/03\/ivedi-derdimiz-sivilcelerimiz\/#primaryimage\"},\"image\":{\"@id\":\"https:\/\/simurgedebiyat.com\/index.php\/2025\/09\/03\/ivedi-derdimiz-sivilcelerimiz\/#primaryimage\"},\"thumbnailUrl\":\"https:\/\/simurgedebiyat.com\/wp-content\/uploads\/2025\/09\/sivilce.jpg\",\"datePublished\":\"2025-09-03T06:11:20+00:00\",\"breadcrumb\":{\"@id\":\"https:\/\/simurgedebiyat.com\/index.php\/2025\/09\/03\/ivedi-derdimiz-sivilcelerimiz\/#breadcrumb\"},\"inLanguage\":\"tr\",\"potentialAction\":[{\"@type\":\"ReadAction\",\"target\":[\"https:\/\/simurgedebiyat.com\/index.php\/2025\/09\/03\/ivedi-derdimiz-sivilcelerimiz\/\"]}]},{\"@type\":\"ImageObject\",\"inLanguage\":\"tr\",\"@id\":\"https:\/\/simurgedebiyat.com\/index.php\/2025\/09\/03\/ivedi-derdimiz-sivilcelerimiz\/#primaryimage\",\"url\":\"https:\/\/simurgedebiyat.com\/wp-content\/uploads\/2025\/09\/sivilce.jpg\",\"contentUrl\":\"https:\/\/simurgedebiyat.com\/wp-content\/uploads\/2025\/09\/sivilce.jpg\",\"width\":2000,\"height\":1500},{\"@type\":\"BreadcrumbList\",\"@id\":\"https:\/\/simurgedebiyat.com\/index.php\/2025\/09\/03\/ivedi-derdimiz-sivilcelerimiz\/#breadcrumb\",\"itemListElement\":[{\"@type\":\"ListItem\",\"position\":1,\"name\":\"Anasayfa\",\"item\":\"https:\/\/simurgedebiyat.com\/\"},{\"@type\":\"ListItem\",\"position\":2,\"name\":\"\u0130vedi Derdimiz Sivilcelerimiz\"}]},{\"@type\":\"WebSite\",\"@id\":\"https:\/\/simurgedebiyat.com\/#website\",\"url\":\"https:\/\/simurgedebiyat.com\/\",\"name\":\"simurgedebiyat.com\",\"description\":\"edebiyat&amp;K\u00fclt\u00fcr&amp;Sanat&amp;D\u00fc\u015f\u00fcnce \",\"publisher\":{\"@id\":\"https:\/\/simurgedebiyat.com\/#organization\"},\"potentialAction\":[{\"@type\":\"SearchAction\",\"target\":{\"@type\":\"EntryPoint\",\"urlTemplate\":\"https:\/\/simurgedebiyat.com\/?s={search_term_string}\"},\"query-input\":{\"@type\":\"PropertyValueSpecification\",\"valueRequired\":true,\"valueName\":\"search_term_string\"}}],\"inLanguage\":\"tr\"},{\"@type\":\"Organization\",\"@id\":\"https:\/\/simurgedebiyat.com\/#organization\",\"name\":\"simurgedebiyat.com\",\"url\":\"https:\/\/simurgedebiyat.com\/\",\"logo\":{\"@type\":\"ImageObject\",\"inLanguage\":\"tr\",\"@id\":\"https:\/\/simurgedebiyat.com\/#\/schema\/logo\/image\/\",\"url\":\"https:\/\/simurgedebiyat.com\/wp-content\/uploads\/2025\/11\/cropped-HHHHH-1.jpeg\",\"contentUrl\":\"https:\/\/simurgedebiyat.com\/wp-content\/uploads\/2025\/11\/cropped-HHHHH-1.jpeg\",\"width\":245,\"height\":205,\"caption\":\"simurgedebiyat.com\"},\"image\":{\"@id\":\"https:\/\/simurgedebiyat.com\/#\/schema\/logo\/image\/\"}},{\"@type\":\"Person\",\"@id\":\"https:\/\/simurgedebiyat.com\/#\/schema\/person\/da0eca76567fdd57bea4c0f20dc0cedc\",\"name\":\"Erdal NOYAN\",\"image\":{\"@type\":\"ImageObject\",\"inLanguage\":\"tr\",\"@id\":\"https:\/\/simurgedebiyat.com\/#\/schema\/person\/image\/23494c9101089ad44ae88ce9d2f56aac\",\"url\":\"https:\/\/secure.gravatar.com\/avatar\/?s=96&d=mm&r=g\",\"contentUrl\":\"https:\/\/secure.gravatar.com\/avatar\/?s=96&d=mm&r=g\",\"caption\":\"Erdal NOYAN\"},\"description\":\"1961 y\u0131l\u0131nda K\u0131rklareli\u2019nde do\u011fdu. \u0130stanbul \u00dcniversitesi Hukuk Fak\u00fcltesi\u2019ni bitirdi. \u00dcr\u00fcnlerine \u00e7e\u015fitli dergilerde ve gazetelerde yer verildi. \u00c7ok say\u0131da edeb\u00ee ve meslek\u00ee kitab\u0131 mevcuttur. Dile\u011fi, t\u00fcm varl\u0131klar\u0131n haklar\u0131na sayg\u0131l\u0131 ya\u015famak ve m\u00fcmk\u00fcnse ba\u011f\u0131\u015flanm\u0131\u015f \u00f6lmektir. Yay\u0131mlanm\u0131\u015f Kitaplar\u0131: G\u00f6\u00e7 Vakitleri (2012), Ans\u0131z\u0131n Sonras\u0131 (2013), A\u015fk\u0131n Y\u00fczleri (2014), \u00d6teki Osmanl\u0131 (2015), \u00c7ay Molas\u0131 (2017), Zaman Irma\u011f\u0131 (2017), \u0130spanya Bahar\u0131 (2018), Avrupa And\u0131c\u0131 (2020), \u0130talya Yaz\u0131 (2021, Derin Kesi (2021), G\u00fcrcistan Notlar\u0131 (2021), Gidelim Buradan (2021), Balkan A\u00e7maz\u0131 (2021), Akif Yaz\u0131lar\u0131 (2021), Kahire G\u00fcnleri (2024), Yunanistan \u0130zlenimleri (2024), Londra Kitab\u0131 (2024), K\u0131br\u0131s\u2019\u0131n Kuzeyi (2025), Avrupa\u2019n\u0131n Ortas\u0131 (2025)\",\"url\":\"https:\/\/simurgedebiyat.com\/index.php\/author\/erdal-noyan\/\"}]}<\/script>\n<!-- \/ Yoast SEO plugin. -->","yoast_head_json":{"title":"\u0130vedi Derdimiz Sivilcelerimiz - simurgedebiyat.com","robots":{"index":"index","follow":"follow","max-snippet":"max-snippet:-1","max-image-preview":"max-image-preview:large","max-video-preview":"max-video-preview:-1"},"canonical":"https:\/\/simurgedebiyat.com\/index.php\/2025\/09\/03\/ivedi-derdimiz-sivilcelerimiz\/","og_locale":"tr_TR","og_type":"article","og_title":"\u0130vedi Derdimiz Sivilcelerimiz - simurgedebiyat.com","og_description":"Biz yat\u0131l\u0131 okul talebeleri \u00c7ok\u00e7a yoksul, biraz ezik, avlan\u0131lmaya m\u00fcsait Olduk\u00e7a vatanseverdik veya yurtsever \u0130kisi...","og_url":"https:\/\/simurgedebiyat.com\/index.php\/2025\/09\/03\/ivedi-derdimiz-sivilcelerimiz\/","og_site_name":"simurgedebiyat.com","article_published_time":"2025-09-03T06:11:20+00:00","og_image":[{"width":2000,"height":1500,"url":"https:\/\/simurgedebiyat.com\/wp-content\/uploads\/2025\/09\/sivilce.jpg","type":"image\/jpeg"}],"author":"Erdal NOYAN","twitter_card":"summary_large_image","twitter_misc":{"Yazan:":"Erdal NOYAN","Tahmini okuma s\u00fcresi":"2 dakika"},"schema":{"@context":"https:\/\/schema.org","@graph":[{"@type":"Article","@id":"https:\/\/simurgedebiyat.com\/index.php\/2025\/09\/03\/ivedi-derdimiz-sivilcelerimiz\/#article","isPartOf":{"@id":"https:\/\/simurgedebiyat.com\/index.php\/2025\/09\/03\/ivedi-derdimiz-sivilcelerimiz\/"},"author":{"name":"Erdal NOYAN","@id":"https:\/\/simurgedebiyat.com\/#\/schema\/person\/da0eca76567fdd57bea4c0f20dc0cedc"},"headline":"\u0130vedi Derdimiz Sivilcelerimiz","datePublished":"2025-09-03T06:11:20+00:00","mainEntityOfPage":{"@id":"https:\/\/simurgedebiyat.com\/index.php\/2025\/09\/03\/ivedi-derdimiz-sivilcelerimiz\/"},"wordCount":231,"commentCount":0,"publisher":{"@id":"https:\/\/simurgedebiyat.com\/#organization"},"image":{"@id":"https:\/\/simurgedebiyat.com\/index.php\/2025\/09\/03\/ivedi-derdimiz-sivilcelerimiz\/#primaryimage"},"thumbnailUrl":"https:\/\/simurgedebiyat.com\/wp-content\/uploads\/2025\/09\/sivilce.jpg","articleSection":["\u015eiir"],"inLanguage":"tr","potentialAction":[{"@type":"CommentAction","name":"Comment","target":["https:\/\/simurgedebiyat.com\/index.php\/2025\/09\/03\/ivedi-derdimiz-sivilcelerimiz\/#respond"]}]},{"@type":"WebPage","@id":"https:\/\/simurgedebiyat.com\/index.php\/2025\/09\/03\/ivedi-derdimiz-sivilcelerimiz\/","url":"https:\/\/simurgedebiyat.com\/index.php\/2025\/09\/03\/ivedi-derdimiz-sivilcelerimiz\/","name":"\u0130vedi Derdimiz Sivilcelerimiz - simurgedebiyat.com","isPartOf":{"@id":"https:\/\/simurgedebiyat.com\/#website"},"primaryImageOfPage":{"@id":"https:\/\/simurgedebiyat.com\/index.php\/2025\/09\/03\/ivedi-derdimiz-sivilcelerimiz\/#primaryimage"},"image":{"@id":"https:\/\/simurgedebiyat.com\/index.php\/2025\/09\/03\/ivedi-derdimiz-sivilcelerimiz\/#primaryimage"},"thumbnailUrl":"https:\/\/simurgedebiyat.com\/wp-content\/uploads\/2025\/09\/sivilce.jpg","datePublished":"2025-09-03T06:11:20+00:00","breadcrumb":{"@id":"https:\/\/simurgedebiyat.com\/index.php\/2025\/09\/03\/ivedi-derdimiz-sivilcelerimiz\/#breadcrumb"},"inLanguage":"tr","potentialAction":[{"@type":"ReadAction","target":["https:\/\/simurgedebiyat.com\/index.php\/2025\/09\/03\/ivedi-derdimiz-sivilcelerimiz\/"]}]},{"@type":"ImageObject","inLanguage":"tr","@id":"https:\/\/simurgedebiyat.com\/index.php\/2025\/09\/03\/ivedi-derdimiz-sivilcelerimiz\/#primaryimage","url":"https:\/\/simurgedebiyat.com\/wp-content\/uploads\/2025\/09\/sivilce.jpg","contentUrl":"https:\/\/simurgedebiyat.com\/wp-content\/uploads\/2025\/09\/sivilce.jpg","width":2000,"height":1500},{"@type":"BreadcrumbList","@id":"https:\/\/simurgedebiyat.com\/index.php\/2025\/09\/03\/ivedi-derdimiz-sivilcelerimiz\/#breadcrumb","itemListElement":[{"@type":"ListItem","position":1,"name":"Anasayfa","item":"https:\/\/simurgedebiyat.com\/"},{"@type":"ListItem","position":2,"name":"\u0130vedi Derdimiz Sivilcelerimiz"}]},{"@type":"WebSite","@id":"https:\/\/simurgedebiyat.com\/#website","url":"https:\/\/simurgedebiyat.com\/","name":"simurgedebiyat.com","description":"edebiyat&amp;K\u00fclt\u00fcr&amp;Sanat&amp;D\u00fc\u015f\u00fcnce ","publisher":{"@id":"https:\/\/simurgedebiyat.com\/#organization"},"potentialAction":[{"@type":"SearchAction","target":{"@type":"EntryPoint","urlTemplate":"https:\/\/simurgedebiyat.com\/?s={search_term_string}"},"query-input":{"@type":"PropertyValueSpecification","valueRequired":true,"valueName":"search_term_string"}}],"inLanguage":"tr"},{"@type":"Organization","@id":"https:\/\/simurgedebiyat.com\/#organization","name":"simurgedebiyat.com","url":"https:\/\/simurgedebiyat.com\/","logo":{"@type":"ImageObject","inLanguage":"tr","@id":"https:\/\/simurgedebiyat.com\/#\/schema\/logo\/image\/","url":"https:\/\/simurgedebiyat.com\/wp-content\/uploads\/2025\/11\/cropped-HHHHH-1.jpeg","contentUrl":"https:\/\/simurgedebiyat.com\/wp-content\/uploads\/2025\/11\/cropped-HHHHH-1.jpeg","width":245,"height":205,"caption":"simurgedebiyat.com"},"image":{"@id":"https:\/\/simurgedebiyat.com\/#\/schema\/logo\/image\/"}},{"@type":"Person","@id":"https:\/\/simurgedebiyat.com\/#\/schema\/person\/da0eca76567fdd57bea4c0f20dc0cedc","name":"Erdal NOYAN","image":{"@type":"ImageObject","inLanguage":"tr","@id":"https:\/\/simurgedebiyat.com\/#\/schema\/person\/image\/23494c9101089ad44ae88ce9d2f56aac","url":"https:\/\/secure.gravatar.com\/avatar\/?s=96&d=mm&r=g","contentUrl":"https:\/\/secure.gravatar.com\/avatar\/?s=96&d=mm&r=g","caption":"Erdal NOYAN"},"description":"1961 y\u0131l\u0131nda K\u0131rklareli\u2019nde do\u011fdu. \u0130stanbul \u00dcniversitesi Hukuk Fak\u00fcltesi\u2019ni bitirdi. \u00dcr\u00fcnlerine \u00e7e\u015fitli dergilerde ve gazetelerde yer verildi. \u00c7ok say\u0131da edeb\u00ee ve meslek\u00ee kitab\u0131 mevcuttur. Dile\u011fi, t\u00fcm varl\u0131klar\u0131n haklar\u0131na sayg\u0131l\u0131 ya\u015famak ve m\u00fcmk\u00fcnse ba\u011f\u0131\u015flanm\u0131\u015f \u00f6lmektir. Yay\u0131mlanm\u0131\u015f Kitaplar\u0131: G\u00f6\u00e7 Vakitleri (2012), Ans\u0131z\u0131n Sonras\u0131 (2013), A\u015fk\u0131n Y\u00fczleri (2014), \u00d6teki Osmanl\u0131 (2015), \u00c7ay Molas\u0131 (2017), Zaman Irma\u011f\u0131 (2017), \u0130spanya Bahar\u0131 (2018), Avrupa And\u0131c\u0131 (2020), \u0130talya Yaz\u0131 (2021, Derin Kesi (2021), G\u00fcrcistan Notlar\u0131 (2021), Gidelim Buradan (2021), Balkan A\u00e7maz\u0131 (2021), Akif Yaz\u0131lar\u0131 (2021), Kahire G\u00fcnleri (2024), Yunanistan \u0130zlenimleri (2024), Londra Kitab\u0131 (2024), K\u0131br\u0131s\u2019\u0131n Kuzeyi (2025), Avrupa\u2019n\u0131n Ortas\u0131 (2025)","url":"https:\/\/simurgedebiyat.com\/index.php\/author\/erdal-noyan\/"}]}},"featured_image_urls":{"full":["https:\/\/simurgedebiyat.com\/wp-content\/uploads\/2025\/09\/sivilce.jpg",2000,1500,false],"thumbnail":["https:\/\/simurgedebiyat.com\/wp-content\/uploads\/2025\/09\/sivilce-150x150.jpg",150,150,true],"medium":["https:\/\/simurgedebiyat.com\/wp-content\/uploads\/2025\/09\/sivilce-300x225.jpg",300,225,true],"medium_large":["https:\/\/simurgedebiyat.com\/wp-content\/uploads\/2025\/09\/sivilce-768x576.jpg",640,480,true],"large":["https:\/\/simurgedebiyat.com\/wp-content\/uploads\/2025\/09\/sivilce-1024x768.jpg",640,480,true],"1536x1536":["https:\/\/simurgedebiyat.com\/wp-content\/uploads\/2025\/09\/sivilce-1536x1152.jpg",1536,1152,true],"2048x2048":["https:\/\/simurgedebiyat.com\/wp-content\/uploads\/2025\/09\/sivilce.jpg",2000,1500,false],"covernews-slider-full":["https:\/\/simurgedebiyat.com\/wp-content\/uploads\/2025\/09\/sivilce-1115x715.jpg",1115,715,true],"covernews-slider-center":["https:\/\/simurgedebiyat.com\/wp-content\/uploads\/2025\/09\/sivilce-800x500.jpg",800,500,true],"covernews-featured":["https:\/\/simurgedebiyat.com\/wp-content\/uploads\/2025\/09\/sivilce-1024x768.jpg",1024,768,true],"covernews-medium":["https:\/\/simurgedebiyat.com\/wp-content\/uploads\/2025\/09\/sivilce-540x340.jpg",540,340,true],"covernews-medium-square":["https:\/\/simurgedebiyat.com\/wp-content\/uploads\/2025\/09\/sivilce-400x250.jpg",400,250,true],"sow-carousel-default":["https:\/\/simurgedebiyat.com\/wp-content\/uploads\/2025\/09\/sivilce-272x182.jpg",272,182,true],"sow-blog-portfolio":["https:\/\/simurgedebiyat.com\/wp-content\/uploads\/2025\/09\/sivilce-375x375.jpg",375,375,true],"sow-blog-grid":["https:\/\/simurgedebiyat.com\/wp-content\/uploads\/2025\/09\/sivilce-720x480.jpg",720,480,true],"sow-blog-alternate":["https:\/\/simurgedebiyat.com\/wp-content\/uploads\/2025\/09\/sivilce-950x630.jpg",950,630,true],"sow-recent-post":["https:\/\/simurgedebiyat.com\/wp-content\/uploads\/2025\/09\/sivilce-216x216.jpg",216,216,true]},"author_info":{"display_name":"Erdal NOYAN","author_link":"https:\/\/simurgedebiyat.com\/index.php\/author\/erdal-noyan\/"},"category_info":"<a href=\"https:\/\/simurgedebiyat.com\/index.php\/category\/siir\/\" rel=\"category tag\">\u015eiir<\/a>","tag_info":"\u015eiir","comment_count":"0","jetpack_featured_media_url":"https:\/\/simurgedebiyat.com\/wp-content\/uploads\/2025\/09\/sivilce.jpg","uagb_featured_image_src":{"full":["https:\/\/simurgedebiyat.com\/wp-content\/uploads\/2025\/09\/sivilce.jpg",2000,1500,false],"thumbnail":["https:\/\/simurgedebiyat.com\/wp-content\/uploads\/2025\/09\/sivilce-150x150.jpg",150,150,true],"medium":["https:\/\/simurgedebiyat.com\/wp-content\/uploads\/2025\/09\/sivilce-300x225.jpg",300,225,true],"medium_large":["https:\/\/simurgedebiyat.com\/wp-content\/uploads\/2025\/09\/sivilce-768x576.jpg",640,480,true],"large":["https:\/\/simurgedebiyat.com\/wp-content\/uploads\/2025\/09\/sivilce-1024x768.jpg",640,480,true],"1536x1536":["https:\/\/simurgedebiyat.com\/wp-content\/uploads\/2025\/09\/sivilce-1536x1152.jpg",1536,1152,true],"2048x2048":["https:\/\/simurgedebiyat.com\/wp-content\/uploads\/2025\/09\/sivilce.jpg",2000,1500,false],"covernews-slider-full":["https:\/\/simurgedebiyat.com\/wp-content\/uploads\/2025\/09\/sivilce-1115x715.jpg",1115,715,true],"covernews-slider-center":["https:\/\/simurgedebiyat.com\/wp-content\/uploads\/2025\/09\/sivilce-800x500.jpg",800,500,true],"covernews-featured":["https:\/\/simurgedebiyat.com\/wp-content\/uploads\/2025\/09\/sivilce-1024x768.jpg",1024,768,true],"covernews-medium":["https:\/\/simurgedebiyat.com\/wp-content\/uploads\/2025\/09\/sivilce-540x340.jpg",540,340,true],"covernews-medium-square":["https:\/\/simurgedebiyat.com\/wp-content\/uploads\/2025\/09\/sivilce-400x250.jpg",400,250,true],"sow-carousel-default":["https:\/\/simurgedebiyat.com\/wp-content\/uploads\/2025\/09\/sivilce-272x182.jpg",272,182,true],"sow-blog-portfolio":["https:\/\/simurgedebiyat.com\/wp-content\/uploads\/2025\/09\/sivilce-375x375.jpg",375,375,true],"sow-blog-grid":["https:\/\/simurgedebiyat.com\/wp-content\/uploads\/2025\/09\/sivilce-720x480.jpg",720,480,true],"sow-blog-alternate":["https:\/\/simurgedebiyat.com\/wp-content\/uploads\/2025\/09\/sivilce-950x630.jpg",950,630,true],"sow-recent-post":["https:\/\/simurgedebiyat.com\/wp-content\/uploads\/2025\/09\/sivilce-216x216.jpg",216,216,true]},"uagb_author_info":{"display_name":"Erdal NOYAN","author_link":"https:\/\/simurgedebiyat.com\/index.php\/author\/erdal-noyan\/"},"uagb_comment_info":0,"uagb_excerpt":"Biz yat\u0131l\u0131 okul talebeleri \u00c7ok\u00e7a yoksul, biraz ezik, avlan\u0131lmaya m\u00fcsait Olduk\u00e7a vatanseverdik veya yurtsever \u0130kisi...","authors":[{"term_id":210,"user_id":34,"is_guest":0,"slug":"erdal-noyan","display_name":"Erdal NOYAN","avatar_url":{"url":"https:\/\/simurgedebiyat.com\/wp-content\/uploads\/2025\/07\/Erdal-Noyan-Foto-3.jpg","url2x":"https:\/\/simurgedebiyat.com\/wp-content\/uploads\/2025\/07\/Erdal-Noyan-Foto-3.jpg"},"first_name":"","last_name":"","user_url":"","job_title":"","description":"1961 y\u0131l\u0131nda K\u0131rklareli\u2019nde do\u011fdu. \u0130stanbul \u00dcniversitesi Hukuk Fak\u00fcltesi\u2019ni bitirdi. \u00dcr\u00fcnlerine \u00e7e\u015fitli dergilerde ve gazetelerde yer verildi. \u00c7ok say\u0131da edeb\u00ee ve meslek\u00ee kitab\u0131 mevcuttur. Dile\u011fi, t\u00fcm varl\u0131klar\u0131n haklar\u0131na sayg\u0131l\u0131 ya\u015famak ve m\u00fcmk\u00fcnse ba\u011f\u0131\u015flanm\u0131\u015f \u00f6lmektir.\r\nYay\u0131mlanm\u0131\u015f Kitaplar\u0131:\r\nG\u00f6\u00e7 Vakitleri (2012), Ans\u0131z\u0131n Sonras\u0131 (2013), A\u015fk\u0131n Y\u00fczleri (2014), \u00d6teki Osmanl\u0131 (2015), \u00c7ay Molas\u0131 (2017), Zaman Irma\u011f\u0131 (2017), \u0130spanya Bahar\u0131 (2018), Avrupa And\u0131c\u0131 (2020), \u0130talya Yaz\u0131 (2021, Derin Kesi (2021), G\u00fcrcistan Notlar\u0131 (2021), Gidelim Buradan (2021), Balkan A\u00e7maz\u0131 (2021), Akif Yaz\u0131lar\u0131 (2021), Kahire G\u00fcnleri (2024), Yunanistan \u0130zlenimleri (2024), Londra Kitab\u0131 (2024), K\u0131br\u0131s\u2019\u0131n Kuzeyi (2025), Avrupa\u2019n\u0131n Ortas\u0131 (2025)\r\n"}],"_links":{"self":[{"href":"https:\/\/simurgedebiyat.com\/index.php\/wp-json\/wp\/v2\/posts\/2220","targetHints":{"allow":["GET"]}}],"collection":[{"href":"https:\/\/simurgedebiyat.com\/index.php\/wp-json\/wp\/v2\/posts"}],"about":[{"href":"https:\/\/simurgedebiyat.com\/index.php\/wp-json\/wp\/v2\/types\/post"}],"author":[{"embeddable":true,"href":"https:\/\/simurgedebiyat.com\/index.php\/wp-json\/wp\/v2\/users\/34"}],"replies":[{"embeddable":true,"href":"https:\/\/simurgedebiyat.com\/index.php\/wp-json\/wp\/v2\/comments?post=2220"}],"version-history":[{"count":1,"href":"https:\/\/simurgedebiyat.com\/index.php\/wp-json\/wp\/v2\/posts\/2220\/revisions"}],"predecessor-version":[{"id":2222,"href":"https:\/\/simurgedebiyat.com\/index.php\/wp-json\/wp\/v2\/posts\/2220\/revisions\/2222"}],"wp:featuredmedia":[{"embeddable":true,"href":"https:\/\/simurgedebiyat.com\/index.php\/wp-json\/wp\/v2\/media\/2221"}],"wp:attachment":[{"href":"https:\/\/simurgedebiyat.com\/index.php\/wp-json\/wp\/v2\/media?parent=2220"}],"wp:term":[{"taxonomy":"category","embeddable":true,"href":"https:\/\/simurgedebiyat.com\/index.php\/wp-json\/wp\/v2\/categories?post=2220"},{"taxonomy":"post_tag","embeddable":true,"href":"https:\/\/simurgedebiyat.com\/index.php\/wp-json\/wp\/v2\/tags?post=2220"},{"taxonomy":"author","embeddable":true,"href":"https:\/\/simurgedebiyat.com\/index.php\/wp-json\/wp\/v2\/ppma_author?post=2220"}],"curies":[{"name":"wp","href":"https:\/\/api.w.org\/{rel}","templated":true}]}}