{"id":2204,"date":"2025-09-01T17:26:59","date_gmt":"2025-09-01T14:26:59","guid":{"rendered":"https:\/\/simurgedebiyat.com\/?p=2204"},"modified":"2025-09-01T17:26:59","modified_gmt":"2025-09-01T14:26:59","slug":"teosun-sessiz-sarkisi","status":"publish","type":"post","link":"https:\/\/simurgedebiyat.com\/index.php\/2025\/09\/01\/teosun-sessiz-sarkisi\/","title":{"rendered":"Teos&#8217;un Sessiz \u015eark\u0131s\u0131"},"content":{"rendered":"<p>\u0130zmir\u2019in Seferihisar il\u00e7esine giden yol, insan\u0131 yaln\u0131zca bir k\u0131y\u0131 kasabas\u0131na de\u011fil, zaman\u0131n i\u00e7inden s\u00fcz\u00fcl\u00fcp gelen bir \u00f6yk\u00fcye de g\u00f6t\u00fcr\u00fcr. S\u0131\u011fac\u0131k\u2019\u0131n dar sokaklar\u0131n\u0131 geride b\u0131rak\u0131p, denizin tuzlu kokusu e\u015fli\u011finde biraz ilerledi\u011finizde, ta\u015flar\u0131n dile geldi\u011fi bir d\u00fcnyaya girersiniz: Teos Antik Kenti.<\/p>\n<p><strong>Sabah\u0131n \u0130lk Ad\u0131mlar\u0131<\/strong><\/p>\n<p>G\u00fcne\u015f hen\u00fcz y\u00fckselirken vard\u0131m Teos\u2019a. Zeytin a\u011fa\u00e7lar\u0131n\u0131n g\u00f6lgesinde, r\u00fczg\u00e2r\u0131n ta\u015f\u0131d\u0131\u011f\u0131 tuzlu deniz kokusuyla bulu\u015fan antik ta\u015flar sessizce kar\u015f\u0131l\u0131yordu beni. Kap\u0131dan ad\u0131m\u0131m\u0131 att\u0131\u011f\u0131mda, sanki zaman\u0131n \u00e7ark\u0131 geri d\u00f6nmeye ba\u015flad\u0131; binlerce y\u0131l \u00f6ncesine, \u015fairlerin, tiyatrocular\u0131n ve filozoflar\u0131n ad\u0131mlar\u0131n\u0131 duyabilece\u011fim bir \u00e7a\u011fa&#8230;<\/p>\n<p>Ta\u015flar\u0131n aras\u0131ndan ge\u00e7erken bir tiyatro beliriyor. Oturak ta\u015flar\u0131 art\u0131k yosun tutmu\u015f, ama hayal g\u00fcc\u00fcyle oray\u0131 doldurmak hi\u00e7 de zor de\u011fil. Belki bir g\u00fcn, sahnede Dionysos ad\u0131na d\u00fczenlenen \u015fenliklerde kadehler havaya kalkm\u0131\u015f, belki de bir ozan lirini \u00e7alm\u0131\u015ft\u0131. \u015eimdi yaln\u0131zca r\u00fczg\u00e2r\u0131n u\u011fultusu var, ama kulak kesilince h\u00e2l\u00e2 kahkahalar\u0131 ve alk\u0131\u015flar\u0131 duyar gibi oluyorsunuz.<\/p>\n<p><strong>Dionysos\u2019un Kenti<\/strong><\/p>\n<p>Teos\u2019un kalbi Dionysos i\u00e7in in\u015fa edilen o g\u00f6rkemli tap\u0131nakta atard\u0131. Hellenistik d\u00f6nemde Hermogenes\u2019in ellerinden y\u00fckselen tap\u0131nak, yaln\u0131zca bir ibadet yeri de\u011fil, ayn\u0131 zamanda sanat\u00e7\u0131lar\u0131n, ozanlar\u0131n ve tiyatrocular\u0131n bulu\u015fma noktas\u0131yd\u0131. \u201cDionysos Sanat\u00e7\u0131lar Birli\u011fi\u201d burada do\u011fmu\u015ftu. Yani Teos, sanat\u0131n kolektif ruhuna ev sahipli\u011fi yapm\u0131\u015f ender \u015fehirlerden biriydi.<\/p>\n<p>Tap\u0131na\u011f\u0131n s\u00fctunlar\u0131n\u0131n aras\u0131nda gezinirken, ta\u015flar\u0131n \u00fczerinde g\u00f6lgeler k\u0131p\u0131rdan\u0131yor gibiydi. Belki de Teos\u2019un sanat\u00e7\u0131 ruhu h\u00e2l\u00e2 orada dola\u015f\u0131yor; \u015fairlerin dizeleri, tiyatrocular\u0131n sahne heyecan\u0131, heykelt\u0131ra\u015flar\u0131n ta\u015fla verdi\u011fi m\u00fccadele h\u00e2l\u00e2 topra\u011f\u0131n alt\u0131ndan f\u0131s\u0131ld\u0131yordu.<\/p>\n<p><strong>Agora ve G\u00fcnl\u00fck Hayat<\/strong><\/p>\n<p>Kent meydan\u0131, yani Agora, Teos\u2019un toplumsal hayat\u0131n\u0131n kalbiydi. Ticaret burada yap\u0131l\u0131r, felsefi tart\u0131\u015fmalar burada yap\u0131l\u0131r, halk burada toplan\u0131rd\u0131. Bug\u00fcn yaln\u0131zca devrilmi\u015f ta\u015f bloklar, yar\u0131s\u0131 toprak alt\u0131nda kalm\u0131\u015f s\u00fctunlar g\u00f6r\u00fcn\u00fcyor. Ama g\u00f6zlerinizi kapat\u0131nca bir pazar yerinin kalabal\u0131\u011f\u0131n\u0131 duyabiliyorsunuz: Ege\u2019nin zeytinleri, zeytinya\u011f\u0131 amforalar\u0131 sat\u0131c\u0131lar\u0131, bal\u0131k\u00e7\u0131lar\u0131n avlar\u0131\u2026<\/p>\n<p>&nbsp;<\/p>\n<p>Yak\u0131nlarda yer alan Bouleuterion yani meclis binas\u0131, \u015fehrin politik nabz\u0131n\u0131n att\u0131\u011f\u0131 yerdi. Bug\u00fcn harabeler aras\u0131nda y\u00fcr\u00fcrken, insan ister istemez soruyor: \u201cBu ta\u015flar acaba hangi kararlar\u0131n tan\u0131\u011f\u0131 oldu, hangi tart\u0131\u015fmalar\u0131n, hangi fikirlerin yank\u0131s\u0131n\u0131 h\u00e2l\u00e2 sakl\u0131yor?\u201d<\/p>\n<p><strong>Direni\u015fin Hik\u00e2yesi<\/strong><\/p>\n<p>Teos yaln\u0131zca sanat\u0131n de\u011fil, direni\u015fin de \u015fehriydi. Pers istilalar\u0131, korsan sald\u0131r\u0131lar\u0131, Roma egemenli\u011fi&#8230; Tarih boyunca defalarca y\u0131k\u0131ld\u0131, ya\u011fmaland\u0131. Ama her defas\u0131nda yeniden aya\u011fa kalkt\u0131. Bir yaz\u0131t anlat\u0131yor: korsan sald\u0131r\u0131s\u0131na kar\u015f\u0131 halk \u00f6zg\u00fcrl\u00fc\u011f\u00fcn\u00fc koruyabilmek i\u00e7in mallar\u0131n\u0131n onda birini vermeyi kabul etmi\u015fti. Bir ta\u015f\u0131n \u00fczerinde yaz\u0131l\u0131 bu karar, kentin birlik ve direni\u015f ruhunun h\u00e2l\u00e2 ya\u015fayan bir belgesi.<\/p>\n<p><strong>Teos\u2019ta G\u00fcn Bat\u0131m\u0131<\/strong><\/p>\n<p>G\u00fcn\u00fcn sonunda g\u00fcne\u015f, Ege\u2019nin ufkuna do\u011fru inerken Teos bamba\u015fka bir h\u00e2le b\u00fcr\u00fcn\u00fcyor. S\u00fctunlar\u0131n aras\u0131nda dola\u015fan \u0131\u015f\u0131k huzmeleri, g\u00f6lgeleri uzat\u0131yor. Ku\u015f sesleri yerini hafif bir sessizli\u011fe b\u0131rak\u0131yor. Belki de Teos\u2019un b\u00fcy\u00fcs\u00fc en \u00e7ok bu vakitte hissediliyor: Ge\u00e7mi\u015fin g\u00f6lgeleri ile bug\u00fcn\u00fcn sessizli\u011fi birbirine kar\u0131\u015f\u0131yor.<\/p>\n<p>Ve o an anl\u0131yorsunuz; Teos yaln\u0131zca ta\u015f y\u0131\u011f\u0131nlar\u0131ndan ibaret de\u011fil. Buras\u0131 bir haf\u0131za mek\u00e2n\u0131. Sanat\u0131n, direni\u015fin, birlikteli\u011fin ve ya\u015fam sevincinin simgesi.<\/p>\n<p><strong>Ziyaret\u00e7ilere Not<\/strong><\/p>\n<p>E\u011fer yolunuz bir g\u00fcn S\u0131\u011fac\u0131k\u2019a d\u00fc\u015ferse, Teos\u2019u g\u00f6rmeden d\u00f6nmeyin. Agora\u2019da y\u00fcr\u00fcy\u00fcn, tiyatroya oturun, Dionysos Tap\u0131na\u011f\u0131\u2019n\u0131n s\u00fctunlar\u0131 aras\u0131nda biraz sessizce bekleyin. \u00c7\u00fcnk\u00fc Teos, size yaln\u0131zca tarih anlatmaz; ayn\u0131 zamanda kendi i\u00e7inizdeki sesi de duyurur<\/p>\n","protected":false},"excerpt":{"rendered":"<p>\u0130zmir\u2019in Seferihisar il\u00e7esine giden yol, insan\u0131 yaln\u0131zca bir k\u0131y\u0131 kasabas\u0131na de\u011fil, zaman\u0131n i\u00e7inden s\u00fcz\u00fcl\u00fcp gelen&#8230;<\/p>\n","protected":false},"author":36,"featured_media":2205,"comment_status":"open","ping_status":"open","sticky":false,"template":"","format":"standard","meta":{"_bbp_topic_count":0,"_bbp_reply_count":0,"_bbp_total_topic_count":0,"_bbp_total_reply_count":0,"_bbp_voice_count":0,"_bbp_anonymous_reply_count":0,"_bbp_topic_count_hidden":0,"_bbp_reply_count_hidden":0,"_bbp_forum_subforum_count":0,"om_disable_all_campaigns":false,"_uag_custom_page_level_css":"","ngg_post_thumbnail":0,"footnotes":""},"categories":[18],"tags":[],"ppma_author":[220],"class_list":["post-2204","post","type-post","status-publish","format-standard","has-post-thumbnail","hentry","category-gezi"],"yoast_head":"<!-- This site is optimized with the Yoast SEO plugin v24.9 - https:\/\/yoast.com\/wordpress\/plugins\/seo\/ -->\n<title>Teos&#039;un Sessiz \u015eark\u0131s\u0131 - simurgedebiyat.com<\/title>\n<meta name=\"robots\" content=\"index, follow, max-snippet:-1, max-image-preview:large, max-video-preview:-1\" \/>\n<link rel=\"canonical\" href=\"https:\/\/simurgedebiyat.com\/index.php\/2025\/09\/01\/teosun-sessiz-sarkisi\/\" \/>\n<meta property=\"og:locale\" content=\"tr_TR\" \/>\n<meta property=\"og:type\" content=\"article\" \/>\n<meta property=\"og:title\" content=\"Teos&#039;un Sessiz \u015eark\u0131s\u0131 - simurgedebiyat.com\" \/>\n<meta property=\"og:description\" content=\"\u0130zmir\u2019in Seferihisar il\u00e7esine giden yol, insan\u0131 yaln\u0131zca bir k\u0131y\u0131 kasabas\u0131na de\u011fil, zaman\u0131n i\u00e7inden s\u00fcz\u00fcl\u00fcp gelen...\" \/>\n<meta property=\"og:url\" content=\"https:\/\/simurgedebiyat.com\/index.php\/2025\/09\/01\/teosun-sessiz-sarkisi\/\" \/>\n<meta property=\"og:site_name\" content=\"simurgedebiyat.com\" \/>\n<meta property=\"article:published_time\" content=\"2025-09-01T14:26:59+00:00\" \/>\n<meta property=\"og:image\" content=\"https:\/\/simurgedebiyat.com\/wp-content\/uploads\/2025\/09\/Izmir.jpg\" \/>\n\t<meta property=\"og:image:width\" content=\"1204\" \/>\n\t<meta property=\"og:image:height\" content=\"1600\" \/>\n\t<meta property=\"og:image:type\" content=\"image\/jpeg\" \/>\n<meta name=\"author\" content=\"Sevin\u00e7 TERZ\u0130O\u011eLU\" \/>\n<meta name=\"twitter:card\" content=\"summary_large_image\" \/>\n<meta name=\"twitter:label1\" content=\"Yazan:\" \/>\n\t<meta name=\"twitter:data1\" content=\"Sevin\u00e7 TERZ\u0130O\u011eLU\" \/>\n\t<meta name=\"twitter:label2\" content=\"Tahmini okuma s\u00fcresi\" \/>\n\t<meta name=\"twitter:data2\" content=\"3 dakika\" \/>\n<script type=\"application\/ld+json\" class=\"yoast-schema-graph\">{\"@context\":\"https:\/\/schema.org\",\"@graph\":[{\"@type\":\"Article\",\"@id\":\"https:\/\/simurgedebiyat.com\/index.php\/2025\/09\/01\/teosun-sessiz-sarkisi\/#article\",\"isPartOf\":{\"@id\":\"https:\/\/simurgedebiyat.com\/index.php\/2025\/09\/01\/teosun-sessiz-sarkisi\/\"},\"author\":{\"name\":\"Sevin\u00e7 TERZ\u0130O\u011eLU\",\"@id\":\"https:\/\/simurgedebiyat.com\/#\/schema\/person\/a122aec975de9377cb33157a6df3cc20\"},\"headline\":\"Teos&#8217;un Sessiz \u015eark\u0131s\u0131\",\"datePublished\":\"2025-09-01T14:26:59+00:00\",\"mainEntityOfPage\":{\"@id\":\"https:\/\/simurgedebiyat.com\/index.php\/2025\/09\/01\/teosun-sessiz-sarkisi\/\"},\"wordCount\":725,\"commentCount\":0,\"publisher\":{\"@id\":\"https:\/\/simurgedebiyat.com\/#organization\"},\"image\":{\"@id\":\"https:\/\/simurgedebiyat.com\/index.php\/2025\/09\/01\/teosun-sessiz-sarkisi\/#primaryimage\"},\"thumbnailUrl\":\"https:\/\/simurgedebiyat.com\/wp-content\/uploads\/2025\/09\/Izmir.jpg\",\"articleSection\":[\"Gezi\"],\"inLanguage\":\"tr\",\"potentialAction\":[{\"@type\":\"CommentAction\",\"name\":\"Comment\",\"target\":[\"https:\/\/simurgedebiyat.com\/index.php\/2025\/09\/01\/teosun-sessiz-sarkisi\/#respond\"]}]},{\"@type\":\"WebPage\",\"@id\":\"https:\/\/simurgedebiyat.com\/index.php\/2025\/09\/01\/teosun-sessiz-sarkisi\/\",\"url\":\"https:\/\/simurgedebiyat.com\/index.php\/2025\/09\/01\/teosun-sessiz-sarkisi\/\",\"name\":\"Teos'un Sessiz \u015eark\u0131s\u0131 - simurgedebiyat.com\",\"isPartOf\":{\"@id\":\"https:\/\/simurgedebiyat.com\/#website\"},\"primaryImageOfPage\":{\"@id\":\"https:\/\/simurgedebiyat.com\/index.php\/2025\/09\/01\/teosun-sessiz-sarkisi\/#primaryimage\"},\"image\":{\"@id\":\"https:\/\/simurgedebiyat.com\/index.php\/2025\/09\/01\/teosun-sessiz-sarkisi\/#primaryimage\"},\"thumbnailUrl\":\"https:\/\/simurgedebiyat.com\/wp-content\/uploads\/2025\/09\/Izmir.jpg\",\"datePublished\":\"2025-09-01T14:26:59+00:00\",\"breadcrumb\":{\"@id\":\"https:\/\/simurgedebiyat.com\/index.php\/2025\/09\/01\/teosun-sessiz-sarkisi\/#breadcrumb\"},\"inLanguage\":\"tr\",\"potentialAction\":[{\"@type\":\"ReadAction\",\"target\":[\"https:\/\/simurgedebiyat.com\/index.php\/2025\/09\/01\/teosun-sessiz-sarkisi\/\"]}]},{\"@type\":\"ImageObject\",\"inLanguage\":\"tr\",\"@id\":\"https:\/\/simurgedebiyat.com\/index.php\/2025\/09\/01\/teosun-sessiz-sarkisi\/#primaryimage\",\"url\":\"https:\/\/simurgedebiyat.com\/wp-content\/uploads\/2025\/09\/Izmir.jpg\",\"contentUrl\":\"https:\/\/simurgedebiyat.com\/wp-content\/uploads\/2025\/09\/Izmir.jpg\",\"width\":1204,\"height\":1600},{\"@type\":\"BreadcrumbList\",\"@id\":\"https:\/\/simurgedebiyat.com\/index.php\/2025\/09\/01\/teosun-sessiz-sarkisi\/#breadcrumb\",\"itemListElement\":[{\"@type\":\"ListItem\",\"position\":1,\"name\":\"Anasayfa\",\"item\":\"https:\/\/simurgedebiyat.com\/\"},{\"@type\":\"ListItem\",\"position\":2,\"name\":\"Teos&#8217;un Sessiz \u015eark\u0131s\u0131\"}]},{\"@type\":\"WebSite\",\"@id\":\"https:\/\/simurgedebiyat.com\/#website\",\"url\":\"https:\/\/simurgedebiyat.com\/\",\"name\":\"simurgedebiyat.com\",\"description\":\"edebiyat&amp;K\u00fclt\u00fcr&amp;Sanat&amp;D\u00fc\u015f\u00fcnce \",\"publisher\":{\"@id\":\"https:\/\/simurgedebiyat.com\/#organization\"},\"potentialAction\":[{\"@type\":\"SearchAction\",\"target\":{\"@type\":\"EntryPoint\",\"urlTemplate\":\"https:\/\/simurgedebiyat.com\/?s={search_term_string}\"},\"query-input\":{\"@type\":\"PropertyValueSpecification\",\"valueRequired\":true,\"valueName\":\"search_term_string\"}}],\"inLanguage\":\"tr\"},{\"@type\":\"Organization\",\"@id\":\"https:\/\/simurgedebiyat.com\/#organization\",\"name\":\"simurgedebiyat.com\",\"url\":\"https:\/\/simurgedebiyat.com\/\",\"logo\":{\"@type\":\"ImageObject\",\"inLanguage\":\"tr\",\"@id\":\"https:\/\/simurgedebiyat.com\/#\/schema\/logo\/image\/\",\"url\":\"https:\/\/simurgedebiyat.com\/wp-content\/uploads\/2025\/11\/cropped-HHHHH-1.jpeg\",\"contentUrl\":\"https:\/\/simurgedebiyat.com\/wp-content\/uploads\/2025\/11\/cropped-HHHHH-1.jpeg\",\"width\":245,\"height\":205,\"caption\":\"simurgedebiyat.com\"},\"image\":{\"@id\":\"https:\/\/simurgedebiyat.com\/#\/schema\/logo\/image\/\"}},{\"@type\":\"Person\",\"@id\":\"https:\/\/simurgedebiyat.com\/#\/schema\/person\/a122aec975de9377cb33157a6df3cc20\",\"name\":\"Sevin\u00e7 TERZ\u0130O\u011eLU\",\"image\":{\"@type\":\"ImageObject\",\"inLanguage\":\"tr\",\"@id\":\"https:\/\/simurgedebiyat.com\/#\/schema\/person\/image\/23494c9101089ad44ae88ce9d2f56aac\",\"url\":\"https:\/\/secure.gravatar.com\/avatar\/?s=96&d=mm&r=g\",\"contentUrl\":\"https:\/\/secure.gravatar.com\/avatar\/?s=96&d=mm&r=g\",\"caption\":\"Sevin\u00e7 TERZ\u0130O\u011eLU\"},\"description\":\"1985 y\u0131l\u0131nda Ankara\u2019da do\u011fmu\u015ftur. Orta\u00f6\u011frenimini Atat\u00fcrk Anadolu Lisesi\u2019nde, lisans e\u011fitimini ise Hacettepe \u00dcniversitesi \u0130ngiliz Dilbilimi B\u00f6l\u00fcm\u00fc\u2019nde tamamlam\u0131\u015ft\u0131r. \u00c7e\u015fitli \u00f6zel kurumlarda \u0130ngilizce \u00f6\u011fretmeni olarak g\u00f6rev yapt\u0131ktan sonra, 2014 y\u0131l\u0131nda A\u011fr\u0131\u2019n\u0131n Patnos il\u00e7esinde bulunan Tanyeli K\u00f6y\u00fc \u0130lkokulu\u2019na atanarak 657 say\u0131l\u0131 Devlet Memurlar\u0131 Kanunu kapsam\u0131nda kamu hizmetine ba\u015flam\u0131\u015ft\u0131r. 2019-2020 e\u011fitim-\u00f6\u011fretim y\u0131l\u0131nda Ankara Akyurt \u0130l\u00e7e Mill\u00ee E\u011fitim M\u00fcd\u00fcrl\u00fc\u011f\u00fc Ar-Ge biriminde proje sorumlusu olarak g\u00f6rev yapm\u0131\u015f, ayn\u0131 d\u00f6nemde 2019-2023 Stratejik Plan Haz\u0131rlama Ekibi\u2019nde yer alm\u0131\u015ft\u0131r. \u00d6\u011fretmen Yeti\u015ftirme ve Geli\u015ftirme Genel M\u00fcd\u00fcrl\u00fc\u011f\u00fc taraf\u0131ndan d\u00fczenlenen s\u0131nav ve e\u011fitici e\u011fitim programlar\u0131na kat\u0131larak \u201cTeacher Mentor\u201d unvan\u0131n\u0131 alm\u0131\u015ft\u0131r. Meslek\u00ee kariyeri s\u00fcresince Talim ve Terbiye Kurulu Ba\u015fkanl\u0131\u011f\u0131 ile Avrupa Birli\u011fi ve D\u0131\u015f \u0130li\u015fkiler Genel M\u00fcd\u00fcrl\u00fc\u011f\u00fc gibi merkez te\u015fkilat\u0131 birimlerinde g\u00f6rev \u00fcstlenmi\u015ftir. Yenilik ve E\u011fitim Teknolojileri Genel M\u00fcd\u00fcrl\u00fc\u011f\u00fc, \u0130\u00e7erik Geli\u015ftirme ve Y\u00f6netimi Dairesi b\u00fcnyesinde bir y\u0131l\u0131 a\u015fk\u0131n s\u00fcre T\u00fcrk\u00e7e dersi i\u00e7in EBA platformuna y\u00f6nelik dijital i\u00e7erik \u00fcreten ekibin sorumlulu\u011funu y\u00fcr\u00fctm\u00fc\u015f; h\u00e2len ayn\u0131 dairede \u0130ngilizce dersi ekip sorumlusu olarak g\u00f6revini s\u00fcrd\u00fcrmektedir. Akademik \u00e7al\u0131\u015fmalar kapsam\u0131nda, Anadolu \u00dcniversitesi T\u00fcrk Dili ve Edebiyat\u0131 B\u00f6l\u00fcm\u00fc\u2019nde ikinci lisans e\u011fitimi devam etmekte olup, Ankara \u00dcniversitesi Atat\u00fcrk \u0130lkeleri ve \u0130nk\u0131lap Tarihi Enstit\u00fcs\u00fc\u2019nde doktora \u00f6\u011frenimi s\u00fcrmektedir.\",\"url\":\"https:\/\/simurgedebiyat.com\/index.php\/author\/sevinc-terzioglu\/\"}]}<\/script>\n<!-- \/ Yoast SEO plugin. -->","yoast_head_json":{"title":"Teos'un Sessiz \u015eark\u0131s\u0131 - simurgedebiyat.com","robots":{"index":"index","follow":"follow","max-snippet":"max-snippet:-1","max-image-preview":"max-image-preview:large","max-video-preview":"max-video-preview:-1"},"canonical":"https:\/\/simurgedebiyat.com\/index.php\/2025\/09\/01\/teosun-sessiz-sarkisi\/","og_locale":"tr_TR","og_type":"article","og_title":"Teos'un Sessiz \u015eark\u0131s\u0131 - simurgedebiyat.com","og_description":"\u0130zmir\u2019in Seferihisar il\u00e7esine giden yol, insan\u0131 yaln\u0131zca bir k\u0131y\u0131 kasabas\u0131na de\u011fil, zaman\u0131n i\u00e7inden s\u00fcz\u00fcl\u00fcp gelen...","og_url":"https:\/\/simurgedebiyat.com\/index.php\/2025\/09\/01\/teosun-sessiz-sarkisi\/","og_site_name":"simurgedebiyat.com","article_published_time":"2025-09-01T14:26:59+00:00","og_image":[{"width":1204,"height":1600,"url":"https:\/\/simurgedebiyat.com\/wp-content\/uploads\/2025\/09\/Izmir.jpg","type":"image\/jpeg"}],"author":"Sevin\u00e7 TERZ\u0130O\u011eLU","twitter_card":"summary_large_image","twitter_misc":{"Yazan:":"Sevin\u00e7 TERZ\u0130O\u011eLU","Tahmini okuma s\u00fcresi":"3 dakika"},"schema":{"@context":"https:\/\/schema.org","@graph":[{"@type":"Article","@id":"https:\/\/simurgedebiyat.com\/index.php\/2025\/09\/01\/teosun-sessiz-sarkisi\/#article","isPartOf":{"@id":"https:\/\/simurgedebiyat.com\/index.php\/2025\/09\/01\/teosun-sessiz-sarkisi\/"},"author":{"name":"Sevin\u00e7 TERZ\u0130O\u011eLU","@id":"https:\/\/simurgedebiyat.com\/#\/schema\/person\/a122aec975de9377cb33157a6df3cc20"},"headline":"Teos&#8217;un Sessiz \u015eark\u0131s\u0131","datePublished":"2025-09-01T14:26:59+00:00","mainEntityOfPage":{"@id":"https:\/\/simurgedebiyat.com\/index.php\/2025\/09\/01\/teosun-sessiz-sarkisi\/"},"wordCount":725,"commentCount":0,"publisher":{"@id":"https:\/\/simurgedebiyat.com\/#organization"},"image":{"@id":"https:\/\/simurgedebiyat.com\/index.php\/2025\/09\/01\/teosun-sessiz-sarkisi\/#primaryimage"},"thumbnailUrl":"https:\/\/simurgedebiyat.com\/wp-content\/uploads\/2025\/09\/Izmir.jpg","articleSection":["Gezi"],"inLanguage":"tr","potentialAction":[{"@type":"CommentAction","name":"Comment","target":["https:\/\/simurgedebiyat.com\/index.php\/2025\/09\/01\/teosun-sessiz-sarkisi\/#respond"]}]},{"@type":"WebPage","@id":"https:\/\/simurgedebiyat.com\/index.php\/2025\/09\/01\/teosun-sessiz-sarkisi\/","url":"https:\/\/simurgedebiyat.com\/index.php\/2025\/09\/01\/teosun-sessiz-sarkisi\/","name":"Teos'un Sessiz \u015eark\u0131s\u0131 - simurgedebiyat.com","isPartOf":{"@id":"https:\/\/simurgedebiyat.com\/#website"},"primaryImageOfPage":{"@id":"https:\/\/simurgedebiyat.com\/index.php\/2025\/09\/01\/teosun-sessiz-sarkisi\/#primaryimage"},"image":{"@id":"https:\/\/simurgedebiyat.com\/index.php\/2025\/09\/01\/teosun-sessiz-sarkisi\/#primaryimage"},"thumbnailUrl":"https:\/\/simurgedebiyat.com\/wp-content\/uploads\/2025\/09\/Izmir.jpg","datePublished":"2025-09-01T14:26:59+00:00","breadcrumb":{"@id":"https:\/\/simurgedebiyat.com\/index.php\/2025\/09\/01\/teosun-sessiz-sarkisi\/#breadcrumb"},"inLanguage":"tr","potentialAction":[{"@type":"ReadAction","target":["https:\/\/simurgedebiyat.com\/index.php\/2025\/09\/01\/teosun-sessiz-sarkisi\/"]}]},{"@type":"ImageObject","inLanguage":"tr","@id":"https:\/\/simurgedebiyat.com\/index.php\/2025\/09\/01\/teosun-sessiz-sarkisi\/#primaryimage","url":"https:\/\/simurgedebiyat.com\/wp-content\/uploads\/2025\/09\/Izmir.jpg","contentUrl":"https:\/\/simurgedebiyat.com\/wp-content\/uploads\/2025\/09\/Izmir.jpg","width":1204,"height":1600},{"@type":"BreadcrumbList","@id":"https:\/\/simurgedebiyat.com\/index.php\/2025\/09\/01\/teosun-sessiz-sarkisi\/#breadcrumb","itemListElement":[{"@type":"ListItem","position":1,"name":"Anasayfa","item":"https:\/\/simurgedebiyat.com\/"},{"@type":"ListItem","position":2,"name":"Teos&#8217;un Sessiz \u015eark\u0131s\u0131"}]},{"@type":"WebSite","@id":"https:\/\/simurgedebiyat.com\/#website","url":"https:\/\/simurgedebiyat.com\/","name":"simurgedebiyat.com","description":"edebiyat&amp;K\u00fclt\u00fcr&amp;Sanat&amp;D\u00fc\u015f\u00fcnce ","publisher":{"@id":"https:\/\/simurgedebiyat.com\/#organization"},"potentialAction":[{"@type":"SearchAction","target":{"@type":"EntryPoint","urlTemplate":"https:\/\/simurgedebiyat.com\/?s={search_term_string}"},"query-input":{"@type":"PropertyValueSpecification","valueRequired":true,"valueName":"search_term_string"}}],"inLanguage":"tr"},{"@type":"Organization","@id":"https:\/\/simurgedebiyat.com\/#organization","name":"simurgedebiyat.com","url":"https:\/\/simurgedebiyat.com\/","logo":{"@type":"ImageObject","inLanguage":"tr","@id":"https:\/\/simurgedebiyat.com\/#\/schema\/logo\/image\/","url":"https:\/\/simurgedebiyat.com\/wp-content\/uploads\/2025\/11\/cropped-HHHHH-1.jpeg","contentUrl":"https:\/\/simurgedebiyat.com\/wp-content\/uploads\/2025\/11\/cropped-HHHHH-1.jpeg","width":245,"height":205,"caption":"simurgedebiyat.com"},"image":{"@id":"https:\/\/simurgedebiyat.com\/#\/schema\/logo\/image\/"}},{"@type":"Person","@id":"https:\/\/simurgedebiyat.com\/#\/schema\/person\/a122aec975de9377cb33157a6df3cc20","name":"Sevin\u00e7 TERZ\u0130O\u011eLU","image":{"@type":"ImageObject","inLanguage":"tr","@id":"https:\/\/simurgedebiyat.com\/#\/schema\/person\/image\/23494c9101089ad44ae88ce9d2f56aac","url":"https:\/\/secure.gravatar.com\/avatar\/?s=96&d=mm&r=g","contentUrl":"https:\/\/secure.gravatar.com\/avatar\/?s=96&d=mm&r=g","caption":"Sevin\u00e7 TERZ\u0130O\u011eLU"},"description":"1985 y\u0131l\u0131nda Ankara\u2019da do\u011fmu\u015ftur. Orta\u00f6\u011frenimini Atat\u00fcrk Anadolu Lisesi\u2019nde, lisans e\u011fitimini ise Hacettepe \u00dcniversitesi \u0130ngiliz Dilbilimi B\u00f6l\u00fcm\u00fc\u2019nde tamamlam\u0131\u015ft\u0131r. \u00c7e\u015fitli \u00f6zel kurumlarda \u0130ngilizce \u00f6\u011fretmeni olarak g\u00f6rev yapt\u0131ktan sonra, 2014 y\u0131l\u0131nda A\u011fr\u0131\u2019n\u0131n Patnos il\u00e7esinde bulunan Tanyeli K\u00f6y\u00fc \u0130lkokulu\u2019na atanarak 657 say\u0131l\u0131 Devlet Memurlar\u0131 Kanunu kapsam\u0131nda kamu hizmetine ba\u015flam\u0131\u015ft\u0131r. 2019-2020 e\u011fitim-\u00f6\u011fretim y\u0131l\u0131nda Ankara Akyurt \u0130l\u00e7e Mill\u00ee E\u011fitim M\u00fcd\u00fcrl\u00fc\u011f\u00fc Ar-Ge biriminde proje sorumlusu olarak g\u00f6rev yapm\u0131\u015f, ayn\u0131 d\u00f6nemde 2019-2023 Stratejik Plan Haz\u0131rlama Ekibi\u2019nde yer alm\u0131\u015ft\u0131r. \u00d6\u011fretmen Yeti\u015ftirme ve Geli\u015ftirme Genel M\u00fcd\u00fcrl\u00fc\u011f\u00fc taraf\u0131ndan d\u00fczenlenen s\u0131nav ve e\u011fitici e\u011fitim programlar\u0131na kat\u0131larak \u201cTeacher Mentor\u201d unvan\u0131n\u0131 alm\u0131\u015ft\u0131r. Meslek\u00ee kariyeri s\u00fcresince Talim ve Terbiye Kurulu Ba\u015fkanl\u0131\u011f\u0131 ile Avrupa Birli\u011fi ve D\u0131\u015f \u0130li\u015fkiler Genel M\u00fcd\u00fcrl\u00fc\u011f\u00fc gibi merkez te\u015fkilat\u0131 birimlerinde g\u00f6rev \u00fcstlenmi\u015ftir. Yenilik ve E\u011fitim Teknolojileri Genel M\u00fcd\u00fcrl\u00fc\u011f\u00fc, \u0130\u00e7erik Geli\u015ftirme ve Y\u00f6netimi Dairesi b\u00fcnyesinde bir y\u0131l\u0131 a\u015fk\u0131n s\u00fcre T\u00fcrk\u00e7e dersi i\u00e7in EBA platformuna y\u00f6nelik dijital i\u00e7erik \u00fcreten ekibin sorumlulu\u011funu y\u00fcr\u00fctm\u00fc\u015f; h\u00e2len ayn\u0131 dairede \u0130ngilizce dersi ekip sorumlusu olarak g\u00f6revini s\u00fcrd\u00fcrmektedir. Akademik \u00e7al\u0131\u015fmalar kapsam\u0131nda, Anadolu \u00dcniversitesi T\u00fcrk Dili ve Edebiyat\u0131 B\u00f6l\u00fcm\u00fc\u2019nde ikinci lisans e\u011fitimi devam etmekte olup, Ankara \u00dcniversitesi Atat\u00fcrk \u0130lkeleri ve \u0130nk\u0131lap Tarihi Enstit\u00fcs\u00fc\u2019nde doktora \u00f6\u011frenimi s\u00fcrmektedir.","url":"https:\/\/simurgedebiyat.com\/index.php\/author\/sevinc-terzioglu\/"}]}},"featured_image_urls":{"full":["https:\/\/simurgedebiyat.com\/wp-content\/uploads\/2025\/09\/Izmir.jpg",1204,1600,false],"thumbnail":["https:\/\/simurgedebiyat.com\/wp-content\/uploads\/2025\/09\/Izmir-150x150.jpg",150,150,true],"medium":["https:\/\/simurgedebiyat.com\/wp-content\/uploads\/2025\/09\/Izmir-226x300.jpg",226,300,true],"medium_large":["https:\/\/simurgedebiyat.com\/wp-content\/uploads\/2025\/09\/Izmir-768x1021.jpg",640,851,true],"large":["https:\/\/simurgedebiyat.com\/wp-content\/uploads\/2025\/09\/Izmir-771x1024.jpg",640,850,true],"1536x1536":["https:\/\/simurgedebiyat.com\/wp-content\/uploads\/2025\/09\/Izmir-1156x1536.jpg",1156,1536,true],"2048x2048":["https:\/\/simurgedebiyat.com\/wp-content\/uploads\/2025\/09\/Izmir.jpg",1204,1600,false],"covernews-slider-full":["https:\/\/simurgedebiyat.com\/wp-content\/uploads\/2025\/09\/Izmir-1115x715.jpg",1115,715,true],"covernews-slider-center":["https:\/\/simurgedebiyat.com\/wp-content\/uploads\/2025\/09\/Izmir-800x500.jpg",800,500,true],"covernews-featured":["https:\/\/simurgedebiyat.com\/wp-content\/uploads\/2025\/09\/Izmir-1024x1361.jpg",1024,1361,true],"covernews-medium":["https:\/\/simurgedebiyat.com\/wp-content\/uploads\/2025\/09\/Izmir-540x340.jpg",540,340,true],"covernews-medium-square":["https:\/\/simurgedebiyat.com\/wp-content\/uploads\/2025\/09\/Izmir-400x250.jpg",400,250,true],"sow-carousel-default":["https:\/\/simurgedebiyat.com\/wp-content\/uploads\/2025\/09\/Izmir-272x182.jpg",272,182,true],"sow-blog-portfolio":["https:\/\/simurgedebiyat.com\/wp-content\/uploads\/2025\/09\/Izmir-375x375.jpg",375,375,true],"sow-blog-grid":["https:\/\/simurgedebiyat.com\/wp-content\/uploads\/2025\/09\/Izmir-720x480.jpg",720,480,true],"sow-blog-alternate":["https:\/\/simurgedebiyat.com\/wp-content\/uploads\/2025\/09\/Izmir-950x630.jpg",950,630,true],"sow-recent-post":["https:\/\/simurgedebiyat.com\/wp-content\/uploads\/2025\/09\/Izmir-216x216.jpg",216,216,true]},"author_info":{"display_name":"Sevin\u00e7 TERZ\u0130O\u011eLU","author_link":"https:\/\/simurgedebiyat.com\/index.php\/author\/sevinc-terzioglu\/"},"category_info":"<a href=\"https:\/\/simurgedebiyat.com\/index.php\/category\/gezi\/\" rel=\"category tag\">Gezi<\/a>","tag_info":"Gezi","comment_count":"0","jetpack_featured_media_url":"https:\/\/simurgedebiyat.com\/wp-content\/uploads\/2025\/09\/Izmir.jpg","uagb_featured_image_src":{"full":["https:\/\/simurgedebiyat.com\/wp-content\/uploads\/2025\/09\/Izmir.jpg",1204,1600,false],"thumbnail":["https:\/\/simurgedebiyat.com\/wp-content\/uploads\/2025\/09\/Izmir-150x150.jpg",150,150,true],"medium":["https:\/\/simurgedebiyat.com\/wp-content\/uploads\/2025\/09\/Izmir-226x300.jpg",226,300,true],"medium_large":["https:\/\/simurgedebiyat.com\/wp-content\/uploads\/2025\/09\/Izmir-768x1021.jpg",640,851,true],"large":["https:\/\/simurgedebiyat.com\/wp-content\/uploads\/2025\/09\/Izmir-771x1024.jpg",640,850,true],"1536x1536":["https:\/\/simurgedebiyat.com\/wp-content\/uploads\/2025\/09\/Izmir-1156x1536.jpg",1156,1536,true],"2048x2048":["https:\/\/simurgedebiyat.com\/wp-content\/uploads\/2025\/09\/Izmir.jpg",1204,1600,false],"covernews-slider-full":["https:\/\/simurgedebiyat.com\/wp-content\/uploads\/2025\/09\/Izmir-1115x715.jpg",1115,715,true],"covernews-slider-center":["https:\/\/simurgedebiyat.com\/wp-content\/uploads\/2025\/09\/Izmir-800x500.jpg",800,500,true],"covernews-featured":["https:\/\/simurgedebiyat.com\/wp-content\/uploads\/2025\/09\/Izmir-1024x1361.jpg",1024,1361,true],"covernews-medium":["https:\/\/simurgedebiyat.com\/wp-content\/uploads\/2025\/09\/Izmir-540x340.jpg",540,340,true],"covernews-medium-square":["https:\/\/simurgedebiyat.com\/wp-content\/uploads\/2025\/09\/Izmir-400x250.jpg",400,250,true],"sow-carousel-default":["https:\/\/simurgedebiyat.com\/wp-content\/uploads\/2025\/09\/Izmir-272x182.jpg",272,182,true],"sow-blog-portfolio":["https:\/\/simurgedebiyat.com\/wp-content\/uploads\/2025\/09\/Izmir-375x375.jpg",375,375,true],"sow-blog-grid":["https:\/\/simurgedebiyat.com\/wp-content\/uploads\/2025\/09\/Izmir-720x480.jpg",720,480,true],"sow-blog-alternate":["https:\/\/simurgedebiyat.com\/wp-content\/uploads\/2025\/09\/Izmir-950x630.jpg",950,630,true],"sow-recent-post":["https:\/\/simurgedebiyat.com\/wp-content\/uploads\/2025\/09\/Izmir-216x216.jpg",216,216,true]},"uagb_author_info":{"display_name":"Sevin\u00e7 TERZ\u0130O\u011eLU","author_link":"https:\/\/simurgedebiyat.com\/index.php\/author\/sevinc-terzioglu\/"},"uagb_comment_info":0,"uagb_excerpt":"\u0130zmir\u2019in Seferihisar il\u00e7esine giden yol, insan\u0131 yaln\u0131zca bir k\u0131y\u0131 kasabas\u0131na de\u011fil, zaman\u0131n i\u00e7inden s\u00fcz\u00fcl\u00fcp gelen...","authors":[{"term_id":220,"user_id":36,"is_guest":0,"slug":"sevinc-terzioglu","display_name":"Sevin\u00e7 TERZ\u0130O\u011eLU","avatar_url":{"url":"https:\/\/simurgedebiyat.com\/wp-content\/uploads\/2025\/09\/sevinc-Hanimimmm.jpg","url2x":"https:\/\/simurgedebiyat.com\/wp-content\/uploads\/2025\/09\/sevinc-Hanimimmm.jpg"},"first_name":"","last_name":"","user_url":"","job_title":"","description":"1985 y\u0131l\u0131nda Ankara\u2019da do\u011fmu\u015ftur. Orta\u00f6\u011frenimini Atat\u00fcrk Anadolu Lisesi\u2019nde, lisans e\u011fitimini ise Hacettepe \u00dcniversitesi \u0130ngiliz Dilbilimi B\u00f6l\u00fcm\u00fc\u2019nde tamamlam\u0131\u015ft\u0131r. \u00c7e\u015fitli \u00f6zel kurumlarda \u0130ngilizce \u00f6\u011fretmeni olarak g\u00f6rev yapt\u0131ktan sonra, 2014 y\u0131l\u0131nda A\u011fr\u0131\u2019n\u0131n Patnos il\u00e7esinde bulunan Tanyeli K\u00f6y\u00fc \u0130lkokulu\u2019na atanarak 657 say\u0131l\u0131 Devlet Memurlar\u0131 Kanunu kapsam\u0131nda kamu hizmetine ba\u015flam\u0131\u015ft\u0131r.\r\n2019-2020 e\u011fitim-\u00f6\u011fretim y\u0131l\u0131nda Ankara Akyurt \u0130l\u00e7e Mill\u00ee E\u011fitim M\u00fcd\u00fcrl\u00fc\u011f\u00fc Ar-Ge biriminde proje sorumlusu olarak g\u00f6rev yapm\u0131\u015f, ayn\u0131 d\u00f6nemde 2019-2023 Stratejik Plan Haz\u0131rlama Ekibi\u2019nde yer alm\u0131\u015ft\u0131r. \u00d6\u011fretmen Yeti\u015ftirme ve Geli\u015ftirme Genel M\u00fcd\u00fcrl\u00fc\u011f\u00fc taraf\u0131ndan d\u00fczenlenen s\u0131nav ve e\u011fitici e\u011fitim programlar\u0131na kat\u0131larak \u201cTeacher Mentor\u201d unvan\u0131n\u0131 alm\u0131\u015ft\u0131r.\r\nMeslek\u00ee kariyeri s\u00fcresince Talim ve Terbiye Kurulu Ba\u015fkanl\u0131\u011f\u0131 ile Avrupa Birli\u011fi ve D\u0131\u015f \u0130li\u015fkiler Genel M\u00fcd\u00fcrl\u00fc\u011f\u00fc gibi merkez te\u015fkilat\u0131 birimlerinde g\u00f6rev \u00fcstlenmi\u015ftir. Yenilik ve E\u011fitim Teknolojileri Genel M\u00fcd\u00fcrl\u00fc\u011f\u00fc, \u0130\u00e7erik Geli\u015ftirme ve Y\u00f6netimi Dairesi b\u00fcnyesinde bir y\u0131l\u0131 a\u015fk\u0131n s\u00fcre T\u00fcrk\u00e7e dersi i\u00e7in EBA platformuna y\u00f6nelik dijital i\u00e7erik \u00fcreten ekibin sorumlulu\u011funu y\u00fcr\u00fctm\u00fc\u015f; h\u00e2len ayn\u0131 dairede \u0130ngilizce dersi ekip sorumlusu olarak g\u00f6revini s\u00fcrd\u00fcrmektedir.\r\nAkademik \u00e7al\u0131\u015fmalar kapsam\u0131nda, Anadolu \u00dcniversitesi T\u00fcrk Dili ve Edebiyat\u0131 B\u00f6l\u00fcm\u00fc\u2019nde ikinci lisans e\u011fitimi devam etmekte olup, Ankara \u00dcniversitesi Atat\u00fcrk \u0130lkeleri ve \u0130nk\u0131lap Tarihi Enstit\u00fcs\u00fc\u2019nde doktora \u00f6\u011frenimi s\u00fcrmektedir.\r\n"}],"_links":{"self":[{"href":"https:\/\/simurgedebiyat.com\/index.php\/wp-json\/wp\/v2\/posts\/2204","targetHints":{"allow":["GET"]}}],"collection":[{"href":"https:\/\/simurgedebiyat.com\/index.php\/wp-json\/wp\/v2\/posts"}],"about":[{"href":"https:\/\/simurgedebiyat.com\/index.php\/wp-json\/wp\/v2\/types\/post"}],"author":[{"embeddable":true,"href":"https:\/\/simurgedebiyat.com\/index.php\/wp-json\/wp\/v2\/users\/36"}],"replies":[{"embeddable":true,"href":"https:\/\/simurgedebiyat.com\/index.php\/wp-json\/wp\/v2\/comments?post=2204"}],"version-history":[{"count":1,"href":"https:\/\/simurgedebiyat.com\/index.php\/wp-json\/wp\/v2\/posts\/2204\/revisions"}],"predecessor-version":[{"id":2206,"href":"https:\/\/simurgedebiyat.com\/index.php\/wp-json\/wp\/v2\/posts\/2204\/revisions\/2206"}],"wp:featuredmedia":[{"embeddable":true,"href":"https:\/\/simurgedebiyat.com\/index.php\/wp-json\/wp\/v2\/media\/2205"}],"wp:attachment":[{"href":"https:\/\/simurgedebiyat.com\/index.php\/wp-json\/wp\/v2\/media?parent=2204"}],"wp:term":[{"taxonomy":"category","embeddable":true,"href":"https:\/\/simurgedebiyat.com\/index.php\/wp-json\/wp\/v2\/categories?post=2204"},{"taxonomy":"post_tag","embeddable":true,"href":"https:\/\/simurgedebiyat.com\/index.php\/wp-json\/wp\/v2\/tags?post=2204"},{"taxonomy":"author","embeddable":true,"href":"https:\/\/simurgedebiyat.com\/index.php\/wp-json\/wp\/v2\/ppma_author?post=2204"}],"curies":[{"name":"wp","href":"https:\/\/api.w.org\/{rel}","templated":true}]}}