{"id":2194,"date":"2025-09-01T16:00:08","date_gmt":"2025-09-01T13:00:08","guid":{"rendered":"https:\/\/simurgedebiyat.com\/?p=2194"},"modified":"2025-09-05T14:27:52","modified_gmt":"2025-09-05T11:27:52","slug":"turk-dunyasinin-sesi-turan-ethno-folk-muzik-grubu-amasya-suluovada-costu","status":"publish","type":"post","link":"https:\/\/simurgedebiyat.com\/index.php\/2025\/09\/01\/turk-dunyasinin-sesi-turan-ethno-folk-muzik-grubu-amasya-suluovada-costu\/","title":{"rendered":"T\u00fcrk D\u00fcnyas\u0131&#8217;n\u0131n Sesi Turan Ethno-Folk M\u00fczik Grubu Amasya Suluova\u2019da Co\u015ftu"},"content":{"rendered":"<p>T\u00fcrk D\u00fcnyas\u0131n\u0131n sesi olan b\u00f6yle bir m\u00fczik grubu hakk\u0131nda ne yaz\u0131k ki yak\u0131n zamana kadar bilgim yoktu. Amasya\u2019n\u0131n Suluova il\u00e7esinde a\u00e7\u0131k hava konseri vereceklerini bas\u0131ndan duyunca bizde bir ilgi uyand\u0131rd\u0131. Grup hakk\u0131nda sosyal medyadan biraz ara\u015ft\u0131rma yap\u0131nca ilgimiz daha da \u00e7o\u011fald\u0131. Ankara\u2019dan ailece Suluova\u2019ya gitmeye karar verdik.<\/p>\n<p>Amasya Valili\u011fi, Suluova Belediye Ba\u015fkanl\u0131\u011f\u0131 ve \u00f6zellikle de Prof. Dr. \u0130lyas Topsakal\u2019\u0131n te\u015fvik ve himayelerinde <strong><em>Suluova Demokrasi Meydan\u0131<\/em><\/strong>\u2019nda s\u0131cak bir A\u011fustos ak\u015fam\u0131nda geceye do\u011fru sarkan tatl\u0131 esen Karadeniz yelleri alt\u0131nda muhte\u015fem Orta Asya m\u00fczik r\u00fczg\u00e2r\u0131 esti. On binleri bulan kalabal\u0131k halk yo\u011funlu\u011funa milli ve manevi y\u00f6n\u00fc y\u00fcksek bir m\u00fczik \u015f\u00f6leni verildi. Hakikaten m\u00fczi\u011fin evrenselli\u011fi ve farkl\u0131 enstr\u00fcmanlar\u0131n her biri birbirinden yetenekli be\u015f muhte\u015fem sanat\u00e7\u0131n\u0131n performans\u0131 takdire \u015fayand\u0131. Seyirciler ilk ba\u015fta Kazak\u00e7a s\u00f6ylenilen ezgileri pek anlamasa da zamanla m\u00fczi\u011fin \u00f6zellikle sanat\u00e7\u0131lar\u0131n ola\u011fan\u00fcst\u00fc yetenekleri izleyicilerin meydan da saatlerce ayakta alk\u0131\u015flar e\u015fli\u011finde ayr\u0131lmamas\u0131na neden oldu.<\/p>\n<p>Hatta ilk ba\u015fta yan\u0131m\u0131zda bulunan ya\u015f\u0131 kemale ermi\u015f bir k\u0131s\u0131m insan\u0131n\u2019 Bu ne bi\u00e7im ses, insan gece uykusunda bundan korkar\u2019 \u015feklinde yar\u0131 ciddi yar\u0131 \u015faka konu\u015fmalar\u0131 zamanla; \u2018 Aman Yarabbi! Bu ne muhte\u015fem m\u00fczik, sanki Orta Asya bozk\u0131rlar\u0131 g\u00f6z\u00fcm\u00fcz\u00fcn \u00f6n\u00fcnde canlan\u0131yor, hele \u00e7\u0131kan seslere bak\u0131n\u0131z, Kurt, bozk\u0131r\u0131n \u00e7\u0131\u011fl\u0131\u011f\u0131, r\u00fczg\u00e2r, her t\u00fcrl\u00fc tabiat sesi adamlar a\u011f\u0131zlar\u0131yla ve enstr\u00fcmanlarla her t\u00fcrl\u00fc sesi \u00e7\u0131kar\u0131yor. \u0130yi ki gelip, bekleyip dinlemi\u015fiz\u2019 dediler.<\/p>\n<p>Biz de ayn\u0131 \u015fekilde; \u2018Ankara\u2019dan iyi ki km\u2019lere yoldan gelmi\u015fiz. Ger\u00e7ekten geldi\u011fimize de\u011fdi\u2019. A\u011fustos ay\u0131n\u0131n g\u00fcnd\u00fcz s\u0131ca\u011f\u0131ndan sonra bu gecenin mehtapl\u0131 serinli\u011finde Orta Asya bozk\u0131rlar\u0131n, Altay da\u011flar\u0131n\u0131n, Atayurt\u2019umuzun \u00f6zlemini, huzurunu hissettik. Manal\u0131 \u015fark\u0131larla derinlere dald\u0131k, duygu atmosferimiz geni\u015fledik\u00e7e geni\u015fledi. Felekten \u00e7ok g\u00fczel bir gece \u00e7ald\u0131k. \u0130sterdik \u00e7i gece hi\u00e7 bitmesin uzas\u0131nda uzas\u0131n t\u0131pk\u0131 Orta Asya\u2019n\u0131n sonsuz bozk\u0131rlar\u0131 ve hasret kokan \u00e7\u0131\u011fl\u0131\u011f\u0131 gibi.<\/p>\n<p>Oturduk ve ba\u015flad\u0131k bu m\u00fczik grubunu ara\u015ft\u0131rmaya; bu ara\u015ft\u0131rmam\u0131z sonucunda \u015fu hu\u015fulara rastlad\u0131k. Bu bilgileri sizinle payla\u015fmak isteriz. Turan Ensemble (Er Turan veya Turan Etno Folk Band olarak da bilinir), 2008 y\u0131l\u0131nda Kurmangaz\u0131 ad\u0131nda birka\u00e7 Kazak Ulusal Konservatuvar\u0131 \u00f6\u011frencisi taraf\u0131ndan olu\u015fturulan bir Kazak halk m\u00fczi\u011fi grubudur.<\/p>\n<p>Turan toplulu\u011fu be\u015f \u00fcyeden olu\u015fan bir gruptur: grubun bo\u011faz \u015fark\u0131c\u0131s\u0131 Abzal Ar\u0131kbay, Maksat Medevbek, Bav\u0131rcan Bekmuhanbet, Serik Nurmolda, Erjigit Ali.<\/p>\n<p>&nbsp; Dombra, jetigen, kob\u0131z, s\u0131b\u0131zg\u0131, \u015ferter, \u015fankob\u0131z t\u00fcr\u00fc genellikle k\u00fclt\u00fcre \u00f6zg\u00fc halk enstr\u00fcmanlar\u0131 \u00e7almaktad\u0131rlar. Performanslar\u0131nda Turan toplulu\u011fu, eski T\u00fcrk ge\u00e7mi\u015fleriyle ba\u011flant\u0131 kurmak i\u00e7in genellikle geleneksel Kazak giyimleri giyiyorlar. Kazak Halk M\u00fczik Enstr\u00fcmanlar\u0131 M\u00fczesi esin kayna\u011f\u0131 olmu\u015f olan Turan toplulu\u011fu bu geleneksel Kazak m\u00fczik aletleri kullanarak yeni model halk m\u00fczi\u011fi i\u00e7in yeni yollar ar\u0131yorlar. Asl\u0131nda Turan s\u00f6zc\u00fc\u011f\u00fc genel anlamda; T\u00fcrklerin (veya T\u00fcrk ya da T\u00fcrk halk\u0131n\u0131n) mek\u00e2n tuttu\u011fu \u00fclke anlam\u0131nda kullan\u0131la gelmi\u015ftir.<\/p>\n<p>&nbsp;&nbsp;&nbsp;&nbsp;&nbsp;&nbsp;&nbsp; Bu m\u00fczik grubunun kulland\u0131\u011f\u0131 enstr\u00fcmanlar ger\u00e7ekten muhte\u015fem sesler \u00e7\u0131karan aletlerdir. Bu aletler hakk\u0131nda k\u0131sa bilgi vermekte de san\u0131r\u0131m fayda vard\u0131r.<\/p>\n<p><strong><u>Dombra<\/u><\/strong>: Kazak\u00e7a: \u0434\u043e\u043c\u0431\u044b\u0440\u0430, uzun boyunlu ve telli T\u00fcrk \u00e7alg\u0131s\u0131d\u0131r. Kazakistan, \u00d6zbekistan, K\u0131rg\u0131zistan gibi Orta Asya \u00fclkelerinde yayg\u0131n olarak kullan\u0131lmaktad\u0131r.<\/p>\n<p>T\u00fcrklerin ortak m\u00fczik aleti olarak kabul edilir. Nogay T\u00fcrklerinin k\u00fclt\u00fcr\u00fcnde de \u00f6nemli bir yer tutmaktad\u0131r. Dombra&#8217;n\u0131n Kazakistan k\u00fclt\u00fcr\u00fcndeki \u00f6neminden dolay\u0131 2018&#8217;den itibaren resmi olarak Mill\u00ee Dombra G\u00fcn\u00fc kutlanmaya ba\u015fland\u0131. Mill\u00ee Dombra G\u00fcn\u00fc temmuz ay\u0131n\u0131n ilk pazar g\u00fcn\u00fc kutlanmaktad\u0131r.<\/p>\n<p><strong><u>A\u011f\u0131z kopuzu<\/u><\/strong>: Rezonansla (t\u0131nla\u015f\u0131m) \u00e7al\u0131nan bir m\u00fczik aletidir, \u00e7\u0131k\u0131\u015f yeri Asya olan, Orta \u00c7a\u011fdan g\u00fcn\u00fcm\u00fcze kadar gelmi\u015f bir \u00e7alg\u0131 aletidir. A\u011f\u0131z kopuzu Orta Asya T\u00fcrk cumhuriyetleri ve Kuzey Mo\u011folistan taraflar\u0131nda \u00e7e\u015fitli ala\u015f\u0131m metallerden, Hindistan ve okyanus adalar\u0131nda ise bambu s\u0131y\u0131rmas\u0131ndan yap\u0131lan, esas i\u015flevi hem enstr\u00fcman\u0131n titre\u015fimi hem de a\u011f\u0131z bo\u015flu\u011fu hacminin ve de nefes y\u00f6n\u00fcn\u00fcn de\u011fi\u015ftirilerek ses meydana getirilmesi olan, yakla\u015f\u0131k 6000 y\u0131ll\u0131k bir ge\u00e7mi\u015fe sahip vurmal\u0131-nefesli \u00e7alg\u0131d\u0131r.<\/p>\n<p><strong><u>Jaw Harp<\/u><\/strong>: \u00c7e\u015fitli boylarda ve \u015fekillerde bulunan bu \u00e7alg\u0131ya Avrupa ve Amerika&#8217;da ise &#8220;jaw harp&#8221; yahut &#8220;jew&#8217;s harp&#8221; denmektedir.<\/p>\n<p>\u00d6zellikle etnik&nbsp; ve \u015faman ayinlerinin vazge\u00e7ilmezi olan a\u011f\u0131z kopuzu, T\u00fcrk K\u00fclt\u00fcr\u00fcnde izlerini katarak \u00e7al\u0131nmas\u0131 olarak g\u00f6sterir.<\/p>\n<p><strong><u>Jetigen<\/u><\/strong>:Kazak\u00e7a: \u0436\u0435\u0442\u0456\u0433\u0435\u043d), Kazak Zitheridir. En eski jetigen t\u00fcr\u00fc yedi telli idi ve tahta par\u00e7adan oyulmu\u015f uzun kutuya benziyordu. Bu t\u00fcr jetigen, \u00fcst sondaj tahtas\u0131na ve pimlere sahip de\u011fildi. Teller enstr\u00fcman\u0131n d\u0131\u015f taraf\u0131ndan elle gerilirdi. Daha sonra jetigenin \u00fcst k\u0131sm\u0131 ah\u015fap iskandil tahtas\u0131 ile kaplanmaktad\u0131r. \u0130pler bazen atk\u0131l\u0131ndan yap\u0131l\u0131rd\u0131. \u00c2\u015f\u0131klar iki taraftan her ipin alt\u0131ndayd\u0131. Onlar\u0131 hareket ettirerek dizeyi ayarlamak m\u00fcmk\u00fcn oldu. \u00c2\u015f\u0131klar birbirine yakla\u015ft\u0131r\u0131l\u0131rsa na\u011fme y\u00fckseliyor, ayr\u0131lsa na\u011fme d\u00fc\u015f\u00fcyordu. Tel akordu pimler ve destekler hareket ettirilerek yap\u0131lm\u0131\u015ft\u0131r. \u0130lk enstr\u00fcmanlar, tahtadan oyulmu\u015f dikd\u00f6rtgen bir kutu \u015feklini ald\u0131 ve \u00fcst\u00fcne teller gerildi. Daha sonra ayr\u0131 bir iskandil tahtas\u0131 eklenmi\u015f ve her bir teli iskandil tahtas\u0131ndan kald\u0131rmak i\u00e7in hareketli destekler kullan\u0131lm\u0131\u015ft\u0131r. Her deste\u011fin ipi boyunca konumu, o ipin notas\u0131n\u0131n perdesini belirlemektedir.<\/p>\n<p>G\u00fcn\u00fcm\u00fczde, folklor topluluklar\u0131, aral\u0131\u011f\u0131 geni\u015fletmek i\u00e7in tel say\u0131s\u0131n\u0131n 23&#8217;e y\u00fckseltildi\u011fi yeniden yap\u0131land\u0131r\u0131lm\u0131\u015f bir jetigen kullan\u0131yor. Tellerin akordu, mandallar\u0131 akort ederek ve ayaklar\u0131 hareket ettirerek yap\u0131l\u0131r. Jetigen, yumu\u015fak, melodik sesiyle ay\u0131rt edilir.<\/p>\n<p><strong>Davul<\/strong>, bilinen en eski vurmal\u0131 \u00e7alg\u0131lardan biridir. Ah\u015fap, maden ya da pi\u015fmi\u015f topraktan silindirik bir g\u00f6vdeye gerilen deriden olu\u015fur. Elle ya da sopayla vurarak \u00e7al\u0131n\u0131r. Bi\u00e7imi de\u011fi\u015fse de d\u00fcnyan\u0131n her yerinde ve her toplumda kullan\u0131lan bir \u00e7alg\u0131d\u0131r.<\/p>\n<p>Tarihin ilk \u00e7a\u011flar\u0131ndan beri Asya&#8217;da Hunlar, Mezopotamya\u2018da S\u00fcmerler taraf\u0131ndan kullan\u0131lan davulu Romal\u0131lar \u00e7arp\u0131\u015ft\u0131klar\u0131 Hun ve Avarlarda g\u00f6rm\u00fc\u015flerdi. Davulun Avrupa\u2019ya ge\u00e7erek tan\u0131t\u0131l\u0131p yerle\u015fmesini sa\u011flayan ise 16. y\u00fczy\u0131lda Osmanl\u0131 T\u00fcrkleri oldu.<\/p>\n<p>Turan M\u00fczik Grubu farkl\u0131 \u00fclkelerde pek \u00e7ok etkinliklere kat\u0131lm\u0131\u015ft\u0131r bunlardan en son olarak Amasya Suluova konseri dinlenmeye de\u011fer diyerek bu grubun d\u00fcnyadaki etkinliklerinden \u00f6rnekler verelim.<\/p>\n<p>Kazakistan K\u00fclt\u00fcr Bakanl\u0131\u011f\u0131 deste\u011fi ile Turan Tob\u0131 (ansamblesi)&#8217;ne Orta Asya, Avrupa ve ABD&#8217;de destek olmu\u015ftur. Uluslararas\u0131 pek \u00e7ok organizasyonlara kat\u0131lm\u0131\u015ft\u0131r.&nbsp;<\/p>\n<p>2008&#8217;den 2015&#8217;e kadar, Turan toplulu\u011fu bir\u00e7ok m\u00fczik festivaline kat\u0131ld\u0131 ve t\u00fcm d\u00fcnyada \u00e7ok say\u0131da ba\u015far\u0131l\u0131 performans ger\u00e7ekle\u015ftirdi.<\/p>\n<p>Kendilerine \u00f6zg\u00fc enstr\u00fcmanlar ve kost\u00fcmlerle i\u00e7li ve samimi hareketleriyle bu m\u00fczik grubu gelecekte T\u00fcrk D\u00fcnyas\u0131n\u0131n birlik ve beraberli\u011fi i\u00e7in \u00e7ok g\u00fczel \u00e7al\u0131\u015fmalar yapaca\u011f\u0131na bu gece \u015fahit olduk. Milli hislerimiz kabard\u0131. Tarihi, co\u011frafi ba\u011flar\u0131m\u0131z daha da s\u0131k\u0131la\u015ft\u0131.<\/p>\n<p>T\u00fcrk D\u00fcnyas\u0131n\u0131n m\u00fczik sesi olan ve milli duygular\u0131m\u0131z\u0131 dile getiren bu grubun T\u00fcrk D\u00fcnyas\u0131n\u0131n birlik be beraberli\u011fine \u00e7ok katk\u0131lar yapaca\u011f\u0131na inanc\u0131m\u0131z tamd\u0131r. Bizler i\u00e7in muhte\u015fem bir gece a\u011fustos m\u00fczik gecesi olu\u015fturman\u0131n d\u0131\u015f\u0131nda pek \u00e7ok duygular\u0131m\u0131z\u0131 dile getirdiler. Rabbim yollar\u0131n\u0131 a\u00e7s\u0131n. Daha yayg\u0131n hale ve nice esereler olu\u015fturmas\u0131n\u0131 sa\u011flas\u0131n.<\/p>\n<p><strong>Er Turan T\u00fcrk Kan\u0131 S\u00f6zleri<\/strong><\/p>\n<p>Yine d\u00f6ner y\u00fcce g\u00fcnler,<br \/>\nHun\u2019un Tanr\u0131 \u00f6mr\u00fcn\u00fc ver.<br \/>\nAyr\u0131l\u0131\u011fa d\u00fc\u015fmeyelim,<br \/>\nBir olal\u0131m, birle\u015felim!<\/p>\n<p>Yine d\u00f6ner y\u00fcce g\u00fcnler,<br \/>\nHun\u2019un Tanr\u0131 \u00f6mr\u00fcn\u00fc ver.<br \/>\nAyr\u0131l\u0131\u011fa d\u00fc\u015fmeyelim,<br \/>\nBir olal\u0131m, birle\u015felim!<\/p>\n<p>Hayat devam etmektedir,<br \/>\nZaman h\u0131zla ge\u00e7mektedir.<br \/>\nGelece\u011fe y\u00f6nel, Turan,<br \/>\nG\u00f6kte bir g\u00fcne\u015f s\u00f6nmesin.<\/p>\n<p>Kald\u0131r hadi nerde ba\u015f\u0131n.<br \/>\nYurdun i\u00e7in do\u011fulas\u0131n.<br \/>\nTuran o\u011flu uyumas\u0131n.<br \/>\nBayra\u011f\u0131m\u0131z y\u0131k\u0131lmas\u0131n<\/p>\n<p>Yine d\u00f6ner y\u00fcce g\u00fcnler,<br \/>\nHun\u2019un Tanr\u0131 \u00f6mr\u00fcn\u00fc ver.<br \/>\nAyr\u0131l\u0131\u011fa d\u00fc\u015fmeyelim,<br \/>\nBir olal\u0131m, birle\u015felim!<\/p>\n<p>Kimler sizi esir etti?<br \/>\nHey, \u0130dil\u2019in o\u011fullar\u0131!<br \/>\nTekrar do\u011fan cesur yi\u011fit,<br \/>\nKaynas\u0131n deli T\u00fcrk kan\u0131!<br \/>\nKaynarsa e\u011fer T\u00fcrk kan\u0131,<br \/>\nKaranl\u0131\u011f\u0131n kalmaz \u015fan\u0131.<br \/>\nAlt\u0131n g\u00fcne\u015f \u0131\u015f\u0131k sa\u00e7ar,<br \/>\nNuru kaplar t\u00fcm cihan\u0131.<br \/>\nKaynarsa e\u011fer T\u00fcrk kan\u0131,<br \/>\nKaranl\u0131\u011f\u0131n kalmaz \u015fan\u0131.<br \/>\nB\u00fct\u00fcn d\u00fcnya silkelenir,<br \/>\nG\u00fcne\u015finin parlad\u0131\u011f\u0131 an\u0131.<\/p>\n<p>Par\u00e7alansa yurt yakas\u0131<br \/>\nNerde kal\u0131r, can ve ba\u015f\u0131,<br \/>\nUyuma hey, kendine gel,<br \/>\nEy Turan\u2019\u0131n topraklar\u0131.<br \/>\nG\u00f6r\u00fcnmezse halk dehas\u0131,<br \/>\nHer d\u00fc\u015fmana yem olas\u0131.<br \/>\nUyuma hey, kendine gel<br \/>\nEy Turan\u2019\u0131n torunlar\u0131!<\/p>\n<p>Su-ate\u015ften yarat\u0131lan,<br \/>\nBaba Turan, bala Turan.<br \/>\nKurtar bu k\u00f6hne zaman\u0131,<br \/>\nKara gece kanad\u0131ndan!<br \/>\nKalks\u0131n g\u00f6kten kara bulut<br \/>\nGitsin zulm\u00fcn karanl\u0131\u011f\u0131!!!<br \/>\nSesi nerde G\u00f6kb\u00f6r\u00fcn\u00fcn?<br \/>\nG\u00f6\u00e7\u00fc nerde bozk\u0131rlar\u0131n?<br \/>\nKald\u0131r nerde sanca\u011f\u0131m\u0131z?<br \/>\nDalgalans\u0131n bayra\u011f\u0131m\u0131z<br \/>\nSisler yine da\u011f\u0131lmaz m\u0131?<br \/>\nTuran tekrar do\u011fulmaz m\u0131?<\/p>\n<p>Yine d\u00f6ner ulu g\u00fcnler,<br \/>\nHun\u2019un Tanr\u0131 \u00f6mr\u00fcn\u00fc ver.<br \/>\nDilsiz olan ata ruhu<br \/>\nDiril haydi! Diril haydi!<br \/>\nYine d\u00f6ner y\u00fcce g\u00fcnler,<br \/>\nHun\u2019un Tanr\u0131 \u00f6mr\u00fcn\u00fc ver.<br \/>\nAyr\u0131l\u0131\u011fa d\u00fc\u015fmeyelim,<br \/>\nBir olal\u0131m, birle\u015felim!<\/p>\n<ul>\n<li>Eser Sahibi: TURAN Grubu<\/li>\n<li>\u015eark\u0131 S\u00f6zleri: \u0130. Saparbay<\/li>\n<\/ul>\n","protected":false},"excerpt":{"rendered":"<p>T\u00fcrk D\u00fcnyas\u0131n\u0131n sesi olan b\u00f6yle bir m\u00fczik grubu hakk\u0131nda ne yaz\u0131k ki yak\u0131n zamana kadar&#8230;<\/p>\n","protected":false},"author":3,"featured_media":2195,"comment_status":"open","ping_status":"open","sticky":false,"template":"","format":"standard","meta":{"_bbp_topic_count":0,"_bbp_reply_count":0,"_bbp_total_topic_count":0,"_bbp_total_reply_count":0,"_bbp_voice_count":0,"_bbp_anonymous_reply_count":0,"_bbp_topic_count_hidden":0,"_bbp_reply_count_hidden":0,"_bbp_forum_subforum_count":0,"om_disable_all_campaigns":false,"_uag_custom_page_level_css":"","ngg_post_thumbnail":0,"footnotes":""},"categories":[179],"tags":[],"ppma_author":[94],"class_list":["post-2194","post","type-post","status-publish","format-standard","has-post-thumbnail","hentry","category-arastirmalar"],"yoast_head":"<!-- This site is optimized with the Yoast SEO plugin v24.9 - https:\/\/yoast.com\/wordpress\/plugins\/seo\/ -->\n<title>T\u00fcrk D\u00fcnyas\u0131&#039;n\u0131n Sesi Turan Ethno-Folk M\u00fczik Grubu Amasya Suluova\u2019da Co\u015ftu - simurgedebiyat.com<\/title>\n<meta name=\"robots\" content=\"index, follow, max-snippet:-1, max-image-preview:large, max-video-preview:-1\" \/>\n<link rel=\"canonical\" href=\"https:\/\/simurgedebiyat.com\/index.php\/2025\/09\/01\/turk-dunyasinin-sesi-turan-ethno-folk-muzik-grubu-amasya-suluovada-costu\/\" \/>\n<meta property=\"og:locale\" content=\"tr_TR\" \/>\n<meta property=\"og:type\" content=\"article\" \/>\n<meta property=\"og:title\" content=\"T\u00fcrk D\u00fcnyas\u0131&#039;n\u0131n Sesi Turan Ethno-Folk M\u00fczik Grubu Amasya Suluova\u2019da Co\u015ftu - simurgedebiyat.com\" \/>\n<meta property=\"og:description\" content=\"T\u00fcrk D\u00fcnyas\u0131n\u0131n sesi olan b\u00f6yle bir m\u00fczik grubu hakk\u0131nda ne yaz\u0131k ki yak\u0131n zamana kadar...\" \/>\n<meta property=\"og:url\" content=\"https:\/\/simurgedebiyat.com\/index.php\/2025\/09\/01\/turk-dunyasinin-sesi-turan-ethno-folk-muzik-grubu-amasya-suluovada-costu\/\" \/>\n<meta property=\"og:site_name\" content=\"simurgedebiyat.com\" \/>\n<meta property=\"article:published_time\" content=\"2025-09-01T13:00:08+00:00\" \/>\n<meta property=\"article:modified_time\" content=\"2025-09-05T11:27:52+00:00\" \/>\n<meta property=\"og:image\" content=\"https:\/\/simurgedebiyat.com\/wp-content\/uploads\/2025\/09\/Turan-Folk.jpg\" \/>\n\t<meta property=\"og:image:width\" content=\"1080\" \/>\n\t<meta property=\"og:image:height\" content=\"1620\" \/>\n\t<meta property=\"og:image:type\" content=\"image\/jpeg\" \/>\n<meta name=\"author\" content=\"Tar\u0131k TORUN\" \/>\n<meta name=\"twitter:card\" content=\"summary_large_image\" \/>\n<meta name=\"twitter:label1\" content=\"Yazan:\" \/>\n\t<meta name=\"twitter:data1\" content=\"Tar\u0131k TORUN\" \/>\n\t<meta name=\"twitter:label2\" content=\"Tahmini okuma s\u00fcresi\" \/>\n\t<meta name=\"twitter:data2\" content=\"8 dakika\" \/>\n<script type=\"application\/ld+json\" class=\"yoast-schema-graph\">{\"@context\":\"https:\/\/schema.org\",\"@graph\":[{\"@type\":\"Article\",\"@id\":\"https:\/\/simurgedebiyat.com\/index.php\/2025\/09\/01\/turk-dunyasinin-sesi-turan-ethno-folk-muzik-grubu-amasya-suluovada-costu\/#article\",\"isPartOf\":{\"@id\":\"https:\/\/simurgedebiyat.com\/index.php\/2025\/09\/01\/turk-dunyasinin-sesi-turan-ethno-folk-muzik-grubu-amasya-suluovada-costu\/\"},\"author\":{\"name\":\"Tar\u0131k TORUN\",\"@id\":\"https:\/\/simurgedebiyat.com\/#\/schema\/person\/2b69186447343805a1de03a426a9c75c\"},\"headline\":\"T\u00fcrk D\u00fcnyas\u0131&#8217;n\u0131n Sesi Turan Ethno-Folk M\u00fczik Grubu Amasya Suluova\u2019da Co\u015ftu\",\"datePublished\":\"2025-09-01T13:00:08+00:00\",\"dateModified\":\"2025-09-05T11:27:52+00:00\",\"mainEntityOfPage\":{\"@id\":\"https:\/\/simurgedebiyat.com\/index.php\/2025\/09\/01\/turk-dunyasinin-sesi-turan-ethno-folk-muzik-grubu-amasya-suluovada-costu\/\"},\"wordCount\":1919,\"commentCount\":0,\"publisher\":{\"@id\":\"https:\/\/simurgedebiyat.com\/#organization\"},\"image\":{\"@id\":\"https:\/\/simurgedebiyat.com\/index.php\/2025\/09\/01\/turk-dunyasinin-sesi-turan-ethno-folk-muzik-grubu-amasya-suluovada-costu\/#primaryimage\"},\"thumbnailUrl\":\"https:\/\/simurgedebiyat.com\/wp-content\/uploads\/2025\/09\/Turan-Folk.jpg\",\"articleSection\":[\"Ara\u015ft\u0131rmalar\"],\"inLanguage\":\"tr\",\"potentialAction\":[{\"@type\":\"CommentAction\",\"name\":\"Comment\",\"target\":[\"https:\/\/simurgedebiyat.com\/index.php\/2025\/09\/01\/turk-dunyasinin-sesi-turan-ethno-folk-muzik-grubu-amasya-suluovada-costu\/#respond\"]}]},{\"@type\":\"WebPage\",\"@id\":\"https:\/\/simurgedebiyat.com\/index.php\/2025\/09\/01\/turk-dunyasinin-sesi-turan-ethno-folk-muzik-grubu-amasya-suluovada-costu\/\",\"url\":\"https:\/\/simurgedebiyat.com\/index.php\/2025\/09\/01\/turk-dunyasinin-sesi-turan-ethno-folk-muzik-grubu-amasya-suluovada-costu\/\",\"name\":\"T\u00fcrk D\u00fcnyas\u0131'n\u0131n Sesi Turan Ethno-Folk M\u00fczik Grubu Amasya Suluova\u2019da Co\u015ftu - simurgedebiyat.com\",\"isPartOf\":{\"@id\":\"https:\/\/simurgedebiyat.com\/#website\"},\"primaryImageOfPage\":{\"@id\":\"https:\/\/simurgedebiyat.com\/index.php\/2025\/09\/01\/turk-dunyasinin-sesi-turan-ethno-folk-muzik-grubu-amasya-suluovada-costu\/#primaryimage\"},\"image\":{\"@id\":\"https:\/\/simurgedebiyat.com\/index.php\/2025\/09\/01\/turk-dunyasinin-sesi-turan-ethno-folk-muzik-grubu-amasya-suluovada-costu\/#primaryimage\"},\"thumbnailUrl\":\"https:\/\/simurgedebiyat.com\/wp-content\/uploads\/2025\/09\/Turan-Folk.jpg\",\"datePublished\":\"2025-09-01T13:00:08+00:00\",\"dateModified\":\"2025-09-05T11:27:52+00:00\",\"breadcrumb\":{\"@id\":\"https:\/\/simurgedebiyat.com\/index.php\/2025\/09\/01\/turk-dunyasinin-sesi-turan-ethno-folk-muzik-grubu-amasya-suluovada-costu\/#breadcrumb\"},\"inLanguage\":\"tr\",\"potentialAction\":[{\"@type\":\"ReadAction\",\"target\":[\"https:\/\/simurgedebiyat.com\/index.php\/2025\/09\/01\/turk-dunyasinin-sesi-turan-ethno-folk-muzik-grubu-amasya-suluovada-costu\/\"]}]},{\"@type\":\"ImageObject\",\"inLanguage\":\"tr\",\"@id\":\"https:\/\/simurgedebiyat.com\/index.php\/2025\/09\/01\/turk-dunyasinin-sesi-turan-ethno-folk-muzik-grubu-amasya-suluovada-costu\/#primaryimage\",\"url\":\"https:\/\/simurgedebiyat.com\/wp-content\/uploads\/2025\/09\/Turan-Folk.jpg\",\"contentUrl\":\"https:\/\/simurgedebiyat.com\/wp-content\/uploads\/2025\/09\/Turan-Folk.jpg\",\"width\":1080,\"height\":1620},{\"@type\":\"BreadcrumbList\",\"@id\":\"https:\/\/simurgedebiyat.com\/index.php\/2025\/09\/01\/turk-dunyasinin-sesi-turan-ethno-folk-muzik-grubu-amasya-suluovada-costu\/#breadcrumb\",\"itemListElement\":[{\"@type\":\"ListItem\",\"position\":1,\"name\":\"Anasayfa\",\"item\":\"https:\/\/simurgedebiyat.com\/\"},{\"@type\":\"ListItem\",\"position\":2,\"name\":\"T\u00fcrk D\u00fcnyas\u0131&#8217;n\u0131n Sesi Turan Ethno-Folk M\u00fczik Grubu Amasya Suluova\u2019da Co\u015ftu\"}]},{\"@type\":\"WebSite\",\"@id\":\"https:\/\/simurgedebiyat.com\/#website\",\"url\":\"https:\/\/simurgedebiyat.com\/\",\"name\":\"simurgedebiyat.com\",\"description\":\"edebiyat&amp;K\u00fclt\u00fcr&amp;Sanat&amp;D\u00fc\u015f\u00fcnce \",\"publisher\":{\"@id\":\"https:\/\/simurgedebiyat.com\/#organization\"},\"potentialAction\":[{\"@type\":\"SearchAction\",\"target\":{\"@type\":\"EntryPoint\",\"urlTemplate\":\"https:\/\/simurgedebiyat.com\/?s={search_term_string}\"},\"query-input\":{\"@type\":\"PropertyValueSpecification\",\"valueRequired\":true,\"valueName\":\"search_term_string\"}}],\"inLanguage\":\"tr\"},{\"@type\":\"Organization\",\"@id\":\"https:\/\/simurgedebiyat.com\/#organization\",\"name\":\"simurgedebiyat.com\",\"url\":\"https:\/\/simurgedebiyat.com\/\",\"logo\":{\"@type\":\"ImageObject\",\"inLanguage\":\"tr\",\"@id\":\"https:\/\/simurgedebiyat.com\/#\/schema\/logo\/image\/\",\"url\":\"https:\/\/simurgedebiyat.com\/wp-content\/uploads\/2025\/11\/cropped-HHHHH-1.jpeg\",\"contentUrl\":\"https:\/\/simurgedebiyat.com\/wp-content\/uploads\/2025\/11\/cropped-HHHHH-1.jpeg\",\"width\":245,\"height\":205,\"caption\":\"simurgedebiyat.com\"},\"image\":{\"@id\":\"https:\/\/simurgedebiyat.com\/#\/schema\/logo\/image\/\"}},{\"@type\":\"Person\",\"@id\":\"https:\/\/simurgedebiyat.com\/#\/schema\/person\/2b69186447343805a1de03a426a9c75c\",\"name\":\"Tar\u0131k TORUN\",\"image\":{\"@type\":\"ImageObject\",\"inLanguage\":\"tr\",\"@id\":\"https:\/\/simurgedebiyat.com\/#\/schema\/person\/image\/23494c9101089ad44ae88ce9d2f56aac\",\"url\":\"https:\/\/secure.gravatar.com\/avatar\/?s=96&d=mm&r=g\",\"contentUrl\":\"https:\/\/secure.gravatar.com\/avatar\/?s=96&d=mm&r=g\",\"caption\":\"Tar\u0131k TORUN\"},\"description\":\"Bayburt\u2019un Bayraktar (Baks\u0131) k\u00f6y\u00fcnde do\u011fdu (1965). \u0130lk\u00f6\u011frenimini k\u00f6y\u00fcnde bitirdi. Ailesi ile birlikte \u00c7orum\u2019a g\u00f6\u00e7 etti (1975). Orta\u00f6\u011frenimini \u00c7orum\u2019da tamamlad\u0131. Karadeniz Teknik \u00dcniversitesi, Fatih E\u011fitim Fak\u00fcltesi, Co\u011frafya \u00d6\u011fretmenli\u011fi b\u00f6l\u00fcm\u00fcn\u00fc bitirdi (1988). 1989 \u2018dan itibaren pek \u00e7ok lisede co\u011frafya \u00f6\u011fretmenli\u011fi yapt\u0131. Bu arada Gazi \u00dcniversitesi, Sosyal Bilimler Enstit\u00fcs\u00fc, Co\u011frafya E\u011fitimi Y\u00fcksek Lisans (Master) program\u0131n\u0131 bitirdi. Anadolu \u00dcniversitesi, T\u00fcrk Dili ve Edebiyat\u0131 B\u00f6l\u00fcm\u00fcn\u00fc de bitirdi. Ayr\u0131ca \u0130stanbul \u00dcniversitesi, Hukuk Fak\u00fcltesi\u2019nde de okudu. MEB, \u00d6YGM, EARGED ve YE\u011e\u0130TEK\u2019de \u00f6\u011fretmen olarak \u00e7al\u0131\u015ft\u0131. \u0130LESAM, TYB, \u0130slam \u00dclkeleri Akademisyen ve Yazarlar Birli\u011fi ile Uluslararas\u0131 Bayburt Yazar ve Sanat\u00e7\u0131lar Derne\u011fi\u2019nin \u00fcyesidir. \u00c7e\u015fitli sosyal ve k\u00fclt\u00fcrel \u00e7al\u0131\u015fmalara kat\u0131lmaktad\u0131r. \u015eiir, deneme, makale, roman, hik\u00e2ye, gezi yaz\u0131s\u0131, ara\u015ft\u0131rma-inceleme alan\u0131ndaki \u00e7al\u0131\u015fmalar\u0131 halen devam etmektedir. \u00c7e\u015fitli kurulu\u015flardan ald\u0131\u011f\u0131 onlarca \u00f6d\u00fcl\u00fc bulunmaktad\u0131r. ESERLER\u0130 \u015eiir G\u00fclistan\u0131n G\u00fclleri-2006 Alizeler-2007 A\u015fk\u0131n Co\u011frafyas\u0131-2008 Meb\u015fure-2009 A\u015fko\u011frafya-2010 A\u015fkistan-2015 A\u015fka Yolculuk-2018 \u015eiir \u015eiir T\u00fcrkiye-I-2021 \u015eiir \u015eiir T\u00fcrkiye-II-2022 Neva-2026 Hik\u00e2ye G\u00fcne\u015fi Tut Ka\u00e7mas\u0131n-2011 A\u015fk\u0131n Kalbi-2015 Mor Da\u011flar\u0131n Balas\u0131-2025 Deneme Algoritmik Aforizmalar-2016 Roman Piri Reis-2022\",\"url\":\"https:\/\/simurgedebiyat.com\/index.php\/author\/tarik-torun\/\"}]}<\/script>\n<!-- \/ Yoast SEO plugin. -->","yoast_head_json":{"title":"T\u00fcrk D\u00fcnyas\u0131'n\u0131n Sesi Turan Ethno-Folk M\u00fczik Grubu Amasya Suluova\u2019da Co\u015ftu - simurgedebiyat.com","robots":{"index":"index","follow":"follow","max-snippet":"max-snippet:-1","max-image-preview":"max-image-preview:large","max-video-preview":"max-video-preview:-1"},"canonical":"https:\/\/simurgedebiyat.com\/index.php\/2025\/09\/01\/turk-dunyasinin-sesi-turan-ethno-folk-muzik-grubu-amasya-suluovada-costu\/","og_locale":"tr_TR","og_type":"article","og_title":"T\u00fcrk D\u00fcnyas\u0131'n\u0131n Sesi Turan Ethno-Folk M\u00fczik Grubu Amasya Suluova\u2019da Co\u015ftu - simurgedebiyat.com","og_description":"T\u00fcrk D\u00fcnyas\u0131n\u0131n sesi olan b\u00f6yle bir m\u00fczik grubu hakk\u0131nda ne yaz\u0131k ki yak\u0131n zamana kadar...","og_url":"https:\/\/simurgedebiyat.com\/index.php\/2025\/09\/01\/turk-dunyasinin-sesi-turan-ethno-folk-muzik-grubu-amasya-suluovada-costu\/","og_site_name":"simurgedebiyat.com","article_published_time":"2025-09-01T13:00:08+00:00","article_modified_time":"2025-09-05T11:27:52+00:00","og_image":[{"width":1080,"height":1620,"url":"https:\/\/simurgedebiyat.com\/wp-content\/uploads\/2025\/09\/Turan-Folk.jpg","type":"image\/jpeg"}],"author":"Tar\u0131k TORUN","twitter_card":"summary_large_image","twitter_misc":{"Yazan:":"Tar\u0131k TORUN","Tahmini okuma s\u00fcresi":"8 dakika"},"schema":{"@context":"https:\/\/schema.org","@graph":[{"@type":"Article","@id":"https:\/\/simurgedebiyat.com\/index.php\/2025\/09\/01\/turk-dunyasinin-sesi-turan-ethno-folk-muzik-grubu-amasya-suluovada-costu\/#article","isPartOf":{"@id":"https:\/\/simurgedebiyat.com\/index.php\/2025\/09\/01\/turk-dunyasinin-sesi-turan-ethno-folk-muzik-grubu-amasya-suluovada-costu\/"},"author":{"name":"Tar\u0131k TORUN","@id":"https:\/\/simurgedebiyat.com\/#\/schema\/person\/2b69186447343805a1de03a426a9c75c"},"headline":"T\u00fcrk D\u00fcnyas\u0131&#8217;n\u0131n Sesi Turan Ethno-Folk M\u00fczik Grubu Amasya Suluova\u2019da Co\u015ftu","datePublished":"2025-09-01T13:00:08+00:00","dateModified":"2025-09-05T11:27:52+00:00","mainEntityOfPage":{"@id":"https:\/\/simurgedebiyat.com\/index.php\/2025\/09\/01\/turk-dunyasinin-sesi-turan-ethno-folk-muzik-grubu-amasya-suluovada-costu\/"},"wordCount":1919,"commentCount":0,"publisher":{"@id":"https:\/\/simurgedebiyat.com\/#organization"},"image":{"@id":"https:\/\/simurgedebiyat.com\/index.php\/2025\/09\/01\/turk-dunyasinin-sesi-turan-ethno-folk-muzik-grubu-amasya-suluovada-costu\/#primaryimage"},"thumbnailUrl":"https:\/\/simurgedebiyat.com\/wp-content\/uploads\/2025\/09\/Turan-Folk.jpg","articleSection":["Ara\u015ft\u0131rmalar"],"inLanguage":"tr","potentialAction":[{"@type":"CommentAction","name":"Comment","target":["https:\/\/simurgedebiyat.com\/index.php\/2025\/09\/01\/turk-dunyasinin-sesi-turan-ethno-folk-muzik-grubu-amasya-suluovada-costu\/#respond"]}]},{"@type":"WebPage","@id":"https:\/\/simurgedebiyat.com\/index.php\/2025\/09\/01\/turk-dunyasinin-sesi-turan-ethno-folk-muzik-grubu-amasya-suluovada-costu\/","url":"https:\/\/simurgedebiyat.com\/index.php\/2025\/09\/01\/turk-dunyasinin-sesi-turan-ethno-folk-muzik-grubu-amasya-suluovada-costu\/","name":"T\u00fcrk D\u00fcnyas\u0131'n\u0131n Sesi Turan Ethno-Folk M\u00fczik Grubu Amasya Suluova\u2019da Co\u015ftu - simurgedebiyat.com","isPartOf":{"@id":"https:\/\/simurgedebiyat.com\/#website"},"primaryImageOfPage":{"@id":"https:\/\/simurgedebiyat.com\/index.php\/2025\/09\/01\/turk-dunyasinin-sesi-turan-ethno-folk-muzik-grubu-amasya-suluovada-costu\/#primaryimage"},"image":{"@id":"https:\/\/simurgedebiyat.com\/index.php\/2025\/09\/01\/turk-dunyasinin-sesi-turan-ethno-folk-muzik-grubu-amasya-suluovada-costu\/#primaryimage"},"thumbnailUrl":"https:\/\/simurgedebiyat.com\/wp-content\/uploads\/2025\/09\/Turan-Folk.jpg","datePublished":"2025-09-01T13:00:08+00:00","dateModified":"2025-09-05T11:27:52+00:00","breadcrumb":{"@id":"https:\/\/simurgedebiyat.com\/index.php\/2025\/09\/01\/turk-dunyasinin-sesi-turan-ethno-folk-muzik-grubu-amasya-suluovada-costu\/#breadcrumb"},"inLanguage":"tr","potentialAction":[{"@type":"ReadAction","target":["https:\/\/simurgedebiyat.com\/index.php\/2025\/09\/01\/turk-dunyasinin-sesi-turan-ethno-folk-muzik-grubu-amasya-suluovada-costu\/"]}]},{"@type":"ImageObject","inLanguage":"tr","@id":"https:\/\/simurgedebiyat.com\/index.php\/2025\/09\/01\/turk-dunyasinin-sesi-turan-ethno-folk-muzik-grubu-amasya-suluovada-costu\/#primaryimage","url":"https:\/\/simurgedebiyat.com\/wp-content\/uploads\/2025\/09\/Turan-Folk.jpg","contentUrl":"https:\/\/simurgedebiyat.com\/wp-content\/uploads\/2025\/09\/Turan-Folk.jpg","width":1080,"height":1620},{"@type":"BreadcrumbList","@id":"https:\/\/simurgedebiyat.com\/index.php\/2025\/09\/01\/turk-dunyasinin-sesi-turan-ethno-folk-muzik-grubu-amasya-suluovada-costu\/#breadcrumb","itemListElement":[{"@type":"ListItem","position":1,"name":"Anasayfa","item":"https:\/\/simurgedebiyat.com\/"},{"@type":"ListItem","position":2,"name":"T\u00fcrk D\u00fcnyas\u0131&#8217;n\u0131n Sesi Turan Ethno-Folk M\u00fczik Grubu Amasya Suluova\u2019da Co\u015ftu"}]},{"@type":"WebSite","@id":"https:\/\/simurgedebiyat.com\/#website","url":"https:\/\/simurgedebiyat.com\/","name":"simurgedebiyat.com","description":"edebiyat&amp;K\u00fclt\u00fcr&amp;Sanat&amp;D\u00fc\u015f\u00fcnce ","publisher":{"@id":"https:\/\/simurgedebiyat.com\/#organization"},"potentialAction":[{"@type":"SearchAction","target":{"@type":"EntryPoint","urlTemplate":"https:\/\/simurgedebiyat.com\/?s={search_term_string}"},"query-input":{"@type":"PropertyValueSpecification","valueRequired":true,"valueName":"search_term_string"}}],"inLanguage":"tr"},{"@type":"Organization","@id":"https:\/\/simurgedebiyat.com\/#organization","name":"simurgedebiyat.com","url":"https:\/\/simurgedebiyat.com\/","logo":{"@type":"ImageObject","inLanguage":"tr","@id":"https:\/\/simurgedebiyat.com\/#\/schema\/logo\/image\/","url":"https:\/\/simurgedebiyat.com\/wp-content\/uploads\/2025\/11\/cropped-HHHHH-1.jpeg","contentUrl":"https:\/\/simurgedebiyat.com\/wp-content\/uploads\/2025\/11\/cropped-HHHHH-1.jpeg","width":245,"height":205,"caption":"simurgedebiyat.com"},"image":{"@id":"https:\/\/simurgedebiyat.com\/#\/schema\/logo\/image\/"}},{"@type":"Person","@id":"https:\/\/simurgedebiyat.com\/#\/schema\/person\/2b69186447343805a1de03a426a9c75c","name":"Tar\u0131k TORUN","image":{"@type":"ImageObject","inLanguage":"tr","@id":"https:\/\/simurgedebiyat.com\/#\/schema\/person\/image\/23494c9101089ad44ae88ce9d2f56aac","url":"https:\/\/secure.gravatar.com\/avatar\/?s=96&d=mm&r=g","contentUrl":"https:\/\/secure.gravatar.com\/avatar\/?s=96&d=mm&r=g","caption":"Tar\u0131k TORUN"},"description":"Bayburt\u2019un Bayraktar (Baks\u0131) k\u00f6y\u00fcnde do\u011fdu (1965). \u0130lk\u00f6\u011frenimini k\u00f6y\u00fcnde bitirdi. Ailesi ile birlikte \u00c7orum\u2019a g\u00f6\u00e7 etti (1975). Orta\u00f6\u011frenimini \u00c7orum\u2019da tamamlad\u0131. Karadeniz Teknik \u00dcniversitesi, Fatih E\u011fitim Fak\u00fcltesi, Co\u011frafya \u00d6\u011fretmenli\u011fi b\u00f6l\u00fcm\u00fcn\u00fc bitirdi (1988). 1989 \u2018dan itibaren pek \u00e7ok lisede co\u011frafya \u00f6\u011fretmenli\u011fi yapt\u0131. Bu arada Gazi \u00dcniversitesi, Sosyal Bilimler Enstit\u00fcs\u00fc, Co\u011frafya E\u011fitimi Y\u00fcksek Lisans (Master) program\u0131n\u0131 bitirdi. Anadolu \u00dcniversitesi, T\u00fcrk Dili ve Edebiyat\u0131 B\u00f6l\u00fcm\u00fcn\u00fc de bitirdi. Ayr\u0131ca \u0130stanbul \u00dcniversitesi, Hukuk Fak\u00fcltesi\u2019nde de okudu. MEB, \u00d6YGM, EARGED ve YE\u011e\u0130TEK\u2019de \u00f6\u011fretmen olarak \u00e7al\u0131\u015ft\u0131. \u0130LESAM, TYB, \u0130slam \u00dclkeleri Akademisyen ve Yazarlar Birli\u011fi ile Uluslararas\u0131 Bayburt Yazar ve Sanat\u00e7\u0131lar Derne\u011fi\u2019nin \u00fcyesidir. \u00c7e\u015fitli sosyal ve k\u00fclt\u00fcrel \u00e7al\u0131\u015fmalara kat\u0131lmaktad\u0131r. \u015eiir, deneme, makale, roman, hik\u00e2ye, gezi yaz\u0131s\u0131, ara\u015ft\u0131rma-inceleme alan\u0131ndaki \u00e7al\u0131\u015fmalar\u0131 halen devam etmektedir. \u00c7e\u015fitli kurulu\u015flardan ald\u0131\u011f\u0131 onlarca \u00f6d\u00fcl\u00fc bulunmaktad\u0131r. ESERLER\u0130 \u015eiir G\u00fclistan\u0131n G\u00fclleri-2006 Alizeler-2007 A\u015fk\u0131n Co\u011frafyas\u0131-2008 Meb\u015fure-2009 A\u015fko\u011frafya-2010 A\u015fkistan-2015 A\u015fka Yolculuk-2018 \u015eiir \u015eiir T\u00fcrkiye-I-2021 \u015eiir \u015eiir T\u00fcrkiye-II-2022 Neva-2026 Hik\u00e2ye G\u00fcne\u015fi Tut Ka\u00e7mas\u0131n-2011 A\u015fk\u0131n Kalbi-2015 Mor Da\u011flar\u0131n Balas\u0131-2025 Deneme Algoritmik Aforizmalar-2016 Roman Piri Reis-2022","url":"https:\/\/simurgedebiyat.com\/index.php\/author\/tarik-torun\/"}]}},"featured_image_urls":{"full":["https:\/\/simurgedebiyat.com\/wp-content\/uploads\/2025\/09\/Turan-Folk.jpg",1080,1620,false],"thumbnail":["https:\/\/simurgedebiyat.com\/wp-content\/uploads\/2025\/09\/Turan-Folk-150x150.jpg",150,150,true],"medium":["https:\/\/simurgedebiyat.com\/wp-content\/uploads\/2025\/09\/Turan-Folk-200x300.jpg",200,300,true],"medium_large":["https:\/\/simurgedebiyat.com\/wp-content\/uploads\/2025\/09\/Turan-Folk-768x1152.jpg",640,960,true],"large":["https:\/\/simurgedebiyat.com\/wp-content\/uploads\/2025\/09\/Turan-Folk-683x1024.jpg",640,960,true],"1536x1536":["https:\/\/simurgedebiyat.com\/wp-content\/uploads\/2025\/09\/Turan-Folk-1024x1536.jpg",1024,1536,true],"2048x2048":["https:\/\/simurgedebiyat.com\/wp-content\/uploads\/2025\/09\/Turan-Folk.jpg",1080,1620,false],"covernews-slider-full":["https:\/\/simurgedebiyat.com\/wp-content\/uploads\/2025\/09\/Turan-Folk-1080x715.jpg",1080,715,true],"covernews-slider-center":["https:\/\/simurgedebiyat.com\/wp-content\/uploads\/2025\/09\/Turan-Folk-800x500.jpg",800,500,true],"covernews-featured":["https:\/\/simurgedebiyat.com\/wp-content\/uploads\/2025\/09\/Turan-Folk-1024x1536.jpg",1024,1536,true],"covernews-medium":["https:\/\/simurgedebiyat.com\/wp-content\/uploads\/2025\/09\/Turan-Folk-540x340.jpg",540,340,true],"covernews-medium-square":["https:\/\/simurgedebiyat.com\/wp-content\/uploads\/2025\/09\/Turan-Folk-400x250.jpg",400,250,true],"sow-carousel-default":["https:\/\/simurgedebiyat.com\/wp-content\/uploads\/2025\/09\/Turan-Folk-272x182.jpg",272,182,true],"sow-blog-portfolio":["https:\/\/simurgedebiyat.com\/wp-content\/uploads\/2025\/09\/Turan-Folk-375x375.jpg",375,375,true],"sow-blog-grid":["https:\/\/simurgedebiyat.com\/wp-content\/uploads\/2025\/09\/Turan-Folk-720x480.jpg",720,480,true],"sow-blog-alternate":["https:\/\/simurgedebiyat.com\/wp-content\/uploads\/2025\/09\/Turan-Folk-950x630.jpg",950,630,true],"sow-recent-post":["https:\/\/simurgedebiyat.com\/wp-content\/uploads\/2025\/09\/Turan-Folk-216x216.jpg",216,216,true]},"author_info":{"display_name":"Tar\u0131k TORUN","author_link":"https:\/\/simurgedebiyat.com\/index.php\/author\/tarik-torun\/"},"category_info":"<a href=\"https:\/\/simurgedebiyat.com\/index.php\/category\/arastirmalar\/\" rel=\"category tag\">Ara\u015ft\u0131rmalar<\/a>","tag_info":"Ara\u015ft\u0131rmalar","comment_count":"0","jetpack_featured_media_url":"https:\/\/simurgedebiyat.com\/wp-content\/uploads\/2025\/09\/Turan-Folk.jpg","uagb_featured_image_src":{"full":["https:\/\/simurgedebiyat.com\/wp-content\/uploads\/2025\/09\/Turan-Folk.jpg",1080,1620,false],"thumbnail":["https:\/\/simurgedebiyat.com\/wp-content\/uploads\/2025\/09\/Turan-Folk-150x150.jpg",150,150,true],"medium":["https:\/\/simurgedebiyat.com\/wp-content\/uploads\/2025\/09\/Turan-Folk-200x300.jpg",200,300,true],"medium_large":["https:\/\/simurgedebiyat.com\/wp-content\/uploads\/2025\/09\/Turan-Folk-768x1152.jpg",640,960,true],"large":["https:\/\/simurgedebiyat.com\/wp-content\/uploads\/2025\/09\/Turan-Folk-683x1024.jpg",640,960,true],"1536x1536":["https:\/\/simurgedebiyat.com\/wp-content\/uploads\/2025\/09\/Turan-Folk-1024x1536.jpg",1024,1536,true],"2048x2048":["https:\/\/simurgedebiyat.com\/wp-content\/uploads\/2025\/09\/Turan-Folk.jpg",1080,1620,false],"covernews-slider-full":["https:\/\/simurgedebiyat.com\/wp-content\/uploads\/2025\/09\/Turan-Folk-1080x715.jpg",1080,715,true],"covernews-slider-center":["https:\/\/simurgedebiyat.com\/wp-content\/uploads\/2025\/09\/Turan-Folk-800x500.jpg",800,500,true],"covernews-featured":["https:\/\/simurgedebiyat.com\/wp-content\/uploads\/2025\/09\/Turan-Folk-1024x1536.jpg",1024,1536,true],"covernews-medium":["https:\/\/simurgedebiyat.com\/wp-content\/uploads\/2025\/09\/Turan-Folk-540x340.jpg",540,340,true],"covernews-medium-square":["https:\/\/simurgedebiyat.com\/wp-content\/uploads\/2025\/09\/Turan-Folk-400x250.jpg",400,250,true],"sow-carousel-default":["https:\/\/simurgedebiyat.com\/wp-content\/uploads\/2025\/09\/Turan-Folk-272x182.jpg",272,182,true],"sow-blog-portfolio":["https:\/\/simurgedebiyat.com\/wp-content\/uploads\/2025\/09\/Turan-Folk-375x375.jpg",375,375,true],"sow-blog-grid":["https:\/\/simurgedebiyat.com\/wp-content\/uploads\/2025\/09\/Turan-Folk-720x480.jpg",720,480,true],"sow-blog-alternate":["https:\/\/simurgedebiyat.com\/wp-content\/uploads\/2025\/09\/Turan-Folk-950x630.jpg",950,630,true],"sow-recent-post":["https:\/\/simurgedebiyat.com\/wp-content\/uploads\/2025\/09\/Turan-Folk-216x216.jpg",216,216,true]},"uagb_author_info":{"display_name":"Tar\u0131k TORUN","author_link":"https:\/\/simurgedebiyat.com\/index.php\/author\/tarik-torun\/"},"uagb_comment_info":0,"uagb_excerpt":"T\u00fcrk D\u00fcnyas\u0131n\u0131n sesi olan b\u00f6yle bir m\u00fczik grubu hakk\u0131nda ne yaz\u0131k ki yak\u0131n zamana kadar...","authors":[{"term_id":94,"user_id":3,"is_guest":0,"slug":"tarik-torun","display_name":"Tar\u0131k TORUN","avatar_url":{"url":"https:\/\/simurgedebiyat.com\/wp-content\/uploads\/2025\/10\/Tarik-TORUM.jpg","url2x":"https:\/\/simurgedebiyat.com\/wp-content\/uploads\/2025\/10\/Tarik-TORUM.jpg"},"first_name":"Tar\u0131k","last_name":"TORUN","user_url":"","job_title":"","description":"Bayburt\u2019un Bayraktar (Baks\u0131) k\u00f6y\u00fcnde do\u011fdu (1965). \u0130lk\u00f6\u011frenimini k\u00f6y\u00fcnde bitirdi. Ailesi ile birlikte \u00c7orum\u2019a g\u00f6\u00e7 etti (1975). Orta\u00f6\u011frenimini \u00c7orum\u2019da tamamlad\u0131. Karadeniz Teknik \u00dcniversitesi, Fatih E\u011fitim Fak\u00fcltesi, Co\u011frafya \u00d6\u011fretmenli\u011fi b\u00f6l\u00fcm\u00fcn\u00fc bitirdi (1988).\r\n1989 \u2018dan itibaren pek \u00e7ok lisede co\u011frafya \u00f6\u011fretmenli\u011fi yapt\u0131. Bu arada Gazi \u00dcniversitesi, Sosyal Bilimler Enstit\u00fcs\u00fc, Co\u011frafya E\u011fitimi Y\u00fcksek Lisans (Master) program\u0131n\u0131 bitirdi. Anadolu \u00dcniversitesi, T\u00fcrk Dili ve Edebiyat\u0131 B\u00f6l\u00fcm\u00fcn\u00fc de bitirdi. Ayr\u0131ca \u0130stanbul \u00dcniversitesi, Hukuk Fak\u00fcltesi\u2019nde de okudu. MEB, \u00d6YGM, EARGED ve YE\u011e\u0130TEK\u2019de \u00f6\u011fretmen olarak \u00e7al\u0131\u015ft\u0131. \u0130LESAM, TYB, \u0130slam \u00dclkeleri Akademisyen ve Yazarlar Birli\u011fi ile Uluslararas\u0131 Bayburt Yazar ve Sanat\u00e7\u0131lar Derne\u011fi\u2019nin \u00fcyesidir. \u00c7e\u015fitli sosyal ve k\u00fclt\u00fcrel \u00e7al\u0131\u015fmalara kat\u0131lmaktad\u0131r. \u015eiir, deneme, makale, roman, hik\u00e2ye, gezi yaz\u0131s\u0131, ara\u015ft\u0131rma-inceleme alan\u0131ndaki \u00e7al\u0131\u015fmalar\u0131 halen devam etmektedir. \u00c7e\u015fitli kurulu\u015flardan ald\u0131\u011f\u0131 onlarca \u00f6d\u00fcl\u00fc bulunmaktad\u0131r.\r\nESERLER\u0130\r\n\u015eiir\r\nG\u00fclistan\u0131n G\u00fclleri-2006 \r\nAlizeler-2007\r\nA\u015fk\u0131n Co\u011frafyas\u0131-2008\r\nMeb\u015fure-2009 \r\nA\u015fko\u011frafya-2010\r\nA\u015fkistan-2015              \r\nA\u015fka Yolculuk-2018\r\n\u015eiir \u015eiir T\u00fcrkiye-I-2021\r\n\u015eiir \u015eiir T\u00fcrkiye-II-2022\r\nNeva-2026\r\nHik\u00e2ye\r\nG\u00fcne\u015fi Tut Ka\u00e7mas\u0131n-2011 \r\nA\u015fk\u0131n Kalbi-2015\r\nMor Da\u011flar\u0131n Balas\u0131-2025\r\nDeneme\r\nAlgoritmik Aforizmalar-2016\r\nRoman\r\nPiri Reis-2022\r\n"}],"_links":{"self":[{"href":"https:\/\/simurgedebiyat.com\/index.php\/wp-json\/wp\/v2\/posts\/2194","targetHints":{"allow":["GET"]}}],"collection":[{"href":"https:\/\/simurgedebiyat.com\/index.php\/wp-json\/wp\/v2\/posts"}],"about":[{"href":"https:\/\/simurgedebiyat.com\/index.php\/wp-json\/wp\/v2\/types\/post"}],"author":[{"embeddable":true,"href":"https:\/\/simurgedebiyat.com\/index.php\/wp-json\/wp\/v2\/users\/3"}],"replies":[{"embeddable":true,"href":"https:\/\/simurgedebiyat.com\/index.php\/wp-json\/wp\/v2\/comments?post=2194"}],"version-history":[{"count":4,"href":"https:\/\/simurgedebiyat.com\/index.php\/wp-json\/wp\/v2\/posts\/2194\/revisions"}],"predecessor-version":[{"id":2224,"href":"https:\/\/simurgedebiyat.com\/index.php\/wp-json\/wp\/v2\/posts\/2194\/revisions\/2224"}],"wp:featuredmedia":[{"embeddable":true,"href":"https:\/\/simurgedebiyat.com\/index.php\/wp-json\/wp\/v2\/media\/2195"}],"wp:attachment":[{"href":"https:\/\/simurgedebiyat.com\/index.php\/wp-json\/wp\/v2\/media?parent=2194"}],"wp:term":[{"taxonomy":"category","embeddable":true,"href":"https:\/\/simurgedebiyat.com\/index.php\/wp-json\/wp\/v2\/categories?post=2194"},{"taxonomy":"post_tag","embeddable":true,"href":"https:\/\/simurgedebiyat.com\/index.php\/wp-json\/wp\/v2\/tags?post=2194"},{"taxonomy":"author","embeddable":true,"href":"https:\/\/simurgedebiyat.com\/index.php\/wp-json\/wp\/v2\/ppma_author?post=2194"}],"curies":[{"name":"wp","href":"https:\/\/api.w.org\/{rel}","templated":true}]}}