{"id":2186,"date":"2025-09-01T15:37:01","date_gmt":"2025-09-01T12:37:01","guid":{"rendered":"https:\/\/simurgedebiyat.com\/?p=2186"},"modified":"2025-09-01T16:08:06","modified_gmt":"2025-09-01T13:08:06","slug":"balkan-yazisi-yazmak-zor-bir-is","status":"publish","type":"post","link":"https:\/\/simurgedebiyat.com\/index.php\/2025\/09\/01\/balkan-yazisi-yazmak-zor-bir-is\/","title":{"rendered":"Balkan Yaz\u0131s\u0131 Yazmak Zor Bir \u0130\u015f"},"content":{"rendered":"<p>Yazar Erdal Noyan\u2019\u0131n gezi notlar\u0131 ile tarih bilgisini bir araya getirdi\u011fi \u201cBalkan A\u00e7maz\u0131\u201d adl\u0131 kitap KDY yay\u0131nlar\u0131ndan \u00e7\u0131kt\u0131. Gezi yaz\u0131lar\u0131yla dikkat \u00e7eken Noyan, Balkanlara yapt\u0131\u011f\u0131 seyahatler sonras\u0131 kaleme ald\u0131\u011f\u0131 metinleri&nbsp;<a href=\"https:\/\/gercektarih.com.tr\/category\/kitap-dergi\/\" target=\"_blank\" rel=\"noreferrer noopener\">\u201cBalkan A\u00e7maz\u0131\u201d&nbsp;<\/a>ba\u015fl\u0131\u011f\u0131yla kitapla\u015ft\u0131rd\u0131. Alternatif&nbsp;<a href=\"https:\/\/gercektarih.com.tr\/\">Balkan tarihi<\/a>&nbsp;okumalar\u0131 da diyebilece\u011fimiz 388 sayfal\u0131k \u00e7al\u0131\u015fman\u0131n tan\u0131t\u0131m metninde \u015fu ifadeler yer ald\u0131:<\/p>\n<p><em>\u201cD\u00fcnden kalan \u00f6\u00e7ler, yar\u0131na aktar\u0131lan tasar\u0131lar.<\/em><\/p>\n<p><em>Eski yaralar kapanmadan a\u00e7\u0131lan yeni yaralar\u2026<\/em><\/p>\n<p><em>Karma\u015f\u0131k insan yap\u0131s\u0131yla, zorlu co\u011frafyas\u0131yla, \u00e7alkant\u0131l\u0131<\/em><\/p>\n<div class=\"ads\">&nbsp;<\/div>\n<p><em>tarihiyle, dil \u00e7e\u015fitlili\u011fiyle, sonu\u00e7land\u0131r\u0131lmam\u0131\u015f hesaplar\u0131yla\u2026<\/em><\/p>\n<p><em>B\u00fct\u00fcn Balkanlar \u00f6yle\u2026<\/em><\/p>\n<p><em>U\u00e7suz bucaks\u0131z uzayda, kocaman evrenin k\u00fc\u00e7\u00fcc\u00fck yar\u0131madas\u0131, b\u00fcy\u00fck \u015funu kuraca\u011f\u0131z, b\u00fcy\u00fck bunu kuraca\u011f\u0131z diye birbirlerine k\u0131yan mutsuz topluluklar\u0131n topra\u011f\u0131\u2026\u201d<\/em><\/p>\n<div class=\"ads\">&nbsp;<\/div>\n<p><a href=\"https:\/\/gercektarih.com.tr\/\">Erdal Noyan<\/a>&nbsp;kitab\u0131n ba\u015f\u0131nda, \u201cBalkanlara Giri\u015f\u201d ba\u015fl\u0131\u011f\u0131yla yer verdi\u011fi b\u00f6l\u00fcmde Balkan yaz\u0131s\u0131 yazman\u0131n zorlu\u011funa dikkat \u00e7ekerken, Balkanlar\u0131 dola\u015fman\u0131n da duygulu oldu\u011fundan s\u00f6z etmektedir. Yazar eserini nas\u0131l kaleme ald\u0131\u011f\u0131n\u0131 da anlatmakta:<\/p>\n<p>\u201c\u015eimdiki gen\u00e7ler kimi bak\u0131mlardan \u015fansl\u0131lar.<\/p>\n<p>\u0130leti\u015fim ara\u00e7lar\u0131n\u0131 kullanarak \u00fclkelerini ve evreni erken ya\u015fta kolayca tan\u0131d\u0131klar\u0131 gibi, giderek g\u00f6rmek olana\u011f\u0131 da \u00e7o\u011funa a\u00e7\u0131k.<\/p>\n<p>Gen\u00e7lerin \u00f6nemli bir b\u00f6l\u00fcm\u00fc, bunu ailelerinin paralar\u0131yla ger\u00e7ekle\u015ftiriyorlar ku\u015fkusuz. D\u0131\u015far\u0131da burslu e\u011fitim g\u00f6renleri, \u00e7al\u0131\u015farak duranlar\u0131 ay\u0131r\u0131yorum.<\/p>\n<p>Acaba aileler eskiye g\u00f6re daha m\u0131 vars\u0131lla\u015ft\u0131lar?<\/p>\n<p>Eskiden de vard\u0131 vars\u0131llar. Bence, Devlet\u2019in kap\u0131lar\u0131 aralamas\u0131 ve yurtta\u015flar\u0131n d\u0131\u015far\u0131ya a\u00e7\u0131lmay\u0131 \u00f6nemsemeleri daha etkili olmu\u015ftur.<\/p>\n<p>Yurt d\u0131\u015f\u0131na olgun bir ya\u015fta \u00e7\u0131kt\u0131m. Ko\u015fullar \u00f6yle gerektirdiler. Ko\u015fullar uygunla\u015fmadan \u00f6nce d\u00fc\u015f\u00fcn\u00fc bile kurabildi\u011fimi sanm\u0131yorum.<\/p>\n<p>T\u00fcm kom\u015fu \u00fclkeleri, \u00f6zellikle Balkan \u00fclkelerini g\u00f6rmek gerekti\u011fi kan\u0131s\u0131nday\u0131m.<\/p>\n<p>Gitti\u011fim devletleri k\u00f6\u015fe bucak dola\u015ft\u0131\u011f\u0131m\u0131 s\u00f6ylemiyorum. Gidemedi\u011fim bir\u00e7ok yer daha var.<\/p>\n<p>Sel\u00e2nik, Kavala, Varna, Burgaz, Sofya, Belgrad, Saraybosna, Mostar, \u00dcsk\u00fcp, Manast\u0131r, Ohri gibi baz\u0131 kentleriyse birden \u00e7ok g\u00f6rmekten mutluyum.<\/p>\n<p>Gerekmedik\u00e7e her gidi\u015fte ayn\u0131 yer i\u00e7in ayr\u0131 yaz\u0131 yazmad\u0131m. Sonraki gidi\u015flerde eksik tamamlad\u0131m diyebilirim.<\/p>\n<p>\u0130nsan bir Balkan kentine gitti\u011finde genellikle tan\u0131d\u0131k bir yere geldi\u011fi duygusuna kap\u0131l\u0131yor, sonraki gidi\u015flerde bu duygu \u00e7o\u011fal\u0131yor.<\/p>\n<p>Balkan yaz\u0131lar\u0131n\u0131 kimi zaman bir g\u00f6r\u00fcnt\u00fc yazd\u0131rd\u0131, bazen bir t\u00fcrk\u00fc. Baz\u0131 baz\u0131 da yak\u0131n, uzak ge\u00e7mi\u015fin izleri.<\/p>\n<p>Anl\u0131k g\u00f6zlemimin ya da duygumun beni yan\u0131ltt\u0131\u011f\u0131 da olabiliyor. \u00d6rne\u011fin Burgaz\u2019daki&nbsp;<a href=\"https:\/\/gercektarih.com.tr\/\" target=\"_blank\" rel=\"noreferrer noopener\">Alyo\u015fa An\u0131t\u0131<\/a>\u2019na bakt\u0131\u011f\u0131mda y\u00fcksekli\u011finin Paris\u2019teki Vendome S\u00fctunu\u2019yla yar\u0131\u015ft\u0131\u011f\u0131n\u0131 sanm\u0131\u015ft\u0131m. Oysa Alyo\u015fa\u2019n\u0131n y\u00fcksekli\u011fi ikiyle \u00e7arp\u0131lsa bile Vendome\u2019un boyuna ula\u015fam\u0131yormu\u015f.<\/p>\n<p>Balkan yaz\u0131lar\u0131n\u0131 yazarken, oralar hakk\u0131nda s\u00f6z s\u00f6ylemi\u015f yazarlar\u0131n yazd\u0131klar\u0131ndan yararland\u0131m. Al\u0131nt\u0131 yapt\u0131\u011f\u0131m yazarlar aras\u0131nda edebiyat\u00e7\u0131lar ba\u015f\u0131 \u00e7eksinler istedim.<\/p>\n<p>Al\u0131nt\u0131lar\u0131n metinlerin gezi yaz\u0131s\u0131 \u00f6zelliklerini,&nbsp;<a href=\"https:\/\/gercektarih.com.tr\/\" target=\"_blank\" rel=\"noreferrer noopener\">deneme<\/a>&nbsp;t\u00fcr\u00fcn\u00fcn tad\u0131n\u0131 ve ak\u0131c\u0131l\u0131\u011f\u0131 bozabilecekleri teredd\u00fcd\u00fcn\u00fc ya\u015fad\u0131m. Bu teredd\u00fcd\u00fc t\u00fcm\u00fcyle aradan \u00e7\u0131karm\u0131\u015f de\u011filim. Bir se\u00e7im yapmam gerekiyordu. Bu y\u00f6ntemle daha dolu metinlerin ortaya \u00e7\u0131kt\u0131klar\u0131 karar\u0131na vard\u0131m.<\/p>\n<p>Balkan Yar\u0131madas\u0131\u2019nda dola\u015fmak duygulu bir i\u015f.<\/p>\n<p>Balkan yaz\u0131s\u0131 yazmak zor bir i\u015f.\u201d<\/p>\n<p>A\u015f\u0131r\u0131 duygusall\u0131\u011fa kap\u0131labiliyor insan.\u201d<\/p>\n<p><strong>K\u0131saca Erdal Noyan Biyografisi:<\/strong><\/p>\n<p>1961 y\u0131l\u0131nda K\u0131rklareli\u2019nde do\u011fdu.<\/p>\n<p>\u0130stanbul \u00dcniversitesi Hukuk Fak\u00fcltesi\u2019ni bitirdi.<\/p>\n<p>Evli ve iki \u00e7ocuk babas\u0131d\u0131r.<\/p>\n<p>\u00dcr\u00fcnlerine \u00e7e\u015fitli dergilerde ve gazetelerde yer verildi.<\/p>\n<p>\u00c7ok say\u0131da edeb\u00ee ve meslek\u00ee yap\u0131t\u0131 mevcuttur.<\/p>\n<p>Dile\u011fi, t\u00fcm varl\u0131klar\u0131n haklar\u0131na sayg\u0131l\u0131 ya\u015famakt\u0131r.<\/p>\n<p><a href=\"kitaplar:\"><strong>Kitaplar<\/strong>:<\/a><\/p>\n<p>G\u00f6\u00e7 Vakitleri (2012), Ans\u0131z\u0131n Sonras\u0131 (2013), A\u015fk\u0131n Y\u00fczleri (2014), \u00d6teki Osmanl\u0131 (2015), \u00c7ay Molas\u0131 (2017), Zaman Irma\u011f\u0131 (2017), \u0130spanya Bahar\u0131 (2018), Avrupa And\u0131c\u0131 (2020), \u0130talya Yaz\u0131 (2021), Derin Kesi (2021), G\u00fcrcistan Notlar\u0131 (2021), Gidelim Buradan (2021) Balkan A\u00e7maz\u0131 (2021).<\/p>\n<p>Bu yaz\u0131 al\u0131nt\u0131 olup,&nbsp; https:\/\/gercektarih.com.tr\/erdal-noyan-balkan-yazisi-yazmak-zor-bir-is\/ yay\u0131nlanm\u0131\u015ft\u0131r.<\/p>\n","protected":false},"excerpt":{"rendered":"<p>Yazar Erdal Noyan\u2019\u0131n gezi notlar\u0131 ile tarih bilgisini bir araya getirdi\u011fi \u201cBalkan A\u00e7maz\u0131\u201d adl\u0131 kitap&#8230;<\/p>\n","protected":false},"author":22,"featured_media":2187,"comment_status":"open","ping_status":"open","sticky":false,"template":"","format":"standard","meta":{"_bbp_topic_count":0,"_bbp_reply_count":0,"_bbp_total_topic_count":0,"_bbp_total_reply_count":0,"_bbp_voice_count":0,"_bbp_anonymous_reply_count":0,"_bbp_topic_count_hidden":0,"_bbp_reply_count_hidden":0,"_bbp_forum_subforum_count":0,"om_disable_all_campaigns":false,"_uag_custom_page_level_css":"","ngg_post_thumbnail":0,"footnotes":""},"categories":[20],"tags":[],"ppma_author":[199],"class_list":["post-2186","post","type-post","status-publish","format-standard","has-post-thumbnail","hentry","category-kitap"],"yoast_head":"<!-- This site is optimized with the Yoast SEO plugin v24.9 - https:\/\/yoast.com\/wordpress\/plugins\/seo\/ -->\n<title>Balkan Yaz\u0131s\u0131 Yazmak Zor Bir \u0130\u015f - simurgedebiyat.com<\/title>\n<meta name=\"robots\" content=\"index, follow, max-snippet:-1, max-image-preview:large, max-video-preview:-1\" \/>\n<link rel=\"canonical\" href=\"https:\/\/simurgedebiyat.com\/index.php\/2025\/09\/01\/balkan-yazisi-yazmak-zor-bir-is\/\" \/>\n<meta property=\"og:locale\" content=\"tr_TR\" \/>\n<meta property=\"og:type\" content=\"article\" \/>\n<meta property=\"og:title\" content=\"Balkan Yaz\u0131s\u0131 Yazmak Zor Bir \u0130\u015f - simurgedebiyat.com\" \/>\n<meta property=\"og:description\" content=\"Yazar Erdal Noyan\u2019\u0131n gezi notlar\u0131 ile tarih bilgisini bir araya getirdi\u011fi \u201cBalkan A\u00e7maz\u0131\u201d adl\u0131 kitap...\" \/>\n<meta property=\"og:url\" content=\"https:\/\/simurgedebiyat.com\/index.php\/2025\/09\/01\/balkan-yazisi-yazmak-zor-bir-is\/\" \/>\n<meta property=\"og:site_name\" content=\"simurgedebiyat.com\" \/>\n<meta property=\"article:published_time\" content=\"2025-09-01T12:37:01+00:00\" \/>\n<meta property=\"article:modified_time\" content=\"2025-09-01T13:08:06+00:00\" \/>\n<meta property=\"og:image\" content=\"https:\/\/simurgedebiyat.com\/wp-content\/uploads\/2025\/09\/Balkan-Acmazi.jpg\" \/>\n\t<meta property=\"og:image:width\" content=\"1569\" \/>\n\t<meta property=\"og:image:height\" content=\"2342\" \/>\n\t<meta property=\"og:image:type\" content=\"image\/jpeg\" \/>\n<meta name=\"author\" content=\"Misafir Kalem\" \/>\n<meta name=\"twitter:card\" content=\"summary_large_image\" \/>\n<meta name=\"twitter:label1\" content=\"Yazan:\" \/>\n\t<meta name=\"twitter:data1\" content=\"Misafir Kalem\" \/>\n\t<meta name=\"twitter:label2\" content=\"Tahmini okuma s\u00fcresi\" \/>\n\t<meta name=\"twitter:data2\" content=\"4 dakika\" \/>\n<script type=\"application\/ld+json\" class=\"yoast-schema-graph\">{\"@context\":\"https:\/\/schema.org\",\"@graph\":[{\"@type\":\"Article\",\"@id\":\"https:\/\/simurgedebiyat.com\/index.php\/2025\/09\/01\/balkan-yazisi-yazmak-zor-bir-is\/#article\",\"isPartOf\":{\"@id\":\"https:\/\/simurgedebiyat.com\/index.php\/2025\/09\/01\/balkan-yazisi-yazmak-zor-bir-is\/\"},\"author\":{\"name\":\"Misafir Kalem\",\"@id\":\"https:\/\/simurgedebiyat.com\/#\/schema\/person\/6cd4a2206085130e1c2f14da28db20be\"},\"headline\":\"Balkan Yaz\u0131s\u0131 Yazmak Zor Bir \u0130\u015f\",\"datePublished\":\"2025-09-01T12:37:01+00:00\",\"dateModified\":\"2025-09-01T13:08:06+00:00\",\"mainEntityOfPage\":{\"@id\":\"https:\/\/simurgedebiyat.com\/index.php\/2025\/09\/01\/balkan-yazisi-yazmak-zor-bir-is\/\"},\"wordCount\":732,\"commentCount\":1,\"publisher\":{\"@id\":\"https:\/\/simurgedebiyat.com\/#organization\"},\"image\":{\"@id\":\"https:\/\/simurgedebiyat.com\/index.php\/2025\/09\/01\/balkan-yazisi-yazmak-zor-bir-is\/#primaryimage\"},\"thumbnailUrl\":\"https:\/\/simurgedebiyat.com\/wp-content\/uploads\/2025\/09\/Balkan-Acmazi.jpg\",\"articleSection\":[\"Kitap\"],\"inLanguage\":\"tr\",\"potentialAction\":[{\"@type\":\"CommentAction\",\"name\":\"Comment\",\"target\":[\"https:\/\/simurgedebiyat.com\/index.php\/2025\/09\/01\/balkan-yazisi-yazmak-zor-bir-is\/#respond\"]}]},{\"@type\":\"WebPage\",\"@id\":\"https:\/\/simurgedebiyat.com\/index.php\/2025\/09\/01\/balkan-yazisi-yazmak-zor-bir-is\/\",\"url\":\"https:\/\/simurgedebiyat.com\/index.php\/2025\/09\/01\/balkan-yazisi-yazmak-zor-bir-is\/\",\"name\":\"Balkan Yaz\u0131s\u0131 Yazmak Zor Bir \u0130\u015f - simurgedebiyat.com\",\"isPartOf\":{\"@id\":\"https:\/\/simurgedebiyat.com\/#website\"},\"primaryImageOfPage\":{\"@id\":\"https:\/\/simurgedebiyat.com\/index.php\/2025\/09\/01\/balkan-yazisi-yazmak-zor-bir-is\/#primaryimage\"},\"image\":{\"@id\":\"https:\/\/simurgedebiyat.com\/index.php\/2025\/09\/01\/balkan-yazisi-yazmak-zor-bir-is\/#primaryimage\"},\"thumbnailUrl\":\"https:\/\/simurgedebiyat.com\/wp-content\/uploads\/2025\/09\/Balkan-Acmazi.jpg\",\"datePublished\":\"2025-09-01T12:37:01+00:00\",\"dateModified\":\"2025-09-01T13:08:06+00:00\",\"breadcrumb\":{\"@id\":\"https:\/\/simurgedebiyat.com\/index.php\/2025\/09\/01\/balkan-yazisi-yazmak-zor-bir-is\/#breadcrumb\"},\"inLanguage\":\"tr\",\"potentialAction\":[{\"@type\":\"ReadAction\",\"target\":[\"https:\/\/simurgedebiyat.com\/index.php\/2025\/09\/01\/balkan-yazisi-yazmak-zor-bir-is\/\"]}]},{\"@type\":\"ImageObject\",\"inLanguage\":\"tr\",\"@id\":\"https:\/\/simurgedebiyat.com\/index.php\/2025\/09\/01\/balkan-yazisi-yazmak-zor-bir-is\/#primaryimage\",\"url\":\"https:\/\/simurgedebiyat.com\/wp-content\/uploads\/2025\/09\/Balkan-Acmazi.jpg\",\"contentUrl\":\"https:\/\/simurgedebiyat.com\/wp-content\/uploads\/2025\/09\/Balkan-Acmazi.jpg\",\"width\":1569,\"height\":2342},{\"@type\":\"BreadcrumbList\",\"@id\":\"https:\/\/simurgedebiyat.com\/index.php\/2025\/09\/01\/balkan-yazisi-yazmak-zor-bir-is\/#breadcrumb\",\"itemListElement\":[{\"@type\":\"ListItem\",\"position\":1,\"name\":\"Anasayfa\",\"item\":\"https:\/\/simurgedebiyat.com\/\"},{\"@type\":\"ListItem\",\"position\":2,\"name\":\"Balkan Yaz\u0131s\u0131 Yazmak Zor Bir \u0130\u015f\"}]},{\"@type\":\"WebSite\",\"@id\":\"https:\/\/simurgedebiyat.com\/#website\",\"url\":\"https:\/\/simurgedebiyat.com\/\",\"name\":\"simurgedebiyat.com\",\"description\":\"edebiyat&amp;K\u00fclt\u00fcr&amp;Sanat&amp;D\u00fc\u015f\u00fcnce \",\"publisher\":{\"@id\":\"https:\/\/simurgedebiyat.com\/#organization\"},\"potentialAction\":[{\"@type\":\"SearchAction\",\"target\":{\"@type\":\"EntryPoint\",\"urlTemplate\":\"https:\/\/simurgedebiyat.com\/?s={search_term_string}\"},\"query-input\":{\"@type\":\"PropertyValueSpecification\",\"valueRequired\":true,\"valueName\":\"search_term_string\"}}],\"inLanguage\":\"tr\"},{\"@type\":\"Organization\",\"@id\":\"https:\/\/simurgedebiyat.com\/#organization\",\"name\":\"simurgedebiyat.com\",\"url\":\"https:\/\/simurgedebiyat.com\/\",\"logo\":{\"@type\":\"ImageObject\",\"inLanguage\":\"tr\",\"@id\":\"https:\/\/simurgedebiyat.com\/#\/schema\/logo\/image\/\",\"url\":\"https:\/\/simurgedebiyat.com\/wp-content\/uploads\/2025\/11\/cropped-HHHHH-1.jpeg\",\"contentUrl\":\"https:\/\/simurgedebiyat.com\/wp-content\/uploads\/2025\/11\/cropped-HHHHH-1.jpeg\",\"width\":245,\"height\":205,\"caption\":\"simurgedebiyat.com\"},\"image\":{\"@id\":\"https:\/\/simurgedebiyat.com\/#\/schema\/logo\/image\/\"}},{\"@type\":\"Person\",\"@id\":\"https:\/\/simurgedebiyat.com\/#\/schema\/person\/6cd4a2206085130e1c2f14da28db20be\",\"name\":\"Misafir Kalem\",\"image\":{\"@type\":\"ImageObject\",\"inLanguage\":\"tr\",\"@id\":\"https:\/\/simurgedebiyat.com\/#\/schema\/person\/image\/23494c9101089ad44ae88ce9d2f56aac\",\"url\":\"https:\/\/secure.gravatar.com\/avatar\/?s=96&d=mm&r=g\",\"contentUrl\":\"https:\/\/secure.gravatar.com\/avatar\/?s=96&d=mm&r=g\",\"caption\":\"Misafir Kalem\"},\"url\":\"https:\/\/simurgedebiyat.com\/index.php\/author\/misafir-kalem\/\"}]}<\/script>\n<!-- \/ Yoast SEO plugin. -->","yoast_head_json":{"title":"Balkan Yaz\u0131s\u0131 Yazmak Zor Bir \u0130\u015f - simurgedebiyat.com","robots":{"index":"index","follow":"follow","max-snippet":"max-snippet:-1","max-image-preview":"max-image-preview:large","max-video-preview":"max-video-preview:-1"},"canonical":"https:\/\/simurgedebiyat.com\/index.php\/2025\/09\/01\/balkan-yazisi-yazmak-zor-bir-is\/","og_locale":"tr_TR","og_type":"article","og_title":"Balkan Yaz\u0131s\u0131 Yazmak Zor Bir \u0130\u015f - simurgedebiyat.com","og_description":"Yazar Erdal Noyan\u2019\u0131n gezi notlar\u0131 ile tarih bilgisini bir araya getirdi\u011fi \u201cBalkan A\u00e7maz\u0131\u201d adl\u0131 kitap...","og_url":"https:\/\/simurgedebiyat.com\/index.php\/2025\/09\/01\/balkan-yazisi-yazmak-zor-bir-is\/","og_site_name":"simurgedebiyat.com","article_published_time":"2025-09-01T12:37:01+00:00","article_modified_time":"2025-09-01T13:08:06+00:00","og_image":[{"width":1569,"height":2342,"url":"https:\/\/simurgedebiyat.com\/wp-content\/uploads\/2025\/09\/Balkan-Acmazi.jpg","type":"image\/jpeg"}],"author":"Misafir Kalem","twitter_card":"summary_large_image","twitter_misc":{"Yazan:":"Misafir Kalem","Tahmini okuma s\u00fcresi":"4 dakika"},"schema":{"@context":"https:\/\/schema.org","@graph":[{"@type":"Article","@id":"https:\/\/simurgedebiyat.com\/index.php\/2025\/09\/01\/balkan-yazisi-yazmak-zor-bir-is\/#article","isPartOf":{"@id":"https:\/\/simurgedebiyat.com\/index.php\/2025\/09\/01\/balkan-yazisi-yazmak-zor-bir-is\/"},"author":{"name":"Misafir Kalem","@id":"https:\/\/simurgedebiyat.com\/#\/schema\/person\/6cd4a2206085130e1c2f14da28db20be"},"headline":"Balkan Yaz\u0131s\u0131 Yazmak Zor Bir \u0130\u015f","datePublished":"2025-09-01T12:37:01+00:00","dateModified":"2025-09-01T13:08:06+00:00","mainEntityOfPage":{"@id":"https:\/\/simurgedebiyat.com\/index.php\/2025\/09\/01\/balkan-yazisi-yazmak-zor-bir-is\/"},"wordCount":732,"commentCount":1,"publisher":{"@id":"https:\/\/simurgedebiyat.com\/#organization"},"image":{"@id":"https:\/\/simurgedebiyat.com\/index.php\/2025\/09\/01\/balkan-yazisi-yazmak-zor-bir-is\/#primaryimage"},"thumbnailUrl":"https:\/\/simurgedebiyat.com\/wp-content\/uploads\/2025\/09\/Balkan-Acmazi.jpg","articleSection":["Kitap"],"inLanguage":"tr","potentialAction":[{"@type":"CommentAction","name":"Comment","target":["https:\/\/simurgedebiyat.com\/index.php\/2025\/09\/01\/balkan-yazisi-yazmak-zor-bir-is\/#respond"]}]},{"@type":"WebPage","@id":"https:\/\/simurgedebiyat.com\/index.php\/2025\/09\/01\/balkan-yazisi-yazmak-zor-bir-is\/","url":"https:\/\/simurgedebiyat.com\/index.php\/2025\/09\/01\/balkan-yazisi-yazmak-zor-bir-is\/","name":"Balkan Yaz\u0131s\u0131 Yazmak Zor Bir \u0130\u015f - simurgedebiyat.com","isPartOf":{"@id":"https:\/\/simurgedebiyat.com\/#website"},"primaryImageOfPage":{"@id":"https:\/\/simurgedebiyat.com\/index.php\/2025\/09\/01\/balkan-yazisi-yazmak-zor-bir-is\/#primaryimage"},"image":{"@id":"https:\/\/simurgedebiyat.com\/index.php\/2025\/09\/01\/balkan-yazisi-yazmak-zor-bir-is\/#primaryimage"},"thumbnailUrl":"https:\/\/simurgedebiyat.com\/wp-content\/uploads\/2025\/09\/Balkan-Acmazi.jpg","datePublished":"2025-09-01T12:37:01+00:00","dateModified":"2025-09-01T13:08:06+00:00","breadcrumb":{"@id":"https:\/\/simurgedebiyat.com\/index.php\/2025\/09\/01\/balkan-yazisi-yazmak-zor-bir-is\/#breadcrumb"},"inLanguage":"tr","potentialAction":[{"@type":"ReadAction","target":["https:\/\/simurgedebiyat.com\/index.php\/2025\/09\/01\/balkan-yazisi-yazmak-zor-bir-is\/"]}]},{"@type":"ImageObject","inLanguage":"tr","@id":"https:\/\/simurgedebiyat.com\/index.php\/2025\/09\/01\/balkan-yazisi-yazmak-zor-bir-is\/#primaryimage","url":"https:\/\/simurgedebiyat.com\/wp-content\/uploads\/2025\/09\/Balkan-Acmazi.jpg","contentUrl":"https:\/\/simurgedebiyat.com\/wp-content\/uploads\/2025\/09\/Balkan-Acmazi.jpg","width":1569,"height":2342},{"@type":"BreadcrumbList","@id":"https:\/\/simurgedebiyat.com\/index.php\/2025\/09\/01\/balkan-yazisi-yazmak-zor-bir-is\/#breadcrumb","itemListElement":[{"@type":"ListItem","position":1,"name":"Anasayfa","item":"https:\/\/simurgedebiyat.com\/"},{"@type":"ListItem","position":2,"name":"Balkan Yaz\u0131s\u0131 Yazmak Zor Bir \u0130\u015f"}]},{"@type":"WebSite","@id":"https:\/\/simurgedebiyat.com\/#website","url":"https:\/\/simurgedebiyat.com\/","name":"simurgedebiyat.com","description":"edebiyat&amp;K\u00fclt\u00fcr&amp;Sanat&amp;D\u00fc\u015f\u00fcnce ","publisher":{"@id":"https:\/\/simurgedebiyat.com\/#organization"},"potentialAction":[{"@type":"SearchAction","target":{"@type":"EntryPoint","urlTemplate":"https:\/\/simurgedebiyat.com\/?s={search_term_string}"},"query-input":{"@type":"PropertyValueSpecification","valueRequired":true,"valueName":"search_term_string"}}],"inLanguage":"tr"},{"@type":"Organization","@id":"https:\/\/simurgedebiyat.com\/#organization","name":"simurgedebiyat.com","url":"https:\/\/simurgedebiyat.com\/","logo":{"@type":"ImageObject","inLanguage":"tr","@id":"https:\/\/simurgedebiyat.com\/#\/schema\/logo\/image\/","url":"https:\/\/simurgedebiyat.com\/wp-content\/uploads\/2025\/11\/cropped-HHHHH-1.jpeg","contentUrl":"https:\/\/simurgedebiyat.com\/wp-content\/uploads\/2025\/11\/cropped-HHHHH-1.jpeg","width":245,"height":205,"caption":"simurgedebiyat.com"},"image":{"@id":"https:\/\/simurgedebiyat.com\/#\/schema\/logo\/image\/"}},{"@type":"Person","@id":"https:\/\/simurgedebiyat.com\/#\/schema\/person\/6cd4a2206085130e1c2f14da28db20be","name":"Misafir Kalem","image":{"@type":"ImageObject","inLanguage":"tr","@id":"https:\/\/simurgedebiyat.com\/#\/schema\/person\/image\/23494c9101089ad44ae88ce9d2f56aac","url":"https:\/\/secure.gravatar.com\/avatar\/?s=96&d=mm&r=g","contentUrl":"https:\/\/secure.gravatar.com\/avatar\/?s=96&d=mm&r=g","caption":"Misafir Kalem"},"url":"https:\/\/simurgedebiyat.com\/index.php\/author\/misafir-kalem\/"}]}},"featured_image_urls":{"full":["https:\/\/simurgedebiyat.com\/wp-content\/uploads\/2025\/09\/Balkan-Acmazi.jpg",1569,2342,false],"thumbnail":["https:\/\/simurgedebiyat.com\/wp-content\/uploads\/2025\/09\/Balkan-Acmazi-150x150.jpg",150,150,true],"medium":["https:\/\/simurgedebiyat.com\/wp-content\/uploads\/2025\/09\/Balkan-Acmazi-201x300.jpg",201,300,true],"medium_large":["https:\/\/simurgedebiyat.com\/wp-content\/uploads\/2025\/09\/Balkan-Acmazi-768x1146.jpg",640,955,true],"large":["https:\/\/simurgedebiyat.com\/wp-content\/uploads\/2025\/09\/Balkan-Acmazi-686x1024.jpg",640,955,true],"1536x1536":["https:\/\/simurgedebiyat.com\/wp-content\/uploads\/2025\/09\/Balkan-Acmazi-1029x1536.jpg",1029,1536,true],"2048x2048":["https:\/\/simurgedebiyat.com\/wp-content\/uploads\/2025\/09\/Balkan-Acmazi-1372x2048.jpg",1372,2048,true],"covernews-slider-full":["https:\/\/simurgedebiyat.com\/wp-content\/uploads\/2025\/09\/Balkan-Acmazi-1115x715.jpg",1115,715,true],"covernews-slider-center":["https:\/\/simurgedebiyat.com\/wp-content\/uploads\/2025\/09\/Balkan-Acmazi-800x500.jpg",800,500,true],"covernews-featured":["https:\/\/simurgedebiyat.com\/wp-content\/uploads\/2025\/09\/Balkan-Acmazi-1024x1528.jpg",1024,1528,true],"covernews-medium":["https:\/\/simurgedebiyat.com\/wp-content\/uploads\/2025\/09\/Balkan-Acmazi-540x340.jpg",540,340,true],"covernews-medium-square":["https:\/\/simurgedebiyat.com\/wp-content\/uploads\/2025\/09\/Balkan-Acmazi-400x250.jpg",400,250,true],"sow-carousel-default":["https:\/\/simurgedebiyat.com\/wp-content\/uploads\/2025\/09\/Balkan-Acmazi-272x182.jpg",272,182,true],"sow-blog-portfolio":["https:\/\/simurgedebiyat.com\/wp-content\/uploads\/2025\/09\/Balkan-Acmazi-375x375.jpg",375,375,true],"sow-blog-grid":["https:\/\/simurgedebiyat.com\/wp-content\/uploads\/2025\/09\/Balkan-Acmazi-720x480.jpg",720,480,true],"sow-blog-alternate":["https:\/\/simurgedebiyat.com\/wp-content\/uploads\/2025\/09\/Balkan-Acmazi-950x630.jpg",950,630,true],"sow-recent-post":["https:\/\/simurgedebiyat.com\/wp-content\/uploads\/2025\/09\/Balkan-Acmazi-216x216.jpg",216,216,true]},"author_info":{"display_name":"Misafir Kalem","author_link":"https:\/\/simurgedebiyat.com\/index.php\/author\/misafir-kalem\/"},"category_info":"<a href=\"https:\/\/simurgedebiyat.com\/index.php\/category\/kitap\/\" rel=\"category tag\">Kitap<\/a>","tag_info":"Kitap","comment_count":"1","jetpack_featured_media_url":"https:\/\/simurgedebiyat.com\/wp-content\/uploads\/2025\/09\/Balkan-Acmazi.jpg","uagb_featured_image_src":{"full":["https:\/\/simurgedebiyat.com\/wp-content\/uploads\/2025\/09\/Balkan-Acmazi.jpg",1569,2342,false],"thumbnail":["https:\/\/simurgedebiyat.com\/wp-content\/uploads\/2025\/09\/Balkan-Acmazi-150x150.jpg",150,150,true],"medium":["https:\/\/simurgedebiyat.com\/wp-content\/uploads\/2025\/09\/Balkan-Acmazi-201x300.jpg",201,300,true],"medium_large":["https:\/\/simurgedebiyat.com\/wp-content\/uploads\/2025\/09\/Balkan-Acmazi-768x1146.jpg",640,955,true],"large":["https:\/\/simurgedebiyat.com\/wp-content\/uploads\/2025\/09\/Balkan-Acmazi-686x1024.jpg",640,955,true],"1536x1536":["https:\/\/simurgedebiyat.com\/wp-content\/uploads\/2025\/09\/Balkan-Acmazi-1029x1536.jpg",1029,1536,true],"2048x2048":["https:\/\/simurgedebiyat.com\/wp-content\/uploads\/2025\/09\/Balkan-Acmazi-1372x2048.jpg",1372,2048,true],"covernews-slider-full":["https:\/\/simurgedebiyat.com\/wp-content\/uploads\/2025\/09\/Balkan-Acmazi-1115x715.jpg",1115,715,true],"covernews-slider-center":["https:\/\/simurgedebiyat.com\/wp-content\/uploads\/2025\/09\/Balkan-Acmazi-800x500.jpg",800,500,true],"covernews-featured":["https:\/\/simurgedebiyat.com\/wp-content\/uploads\/2025\/09\/Balkan-Acmazi-1024x1528.jpg",1024,1528,true],"covernews-medium":["https:\/\/simurgedebiyat.com\/wp-content\/uploads\/2025\/09\/Balkan-Acmazi-540x340.jpg",540,340,true],"covernews-medium-square":["https:\/\/simurgedebiyat.com\/wp-content\/uploads\/2025\/09\/Balkan-Acmazi-400x250.jpg",400,250,true],"sow-carousel-default":["https:\/\/simurgedebiyat.com\/wp-content\/uploads\/2025\/09\/Balkan-Acmazi-272x182.jpg",272,182,true],"sow-blog-portfolio":["https:\/\/simurgedebiyat.com\/wp-content\/uploads\/2025\/09\/Balkan-Acmazi-375x375.jpg",375,375,true],"sow-blog-grid":["https:\/\/simurgedebiyat.com\/wp-content\/uploads\/2025\/09\/Balkan-Acmazi-720x480.jpg",720,480,true],"sow-blog-alternate":["https:\/\/simurgedebiyat.com\/wp-content\/uploads\/2025\/09\/Balkan-Acmazi-950x630.jpg",950,630,true],"sow-recent-post":["https:\/\/simurgedebiyat.com\/wp-content\/uploads\/2025\/09\/Balkan-Acmazi-216x216.jpg",216,216,true]},"uagb_author_info":{"display_name":"Misafir Kalem","author_link":"https:\/\/simurgedebiyat.com\/index.php\/author\/misafir-kalem\/"},"uagb_comment_info":1,"uagb_excerpt":"Yazar Erdal Noyan\u2019\u0131n gezi notlar\u0131 ile tarih bilgisini bir araya getirdi\u011fi \u201cBalkan A\u00e7maz\u0131\u201d adl\u0131 kitap...","authors":[{"term_id":199,"user_id":22,"is_guest":0,"slug":"misafir-kalem","display_name":"Misafir Kalem","avatar_url":{"url":"https:\/\/simurgedebiyat.com\/wp-content\/uploads\/2025\/10\/MISAFIR-KALEM.jpg","url2x":"https:\/\/simurgedebiyat.com\/wp-content\/uploads\/2025\/10\/MISAFIR-KALEM.jpg"},"first_name":"","last_name":"","user_url":"","job_title":"","description":""}],"_links":{"self":[{"href":"https:\/\/simurgedebiyat.com\/index.php\/wp-json\/wp\/v2\/posts\/2186","targetHints":{"allow":["GET"]}}],"collection":[{"href":"https:\/\/simurgedebiyat.com\/index.php\/wp-json\/wp\/v2\/posts"}],"about":[{"href":"https:\/\/simurgedebiyat.com\/index.php\/wp-json\/wp\/v2\/types\/post"}],"author":[{"embeddable":true,"href":"https:\/\/simurgedebiyat.com\/index.php\/wp-json\/wp\/v2\/users\/22"}],"replies":[{"embeddable":true,"href":"https:\/\/simurgedebiyat.com\/index.php\/wp-json\/wp\/v2\/comments?post=2186"}],"version-history":[{"count":3,"href":"https:\/\/simurgedebiyat.com\/index.php\/wp-json\/wp\/v2\/posts\/2186\/revisions"}],"predecessor-version":[{"id":2198,"href":"https:\/\/simurgedebiyat.com\/index.php\/wp-json\/wp\/v2\/posts\/2186\/revisions\/2198"}],"wp:featuredmedia":[{"embeddable":true,"href":"https:\/\/simurgedebiyat.com\/index.php\/wp-json\/wp\/v2\/media\/2187"}],"wp:attachment":[{"href":"https:\/\/simurgedebiyat.com\/index.php\/wp-json\/wp\/v2\/media?parent=2186"}],"wp:term":[{"taxonomy":"category","embeddable":true,"href":"https:\/\/simurgedebiyat.com\/index.php\/wp-json\/wp\/v2\/categories?post=2186"},{"taxonomy":"post_tag","embeddable":true,"href":"https:\/\/simurgedebiyat.com\/index.php\/wp-json\/wp\/v2\/tags?post=2186"},{"taxonomy":"author","embeddable":true,"href":"https:\/\/simurgedebiyat.com\/index.php\/wp-json\/wp\/v2\/ppma_author?post=2186"}],"curies":[{"name":"wp","href":"https:\/\/api.w.org\/{rel}","templated":true}]}}