{"id":2180,"date":"2025-09-01T15:07:50","date_gmt":"2025-09-01T12:07:50","guid":{"rendered":"https:\/\/simurgedebiyat.com\/?p=2180"},"modified":"2025-09-01T15:07:50","modified_gmt":"2025-09-01T12:07:50","slug":"gazzenin-cocuklari","status":"publish","type":"post","link":"https:\/\/simurgedebiyat.com\/index.php\/2025\/09\/01\/gazzenin-cocuklari\/","title":{"rendered":"Gazze&#8217;nin \u00c7ocuklar\u0131"},"content":{"rendered":"<p><em>(Hik\u00e2yenin kahramanlar\u0131 olan iki karde\u015fe Gazze\u2019de 8 Temmuz 2014\u2019te 11 ya\u015f\u0131nda \u015fehit olan K\u00e2s\u0131m Cabir Kavari ve hen\u00fcz 1 ya\u015f\u0131ndayken 9 Temmuz 2014\u2019te \u015fehadet \u015ferbetini yudumlayan Ranin Cevdet Abdil Gafur\u2019un isimleri verilmi\u015ftir. \u00d6yk\u00fc, \u00e7ocuklar ba\u015fta olmak \u00fczere \u0130srail\u2019in sald\u0131r\u0131lar\u0131nda can veren t\u00fcm \u015fehitlere ve d\u00fcnyan\u0131n d\u00f6rt bir yan\u0131ndan, bu katliama sessiz kalmayan cesur y\u00fcreklere ithaf olunur.)<\/em><\/p>\n<p><strong>Bir sava\u015f oyunu biz \u00e7ocuklar\u0131nki, siz \u00e7ocuklar da oynuyorsunuz bu oyunu ama bir farkla:<\/strong><\/p>\n<p><strong>Siz vurulursan\u0131z oyunu kaybedersiniz, biz vurulursak \u015fehit oluruz.<\/strong><\/p>\n<p><em>Oyun vakti! Annemin elime tutu\u015fturdu\u011fu bir dilim karpuzu ald\u0131\u011f\u0131m gibi ko\u015fmaya ba\u015flad\u0131m.&nbsp;<strong>Her yere bahar gelmi\u015f, renkli \u00e7i\u00e7eklerle bezenmi\u015f ye\u015fil bir hal\u0131n\u0131n \u00fczerinde u\u00e7uyor gibiyim.<\/strong><\/em><\/p>\n<p><em>Onu g\u00f6rd\u00fcm, benim ya\u015flar\u0131mda bir \u00e7ocuk. \u00c7\u00f6melmi\u015f, elindeki ta\u015fla yere bir \u015feyler \u00e7iziyor. Sa\u00e7lar\u0131 diken diken, elbisesi yamal\u0131, s\u0131rt\u0131 bana d\u00f6n\u00fck.<\/em><\/p>\n<p><em>&nbsp;<\/em><em>-Ne \u00e7iziyorsun?<\/em><\/p>\n<p><em>&nbsp;<\/em><em>-\u00d6zg\u00fcrl\u00fc\u011f\u00fc.<\/em><\/p>\n<p><em>Yan\u0131na yakla\u015ft\u0131m, resmine bakt\u0131m, \u00e7ok g\u00fczeldi.<\/em><\/p>\n<p><em>&nbsp;<\/em><em>-Suphanallah! Ne g\u00fczel \u00e7izmi\u015fsin, sen ressam m\u0131s\u0131n?<\/em><\/p>\n<p><em>Cevap vermedi, \u00e7izmeye devam etti. Yan\u0131na \u00e7\u00f6meldim, sessizce izledim. Resmi bitirdi. \u0130kimiz de hi\u00e7 konu\u015fmadan uzunca bir zaman resme bakt\u0131k. O ne d\u00fc\u015f\u00fcn\u00fcyordu bilmiyorum ama benim kurdu\u011fum hayaller \u00e7ok g\u00fczeldi. Birden aya\u011fa kalkt\u0131.<\/em><\/p>\n<p><em>-Gitmeliyim!<\/em><\/p>\n<p><em>Ba\u015f\u0131m\u0131 \u00e7evirdi\u011fimde s\u0131rt\u0131n\u0131 g\u00f6rd\u00fcm yine. Gidiyordu.<\/em><\/p>\n<p><em>-Gitmesene daha tan\u0131\u015fmad\u0131k bile, ben K\u00e2s\u0131m, sen kimsin, ad\u0131n ne!<\/em><\/p>\n<p><strong><em>-Annen seni \u00e7a\u011f\u0131r\u0131yor, sen de gitmelisin.<\/em><\/strong><\/p>\n<p><em>Arkas\u0131na bile bakmadan gitti. Giderken \u00e7\u0131plak ayaklar\u0131na g\u00f6z\u00fcm tak\u0131ld\u0131. Ad\u0131m att\u0131k\u00e7a kupkuru topraktan tozlar havalan\u0131yordu. \u00c7\u00f6lde mi y\u00fcr\u00fcyordu yoksa y\u00fcr\u00fcd\u00fc\u011f\u00fc yerler mi \u00e7\u00f6lle\u015fiyordu, anlayamad\u0131m. Avaz\u0131m \u00e7\u0131kt\u0131\u011f\u0131 kadar ba\u011f\u0131rd\u0131m.<\/em><\/p>\n<p><em>-Heey! Ad\u0131n\u0131 s\u00f6ylemedin?<\/em><\/p>\n<p><em>-Hanzala !<\/em><\/p>\n<p>***<\/p>\n<p>G\u00f6z kapaklar\u0131m \u00e7ok a\u011f\u0131r yava\u015f\u00e7a a\u00e7abildim. G\u00f6zlerim ac\u0131yor, g\u00f6ky\u00fcz\u00fc sisli, havada bir \u015feyler u\u00e7u\u015fuyor ama \u00e7ok yava\u015f hareket ediyor. Hi\u00e7 ses yok, \u00e7\u0131t \u00e7\u0131km\u0131yor. G\u00f6z kapaklar\u0131m \u00e7ok a\u011f\u0131r, tutam\u0131yorum, Hanzala\u2019n\u0131n \u00e7izdi\u011fi resme tekrar bakmal\u0131y\u0131m. \u00c7ok g\u00fczeldi\u2026<\/p>\n<p>Yine mi toz duman etraf, ne kadar zaman ge\u00e7ti acaba? Az \u00f6nce mi kapatm\u0131\u015ft\u0131m g\u00f6zlerimi, sadece g\u00f6z k\u0131rpm\u0131\u015f olabilir miyim? Yine a\u011f\u0131r a\u011f\u0131r ilerliyor \u015fu toz zerreleri. Kararmaya ba\u015flad\u0131 g\u00f6zlerim.<\/p>\n<p><strong>Karanl\u0131ktan griye bir ge\u00e7i\u015f daha!<\/strong>&nbsp;A\u00e7abildim nihayet g\u00f6zlerimi, anlayam\u0131yorum, beynim durmu\u015f gibi. Kula\u011f\u0131mda bir u\u011fultu var, g\u00f6ky\u00fcz\u00fcn\u00fcn grili, siyahl\u0131 tozlu g\u00f6r\u00fcnt\u00fcs\u00fcnde beliren bir kad\u0131n g\u00f6r\u00fcyorum. H\u0131zl\u0131 hareket eden tek \u015fey, y\u00fcz\u00fc kanl\u0131 olan bu kad\u0131n. Beliriyor, iyice yakla\u015f\u0131yor, a\u011fz\u0131 da k\u0131p\u0131rd\u0131yor. Yanaklar\u0131mda bir a\u011f\u0131rl\u0131k var, g\u00f6r\u00fcnt\u00fcy\u00fc sars\u0131yor bu a\u011f\u0131rl\u0131k. Kad\u0131n bir gidiyor, bir geliyor, her geli\u015finde sars\u0131l\u0131yorum. Galiba konu\u015fuyor. Acaba ne s\u00f6yl\u00fcyor? Onu duyam\u0131yorum ki!<\/p>\n<p>Beynimin buzlar\u0131 yava\u015f yava\u015f \u00e7\u00f6z\u00fcl\u00fcyor, v\u00fccudumu hissetmeye ba\u015flad\u0131m. Dizim ac\u0131yor, hareket ettiremiyorum. Bir ac\u0131 daha hissediyorum, kolum olabilir, elim mi yoksa? Bir bakay\u0131m! Ba\u015f\u0131m\u0131 \u00e7evirmeyi ak\u0131l ettim nihayet. G\u00f6ky\u00fcz\u00fcn\u00fcn kaplad\u0131\u011f\u0131 g\u00f6r\u00fcnt\u00fcye biraz bedenim \u00e7ok\u00e7a y\u0131k\u0131k duvarlar girdi. O kad\u0131n yine g\u00f6r\u00fcnd\u00fc; \u00fcst\u00fc ba\u015f\u0131 peri\u015fan, toz i\u00e7erisinde, y\u00fcz\u00fcn\u00fcn yar\u0131s\u0131, ba\u015f\u0131n\u0131n \u00fcst\u00fcnden akan kanla kapl\u0131. Tan\u0131d\u0131k biri galiba! Kim, kim, kim bu kad\u0131n? Yine beni sars\u0131yor \u00fcstelik bu defa \u00e7eki\u015ftirip kald\u0131rmaya \u00e7al\u0131\u015f\u0131yor. \u201cYapma! \u00c7eki\u015ftirme, can\u0131m yan\u0131yor\u201d. \u201cDur\u201d diyorum ama a\u011fz\u0131mdan kelimeler de\u011fil sadece iniltiler \u00e7\u0131k\u0131yor. Konu\u015fam\u0131yorum.&nbsp;<strong>Konu\u015fmak? Nas\u0131l konu\u015fulur, ben de onun gibi y\u00fcz\u00fcm\u00fc hareket ettirmeliyim.<\/strong>&nbsp;Nas\u0131l yap\u0131yor bir bakay\u0131m. \u201cDur, gitme, kaybolma!\u201d Ba\u015f\u0131m kocaman bir kaya par\u00e7as\u0131ym\u0131\u015f\u00e7as\u0131na a\u011f\u0131r, zorlan\u0131yorum. Hele g\u00f6z kapaklar\u0131m\u2026 A\u011f\u0131rla\u015ft\u0131 yine.<\/p>\n<p>Birileri y\u00fcz\u00fcme vuruyor, bu ka\u00e7\u0131nc\u0131 kendime geli\u015fim? Hay\u0131r, hay\u0131r! Bu ka\u00e7\u0131nc\u0131 kendime gelemeyi\u015fim? Kad\u0131nca\u011f\u0131z burnumun dibindeydi yine, iyice bakt\u0131m y\u00fcz\u00fcne. Tan\u0131d\u0131m! Bu kad\u0131n benim annem. Yava\u015f yava\u015f anlamaya ba\u015fl\u0131yorum. Etraf\u0131ma g\u00f6z gezdirmeye karar verdim. Zihnim berrakla\u015f\u0131yor, beynimin sisi da\u011f\u0131ld\u0131k\u00e7a idrak etmeye ba\u015flad\u0131m. \u015eu an yerde, y\u0131k\u0131nt\u0131lar\u0131n aras\u0131nda yat\u0131yorum. Buras\u0131 bizim evimiz. Annem yan\u0131mda, aya\u011f\u0131m\u0131n \u00fczerindeki beton par\u00e7as\u0131n\u0131 \u00e7\u0131plak elleriyle kald\u0131rmaya \u00e7al\u0131\u015f\u0131yor ama her deneyi\u015fi h\u00fcsran. \u201cBabam nerede?\u201d O olsayd\u0131 kald\u0131r\u0131rd\u0131 betonu. G\u00fc\u00e7l\u00fcd\u00fcr benim babam. Karde\u015fim Ranin\u2019i de g\u00f6remiyorum.&nbsp;<strong>Annem y\u0131k\u0131nt\u0131lar\u0131n aras\u0131nda bir o yana bir bu yana ko\u015fu\u015fturuyor, bulabildikleriyle molozu k\u0131rmaya, kald\u0131rmaya \u00e7al\u0131\u015f\u0131yor. Elinde di\u015fleri yamulmu\u015f bir \u00e7atal var, cebelle\u015fiyor aya\u011f\u0131m\u0131n \u00fczerindeki beton par\u00e7as\u0131yla.<\/strong>&nbsp;Olmad\u0131! \u00c7atal utanc\u0131ndan boynunu b\u00fckt\u00fc. Y\u00fcz\u00fcndeki kan\u0131 fark etmi\u015ftim ama g\u00f6zya\u015flar\u0131n\u0131 yeni g\u00f6rd\u00fcm, a\u011fl\u0131yordu benim g\u00fczel annem.&nbsp;<strong>\u201cA\u011flama anne, ben senin bir damla g\u00f6zya\u015f\u0131na aya\u011f\u0131m\u0131 feda ederim.\u201d<\/strong><\/p>\n<p>***<\/p>\n<p><em>\u201cBu i\u015fgalcilerin hepsi \u00f6lmeli, bir tanesi bile sa\u011f kalmamal\u0131<strong>. \u00d6l\u00fcmleri kendi su\u00e7lar\u0131, burada olmamal\u0131yd\u0131lar. Bu topraklar onlar\u0131n de\u011fil, bizim topraklar\u0131m\u0131z.<\/strong>&nbsp;<strong>Tanr\u0131\u2019n\u0131n bize vadetti\u011fi topraklarda ayr\u0131k otu gibi ya\u015fad\u0131lar bunca zaman.<\/strong>&nbsp;Bu otlar\u0131 ta 1948\u2019de yolup atmal\u0131yd\u0131k, ge\u00e7 bile kald\u0131k. Hay\u0131r, \u00e7ok daha \u00f6nce yapmal\u0131yd\u0131k.\u201d<\/em><\/p>\n<p><em>&nbsp;<\/em>-Hedefe var\u0131\u015f i\u00e7in son 5 saniye!<\/p>\n<p>Telsizden gelen sesle i\u00e7 konu\u015fmas\u0131na ara verdi Netanel. \u015eimdi g\u00f6rev zaman\u0131yd\u0131, t\u00fcm dikkatini toplamal\u0131, ya\u015fama gayesi olan kutsal g\u00f6revine odaklanmal\u0131yd\u0131.<\/p>\n<p>\u2013 5, 4, 3, 2, 1. At\u0131\u015f serbest!<\/p>\n<p>Netanel, El-Ehli Baptist Hastanesini yerle bir etme emri alm\u0131\u015ft\u0131, 10 g\u00fcnd\u00fcr s\u00fcren sava\u015fta yaralananlar\u0131n bir\u00e7o\u011fu oradayd\u0131, \u00fcstelik bombalardan ka\u00e7mak isteyenlerin s\u0131\u011f\u0131na\u011f\u0131 olmu\u015ftu.<\/p>\n<p><em>\u201cHastaneleri, okullar\u0131, camileri bombalamak sava\u015f su\u00e7uymu\u015f; siviller \u00f6ld\u00fcr\u00fclemezmi\u015f. G\u00f6rs\u00fcnler bakal\u0131m t\u00fcm d\u00fcnyan\u0131n g\u00f6z\u00fc \u00f6n\u00fcnde buralar\u0131 nas\u0131l cehenneme \u00e7eviriyoruz. Sivil de\u011fil onlar! Topraklar\u0131m\u0131za \u00e7\u00f6reklenmi\u015f birer parazit hepsi! Yak\u0131p y\u0131k\u0131p yok edece\u011fiz. Bu habis urun k\u00f6k\u00fcn\u00fc kurutaca\u011f\u0131z.&nbsp;<strong>Kim, hangi \u00fclke bizi durdurabilecek? Finanse etti\u011fimiz, y\u00f6netti\u011fimiz devletler mi bizi yarg\u0131layacak? Yoksa korkak M\u00fcsl\u00fcmanlar m\u0131 cesaret edip kar\u015f\u0131m\u0131za dikilecek?\u201d<\/strong><\/em><\/p>\n<p><em>&nbsp;<\/em>Duda\u011f\u0131n\u0131 k\u0131v\u0131rarak alayc\u0131 bir g\u00fcl\u00fcmseme yerle\u015ftirdi surat\u0131na. Kibirli bak\u0131\u015flar\u0131n\u0131 hedefine kilitledi ve b\u00fcy\u00fck bir keyifle arka arkaya iki g\u00fcd\u00fcml\u00fc f\u00fczeyi ate\u015fledi. Tam isabetle hedefi vuran Netanel arkas\u0131nda bir toz ve ate\u015f bulutu b\u0131rakt\u0131\u011f\u0131n\u0131 g\u00f6r\u00fcnce sevin\u00e7ten kalbinin patlayaca\u011f\u0131n\u0131 sand\u0131. A\u011fz\u0131 kulaklar\u0131na var\u0131yordu. Kanlanm\u0131\u015f g\u00f6zleri iyice a\u00e7\u0131lm\u0131\u015ft\u0131. H\u00e2l\u00e2 bombalamas\u0131 gereken parazit yuvalar\u0131 vard\u0131. Abluka alt\u0131ndaki Gazze \u015feridi boyunca o ve arkada\u015flar\u0131 bombard\u0131mana devam ettiler. Jet \u00fcss\u00fcne d\u00f6nerken keyfine diyecek yoktu, onun gibi asker olan sevgilisi Ilana\u2019ya anlatacaklar\u0131n\u0131 d\u00fc\u015f\u00fcnd\u00fck\u00e7e heyecanland\u0131. Bundan daha gururlu bir an ya\u015famam\u0131\u015ft\u0131.<\/p>\n<p>Bu yaz\u0131 Saniye MECEK&#8217;ten al\u0131nm\u0131\u015ft\u0131r.<\/p>\n","protected":false},"excerpt":{"rendered":"<p>(Hik\u00e2yenin kahramanlar\u0131 olan iki karde\u015fe Gazze\u2019de 8 Temmuz 2014\u2019te 11 ya\u015f\u0131nda \u015fehit olan K\u00e2s\u0131m Cabir&#8230;<\/p>\n","protected":false},"author":22,"featured_media":2181,"comment_status":"open","ping_status":"open","sticky":false,"template":"","format":"standard","meta":{"_bbp_topic_count":0,"_bbp_reply_count":0,"_bbp_total_topic_count":0,"_bbp_total_reply_count":0,"_bbp_voice_count":0,"_bbp_anonymous_reply_count":0,"_bbp_topic_count_hidden":0,"_bbp_reply_count_hidden":0,"_bbp_forum_subforum_count":0,"om_disable_all_campaigns":false,"_uag_custom_page_level_css":"","ngg_post_thumbnail":0,"footnotes":""},"categories":[179],"tags":[],"ppma_author":[199],"class_list":["post-2180","post","type-post","status-publish","format-standard","has-post-thumbnail","hentry","category-arastirmalar"],"yoast_head":"<!-- This site is optimized with the Yoast SEO plugin v24.9 - https:\/\/yoast.com\/wordpress\/plugins\/seo\/ -->\n<title>Gazze&#039;nin \u00c7ocuklar\u0131 - simurgedebiyat.com<\/title>\n<meta name=\"robots\" content=\"index, follow, max-snippet:-1, max-image-preview:large, max-video-preview:-1\" \/>\n<link rel=\"canonical\" href=\"https:\/\/simurgedebiyat.com\/index.php\/2025\/09\/01\/gazzenin-cocuklari\/\" \/>\n<meta property=\"og:locale\" content=\"tr_TR\" \/>\n<meta property=\"og:type\" content=\"article\" \/>\n<meta property=\"og:title\" content=\"Gazze&#039;nin \u00c7ocuklar\u0131 - simurgedebiyat.com\" \/>\n<meta property=\"og:description\" content=\"(Hik\u00e2yenin kahramanlar\u0131 olan iki karde\u015fe Gazze\u2019de 8 Temmuz 2014\u2019te 11 ya\u015f\u0131nda \u015fehit olan K\u00e2s\u0131m Cabir...\" \/>\n<meta property=\"og:url\" content=\"https:\/\/simurgedebiyat.com\/index.php\/2025\/09\/01\/gazzenin-cocuklari\/\" \/>\n<meta property=\"og:site_name\" content=\"simurgedebiyat.com\" \/>\n<meta property=\"article:published_time\" content=\"2025-09-01T12:07:50+00:00\" \/>\n<meta property=\"og:image\" content=\"https:\/\/simurgedebiyat.com\/wp-content\/uploads\/2025\/09\/gazzenin-deyr-el-belah-ilinde-cocuk-felci-asisi-basliyor-4-eylule-kadar-devam-edecek-lqxr.jpg\" \/>\n\t<meta property=\"og:image:width\" content=\"1280\" \/>\n\t<meta property=\"og:image:height\" content=\"720\" \/>\n\t<meta property=\"og:image:type\" content=\"image\/jpeg\" \/>\n<meta name=\"author\" content=\"Misafir Kalem\" \/>\n<meta name=\"twitter:card\" content=\"summary_large_image\" \/>\n<meta name=\"twitter:label1\" content=\"Yazan:\" \/>\n\t<meta name=\"twitter:data1\" content=\"Misafir Kalem\" \/>\n\t<meta name=\"twitter:label2\" content=\"Tahmini okuma s\u00fcresi\" \/>\n\t<meta name=\"twitter:data2\" content=\"6 dakika\" \/>\n<script type=\"application\/ld+json\" class=\"yoast-schema-graph\">{\"@context\":\"https:\/\/schema.org\",\"@graph\":[{\"@type\":\"Article\",\"@id\":\"https:\/\/simurgedebiyat.com\/index.php\/2025\/09\/01\/gazzenin-cocuklari\/#article\",\"isPartOf\":{\"@id\":\"https:\/\/simurgedebiyat.com\/index.php\/2025\/09\/01\/gazzenin-cocuklari\/\"},\"author\":{\"name\":\"Misafir Kalem\",\"@id\":\"https:\/\/simurgedebiyat.com\/#\/schema\/person\/6cd4a2206085130e1c2f14da28db20be\"},\"headline\":\"Gazze&#8217;nin \u00c7ocuklar\u0131\",\"datePublished\":\"2025-09-01T12:07:50+00:00\",\"mainEntityOfPage\":{\"@id\":\"https:\/\/simurgedebiyat.com\/index.php\/2025\/09\/01\/gazzenin-cocuklari\/\"},\"wordCount\":1284,\"commentCount\":0,\"publisher\":{\"@id\":\"https:\/\/simurgedebiyat.com\/#organization\"},\"image\":{\"@id\":\"https:\/\/simurgedebiyat.com\/index.php\/2025\/09\/01\/gazzenin-cocuklari\/#primaryimage\"},\"thumbnailUrl\":\"https:\/\/simurgedebiyat.com\/wp-content\/uploads\/2025\/09\/gazzenin-deyr-el-belah-ilinde-cocuk-felci-asisi-basliyor-4-eylule-kadar-devam-edecek-lqxr.jpg\",\"articleSection\":[\"Ara\u015ft\u0131rmalar\"],\"inLanguage\":\"tr\",\"potentialAction\":[{\"@type\":\"CommentAction\",\"name\":\"Comment\",\"target\":[\"https:\/\/simurgedebiyat.com\/index.php\/2025\/09\/01\/gazzenin-cocuklari\/#respond\"]}]},{\"@type\":\"WebPage\",\"@id\":\"https:\/\/simurgedebiyat.com\/index.php\/2025\/09\/01\/gazzenin-cocuklari\/\",\"url\":\"https:\/\/simurgedebiyat.com\/index.php\/2025\/09\/01\/gazzenin-cocuklari\/\",\"name\":\"Gazze'nin \u00c7ocuklar\u0131 - simurgedebiyat.com\",\"isPartOf\":{\"@id\":\"https:\/\/simurgedebiyat.com\/#website\"},\"primaryImageOfPage\":{\"@id\":\"https:\/\/simurgedebiyat.com\/index.php\/2025\/09\/01\/gazzenin-cocuklari\/#primaryimage\"},\"image\":{\"@id\":\"https:\/\/simurgedebiyat.com\/index.php\/2025\/09\/01\/gazzenin-cocuklari\/#primaryimage\"},\"thumbnailUrl\":\"https:\/\/simurgedebiyat.com\/wp-content\/uploads\/2025\/09\/gazzenin-deyr-el-belah-ilinde-cocuk-felci-asisi-basliyor-4-eylule-kadar-devam-edecek-lqxr.jpg\",\"datePublished\":\"2025-09-01T12:07:50+00:00\",\"breadcrumb\":{\"@id\":\"https:\/\/simurgedebiyat.com\/index.php\/2025\/09\/01\/gazzenin-cocuklari\/#breadcrumb\"},\"inLanguage\":\"tr\",\"potentialAction\":[{\"@type\":\"ReadAction\",\"target\":[\"https:\/\/simurgedebiyat.com\/index.php\/2025\/09\/01\/gazzenin-cocuklari\/\"]}]},{\"@type\":\"ImageObject\",\"inLanguage\":\"tr\",\"@id\":\"https:\/\/simurgedebiyat.com\/index.php\/2025\/09\/01\/gazzenin-cocuklari\/#primaryimage\",\"url\":\"https:\/\/simurgedebiyat.com\/wp-content\/uploads\/2025\/09\/gazzenin-deyr-el-belah-ilinde-cocuk-felci-asisi-basliyor-4-eylule-kadar-devam-edecek-lqxr.jpg\",\"contentUrl\":\"https:\/\/simurgedebiyat.com\/wp-content\/uploads\/2025\/09\/gazzenin-deyr-el-belah-ilinde-cocuk-felci-asisi-basliyor-4-eylule-kadar-devam-edecek-lqxr.jpg\",\"width\":1280,\"height\":720},{\"@type\":\"BreadcrumbList\",\"@id\":\"https:\/\/simurgedebiyat.com\/index.php\/2025\/09\/01\/gazzenin-cocuklari\/#breadcrumb\",\"itemListElement\":[{\"@type\":\"ListItem\",\"position\":1,\"name\":\"Anasayfa\",\"item\":\"https:\/\/simurgedebiyat.com\/\"},{\"@type\":\"ListItem\",\"position\":2,\"name\":\"Gazze&#8217;nin \u00c7ocuklar\u0131\"}]},{\"@type\":\"WebSite\",\"@id\":\"https:\/\/simurgedebiyat.com\/#website\",\"url\":\"https:\/\/simurgedebiyat.com\/\",\"name\":\"simurgedebiyat.com\",\"description\":\"edebiyat&amp;K\u00fclt\u00fcr&amp;Sanat&amp;D\u00fc\u015f\u00fcnce \",\"publisher\":{\"@id\":\"https:\/\/simurgedebiyat.com\/#organization\"},\"potentialAction\":[{\"@type\":\"SearchAction\",\"target\":{\"@type\":\"EntryPoint\",\"urlTemplate\":\"https:\/\/simurgedebiyat.com\/?s={search_term_string}\"},\"query-input\":{\"@type\":\"PropertyValueSpecification\",\"valueRequired\":true,\"valueName\":\"search_term_string\"}}],\"inLanguage\":\"tr\"},{\"@type\":\"Organization\",\"@id\":\"https:\/\/simurgedebiyat.com\/#organization\",\"name\":\"simurgedebiyat.com\",\"url\":\"https:\/\/simurgedebiyat.com\/\",\"logo\":{\"@type\":\"ImageObject\",\"inLanguage\":\"tr\",\"@id\":\"https:\/\/simurgedebiyat.com\/#\/schema\/logo\/image\/\",\"url\":\"https:\/\/simurgedebiyat.com\/wp-content\/uploads\/2025\/11\/cropped-HHHHH-1.jpeg\",\"contentUrl\":\"https:\/\/simurgedebiyat.com\/wp-content\/uploads\/2025\/11\/cropped-HHHHH-1.jpeg\",\"width\":245,\"height\":205,\"caption\":\"simurgedebiyat.com\"},\"image\":{\"@id\":\"https:\/\/simurgedebiyat.com\/#\/schema\/logo\/image\/\"}},{\"@type\":\"Person\",\"@id\":\"https:\/\/simurgedebiyat.com\/#\/schema\/person\/6cd4a2206085130e1c2f14da28db20be\",\"name\":\"Misafir Kalem\",\"image\":{\"@type\":\"ImageObject\",\"inLanguage\":\"tr\",\"@id\":\"https:\/\/simurgedebiyat.com\/#\/schema\/person\/image\/23494c9101089ad44ae88ce9d2f56aac\",\"url\":\"https:\/\/secure.gravatar.com\/avatar\/?s=96&d=mm&r=g\",\"contentUrl\":\"https:\/\/secure.gravatar.com\/avatar\/?s=96&d=mm&r=g\",\"caption\":\"Misafir Kalem\"},\"url\":\"https:\/\/simurgedebiyat.com\/index.php\/author\/misafir-kalem\/\"}]}<\/script>\n<!-- \/ Yoast SEO plugin. -->","yoast_head_json":{"title":"Gazze'nin \u00c7ocuklar\u0131 - simurgedebiyat.com","robots":{"index":"index","follow":"follow","max-snippet":"max-snippet:-1","max-image-preview":"max-image-preview:large","max-video-preview":"max-video-preview:-1"},"canonical":"https:\/\/simurgedebiyat.com\/index.php\/2025\/09\/01\/gazzenin-cocuklari\/","og_locale":"tr_TR","og_type":"article","og_title":"Gazze'nin \u00c7ocuklar\u0131 - simurgedebiyat.com","og_description":"(Hik\u00e2yenin kahramanlar\u0131 olan iki karde\u015fe Gazze\u2019de 8 Temmuz 2014\u2019te 11 ya\u015f\u0131nda \u015fehit olan K\u00e2s\u0131m Cabir...","og_url":"https:\/\/simurgedebiyat.com\/index.php\/2025\/09\/01\/gazzenin-cocuklari\/","og_site_name":"simurgedebiyat.com","article_published_time":"2025-09-01T12:07:50+00:00","og_image":[{"width":1280,"height":720,"url":"https:\/\/simurgedebiyat.com\/wp-content\/uploads\/2025\/09\/gazzenin-deyr-el-belah-ilinde-cocuk-felci-asisi-basliyor-4-eylule-kadar-devam-edecek-lqxr.jpg","type":"image\/jpeg"}],"author":"Misafir Kalem","twitter_card":"summary_large_image","twitter_misc":{"Yazan:":"Misafir Kalem","Tahmini okuma s\u00fcresi":"6 dakika"},"schema":{"@context":"https:\/\/schema.org","@graph":[{"@type":"Article","@id":"https:\/\/simurgedebiyat.com\/index.php\/2025\/09\/01\/gazzenin-cocuklari\/#article","isPartOf":{"@id":"https:\/\/simurgedebiyat.com\/index.php\/2025\/09\/01\/gazzenin-cocuklari\/"},"author":{"name":"Misafir Kalem","@id":"https:\/\/simurgedebiyat.com\/#\/schema\/person\/6cd4a2206085130e1c2f14da28db20be"},"headline":"Gazze&#8217;nin \u00c7ocuklar\u0131","datePublished":"2025-09-01T12:07:50+00:00","mainEntityOfPage":{"@id":"https:\/\/simurgedebiyat.com\/index.php\/2025\/09\/01\/gazzenin-cocuklari\/"},"wordCount":1284,"commentCount":0,"publisher":{"@id":"https:\/\/simurgedebiyat.com\/#organization"},"image":{"@id":"https:\/\/simurgedebiyat.com\/index.php\/2025\/09\/01\/gazzenin-cocuklari\/#primaryimage"},"thumbnailUrl":"https:\/\/simurgedebiyat.com\/wp-content\/uploads\/2025\/09\/gazzenin-deyr-el-belah-ilinde-cocuk-felci-asisi-basliyor-4-eylule-kadar-devam-edecek-lqxr.jpg","articleSection":["Ara\u015ft\u0131rmalar"],"inLanguage":"tr","potentialAction":[{"@type":"CommentAction","name":"Comment","target":["https:\/\/simurgedebiyat.com\/index.php\/2025\/09\/01\/gazzenin-cocuklari\/#respond"]}]},{"@type":"WebPage","@id":"https:\/\/simurgedebiyat.com\/index.php\/2025\/09\/01\/gazzenin-cocuklari\/","url":"https:\/\/simurgedebiyat.com\/index.php\/2025\/09\/01\/gazzenin-cocuklari\/","name":"Gazze'nin \u00c7ocuklar\u0131 - simurgedebiyat.com","isPartOf":{"@id":"https:\/\/simurgedebiyat.com\/#website"},"primaryImageOfPage":{"@id":"https:\/\/simurgedebiyat.com\/index.php\/2025\/09\/01\/gazzenin-cocuklari\/#primaryimage"},"image":{"@id":"https:\/\/simurgedebiyat.com\/index.php\/2025\/09\/01\/gazzenin-cocuklari\/#primaryimage"},"thumbnailUrl":"https:\/\/simurgedebiyat.com\/wp-content\/uploads\/2025\/09\/gazzenin-deyr-el-belah-ilinde-cocuk-felci-asisi-basliyor-4-eylule-kadar-devam-edecek-lqxr.jpg","datePublished":"2025-09-01T12:07:50+00:00","breadcrumb":{"@id":"https:\/\/simurgedebiyat.com\/index.php\/2025\/09\/01\/gazzenin-cocuklari\/#breadcrumb"},"inLanguage":"tr","potentialAction":[{"@type":"ReadAction","target":["https:\/\/simurgedebiyat.com\/index.php\/2025\/09\/01\/gazzenin-cocuklari\/"]}]},{"@type":"ImageObject","inLanguage":"tr","@id":"https:\/\/simurgedebiyat.com\/index.php\/2025\/09\/01\/gazzenin-cocuklari\/#primaryimage","url":"https:\/\/simurgedebiyat.com\/wp-content\/uploads\/2025\/09\/gazzenin-deyr-el-belah-ilinde-cocuk-felci-asisi-basliyor-4-eylule-kadar-devam-edecek-lqxr.jpg","contentUrl":"https:\/\/simurgedebiyat.com\/wp-content\/uploads\/2025\/09\/gazzenin-deyr-el-belah-ilinde-cocuk-felci-asisi-basliyor-4-eylule-kadar-devam-edecek-lqxr.jpg","width":1280,"height":720},{"@type":"BreadcrumbList","@id":"https:\/\/simurgedebiyat.com\/index.php\/2025\/09\/01\/gazzenin-cocuklari\/#breadcrumb","itemListElement":[{"@type":"ListItem","position":1,"name":"Anasayfa","item":"https:\/\/simurgedebiyat.com\/"},{"@type":"ListItem","position":2,"name":"Gazze&#8217;nin \u00c7ocuklar\u0131"}]},{"@type":"WebSite","@id":"https:\/\/simurgedebiyat.com\/#website","url":"https:\/\/simurgedebiyat.com\/","name":"simurgedebiyat.com","description":"edebiyat&amp;K\u00fclt\u00fcr&amp;Sanat&amp;D\u00fc\u015f\u00fcnce ","publisher":{"@id":"https:\/\/simurgedebiyat.com\/#organization"},"potentialAction":[{"@type":"SearchAction","target":{"@type":"EntryPoint","urlTemplate":"https:\/\/simurgedebiyat.com\/?s={search_term_string}"},"query-input":{"@type":"PropertyValueSpecification","valueRequired":true,"valueName":"search_term_string"}}],"inLanguage":"tr"},{"@type":"Organization","@id":"https:\/\/simurgedebiyat.com\/#organization","name":"simurgedebiyat.com","url":"https:\/\/simurgedebiyat.com\/","logo":{"@type":"ImageObject","inLanguage":"tr","@id":"https:\/\/simurgedebiyat.com\/#\/schema\/logo\/image\/","url":"https:\/\/simurgedebiyat.com\/wp-content\/uploads\/2025\/11\/cropped-HHHHH-1.jpeg","contentUrl":"https:\/\/simurgedebiyat.com\/wp-content\/uploads\/2025\/11\/cropped-HHHHH-1.jpeg","width":245,"height":205,"caption":"simurgedebiyat.com"},"image":{"@id":"https:\/\/simurgedebiyat.com\/#\/schema\/logo\/image\/"}},{"@type":"Person","@id":"https:\/\/simurgedebiyat.com\/#\/schema\/person\/6cd4a2206085130e1c2f14da28db20be","name":"Misafir Kalem","image":{"@type":"ImageObject","inLanguage":"tr","@id":"https:\/\/simurgedebiyat.com\/#\/schema\/person\/image\/23494c9101089ad44ae88ce9d2f56aac","url":"https:\/\/secure.gravatar.com\/avatar\/?s=96&d=mm&r=g","contentUrl":"https:\/\/secure.gravatar.com\/avatar\/?s=96&d=mm&r=g","caption":"Misafir Kalem"},"url":"https:\/\/simurgedebiyat.com\/index.php\/author\/misafir-kalem\/"}]}},"featured_image_urls":{"full":["https:\/\/simurgedebiyat.com\/wp-content\/uploads\/2025\/09\/gazzenin-deyr-el-belah-ilinde-cocuk-felci-asisi-basliyor-4-eylule-kadar-devam-edecek-lqxr.jpg",1280,720,false],"thumbnail":["https:\/\/simurgedebiyat.com\/wp-content\/uploads\/2025\/09\/gazzenin-deyr-el-belah-ilinde-cocuk-felci-asisi-basliyor-4-eylule-kadar-devam-edecek-lqxr-150x150.jpg",150,150,true],"medium":["https:\/\/simurgedebiyat.com\/wp-content\/uploads\/2025\/09\/gazzenin-deyr-el-belah-ilinde-cocuk-felci-asisi-basliyor-4-eylule-kadar-devam-edecek-lqxr-300x169.jpg",300,169,true],"medium_large":["https:\/\/simurgedebiyat.com\/wp-content\/uploads\/2025\/09\/gazzenin-deyr-el-belah-ilinde-cocuk-felci-asisi-basliyor-4-eylule-kadar-devam-edecek-lqxr-768x432.jpg",640,360,true],"large":["https:\/\/simurgedebiyat.com\/wp-content\/uploads\/2025\/09\/gazzenin-deyr-el-belah-ilinde-cocuk-felci-asisi-basliyor-4-eylule-kadar-devam-edecek-lqxr-1024x576.jpg",640,360,true],"1536x1536":["https:\/\/simurgedebiyat.com\/wp-content\/uploads\/2025\/09\/gazzenin-deyr-el-belah-ilinde-cocuk-felci-asisi-basliyor-4-eylule-kadar-devam-edecek-lqxr.jpg",1280,720,false],"2048x2048":["https:\/\/simurgedebiyat.com\/wp-content\/uploads\/2025\/09\/gazzenin-deyr-el-belah-ilinde-cocuk-felci-asisi-basliyor-4-eylule-kadar-devam-edecek-lqxr.jpg",1280,720,false],"covernews-slider-full":["https:\/\/simurgedebiyat.com\/wp-content\/uploads\/2025\/09\/gazzenin-deyr-el-belah-ilinde-cocuk-felci-asisi-basliyor-4-eylule-kadar-devam-edecek-lqxr-1115x715.jpg",1115,715,true],"covernews-slider-center":["https:\/\/simurgedebiyat.com\/wp-content\/uploads\/2025\/09\/gazzenin-deyr-el-belah-ilinde-cocuk-felci-asisi-basliyor-4-eylule-kadar-devam-edecek-lqxr-800x500.jpg",800,500,true],"covernews-featured":["https:\/\/simurgedebiyat.com\/wp-content\/uploads\/2025\/09\/gazzenin-deyr-el-belah-ilinde-cocuk-felci-asisi-basliyor-4-eylule-kadar-devam-edecek-lqxr-1024x576.jpg",1024,576,true],"covernews-medium":["https:\/\/simurgedebiyat.com\/wp-content\/uploads\/2025\/09\/gazzenin-deyr-el-belah-ilinde-cocuk-felci-asisi-basliyor-4-eylule-kadar-devam-edecek-lqxr-540x340.jpg",540,340,true],"covernews-medium-square":["https:\/\/simurgedebiyat.com\/wp-content\/uploads\/2025\/09\/gazzenin-deyr-el-belah-ilinde-cocuk-felci-asisi-basliyor-4-eylule-kadar-devam-edecek-lqxr-400x250.jpg",400,250,true],"sow-carousel-default":["https:\/\/simurgedebiyat.com\/wp-content\/uploads\/2025\/09\/gazzenin-deyr-el-belah-ilinde-cocuk-felci-asisi-basliyor-4-eylule-kadar-devam-edecek-lqxr-272x182.jpg",272,182,true],"sow-blog-portfolio":["https:\/\/simurgedebiyat.com\/wp-content\/uploads\/2025\/09\/gazzenin-deyr-el-belah-ilinde-cocuk-felci-asisi-basliyor-4-eylule-kadar-devam-edecek-lqxr-375x375.jpg",375,375,true],"sow-blog-grid":["https:\/\/simurgedebiyat.com\/wp-content\/uploads\/2025\/09\/gazzenin-deyr-el-belah-ilinde-cocuk-felci-asisi-basliyor-4-eylule-kadar-devam-edecek-lqxr-720x480.jpg",720,480,true],"sow-blog-alternate":["https:\/\/simurgedebiyat.com\/wp-content\/uploads\/2025\/09\/gazzenin-deyr-el-belah-ilinde-cocuk-felci-asisi-basliyor-4-eylule-kadar-devam-edecek-lqxr-950x630.jpg",950,630,true],"sow-recent-post":["https:\/\/simurgedebiyat.com\/wp-content\/uploads\/2025\/09\/gazzenin-deyr-el-belah-ilinde-cocuk-felci-asisi-basliyor-4-eylule-kadar-devam-edecek-lqxr-216x216.jpg",216,216,true]},"author_info":{"display_name":"Misafir Kalem","author_link":"https:\/\/simurgedebiyat.com\/index.php\/author\/misafir-kalem\/"},"category_info":"<a href=\"https:\/\/simurgedebiyat.com\/index.php\/category\/arastirmalar\/\" rel=\"category tag\">Ara\u015ft\u0131rmalar<\/a>","tag_info":"Ara\u015ft\u0131rmalar","comment_count":"0","jetpack_featured_media_url":"https:\/\/simurgedebiyat.com\/wp-content\/uploads\/2025\/09\/gazzenin-deyr-el-belah-ilinde-cocuk-felci-asisi-basliyor-4-eylule-kadar-devam-edecek-lqxr.jpg","uagb_featured_image_src":{"full":["https:\/\/simurgedebiyat.com\/wp-content\/uploads\/2025\/09\/gazzenin-deyr-el-belah-ilinde-cocuk-felci-asisi-basliyor-4-eylule-kadar-devam-edecek-lqxr.jpg",1280,720,false],"thumbnail":["https:\/\/simurgedebiyat.com\/wp-content\/uploads\/2025\/09\/gazzenin-deyr-el-belah-ilinde-cocuk-felci-asisi-basliyor-4-eylule-kadar-devam-edecek-lqxr-150x150.jpg",150,150,true],"medium":["https:\/\/simurgedebiyat.com\/wp-content\/uploads\/2025\/09\/gazzenin-deyr-el-belah-ilinde-cocuk-felci-asisi-basliyor-4-eylule-kadar-devam-edecek-lqxr-300x169.jpg",300,169,true],"medium_large":["https:\/\/simurgedebiyat.com\/wp-content\/uploads\/2025\/09\/gazzenin-deyr-el-belah-ilinde-cocuk-felci-asisi-basliyor-4-eylule-kadar-devam-edecek-lqxr-768x432.jpg",640,360,true],"large":["https:\/\/simurgedebiyat.com\/wp-content\/uploads\/2025\/09\/gazzenin-deyr-el-belah-ilinde-cocuk-felci-asisi-basliyor-4-eylule-kadar-devam-edecek-lqxr-1024x576.jpg",640,360,true],"1536x1536":["https:\/\/simurgedebiyat.com\/wp-content\/uploads\/2025\/09\/gazzenin-deyr-el-belah-ilinde-cocuk-felci-asisi-basliyor-4-eylule-kadar-devam-edecek-lqxr.jpg",1280,720,false],"2048x2048":["https:\/\/simurgedebiyat.com\/wp-content\/uploads\/2025\/09\/gazzenin-deyr-el-belah-ilinde-cocuk-felci-asisi-basliyor-4-eylule-kadar-devam-edecek-lqxr.jpg",1280,720,false],"covernews-slider-full":["https:\/\/simurgedebiyat.com\/wp-content\/uploads\/2025\/09\/gazzenin-deyr-el-belah-ilinde-cocuk-felci-asisi-basliyor-4-eylule-kadar-devam-edecek-lqxr-1115x715.jpg",1115,715,true],"covernews-slider-center":["https:\/\/simurgedebiyat.com\/wp-content\/uploads\/2025\/09\/gazzenin-deyr-el-belah-ilinde-cocuk-felci-asisi-basliyor-4-eylule-kadar-devam-edecek-lqxr-800x500.jpg",800,500,true],"covernews-featured":["https:\/\/simurgedebiyat.com\/wp-content\/uploads\/2025\/09\/gazzenin-deyr-el-belah-ilinde-cocuk-felci-asisi-basliyor-4-eylule-kadar-devam-edecek-lqxr-1024x576.jpg",1024,576,true],"covernews-medium":["https:\/\/simurgedebiyat.com\/wp-content\/uploads\/2025\/09\/gazzenin-deyr-el-belah-ilinde-cocuk-felci-asisi-basliyor-4-eylule-kadar-devam-edecek-lqxr-540x340.jpg",540,340,true],"covernews-medium-square":["https:\/\/simurgedebiyat.com\/wp-content\/uploads\/2025\/09\/gazzenin-deyr-el-belah-ilinde-cocuk-felci-asisi-basliyor-4-eylule-kadar-devam-edecek-lqxr-400x250.jpg",400,250,true],"sow-carousel-default":["https:\/\/simurgedebiyat.com\/wp-content\/uploads\/2025\/09\/gazzenin-deyr-el-belah-ilinde-cocuk-felci-asisi-basliyor-4-eylule-kadar-devam-edecek-lqxr-272x182.jpg",272,182,true],"sow-blog-portfolio":["https:\/\/simurgedebiyat.com\/wp-content\/uploads\/2025\/09\/gazzenin-deyr-el-belah-ilinde-cocuk-felci-asisi-basliyor-4-eylule-kadar-devam-edecek-lqxr-375x375.jpg",375,375,true],"sow-blog-grid":["https:\/\/simurgedebiyat.com\/wp-content\/uploads\/2025\/09\/gazzenin-deyr-el-belah-ilinde-cocuk-felci-asisi-basliyor-4-eylule-kadar-devam-edecek-lqxr-720x480.jpg",720,480,true],"sow-blog-alternate":["https:\/\/simurgedebiyat.com\/wp-content\/uploads\/2025\/09\/gazzenin-deyr-el-belah-ilinde-cocuk-felci-asisi-basliyor-4-eylule-kadar-devam-edecek-lqxr-950x630.jpg",950,630,true],"sow-recent-post":["https:\/\/simurgedebiyat.com\/wp-content\/uploads\/2025\/09\/gazzenin-deyr-el-belah-ilinde-cocuk-felci-asisi-basliyor-4-eylule-kadar-devam-edecek-lqxr-216x216.jpg",216,216,true]},"uagb_author_info":{"display_name":"Misafir Kalem","author_link":"https:\/\/simurgedebiyat.com\/index.php\/author\/misafir-kalem\/"},"uagb_comment_info":0,"uagb_excerpt":"(Hik\u00e2yenin kahramanlar\u0131 olan iki karde\u015fe Gazze\u2019de 8 Temmuz 2014\u2019te 11 ya\u015f\u0131nda \u015fehit olan K\u00e2s\u0131m Cabir...","authors":[{"term_id":199,"user_id":22,"is_guest":0,"slug":"misafir-kalem","display_name":"Misafir Kalem","avatar_url":{"url":"https:\/\/simurgedebiyat.com\/wp-content\/uploads\/2025\/10\/MISAFIR-KALEM.jpg","url2x":"https:\/\/simurgedebiyat.com\/wp-content\/uploads\/2025\/10\/MISAFIR-KALEM.jpg"},"first_name":"","last_name":"","user_url":"","job_title":"","description":""}],"_links":{"self":[{"href":"https:\/\/simurgedebiyat.com\/index.php\/wp-json\/wp\/v2\/posts\/2180","targetHints":{"allow":["GET"]}}],"collection":[{"href":"https:\/\/simurgedebiyat.com\/index.php\/wp-json\/wp\/v2\/posts"}],"about":[{"href":"https:\/\/simurgedebiyat.com\/index.php\/wp-json\/wp\/v2\/types\/post"}],"author":[{"embeddable":true,"href":"https:\/\/simurgedebiyat.com\/index.php\/wp-json\/wp\/v2\/users\/22"}],"replies":[{"embeddable":true,"href":"https:\/\/simurgedebiyat.com\/index.php\/wp-json\/wp\/v2\/comments?post=2180"}],"version-history":[{"count":1,"href":"https:\/\/simurgedebiyat.com\/index.php\/wp-json\/wp\/v2\/posts\/2180\/revisions"}],"predecessor-version":[{"id":2182,"href":"https:\/\/simurgedebiyat.com\/index.php\/wp-json\/wp\/v2\/posts\/2180\/revisions\/2182"}],"wp:featuredmedia":[{"embeddable":true,"href":"https:\/\/simurgedebiyat.com\/index.php\/wp-json\/wp\/v2\/media\/2181"}],"wp:attachment":[{"href":"https:\/\/simurgedebiyat.com\/index.php\/wp-json\/wp\/v2\/media?parent=2180"}],"wp:term":[{"taxonomy":"category","embeddable":true,"href":"https:\/\/simurgedebiyat.com\/index.php\/wp-json\/wp\/v2\/categories?post=2180"},{"taxonomy":"post_tag","embeddable":true,"href":"https:\/\/simurgedebiyat.com\/index.php\/wp-json\/wp\/v2\/tags?post=2180"},{"taxonomy":"author","embeddable":true,"href":"https:\/\/simurgedebiyat.com\/index.php\/wp-json\/wp\/v2\/ppma_author?post=2180"}],"curies":[{"name":"wp","href":"https:\/\/api.w.org\/{rel}","templated":true}]}}