{"id":1746,"date":"2025-04-27T15:26:20","date_gmt":"2025-04-27T12:26:20","guid":{"rendered":"https:\/\/simurgedebiyat.com\/?p=1746"},"modified":"2025-04-27T16:51:51","modified_gmt":"2025-04-27T13:51:51","slug":"hollanda-deyince","status":"publish","type":"post","link":"https:\/\/simurgedebiyat.com\/index.php\/2025\/04\/27\/hollanda-deyince\/","title":{"rendered":"HOLLANDA DEY\u0130NCE\u2026"},"content":{"rendered":"<p>Hollanda deyince akl\u0131mda canlanan \u015feyler neydi acaba?<\/p>\n<p>Her \u015feyden \u00f6nce babam geliyor.<\/p>\n<p>Emekli olmadan \u00f6nce ve olduktan sonra on y\u0131ldan fazla kald\u0131\u011f\u0131 \u00fclke.<\/p>\n<p>Bizim y\u0131llarca zihnimizde yer alan, kulak kabartt\u0131\u011f\u0131m\u0131z, merak etti\u011fimiz ve biraz da babam\u0131zla ve sonralar\u0131 annemizle de aram\u0131za giren ama t\u00fcm buna ra\u011fmen de k\u0131zamad\u0131\u011f\u0131m\u0131z bir \u00fclke.<\/p>\n<p>Bu i\u015fin duygusal ve ailevi y\u00f6n\u00fc.<\/p>\n<p>Ancak i\u015fin k\u00fclt\u00fcrel arka plan\u0131nda, bilin\u00e7alt\u0131nda Hollanda\u2019n\u0131n kar\u015f\u0131l\u0131\u011f\u0131 ne acaba?<\/p>\n<p>S\u00f6z\u00fc hi\u00e7 e\u011fip b\u00fckmeye gerek yok. Hollanda deyince akl\u0131ma s\u00f6m\u00fcrgecilik geliyor ilkin.<\/p>\n<p>Evet s\u00f6m\u00fcrgecilik. Kene gibi yap\u0131\u015f\u0131p, ahtapot gibi kavray\u0131p, mengene gibi kan\u0131n\u0131 s\u0131k\u0131p milletleri ezme, zay\u0131flatma, s\u00f6m\u00fcrme ve kendi bedenini b\u00fcy\u00fctme.<\/p>\n<p>Benim akl\u0131ma ilkin bu geliyor.<\/p>\n<p>Sonra cinsel sapmalar konusundaki s\u0131n\u0131rs\u0131z \u00f6zg\u00fcrl\u00fckler (?) geliyor.<\/p>\n<p>F\u0131trat\u0131 bozmaya y\u00f6nelik her t\u00fcrl\u00fc \u00e7aban\u0131n imk\u00e2n buldu\u011fu ancak bunun tenkidinin ise kesinlikle yasakland\u0131\u011f\u0131 \u00fclke geliyor\u2026<\/p>\n<p>\u0130nekleri geliyor sonra. Hollanda inekleri, \u00e7i\u00e7ekleri. Belki de en masum ve yararl\u0131 olan\u0131 bunlar. \u0130nsanlara \u015fifa sunuyorlar. Kimseyi s\u00f6m\u00fcrm\u00fcyor ve ahlaks\u0131zl\u0131k yapm\u0131yorlar.<\/p>\n<p>\u2026<\/p>\n<p>Cemil Hoca\u2019n\u0131n o\u011flu olman\u0131n de\u011fi\u015fik hallerini ya\u015f\u0131yorum.<\/p>\n<p>Her \u015feyden \u00f6nce, burada Cemil Hoca\u2019n\u0131n o\u011flu olmak \u00e7ok a\u011f\u0131r. Onun burada olu\u015fturdu\u011fu havay\u0131 s\u00fcrd\u00fcrebilmem \u00e7ok zor, en az\u0131ndan bozmamam gerek.<\/p>\n<p>Bir hoca bu kadar m\u0131 sevilir?<\/p>\n<p>Bir hoca bu kadar m\u0131 takdir edilir?<\/p>\n<p>Bir hoca bu kadar m\u0131 \u00f6nemsenir?<\/p>\n<p>\u0130nsanlar beni g\u00f6rmeye geliyorlar.<\/p>\n<p>Asl\u0131nda Cemil Hoca\u2019n\u0131n o\u011flunu g\u00f6rmeye geliyorlar, bundan da do\u011frusu, Cemil Hoca\u2019dan bir esinti, bir rayiha hissetmek, sanki onunla hasret gidermek, ona dokunmak i\u00e7in geliyorlar.<\/p>\n<p>\u2026<\/p>\n<p>Namaz sonras\u0131 gen\u00e7lerle tan\u0131\u015f\u0131rken bir delikanl\u0131:<\/p>\n<p>\u201cBen Cemil Hoca sayesinde namaza ba\u015flad\u0131m, Kur\u2019an\u0131 \u00f6\u011frendim. \u00d6nce camiden nefret ederdim, ama \u015fimdi cami en \u00e7ok sevdi\u011fim yer.\u201d<\/p>\n<p>Bu iki g\u00fcnde buna benzer pek \u00e7ok s\u00f6z duydum. Ve ne kadar sevindim.<\/p>\n<p>\u2026<\/p>\n<p>\u201cCemil Hoca\u2019n\u0131n o\u011flu gelmi\u015f deyince ben de k\u00fc\u00e7\u00fck bir \u00e7ocuk bekliyordum. Hatta tan\u0131mad\u0131\u011f\u0131m \u00e7ocuklardan hangisi olabilir diye kendi kendime d\u00fc\u015f\u00fcn\u00fcyordum.\u201d<\/p>\n<p>\u201cE ne yapal\u0131m, bir zamanlar dedi\u011fin gibi k\u00fc\u00e7\u00fck bir \u00e7ocuktuk, ama hayat insanlar\u0131 de\u011fi\u015ftiriyor, d\u00f6n\u00fc\u015ft\u00fcr\u00fcyor.\u201d<\/p>\n<p>\u2026<\/p>\n<p>Ya\u015fl\u0131 bir amca namaz sonras\u0131 soruyor:<\/p>\n<p>\u201cSen ger\u00e7ekten Cemil Hoca\u2019n\u0131n o\u011flu musun, \u00f6z be \u00f6z o\u011flu musun?\u201d<\/p>\n<p>Ben de yan\u0131mdakiler de bu soruya pek anlam veremesek de dudaklar\u0131mdan tuhaf ve zoraki bir, \u201cEvet\u201d kelimesi d\u00f6k\u00fcl\u00fcyor.<\/p>\n<p>\u201cKusura bakma senin ger\u00e7ekten \u00f6z o\u011flu oldu\u011funa inanmam i\u00e7in tesbih ve saat testinden ge\u00e7irmem gerekir.\u201d<\/p>\n<p>Ben de latifeyle cevap verdim:<\/p>\n<p>\u201cSiz de kusura bakmay\u0131n ben o testten s\u0131n\u0131fta kal\u0131r\u0131m, hi\u00e7 denemeye gerek yok.<\/p>\n<p>Zaten babam da bana zaman zaman tak\u0131l\u0131rd\u0131 tespihlere, saatlere bakarken benim ilgisizli\u011fimi g\u00f6r\u00fcnce,<\/p>\n<p>\u201cO\u011flum baba mesle\u011fini iyi \u00f6\u011fren, gel de bak,\u201d derdi.<\/p>\n<p>\u2026<\/p>\n<p>B\u00f6yle bir babaya sahip oldu\u011fum i\u00e7in Allah\u2019a \u015f\u00fckrettim, \u015f\u00fckrediyorum.<\/p>\n<p>Bu \u00e7a\u011fda b\u00f6yle bir insan bulmak ger\u00e7ekten \u00e7ok zor.<\/p>\n<p>Mehmed Akif i\u00e7in dostu Mithat Cemal\u2019in harika bir tespiti vard\u0131r:<\/p>\n<p>\u201c\u0130lk tan\u0131d\u0131\u011f\u0131m zaman ona inanmad\u0131m. Bir insan bu kadar temiz olamazd\u0131. Fena akt\u00f6r, melek rol\u00fcn\u00fc oynamaktan bir g\u00fcn yorulacakt\u0131. Gayr-i tabi\u00ee bir faziletten yorulan y\u00fcz\u00fcn\u00fc bir g\u00fcn g\u00f6recektim. Fakat otuz be\u015f senedir bu g\u00fcn gelmedi. Otuz be\u015f sene onun yan\u0131ndan her \u00e7\u0131k\u0131\u015f\u0131mda, kendime hep bu sualleri sordum: Bu tevazu, kendi kendini ink\u00e2r edercesine nas\u0131l \u00e7\u0131k\u0131yordu? Mahrumiyetlerden y\u0131lmayan seciyesiyle kendisini nas\u0131l kahraman sanm\u0131yordu? Onu yak\u0131ndan tan\u0131yanlar i\u00e7in her ge\u00e7en g\u00fcn, nas\u0131l onun lehine ge\u00e7en bir g\u00fcn oluyordu? Onun temizli\u011fi yan\u0131nda insan kendi g\u00fcnahlar\u0131ndan mustarip olurken o, kendisinin sizlerden ba\u015fka oldu\u011funu nas\u0131l g\u00f6rm\u00fcyordu?\u201d<\/p>\n<p>Arkada\u015f\u0131 bekler Akif\u2019in rol\u00fcn\u00fcn sona ermesini ama zaman ilerledik\u00e7e onu daha \u00e7ok sever ve samimiyetini anlar.<\/p>\n<p>Babamda da ayn\u0131 durum var.<\/p>\n<p>Bir insan bu kadar samimi, hasbi, i\u00e7ten, riyas\u0131z, sevgi dolu, c\u00f6mert, gayretli olamaz.<\/p>\n<p>Onun bu g\u00fczel tav\u0131rlar\u0131n\u0131n alt\u0131nda zaman zaman ben eziliyor, fazlal\u0131\u011f\u0131ndan rahats\u0131z oluyorum.<\/p>\n<p>Allah s\u0131hhat, afiyet, hay\u0131rl\u0131 ve uzun \u00f6m\u00fcrler versin.<\/p>\n<p><strong><em>5 Temmuz 2008, Dordrecht<\/em><\/strong><\/p>\n<p><strong>Mehmet Nezir G.<\/strong><\/p>\n","protected":false},"excerpt":{"rendered":"<p>Hollanda deyince akl\u0131mda canlanan \u015feyler neydi acaba? Her \u015feyden \u00f6nce babam geliyor. Emekli olmadan \u00f6nce&#8230;<\/p>\n","protected":false},"author":26,"featured_media":1747,"comment_status":"open","ping_status":"open","sticky":false,"template":"","format":"standard","meta":{"_bbp_topic_count":0,"_bbp_reply_count":0,"_bbp_total_topic_count":0,"_bbp_total_reply_count":0,"_bbp_voice_count":0,"_bbp_anonymous_reply_count":0,"_bbp_topic_count_hidden":0,"_bbp_reply_count_hidden":0,"_bbp_forum_subforum_count":0,"om_disable_all_campaigns":false,"_uag_custom_page_level_css":"","ngg_post_thumbnail":0,"footnotes":""},"categories":[19,192],"tags":[],"ppma_author":[193],"class_list":["post-1746","post","type-post","status-publish","format-standard","has-post-thumbnail","hentry","category-ani","category-mehmet-nezir"],"yoast_head":"<!-- This site is optimized with the Yoast SEO plugin v24.9 - https:\/\/yoast.com\/wordpress\/plugins\/seo\/ -->\n<title>HOLLANDA DEY\u0130NCE\u2026 - simurgedebiyat.com<\/title>\n<meta name=\"robots\" content=\"index, follow, max-snippet:-1, max-image-preview:large, max-video-preview:-1\" \/>\n<link rel=\"canonical\" href=\"https:\/\/simurgedebiyat.com\/index.php\/2025\/04\/27\/hollanda-deyince\/\" \/>\n<meta property=\"og:locale\" content=\"tr_TR\" \/>\n<meta property=\"og:type\" content=\"article\" \/>\n<meta property=\"og:title\" content=\"HOLLANDA DEY\u0130NCE\u2026 - simurgedebiyat.com\" \/>\n<meta property=\"og:description\" content=\"Hollanda deyince akl\u0131mda canlanan \u015feyler neydi acaba? Her \u015feyden \u00f6nce babam geliyor. Emekli olmadan \u00f6nce...\" \/>\n<meta property=\"og:url\" content=\"https:\/\/simurgedebiyat.com\/index.php\/2025\/04\/27\/hollanda-deyince\/\" \/>\n<meta property=\"og:site_name\" content=\"simurgedebiyat.com\" \/>\n<meta property=\"article:published_time\" content=\"2025-04-27T12:26:20+00:00\" \/>\n<meta property=\"article:modified_time\" content=\"2025-04-27T13:51:51+00:00\" \/>\n<meta property=\"og:image\" content=\"https:\/\/simurgedebiyat.com\/wp-content\/uploads\/2025\/04\/hollanda.png\" \/>\n\t<meta property=\"og:image:width\" content=\"1024\" \/>\n\t<meta property=\"og:image:height\" content=\"683\" \/>\n\t<meta property=\"og:image:type\" content=\"image\/png\" \/>\n<meta name=\"author\" content=\"Mehmet Nezir G.\" \/>\n<meta name=\"twitter:card\" content=\"summary_large_image\" \/>\n<meta name=\"twitter:label1\" content=\"Yazan:\" \/>\n\t<meta name=\"twitter:data1\" content=\"Mehmet Nezir G.\" \/>\n\t<meta name=\"twitter:label2\" content=\"Tahmini okuma s\u00fcresi\" \/>\n\t<meta name=\"twitter:data2\" content=\"4 dakika\" \/>\n<script type=\"application\/ld+json\" class=\"yoast-schema-graph\">{\"@context\":\"https:\/\/schema.org\",\"@graph\":[{\"@type\":\"Article\",\"@id\":\"https:\/\/simurgedebiyat.com\/index.php\/2025\/04\/27\/hollanda-deyince\/#article\",\"isPartOf\":{\"@id\":\"https:\/\/simurgedebiyat.com\/index.php\/2025\/04\/27\/hollanda-deyince\/\"},\"author\":{\"name\":\"Mehmet Nezir G.\",\"@id\":\"https:\/\/simurgedebiyat.com\/#\/schema\/person\/943b4f5018b2dde9eda84742f141e448\"},\"headline\":\"HOLLANDA DEY\u0130NCE\u2026\",\"datePublished\":\"2025-04-27T12:26:20+00:00\",\"dateModified\":\"2025-04-27T13:51:51+00:00\",\"mainEntityOfPage\":{\"@id\":\"https:\/\/simurgedebiyat.com\/index.php\/2025\/04\/27\/hollanda-deyince\/\"},\"wordCount\":769,\"commentCount\":1,\"publisher\":{\"@id\":\"https:\/\/simurgedebiyat.com\/#organization\"},\"image\":{\"@id\":\"https:\/\/simurgedebiyat.com\/index.php\/2025\/04\/27\/hollanda-deyince\/#primaryimage\"},\"thumbnailUrl\":\"https:\/\/simurgedebiyat.com\/wp-content\/uploads\/2025\/04\/hollanda.png\",\"articleSection\":[\"An\u0131\/Hat\u0131rat\",\"Mehmet Nezir\"],\"inLanguage\":\"tr\",\"potentialAction\":[{\"@type\":\"CommentAction\",\"name\":\"Comment\",\"target\":[\"https:\/\/simurgedebiyat.com\/index.php\/2025\/04\/27\/hollanda-deyince\/#respond\"]}]},{\"@type\":\"WebPage\",\"@id\":\"https:\/\/simurgedebiyat.com\/index.php\/2025\/04\/27\/hollanda-deyince\/\",\"url\":\"https:\/\/simurgedebiyat.com\/index.php\/2025\/04\/27\/hollanda-deyince\/\",\"name\":\"HOLLANDA DEY\u0130NCE\u2026 - simurgedebiyat.com\",\"isPartOf\":{\"@id\":\"https:\/\/simurgedebiyat.com\/#website\"},\"primaryImageOfPage\":{\"@id\":\"https:\/\/simurgedebiyat.com\/index.php\/2025\/04\/27\/hollanda-deyince\/#primaryimage\"},\"image\":{\"@id\":\"https:\/\/simurgedebiyat.com\/index.php\/2025\/04\/27\/hollanda-deyince\/#primaryimage\"},\"thumbnailUrl\":\"https:\/\/simurgedebiyat.com\/wp-content\/uploads\/2025\/04\/hollanda.png\",\"datePublished\":\"2025-04-27T12:26:20+00:00\",\"dateModified\":\"2025-04-27T13:51:51+00:00\",\"breadcrumb\":{\"@id\":\"https:\/\/simurgedebiyat.com\/index.php\/2025\/04\/27\/hollanda-deyince\/#breadcrumb\"},\"inLanguage\":\"tr\",\"potentialAction\":[{\"@type\":\"ReadAction\",\"target\":[\"https:\/\/simurgedebiyat.com\/index.php\/2025\/04\/27\/hollanda-deyince\/\"]}]},{\"@type\":\"ImageObject\",\"inLanguage\":\"tr\",\"@id\":\"https:\/\/simurgedebiyat.com\/index.php\/2025\/04\/27\/hollanda-deyince\/#primaryimage\",\"url\":\"https:\/\/simurgedebiyat.com\/wp-content\/uploads\/2025\/04\/hollanda.png\",\"contentUrl\":\"https:\/\/simurgedebiyat.com\/wp-content\/uploads\/2025\/04\/hollanda.png\",\"width\":1024,\"height\":683},{\"@type\":\"BreadcrumbList\",\"@id\":\"https:\/\/simurgedebiyat.com\/index.php\/2025\/04\/27\/hollanda-deyince\/#breadcrumb\",\"itemListElement\":[{\"@type\":\"ListItem\",\"position\":1,\"name\":\"Anasayfa\",\"item\":\"https:\/\/simurgedebiyat.com\/\"},{\"@type\":\"ListItem\",\"position\":2,\"name\":\"HOLLANDA DEY\u0130NCE\u2026\"}]},{\"@type\":\"WebSite\",\"@id\":\"https:\/\/simurgedebiyat.com\/#website\",\"url\":\"https:\/\/simurgedebiyat.com\/\",\"name\":\"simurgedebiyat.com\",\"description\":\"edebiyat&amp;K\u00fclt\u00fcr&amp;Sanat&amp;D\u00fc\u015f\u00fcnce \",\"publisher\":{\"@id\":\"https:\/\/simurgedebiyat.com\/#organization\"},\"potentialAction\":[{\"@type\":\"SearchAction\",\"target\":{\"@type\":\"EntryPoint\",\"urlTemplate\":\"https:\/\/simurgedebiyat.com\/?s={search_term_string}\"},\"query-input\":{\"@type\":\"PropertyValueSpecification\",\"valueRequired\":true,\"valueName\":\"search_term_string\"}}],\"inLanguage\":\"tr\"},{\"@type\":\"Organization\",\"@id\":\"https:\/\/simurgedebiyat.com\/#organization\",\"name\":\"simurgedebiyat.com\",\"url\":\"https:\/\/simurgedebiyat.com\/\",\"logo\":{\"@type\":\"ImageObject\",\"inLanguage\":\"tr\",\"@id\":\"https:\/\/simurgedebiyat.com\/#\/schema\/logo\/image\/\",\"url\":\"https:\/\/simurgedebiyat.com\/wp-content\/uploads\/2025\/11\/cropped-HHHHH-1.jpeg\",\"contentUrl\":\"https:\/\/simurgedebiyat.com\/wp-content\/uploads\/2025\/11\/cropped-HHHHH-1.jpeg\",\"width\":245,\"height\":205,\"caption\":\"simurgedebiyat.com\"},\"image\":{\"@id\":\"https:\/\/simurgedebiyat.com\/#\/schema\/logo\/image\/\"}},{\"@type\":\"Person\",\"@id\":\"https:\/\/simurgedebiyat.com\/#\/schema\/person\/943b4f5018b2dde9eda84742f141e448\",\"name\":\"Mehmet Nezir G.\",\"image\":{\"@type\":\"ImageObject\",\"inLanguage\":\"tr\",\"@id\":\"https:\/\/simurgedebiyat.com\/#\/schema\/person\/image\/23494c9101089ad44ae88ce9d2f56aac\",\"url\":\"https:\/\/secure.gravatar.com\/avatar\/?s=96&d=mm&r=g\",\"contentUrl\":\"https:\/\/secure.gravatar.com\/avatar\/?s=96&d=mm&r=g\",\"caption\":\"Mehmet Nezir G.\"},\"description\":\"1965 y\u0131l\u0131nda Gaziantep\u2019te do\u011fdu. Nizip \u0130mam-Hatip Lisesini 1983\u2019te bitirdi. Ayn\u0131 y\u0131l Uluda\u011f \u00dcniversitesi \u0130lahiyat Fak\u00fcltesine girdi ve 1987\u2019de mezun oldu. Hatay-D\u00f6rtyol, Erzurum-K\u00f6pr\u00fck\u00f6y ve Nizip Anadolu \u0130HL\u2019de \u00f6\u011fretmenlik ve idarecilik yapt\u0131. E\u011fitim y\u00f6netimi, din \u00f6\u011fretimi, \u00f6\u011fretmen yeti\u015ftirme gibi alanlarda, MEB \u015euras\u0131\u2019nda \u00f6zel ihtisas komisyonu \u00fcyesi olarak \u00e7al\u0131\u015fmalarda bulundu. H\u00e2len Mill\u00ee E\u011fitim Bakanl\u0131\u011f\u0131nda \u00e7al\u0131\u015fmaktad\u0131r. G\u00fcl; \u00f6\u011frencilik y\u0131llar\u0131ndan itibaren yaz\u0131 \u00e7al\u0131\u015fmalar\u0131nda bulundu. Diyanet \u00c7ocuk, Yeni D\u00fcnya, Gen\u00e7 Doku, Anadolu Gen\u00e7lik, \u0130lk Ad\u0131m ve Turuncu dergilerinde, Akit, Mill\u00ee Gazete ve Milat gazetelerinde pek \u00e7ok yaz\u0131, makale yazd\u0131 ve r\u00f6portajlar\u0131 yay\u0131mland\u0131. Yaz\u0131 \u00e7al\u0131\u015fmalar\u0131n\u0131n yan\u0131 s\u0131ra, sosyal etkinliklerde de yer ald\u0131. T\u00fcrkiye Yazarlar Birli\u011fi Gaziantep \u015eubesinin kurulu\u015funda yer ald\u0131. MGV, \u0130HH, T\u00fcrkiye Yazarlar Birli\u011fi, E\u011fitim-Bir-Sen, Cihann\u00fcma gibi dernek ve vak\u0131flarda, \u00fcye ve y\u00f6netici olarak g\u00f6rev ald\u0131. Yurt i\u00e7i ve yurt d\u0131\u015f\u0131nda \u201cPeygamber Efendimiz, Aile E\u011fitimi, Mehmed Akif, Gen\u00e7lik Meseleleri, \u0130mam Hatip Nesli\u201d gibi konularda pek \u00e7ok konferans ve seminerler verdi. Evli; \u00fc\u00e7 \u00e7ocuk babas\u0131d\u0131r. Yay\u0131mlanm\u0131\u015f \u00e7al\u0131\u015fmalar\u0131: T\u00fcm Zamanlar\u0131n Efendisi - 100 Soruda Hz. Muhammed, Elips Kitap. Esm\u00e2\u00fc\u2019n-Nebi - Peygamberimizin \u0130sim ve S\u0131fatlar\u0131, Nesil Yay\u0131nlar\u0131. Cemil Dede Namaz Surelerini Anlat\u0131yor (Resimli, Ortaokul \u00d6\u011frencileri \u0130\u00e7in), Diyanet \u0130\u015fleri Ba\u015fkanl\u0131\u011f\u0131 Yay\u0131nlar\u0131. Cemil Dede Namaz Dualar\u0131n\u0131 Anlat\u0131yor (Resimli, Ortaokul \u00d6\u011frencileri \u0130\u00e7in), Diyanet \u0130\u015fleri Ba\u015fkanl\u0131\u011f\u0131 Yay\u0131nlar\u0131. \u0130slam\u2019\u0131 A\u015fkla Ya\u015fayanlar, Elips Kitap En Y\u00fcce \u0130nsan, Elips Kitap. Duru\u015funu Bozmayan Adam - Mehmet Akif Ersoy, Elips Kitap. Yusuf - Bitmeyen Sevdan\u0131n Roman\u0131, MGV Yay\u0131nlar\u0131. Bana Sana Ona Dair \u00d6yk\u00fcler, MGV Yay\u0131nlar\u0131. Lat\u00eefeler-Hikmetler, Mevsimler Kitap; O\u2019nun \u0130zinde, Mevsimler Kitap F\u00e2t\u0131ma \u2013bir gen\u00e7 k\u0131z\u0131n kalbi- MGV Yay.\",\"url\":\"https:\/\/simurgedebiyat.com\/index.php\/author\/mehmet-nezir-g\/\"}]}<\/script>\n<!-- \/ Yoast SEO plugin. -->","yoast_head_json":{"title":"HOLLANDA DEY\u0130NCE\u2026 - simurgedebiyat.com","robots":{"index":"index","follow":"follow","max-snippet":"max-snippet:-1","max-image-preview":"max-image-preview:large","max-video-preview":"max-video-preview:-1"},"canonical":"https:\/\/simurgedebiyat.com\/index.php\/2025\/04\/27\/hollanda-deyince\/","og_locale":"tr_TR","og_type":"article","og_title":"HOLLANDA DEY\u0130NCE\u2026 - simurgedebiyat.com","og_description":"Hollanda deyince akl\u0131mda canlanan \u015feyler neydi acaba? Her \u015feyden \u00f6nce babam geliyor. Emekli olmadan \u00f6nce...","og_url":"https:\/\/simurgedebiyat.com\/index.php\/2025\/04\/27\/hollanda-deyince\/","og_site_name":"simurgedebiyat.com","article_published_time":"2025-04-27T12:26:20+00:00","article_modified_time":"2025-04-27T13:51:51+00:00","og_image":[{"width":1024,"height":683,"url":"https:\/\/simurgedebiyat.com\/wp-content\/uploads\/2025\/04\/hollanda.png","type":"image\/png"}],"author":"Mehmet Nezir G.","twitter_card":"summary_large_image","twitter_misc":{"Yazan:":"Mehmet Nezir G.","Tahmini okuma s\u00fcresi":"4 dakika"},"schema":{"@context":"https:\/\/schema.org","@graph":[{"@type":"Article","@id":"https:\/\/simurgedebiyat.com\/index.php\/2025\/04\/27\/hollanda-deyince\/#article","isPartOf":{"@id":"https:\/\/simurgedebiyat.com\/index.php\/2025\/04\/27\/hollanda-deyince\/"},"author":{"name":"Mehmet Nezir G.","@id":"https:\/\/simurgedebiyat.com\/#\/schema\/person\/943b4f5018b2dde9eda84742f141e448"},"headline":"HOLLANDA DEY\u0130NCE\u2026","datePublished":"2025-04-27T12:26:20+00:00","dateModified":"2025-04-27T13:51:51+00:00","mainEntityOfPage":{"@id":"https:\/\/simurgedebiyat.com\/index.php\/2025\/04\/27\/hollanda-deyince\/"},"wordCount":769,"commentCount":1,"publisher":{"@id":"https:\/\/simurgedebiyat.com\/#organization"},"image":{"@id":"https:\/\/simurgedebiyat.com\/index.php\/2025\/04\/27\/hollanda-deyince\/#primaryimage"},"thumbnailUrl":"https:\/\/simurgedebiyat.com\/wp-content\/uploads\/2025\/04\/hollanda.png","articleSection":["An\u0131\/Hat\u0131rat","Mehmet Nezir"],"inLanguage":"tr","potentialAction":[{"@type":"CommentAction","name":"Comment","target":["https:\/\/simurgedebiyat.com\/index.php\/2025\/04\/27\/hollanda-deyince\/#respond"]}]},{"@type":"WebPage","@id":"https:\/\/simurgedebiyat.com\/index.php\/2025\/04\/27\/hollanda-deyince\/","url":"https:\/\/simurgedebiyat.com\/index.php\/2025\/04\/27\/hollanda-deyince\/","name":"HOLLANDA DEY\u0130NCE\u2026 - simurgedebiyat.com","isPartOf":{"@id":"https:\/\/simurgedebiyat.com\/#website"},"primaryImageOfPage":{"@id":"https:\/\/simurgedebiyat.com\/index.php\/2025\/04\/27\/hollanda-deyince\/#primaryimage"},"image":{"@id":"https:\/\/simurgedebiyat.com\/index.php\/2025\/04\/27\/hollanda-deyince\/#primaryimage"},"thumbnailUrl":"https:\/\/simurgedebiyat.com\/wp-content\/uploads\/2025\/04\/hollanda.png","datePublished":"2025-04-27T12:26:20+00:00","dateModified":"2025-04-27T13:51:51+00:00","breadcrumb":{"@id":"https:\/\/simurgedebiyat.com\/index.php\/2025\/04\/27\/hollanda-deyince\/#breadcrumb"},"inLanguage":"tr","potentialAction":[{"@type":"ReadAction","target":["https:\/\/simurgedebiyat.com\/index.php\/2025\/04\/27\/hollanda-deyince\/"]}]},{"@type":"ImageObject","inLanguage":"tr","@id":"https:\/\/simurgedebiyat.com\/index.php\/2025\/04\/27\/hollanda-deyince\/#primaryimage","url":"https:\/\/simurgedebiyat.com\/wp-content\/uploads\/2025\/04\/hollanda.png","contentUrl":"https:\/\/simurgedebiyat.com\/wp-content\/uploads\/2025\/04\/hollanda.png","width":1024,"height":683},{"@type":"BreadcrumbList","@id":"https:\/\/simurgedebiyat.com\/index.php\/2025\/04\/27\/hollanda-deyince\/#breadcrumb","itemListElement":[{"@type":"ListItem","position":1,"name":"Anasayfa","item":"https:\/\/simurgedebiyat.com\/"},{"@type":"ListItem","position":2,"name":"HOLLANDA DEY\u0130NCE\u2026"}]},{"@type":"WebSite","@id":"https:\/\/simurgedebiyat.com\/#website","url":"https:\/\/simurgedebiyat.com\/","name":"simurgedebiyat.com","description":"edebiyat&amp;K\u00fclt\u00fcr&amp;Sanat&amp;D\u00fc\u015f\u00fcnce ","publisher":{"@id":"https:\/\/simurgedebiyat.com\/#organization"},"potentialAction":[{"@type":"SearchAction","target":{"@type":"EntryPoint","urlTemplate":"https:\/\/simurgedebiyat.com\/?s={search_term_string}"},"query-input":{"@type":"PropertyValueSpecification","valueRequired":true,"valueName":"search_term_string"}}],"inLanguage":"tr"},{"@type":"Organization","@id":"https:\/\/simurgedebiyat.com\/#organization","name":"simurgedebiyat.com","url":"https:\/\/simurgedebiyat.com\/","logo":{"@type":"ImageObject","inLanguage":"tr","@id":"https:\/\/simurgedebiyat.com\/#\/schema\/logo\/image\/","url":"https:\/\/simurgedebiyat.com\/wp-content\/uploads\/2025\/11\/cropped-HHHHH-1.jpeg","contentUrl":"https:\/\/simurgedebiyat.com\/wp-content\/uploads\/2025\/11\/cropped-HHHHH-1.jpeg","width":245,"height":205,"caption":"simurgedebiyat.com"},"image":{"@id":"https:\/\/simurgedebiyat.com\/#\/schema\/logo\/image\/"}},{"@type":"Person","@id":"https:\/\/simurgedebiyat.com\/#\/schema\/person\/943b4f5018b2dde9eda84742f141e448","name":"Mehmet Nezir G.","image":{"@type":"ImageObject","inLanguage":"tr","@id":"https:\/\/simurgedebiyat.com\/#\/schema\/person\/image\/23494c9101089ad44ae88ce9d2f56aac","url":"https:\/\/secure.gravatar.com\/avatar\/?s=96&d=mm&r=g","contentUrl":"https:\/\/secure.gravatar.com\/avatar\/?s=96&d=mm&r=g","caption":"Mehmet Nezir G."},"description":"1965 y\u0131l\u0131nda Gaziantep\u2019te do\u011fdu. Nizip \u0130mam-Hatip Lisesini 1983\u2019te bitirdi. Ayn\u0131 y\u0131l Uluda\u011f \u00dcniversitesi \u0130lahiyat Fak\u00fcltesine girdi ve 1987\u2019de mezun oldu. Hatay-D\u00f6rtyol, Erzurum-K\u00f6pr\u00fck\u00f6y ve Nizip Anadolu \u0130HL\u2019de \u00f6\u011fretmenlik ve idarecilik yapt\u0131. E\u011fitim y\u00f6netimi, din \u00f6\u011fretimi, \u00f6\u011fretmen yeti\u015ftirme gibi alanlarda, MEB \u015euras\u0131\u2019nda \u00f6zel ihtisas komisyonu \u00fcyesi olarak \u00e7al\u0131\u015fmalarda bulundu. H\u00e2len Mill\u00ee E\u011fitim Bakanl\u0131\u011f\u0131nda \u00e7al\u0131\u015fmaktad\u0131r. G\u00fcl; \u00f6\u011frencilik y\u0131llar\u0131ndan itibaren yaz\u0131 \u00e7al\u0131\u015fmalar\u0131nda bulundu. Diyanet \u00c7ocuk, Yeni D\u00fcnya, Gen\u00e7 Doku, Anadolu Gen\u00e7lik, \u0130lk Ad\u0131m ve Turuncu dergilerinde, Akit, Mill\u00ee Gazete ve Milat gazetelerinde pek \u00e7ok yaz\u0131, makale yazd\u0131 ve r\u00f6portajlar\u0131 yay\u0131mland\u0131. Yaz\u0131 \u00e7al\u0131\u015fmalar\u0131n\u0131n yan\u0131 s\u0131ra, sosyal etkinliklerde de yer ald\u0131. T\u00fcrkiye Yazarlar Birli\u011fi Gaziantep \u015eubesinin kurulu\u015funda yer ald\u0131. MGV, \u0130HH, T\u00fcrkiye Yazarlar Birli\u011fi, E\u011fitim-Bir-Sen, Cihann\u00fcma gibi dernek ve vak\u0131flarda, \u00fcye ve y\u00f6netici olarak g\u00f6rev ald\u0131. Yurt i\u00e7i ve yurt d\u0131\u015f\u0131nda \u201cPeygamber Efendimiz, Aile E\u011fitimi, Mehmed Akif, Gen\u00e7lik Meseleleri, \u0130mam Hatip Nesli\u201d gibi konularda pek \u00e7ok konferans ve seminerler verdi. Evli; \u00fc\u00e7 \u00e7ocuk babas\u0131d\u0131r. Yay\u0131mlanm\u0131\u015f \u00e7al\u0131\u015fmalar\u0131: T\u00fcm Zamanlar\u0131n Efendisi - 100 Soruda Hz. Muhammed, Elips Kitap. Esm\u00e2\u00fc\u2019n-Nebi - Peygamberimizin \u0130sim ve S\u0131fatlar\u0131, Nesil Yay\u0131nlar\u0131. Cemil Dede Namaz Surelerini Anlat\u0131yor (Resimli, Ortaokul \u00d6\u011frencileri \u0130\u00e7in), Diyanet \u0130\u015fleri Ba\u015fkanl\u0131\u011f\u0131 Yay\u0131nlar\u0131. Cemil Dede Namaz Dualar\u0131n\u0131 Anlat\u0131yor (Resimli, Ortaokul \u00d6\u011frencileri \u0130\u00e7in), Diyanet \u0130\u015fleri Ba\u015fkanl\u0131\u011f\u0131 Yay\u0131nlar\u0131. \u0130slam\u2019\u0131 A\u015fkla Ya\u015fayanlar, Elips Kitap En Y\u00fcce \u0130nsan, Elips Kitap. Duru\u015funu Bozmayan Adam - Mehmet Akif Ersoy, Elips Kitap. Yusuf - Bitmeyen Sevdan\u0131n Roman\u0131, MGV Yay\u0131nlar\u0131. Bana Sana Ona Dair \u00d6yk\u00fcler, MGV Yay\u0131nlar\u0131. Lat\u00eefeler-Hikmetler, Mevsimler Kitap; O\u2019nun \u0130zinde, Mevsimler Kitap F\u00e2t\u0131ma \u2013bir gen\u00e7 k\u0131z\u0131n kalbi- MGV Yay.","url":"https:\/\/simurgedebiyat.com\/index.php\/author\/mehmet-nezir-g\/"}]}},"featured_image_urls":{"full":["https:\/\/simurgedebiyat.com\/wp-content\/uploads\/2025\/04\/hollanda.png",1024,683,false],"thumbnail":["https:\/\/simurgedebiyat.com\/wp-content\/uploads\/2025\/04\/hollanda-150x150.png",150,150,true],"medium":["https:\/\/simurgedebiyat.com\/wp-content\/uploads\/2025\/04\/hollanda-300x200.png",300,200,true],"medium_large":["https:\/\/simurgedebiyat.com\/wp-content\/uploads\/2025\/04\/hollanda-768x512.png",640,427,true],"large":["https:\/\/simurgedebiyat.com\/wp-content\/uploads\/2025\/04\/hollanda.png",640,427,false],"1536x1536":["https:\/\/simurgedebiyat.com\/wp-content\/uploads\/2025\/04\/hollanda.png",1024,683,false],"2048x2048":["https:\/\/simurgedebiyat.com\/wp-content\/uploads\/2025\/04\/hollanda.png",1024,683,false],"covernews-slider-full":["https:\/\/simurgedebiyat.com\/wp-content\/uploads\/2025\/04\/hollanda.png",1024,683,false],"covernews-slider-center":["https:\/\/simurgedebiyat.com\/wp-content\/uploads\/2025\/04\/hollanda-800x500.png",800,500,true],"covernews-featured":["https:\/\/simurgedebiyat.com\/wp-content\/uploads\/2025\/04\/hollanda.png",1024,683,false],"covernews-medium":["https:\/\/simurgedebiyat.com\/wp-content\/uploads\/2025\/04\/hollanda-540x340.png",540,340,true],"covernews-medium-square":["https:\/\/simurgedebiyat.com\/wp-content\/uploads\/2025\/04\/hollanda-400x250.png",400,250,true],"sow-carousel-default":["https:\/\/simurgedebiyat.com\/wp-content\/uploads\/2025\/04\/hollanda-272x182.png",272,182,true],"sow-blog-portfolio":["https:\/\/simurgedebiyat.com\/wp-content\/uploads\/2025\/04\/hollanda-375x375.png",375,375,true],"sow-blog-grid":["https:\/\/simurgedebiyat.com\/wp-content\/uploads\/2025\/04\/hollanda-720x480.png",720,480,true],"sow-blog-alternate":["https:\/\/simurgedebiyat.com\/wp-content\/uploads\/2025\/04\/hollanda-950x630.png",950,630,true],"sow-recent-post":["https:\/\/simurgedebiyat.com\/wp-content\/uploads\/2025\/04\/hollanda-216x216.png",216,216,true]},"author_info":{"display_name":"Mehmet Nezir G.","author_link":"https:\/\/simurgedebiyat.com\/index.php\/author\/mehmet-nezir-g\/"},"category_info":"<a href=\"https:\/\/simurgedebiyat.com\/index.php\/category\/ani\/\" rel=\"category tag\">An\u0131\/Hat\u0131rat<\/a> <a href=\"https:\/\/simurgedebiyat.com\/index.php\/category\/yaz\/mehmet-nezir\/\" rel=\"category tag\">Mehmet Nezir<\/a>","tag_info":"Mehmet Nezir","comment_count":"1","jetpack_featured_media_url":"https:\/\/simurgedebiyat.com\/wp-content\/uploads\/2025\/04\/hollanda.png","uagb_featured_image_src":{"full":["https:\/\/simurgedebiyat.com\/wp-content\/uploads\/2025\/04\/hollanda.png",1024,683,false],"thumbnail":["https:\/\/simurgedebiyat.com\/wp-content\/uploads\/2025\/04\/hollanda-150x150.png",150,150,true],"medium":["https:\/\/simurgedebiyat.com\/wp-content\/uploads\/2025\/04\/hollanda-300x200.png",300,200,true],"medium_large":["https:\/\/simurgedebiyat.com\/wp-content\/uploads\/2025\/04\/hollanda-768x512.png",640,427,true],"large":["https:\/\/simurgedebiyat.com\/wp-content\/uploads\/2025\/04\/hollanda.png",640,427,false],"1536x1536":["https:\/\/simurgedebiyat.com\/wp-content\/uploads\/2025\/04\/hollanda.png",1024,683,false],"2048x2048":["https:\/\/simurgedebiyat.com\/wp-content\/uploads\/2025\/04\/hollanda.png",1024,683,false],"covernews-slider-full":["https:\/\/simurgedebiyat.com\/wp-content\/uploads\/2025\/04\/hollanda.png",1024,683,false],"covernews-slider-center":["https:\/\/simurgedebiyat.com\/wp-content\/uploads\/2025\/04\/hollanda-800x500.png",800,500,true],"covernews-featured":["https:\/\/simurgedebiyat.com\/wp-content\/uploads\/2025\/04\/hollanda.png",1024,683,false],"covernews-medium":["https:\/\/simurgedebiyat.com\/wp-content\/uploads\/2025\/04\/hollanda-540x340.png",540,340,true],"covernews-medium-square":["https:\/\/simurgedebiyat.com\/wp-content\/uploads\/2025\/04\/hollanda-400x250.png",400,250,true],"sow-carousel-default":["https:\/\/simurgedebiyat.com\/wp-content\/uploads\/2025\/04\/hollanda-272x182.png",272,182,true],"sow-blog-portfolio":["https:\/\/simurgedebiyat.com\/wp-content\/uploads\/2025\/04\/hollanda-375x375.png",375,375,true],"sow-blog-grid":["https:\/\/simurgedebiyat.com\/wp-content\/uploads\/2025\/04\/hollanda-720x480.png",720,480,true],"sow-blog-alternate":["https:\/\/simurgedebiyat.com\/wp-content\/uploads\/2025\/04\/hollanda-950x630.png",950,630,true],"sow-recent-post":["https:\/\/simurgedebiyat.com\/wp-content\/uploads\/2025\/04\/hollanda-216x216.png",216,216,true]},"uagb_author_info":{"display_name":"Mehmet Nezir G.","author_link":"https:\/\/simurgedebiyat.com\/index.php\/author\/mehmet-nezir-g\/"},"uagb_comment_info":1,"uagb_excerpt":"Hollanda deyince akl\u0131mda canlanan \u015feyler neydi acaba? Her \u015feyden \u00f6nce babam geliyor. Emekli olmadan \u00f6nce...","authors":[{"term_id":193,"user_id":26,"is_guest":0,"slug":"mehmet-nezir-g","display_name":"Mehmet Nezir G.","avatar_url":{"url":"https:\/\/simurgedebiyat.com\/wp-content\/uploads\/2025\/04\/nezir.jpeg","url2x":"https:\/\/simurgedebiyat.com\/wp-content\/uploads\/2025\/04\/nezir.jpeg"},"first_name":"","last_name":"","user_url":"","job_title":"","description":"1965 y\u0131l\u0131nda Gaziantep\u2019te do\u011fdu. Nizip \u0130mam-Hatip Lisesini 1983\u2019te bitirdi. Ayn\u0131 y\u0131l Uluda\u011f \u00dcniversitesi \u0130lahiyat Fak\u00fcltesine girdi ve 1987\u2019de mezun oldu.\r\n\r\nHatay-D\u00f6rtyol, Erzurum-K\u00f6pr\u00fck\u00f6y ve Nizip Anadolu \u0130HL\u2019de \u00f6\u011fretmenlik ve idarecilik yapt\u0131.\r\n\r\nE\u011fitim y\u00f6netimi, din \u00f6\u011fretimi, \u00f6\u011fretmen yeti\u015ftirme gibi alanlarda, MEB \u015euras\u0131\u2019nda \u00f6zel ihtisas komisyonu \u00fcyesi olarak \u00e7al\u0131\u015fmalarda bulundu. H\u00e2len Mill\u00ee E\u011fitim Bakanl\u0131\u011f\u0131nda \u00e7al\u0131\u015fmaktad\u0131r.\r\n\r\nG\u00fcl; \u00f6\u011frencilik y\u0131llar\u0131ndan itibaren yaz\u0131 \u00e7al\u0131\u015fmalar\u0131nda bulundu. Diyanet \u00c7ocuk, Yeni D\u00fcnya, Gen\u00e7 Doku, Anadolu Gen\u00e7lik, \u0130lk Ad\u0131m ve Turuncu dergilerinde, Akit, Mill\u00ee Gazete ve Milat gazetelerinde pek \u00e7ok yaz\u0131, makale yazd\u0131 ve r\u00f6portajlar\u0131 yay\u0131mland\u0131.\r\n\r\nYaz\u0131 \u00e7al\u0131\u015fmalar\u0131n\u0131n yan\u0131 s\u0131ra, sosyal etkinliklerde de yer ald\u0131. T\u00fcrkiye Yazarlar Birli\u011fi Gaziantep \u015eubesinin kurulu\u015funda yer ald\u0131. MGV, \u0130HH, T\u00fcrkiye Yazarlar Birli\u011fi, E\u011fitim-Bir-Sen, Cihann\u00fcma gibi dernek ve vak\u0131flarda, \u00fcye ve y\u00f6netici olarak g\u00f6rev ald\u0131.\r\n\r\nYurt i\u00e7i ve yurt d\u0131\u015f\u0131nda \u201cPeygamber Efendimiz, Aile E\u011fitimi, Mehmed Akif, Gen\u00e7lik Meseleleri, \u0130mam Hatip Nesli\u201d gibi konularda pek \u00e7ok konferans ve seminerler verdi.\r\n\r\nEvli; \u00fc\u00e7 \u00e7ocuk babas\u0131d\u0131r.\r\n\r\nYay\u0131mlanm\u0131\u015f \u00e7al\u0131\u015fmalar\u0131:\r\n\r\nT\u00fcm Zamanlar\u0131n Efendisi - 100 Soruda Hz. Muhammed, Elips Kitap.\r\n\r\nEsm\u00e2\u00fc\u2019n-Nebi - Peygamberimizin \u0130sim ve S\u0131fatlar\u0131, Nesil Yay\u0131nlar\u0131.\r\n\r\nCemil Dede Namaz Surelerini Anlat\u0131yor (Resimli, Ortaokul \u00d6\u011frencileri \u0130\u00e7in), Diyanet \u0130\u015fleri Ba\u015fkanl\u0131\u011f\u0131 Yay\u0131nlar\u0131.\r\n\r\nCemil Dede Namaz Dualar\u0131n\u0131 Anlat\u0131yor (Resimli, Ortaokul \u00d6\u011frencileri \u0130\u00e7in), Diyanet \u0130\u015fleri Ba\u015fkanl\u0131\u011f\u0131 Yay\u0131nlar\u0131.\r\n\r\n\u0130slam\u2019\u0131 A\u015fkla Ya\u015fayanlar, Elips Kitap En Y\u00fcce \u0130nsan, Elips Kitap.\r\n\r\nDuru\u015funu Bozmayan Adam - Mehmet Akif Ersoy, Elips Kitap.\r\n\r\nYusuf - Bitmeyen Sevdan\u0131n Roman\u0131, MGV Yay\u0131nlar\u0131.\r\n\r\nBana Sana Ona Dair \u00d6yk\u00fcler, MGV Yay\u0131nlar\u0131.\r\n\r\nLat\u00eefeler-Hikmetler, Mevsimler Kitap; O\u2019nun \u0130zinde, Mevsimler Kitap\r\n\r\nF\u00e2t\u0131ma \u2013bir gen\u00e7 k\u0131z\u0131n kalbi- MGV Yay."}],"_links":{"self":[{"href":"https:\/\/simurgedebiyat.com\/index.php\/wp-json\/wp\/v2\/posts\/1746","targetHints":{"allow":["GET"]}}],"collection":[{"href":"https:\/\/simurgedebiyat.com\/index.php\/wp-json\/wp\/v2\/posts"}],"about":[{"href":"https:\/\/simurgedebiyat.com\/index.php\/wp-json\/wp\/v2\/types\/post"}],"author":[{"embeddable":true,"href":"https:\/\/simurgedebiyat.com\/index.php\/wp-json\/wp\/v2\/users\/26"}],"replies":[{"embeddable":true,"href":"https:\/\/simurgedebiyat.com\/index.php\/wp-json\/wp\/v2\/comments?post=1746"}],"version-history":[{"count":3,"href":"https:\/\/simurgedebiyat.com\/index.php\/wp-json\/wp\/v2\/posts\/1746\/revisions"}],"predecessor-version":[{"id":1751,"href":"https:\/\/simurgedebiyat.com\/index.php\/wp-json\/wp\/v2\/posts\/1746\/revisions\/1751"}],"wp:featuredmedia":[{"embeddable":true,"href":"https:\/\/simurgedebiyat.com\/index.php\/wp-json\/wp\/v2\/media\/1747"}],"wp:attachment":[{"href":"https:\/\/simurgedebiyat.com\/index.php\/wp-json\/wp\/v2\/media?parent=1746"}],"wp:term":[{"taxonomy":"category","embeddable":true,"href":"https:\/\/simurgedebiyat.com\/index.php\/wp-json\/wp\/v2\/categories?post=1746"},{"taxonomy":"post_tag","embeddable":true,"href":"https:\/\/simurgedebiyat.com\/index.php\/wp-json\/wp\/v2\/tags?post=1746"},{"taxonomy":"author","embeddable":true,"href":"https:\/\/simurgedebiyat.com\/index.php\/wp-json\/wp\/v2\/ppma_author?post=1746"}],"curies":[{"name":"wp","href":"https:\/\/api.w.org\/{rel}","templated":true}]}}