{"id":168,"date":"2025-03-14T21:07:23","date_gmt":"2025-03-14T21:07:23","guid":{"rendered":"https:\/\/simurgedebiyat.com\/wordpress\/?p=168"},"modified":"2025-03-21T17:17:26","modified_gmt":"2025-03-21T14:17:26","slug":"everdiden-amerikan-izlenimleri","status":"publish","type":"post","link":"https:\/\/simurgedebiyat.com\/index.php\/2025\/03\/14\/everdiden-amerikan-izlenimleri\/","title":{"rendered":"Everdi&#8217;den Amerikan \u0130zlenimleri"},"content":{"rendered":"<div class=\"xdj266r x11i5rnm xat24cr x1mh8g0r x1vvkbs x126k92a\">\n<div dir=\"auto\">Amerika Vay Amerika<\/div>\n<\/div>\n<div class=\"x11i5rnm xat24cr x1mh8g0r x1vvkbs xtlvy1s x126k92a\">\n<div dir=\"auto\">\u0130\u015fte nihayet Newyork\u2019tay\u0131m. Buraya gelmem \u00e7ok uzun s\u00fcrd\u00fc. Gen\u00e7li\u011fimizdeki anti-amerikanc\u0131l\u0131k engelledi hep bu geziyi. \u00c7ok \u00fclke gezmeme ra\u011fmen gelmeyi d\u00fc\u015f\u00fcnmedim ge\u00e7mi\u015fte. Ancak gezilerim \u00e7o\u011fald\u0131k\u00e7a Amerika\u2019y\u0131 da g\u00f6rmek ka\u00e7\u0131n\u0131lmaz oldu. Bu sefer de vize-randevu yo\u011funlu\u011fundan g\u00f6rmem gecikti. Evet, art\u0131k ye\u015fil pasaportum var ama Anglo-Sakson \u00fclkeler her pasaporta vize istiyor. \u0130ngiltere, Kanada, ABD gibi.<\/div>\n<\/div>\n<div class=\"x11i5rnm xat24cr x1mh8g0r x1vvkbs xtlvy1s x126k92a\">\n<div dir=\"auto\">Ben internet sitesinden vize formunu doldurdum. Harc\u0131n\u0131 yat\u0131rd\u0131m. O da ne? Bir sene sonraya randevu verdi Amerikan Konsoloslu\u011fu. 2023 y\u0131l\u0131 mart\u0131nda ba\u015fvurmu\u015ftum vizeye. Randevu 2024 y\u0131l\u0131 Ocak ay\u0131nda. T\u00fcrkiye\u2019de k\u0131\u015f saatine ge\u00e7ilmedi\u011fi i\u00e7in sabah karanl\u0131\u011f\u0131nda \u00c7ukurambar\u2019da konsoloslukta s\u0131raday\u0131z. Benim gibi 80-100 ki\u015fi var neredeyse. Oradan oraya sevkedilerek nihayet g\u00f6r\u00fc\u015fmeye gelebildik. Gen\u00e7 bir delikanl\u0131 ziyaret sebebini, evli oldu\u011fum halde neden tek ba\u015f\u0131na ba\u015fvurdu\u011fumu ve ABD\u2019de akrabalar\u0131m olup olmad\u0131\u011f\u0131n\u0131 sordu. Cevaplar\u0131 uygun bulmu\u015f olmal\u0131 ki vizenin onayland\u0131\u011f\u0131n\u0131 belirten bir belge verdi. \u00dc\u00e7-d\u00f6rt g\u00fcn sonra \u00c7ankaya Postanesinden al\u0131naca\u011f\u0131n\u0131 s\u00f6yledi pasaportun. Ger\u00e7ekten de \u00fc\u00e7 g\u00fcn sonra teslim edildi. Art\u0131k Amerika Turlar\u0131na yaz\u0131labilirdim.<\/div>\n<\/div>\n<div class=\"x11i5rnm xat24cr x1mh8g0r x1vvkbs xtlvy1s x126k92a\">\n<div dir=\"auto\">\u0130lk seyahatimi turlarla yapmak istedim. Tan\u0131d\u0131klar \u00e7\u0131kar Amerika\u2019da ama i\u015fi g\u00fcc\u00fc vard\u0131r ve ne kadar gezdirebilir? Tur \u015firketleri g\u00f6rmem gereken \u00f6nemli yerleri g\u00f6sterir zaten. \u0130lk gezide rehberler bilgilenme ile i\u00e7erden tan\u0131maya imk\u00e2n verir. \u00dcstelik Amerikan Turlar\u0131 12 ki\u015filik grupla yap\u0131l\u0131yor. Bu nedenle di\u011fer k\u0131talardaki gibi gruplar\u0131n azim kalabal\u0131\u011f\u0131 yoktur. Neredeyse aile ile seyahat.<\/div>\n<\/div>\n<div class=\"x11i5rnm xat24cr x1mh8g0r x1vvkbs xtlvy1s x126k92a\">\n<div dir=\"auto\">Ben Amerika\u2019da k\u00fclt\u00fcrel ve sosyolojik g\u00f6zlem yapaca\u011f\u0131ma g\u00f6re hedefimde Newyork, Wa\u015fington DC ve Filadelfiya olmal\u0131. Yoksa Miami Los Angeles gibi deniz-kum g\u00fcne\u015f de\u011fil. Ya da Las Vegas gibi kumar merkezi hi\u00e7 de\u011fil. Ger\u00e7i Atlantic City\u2019de kumar merkezi olmaya aday otellere yer vermi\u015f ama Las Vegas gibi de\u011fil elbette.<\/div>\n<\/div>\n<div class=\"x11i5rnm xat24cr x1mh8g0r x1vvkbs xtlvy1s x126k92a\">\n<div dir=\"auto\">\u0130stanbul Havaalan\u0131nda Amerika yolcular\u0131 \u00f6zel bir g\u00fcvenlik \u015firketinin d\u00f6rt ayr\u0131 denetiminden ge\u00e7mesi zorunlu imi\u015f. Her \u015feyimiz yokland\u0131. S\u0131rt \u00e7antalar\u0131, v\u00fccudumuz. Be\u015f alt\u0131 bankodan ge\u00e7tikten sonra zarars\u0131z yolcu oldu\u011fumuz kanaatine ula\u015ft\u0131lar ve u\u00e7a\u011fa binmeye uygun bulunup yol verildik. Ba\u015fka hi\u00e7bir \u00fclkede b\u00f6yle bir muamele g\u00f6rmemi\u015ftim. T\u00fcrkiye\u2019de Amerikan kanunlar\u0131na tabi olarak bu muamele uyguland\u0131.<\/div>\n<\/div>\n<div class=\"x11i5rnm xat24cr x1mh8g0r x1vvkbs xtlvy1s x126k92a\">\n<div dir=\"auto\">U\u00e7a\u011f\u0131m\u0131z\u0131n ABD\u2019ye ula\u015fmak i\u00e7in Gr\u00f6nland buzullar\u0131, Kanada \u00fczerinden Newyork\u2019a ula\u015fmas\u0131 da \u015fa\u015f\u0131rtt\u0131 beni. D\u00fcnya ger\u00e7ekten yuvarlak imi\u015f. Yoksa d\u00fcz bir \u00e7izgi \u00e7ekebilsek Kanada Gr\u00f6ndland \u00fczerinden ne i\u015fimiz olurdu?<\/div>\n<\/div>\n<div class=\"x11i5rnm xat24cr x1mh8g0r x1vvkbs xtlvy1s x126k92a\">\n<div dir=\"auto\">Sabah 07.30\u2019da \u0130stanbul\u2019dan hareket eden u\u00e7ak ABD\u2019nin sabah\u0131nda saat 10.45\u2019de Newyork\u2019a 11 saatlik bir u\u00e7u\u015fla ula\u015ft\u0131rd\u0131. G\u00fcmr\u00fck\u2019de iki saat s\u0131ra bekledikten sonra nihayet JFK havaalan\u0131ndan \u00e7\u0131k\u0131\u015f yapabildik. \u0130ki saat s\u00fcrmesi, Rahip Bronson geriliminde ba\u015flam\u0131\u015f. Bu sefer o karar nedeniyle de\u011fil beceriksizli\u011fe benziyordu sanki. ABD vatanda\u015flar\u0131na iki bankodan giri\u015f varken yakla\u015f\u0131k 500 yabanc\u0131ya bir bankodan g\u00fcmr\u00fck i\u015flemi s\u00fcr\u00fcyordu. Sonunda ABD vatanda\u015flar\u0131 bitti, bir yetkili i\u015fe kar\u0131\u015ft\u0131 herhalde birka\u00e7 banko daha a\u00e7\u0131ld\u0131 ve son yar\u0131m saatte h\u0131zlanan i\u015flemlerle bu eziyet tamamland\u0131. Yoksa bir o kadar daha s\u00fcrerdi bu muamele. O kadar yoldan sonra bu iki saatlik bebek ad\u0131mlar\u0131 ile ilerleyen kuyruk iflah\u0131m\u0131z\u0131 kesti.<\/div>\n<\/div>\n<div class=\"x11i5rnm xat24cr x1mh8g0r x1vvkbs xtlvy1s x126k92a\">\n<div dir=\"auto\">Nihayet rehberimizi ve otob\u00fcs\u00fcm\u00fcz\u00fc bulduk. Art\u0131k Newyork\u2019a giriyoruz. Adonis gibi \u201cNewyork, yata\u011f\u0131 bir bo\u015fluktan \u00f6tekine sallanan kad\u0131n\u201d m\u0131 yoksa \u201cinsan\u0131 heyecandan titreten bir sevgili\u201d mi? (Buket Uzuner, New York Seyir Defteri) Hangisine hak verece\u011fimden emin olamad\u0131m. \u00c7\u00fcnk\u00fc uykusuzluk, yorgunluk sa\u011fl\u0131kl\u0131 bir g\u00f6zleme imk\u00e2n vermiyordu. Neyse ki tur bizi \u00f6nce otelimize g\u00f6t\u00fcrd\u00fc, iki saatlik uykudan sonra turu ba\u015flatacak. Yol boyunca ne kadar sa\u011fl\u0131kl\u0131 bilmiyorum ama \u201cNewyork\u2019un r\u00fczg\u00e2r\u0131n yay\u0131nda oturan kad\u0131n\u201d (Adonis) oldu\u011funa karar verdim. Bakal\u0131m \u00e7ekilen yay biz oklar\u0131 nereye savuracak?<\/div>\n<\/div>\n<div class=\"x11i5rnm xat24cr x1mh8g0r x1vvkbs xtlvy1s x126k92a\">\n<div dir=\"auto\">Anlamak i\u00e7in bak\u0131yorum her \u015feye. Adonis gibi Newyork\u2019a Mezar kazmayaca\u011f\u0131m ama de\u015feleyece\u011fim. Yoksa B. Uzuner gibi \u00e2\u015f\u0131k olmak i\u00e7in gelmedim. Postac\u0131s\u0131ndan, polis memuruna \u00f6vg\u00fcler yazmak i\u00e7in hi\u00e7 de\u011fil.<\/div>\n<\/div>\n<div class=\"x11i5rnm xat24cr x1mh8g0r x1vvkbs xtlvy1s x126k92a\">\n<div dir=\"auto\">Newyork deyince akla ne gelir? G\u00f6kdelenler elbette. Onun i\u00e7in gezimiz bir g\u00f6kdelene t\u0131rman\u0131p \u015fehri y\u00fcksekten tema\u015fa ile ba\u015flayacak. Otelimiz Times Sguare\u2019de. Y\u00fcr\u00fcyerek Rockfeller G\u00f6kdelenine geliyoruz. Empire State uzak ve kalabal\u0131k. Bu g\u00f6kdelen asans\u00f6r\u00fcndeki digital g\u00f6steri ile bizi ta\u015f\u0131yor tepesine. B\u00fct\u00fcn Newyork\u2019u buradan seyrediyoruz.<\/div>\n<\/div>\n<div class=\"x11i5rnm xat24cr x1mh8g0r x1vvkbs xtlvy1s x126k92a\">\n<div dir=\"auto\">G\u00f6kdelen in\u015faat\u0131nda kalaslara t\u00fcneyen i\u015f\u00e7ilerin kanonik resmi burada turistik bir g\u00f6steriye d\u00f6n\u00fc\u015fm\u00fc\u015f. Bedelini \u00f6deyince tren ray\u0131n\u0131 and\u0131ran geni\u015f bir demir kalasa d\u00f6rt be\u015f ki\u015fi biniyor, pistonu y\u00fckseltiyor ve o i\u015f\u00e7iler gibi poz veriyorsun. Her \u015fey smilasyon ya. \u0130\u015fte ispat\u0131. Amerika\u2019n\u0131n b\u00fct\u00fcn albenisi i\u015fte o smilasyonda gizli. Alg\u0131 her \u015feydir diye insanlar\u0131n g\u00f6z\u00fcn\u00fc boyuyorlar. Benim anti-amerikanc\u0131l\u0131\u011f\u0131m da rengini kaybetti, soluk bir itiraza d\u00f6n\u00fc\u015ft\u00fc.<\/div>\n<\/div>\n<div dir=\"auto\">&nbsp;<\/div>\n<div dir=\"auto\"><strong>NewYork Geceleri ve Wall Street<\/strong><\/div>\n<div dir=\"auto\">\n<div class=\"x11i5rnm xat24cr x1mh8g0r x1vvkbs xtlvy1s x126k92a\">\n<div dir=\"auto\">\u0130lk g\u00fcn g\u00f6kdelene \u00e7\u0131kmak ve yemek i\u00e7in serbest saat ile ak\u015fam\u0131 ettik. Yol yorgunlu\u011funu at\u0131p dinlendikten sonra gece Times Meydan\u0131na ak\u0131yorum. Herkes, hatta her \u015fey buraya y\u00f6nelmi\u015f s\u00fcr\u00fc halinde ak\u0131yor \u00e7\u00fcnk\u00fc. Ma\u011fazalardan al\u0131\u015fveri\u015f yo\u011funlu\u011fu, bir g\u00f6steri \u00e7evresine y\u0131\u011f\u0131lanlar ile her ak\u015fam bir panay\u0131r havas\u0131 meydanda.<\/div>\n<\/div>\n<div class=\"x11i5rnm xat24cr x1mh8g0r x1vvkbs xtlvy1s x126k92a\">\n<div dir=\"auto\">Turistlerde olu\u015fan \u201cmeydan\u0131 g\u00f6rmeyen Newyork\u2019a geldim demesin\u201d alg\u0131s\u0131 da bu ak\u0131\u015fta etkili. Her bir k\u00f6\u015fede g\u00fc\u00e7l\u00fc g\u00fcrb\u00fcz zenci gen\u00e7lerin g\u00f6sterileri geceye renk kat\u0131yor. Elbette do\u011frudan de\u011fil, herkesin elinde telefonlar, kamera arkas\u0131ndan. Turist d\u00fcnyaya kamera gibi bak\u0131yor art\u0131k.<\/div>\n<\/div>\n<div class=\"x11i5rnm xat24cr x1mh8g0r x1vvkbs xtlvy1s x126k92a\">\n<div dir=\"auto\">Newyork\u2019un merkezi Times Square. Times, Newyork Times gazete binas\u0131 bulundu\u011fu i\u00e7in. Bak bu art\u0131 puan. Gazete, k\u00fclt\u00fcr, haber; bir meydana ad verilirken dikkate al\u0131nm\u0131\u015f. Newyork\u2019ta bol bol Square var. Kare demek. Her \u015fey k\u00f6\u015feli ve meydanlar geni\u015f bir alan olunca kare diyorlar. Biz her \u015feye, dikd\u00f6rtgen evlerimize bile \u201cdaire\u201d diyoruz ya Amerika da \u201ckare\u201d diyor i\u015fte. Rehavet i\u00e7indeki do\u011funun ad verirken bu \u2018spiral\u2019 yakla\u015f\u0131m\u0131 ile bat\u0131n\u0131n \u2018k\u00f6\u015feli\u2019 yakla\u015f\u0131m\u0131 aram\u0131zdaki derin fark\u0131 ortaya koyar m\u0131 diye size soray\u0131m?<\/div>\n<\/div>\n<div class=\"x11i5rnm xat24cr x1mh8g0r x1vvkbs xtlvy1s x126k92a\">\n<div dir=\"auto\">Alfabesinde e\u011fik ve yuvarlak harfler ile k\u00f6\u015feli harflerin bile o k\u00fclt\u00fcre farkl\u0131 karakter kazand\u0131rd\u0131\u011f\u0131n\u0131 da ekleyeyim buraya.<\/div>\n<\/div>\n<div class=\"x11i5rnm xat24cr x1mh8g0r x1vvkbs xtlvy1s x126k92a\">\n<div dir=\"auto\">Kurallar bazen insandan bile \u00f6nemli olabilir. Ger\u00e7i Newyork, kurallar\u0131 Avrupa\u2019da oldu\u011fu gibi kat\u0131 bir ilkeyle s\u00fcrd\u00fcrmek inad\u0131nda de\u011fil. Trafik yoksa k\u0131rm\u0131z\u0131 \u0131\u015f\u0131kta ge\u00e7iliyor caddeler. \u0130\u015fte bunu sevdim. Her \u015fey otomobillere, e\u015fyaya ve kaskat\u0131 kurallara g\u00f6re de\u011fil insan\u0131 da dikkate alan bir d\u00fczenlemeye imk\u00e2n vermeli. Amerika d\u00fcnyada k\u00fclt\u00fcrel hegemonyay\u0131 nas\u0131l kuruyor? B\u00f6yle esnek ve liberal y\u00f6ntemlerle. Bak beni bile yava\u015ftan kazanmaya ba\u015flad\u0131. \u201cNe kadar az \u015feye raz\u0131 oluyorsun\u201d dedi\u011finizi duyar gibiyim. Avrupa\u2019da tela\u015fl\u0131 ve sab\u0131rs\u0131z g\u00f6r\u00fcn\u00fcyordum sakinlerine. Burada herkes tela\u015fl\u0131 ve sab\u0131rs\u0131z. Aralar\u0131nda s\u0131r\u0131tm\u0131yorum yani.<\/div>\n<\/div>\n<div class=\"x11i5rnm xat24cr x1mh8g0r x1vvkbs xtlvy1s x126k92a\">\n<div dir=\"auto\">\u015eimdi emin olamad\u0131m, k\u0131rm\u0131z\u0131 \u0131\u015f\u0131kta ge\u00e7enler yabanc\u0131lar veya turistler de olabilir. O da ne? Kafam\u0131zdaki o alg\u0131, elinde a\u011fz\u0131 kapal\u0131 karton kutuda kahvesini yudumlay\u0131p, h\u0131zl\u0131 ad\u0131mlar\u0131 ve g\u00f6steri\u015fli giyimi ile Newyorklu yuppiler de ge\u00e7iyor i\u015fte k\u0131rm\u0131z\u0131 da. \u0130yi, sorun yok, kalabal\u0131k aras\u0131ndan yol bulup iniyorum meydana.<\/div>\n<\/div>\n<div class=\"x11i5rnm xat24cr x1mh8g0r x1vvkbs xtlvy1s x126k92a\">\n<div dir=\"auto\">Dev ekranlardan akan reklam panolar\u0131 sessizlik i\u00e7indeyken, zencilerin y\u00fcksek vol\u00fcmlere ula\u015fan \u00e7\u0131\u011fl\u0131klar\u0131 ayyuka \u00e7\u0131k\u0131yor. Dilan Polat\u2019\u0131n \u201cenerci\u201d diye \u00e7\u0131\u011fr\u0131\u015fmas\u0131 da a\u00e7\u0131kl\u0131\u011fa kavu\u015ftu aniden. Kalabal\u0131k seyircilerin ilgisini g\u00f6steriye \u00e7ekebilmek i\u00e7in elindeki mikrofona var g\u00fcc\u00fcyle ba\u011f\u0131r\u0131yor siyahi gen\u00e7: \u201cenerciiiii\u201d\u2026<\/div>\n<\/div>\n<div class=\"x11i5rnm xat24cr x1mh8g0r x1vvkbs xtlvy1s x126k92a\">\n<div dir=\"auto\">T\u00fcrkiye\u2019de g\u00fcndemi takip edebilmek i\u00e7in Newyork\u2019a muttali olmak gerekirmi\u015f. Her \u015feyimiz Amerikan olmu\u015f haberimiz yok. Ya da i\u015fte ancak \u015fu an vak\u0131f olabildim. Fenomen ve \u2018incelleri\u2019 anlamak i\u00e7in de arada Newyork\u2019a gelmek laz\u0131mm\u0131\u015f i\u015fte. Yoksa bu neyin enerjisi diye b\u00f6n b\u00f6n bak\u0131yordum sosyal medyada.<\/div>\n<\/div>\n<div class=\"x11i5rnm xat24cr x1mh8g0r x1vvkbs xtlvy1s x126k92a\">\n<div dir=\"auto\">Ertesi g\u00fcn gezimize Newyork metrosu ile gidiyoruz. Metro da Avrupa\u2019da oldu\u011fu gibi temiz, ayd\u0131nl\u0131k ve d\u00fczenli de\u011fil. Paris metrosu gibi dev fareler cirit at\u0131yor ve her yer graffiti ve yaz\u0131larla tosunlar\u0131n kendini anlatmak \u00e7\u0131lg\u0131nl\u0131\u011f\u0131n\u0131n izlerini ta\u015f\u0131yor. Bize \u00f6zg\u00fcr panolar tuvaletlerde sunulurken burada metro zemin olmu\u015f ayk\u0131r\u0131 fikirlerin \u00e7\u0131\u011fl\u0131\u011f\u0131na.<\/div>\n<\/div>\n<div class=\"x11i5rnm xat24cr x1mh8g0r x1vvkbs xtlvy1s x126k92a\">\n<div dir=\"auto\">Art\u0131k d\u00fcnyan\u0131n uzak kaynaklar\u0131ndan gelen renk renk alt\u0131n \u0131rmaklar\u0131n akt\u0131\u011f\u0131 Wall Street&#8217;teyiz. Bu borsalar borsa de\u011fil, ekonominin atardamar\u0131na hayat veriyor. Fazla \u015fi\u015firince damar t\u0131kan\u0131kl\u0131\u011f\u0131 ile her on y\u0131lda bir krize d\u00fc\u015fmekle malul olur nitekim.<\/div>\n<\/div>\n<div class=\"x11i5rnm xat24cr x1mh8g0r x1vvkbs xtlvy1s x126k92a\">\n<div dir=\"auto\">\u201cBir zincirin halkalar\u0131 gibi birbirine girmi\u015f k\u00f6pekler var, mi\u011ffer ve zincir do\u011furan di\u015fi kediler var. S\u0131\u00e7anlar\u0131n s\u0131rt\u0131ndan ge\u00e7en<\/div>\n<div dir=\"auto\">a\u011fa\u00e7l\u0131 yollarda mantar gibi \u00fcremekte Beyaz Muhaf\u0131z.\u201d Adonis<\/div>\n<\/div>\n<div class=\"x11i5rnm xat24cr x1mh8g0r x1vvkbs xtlvy1s x126k92a\">\n<div dir=\"auto\">Uzay\u0131p giden ve b\u00f6l\u00fcnen g\u00f6kdelenlere bakt\u0131m da Newyork Borsa binas\u0131 bug\u00fcn trilyon dolarlara h\u00fckmederken d\u00fc\u015f\u00fck bir profil cesametinde. O sokak ve caddelerin koyaklar\u0131na indim ve ku\u015fku duymaya ba\u015flad\u0131m d\u00fcnyan\u0131n yuvarlakl\u0131\u011f\u0131ndan&#8230;<\/div>\n<\/div>\n<div class=\"x11i5rnm xat24cr x1mh8g0r x1vvkbs xtlvy1s x126k92a\">\n<div dir=\"auto\">Kilise binas\u0131 g\u00f6kdelenlerin aras\u0131na s\u0131k\u0131\u015fm\u0131\u015f hatta ezilmi\u015f haliyle maneviyat\u0131n bu caddelerde maddiyata yenildi\u011fini somut bir \u015fekilde g\u00f6steren bir metafor mu? Yoksa o kadar rant getiren bu alanda korunmas\u0131 m\u0131, takdire de\u011fer. \u0130\u015fte bak\u0131\u015f a\u00e7\u0131s\u0131na g\u00f6re de\u011fi\u015fen bir yakla\u015f\u0131m. Sizin fikriniz ne bu konuda?<\/div>\n<\/div>\n<div class=\"x11i5rnm xat24cr x1mh8g0r x1vvkbs xtlvy1s x126k92a\">\n<div dir=\"auto\">Niye Wall Street. Yani \u201cduvar.\u201d Eskiden burada a\u00e7\u0131lan pazar duvar dibine kuruyormu\u015f tezgahlar\u0131n\u0131. Modernizmi sonuna kadar ya\u015fayan Wall Street, di\u011fer yandan eski de\u011ferleri, binalar\u0131, tarihin hat\u0131ralar\u0131n\u0131 da s\u00fcrd\u00fcrmek istiyor.<\/div>\n<\/div>\n<div class=\"x11i5rnm xat24cr x1mh8g0r x1vvkbs xtlvy1s x126k92a\">\n<div dir=\"auto\">Gelenek bizim dilimizde onu ya\u015fatan bat\u0131l\u0131lar. \u015eimdi bu ekonomik mabede ele\u015ftiri mi getirmeliyim yoksa as\u0131l bizim evdeydi yara diye edebimden susmal\u0131 m\u0131y\u0131m?<\/div>\n<div dir=\"auto\">\n<div class=\"xdj266r x11i5rnm xat24cr x1mh8g0r x1vvkbs x126k92a\">\n<div dir=\"auto\">3. Amerika\u2019n\u0131n Sonu; Y\u00fczy\u0131l\u0131n Emekli Seyahati<\/div>\n<\/div>\n<div class=\"x11i5rnm xat24cr x1mh8g0r x1vvkbs xtlvy1s x126k92a\">\n<div dir=\"auto\">O Art\u0131k Emekli<\/div>\n<\/div>\n<div class=\"x11i5rnm xat24cr x1mh8g0r x1vvkbs xtlvy1s x126k92a\">\n<div dir=\"auto\">\u0130deolojik hayat\u0131m\u0131n en derin \u00f6zlemlerine uygun d\u00fc\u015fen bir toplum ve siyaset d\u00fczenine T\u00fcrkiye\u2019de ula\u015fabilme umudunu kaybettim ben. Ne yaz\u0131k ki bu kay\u0131p di\u011fer binlerce kay\u0131p gibi son 22 y\u0131lda vuku buldu.<\/div>\n<\/div>\n<div class=\"x11i5rnm xat24cr x1mh8g0r x1vvkbs xtlvy1s x126k92a\">\n<div dir=\"auto\">Buna ra\u011fmen, Cumhurba\u015fkan\u0131m\u0131z\u0131n NATO toplant\u0131s\u0131 i\u00e7in ABD\u2019ye gidece\u011fi haberi beni de gayrete getirdi. Cumhurba\u015fkan\u0131m\u0131z\u0131n be\u015f u\u00e7a\u011f\u0131nda kendime yer bulacak bir \u00f6nemim ve bu u\u00e7aklara kabul edilen nezih, yetenekli ve kariyer sahibi insanlar aras\u0131na girebilmek gibi bir maharetim olmad\u0131\u011f\u0131 i\u00e7in kendi imk\u00e2nlar\u0131mla yapmak zorundayd\u0131m bu seyahati.<\/div>\n<\/div>\n<div class=\"x11i5rnm xat24cr x1mh8g0r x1vvkbs xtlvy1s x126k92a\">\n<div dir=\"auto\">Ne de olsa bu y\u0131l T\u00fcrkiye Y\u00fczy\u0131l\u0131n\u0131n Emekliler Y\u0131l\u0131 idi. Ben Hac yolunda, Mekke\u2019de Medine\u2019de \u00f6lecek ya\u015ftay\u0131m ama iktidar\u0131n dinden uzakla\u015ft\u0131ran yakla\u015f\u0131mlar\u0131 kar\u015f\u0131s\u0131nda Amerika\u2019da \u00f6lmeyi murat edindim. Neden derseniz, d\u00fcnyan\u0131n sonu yakla\u015f\u0131yor diyen komplo teorisyenleri, Tarihin Sonunu haber veren stratejistler, Emekliler Kahvesinin daimi konular\u0131ndan. Ben de istemeden kulak misafiri oluyorum b\u00f6yle konulara.<\/div>\n<\/div>\n<div class=\"x11i5rnm xat24cr x1mh8g0r x1vvkbs xtlvy1s x126k92a\">\n<div dir=\"auto\">Haz\u0131r, krematoryum da var oralarda. \u00c7oluk-\u00e7ocu\u011fumuza, akrabay\u0131 taallukata, belediyelere, tazim \u00e7ad\u0131r\u0131 ve ikramlar\u0131yla y\u00fck olmaktansa krematoryumda yak\u0131l\u0131p bir vazoya s\u0131\u011fmak minimal hayat\u0131n en u\u00e7 tezah\u00fcr\u00fc benim i\u00e7in. Bu ya\u015fta imanla \u00f6lmekten \u00e7ok, sefaletten \u00f6lmeye daha yak\u0131n\u0131m ne de olsa.<\/div>\n<\/div>\n<div class=\"x11i5rnm xat24cr x1mh8g0r x1vvkbs xtlvy1s x126k92a\">\n<div dir=\"auto\">Devlet beni 65 ya\u015f\u0131na girdim diye re\u2019sen emekli etti. Noterler, \u201chukuki i\u015flem yapabilme ehliyeti vard\u0131r\u201d diye doktor raporu alabilirsem en basit bir hukuk\u00ee i\u015fleme ancak o zaman izin veriyorlar. Oysa d\u00fcnyay\u0131 idare eden liderlerin ya\u015flar\u0131na bak\u0131nca ger\u00e7ekten de d\u00fcnyan\u0131n sonu yakla\u015ft\u0131 herhalde.<\/div>\n<\/div>\n<div class=\"x11i5rnm xat24cr x1mh8g0r x1vvkbs xtlvy1s x126k92a\">\n<div dir=\"auto\">Neyse ki h\u00fck\u00fcmetimizin 2024 y\u0131l\u0131n\u0131 Emekliler Y\u0131l\u0131 ilan etmesinin imk\u00e2nlar\u0131 ve hemen her g\u00fcn emeklilere ili\u015fkin g\u00fcndemin verdi\u011fi moralle ABD\u2019ye bu seyahati yapmaya niyetlendim. Haz\u0131r, yurtd\u0131\u015f\u0131 \u00e7\u0131k\u0131\u015f harc\u0131na zam yap\u0131lmadan, gelecek zamdan etkilenmeden 150.TLl\u0131k har\u00e7la \u00e7\u0131k\u0131\u015f\u0131m da m\u00fcmk\u00fcn oldu. Ben bu imk\u00e2n\u0131n verdi\u011fi g\u00fcvenle T\u00fcrkiye\u2019de Emekliler Y\u0131l\u0131 ilan edilmesine en \u00e7ok de\u011fer veren emeklilerden biriyim.<\/div>\n<\/div>\n<div class=\"x11i5rnm xat24cr x1mh8g0r x1vvkbs xtlvy1s x126k92a\">\n<div dir=\"auto\">Bat\u0131dan \u00f6nce \u00fclkemiz batacak korkusuyla, emekliler y\u0131l\u0131n\u0131n korumas\u0131ndan \u00e7\u0131k\u0131nca ekmek bile bulamay\u0131z tedirginli\u011fiyle anti-Amerikanc\u0131l\u0131\u011fa veda edip -Ertu\u011frul \u00d6zk\u00f6k gibi- ABD\u2019yi gezmeye karar verdim. Bakmay\u0131n siz bug\u00fcnlere, gen\u00e7li\u011fimizde hepimiz anti-amerikanc\u0131 idik.<\/div>\n<\/div>\n<div class=\"x11i5rnm xat24cr x1mh8g0r x1vvkbs xtlvy1s x126k92a\">\n<div dir=\"auto\">Tarihin Mi Amerika\u2019n\u0131n M\u0131 Sonu<\/div>\n<\/div>\n<div class=\"x11i5rnm xat24cr x1mh8g0r x1vvkbs xtlvy1s x126k92a\">\n<div dir=\"auto\">Gen\u00e7li\u011fimden bu yana bat\u0131 batacak, temennileriyle ula\u015ft\u0131m bug\u00fcnlere. Bat\u0131 demek b\u00fcy\u00fck oranda Amerika demekti elbette.<\/div>\n<div dir=\"auto\">Mustafa \u00d6zel, Amerikan Y\u00fczy\u0131l\u0131n\u0131n Sonu kitab\u0131n\u0131 yazm\u0131\u015ft\u0131. Mehmet Ali G\u00fcller\u2019in, K\u0131rm\u0131z\u0131 Kedi Yay\u0131nevi\u2019nden \u00e7\u0131kan kitab\u0131n\u0131n ad\u0131; Amerikan Hegemonyas\u0131n\u0131n Sonu. Bu konuda ileri s\u00fcr\u00fclen mebzul miktarda teori var. Destekleyecek \u015fekilde \u015eangay Be\u015flisi, BR\u0130CS gibi ittifaklar olu\u015ftu.<\/div>\n<\/div>\n<div class=\"x11i5rnm xat24cr x1mh8g0r x1vvkbs xtlvy1s x126k92a\">\n<div dir=\"auto\">D\u00fcnyan\u0131n vek\u00e2let sava\u015flar\u0131 ile yang\u0131n yerine d\u00f6nmeye ba\u015flad\u0131\u011f\u0131na dair emareler her ge\u00e7en g\u00fcn art\u0131yor. Bu geli\u015fmeler sonunda Amerika\u2019n\u0131n bataca\u011f\u0131, \u00e7ok kutuplu d\u00fcnyada Amerika\u2019n\u0131n kendi co\u011frafi s\u0131n\u0131rlar\u0131na \u00e7ekilen Atlantik\u2019te uzak bir \u00fclke olaca\u011f\u0131 iddia ediliyor, k\u0131yamet bekleyenler taraf\u0131ndan. Trump bunu sa\u011flayan lider olacak diye k\u00fcreselciler, adamca\u011f\u0131za suikast \u00fczerine suikast planl\u0131yorlar.<\/div>\n<\/div>\n<div class=\"x11i5rnm xat24cr x1mh8g0r x1vvkbs xtlvy1s x126k92a\">\n<div dir=\"auto\">Hegel, Marx da insanl\u0131k geli\u015fmesinin sonsuza kadar s\u00fcr\u00fcp gidece\u011fine inanmad\u0131lar diyordu, Fukuyama.<\/div>\n<\/div>\n<div class=\"x11i5rnm xat24cr x1mh8g0r x1vvkbs xtlvy1s x126k92a\">\n<div dir=\"auto\">Tabii biz do\u011fu toplumlar\u0131 son deyince insan \u00f6mr\u00fc ile \u00f6l\u00e7ebilecek kadar matemati\u011fe a\u015finay\u0131z. Bize g\u00f6re d\u00fcnyan\u0131n sonu liderimizin \u00f6l\u00fcm\u00fcyle ba\u015flar. Belki bu tezimize hakl\u0131l\u0131k kazand\u0131rmak i\u00e7in b\u00fct\u00fcn sanat\u0131m\u0131z \u201cac\u0131 son\u201dla biter, ya\u015flan\u0131nca evine ve k\u00f6klerine ba\u011flanmakla muhafazak\u00e2r olman ka\u00e7\u0131n\u0131lmazd\u0131. \u0130htiyarl\u0131k, hastal\u0131k, \u00f6l\u00fcm, Yunus Emre \u015fiirlerinde kalan bir olgu de\u011fil elbette. Her an vuku buluyor.<\/div>\n<\/div>\n<div class=\"x11i5rnm xat24cr x1mh8g0r x1vvkbs xtlvy1s x126k92a\">\n<div dir=\"auto\">Bug\u00fcnlerde zenginli\u011fin, dolar\u0131n, alt\u0131n\u0131n, petrol\u00fcn ve d\u00fcnyan\u0131n kaderi Amerika\u2019ya endeksli. K\u0131yametin kopmas\u0131 da buradan ba\u015flayacak anla\u015f\u0131lan. O terazinin \u015firazesi ka\u00e7madan benim ziyaretim de ka\u00e7\u0131n\u0131lmaz bir zorunlulu\u011fa d\u00f6n\u00fc\u015ft\u00fc.<\/div>\n<\/div>\n<\/div>\n<\/div>\n<\/div>\n","protected":false},"excerpt":{"rendered":"<p>Amerika Vay Amerika \u0130\u015fte nihayet Newyork\u2019tay\u0131m. Buraya gelmem \u00e7ok uzun s\u00fcrd\u00fc. Gen\u00e7li\u011fimizdeki anti-amerikanc\u0131l\u0131k engelledi hep&#8230;<\/p>\n","protected":false},"author":6,"featured_media":169,"comment_status":"open","ping_status":"open","sticky":false,"template":"","format":"standard","meta":{"_bbp_topic_count":0,"_bbp_reply_count":0,"_bbp_total_topic_count":0,"_bbp_total_reply_count":0,"_bbp_voice_count":0,"_bbp_anonymous_reply_count":0,"_bbp_topic_count_hidden":0,"_bbp_reply_count_hidden":0,"_bbp_forum_subforum_count":0,"om_disable_all_campaigns":false,"_uag_custom_page_level_css":"","ngg_post_thumbnail":0,"footnotes":""},"categories":[18,152],"tags":[],"ppma_author":[97],"class_list":["post-168","post","type-post","status-publish","format-standard","has-post-thumbnail","hentry","category-gezi","category-everdi"],"yoast_head":"<!-- This site is optimized with the Yoast SEO plugin v24.9 - https:\/\/yoast.com\/wordpress\/plugins\/seo\/ -->\n<title>Everdi&#039;den Amerikan \u0130zlenimleri - simurgedebiyat.com<\/title>\n<meta name=\"robots\" content=\"index, follow, max-snippet:-1, max-image-preview:large, max-video-preview:-1\" \/>\n<link rel=\"canonical\" href=\"https:\/\/simurgedebiyat.com\/index.php\/2025\/03\/14\/everdiden-amerikan-izlenimleri\/\" \/>\n<meta property=\"og:locale\" content=\"tr_TR\" \/>\n<meta property=\"og:type\" content=\"article\" \/>\n<meta property=\"og:title\" content=\"Everdi&#039;den Amerikan \u0130zlenimleri - simurgedebiyat.com\" \/>\n<meta property=\"og:description\" content=\"Amerika Vay Amerika \u0130\u015fte nihayet Newyork\u2019tay\u0131m. Buraya gelmem \u00e7ok uzun s\u00fcrd\u00fc. Gen\u00e7li\u011fimizdeki anti-amerikanc\u0131l\u0131k engelledi hep...\" \/>\n<meta property=\"og:url\" content=\"https:\/\/simurgedebiyat.com\/index.php\/2025\/03\/14\/everdiden-amerikan-izlenimleri\/\" \/>\n<meta property=\"og:site_name\" content=\"simurgedebiyat.com\" \/>\n<meta property=\"article:published_time\" content=\"2025-03-14T21:07:23+00:00\" \/>\n<meta property=\"article:modified_time\" content=\"2025-03-21T14:17:26+00:00\" \/>\n<meta property=\"og:image\" content=\"https:\/\/simurgedebiyat.com\/wp-content\/uploads\/2025\/03\/amerika.jpeg\" \/>\n\t<meta property=\"og:image:width\" content=\"300\" \/>\n\t<meta property=\"og:image:height\" content=\"168\" \/>\n\t<meta property=\"og:image:type\" content=\"image\/jpeg\" \/>\n<meta name=\"author\" content=\"Mustafa EVERD\u0130\" \/>\n<meta name=\"twitter:card\" content=\"summary_large_image\" \/>\n<meta name=\"twitter:label1\" content=\"Yazan:\" \/>\n\t<meta name=\"twitter:data1\" content=\"Mustafa EVERD\u0130\" \/>\n\t<meta name=\"twitter:label2\" content=\"Tahmini okuma s\u00fcresi\" \/>\n\t<meta name=\"twitter:data2\" content=\"11 dakika\" \/>\n<script type=\"application\/ld+json\" class=\"yoast-schema-graph\">{\"@context\":\"https:\/\/schema.org\",\"@graph\":[{\"@type\":\"Article\",\"@id\":\"https:\/\/simurgedebiyat.com\/index.php\/2025\/03\/14\/everdiden-amerikan-izlenimleri\/#article\",\"isPartOf\":{\"@id\":\"https:\/\/simurgedebiyat.com\/index.php\/2025\/03\/14\/everdiden-amerikan-izlenimleri\/\"},\"author\":{\"name\":\"Mustafa EVERD\u0130\",\"@id\":\"https:\/\/simurgedebiyat.com\/#\/schema\/person\/656e5fa581ca74d1387da9952cd311aa\"},\"headline\":\"Everdi&#8217;den Amerikan \u0130zlenimleri\",\"datePublished\":\"2025-03-14T21:07:23+00:00\",\"dateModified\":\"2025-03-21T14:17:26+00:00\",\"mainEntityOfPage\":{\"@id\":\"https:\/\/simurgedebiyat.com\/index.php\/2025\/03\/14\/everdiden-amerikan-izlenimleri\/\"},\"wordCount\":2503,\"commentCount\":0,\"publisher\":{\"@id\":\"https:\/\/simurgedebiyat.com\/#organization\"},\"image\":{\"@id\":\"https:\/\/simurgedebiyat.com\/index.php\/2025\/03\/14\/everdiden-amerikan-izlenimleri\/#primaryimage\"},\"thumbnailUrl\":\"https:\/\/simurgedebiyat.com\/wp-content\/uploads\/2025\/03\/amerika.jpeg\",\"articleSection\":[\"Gezi\",\"Mustafa EVERD\u0130\"],\"inLanguage\":\"tr\",\"potentialAction\":[{\"@type\":\"CommentAction\",\"name\":\"Comment\",\"target\":[\"https:\/\/simurgedebiyat.com\/index.php\/2025\/03\/14\/everdiden-amerikan-izlenimleri\/#respond\"]}]},{\"@type\":\"WebPage\",\"@id\":\"https:\/\/simurgedebiyat.com\/index.php\/2025\/03\/14\/everdiden-amerikan-izlenimleri\/\",\"url\":\"https:\/\/simurgedebiyat.com\/index.php\/2025\/03\/14\/everdiden-amerikan-izlenimleri\/\",\"name\":\"Everdi'den Amerikan \u0130zlenimleri - simurgedebiyat.com\",\"isPartOf\":{\"@id\":\"https:\/\/simurgedebiyat.com\/#website\"},\"primaryImageOfPage\":{\"@id\":\"https:\/\/simurgedebiyat.com\/index.php\/2025\/03\/14\/everdiden-amerikan-izlenimleri\/#primaryimage\"},\"image\":{\"@id\":\"https:\/\/simurgedebiyat.com\/index.php\/2025\/03\/14\/everdiden-amerikan-izlenimleri\/#primaryimage\"},\"thumbnailUrl\":\"https:\/\/simurgedebiyat.com\/wp-content\/uploads\/2025\/03\/amerika.jpeg\",\"datePublished\":\"2025-03-14T21:07:23+00:00\",\"dateModified\":\"2025-03-21T14:17:26+00:00\",\"breadcrumb\":{\"@id\":\"https:\/\/simurgedebiyat.com\/index.php\/2025\/03\/14\/everdiden-amerikan-izlenimleri\/#breadcrumb\"},\"inLanguage\":\"tr\",\"potentialAction\":[{\"@type\":\"ReadAction\",\"target\":[\"https:\/\/simurgedebiyat.com\/index.php\/2025\/03\/14\/everdiden-amerikan-izlenimleri\/\"]}]},{\"@type\":\"ImageObject\",\"inLanguage\":\"tr\",\"@id\":\"https:\/\/simurgedebiyat.com\/index.php\/2025\/03\/14\/everdiden-amerikan-izlenimleri\/#primaryimage\",\"url\":\"https:\/\/simurgedebiyat.com\/wp-content\/uploads\/2025\/03\/amerika.jpeg\",\"contentUrl\":\"https:\/\/simurgedebiyat.com\/wp-content\/uploads\/2025\/03\/amerika.jpeg\",\"width\":300,\"height\":168},{\"@type\":\"BreadcrumbList\",\"@id\":\"https:\/\/simurgedebiyat.com\/index.php\/2025\/03\/14\/everdiden-amerikan-izlenimleri\/#breadcrumb\",\"itemListElement\":[{\"@type\":\"ListItem\",\"position\":1,\"name\":\"Anasayfa\",\"item\":\"https:\/\/simurgedebiyat.com\/\"},{\"@type\":\"ListItem\",\"position\":2,\"name\":\"Everdi&#8217;den Amerikan \u0130zlenimleri\"}]},{\"@type\":\"WebSite\",\"@id\":\"https:\/\/simurgedebiyat.com\/#website\",\"url\":\"https:\/\/simurgedebiyat.com\/\",\"name\":\"simurgedebiyat.com\",\"description\":\"edebiyat&amp;K\u00fclt\u00fcr&amp;Sanat&amp;D\u00fc\u015f\u00fcnce \",\"publisher\":{\"@id\":\"https:\/\/simurgedebiyat.com\/#organization\"},\"potentialAction\":[{\"@type\":\"SearchAction\",\"target\":{\"@type\":\"EntryPoint\",\"urlTemplate\":\"https:\/\/simurgedebiyat.com\/?s={search_term_string}\"},\"query-input\":{\"@type\":\"PropertyValueSpecification\",\"valueRequired\":true,\"valueName\":\"search_term_string\"}}],\"inLanguage\":\"tr\"},{\"@type\":\"Organization\",\"@id\":\"https:\/\/simurgedebiyat.com\/#organization\",\"name\":\"simurgedebiyat.com\",\"url\":\"https:\/\/simurgedebiyat.com\/\",\"logo\":{\"@type\":\"ImageObject\",\"inLanguage\":\"tr\",\"@id\":\"https:\/\/simurgedebiyat.com\/#\/schema\/logo\/image\/\",\"url\":\"https:\/\/simurgedebiyat.com\/wp-content\/uploads\/2025\/11\/cropped-HHHHH-1.jpeg\",\"contentUrl\":\"https:\/\/simurgedebiyat.com\/wp-content\/uploads\/2025\/11\/cropped-HHHHH-1.jpeg\",\"width\":245,\"height\":205,\"caption\":\"simurgedebiyat.com\"},\"image\":{\"@id\":\"https:\/\/simurgedebiyat.com\/#\/schema\/logo\/image\/\"}},{\"@type\":\"Person\",\"@id\":\"https:\/\/simurgedebiyat.com\/#\/schema\/person\/656e5fa581ca74d1387da9952cd311aa\",\"name\":\"Mustafa EVERD\u0130\",\"image\":{\"@type\":\"ImageObject\",\"inLanguage\":\"tr\",\"@id\":\"https:\/\/simurgedebiyat.com\/#\/schema\/person\/image\/23494c9101089ad44ae88ce9d2f56aac\",\"url\":\"https:\/\/secure.gravatar.com\/avatar\/?s=96&d=mm&r=g\",\"contentUrl\":\"https:\/\/secure.gravatar.com\/avatar\/?s=96&d=mm&r=g\",\"caption\":\"Mustafa EVERD\u0130\"},\"description\":\"Ni\u011fde\u2019nin Bor il\u00e7esinde d\u00fcnyaya geldi. Penbe Han\u0131m ile \u00e7ift\u00e7i Enver Everdi\u2019nin o\u011fludur. \u0130lk ve orta okulu Bor\u2019da tamamlad\u0131. Ni\u011fde \u00d6\u011fretmen Lisesinden 1975, Ankara \u00dcniversitesi Hukuk Fak\u00fcltesinden 1982 y\u0131l\u0131nda mezun oldu. Konya, Ni\u011fde, Aksaray illerinde ilkokul \u00f6\u011fretmenli\u011fi ve sendika hukuk m\u00fc\u015favirli\u011fi, bir s\u00fcre de kaymakaml\u0131k yapt\u0131. Ankara\u2019da serbest avukatl\u0131\u011f\u0131n yan\u0131 s\u0131ra sahibi oldu\u011fu 21. Y\u00fczy\u0131l Yay\u0131nlar\u0131\u2019n\u0131 y\u00f6netti. Ankara\u2019da ya\u015fam\u0131na devam eden Mustafa Everdi evli ve be\u015f \u00e7ocuk babas\u0131d\u0131r. K\u0131z\u0131lay\u2019da Noterlik yapmaktad\u0131r. T\u00fcrkiye Yazarlar Birli\u011fi ve Bas\u0131n Yay\u0131nc\u0131lar Birli\u011fi \u00fcyesidir. Mustafa Everdi\u2019nin ilk yay\u0131mlanan eseri, 1970 y\u0131l\u0131nda Ye\u015fil Bor gazetesinde \u00e7\u0131kan Vatan adl\u0131 \u015fiiridir. Sonraki y\u0131llarda \u00f6yk\u00fclerini, hukuk ve siyaset \u00fczerine yaz\u0131lar\u0131n\u0131 Mavera, \u0130slam, Kelime, Derg\u00e2h, Varide, \u00dclke dergilerinde; Zaman, Yeni \u015eafak gazetelerinde yay\u0131mlar. T\u00fcrkiye Yazarlar Birli\u011fi K\u00fclt\u00fcr ve Sanat Y\u0131ll\u0131klar\u0131n\u0131n yay\u0131n koordinat\u00f6rl\u00fc\u011f\u00fcn\u00fc yapar. Dinazor adl\u0131 mizah dergisini \u00e7\u0131kar\u0131r. Everdi; Necip Faz\u0131l, Sezai Karako\u00e7, Nuri Pakdil, Rasim \u00d6zden\u00f6ren gibi isimlerden etkilenir. Ankara Barosunun edebiyat \u00f6d\u00fcl\u00fcn\u00fc kazan\u0131r. Everdi, bir\u00e7ok t\u00fcrde eserler verir. K\u0131l\u00e7\u0131kl\u0131 Hik\u00e2yeler, Everdi\u2019nin \u00f6yk\u00fc t\u00fcr\u00fcndeki ilk kitab\u0131d\u0131r. Eserde ya\u015fl\u0131lar\u0131n, gen\u00e7lerin, bug\u00fcn\u00fcn ve gelece\u011fin, k\u00f6pr\u00fclerin, apartman dairelerinin, kedilerin, insanlar\u0131n alt\u0131n ve g\u00fcm\u00fc\u015f hik\u00e2yelerini mizah, ironi ve trajikomik bir dille ele al\u0131r. K\u0131l\u00e7\u0131kl\u0131 Hik\u00e2yeler, k\u0131sa zamanda \u00e7ok ilgi g\u00f6r\u00fcr. Bunun \u00fczerine seriye Metropol M\u00fccahidi ile devam eder. Burada ise gelenek ile modernite aras\u0131nda kalm\u0131\u015fl\u0131\u011f\u0131 ya da \u00f6z de\u011ferlerin de\u011fi\u015fime u\u011framas\u0131 sonucu savrulmu\u015flu\u011fu kar\u015f\u0131m\u0131za \u00e7\u0131kar\u0131r.\",\"url\":\"https:\/\/simurgedebiyat.com\/index.php\/author\/mustafa-everdi\/\"}]}<\/script>\n<!-- \/ Yoast SEO plugin. -->","yoast_head_json":{"title":"Everdi'den Amerikan \u0130zlenimleri - simurgedebiyat.com","robots":{"index":"index","follow":"follow","max-snippet":"max-snippet:-1","max-image-preview":"max-image-preview:large","max-video-preview":"max-video-preview:-1"},"canonical":"https:\/\/simurgedebiyat.com\/index.php\/2025\/03\/14\/everdiden-amerikan-izlenimleri\/","og_locale":"tr_TR","og_type":"article","og_title":"Everdi'den Amerikan \u0130zlenimleri - simurgedebiyat.com","og_description":"Amerika Vay Amerika \u0130\u015fte nihayet Newyork\u2019tay\u0131m. Buraya gelmem \u00e7ok uzun s\u00fcrd\u00fc. Gen\u00e7li\u011fimizdeki anti-amerikanc\u0131l\u0131k engelledi hep...","og_url":"https:\/\/simurgedebiyat.com\/index.php\/2025\/03\/14\/everdiden-amerikan-izlenimleri\/","og_site_name":"simurgedebiyat.com","article_published_time":"2025-03-14T21:07:23+00:00","article_modified_time":"2025-03-21T14:17:26+00:00","og_image":[{"width":300,"height":168,"url":"https:\/\/simurgedebiyat.com\/wp-content\/uploads\/2025\/03\/amerika.jpeg","type":"image\/jpeg"}],"author":"Mustafa EVERD\u0130","twitter_card":"summary_large_image","twitter_misc":{"Yazan:":"Mustafa EVERD\u0130","Tahmini okuma s\u00fcresi":"11 dakika"},"schema":{"@context":"https:\/\/schema.org","@graph":[{"@type":"Article","@id":"https:\/\/simurgedebiyat.com\/index.php\/2025\/03\/14\/everdiden-amerikan-izlenimleri\/#article","isPartOf":{"@id":"https:\/\/simurgedebiyat.com\/index.php\/2025\/03\/14\/everdiden-amerikan-izlenimleri\/"},"author":{"name":"Mustafa EVERD\u0130","@id":"https:\/\/simurgedebiyat.com\/#\/schema\/person\/656e5fa581ca74d1387da9952cd311aa"},"headline":"Everdi&#8217;den Amerikan \u0130zlenimleri","datePublished":"2025-03-14T21:07:23+00:00","dateModified":"2025-03-21T14:17:26+00:00","mainEntityOfPage":{"@id":"https:\/\/simurgedebiyat.com\/index.php\/2025\/03\/14\/everdiden-amerikan-izlenimleri\/"},"wordCount":2503,"commentCount":0,"publisher":{"@id":"https:\/\/simurgedebiyat.com\/#organization"},"image":{"@id":"https:\/\/simurgedebiyat.com\/index.php\/2025\/03\/14\/everdiden-amerikan-izlenimleri\/#primaryimage"},"thumbnailUrl":"https:\/\/simurgedebiyat.com\/wp-content\/uploads\/2025\/03\/amerika.jpeg","articleSection":["Gezi","Mustafa EVERD\u0130"],"inLanguage":"tr","potentialAction":[{"@type":"CommentAction","name":"Comment","target":["https:\/\/simurgedebiyat.com\/index.php\/2025\/03\/14\/everdiden-amerikan-izlenimleri\/#respond"]}]},{"@type":"WebPage","@id":"https:\/\/simurgedebiyat.com\/index.php\/2025\/03\/14\/everdiden-amerikan-izlenimleri\/","url":"https:\/\/simurgedebiyat.com\/index.php\/2025\/03\/14\/everdiden-amerikan-izlenimleri\/","name":"Everdi'den Amerikan \u0130zlenimleri - simurgedebiyat.com","isPartOf":{"@id":"https:\/\/simurgedebiyat.com\/#website"},"primaryImageOfPage":{"@id":"https:\/\/simurgedebiyat.com\/index.php\/2025\/03\/14\/everdiden-amerikan-izlenimleri\/#primaryimage"},"image":{"@id":"https:\/\/simurgedebiyat.com\/index.php\/2025\/03\/14\/everdiden-amerikan-izlenimleri\/#primaryimage"},"thumbnailUrl":"https:\/\/simurgedebiyat.com\/wp-content\/uploads\/2025\/03\/amerika.jpeg","datePublished":"2025-03-14T21:07:23+00:00","dateModified":"2025-03-21T14:17:26+00:00","breadcrumb":{"@id":"https:\/\/simurgedebiyat.com\/index.php\/2025\/03\/14\/everdiden-amerikan-izlenimleri\/#breadcrumb"},"inLanguage":"tr","potentialAction":[{"@type":"ReadAction","target":["https:\/\/simurgedebiyat.com\/index.php\/2025\/03\/14\/everdiden-amerikan-izlenimleri\/"]}]},{"@type":"ImageObject","inLanguage":"tr","@id":"https:\/\/simurgedebiyat.com\/index.php\/2025\/03\/14\/everdiden-amerikan-izlenimleri\/#primaryimage","url":"https:\/\/simurgedebiyat.com\/wp-content\/uploads\/2025\/03\/amerika.jpeg","contentUrl":"https:\/\/simurgedebiyat.com\/wp-content\/uploads\/2025\/03\/amerika.jpeg","width":300,"height":168},{"@type":"BreadcrumbList","@id":"https:\/\/simurgedebiyat.com\/index.php\/2025\/03\/14\/everdiden-amerikan-izlenimleri\/#breadcrumb","itemListElement":[{"@type":"ListItem","position":1,"name":"Anasayfa","item":"https:\/\/simurgedebiyat.com\/"},{"@type":"ListItem","position":2,"name":"Everdi&#8217;den Amerikan \u0130zlenimleri"}]},{"@type":"WebSite","@id":"https:\/\/simurgedebiyat.com\/#website","url":"https:\/\/simurgedebiyat.com\/","name":"simurgedebiyat.com","description":"edebiyat&amp;K\u00fclt\u00fcr&amp;Sanat&amp;D\u00fc\u015f\u00fcnce ","publisher":{"@id":"https:\/\/simurgedebiyat.com\/#organization"},"potentialAction":[{"@type":"SearchAction","target":{"@type":"EntryPoint","urlTemplate":"https:\/\/simurgedebiyat.com\/?s={search_term_string}"},"query-input":{"@type":"PropertyValueSpecification","valueRequired":true,"valueName":"search_term_string"}}],"inLanguage":"tr"},{"@type":"Organization","@id":"https:\/\/simurgedebiyat.com\/#organization","name":"simurgedebiyat.com","url":"https:\/\/simurgedebiyat.com\/","logo":{"@type":"ImageObject","inLanguage":"tr","@id":"https:\/\/simurgedebiyat.com\/#\/schema\/logo\/image\/","url":"https:\/\/simurgedebiyat.com\/wp-content\/uploads\/2025\/11\/cropped-HHHHH-1.jpeg","contentUrl":"https:\/\/simurgedebiyat.com\/wp-content\/uploads\/2025\/11\/cropped-HHHHH-1.jpeg","width":245,"height":205,"caption":"simurgedebiyat.com"},"image":{"@id":"https:\/\/simurgedebiyat.com\/#\/schema\/logo\/image\/"}},{"@type":"Person","@id":"https:\/\/simurgedebiyat.com\/#\/schema\/person\/656e5fa581ca74d1387da9952cd311aa","name":"Mustafa EVERD\u0130","image":{"@type":"ImageObject","inLanguage":"tr","@id":"https:\/\/simurgedebiyat.com\/#\/schema\/person\/image\/23494c9101089ad44ae88ce9d2f56aac","url":"https:\/\/secure.gravatar.com\/avatar\/?s=96&d=mm&r=g","contentUrl":"https:\/\/secure.gravatar.com\/avatar\/?s=96&d=mm&r=g","caption":"Mustafa EVERD\u0130"},"description":"Ni\u011fde\u2019nin Bor il\u00e7esinde d\u00fcnyaya geldi. Penbe Han\u0131m ile \u00e7ift\u00e7i Enver Everdi\u2019nin o\u011fludur. \u0130lk ve orta okulu Bor\u2019da tamamlad\u0131. Ni\u011fde \u00d6\u011fretmen Lisesinden 1975, Ankara \u00dcniversitesi Hukuk Fak\u00fcltesinden 1982 y\u0131l\u0131nda mezun oldu. Konya, Ni\u011fde, Aksaray illerinde ilkokul \u00f6\u011fretmenli\u011fi ve sendika hukuk m\u00fc\u015favirli\u011fi, bir s\u00fcre de kaymakaml\u0131k yapt\u0131. Ankara\u2019da serbest avukatl\u0131\u011f\u0131n yan\u0131 s\u0131ra sahibi oldu\u011fu 21. Y\u00fczy\u0131l Yay\u0131nlar\u0131\u2019n\u0131 y\u00f6netti. Ankara\u2019da ya\u015fam\u0131na devam eden Mustafa Everdi evli ve be\u015f \u00e7ocuk babas\u0131d\u0131r. K\u0131z\u0131lay\u2019da Noterlik yapmaktad\u0131r. T\u00fcrkiye Yazarlar Birli\u011fi ve Bas\u0131n Yay\u0131nc\u0131lar Birli\u011fi \u00fcyesidir. Mustafa Everdi\u2019nin ilk yay\u0131mlanan eseri, 1970 y\u0131l\u0131nda Ye\u015fil Bor gazetesinde \u00e7\u0131kan Vatan adl\u0131 \u015fiiridir. Sonraki y\u0131llarda \u00f6yk\u00fclerini, hukuk ve siyaset \u00fczerine yaz\u0131lar\u0131n\u0131 Mavera, \u0130slam, Kelime, Derg\u00e2h, Varide, \u00dclke dergilerinde; Zaman, Yeni \u015eafak gazetelerinde yay\u0131mlar. T\u00fcrkiye Yazarlar Birli\u011fi K\u00fclt\u00fcr ve Sanat Y\u0131ll\u0131klar\u0131n\u0131n yay\u0131n koordinat\u00f6rl\u00fc\u011f\u00fcn\u00fc yapar. Dinazor adl\u0131 mizah dergisini \u00e7\u0131kar\u0131r. Everdi; Necip Faz\u0131l, Sezai Karako\u00e7, Nuri Pakdil, Rasim \u00d6zden\u00f6ren gibi isimlerden etkilenir. Ankara Barosunun edebiyat \u00f6d\u00fcl\u00fcn\u00fc kazan\u0131r. Everdi, bir\u00e7ok t\u00fcrde eserler verir. K\u0131l\u00e7\u0131kl\u0131 Hik\u00e2yeler, Everdi\u2019nin \u00f6yk\u00fc t\u00fcr\u00fcndeki ilk kitab\u0131d\u0131r. Eserde ya\u015fl\u0131lar\u0131n, gen\u00e7lerin, bug\u00fcn\u00fcn ve gelece\u011fin, k\u00f6pr\u00fclerin, apartman dairelerinin, kedilerin, insanlar\u0131n alt\u0131n ve g\u00fcm\u00fc\u015f hik\u00e2yelerini mizah, ironi ve trajikomik bir dille ele al\u0131r. K\u0131l\u00e7\u0131kl\u0131 Hik\u00e2yeler, k\u0131sa zamanda \u00e7ok ilgi g\u00f6r\u00fcr. Bunun \u00fczerine seriye Metropol M\u00fccahidi ile devam eder. Burada ise gelenek ile modernite aras\u0131nda kalm\u0131\u015fl\u0131\u011f\u0131 ya da \u00f6z de\u011ferlerin de\u011fi\u015fime u\u011framas\u0131 sonucu savrulmu\u015flu\u011fu kar\u015f\u0131m\u0131za \u00e7\u0131kar\u0131r.","url":"https:\/\/simurgedebiyat.com\/index.php\/author\/mustafa-everdi\/"}]}},"featured_image_urls":{"full":["https:\/\/simurgedebiyat.com\/wp-content\/uploads\/2025\/03\/amerika.jpeg",300,168,false],"thumbnail":["https:\/\/simurgedebiyat.com\/wp-content\/uploads\/2025\/03\/amerika-150x150.jpeg",150,150,true],"medium":["https:\/\/simurgedebiyat.com\/wp-content\/uploads\/2025\/03\/amerika.jpeg",300,168,false],"medium_large":["https:\/\/simurgedebiyat.com\/wp-content\/uploads\/2025\/03\/amerika.jpeg",300,168,false],"large":["https:\/\/simurgedebiyat.com\/wp-content\/uploads\/2025\/03\/amerika.jpeg",300,168,false],"1536x1536":["https:\/\/simurgedebiyat.com\/wp-content\/uploads\/2025\/03\/amerika.jpeg",300,168,false],"2048x2048":["https:\/\/simurgedebiyat.com\/wp-content\/uploads\/2025\/03\/amerika.jpeg",300,168,false],"covernews-slider-full":["https:\/\/simurgedebiyat.com\/wp-content\/uploads\/2025\/03\/amerika.jpeg",300,168,false],"covernews-slider-center":["https:\/\/simurgedebiyat.com\/wp-content\/uploads\/2025\/03\/amerika.jpeg",300,168,false],"covernews-featured":["https:\/\/simurgedebiyat.com\/wp-content\/uploads\/2025\/03\/amerika.jpeg",300,168,false],"covernews-medium":["https:\/\/simurgedebiyat.com\/wp-content\/uploads\/2025\/03\/amerika.jpeg",300,168,false],"covernews-medium-square":["https:\/\/simurgedebiyat.com\/wp-content\/uploads\/2025\/03\/amerika.jpeg",300,168,false],"sow-carousel-default":["https:\/\/simurgedebiyat.com\/wp-content\/uploads\/2025\/03\/amerika-272x168.jpeg",272,168,true],"sow-blog-portfolio":["https:\/\/simurgedebiyat.com\/wp-content\/uploads\/2025\/03\/amerika.jpeg",300,168,false],"sow-blog-grid":["https:\/\/simurgedebiyat.com\/wp-content\/uploads\/2025\/03\/amerika.jpeg",300,168,false],"sow-blog-alternate":["https:\/\/simurgedebiyat.com\/wp-content\/uploads\/2025\/03\/amerika.jpeg",300,168,false],"sow-recent-post":["https:\/\/simurgedebiyat.com\/wp-content\/uploads\/2025\/03\/amerika.jpeg",216,121,false]},"author_info":{"display_name":"Mustafa EVERD\u0130","author_link":"https:\/\/simurgedebiyat.com\/index.php\/author\/mustafa-everdi\/"},"category_info":"<a href=\"https:\/\/simurgedebiyat.com\/index.php\/category\/gezi\/\" rel=\"category tag\">Gezi<\/a> <a href=\"https:\/\/simurgedebiyat.com\/index.php\/category\/yaz\/everdi\/\" rel=\"category tag\">Mustafa EVERD\u0130<\/a>","tag_info":"Mustafa EVERD\u0130","comment_count":"0","jetpack_featured_media_url":"https:\/\/simurgedebiyat.com\/wp-content\/uploads\/2025\/03\/amerika.jpeg","uagb_featured_image_src":{"full":["https:\/\/simurgedebiyat.com\/wp-content\/uploads\/2025\/03\/amerika.jpeg",300,168,false],"thumbnail":["https:\/\/simurgedebiyat.com\/wp-content\/uploads\/2025\/03\/amerika-150x150.jpeg",150,150,true],"medium":["https:\/\/simurgedebiyat.com\/wp-content\/uploads\/2025\/03\/amerika.jpeg",300,168,false],"medium_large":["https:\/\/simurgedebiyat.com\/wp-content\/uploads\/2025\/03\/amerika.jpeg",300,168,false],"large":["https:\/\/simurgedebiyat.com\/wp-content\/uploads\/2025\/03\/amerika.jpeg",300,168,false],"1536x1536":["https:\/\/simurgedebiyat.com\/wp-content\/uploads\/2025\/03\/amerika.jpeg",300,168,false],"2048x2048":["https:\/\/simurgedebiyat.com\/wp-content\/uploads\/2025\/03\/amerika.jpeg",300,168,false],"covernews-slider-full":["https:\/\/simurgedebiyat.com\/wp-content\/uploads\/2025\/03\/amerika.jpeg",300,168,false],"covernews-slider-center":["https:\/\/simurgedebiyat.com\/wp-content\/uploads\/2025\/03\/amerika.jpeg",300,168,false],"covernews-featured":["https:\/\/simurgedebiyat.com\/wp-content\/uploads\/2025\/03\/amerika.jpeg",300,168,false],"covernews-medium":["https:\/\/simurgedebiyat.com\/wp-content\/uploads\/2025\/03\/amerika.jpeg",300,168,false],"covernews-medium-square":["https:\/\/simurgedebiyat.com\/wp-content\/uploads\/2025\/03\/amerika.jpeg",300,168,false],"sow-carousel-default":["https:\/\/simurgedebiyat.com\/wp-content\/uploads\/2025\/03\/amerika-272x168.jpeg",272,168,true],"sow-blog-portfolio":["https:\/\/simurgedebiyat.com\/wp-content\/uploads\/2025\/03\/amerika.jpeg",300,168,false],"sow-blog-grid":["https:\/\/simurgedebiyat.com\/wp-content\/uploads\/2025\/03\/amerika.jpeg",300,168,false],"sow-blog-alternate":["https:\/\/simurgedebiyat.com\/wp-content\/uploads\/2025\/03\/amerika.jpeg",300,168,false],"sow-recent-post":["https:\/\/simurgedebiyat.com\/wp-content\/uploads\/2025\/03\/amerika.jpeg",216,121,false]},"uagb_author_info":{"display_name":"Mustafa EVERD\u0130","author_link":"https:\/\/simurgedebiyat.com\/index.php\/author\/mustafa-everdi\/"},"uagb_comment_info":0,"uagb_excerpt":"Amerika Vay Amerika \u0130\u015fte nihayet Newyork\u2019tay\u0131m. Buraya gelmem \u00e7ok uzun s\u00fcrd\u00fc. Gen\u00e7li\u011fimizdeki anti-amerikanc\u0131l\u0131k engelledi hep...","authors":[{"term_id":97,"user_id":6,"is_guest":0,"slug":"mustafa-everdi","display_name":"Mustafa EVERD\u0130","avatar_url":{"url":"https:\/\/simurgedebiyat.com\/wp-content\/uploads\/2025\/03\/everdi.jpg","url2x":"https:\/\/simurgedebiyat.com\/wp-content\/uploads\/2025\/03\/everdi.jpg"},"first_name":"","last_name":"","user_url":"","job_title":"","description":"Ni\u011fde\u2019nin Bor il\u00e7esinde d\u00fcnyaya geldi. Penbe Han\u0131m ile \u00e7ift\u00e7i Enver Everdi\u2019nin o\u011fludur. \u0130lk ve orta okulu Bor\u2019da tamamlad\u0131. Ni\u011fde \u00d6\u011fretmen Lisesinden 1975, Ankara \u00dcniversitesi Hukuk Fak\u00fcltesinden 1982 y\u0131l\u0131nda mezun oldu. Konya, Ni\u011fde, Aksaray illerinde ilkokul \u00f6\u011fretmenli\u011fi ve sendika hukuk m\u00fc\u015favirli\u011fi, bir s\u00fcre de kaymakaml\u0131k yapt\u0131. Ankara\u2019da serbest avukatl\u0131\u011f\u0131n yan\u0131 s\u0131ra sahibi oldu\u011fu 21. Y\u00fczy\u0131l Yay\u0131nlar\u0131\u2019n\u0131 y\u00f6netti. Ankara\u2019da ya\u015fam\u0131na devam eden Mustafa Everdi evli ve be\u015f \u00e7ocuk babas\u0131d\u0131r. K\u0131z\u0131lay\u2019da Noterlik yapmaktad\u0131r. T\u00fcrkiye Yazarlar Birli\u011fi ve Bas\u0131n Yay\u0131nc\u0131lar Birli\u011fi \u00fcyesidir.\r\n\r\nMustafa Everdi\u2019nin ilk yay\u0131mlanan eseri, 1970 y\u0131l\u0131nda Ye\u015fil Bor gazetesinde \u00e7\u0131kan Vatan adl\u0131 \u015fiiridir. Sonraki y\u0131llarda \u00f6yk\u00fclerini, hukuk ve siyaset \u00fczerine yaz\u0131lar\u0131n\u0131 Mavera, \u0130slam, Kelime, Derg\u00e2h, Varide, \u00dclke dergilerinde; Zaman, Yeni \u015eafak gazetelerinde yay\u0131mlar. T\u00fcrkiye Yazarlar Birli\u011fi K\u00fclt\u00fcr ve Sanat Y\u0131ll\u0131klar\u0131n\u0131n yay\u0131n koordinat\u00f6rl\u00fc\u011f\u00fcn\u00fc yapar. Dinazor adl\u0131 mizah dergisini \u00e7\u0131kar\u0131r. Everdi; Necip Faz\u0131l, Sezai Karako\u00e7, Nuri Pakdil, Rasim \u00d6zden\u00f6ren gibi isimlerden etkilenir. Ankara Barosunun edebiyat \u00f6d\u00fcl\u00fcn\u00fc kazan\u0131r.\r\n\r\nEverdi, bir\u00e7ok t\u00fcrde eserler verir. K\u0131l\u00e7\u0131kl\u0131 Hik\u00e2yeler, Everdi\u2019nin \u00f6yk\u00fc t\u00fcr\u00fcndeki ilk kitab\u0131d\u0131r. Eserde ya\u015fl\u0131lar\u0131n, gen\u00e7lerin, bug\u00fcn\u00fcn ve gelece\u011fin, k\u00f6pr\u00fclerin, apartman dairelerinin, kedilerin, insanlar\u0131n alt\u0131n ve g\u00fcm\u00fc\u015f hik\u00e2yelerini mizah, ironi ve trajikomik bir dille ele al\u0131r. K\u0131l\u00e7\u0131kl\u0131 Hik\u00e2yeler, k\u0131sa zamanda \u00e7ok ilgi g\u00f6r\u00fcr. Bunun \u00fczerine seriye Metropol M\u00fccahidi ile devam eder. Burada ise gelenek ile modernite aras\u0131nda kalm\u0131\u015fl\u0131\u011f\u0131 ya da \u00f6z de\u011ferlerin de\u011fi\u015fime u\u011framas\u0131 sonucu savrulmu\u015flu\u011fu kar\u015f\u0131m\u0131za \u00e7\u0131kar\u0131r."}],"_links":{"self":[{"href":"https:\/\/simurgedebiyat.com\/index.php\/wp-json\/wp\/v2\/posts\/168","targetHints":{"allow":["GET"]}}],"collection":[{"href":"https:\/\/simurgedebiyat.com\/index.php\/wp-json\/wp\/v2\/posts"}],"about":[{"href":"https:\/\/simurgedebiyat.com\/index.php\/wp-json\/wp\/v2\/types\/post"}],"author":[{"embeddable":true,"href":"https:\/\/simurgedebiyat.com\/index.php\/wp-json\/wp\/v2\/users\/6"}],"replies":[{"embeddable":true,"href":"https:\/\/simurgedebiyat.com\/index.php\/wp-json\/wp\/v2\/comments?post=168"}],"version-history":[{"count":1,"href":"https:\/\/simurgedebiyat.com\/index.php\/wp-json\/wp\/v2\/posts\/168\/revisions"}],"predecessor-version":[{"id":170,"href":"https:\/\/simurgedebiyat.com\/index.php\/wp-json\/wp\/v2\/posts\/168\/revisions\/170"}],"wp:featuredmedia":[{"embeddable":true,"href":"https:\/\/simurgedebiyat.com\/index.php\/wp-json\/wp\/v2\/media\/169"}],"wp:attachment":[{"href":"https:\/\/simurgedebiyat.com\/index.php\/wp-json\/wp\/v2\/media?parent=168"}],"wp:term":[{"taxonomy":"category","embeddable":true,"href":"https:\/\/simurgedebiyat.com\/index.php\/wp-json\/wp\/v2\/categories?post=168"},{"taxonomy":"post_tag","embeddable":true,"href":"https:\/\/simurgedebiyat.com\/index.php\/wp-json\/wp\/v2\/tags?post=168"},{"taxonomy":"author","embeddable":true,"href":"https:\/\/simurgedebiyat.com\/index.php\/wp-json\/wp\/v2\/ppma_author?post=168"}],"curies":[{"name":"wp","href":"https:\/\/api.w.org\/{rel}","templated":true}]}}